{"id":4855,"date":"2025-08-02T08:31:23","date_gmt":"2025-08-02T06:31:23","guid":{"rendered":"https:\/\/www.svalbard.fr\/actualites\/le-minuscule-petit-village-europeen-qui-cache-un-precieux-tresor-pour-rivaliser-avec-la-chine\/"},"modified":"2025-08-02T08:31:26","modified_gmt":"2025-08-02T06:31:26","slug":"le-minuscule-petit-village-europeen-qui-cache-un-precieux-tresor-pour-rivaliser-avec-la-chine","status":"publish","type":"post","link":"https:\/\/www.svalbard.fr\/actualites\/le-minuscule-petit-village-europeen-qui-cache-un-precieux-tresor-pour-rivaliser-avec-la-chine\/","title":{"rendered":"Le minuscule petit village europ\u00e9en qui cache un pr\u00e9cieux tr\u00e9sor pour rivaliser avec la Chine"},"content":{"rendered":"<div>\n<p>\u00c0 premi\u00e8re vue, ce petit village semble \u00eatre juste un autre coin du sud de la Norv\u00e8ge. Il d\u00e9passe \u00e0 peine 2 000 habitants, est entour\u00e9 de lacs, de collines et de for\u00eats et ne transmet pas l&#39;image d&#39;\u00eatre un morceau cl\u00e9 de la g\u00e9opolitique europ\u00e9enne.<\/p>\n<p>Cependant, sous les rues d&#39;Ulefoss se trouve le plus grand d\u00e9p\u00f4t de terres rares sur le continent, avec des mat\u00e9riaux critiques pour les industries de haute technologie. Ces min\u00e9raux sont essentiels pour la fabrication de tout, des avions de chasse aux v\u00e9hicules \u00e9lectriques, aux t\u00e9l\u00e9viseurs \u00e0 \u00e9cran plat et aux cam\u00e9ras num\u00e9riques. Leur importance est telle que l&#39;Union europ\u00e9enne les consid\u00e8re d\u00e9j\u00e0 comme strat\u00e9giques et a \u00e9tabli des r\u00e9glementations pour garantir leur disponibilit\u00e9 future. Dans un sc\u00e9nario mondial o\u00f9 la Chine domine la production de ces \u00e9l\u00e9ments, la d\u00e9couverte \u00e0 Ulefoss, situ\u00e9e le long de la rive nord-ouest du grand lac Norsj\u00f8, repr\u00e9sente une opportunit\u00e9 sans pr\u00e9c\u00e9dent.<\/p>\n<\/div>\n<div>\n<p>Selon la publication allemande DW, l&#39;offre de terres rares est devenue une priorit\u00e9 l\u00e9gislative pour Bruxelles, en particulier dans le cadre de l&#39;accord vert &#8211; planifiant de transformer l&#39;UE en un continent neutre du climat d&#39;ici 2050 &#8211; et une autonomie strat\u00e9gique europ\u00e9enne.<\/p>\n<p>Le d\u00e9p\u00f4t, connu sous le nom de complexe Fen, est situ\u00e9 \u00e0 seulement 328 pieds sous la surface. Cependant, l&#39;acc\u00e8s ne sera pas facile car le min\u00e9ral se trouve juste en dessous des \u00e9coles, des maisons et des \u00e9tangs naturels. Rare Earths Norv\u00e8ge (Ren), la soci\u00e9t\u00e9 mini\u00e8re derri\u00e8re le projet d&#39;extraction, devra surmonter non seulement les obstacles techniques mais aussi la r\u00e9sistance sociale.<\/p>\n<p>Un r\u00e9sident local, qui souhaitait rester anonyme, a d\u00e9clar\u00e9 au m\u00e9dia: \u00ab\u00a0Pour moi, les \u00e9tangs existants sont presque sacr\u00e9s, compte tenu des probl\u00e8mes climatiques que nous avons d\u00e9j\u00e0 ou qui auront. Que ce soit pour 2025 provoque un fort rejet en moi.\u00a0\u00bb<\/p>\n<p>Malgr\u00e9 cela, l&#39;entreprise soutient qu&#39;elle s&#39;engage activement avec la communaut\u00e9.<\/p>\n<\/div>\n<div>\n<p>Jusqu&#39;\u00e0 pr\u00e9sent, le projet n&#39;a pas provoqu\u00e9 de protestations ou de confrontations avec le gouvernement local. Ulefoss \u00e9tait un centre mini\u00e8re du XVIIe si\u00e8cle jusqu&#39;au milieu du 20e si\u00e8cle, lorsque la mondialisation a d\u00e9plac\u00e9 des op\u00e9rations plus petites.<\/p>\n<p>Tor Espen Simonsen, la liaison communautaire de Ren et un local, a d\u00e9clar\u00e9: \u00ab\u00a0En grandissant \u00e0 Ulefoss, beaucoup de gens ont dit qu&#39;un jour, l&#39;exploitation mini\u00e8re reviendrait. Nous ne savions tout simplement pas quand.\u00a0\u00bb<\/p>\n<p>Maintenant, Ren pr\u00e9tend avoir identifi\u00e9 neuf millions de tonnes d&#39;oxydes de terres rares &#8211; une quantit\u00e9 comparable aux r\u00e9serves actives en Chine ou aux \u00c9tats-Unis. Si ce d\u00e9veloppement se poursuit, l&#39;Europe pourrait avoir sa propre source industrielle de ces mat\u00e9riaux essentiels, r\u00e9duisant ainsi sa d\u00e9pendance presque totale \u00e0 l&#39;\u00e9gard des fournisseurs externes.<\/p>\n<p>Ren pr\u00e9voit de commencer les op\u00e9rations \u00e0 grande \u00e9chelle en 2030, mais seulement si elle peut le faire sans alt\u00e9rer la vie en surface. Pour \u00e9viter un impact urbain, la soci\u00e9t\u00e9 construira une \u00abmine invisible\u00bb &#8211; une galerie diagonale de plusieurs kilom\u00e8tres de long, loin du centre urbain, cens\u00e9 permettre l&#39;extraction de mat\u00e9riaux sans avoir \u00e0 percer directement sous les maisons.<\/p>\n<\/div>\n<div>\n<p>\u00ab\u00a0Il y a des gens qui ont vu ce qui s&#39;est pass\u00e9 ailleurs. Ils ont peur que nos maisons s&#39;enfoncent dans un \u00e9norme crat\u00e8re ou que quelque chose sera d\u00e9truit\u00a0\u00bb, a d\u00e9clar\u00e9 Eli Landsdal, un autre r\u00e9sident d&#39;Ulefoss.<\/p>\n<p>Pour \u00e9viter un sort similaire, Ren utilisera une partie de ses d\u00e9chets pour remplir les vides cr\u00e9\u00e9s et stabiliser le sol, en m\u00e9langeant ce mat\u00e9riau avec un liant sp\u00e9cial.<\/p>\n<p>Bien que toujours \u00e0 un stade exploratoire pour l&#39;instant, si l&#39;op\u00e9ration pilote pr\u00e9vue pour 2026 est r\u00e9ussie, elle deviendra la premi\u00e8re exploitation industrielle des terres rares d&#39;Europe. Avec cela, la Norv\u00e8ge, bien qu&#39;en dehors de l&#39;UE, deviendrait un partenaire strat\u00e9gique cl\u00e9 pour le bloc dans sa transition \u00e9nerg\u00e9tique et son programme industriel.<\/p>\n<p>Selon DW, Bruxelles consid\u00e8re ces types de projets comme essentiels pour r\u00e9duire la d\u00e9pendance technologique \u00e0 l&#39;\u00e9gard de la Chine et renforcer les cha\u00eenes d&#39;approvisionnement locales dans des secteurs tels que la d\u00e9fense, l&#39;\u00e9nergie propre et l&#39;industrie a\u00e9rospatiale.<\/p>\n<\/div>\n","protected":false},"excerpt":{"rendered":"<p>\u00c0 premi\u00e8re vue, ce petit village semble \u00eatre juste un autre coin du sud de la Norv\u00e8ge. Il d\u00e9passe \u00e0 peine 2 000 habitants, est<\/p>\n","protected":false},"author":1,"featured_media":4856,"comment_status":"closed","ping_status":"","sticky":false,"template":"","format":"standard","meta":{"footnotes":""},"categories":[2277],"tags":[66,1795,4909,196,2148,4903,150,4905,104,4907,367,739],"yoast_head":"<!-- This site is optimized with the Yoast SEO plugin v21.0 - https:\/\/yoast.com\/wordpress\/plugins\/seo\/ -->\n<title>Le minuscule petit village europ\u00e9en qui cache un pr\u00e9cieux tr\u00e9sor pour rivaliser avec la Chine<\/title>\n<meta name=\"robots\" content=\"index, follow, max-snippet:-1, max-image-preview:large, max-video-preview:-1\" \/>\n<link rel=\"canonical\" href=\"https:\/\/www.svalbard.fr\/actualites\/le-minuscule-petit-village-europeen-qui-cache-un-precieux-tresor-pour-rivaliser-avec-la-chine\/\" \/>\n<meta property=\"og:locale\" content=\"fr_FR\" \/>\n<meta property=\"og:type\" content=\"article\" \/>\n<meta property=\"og:title\" content=\"Le minuscule petit village europ\u00e9en qui cache un pr\u00e9cieux tr\u00e9sor pour rivaliser avec la Chine\" \/>\n<meta property=\"og:description\" content=\"\u00c0 premi\u00e8re vue, ce petit village semble \u00eatre juste un autre coin du sud de la Norv\u00e8ge. Il d\u00e9passe \u00e0 peine 2 000 habitants, est\" \/>\n<meta property=\"og:url\" content=\"https:\/\/www.svalbard.fr\/actualites\/le-minuscule-petit-village-europeen-qui-cache-un-precieux-tresor-pour-rivaliser-avec-la-chine\/\" \/>\n<meta property=\"og:site_name\" content=\"www.Svalbard.fr\" \/>\n<meta property=\"article:published_time\" content=\"2025-08-02T06:31:23+00:00\" \/>\n<meta property=\"article:modified_time\" content=\"2025-08-02T06:31:26+00:00\" \/>\n<meta property=\"og:image\" content=\"https:\/\/www.svalbard.fr\/actualites\/wp-content\/uploads\/2025\/08\/Le-minuscule-petit-village-europeen-qui-cache-un-precieux-tresor.jpg\" \/>\n\t<meta property=\"og:image:width\" content=\"1200\" \/>\n\t<meta property=\"og:image:height\" content=\"630\" \/>\n\t<meta property=\"og:image:type\" content=\"image\/jpeg\" \/>\n<meta name=\"author\" content=\"Hilmar\" \/>\n<meta name=\"twitter:card\" content=\"summary_large_image\" \/>\n<meta name=\"twitter:label1\" content=\"\u00c9crit par\" \/>\n\t<meta name=\"twitter:data1\" content=\"Hilmar\" \/>\n\t<meta name=\"twitter:label2\" content=\"Dur\u00e9e de lecture estim\u00e9e\" \/>\n\t<meta name=\"twitter:data2\" content=\"4 minutes\" \/>\n<script type=\"application\/ld+json\" class=\"yoast-schema-graph\">{\"@context\":\"https:\/\/schema.org\",\"@graph\":[{\"@type\":\"Article\",\"@id\":\"https:\/\/www.svalbard.fr\/actualites\/le-minuscule-petit-village-europeen-qui-cache-un-precieux-tresor-pour-rivaliser-avec-la-chine\/#article\",\"isPartOf\":{\"@id\":\"https:\/\/www.svalbard.fr\/actualites\/le-minuscule-petit-village-europeen-qui-cache-un-precieux-tresor-pour-rivaliser-avec-la-chine\/\"},\"author\":{\"name\":\"Hilmar\",\"@id\":\"https:\/\/www.svalbard.fr\/actualites\/#\/schema\/person\/a2f937d5712222366738fae98755c600\"},\"headline\":\"Le minuscule petit village europ\u00e9en qui cache un pr\u00e9cieux tr\u00e9sor pour rivaliser avec la Chine\",\"datePublished\":\"2025-08-02T06:31:23+00:00\",\"dateModified\":\"2025-08-02T06:31:26+00:00\",\"mainEntityOfPage\":{\"@id\":\"https:\/\/www.svalbard.fr\/actualites\/le-minuscule-petit-village-europeen-qui-cache-un-precieux-tresor-pour-rivaliser-avec-la-chine\/\"},\"wordCount\":773,\"publisher\":{\"@id\":\"https:\/\/www.svalbard.fr\/actualites\/#organization\"},\"keywords\":[\"avec\",\"cach\u00e9\",\"Chine\",\"europ\u00e9en\",\"minuscule\",\"petit\",\"pour\",\"pr\u00e9cieux\",\"qui\",\"rivaliser\",\"tr\u00e9sor\",\"village\"],\"inLanguage\":\"fr-FR\"},{\"@type\":\"WebPage\",\"@id\":\"https:\/\/www.svalbard.fr\/actualites\/le-minuscule-petit-village-europeen-qui-cache-un-precieux-tresor-pour-rivaliser-avec-la-chine\/\",\"url\":\"https:\/\/www.svalbard.fr\/actualites\/le-minuscule-petit-village-europeen-qui-cache-un-precieux-tresor-pour-rivaliser-avec-la-chine\/\",\"name\":\"Le minuscule petit village europ\u00e9en qui cache un pr\u00e9cieux tr\u00e9sor pour rivaliser avec la Chine\",\"isPartOf\":{\"@id\":\"https:\/\/www.svalbard.fr\/actualites\/#website\"},\"datePublished\":\"2025-08-02T06:31:23+00:00\",\"dateModified\":\"2025-08-02T06:31:26+00:00\",\"breadcrumb\":{\"@id\":\"https:\/\/www.svalbard.fr\/actualites\/le-minuscule-petit-village-europeen-qui-cache-un-precieux-tresor-pour-rivaliser-avec-la-chine\/#breadcrumb\"},\"inLanguage\":\"fr-FR\",\"potentialAction\":[{\"@type\":\"ReadAction\",\"target\":[\"https:\/\/www.svalbard.fr\/actualites\/le-minuscule-petit-village-europeen-qui-cache-un-precieux-tresor-pour-rivaliser-avec-la-chine\/\"]}]},{\"@type\":\"BreadcrumbList\",\"@id\":\"https:\/\/www.svalbard.fr\/actualites\/le-minuscule-petit-village-europeen-qui-cache-un-precieux-tresor-pour-rivaliser-avec-la-chine\/#breadcrumb\",\"itemListElement\":[{\"@type\":\"ListItem\",\"position\":1,\"name\":\"Accueil\",\"item\":\"https:\/\/www.svalbard.fr\/actualites\/\"},{\"@type\":\"ListItem\",\"position\":2,\"name\":\"Le minuscule petit village europ\u00e9en qui cache un pr\u00e9cieux tr\u00e9sor pour rivaliser avec la Chine\"}]},{\"@type\":\"WebSite\",\"@id\":\"https:\/\/www.svalbard.fr\/actualites\/#website\",\"url\":\"https:\/\/www.svalbard.fr\/actualites\/\",\"name\":\"www.Svalbard.fr\",\"description\":\"\",\"publisher\":{\"@id\":\"https:\/\/www.svalbard.fr\/actualites\/#organization\"},\"potentialAction\":[{\"@type\":\"SearchAction\",\"target\":{\"@type\":\"EntryPoint\",\"urlTemplate\":\"https:\/\/www.svalbard.fr\/actualites\/?s={search_term_string}\"},\"query-input\":\"required name=search_term_string\"}],\"inLanguage\":\"fr-FR\"},{\"@type\":\"Organization\",\"@id\":\"https:\/\/www.svalbard.fr\/actualites\/#organization\",\"name\":\"www.Svalbard.fr\",\"url\":\"https:\/\/www.svalbard.fr\/actualites\/\",\"logo\":{\"@type\":\"ImageObject\",\"inLanguage\":\"fr-FR\",\"@id\":\"https:\/\/www.svalbard.fr\/actualites\/#\/schema\/logo\/image\/\",\"url\":\"https:\/\/www.svalbard.fr\/actualites\/wp-content\/uploads\/2023\/09\/head-nom.jpg\",\"contentUrl\":\"https:\/\/www.svalbard.fr\/actualites\/wp-content\/uploads\/2023\/09\/head-nom.jpg\",\"width\":264,\"height\":35,\"caption\":\"www.Svalbard.fr\"},\"image\":{\"@id\":\"https:\/\/www.svalbard.fr\/actualites\/#\/schema\/logo\/image\/\"}},{\"@type\":\"Person\",\"@id\":\"https:\/\/www.svalbard.fr\/actualites\/#\/schema\/person\/a2f937d5712222366738fae98755c600\",\"name\":\"Hilmar\",\"image\":{\"@type\":\"ImageObject\",\"inLanguage\":\"fr-FR\",\"@id\":\"https:\/\/www.svalbard.fr\/actualites\/#\/schema\/person\/image\/\",\"url\":\"https:\/\/secure.gravatar.com\/avatar\/4daa437093476dbc32da415c112b6512?s=96&d=mm&r=g\",\"contentUrl\":\"https:\/\/secure.gravatar.com\/avatar\/4daa437093476dbc32da415c112b6512?s=96&d=mm&r=g\",\"caption\":\"Hilmar\"},\"description\":\"Hilmar est un passionn\u00e9 des r\u00e9gions polaires, sp\u00e9cialis\u00e9 dans la r\u00e9daction d'articles sur le Spitzberg et autres destinations arctiques. Il apporte son expertise et sa passion pour l'Arctique au sein de l'\u00e9quipe de r\u00e9daction de Svalbard depuis de nombreuses ann\u00e9es.\",\"sameAs\":[\"https:\/\/www.svalbard.fr\/\"]}]}<\/script>\n<!-- \/ Yoast SEO plugin. -->","yoast_head_json":{"title":"Le minuscule petit village europ\u00e9en qui cache un pr\u00e9cieux tr\u00e9sor pour rivaliser avec la Chine","robots":{"index":"index","follow":"follow","max-snippet":"max-snippet:-1","max-image-preview":"max-image-preview:large","max-video-preview":"max-video-preview:-1"},"canonical":"https:\/\/www.svalbard.fr\/actualites\/le-minuscule-petit-village-europeen-qui-cache-un-precieux-tresor-pour-rivaliser-avec-la-chine\/","og_locale":"fr_FR","og_type":"article","og_title":"Le minuscule petit village europ\u00e9en qui cache un pr\u00e9cieux tr\u00e9sor pour rivaliser avec la Chine","og_description":"\u00c0 premi\u00e8re vue, ce petit village semble \u00eatre juste un autre coin du sud de la Norv\u00e8ge. Il d\u00e9passe \u00e0 peine 2 000 habitants, est","og_url":"https:\/\/www.svalbard.fr\/actualites\/le-minuscule-petit-village-europeen-qui-cache-un-precieux-tresor-pour-rivaliser-avec-la-chine\/","og_site_name":"www.Svalbard.fr","article_published_time":"2025-08-02T06:31:23+00:00","article_modified_time":"2025-08-02T06:31:26+00:00","og_image":[{"width":1200,"height":630,"url":"https:\/\/www.svalbard.fr\/actualites\/wp-content\/uploads\/2025\/08\/Le-minuscule-petit-village-europeen-qui-cache-un-precieux-tresor.jpg","type":"image\/jpeg"}],"author":"Hilmar","twitter_card":"summary_large_image","twitter_misc":{"\u00c9crit par":"Hilmar","Dur\u00e9e de lecture estim\u00e9e":"4 minutes"},"schema":{"@context":"https:\/\/schema.org","@graph":[{"@type":"Article","@id":"https:\/\/www.svalbard.fr\/actualites\/le-minuscule-petit-village-europeen-qui-cache-un-precieux-tresor-pour-rivaliser-avec-la-chine\/#article","isPartOf":{"@id":"https:\/\/www.svalbard.fr\/actualites\/le-minuscule-petit-village-europeen-qui-cache-un-precieux-tresor-pour-rivaliser-avec-la-chine\/"},"author":{"name":"Hilmar","@id":"https:\/\/www.svalbard.fr\/actualites\/#\/schema\/person\/a2f937d5712222366738fae98755c600"},"headline":"Le minuscule petit village europ\u00e9en qui cache un pr\u00e9cieux tr\u00e9sor pour rivaliser avec la Chine","datePublished":"2025-08-02T06:31:23+00:00","dateModified":"2025-08-02T06:31:26+00:00","mainEntityOfPage":{"@id":"https:\/\/www.svalbard.fr\/actualites\/le-minuscule-petit-village-europeen-qui-cache-un-precieux-tresor-pour-rivaliser-avec-la-chine\/"},"wordCount":773,"publisher":{"@id":"https:\/\/www.svalbard.fr\/actualites\/#organization"},"keywords":["avec","cach\u00e9","Chine","europ\u00e9en","minuscule","petit","pour","pr\u00e9cieux","qui","rivaliser","tr\u00e9sor","village"],"inLanguage":"fr-FR"},{"@type":"WebPage","@id":"https:\/\/www.svalbard.fr\/actualites\/le-minuscule-petit-village-europeen-qui-cache-un-precieux-tresor-pour-rivaliser-avec-la-chine\/","url":"https:\/\/www.svalbard.fr\/actualites\/le-minuscule-petit-village-europeen-qui-cache-un-precieux-tresor-pour-rivaliser-avec-la-chine\/","name":"Le minuscule petit village europ\u00e9en qui cache un pr\u00e9cieux tr\u00e9sor pour rivaliser avec la Chine","isPartOf":{"@id":"https:\/\/www.svalbard.fr\/actualites\/#website"},"datePublished":"2025-08-02T06:31:23+00:00","dateModified":"2025-08-02T06:31:26+00:00","breadcrumb":{"@id":"https:\/\/www.svalbard.fr\/actualites\/le-minuscule-petit-village-europeen-qui-cache-un-precieux-tresor-pour-rivaliser-avec-la-chine\/#breadcrumb"},"inLanguage":"fr-FR","potentialAction":[{"@type":"ReadAction","target":["https:\/\/www.svalbard.fr\/actualites\/le-minuscule-petit-village-europeen-qui-cache-un-precieux-tresor-pour-rivaliser-avec-la-chine\/"]}]},{"@type":"BreadcrumbList","@id":"https:\/\/www.svalbard.fr\/actualites\/le-minuscule-petit-village-europeen-qui-cache-un-precieux-tresor-pour-rivaliser-avec-la-chine\/#breadcrumb","itemListElement":[{"@type":"ListItem","position":1,"name":"Accueil","item":"https:\/\/www.svalbard.fr\/actualites\/"},{"@type":"ListItem","position":2,"name":"Le minuscule petit village europ\u00e9en qui cache un pr\u00e9cieux tr\u00e9sor pour rivaliser avec la Chine"}]},{"@type":"WebSite","@id":"https:\/\/www.svalbard.fr\/actualites\/#website","url":"https:\/\/www.svalbard.fr\/actualites\/","name":"www.Svalbard.fr","description":"","publisher":{"@id":"https:\/\/www.svalbard.fr\/actualites\/#organization"},"potentialAction":[{"@type":"SearchAction","target":{"@type":"EntryPoint","urlTemplate":"https:\/\/www.svalbard.fr\/actualites\/?s={search_term_string}"},"query-input":"required name=search_term_string"}],"inLanguage":"fr-FR"},{"@type":"Organization","@id":"https:\/\/www.svalbard.fr\/actualites\/#organization","name":"www.Svalbard.fr","url":"https:\/\/www.svalbard.fr\/actualites\/","logo":{"@type":"ImageObject","inLanguage":"fr-FR","@id":"https:\/\/www.svalbard.fr\/actualites\/#\/schema\/logo\/image\/","url":"https:\/\/www.svalbard.fr\/actualites\/wp-content\/uploads\/2023\/09\/head-nom.jpg","contentUrl":"https:\/\/www.svalbard.fr\/actualites\/wp-content\/uploads\/2023\/09\/head-nom.jpg","width":264,"height":35,"caption":"www.Svalbard.fr"},"image":{"@id":"https:\/\/www.svalbard.fr\/actualites\/#\/schema\/logo\/image\/"}},{"@type":"Person","@id":"https:\/\/www.svalbard.fr\/actualites\/#\/schema\/person\/a2f937d5712222366738fae98755c600","name":"Hilmar","image":{"@type":"ImageObject","inLanguage":"fr-FR","@id":"https:\/\/www.svalbard.fr\/actualites\/#\/schema\/person\/image\/","url":"https:\/\/secure.gravatar.com\/avatar\/4daa437093476dbc32da415c112b6512?s=96&d=mm&r=g","contentUrl":"https:\/\/secure.gravatar.com\/avatar\/4daa437093476dbc32da415c112b6512?s=96&d=mm&r=g","caption":"Hilmar"},"description":"Hilmar est un passionn\u00e9 des r\u00e9gions polaires, sp\u00e9cialis\u00e9 dans la r\u00e9daction d'articles sur le Spitzberg et autres destinations arctiques. Il apporte son expertise et sa passion pour l'Arctique au sein de l'\u00e9quipe de r\u00e9daction de Svalbard depuis de nombreuses ann\u00e9es.","sameAs":["https:\/\/www.svalbard.fr\/"]}]}},"_links":{"self":[{"href":"https:\/\/www.svalbard.fr\/actualites\/wp-json\/wp\/v2\/posts\/4855"}],"collection":[{"href":"https:\/\/www.svalbard.fr\/actualites\/wp-json\/wp\/v2\/posts"}],"about":[{"href":"https:\/\/www.svalbard.fr\/actualites\/wp-json\/wp\/v2\/types\/post"}],"author":[{"embeddable":true,"href":"https:\/\/www.svalbard.fr\/actualites\/wp-json\/wp\/v2\/users\/1"}],"replies":[{"embeddable":true,"href":"https:\/\/www.svalbard.fr\/actualites\/wp-json\/wp\/v2\/comments?post=4855"}],"version-history":[{"count":1,"href":"https:\/\/www.svalbard.fr\/actualites\/wp-json\/wp\/v2\/posts\/4855\/revisions"}],"predecessor-version":[{"id":4857,"href":"https:\/\/www.svalbard.fr\/actualites\/wp-json\/wp\/v2\/posts\/4855\/revisions\/4857"}],"wp:featuredmedia":[{"embeddable":true,"href":"https:\/\/www.svalbard.fr\/actualites\/wp-json\/wp\/v2\/media\/4856"}],"wp:attachment":[{"href":"https:\/\/www.svalbard.fr\/actualites\/wp-json\/wp\/v2\/media?parent=4855"}],"wp:term":[{"taxonomy":"category","embeddable":true,"href":"https:\/\/www.svalbard.fr\/actualites\/wp-json\/wp\/v2\/categories?post=4855"},{"taxonomy":"post_tag","embeddable":true,"href":"https:\/\/www.svalbard.fr\/actualites\/wp-json\/wp\/v2\/tags?post=4855"}],"curies":[{"name":"wp","href":"https:\/\/api.w.org\/{rel}","templated":true}]}}