{"id":4858,"date":"2025-08-02T09:24:24","date_gmt":"2025-08-02T07:24:24","guid":{"rendered":"https:\/\/www.svalbard.fr\/actualites\/jan-mayen-lavant-poste-volcanique-eloigne-de-la-norvege-dans-locean-arctique\/"},"modified":"2025-08-02T09:24:24","modified_gmt":"2025-08-02T07:24:24","slug":"jan-mayen-lavant-poste-volcanique-eloigne-de-la-norvege-dans-locean-arctique","status":"publish","type":"post","link":"https:\/\/www.svalbard.fr\/actualites\/jan-mayen-lavant-poste-volcanique-eloigne-de-la-norvege-dans-locean-arctique\/","title":{"rendered":"Jan Mayen: l&#39;avant-poste volcanique \u00e9loign\u00e9 de la Norv\u00e8ge dans l&#39;oc\u00e9an Arctique"},"content":{"rendered":"<div itemprop=\"text\">\n\t\t\t<span id=\"dpsp-post-content-markup\" data-image-pin-it=\"false\"><\/span><\/p>\n<p class=\"intro\">Loin du continent norv\u00e9gien, nich\u00e9 entre le Groenland et Svalbard dans les eaux froides de l&#39;Atlantique Nord, se trouve une \u00eele volcanique que peu de personnes ont entendu parler, et encore moins visit\u00e9es.<\/p>\n<p>Jan Mayen est souvent regroup\u00e9 avec Svalbard dans les statistiques officielles et la politique arctique, mais en r\u00e9alit\u00e9, les deux endroits sont surprenants diff\u00e9rents.<\/p>\n<figure class=\"wp-block-image size-large\"><img data-lazyloaded=\"1\" data-placeholder-resp=\"768x432\" fetchpriority=\"high\" decoding=\"async\" width=\"768\" height=\"432\" src=\"https:\/\/www.svalbard.fr\/actualites\/wp-content\/uploads\/2025\/08\/Jan-Mayen-l39avant-poste-volcanique-eloigne-de-la-Norvege-dans-l39ocean.jpg\" alt=\"Le volcan frappant vu \u00e0 l&#39;approche de Jan Mayen.\" class=\"wp-image-84317\"  data-><noscript><img fetchpriority=\"high\" decoding=\"async\" width=\"768\" height=\"432\" src=\"https:\/\/www.svalbard.fr\/actualites\/wp-content\/uploads\/2025\/08\/Jan-Mayen-l39avant-poste-volcanique-eloigne-de-la-Norvege-dans-l39ocean.jpg\" alt=\"Le volcan frappant vu \u00e0 l&#39;approche de Jan Mayen.\" class=\"wp-image-84317\"  ><\/noscript><\/figure>\n<p>Alors que Svalbard poss\u00e8de une petite population civile, une universit\u00e9 et une industrie touristique croissante, Jan Mayen est un avant-poste militaire et m\u00e9t\u00e9orologique ferm\u00e9, sans r\u00e9sidents permanents et presque pas de visiteurs.<\/p>\n<p>C&#39;est un lieu d&#39;extr\u00eames: des vents hurlants, un volcan coiff\u00e9 de glacier et un environnement s\u00e9v\u00e8re que seule une poign\u00e9e de personnes \u00e9prouvent chaque ann\u00e9e.<\/p>\n<p>Mais pour ceux qui sont curieux \u00e0 propos des bords ext\u00e9rieurs du territoire de la Norv\u00e8ge, Jan Mayen offre un aper\u00e7u fascinant de l&#39;un des endroits les plus \u00e9loign\u00e9s de la Terre, du moins temporairement.<\/p>\n<h2 class=\"wp-block-heading\">O\u00f9 est Jan Mayen?<\/h2>\n<p>Jan Mayen est assis seul dans l&#39;oc\u00e9an Atlantique Nord, \u00e0 peu pr\u00e8s \u00e0 mi-chemin entre la Norv\u00e8ge continentale et le Groenland. Il se trouve \u00e0 environ 950 kilom\u00e8tres au nord de l&#39;Islande, \u00e0 1 000 kilom\u00e8tres \u00e0 l&#39;ouest de la Norv\u00e8ge continentale et \u00e0 600 kilom\u00e8tres au sud de Svalbard.<\/p>\n<p>Sans \u00eeles, villes ou liens de transport \u00e0 proximit\u00e9, c&#39;est l&#39;une des parties les plus recul\u00e9es du royaume de Norv\u00e8ge.<\/p>\n<p>L&#39;\u00eele est \u00e9troite et en forme de croissant, s&#39;\u00e9tendant sur environ 55 kilom\u00e8tres de longueur et \u00e0 quelques kilom\u00e8tres de large au plus. Il couvre une superficie totale de 377 kilom\u00e8tres carr\u00e9s (\u00e0 peu pr\u00e8s de la m\u00eame taille que Malte) mais avec un paysage et un climat radicalement diff\u00e9rents.<\/p>\n<p>Malgr\u00e9 son emplacement dans l&#39;Arctique, Jan Mayen ne fait pas partie de la calotte glaciaire polaire. L&#39;oc\u00e9an environnant garde les temp\u00e9ratures \u00e9tonnamment douces, bien que le temps soit souvent froid, venteux et brumeux.<\/p>\n<p>La topographie dramatique de l&#39;\u00eele est domin\u00e9e par Beerenberg, un volcan couvert de glacier de 2 277 m\u00e8tres qui sort directement de l&#39;oc\u00e9an, ce qui en fait le volcan actif le plus au nord du monde.<\/p>\n<figure class=\"wp-block-image size-large\"><img loading=\"lazy\" data-lazyloaded=\"1\" data-placeholder-resp=\"768x432\" decoding=\"async\" width=\"768\" height=\"432\" src=\"https:\/\/www.svalbard.fr\/actualites\/wp-content\/uploads\/2025\/08\/1754119464_387_Jan-Mayen-l39avant-poste-volcanique-eloigne-de-la-Norvege-dans-l39ocean.jpg\" alt=\"Pieds du volcan Beerenberg sur Jan Mayen.\" class=\"wp-image-84319\"  data-><noscript><img loading=\"lazy\" decoding=\"async\" width=\"768\" height=\"432\" src=\"https:\/\/www.svalbard.fr\/actualites\/wp-content\/uploads\/2025\/08\/1754119464_387_Jan-Mayen-l39avant-poste-volcanique-eloigne-de-la-Norvege-dans-l39ocean.jpg\" alt=\"Pieds du volcan Beerenberg sur Jan Mayen.\" class=\"wp-image-84319\"  ><\/noscript><\/figure>\n<p>Contrairement \u00e0 Svalbard, il n&#39;y a pas de villes ni de colonies ici. Il y a juste une station unique et fortement restreinte dot\u00e9e de membres du personnel militaire et de chercheurs m\u00e9t\u00e9orologiques. Il n&#39;y a pas de port, pas d&#39;a\u00e9roport pour un usage civil et pas d&#39;infrastructure pour les visiteurs.<\/p>\n<h2 class=\"wp-block-heading\">Une terre de feu et de glace<\/h2>\n<p>Le paysage de Jan Mayen est fa\u00e7onn\u00e9 par le feu, la glace et l&#39;isolement. La caract\u00e9ristique d\u00e9terminante de l&#39;\u00eele est Beerenberg, un stratovolcano enneig\u00e9 qui se profile au nord-est de l&#39;\u00eele.<\/p>\n<p>\u00c0 2 277 m\u00e8tres de haut, c&#39;est le volcan actif le plus au nord du monde et l&#39;un des rares volcans sur Terre \u00e0 \u00eatre garni en permanence de glaciers.<\/p>\n<p>Beerenberg a \u00e9clat\u00e9 pour la derni\u00e8re fois en 1985 et des \u00e9ruptions pr\u00e9c\u00e9dentes ont \u00e9t\u00e9 enregistr\u00e9es aux XVIIIe et 20e si\u00e8cles. Malgr\u00e9 son \u00e9loignement, il est toujours surveill\u00e9 de pr\u00e8s par les autorit\u00e9s norv\u00e9giennes en raison de son impact potentiel sur les conditions m\u00e9t\u00e9orologiques et l&#39;aviation.<\/p>\n<p>Les pentes glaciaires du volcan se nourrissent du terrain accident\u00e9 de l&#39;\u00eele, qui comprend des champs de lave, des falaises escarp\u00e9es, des plages de sable noir et des plateaux glac\u00e9s.<\/p>\n<p>Le reste de l&#39;\u00eele est relativement bas et st\u00e9rile, fa\u00e7onn\u00e9 par l&#39;activit\u00e9 volcanique et battu par un vent et des vagues constants. Une grande partie de la c\u00f4te est inaccessible, sans des ports s\u00fbrs ni des points d&#39;atterrissage, sauf dans quelques endroits soigneusement choisis.<\/p>\n<p>L&#39;\u00eele abrite une vie v\u00e9g\u00e9tale limit\u00e9e et quelques esp\u00e8ces d&#39;oiseaux de mer nicheurs. Les renards arctiques ont \u00e9t\u00e9 introduits pendant l&#39;\u00e8re du pi\u00e9geage, mais aucun mammif\u00e8re terrestre n&#39;est originaire.<\/p>\n<p>Malgr\u00e9 les conditions difficiles, Jan Mayen soutient des recherches critiques sur la m\u00e9t\u00e9orologie et la g\u00e9ologie de l&#39;Arctique &#8211; et reste l&#39;un des endroits les plus dramatiques g\u00e9ologiquement sous contr\u00f4le norv\u00e9gien.<\/p>\n<h2 class=\"wp-block-heading\">Une br\u00e8ve histoire de Jan Mayen<\/h2>\n<p>Bien que Jan Mayen soit inhabit\u00e9 aujourd&#39;hui, son histoire remonte \u00e0 plus de quatre si\u00e8cles, fa\u00e7onn\u00e9e par l&#39;exploration, l&#39;exploitation et l&#39;utilisation strat\u00e9gique.<\/p>\n<p>L&#39;\u00eele est nomm\u00e9e d&#39;apr\u00e8s Jan Jacobszoon May Van Schellinkhout, un marin hollandais qui a trac\u00e9 une partie du littoral en 1614. Cependant, des observations ant\u00e9rieures peuvent avoir eu lieu, et certains croient que les moines irlandais ou les marins nordiques connaissaient l&#39;\u00eele encore plus t\u00f4t, m\u00eame si aucune preuve ne soutient la colonisation permanente.<\/p>\n<figure class=\"wp-block-image size-large\"><img loading=\"lazy\" data-lazyloaded=\"1\" data-placeholder-resp=\"768x509\" decoding=\"async\" width=\"768\" height=\"509\" src=\"https:\/\/www.svalbard.fr\/actualites\/wp-content\/uploads\/2025\/08\/1754119464_456_Jan-Mayen-l39avant-poste-volcanique-eloigne-de-la-Norvege-dans-l39ocean.jpg\" alt=\"Dessin historique de Beerenberg sur Jan Mayen. Image: Norwegian Polar Institute.\" class=\"wp-image-84322\"  data-><noscript><img loading=\"lazy\" decoding=\"async\" width=\"768\" height=\"509\" src=\"https:\/\/www.svalbard.fr\/actualites\/wp-content\/uploads\/2025\/08\/1754119464_456_Jan-Mayen-l39avant-poste-volcanique-eloigne-de-la-Norvege-dans-l39ocean.jpg\" alt=\"Dessin historique de Beerenberg sur Jan Mayen. Image: Norwegian Polar Institute.\" class=\"wp-image-84322\"  ><\/noscript><\/figure>\n<p>Au d\u00e9but des ann\u00e9es 1600, les baleiniers n\u00e9erlandais ont commenc\u00e9 \u00e0 utiliser Jan Mayen comme base pendant la saison de chasse estivale. \u00c0 un moment donn\u00e9, plusieurs centaines d&#39;hommes ont travaill\u00e9 ici, bouillonnant les baleines baleinaires dans l&#39;huile \u00e0 terre.<\/p>\n<p>Ces premi\u00e8res stations-baleines, maintenant disparues depuis longtemps, ne laissaient que des restes de fours et d&#39;outils enfouis sous la cendre volcanique et la toundra. L&#39;\u00eele a \u00e9t\u00e9 abandonn\u00e9e pour la chasse \u00e0 la baleine dans les d\u00e9cennies une fois les stocks locaux \u00e9puis\u00e9s.<\/p>\n<p>Au cours des si\u00e8cles qui ont suivi, Jan Mayen a \u00e9t\u00e9 visit\u00e9 de temps en temps par des trappeurs, des scientifiques et des navires militaires, mais il n&#39;a jamais \u00e9t\u00e9 r\u00e9gl\u00e9 de fa\u00e7on permanente. La Norv\u00e8ge a officiellement annex\u00e9 l&#39;\u00eele en 1929, la portant sous la souverainet\u00e9 nationale.<\/p>\n<p>Pendant la Seconde Guerre mondiale, l&#39;\u00eele a jou\u00e9 un r\u00f4le petit mais significatif. La station m\u00e9t\u00e9orologique norv\u00e9gienne a continu\u00e9 de fonctionner sous le contr\u00f4le des alli\u00e9s apr\u00e8s l&#39;occupation nazie de la Norv\u00e8ge continentale.<\/p>\n<p>Les rapports m\u00e9t\u00e9orologiques de Jan Mayen \u00e9taient essentiels aux convois alli\u00e9s traversant l&#39;Atlantique Nord, et la station a parfois \u00e9t\u00e9 menac\u00e9e par des avions allemands.<\/p>\n<p>Depuis lors, Jan Mayen est rest\u00e9 sous le contr\u00f4le norv\u00e9gien, principalement utilis\u00e9 \u00e0 des fins m\u00e9t\u00e9orologiques et militaires, avec une petite \u00e9quipe rotative conservant les op\u00e9rations toute l&#39;ann\u00e9e.<\/p>\n<h2 class=\"wp-block-heading\">La vie sur Jan Mayen aujourd&#39;hui<\/h2>\n<p>Personne ne vit de fa\u00e7on permanente \u00e0 Jan Mayen, mais l&#39;\u00eele est dot\u00e9e d&#39;ann\u00e9e par une petite \u00e9quipe rotative.<\/p>\n<p>En r\u00e8gle g\u00e9n\u00e9rale, environ 15 \u00e0 18 personnes sont stationn\u00e9es ici \u00e0 tout moment, divis\u00e9es entre le personnel des forces arm\u00e9es norv\u00e9giennes et de l&#39;Institut m\u00e9t\u00e9orologique norv\u00e9gien.<\/p>\n<p>Leur travail? Pour exploiter la station m\u00e9t\u00e9orologique de l&#39;\u00eele, maintenez les infrastructures militaires et assurez-vous que la Norv\u00e8ge maintient sa pr\u00e9sence strat\u00e9gique dans cet avant-poste \u00e9loign\u00e9.<\/p>\n<p>La vie quotidienne sur Jan Mayen est d\u00e9finie par l&#39;isolement. Les fournitures arrivent par navire quelques fois par an, g\u00e9n\u00e9ralement du continent Norv\u00e8ge ou de l&#39;Islande. Une piste d&#39;atterrissage de gravier est g\u00e9n\u00e9ralement utilis\u00e9e uniquement pour les vols militaires et d&#39;urgence, mais permet des changements de personnel occasionnels lorsque la m\u00e9t\u00e9o le permet.<\/p>\n<p>Il n&#39;y a pas de magasins, pas de routes \u00e0 dire et pas d&#39;Internet au-del\u00e0 de ce qui est n\u00e9cessaire pour la communication et la recherche. Pourtant, ceux qui sont stationn\u00e9s sur l&#39;\u00eele vivent dans un confort relatif, avec un acc\u00e8s \u00e0 des repas chauds, des logements partag\u00e9s, une petite salle de sport et une connexion TV par satellite.<\/p>\n<p>Le sentiment de communaut\u00e9 est fort, construit par n\u00e9cessit\u00e9. Les repas sont consomm\u00e9s ensemble, les routines sont partag\u00e9es et les loisirs proviennent de plaisirs simples tels que des jeux de soci\u00e9t\u00e9, des livres ou des promenades \u00e0 travers le paysage volcanique Stark. Le temps le permet, bien s\u00fbr. Beaucoup d\u00e9crivent l&#39;exp\u00e9rience comme \u00e0 la fois difficile et inoubliable.<\/p>\n<p>Malgr\u00e9 son \u00e9loignement, Jan Mayen joue un r\u00f4le important dans les pr\u00e9visions m\u00e9t\u00e9orologiques mondiales. Les donn\u00e9es recueillies ici aident \u00e0 am\u00e9liorer les mod\u00e8les pour les r\u00e9gions de l&#39;Atlantique Nord et de l&#39;Arctique, en particulier pour le suivi des temp\u00eates et l&#39;aviation.<\/p>\n<p>Pour ceux qui sont stationn\u00e9s sur Jan Mayen, la vie se d\u00e9place \u00e0 un rythme plus lent et souffl\u00e9 par le vent. Il y a peu de distractions. Travaillez, le temps et le silence sauvage du Nord.<\/p>\n<h2 class=\"wp-block-heading\">Pouvez-vous visiter Jan Mayen?<\/h2>\n<p>En bref: oui, mais pour la plupart des gens, pas vraiment.<\/p>\n<p>Jan Mayen est l&#39;un des endroits les plus inaccessibles au monde. Il n&#39;y a pas de liaisons de transport r\u00e9guli\u00e8res, et toutes les visites n\u00e9cessitent une autorisation sp\u00e9ciale des forces arm\u00e9es norv\u00e9giennes, qui contr\u00f4le l&#39;acc\u00e8s \u00e0 l&#39;\u00eele.<\/p>\n<p>Comme mentionn\u00e9, il n&#39;y a qu&#39;une petite piste d&#39;atterrissage militaire utilis\u00e9e pour les vols d&#39;approvisionnement et de personnel lorsque le temps le permet. L&#39;\u00eele n&#39;a pas de port, donc les atterrissages en mer ne sont possibles que dans des conditions calmes, utilisant g\u00e9n\u00e9ralement de petits bateaux lanc\u00e9s \u00e0 partir d&#39;un navire ancr\u00e9 au large.<\/p>\n<p>Cela signifie que ce n&#39;est pas non plus une destination de croisi\u00e8re, du moins pas pour les lignes de croisi\u00e8re grand public.<\/p>\n<p>Un petit nombre de croisi\u00e8res en exp\u00e9dition comprennent Jan Mayen sur leurs itin\u00e9raires, en particulier ceux qui se dirigent entre l&#39;Islande et Svalbard. Mais m\u00eame alors, les atterrissages ne sont jamais garantis. Les mers rugueuses, le brouillard ou les vents violents emp\u00eachent souvent les passagers de se mettre \u00e0 terre.<\/p>\n<p>Si vous avez la chance de mettre les pieds sur Jan Mayen, attendez-vous \u00e0 une promenade guid\u00e9e du site d&#39;atterrissage vers la base militaire et peut-\u00eatre une chance de voir Beerenberg, la m\u00e9t\u00e9o et la s\u00e9curit\u00e9 le permettent. Les voyages ind\u00e9pendants ne sont pas possibles et les s\u00e9jours en camping ou en nuit ne sont pas autoris\u00e9s sans arrangements pr\u00e9-autoris\u00e9s.<\/p>\n<p>Pour la plupart, Jan Mayen reste au mieux une destination intrigante \u00abvue depuis le navire\u00bb, un lieu presque mythique au bord de l&#39;Europe, r\u00e9serv\u00e9 aux voyageurs de l&#39;Arctique les plus d\u00e9termin\u00e9s.<\/p>\n<h2 class=\"wp-block-heading\">Pourquoi Jan Mayen compte<\/h2>\n<p>Jan Mayen peut \u00eatre \u00e9loign\u00e9 et rarement visit\u00e9, mais il joue toujours un r\u00f4le important pour la Norv\u00e8ge. Son emplacement \u00e9tend la pr\u00e9sence norv\u00e9gienne loin dans l&#39;Atlantique Nord, soutenant les pr\u00e9visions m\u00e9t\u00e9orologiques de l&#39;Arctique, la recherche scientifique et la souverainet\u00e9 nationale.<\/p>\n<p>L&#39;\u00eele capture \u00e9galement l&#39;imagination. Avec son paysage volcanique aust\u00e8re, son isolement extr\u00eame et sa pr\u00e9sence humaine limit\u00e9e, Jan Mayen est l&#39;un des rares endroits de la Terre qui reste largement intact.<\/p>\n<p>Pour beaucoup, il repr\u00e9sente le bord m\u00eame de la civilisation et un rappel de la g\u00e9ographie de grande envergure de la Norv\u00e8ge.<\/p>\n<\/p><\/div>\n","protected":false},"excerpt":{"rendered":"<p>Loin du continent norv\u00e9gien, nich\u00e9 entre le Groenland et Svalbard dans les eaux froides de l&#39;Atlantique Nord, se trouve une \u00eele volcanique que peu de<\/p>\n","protected":false},"author":1,"featured_media":4859,"comment_status":"","ping_status":"","sticky":false,"template":"","format":"standard","meta":{"footnotes":""},"categories":[2277],"tags":[30,54,4917,4911,4915,4919,4913,6,675],"yoast_head":"<!-- This site is optimized with the Yoast SEO plugin v21.0 - https:\/\/yoast.com\/wordpress\/plugins\/seo\/ -->\n<title>Jan Mayen: l&#039;avant-poste volcanique \u00e9loign\u00e9 de la Norv\u00e8ge dans l&#039;oc\u00e9an Arctique<\/title>\n<meta name=\"robots\" content=\"index, follow, max-snippet:-1, max-image-preview:large, max-video-preview:-1\" \/>\n<link rel=\"canonical\" href=\"https:\/\/www.svalbard.fr\/actualites\/jan-mayen-lavant-poste-volcanique-eloigne-de-la-norvege-dans-locean-arctique\/\" \/>\n<meta property=\"og:locale\" content=\"fr_FR\" \/>\n<meta property=\"og:type\" content=\"article\" \/>\n<meta property=\"og:title\" content=\"Jan Mayen: l&#039;avant-poste volcanique \u00e9loign\u00e9 de la Norv\u00e8ge dans l&#039;oc\u00e9an Arctique\" \/>\n<meta property=\"og:description\" content=\"Loin du continent norv\u00e9gien, nich\u00e9 entre le Groenland et Svalbard dans les eaux froides de l&#039;Atlantique Nord, se trouve une \u00eele volcanique que peu de\" \/>\n<meta property=\"og:url\" content=\"https:\/\/www.svalbard.fr\/actualites\/jan-mayen-lavant-poste-volcanique-eloigne-de-la-norvege-dans-locean-arctique\/\" \/>\n<meta property=\"og:site_name\" content=\"www.Svalbard.fr\" \/>\n<meta property=\"article:published_time\" content=\"2025-08-02T07:24:24+00:00\" \/>\n<meta property=\"og:image\" content=\"https:\/\/www.svalbard.fr\/actualites\/wp-content\/uploads\/2025\/08\/Jan-Mayen-l39avant-poste-volcanique-eloigne-de-la-Norvege-dans-l39ocean.jpg\" \/>\n<meta name=\"author\" content=\"Hilmar\" \/>\n<meta name=\"twitter:card\" content=\"summary_large_image\" \/>\n<meta name=\"twitter:label1\" content=\"\u00c9crit par\" \/>\n\t<meta name=\"twitter:data1\" content=\"Hilmar\" \/>\n\t<meta name=\"twitter:label2\" content=\"Dur\u00e9e de lecture estim\u00e9e\" \/>\n\t<meta name=\"twitter:data2\" content=\"9 minutes\" \/>\n<script type=\"application\/ld+json\" class=\"yoast-schema-graph\">{\"@context\":\"https:\/\/schema.org\",\"@graph\":[{\"@type\":\"Article\",\"@id\":\"https:\/\/www.svalbard.fr\/actualites\/jan-mayen-lavant-poste-volcanique-eloigne-de-la-norvege-dans-locean-arctique\/#article\",\"isPartOf\":{\"@id\":\"https:\/\/www.svalbard.fr\/actualites\/jan-mayen-lavant-poste-volcanique-eloigne-de-la-norvege-dans-locean-arctique\/\"},\"author\":{\"name\":\"Hilmar\",\"@id\":\"https:\/\/www.svalbard.fr\/actualites\/#\/schema\/person\/a2f937d5712222366738fae98755c600\"},\"headline\":\"Jan Mayen: l&#39;avant-poste volcanique \u00e9loign\u00e9 de la Norv\u00e8ge dans l&#39;oc\u00e9an Arctique\",\"datePublished\":\"2025-08-02T07:24:24+00:00\",\"dateModified\":\"2025-08-02T07:24:24+00:00\",\"mainEntityOfPage\":{\"@id\":\"https:\/\/www.svalbard.fr\/actualites\/jan-mayen-lavant-poste-volcanique-eloigne-de-la-norvege-dans-locean-arctique\/\"},\"wordCount\":1898,\"publisher\":{\"@id\":\"https:\/\/www.svalbard.fr\/actualites\/#organization\"},\"keywords\":[\"arctique\",\"dans\",\"\u00e9loign\u00e9\",\"Jan\",\"l39avantposte\",\"l39oc\u00e9an\",\"Mayen\",\"Norv\u00e8ge\",\"volcanique\"],\"inLanguage\":\"fr-FR\"},{\"@type\":\"WebPage\",\"@id\":\"https:\/\/www.svalbard.fr\/actualites\/jan-mayen-lavant-poste-volcanique-eloigne-de-la-norvege-dans-locean-arctique\/\",\"url\":\"https:\/\/www.svalbard.fr\/actualites\/jan-mayen-lavant-poste-volcanique-eloigne-de-la-norvege-dans-locean-arctique\/\",\"name\":\"Jan Mayen: l&#39;avant-poste volcanique \u00e9loign\u00e9 de la Norv\u00e8ge dans l&#39;oc\u00e9an Arctique\",\"isPartOf\":{\"@id\":\"https:\/\/www.svalbard.fr\/actualites\/#website\"},\"datePublished\":\"2025-08-02T07:24:24+00:00\",\"dateModified\":\"2025-08-02T07:24:24+00:00\",\"breadcrumb\":{\"@id\":\"https:\/\/www.svalbard.fr\/actualites\/jan-mayen-lavant-poste-volcanique-eloigne-de-la-norvege-dans-locean-arctique\/#breadcrumb\"},\"inLanguage\":\"fr-FR\",\"potentialAction\":[{\"@type\":\"ReadAction\",\"target\":[\"https:\/\/www.svalbard.fr\/actualites\/jan-mayen-lavant-poste-volcanique-eloigne-de-la-norvege-dans-locean-arctique\/\"]}]},{\"@type\":\"BreadcrumbList\",\"@id\":\"https:\/\/www.svalbard.fr\/actualites\/jan-mayen-lavant-poste-volcanique-eloigne-de-la-norvege-dans-locean-arctique\/#breadcrumb\",\"itemListElement\":[{\"@type\":\"ListItem\",\"position\":1,\"name\":\"Accueil\",\"item\":\"https:\/\/www.svalbard.fr\/actualites\/\"},{\"@type\":\"ListItem\",\"position\":2,\"name\":\"Jan Mayen: l&#39;avant-poste volcanique \u00e9loign\u00e9 de la Norv\u00e8ge dans l&#39;oc\u00e9an Arctique\"}]},{\"@type\":\"WebSite\",\"@id\":\"https:\/\/www.svalbard.fr\/actualites\/#website\",\"url\":\"https:\/\/www.svalbard.fr\/actualites\/\",\"name\":\"www.Svalbard.fr\",\"description\":\"\",\"publisher\":{\"@id\":\"https:\/\/www.svalbard.fr\/actualites\/#organization\"},\"potentialAction\":[{\"@type\":\"SearchAction\",\"target\":{\"@type\":\"EntryPoint\",\"urlTemplate\":\"https:\/\/www.svalbard.fr\/actualites\/?s={search_term_string}\"},\"query-input\":\"required name=search_term_string\"}],\"inLanguage\":\"fr-FR\"},{\"@type\":\"Organization\",\"@id\":\"https:\/\/www.svalbard.fr\/actualites\/#organization\",\"name\":\"www.Svalbard.fr\",\"url\":\"https:\/\/www.svalbard.fr\/actualites\/\",\"logo\":{\"@type\":\"ImageObject\",\"inLanguage\":\"fr-FR\",\"@id\":\"https:\/\/www.svalbard.fr\/actualites\/#\/schema\/logo\/image\/\",\"url\":\"https:\/\/www.svalbard.fr\/actualites\/wp-content\/uploads\/2023\/09\/head-nom.jpg\",\"contentUrl\":\"https:\/\/www.svalbard.fr\/actualites\/wp-content\/uploads\/2023\/09\/head-nom.jpg\",\"width\":264,\"height\":35,\"caption\":\"www.Svalbard.fr\"},\"image\":{\"@id\":\"https:\/\/www.svalbard.fr\/actualites\/#\/schema\/logo\/image\/\"}},{\"@type\":\"Person\",\"@id\":\"https:\/\/www.svalbard.fr\/actualites\/#\/schema\/person\/a2f937d5712222366738fae98755c600\",\"name\":\"Hilmar\",\"image\":{\"@type\":\"ImageObject\",\"inLanguage\":\"fr-FR\",\"@id\":\"https:\/\/www.svalbard.fr\/actualites\/#\/schema\/person\/image\/\",\"url\":\"https:\/\/secure.gravatar.com\/avatar\/4daa437093476dbc32da415c112b6512?s=96&d=mm&r=g\",\"contentUrl\":\"https:\/\/secure.gravatar.com\/avatar\/4daa437093476dbc32da415c112b6512?s=96&d=mm&r=g\",\"caption\":\"Hilmar\"},\"description\":\"Hilmar est un passionn\u00e9 des r\u00e9gions polaires, sp\u00e9cialis\u00e9 dans la r\u00e9daction d'articles sur le Spitzberg et autres destinations arctiques. Il apporte son expertise et sa passion pour l'Arctique au sein de l'\u00e9quipe de r\u00e9daction de Svalbard depuis de nombreuses ann\u00e9es.\",\"sameAs\":[\"https:\/\/www.svalbard.fr\/\"]}]}<\/script>\n<!-- \/ Yoast SEO plugin. -->","yoast_head_json":{"title":"Jan Mayen: l&#39;avant-poste volcanique \u00e9loign\u00e9 de la Norv\u00e8ge dans l&#39;oc\u00e9an Arctique","robots":{"index":"index","follow":"follow","max-snippet":"max-snippet:-1","max-image-preview":"max-image-preview:large","max-video-preview":"max-video-preview:-1"},"canonical":"https:\/\/www.svalbard.fr\/actualites\/jan-mayen-lavant-poste-volcanique-eloigne-de-la-norvege-dans-locean-arctique\/","og_locale":"fr_FR","og_type":"article","og_title":"Jan Mayen: l&#39;avant-poste volcanique \u00e9loign\u00e9 de la Norv\u00e8ge dans l&#39;oc\u00e9an Arctique","og_description":"Loin du continent norv\u00e9gien, nich\u00e9 entre le Groenland et Svalbard dans les eaux froides de l&#39;Atlantique Nord, se trouve une \u00eele volcanique que peu de","og_url":"https:\/\/www.svalbard.fr\/actualites\/jan-mayen-lavant-poste-volcanique-eloigne-de-la-norvege-dans-locean-arctique\/","og_site_name":"www.Svalbard.fr","article_published_time":"2025-08-02T07:24:24+00:00","og_image":[{"url":"https:\/\/www.svalbard.fr\/actualites\/wp-content\/uploads\/2025\/08\/Jan-Mayen-l39avant-poste-volcanique-eloigne-de-la-Norvege-dans-l39ocean.jpg"}],"author":"Hilmar","twitter_card":"summary_large_image","twitter_misc":{"\u00c9crit par":"Hilmar","Dur\u00e9e de lecture estim\u00e9e":"9 minutes"},"schema":{"@context":"https:\/\/schema.org","@graph":[{"@type":"Article","@id":"https:\/\/www.svalbard.fr\/actualites\/jan-mayen-lavant-poste-volcanique-eloigne-de-la-norvege-dans-locean-arctique\/#article","isPartOf":{"@id":"https:\/\/www.svalbard.fr\/actualites\/jan-mayen-lavant-poste-volcanique-eloigne-de-la-norvege-dans-locean-arctique\/"},"author":{"name":"Hilmar","@id":"https:\/\/www.svalbard.fr\/actualites\/#\/schema\/person\/a2f937d5712222366738fae98755c600"},"headline":"Jan Mayen: l&#39;avant-poste volcanique \u00e9loign\u00e9 de la Norv\u00e8ge dans l&#39;oc\u00e9an Arctique","datePublished":"2025-08-02T07:24:24+00:00","dateModified":"2025-08-02T07:24:24+00:00","mainEntityOfPage":{"@id":"https:\/\/www.svalbard.fr\/actualites\/jan-mayen-lavant-poste-volcanique-eloigne-de-la-norvege-dans-locean-arctique\/"},"wordCount":1898,"publisher":{"@id":"https:\/\/www.svalbard.fr\/actualites\/#organization"},"keywords":["arctique","dans","\u00e9loign\u00e9","Jan","l39avantposte","l39oc\u00e9an","Mayen","Norv\u00e8ge","volcanique"],"inLanguage":"fr-FR"},{"@type":"WebPage","@id":"https:\/\/www.svalbard.fr\/actualites\/jan-mayen-lavant-poste-volcanique-eloigne-de-la-norvege-dans-locean-arctique\/","url":"https:\/\/www.svalbard.fr\/actualites\/jan-mayen-lavant-poste-volcanique-eloigne-de-la-norvege-dans-locean-arctique\/","name":"Jan Mayen: l&#39;avant-poste volcanique \u00e9loign\u00e9 de la Norv\u00e8ge dans l&#39;oc\u00e9an Arctique","isPartOf":{"@id":"https:\/\/www.svalbard.fr\/actualites\/#website"},"datePublished":"2025-08-02T07:24:24+00:00","dateModified":"2025-08-02T07:24:24+00:00","breadcrumb":{"@id":"https:\/\/www.svalbard.fr\/actualites\/jan-mayen-lavant-poste-volcanique-eloigne-de-la-norvege-dans-locean-arctique\/#breadcrumb"},"inLanguage":"fr-FR","potentialAction":[{"@type":"ReadAction","target":["https:\/\/www.svalbard.fr\/actualites\/jan-mayen-lavant-poste-volcanique-eloigne-de-la-norvege-dans-locean-arctique\/"]}]},{"@type":"BreadcrumbList","@id":"https:\/\/www.svalbard.fr\/actualites\/jan-mayen-lavant-poste-volcanique-eloigne-de-la-norvege-dans-locean-arctique\/#breadcrumb","itemListElement":[{"@type":"ListItem","position":1,"name":"Accueil","item":"https:\/\/www.svalbard.fr\/actualites\/"},{"@type":"ListItem","position":2,"name":"Jan Mayen: l&#39;avant-poste volcanique \u00e9loign\u00e9 de la Norv\u00e8ge dans l&#39;oc\u00e9an Arctique"}]},{"@type":"WebSite","@id":"https:\/\/www.svalbard.fr\/actualites\/#website","url":"https:\/\/www.svalbard.fr\/actualites\/","name":"www.Svalbard.fr","description":"","publisher":{"@id":"https:\/\/www.svalbard.fr\/actualites\/#organization"},"potentialAction":[{"@type":"SearchAction","target":{"@type":"EntryPoint","urlTemplate":"https:\/\/www.svalbard.fr\/actualites\/?s={search_term_string}"},"query-input":"required name=search_term_string"}],"inLanguage":"fr-FR"},{"@type":"Organization","@id":"https:\/\/www.svalbard.fr\/actualites\/#organization","name":"www.Svalbard.fr","url":"https:\/\/www.svalbard.fr\/actualites\/","logo":{"@type":"ImageObject","inLanguage":"fr-FR","@id":"https:\/\/www.svalbard.fr\/actualites\/#\/schema\/logo\/image\/","url":"https:\/\/www.svalbard.fr\/actualites\/wp-content\/uploads\/2023\/09\/head-nom.jpg","contentUrl":"https:\/\/www.svalbard.fr\/actualites\/wp-content\/uploads\/2023\/09\/head-nom.jpg","width":264,"height":35,"caption":"www.Svalbard.fr"},"image":{"@id":"https:\/\/www.svalbard.fr\/actualites\/#\/schema\/logo\/image\/"}},{"@type":"Person","@id":"https:\/\/www.svalbard.fr\/actualites\/#\/schema\/person\/a2f937d5712222366738fae98755c600","name":"Hilmar","image":{"@type":"ImageObject","inLanguage":"fr-FR","@id":"https:\/\/www.svalbard.fr\/actualites\/#\/schema\/person\/image\/","url":"https:\/\/secure.gravatar.com\/avatar\/4daa437093476dbc32da415c112b6512?s=96&d=mm&r=g","contentUrl":"https:\/\/secure.gravatar.com\/avatar\/4daa437093476dbc32da415c112b6512?s=96&d=mm&r=g","caption":"Hilmar"},"description":"Hilmar est un passionn\u00e9 des r\u00e9gions polaires, sp\u00e9cialis\u00e9 dans la r\u00e9daction d'articles sur le Spitzberg et autres destinations arctiques. Il apporte son expertise et sa passion pour l'Arctique au sein de l'\u00e9quipe de r\u00e9daction de Svalbard depuis de nombreuses ann\u00e9es.","sameAs":["https:\/\/www.svalbard.fr\/"]}]}},"_links":{"self":[{"href":"https:\/\/www.svalbard.fr\/actualites\/wp-json\/wp\/v2\/posts\/4858"}],"collection":[{"href":"https:\/\/www.svalbard.fr\/actualites\/wp-json\/wp\/v2\/posts"}],"about":[{"href":"https:\/\/www.svalbard.fr\/actualites\/wp-json\/wp\/v2\/types\/post"}],"author":[{"embeddable":true,"href":"https:\/\/www.svalbard.fr\/actualites\/wp-json\/wp\/v2\/users\/1"}],"replies":[{"embeddable":true,"href":"https:\/\/www.svalbard.fr\/actualites\/wp-json\/wp\/v2\/comments?post=4858"}],"version-history":[{"count":0,"href":"https:\/\/www.svalbard.fr\/actualites\/wp-json\/wp\/v2\/posts\/4858\/revisions"}],"wp:featuredmedia":[{"embeddable":true,"href":"https:\/\/www.svalbard.fr\/actualites\/wp-json\/wp\/v2\/media\/4859"}],"wp:attachment":[{"href":"https:\/\/www.svalbard.fr\/actualites\/wp-json\/wp\/v2\/media?parent=4858"}],"wp:term":[{"taxonomy":"category","embeddable":true,"href":"https:\/\/www.svalbard.fr\/actualites\/wp-json\/wp\/v2\/categories?post=4858"},{"taxonomy":"post_tag","embeddable":true,"href":"https:\/\/www.svalbard.fr\/actualites\/wp-json\/wp\/v2\/tags?post=4858"}],"curies":[{"name":"wp","href":"https:\/\/api.w.org\/{rel}","templated":true}]}}