{"id":4860,"date":"2025-08-02T19:50:21","date_gmt":"2025-08-02T17:50:21","guid":{"rendered":"https:\/\/www.svalbard.fr\/actualites\/la-petite-partie-de-lile-de-leurope-a-surnomme-lendroit-le-plus-solitaire-de-la-terre\/"},"modified":"2025-08-02T19:50:23","modified_gmt":"2025-08-02T17:50:23","slug":"la-petite-partie-de-lile-de-leurope-a-surnomme-lendroit-le-plus-solitaire-de-la-terre","status":"publish","type":"post","link":"https:\/\/www.svalbard.fr\/actualites\/la-petite-partie-de-lile-de-leurope-a-surnomme-lendroit-le-plus-solitaire-de-la-terre\/","title":{"rendered":"La petite partie de l&#39;\u00eele de l&#39;Europe a surnomm\u00e9 \u00abl&#39;endroit le plus solitaire de la Terre\u00bb"},"content":{"rendered":"<div>\n<p data-mce-linkchecker-status=\"valid\">Dispers\u00e9s \u00e0 travers le monde se trouvent une vaste gamme d&#39;\u00eeles qui appartiennent \u00e0 des pays souvent \u00e0 des milliers de kilom\u00e8tres de l\u00e0, allant de l&#39;\u00eele volcanique appartenant au Royaume-Uni dans l&#39;Atlantique Sud, Tristan da Cunha, \u00e0 l&#39;\u00eele des Cara\u00efbes de Saint Martin, appartenant \u00e0 la France et aux Pays-Bas. Cependant, il y a une \u00eele dont peu ont entendu parler, situ\u00e9e juste au nord du cercle antarctique et d\u00e9tenue par un pays europ\u00e9en \u00e0 environ 6 000 miles de l\u00e0.<\/p>\n<p data-mce-linkchecker-status=\"valid\">L&#39;\u00eele Bouvet est une petite \u00eele volcanique inhabit\u00e9e dans l&#39;oc\u00e9an Atlantique Sud \u00e0 l&#39;extr\u00e9mit\u00e9 sud de la cr\u00eate du milieu de l&#39;Atlantique, connu sous le nom de l&#39;\u00eele la plus recul\u00e9e du monde. Son voisin le plus proche est la c\u00f4te princesse Astrid de Queen Maud Land, en Antarctique, \u00e0 1 100 miles au sud. Il est \u00e9galement \u00e0 1 160 miles \u00e0 l&#39;est des \u00eeles Sandwich du Sud et \u00e0 1 570 miles au sud-ouest de la c\u00f4te de l&#39;Afrique du Sud. R\u00e9serve naturelle prot\u00e9g\u00e9e, l&#39;\u00eele de Bouvet est officiellement un territoire \u00e0 charge de la Norv\u00e8ge. <\/p>\n<\/div>\n<div>\n<p>Couvrant une superficie de seulement 19 miles carr\u00e9s, 93% de l&#39;\u00eele de Bouvet est couverte par un glacier. Le centre de l&#39;\u00eele est le crat\u00e8re rempli de glace d&#39;un volcan inactif. Certains skerries (\u00eelots de fus\u00e9e) et une petite \u00eele, Lars\u00f8ya, se trouvent le long de sa c\u00f4te. Nyr\u00f8ysa, cr\u00e9\u00e9 par une glissi\u00e8re rocheuse \u00e0 la fin des ann\u00e9es 1950, est le seul endroit facile \u00e0 atterrir et est l&#39;emplacement d&#39;une station m\u00e9t\u00e9orologique.<\/p>\n<p>L&#39;\u00eele a \u00e9t\u00e9 d\u00e9couverte pour la premi\u00e8re fois le 1er janvier 1739 par Jean-Baptiste Charles Bouvet de Lozier, un marin fran\u00e7ais lors d&#39;une mission d&#39;exploration dans l&#39;Atlantique Sud. Cependant, ils n&#39;ont pas touch\u00e9 terre. Il a mal \u00e9tiquet\u00e9 les coordonn\u00e9es de l&#39;\u00eele et elle n&#39;a de nouveau \u00e9t\u00e9 aper\u00e7ue qu&#39;en 1808, lorsque le baleinier britannique James Lindsay l&#39;a rencontr\u00e9 et l&#39;a nomm\u00e9e Lindsay Island. <\/p>\n<p>La premi\u00e8re affirmation \u00e0 avoir atterri sur l&#39;\u00eele a \u00e9t\u00e9 faite par le marin am\u00e9ricain Benjamin Morrell, bien que cette affirmation soit contest\u00e9e. En 1825, l&#39;\u00eele a \u00e9t\u00e9 revendiqu\u00e9e pour la couronne britannique par George Norris, qui l&#39;a nomm\u00e9e Liverpool Island. Puis, en 1927, la premi\u00e8re exp\u00e9dition de Norvegia a atterri sur l&#39;\u00eele et l&#39;a revendiqu\u00e9e pour la Norv\u00e8ge. \u00c0 ce stade, l&#39;\u00eele a re\u00e7u son nom actuel, ou \u00ab\u00a0Bouvet\u00f8ya\u00a0\u00bb en Norv\u00e9gien. En 1930, \u00e0 la suite de la r\u00e9solution d&#39;un diff\u00e9rend avec le Royaume-Uni sur les droits de r\u00e9clamation, il a \u00e9t\u00e9 d\u00e9clar\u00e9 de d\u00e9pendance norv\u00e9gienne. <\/p>\n<\/div>\n<div>\n<p>En 1971, l&#39;\u00eele a \u00e9t\u00e9 nomm\u00e9e r\u00e9serve naturelle prot\u00e9g\u00e9e officielle. Cependant, les conditions m\u00e9t\u00e9orologiques extr\u00eames signifient qu&#39;il y a tr\u00e8s peu de faune sur l&#39;\u00eele. En fait, la seule vie non plante est les champignons, les types de mousse et de foie.<\/p>\n<p>Cependant, il y a beaucoup de pingouins et de phoques sur l&#39;\u00eele, notamment les macaroni, le chinstrap et le pingouin Adelie ainsi que les phoques du sud des \u00e9l\u00e9phants et des fourrures en antarctique. Plusieurs types de baleines et de dauphins &#8211; y compris les baleines droites du sud, les bosses et l&#39;orque &#8211; font \u00e9galement passer Bouvet.<\/p>\n<p>Le navire d&#39;exp\u00e9dition Hanse Explorer a visit\u00e9 l&#39;\u00eele de Bouvet en f\u00e9vrier 2012 dans le cadre de \u00ab\u00a0l&#39;exp\u00e9dition pour le futur\u00a0\u00bb. L&#39;objectif \u00e9tait d&#39;atterrir et de gravir le point le plus \u00e9lev\u00e9 de l&#39;\u00eele. Les quatre premiers grimpeurs (Aaron Halstead, Will Allen, Bruno Rodi et Jason Rodi) l&#39;ont fait, laissant derri\u00e8re lui une capsule temporelle contenant les meilleures visions du futur pour 2062. Le lendemain matin, Aaron Halstead a men\u00e9 cinq autres grimpeurs (Sarto Blouin, Seth Sherman, Chakib Bouayed, l&#39;actrice canadienne Cindy Sampson et Akos Hivekovics) Toptch Crindy Sampson.<\/p>\n<\/div>\n","protected":false},"excerpt":{"rendered":"<p>Dispers\u00e9s \u00e0 travers le monde se trouvent une vaste gamme d&#39;\u00eeles qui appartiennent \u00e0 des pays souvent \u00e0 des milliers de kilom\u00e8tres de l\u00e0, allant<\/p>\n","protected":false},"author":1,"featured_media":4861,"comment_status":"closed","ping_status":"","sticky":false,"template":"","format":"standard","meta":{"footnotes":""},"categories":[2277],"tags":[1470,2080,1349,987,453,4923,4921,91],"yoast_head":"<!-- This site is optimized with the Yoast SEO plugin v21.0 - https:\/\/yoast.com\/wordpress\/plugins\/seo\/ -->\n<title>La petite partie de l&#039;\u00eele de l&#039;Europe a surnomm\u00e9 \u00abl&#039;endroit le plus solitaire de la Terre\u00bb<\/title>\n<meta name=\"robots\" content=\"index, follow, max-snippet:-1, max-image-preview:large, max-video-preview:-1\" \/>\n<link rel=\"canonical\" href=\"https:\/\/www.svalbard.fr\/actualites\/la-petite-partie-de-lile-de-leurope-a-surnomme-lendroit-le-plus-solitaire-de-la-terre\/\" \/>\n<meta property=\"og:locale\" content=\"fr_FR\" \/>\n<meta property=\"og:type\" content=\"article\" \/>\n<meta property=\"og:title\" content=\"La petite partie de l&#039;\u00eele de l&#039;Europe a surnomm\u00e9 \u00abl&#039;endroit le plus solitaire de la Terre\u00bb\" \/>\n<meta property=\"og:description\" content=\"Dispers\u00e9s \u00e0 travers le monde se trouvent une vaste gamme d&#039;\u00eeles qui appartiennent \u00e0 des pays souvent \u00e0 des milliers de kilom\u00e8tres de l\u00e0, allant\" \/>\n<meta property=\"og:url\" content=\"https:\/\/www.svalbard.fr\/actualites\/la-petite-partie-de-lile-de-leurope-a-surnomme-lendroit-le-plus-solitaire-de-la-terre\/\" \/>\n<meta property=\"og:site_name\" content=\"www.Svalbard.fr\" \/>\n<meta property=\"article:published_time\" content=\"2025-08-02T17:50:21+00:00\" \/>\n<meta property=\"article:modified_time\" content=\"2025-08-02T17:50:23+00:00\" \/>\n<meta property=\"og:image\" content=\"https:\/\/www.svalbard.fr\/actualites\/wp-content\/uploads\/2025\/08\/La-petite-partie-de-l39ile-de-l39Europe-a-surnomme-l39endroit.jpg\" \/>\n\t<meta property=\"og:image:width\" content=\"1200\" \/>\n\t<meta property=\"og:image:height\" content=\"630\" \/>\n\t<meta property=\"og:image:type\" content=\"image\/jpeg\" \/>\n<meta name=\"author\" content=\"Hilmar\" \/>\n<meta name=\"twitter:card\" content=\"summary_large_image\" \/>\n<meta name=\"twitter:label1\" content=\"\u00c9crit par\" \/>\n\t<meta name=\"twitter:data1\" content=\"Hilmar\" \/>\n\t<meta name=\"twitter:label2\" content=\"Dur\u00e9e de lecture estim\u00e9e\" \/>\n\t<meta name=\"twitter:data2\" content=\"3 minutes\" \/>\n<script type=\"application\/ld+json\" class=\"yoast-schema-graph\">{\"@context\":\"https:\/\/schema.org\",\"@graph\":[{\"@type\":\"Article\",\"@id\":\"https:\/\/www.svalbard.fr\/actualites\/la-petite-partie-de-lile-de-leurope-a-surnomme-lendroit-le-plus-solitaire-de-la-terre\/#article\",\"isPartOf\":{\"@id\":\"https:\/\/www.svalbard.fr\/actualites\/la-petite-partie-de-lile-de-leurope-a-surnomme-lendroit-le-plus-solitaire-de-la-terre\/\"},\"author\":{\"name\":\"Hilmar\",\"@id\":\"https:\/\/www.svalbard.fr\/actualites\/#\/schema\/person\/a2f937d5712222366738fae98755c600\"},\"headline\":\"La petite partie de l&#39;\u00eele de l&#39;Europe a surnomm\u00e9 \u00abl&#39;endroit le plus solitaire de la Terre\u00bb\",\"datePublished\":\"2025-08-02T17:50:21+00:00\",\"dateModified\":\"2025-08-02T17:50:23+00:00\",\"mainEntityOfPage\":{\"@id\":\"https:\/\/www.svalbard.fr\/actualites\/la-petite-partie-de-lile-de-leurope-a-surnomme-lendroit-le-plus-solitaire-de-la-terre\/\"},\"wordCount\":697,\"publisher\":{\"@id\":\"https:\/\/www.svalbard.fr\/actualites\/#organization\"},\"keywords\":[\"l39endroit\",\"l39Europe\",\"L39\u00eele\",\"partie\",\"petite\",\"solitaire\",\"surnomm\u00e9\",\"Terre\"],\"inLanguage\":\"fr-FR\"},{\"@type\":\"WebPage\",\"@id\":\"https:\/\/www.svalbard.fr\/actualites\/la-petite-partie-de-lile-de-leurope-a-surnomme-lendroit-le-plus-solitaire-de-la-terre\/\",\"url\":\"https:\/\/www.svalbard.fr\/actualites\/la-petite-partie-de-lile-de-leurope-a-surnomme-lendroit-le-plus-solitaire-de-la-terre\/\",\"name\":\"La petite partie de l&#39;\u00eele de l&#39;Europe a surnomm\u00e9 \u00abl&#39;endroit le plus solitaire de la Terre\u00bb\",\"isPartOf\":{\"@id\":\"https:\/\/www.svalbard.fr\/actualites\/#website\"},\"datePublished\":\"2025-08-02T17:50:21+00:00\",\"dateModified\":\"2025-08-02T17:50:23+00:00\",\"breadcrumb\":{\"@id\":\"https:\/\/www.svalbard.fr\/actualites\/la-petite-partie-de-lile-de-leurope-a-surnomme-lendroit-le-plus-solitaire-de-la-terre\/#breadcrumb\"},\"inLanguage\":\"fr-FR\",\"potentialAction\":[{\"@type\":\"ReadAction\",\"target\":[\"https:\/\/www.svalbard.fr\/actualites\/la-petite-partie-de-lile-de-leurope-a-surnomme-lendroit-le-plus-solitaire-de-la-terre\/\"]}]},{\"@type\":\"BreadcrumbList\",\"@id\":\"https:\/\/www.svalbard.fr\/actualites\/la-petite-partie-de-lile-de-leurope-a-surnomme-lendroit-le-plus-solitaire-de-la-terre\/#breadcrumb\",\"itemListElement\":[{\"@type\":\"ListItem\",\"position\":1,\"name\":\"Accueil\",\"item\":\"https:\/\/www.svalbard.fr\/actualites\/\"},{\"@type\":\"ListItem\",\"position\":2,\"name\":\"La petite partie de l&#39;\u00eele de l&#39;Europe a surnomm\u00e9 \u00abl&#39;endroit le plus solitaire de la Terre\u00bb\"}]},{\"@type\":\"WebSite\",\"@id\":\"https:\/\/www.svalbard.fr\/actualites\/#website\",\"url\":\"https:\/\/www.svalbard.fr\/actualites\/\",\"name\":\"www.Svalbard.fr\",\"description\":\"\",\"publisher\":{\"@id\":\"https:\/\/www.svalbard.fr\/actualites\/#organization\"},\"potentialAction\":[{\"@type\":\"SearchAction\",\"target\":{\"@type\":\"EntryPoint\",\"urlTemplate\":\"https:\/\/www.svalbard.fr\/actualites\/?s={search_term_string}\"},\"query-input\":\"required name=search_term_string\"}],\"inLanguage\":\"fr-FR\"},{\"@type\":\"Organization\",\"@id\":\"https:\/\/www.svalbard.fr\/actualites\/#organization\",\"name\":\"www.Svalbard.fr\",\"url\":\"https:\/\/www.svalbard.fr\/actualites\/\",\"logo\":{\"@type\":\"ImageObject\",\"inLanguage\":\"fr-FR\",\"@id\":\"https:\/\/www.svalbard.fr\/actualites\/#\/schema\/logo\/image\/\",\"url\":\"https:\/\/www.svalbard.fr\/actualites\/wp-content\/uploads\/2023\/09\/head-nom.jpg\",\"contentUrl\":\"https:\/\/www.svalbard.fr\/actualites\/wp-content\/uploads\/2023\/09\/head-nom.jpg\",\"width\":264,\"height\":35,\"caption\":\"www.Svalbard.fr\"},\"image\":{\"@id\":\"https:\/\/www.svalbard.fr\/actualites\/#\/schema\/logo\/image\/\"}},{\"@type\":\"Person\",\"@id\":\"https:\/\/www.svalbard.fr\/actualites\/#\/schema\/person\/a2f937d5712222366738fae98755c600\",\"name\":\"Hilmar\",\"image\":{\"@type\":\"ImageObject\",\"inLanguage\":\"fr-FR\",\"@id\":\"https:\/\/www.svalbard.fr\/actualites\/#\/schema\/person\/image\/\",\"url\":\"https:\/\/secure.gravatar.com\/avatar\/4daa437093476dbc32da415c112b6512?s=96&d=mm&r=g\",\"contentUrl\":\"https:\/\/secure.gravatar.com\/avatar\/4daa437093476dbc32da415c112b6512?s=96&d=mm&r=g\",\"caption\":\"Hilmar\"},\"description\":\"Hilmar est un passionn\u00e9 des r\u00e9gions polaires, sp\u00e9cialis\u00e9 dans la r\u00e9daction d'articles sur le Spitzberg et autres destinations arctiques. Il apporte son expertise et sa passion pour l'Arctique au sein de l'\u00e9quipe de r\u00e9daction de Svalbard depuis de nombreuses ann\u00e9es.\",\"sameAs\":[\"https:\/\/www.svalbard.fr\/\"]}]}<\/script>\n<!-- \/ Yoast SEO plugin. -->","yoast_head_json":{"title":"La petite partie de l&#39;\u00eele de l&#39;Europe a surnomm\u00e9 \u00abl&#39;endroit le plus solitaire de la Terre\u00bb","robots":{"index":"index","follow":"follow","max-snippet":"max-snippet:-1","max-image-preview":"max-image-preview:large","max-video-preview":"max-video-preview:-1"},"canonical":"https:\/\/www.svalbard.fr\/actualites\/la-petite-partie-de-lile-de-leurope-a-surnomme-lendroit-le-plus-solitaire-de-la-terre\/","og_locale":"fr_FR","og_type":"article","og_title":"La petite partie de l&#39;\u00eele de l&#39;Europe a surnomm\u00e9 \u00abl&#39;endroit le plus solitaire de la Terre\u00bb","og_description":"Dispers\u00e9s \u00e0 travers le monde se trouvent une vaste gamme d&#39;\u00eeles qui appartiennent \u00e0 des pays souvent \u00e0 des milliers de kilom\u00e8tres de l\u00e0, allant","og_url":"https:\/\/www.svalbard.fr\/actualites\/la-petite-partie-de-lile-de-leurope-a-surnomme-lendroit-le-plus-solitaire-de-la-terre\/","og_site_name":"www.Svalbard.fr","article_published_time":"2025-08-02T17:50:21+00:00","article_modified_time":"2025-08-02T17:50:23+00:00","og_image":[{"width":1200,"height":630,"url":"https:\/\/www.svalbard.fr\/actualites\/wp-content\/uploads\/2025\/08\/La-petite-partie-de-l39ile-de-l39Europe-a-surnomme-l39endroit.jpg","type":"image\/jpeg"}],"author":"Hilmar","twitter_card":"summary_large_image","twitter_misc":{"\u00c9crit par":"Hilmar","Dur\u00e9e de lecture estim\u00e9e":"3 minutes"},"schema":{"@context":"https:\/\/schema.org","@graph":[{"@type":"Article","@id":"https:\/\/www.svalbard.fr\/actualites\/la-petite-partie-de-lile-de-leurope-a-surnomme-lendroit-le-plus-solitaire-de-la-terre\/#article","isPartOf":{"@id":"https:\/\/www.svalbard.fr\/actualites\/la-petite-partie-de-lile-de-leurope-a-surnomme-lendroit-le-plus-solitaire-de-la-terre\/"},"author":{"name":"Hilmar","@id":"https:\/\/www.svalbard.fr\/actualites\/#\/schema\/person\/a2f937d5712222366738fae98755c600"},"headline":"La petite partie de l&#39;\u00eele de l&#39;Europe a surnomm\u00e9 \u00abl&#39;endroit le plus solitaire de la Terre\u00bb","datePublished":"2025-08-02T17:50:21+00:00","dateModified":"2025-08-02T17:50:23+00:00","mainEntityOfPage":{"@id":"https:\/\/www.svalbard.fr\/actualites\/la-petite-partie-de-lile-de-leurope-a-surnomme-lendroit-le-plus-solitaire-de-la-terre\/"},"wordCount":697,"publisher":{"@id":"https:\/\/www.svalbard.fr\/actualites\/#organization"},"keywords":["l39endroit","l39Europe","L39\u00eele","partie","petite","solitaire","surnomm\u00e9","Terre"],"inLanguage":"fr-FR"},{"@type":"WebPage","@id":"https:\/\/www.svalbard.fr\/actualites\/la-petite-partie-de-lile-de-leurope-a-surnomme-lendroit-le-plus-solitaire-de-la-terre\/","url":"https:\/\/www.svalbard.fr\/actualites\/la-petite-partie-de-lile-de-leurope-a-surnomme-lendroit-le-plus-solitaire-de-la-terre\/","name":"La petite partie de l&#39;\u00eele de l&#39;Europe a surnomm\u00e9 \u00abl&#39;endroit le plus solitaire de la Terre\u00bb","isPartOf":{"@id":"https:\/\/www.svalbard.fr\/actualites\/#website"},"datePublished":"2025-08-02T17:50:21+00:00","dateModified":"2025-08-02T17:50:23+00:00","breadcrumb":{"@id":"https:\/\/www.svalbard.fr\/actualites\/la-petite-partie-de-lile-de-leurope-a-surnomme-lendroit-le-plus-solitaire-de-la-terre\/#breadcrumb"},"inLanguage":"fr-FR","potentialAction":[{"@type":"ReadAction","target":["https:\/\/www.svalbard.fr\/actualites\/la-petite-partie-de-lile-de-leurope-a-surnomme-lendroit-le-plus-solitaire-de-la-terre\/"]}]},{"@type":"BreadcrumbList","@id":"https:\/\/www.svalbard.fr\/actualites\/la-petite-partie-de-lile-de-leurope-a-surnomme-lendroit-le-plus-solitaire-de-la-terre\/#breadcrumb","itemListElement":[{"@type":"ListItem","position":1,"name":"Accueil","item":"https:\/\/www.svalbard.fr\/actualites\/"},{"@type":"ListItem","position":2,"name":"La petite partie de l&#39;\u00eele de l&#39;Europe a surnomm\u00e9 \u00abl&#39;endroit le plus solitaire de la Terre\u00bb"}]},{"@type":"WebSite","@id":"https:\/\/www.svalbard.fr\/actualites\/#website","url":"https:\/\/www.svalbard.fr\/actualites\/","name":"www.Svalbard.fr","description":"","publisher":{"@id":"https:\/\/www.svalbard.fr\/actualites\/#organization"},"potentialAction":[{"@type":"SearchAction","target":{"@type":"EntryPoint","urlTemplate":"https:\/\/www.svalbard.fr\/actualites\/?s={search_term_string}"},"query-input":"required name=search_term_string"}],"inLanguage":"fr-FR"},{"@type":"Organization","@id":"https:\/\/www.svalbard.fr\/actualites\/#organization","name":"www.Svalbard.fr","url":"https:\/\/www.svalbard.fr\/actualites\/","logo":{"@type":"ImageObject","inLanguage":"fr-FR","@id":"https:\/\/www.svalbard.fr\/actualites\/#\/schema\/logo\/image\/","url":"https:\/\/www.svalbard.fr\/actualites\/wp-content\/uploads\/2023\/09\/head-nom.jpg","contentUrl":"https:\/\/www.svalbard.fr\/actualites\/wp-content\/uploads\/2023\/09\/head-nom.jpg","width":264,"height":35,"caption":"www.Svalbard.fr"},"image":{"@id":"https:\/\/www.svalbard.fr\/actualites\/#\/schema\/logo\/image\/"}},{"@type":"Person","@id":"https:\/\/www.svalbard.fr\/actualites\/#\/schema\/person\/a2f937d5712222366738fae98755c600","name":"Hilmar","image":{"@type":"ImageObject","inLanguage":"fr-FR","@id":"https:\/\/www.svalbard.fr\/actualites\/#\/schema\/person\/image\/","url":"https:\/\/secure.gravatar.com\/avatar\/4daa437093476dbc32da415c112b6512?s=96&d=mm&r=g","contentUrl":"https:\/\/secure.gravatar.com\/avatar\/4daa437093476dbc32da415c112b6512?s=96&d=mm&r=g","caption":"Hilmar"},"description":"Hilmar est un passionn\u00e9 des r\u00e9gions polaires, sp\u00e9cialis\u00e9 dans la r\u00e9daction d'articles sur le Spitzberg et autres destinations arctiques. Il apporte son expertise et sa passion pour l'Arctique au sein de l'\u00e9quipe de r\u00e9daction de Svalbard depuis de nombreuses ann\u00e9es.","sameAs":["https:\/\/www.svalbard.fr\/"]}]}},"_links":{"self":[{"href":"https:\/\/www.svalbard.fr\/actualites\/wp-json\/wp\/v2\/posts\/4860"}],"collection":[{"href":"https:\/\/www.svalbard.fr\/actualites\/wp-json\/wp\/v2\/posts"}],"about":[{"href":"https:\/\/www.svalbard.fr\/actualites\/wp-json\/wp\/v2\/types\/post"}],"author":[{"embeddable":true,"href":"https:\/\/www.svalbard.fr\/actualites\/wp-json\/wp\/v2\/users\/1"}],"replies":[{"embeddable":true,"href":"https:\/\/www.svalbard.fr\/actualites\/wp-json\/wp\/v2\/comments?post=4860"}],"version-history":[{"count":1,"href":"https:\/\/www.svalbard.fr\/actualites\/wp-json\/wp\/v2\/posts\/4860\/revisions"}],"predecessor-version":[{"id":4862,"href":"https:\/\/www.svalbard.fr\/actualites\/wp-json\/wp\/v2\/posts\/4860\/revisions\/4862"}],"wp:featuredmedia":[{"embeddable":true,"href":"https:\/\/www.svalbard.fr\/actualites\/wp-json\/wp\/v2\/media\/4861"}],"wp:attachment":[{"href":"https:\/\/www.svalbard.fr\/actualites\/wp-json\/wp\/v2\/media?parent=4860"}],"wp:term":[{"taxonomy":"category","embeddable":true,"href":"https:\/\/www.svalbard.fr\/actualites\/wp-json\/wp\/v2\/categories?post=4860"},{"taxonomy":"post_tag","embeddable":true,"href":"https:\/\/www.svalbard.fr\/actualites\/wp-json\/wp\/v2\/tags?post=4860"}],"curies":[{"name":"wp","href":"https:\/\/api.w.org\/{rel}","templated":true}]}}