{"id":4874,"date":"2025-08-14T13:32:35","date_gmt":"2025-08-14T11:32:35","guid":{"rendered":"https:\/\/www.svalbard.fr\/actualites\/helikopter-service-flight-451-tragedie-de-lhelicoptere-offshore-en-norvege\/"},"modified":"2025-08-14T13:32:35","modified_gmt":"2025-08-14T11:32:35","slug":"helikopter-service-flight-451-tragedie-de-lhelicoptere-offshore-en-norvege","status":"publish","type":"post","link":"https:\/\/www.svalbard.fr\/actualites\/helikopter-service-flight-451-tragedie-de-lhelicoptere-offshore-en-norvege\/","title":{"rendered":"H\u00e9likopter Service Flight 451: Trag\u00e9die de l&#39;h\u00e9licopt\u00e8re offshore en Norv\u00e8ge"},"content":{"rendered":"<div itemprop=\"text\">\n\t\t\t<span id=\"dpsp-post-content-markup\" data-image-pin-it=\"false\"><\/span><\/p>\n<p class=\"intro\">En 1997, un vol d&#39;h\u00e9licopt\u00e8re de routine transportant des travailleurs du p\u00e9trole offshore s&#39;est termin\u00e9 par une catastrophe. Le crash du vol d&#39;h\u00e9likopter 451 reste l&#39;un des pires accidents de l&#39;aviation de l&#39;histoire norv\u00e9gienne.<\/p>\n<p>Le 8 septembre 1997, un h\u00e9licopt\u00e8re Super Puma exploit\u00e9 par Helikopter Service s&#39;est \u00e9cras\u00e9 en mer du Nord alors qu&#39;il en route de Br\u00f8nn\u00f8ysund au champ p\u00e9trolier de Norne. Les 12 personnes \u00e0 bord ont perdu la vie.<\/p>\n<figure class=\"wp-block-image size-large\"><img data-lazyloaded=\"1\" data-placeholder-resp=\"768x432\" fetchpriority=\"high\" decoding=\"async\" width=\"768\" height=\"432\" src=\"https:\/\/www.svalbard.fr\/actualites\/wp-content\/uploads\/2025\/08\/Helikopter-Service-Flight-451-Tragedie-de-l39helicoptere-offshore-en-Norvege.jpg\" alt=\"Image de la mer norv\u00e9gienne au coucher du soleil. Photo: David Nikel.\" class=\"wp-image-84121\"  data-><noscript><img fetchpriority=\"high\" decoding=\"async\" width=\"768\" height=\"432\" src=\"https:\/\/www.svalbard.fr\/actualites\/wp-content\/uploads\/2025\/08\/Helikopter-Service-Flight-451-Tragedie-de-l39helicoptere-offshore-en-Norvege.jpg\" alt=\"Image de la mer norv\u00e9gienne au coucher du soleil. Photo: David Nikel.\" class=\"wp-image-84121\"  ><\/noscript><\/figure>\n<p>La trag\u00e9die a envoy\u00e9 des ondes de choc via la communaut\u00e9 offshore de la Norv\u00e8ge et a provoqu\u00e9 des changements g\u00e9n\u00e9ralis\u00e9s dans la s\u00e9curit\u00e9, l&#39;entretien et les protocoles de transport offshore.<\/p>\n<h2 class=\"wp-block-heading\">Le vol et l&#39;accident<\/h2>\n<p>Helikopter Service Flight 451 \u00e9tait un service de transport r\u00e9gulier transportant des travailleurs \u00e0 et depuis des installations de p\u00e9trole offshore. Le jour de l&#39;accident, l&#39;h\u00e9licopt\u00e8re &#8211; un Eurocopter AS332 L1 Super Puma &#8211; a d\u00e9clar\u00e9 Br\u00f8nn\u00f8ysund juste avant midi.<\/p>\n<p>\u00c0 environ 100 kilom\u00e8tres au large des c\u00f4tes, l&#39;h\u00e9licopt\u00e8re a subi une soudaine d\u00e9faillance catastrophique. Des t\u00e9moins oculaires ont rapport\u00e9 que les pales de rotor principales se s\u00e9paraient de l&#39;avion \u00e0 mi-vol, apr\u00e8s quoi l&#39;h\u00e9licopt\u00e8re a chut\u00e9 dans la mer.<\/p>\n<p>Une op\u00e9ration de recherche et de sauvetage a \u00e9t\u00e9 lanc\u00e9e imm\u00e9diatement, impliquant des h\u00e9licopt\u00e8res, des navires et des plongeurs, mais il n&#39;y avait pas de survivants. Les corps des 12 \u00e0 bord ont ensuite \u00e9t\u00e9 r\u00e9cup\u00e9r\u00e9s.<\/p>\n<h2 class=\"wp-block-heading\">Qui \u00e9taient les victimes?<\/h2>\n<p>Les dix passagers \u00e0 bord \u00e9taient tous des travailleurs de l&#39;industrie p\u00e9troli\u00e8re en route vers le champ Norne en mer Norv\u00e9gienne. \u00c0 l&#39;\u00e9poque, Norne \u00e9tait un d\u00e9veloppement de p\u00e9trole relativement nouveau exploit\u00e9 par Statoil (maintenant Equinor), et l&#39;\u00e9quipage se dirigeait vers le large pour leur rotation de travail.<\/p>\n<p>C&#39;\u00e9taient des professionnels exp\u00e9riment\u00e9s &#8211; les ing\u00e9nieurs, les techniciens et le personnel de maintenance &#8211; qui \u00e9taient bien accessibles \u00e0 la routine de voler vers et depuis les installations d&#39;h\u00e9licopt\u00e8re.<\/p>\n<p>Les deux pilotes \u00e9taient \u00e9galement des professionnels chevronn\u00e9s employ\u00e9s par Helikopter Service, qui \u00e9tait le principal fournisseur de transport d&#39;h\u00e9licopt\u00e8res offshore en Norv\u00e8ge dans les ann\u00e9es 1990. Les deux avaient enregistr\u00e9 des centaines d&#39;heures \u00e0 voler dans des conditions exigeantes de la mer du Nord.<\/p>\n<p>Lorsque la nouvelle de l&#39;accident a \u00e9clat\u00e9, elle a frapp\u00e9 dur les communaut\u00e9s offshore, en particulier dans l&#39;ouest de la Norv\u00e8ge et dans la r\u00e9gion de Tr\u00f8ndelag, o\u00f9 de nombreux travailleurs du p\u00e9trole et de leurs familles sont bas\u00e9s.<\/p>\n<p>Des villes comme Bergen, Stavanger, Kristiansund et Br\u00f8nn\u00f8ysund sont entr\u00e9es dans le deuil collectif. Les drapeaux ont \u00e9t\u00e9 abaiss\u00e9s et les \u00e9glises locales ont ouvert leurs portes pour offrir de l&#39;espace pour la pri\u00e8re et le souvenir.<\/p>\n<p>Dans ces villes c\u00f4ti\u00e8res, presque tout le monde conna\u00eet quelqu&#39;un qui travaille au large. La trag\u00e9die a \u00e9t\u00e9 un rappel s\u00e9v\u00e8re que, bien que l&#39;industrie du p\u00e9trole et du gaz norv\u00e9gien ait apport\u00e9 la prosp\u00e9rit\u00e9 et l&#39;emploi, il comporte \u00e9galement des dangers tr\u00e8s r\u00e9els.<\/p>\n<figure class=\"wp-block-image size-large\"><img loading=\"lazy\" data-lazyloaded=\"1\" data-placeholder-resp=\"768x471\" decoding=\"async\" width=\"768\" height=\"471\" src=\"https:\/\/www.svalbard.fr\/actualites\/wp-content\/uploads\/2025\/08\/1755171155_645_Helikopter-Service-Flight-451-Tragedie-de-l39helicoptere-offshore-en-Norvege.jpg\" alt=\"Un super PUMA similaire exploit\u00e9 par Helikopter Service. Photo: KS-U92 \/ Wikipedia CC.\" class=\"wp-image-84120\"  data-><noscript><img loading=\"lazy\" decoding=\"async\" width=\"768\" height=\"471\" src=\"https:\/\/www.svalbard.fr\/actualites\/wp-content\/uploads\/2025\/08\/1755171155_645_Helikopter-Service-Flight-451-Tragedie-de-l39helicoptere-offshore-en-Norvege.jpg\" alt=\"Un super PUMA similaire exploit\u00e9 par Helikopter Service. Photo: KS-U92 \/ Wikipedia CC.\" class=\"wp-image-84120\"  ><\/noscript><\/figure>\n<p>Les fun\u00e9railles et les services comm\u00e9moratifs ont eu lieu dans les villes natales \u00e0 travers le pays. Pour les familles, le crash \u00e9tait d\u00e9vastateur. Beaucoup avaient vu leurs proches partir pour ce qui semblait \u00eatre une autre rotation de routine.<\/p>\n<p>La soudainet\u00e9 et la violence de l&#39;incident combin\u00e9es \u00e0 l&#39;incapacit\u00e9 de dire au revoir ont laiss\u00e9 une cicatrice \u00e9motionnelle durable.<\/p>\n<p>Le chagrin a \u00e9t\u00e9 aggrav\u00e9 par les questions qui ont suivi. Comment un tel \u00e9chec catastrophique pourrait-il se produire? Aurait-il pu \u00eatre emp\u00each\u00e9? Et que serait-il fait pour s&#39;assurer que cela ne s&#39;est plus jamais produit?<\/p>\n<h2 class=\"wp-block-heading\">L&#39;enqu\u00eate<\/h2>\n<p>Au lendemain de l&#39;accident, le Norwegian Accident Investigation Board a lanc\u00e9 une enqu\u00eate d\u00e9taill\u00e9e sur la cause de l&#39;accident.<\/p>\n<p>Les efforts de r\u00e9cup\u00e9ration ont r\u00e9ussi \u00e0 r\u00e9cup\u00e9rer des parties cl\u00e9s de l&#39;\u00e9pave du fond marin, y compris la bo\u00eete de vitesses, qui est devenue au c\u0153ur de l&#39;enqu\u00eate.<\/p>\n<p>Les enqu\u00eateurs ont d\u00e9couvert que le rotor principal de l&#39;h\u00e9licopt\u00e8re s&#39;\u00e9tait s\u00e9par\u00e9 du fuselage \u00e0 mi-vol en raison d&#39;une d\u00e9faillance m\u00e9canique. Au c\u0153ur de la d\u00e9faillance se trouvait une fissure de fatigue dans une manche spin\u00e9e \u00e0 l&#39;int\u00e9rieur de la bo\u00eete de vitesses principale.<\/p>\n<p>Ce composant apparemment petit avait une fonction critique: la transmission de puissance des moteurs au syst\u00e8me de rotor. Lorsqu&#39;il s&#39;est fractur\u00e9, le rotor s&#39;est d\u00e9tach\u00e9, rendant impossible toute r\u00e9cup\u00e9ration ou atterrissage d&#39;urgence.<\/p>\n<p>Une analyse plus approfondie a r\u00e9v\u00e9l\u00e9 que la fissure s&#39;\u00e9tait d\u00e9velopp\u00e9e au fil du temps en raison d&#39;un d\u00e9faut de conception auparavant non d\u00e9tect\u00e9. De minuscules fissures dans le m\u00e9tal avaient grandi \u00e0 chaque cycle de vol, ce qui entra\u00eene finalement une d\u00e9faillance totale sans avertissement.<\/p>\n<p>Le fabricant, Eurocopter (maintenant Airbus Helicopters), a coop\u00e9r\u00e9 pleinement avec l&#39;enqu\u00eate et a \u00e9mis des bulletins de s\u00e9curit\u00e9 imm\u00e9diates. Par pr\u00e9caution, les autorit\u00e9s de l&#39;aviation europ\u00e9enne ont fond\u00e9 des h\u00e9licopt\u00e8res du m\u00eame mod\u00e8le jusqu&#39;\u00e0 ce qu&#39;ils aient subi une inspection approfondie et, dans de nombreux cas, le remplacement des composants affect\u00e9s.<\/p>\n<p>L&#39;incident a \u00e9galement d\u00e9clench\u00e9 un examen global plus large des syst\u00e8mes de surveillance de la bo\u00eete de vitesses, des protocoles de maintenance et des mat\u00e9riaux utilis\u00e9s dans la conception des h\u00e9licopt\u00e8res.<\/p>\n<p>Le rapport de l&#39;AIBN a \u00e9t\u00e9 frappant dans ses conclusions: si la faille avait \u00e9t\u00e9 identifi\u00e9e plus t\u00f4t, la trag\u00e9die aurait pu \u00eatre emp\u00each\u00e9e. Il a appel\u00e9 \u00e0 un accent plus fort sur la maintenance pr\u00e9dictive et les tests de fatigue \u00e0 long terme dans la certification des composants des avions.<\/p>\n<h2 class=\"wp-block-heading\">Un tournant pour la s\u00e9curit\u00e9 offshore<\/h2>\n<p>Le crash du vol d&#39;h\u00e9likopter 451 a marqu\u00e9 un tournant dans le secteur de l&#39;aviation offshore en Norv\u00e8ge. Alors que le pays avait d\u00e9j\u00e0 des normes de s\u00e9curit\u00e9 relativement \u00e9lev\u00e9es, la catastrophe a expos\u00e9 les faiblesses de la surveillance technique et de la pr\u00e9paration psychologique.<\/p>\n<p>Au cours des mois et des ann\u00e9es qui ont suivi l&#39;un des pires accidents a\u00e9riens de la Norv\u00e8ge, des changements radicaux ont \u00e9t\u00e9 introduits. Les op\u00e9rateurs de vols offshore ont \u00e9t\u00e9 n\u00e9cessaires pour am\u00e9liorer les routines d&#39;inspection, en particulier pour les composants de la bo\u00eete de vitesses et de la transmission.<\/p>\n<p>Les fabricants \u00e9taient confront\u00e9s \u00e0 des exigences de certification plus strictes, et il y avait des investissements croissants dans des technologies qui pourraient mieux surveiller l&#39;usure en temps r\u00e9el.<\/p>\n<p>Au-del\u00e0 des r\u00e9formes techniques, la trag\u00e9die a \u00e9galement attir\u00e9 l&#39;attention sur le co\u00fbt humain des op\u00e9rations offshore. Les syst\u00e8mes de soutien aux travailleurs offshore et \u00e0 leurs familles ont \u00e9t\u00e9 \u00e9largis, y compris l&#39;acc\u00e8s aux services de conseil, aux ressources de sant\u00e9 mentale et \u00e0 une communication plus claire lors des incidents.<\/p>\n<p>Le vol 451 est devenu un point de r\u00e9f\u00e9rence dans le d\u00e9bat public norv\u00e9gien, non seulement sur la s\u00e9curit\u00e9 a\u00e9rienne, mais sur la valeur de la vie humaine dans les industries \u00e0 haut risque.<\/p>\n<p>L&#39;accident a rappel\u00e9 \u00e0 la nation que m\u00eame le transport de routine vers et depuis les plates-formes p\u00e9troli\u00e8res doit \u00eatre trait\u00e9e avec la m\u00eame gravit\u00e9 que toute autre op\u00e9ration de vol critique.<\/p>\n<h2 class=\"wp-block-heading\">Se souvenir du vol 451<\/h2>\n<p>Aujourd&#39;hui, le vol 451 est connu non seulement pour les vies perdues, mais pour les am\u00e9liorations de la s\u00e9curit\u00e9 qui ont suivi. Au cours des ann\u00e9es qui ont suivi, la Norv\u00e8ge est devenue un leader de la s\u00e9curit\u00e9 des h\u00e9licopt\u00e8res offshore, avec certaines des normes les plus rigoureuses du monde.<\/p>\n<p>Des monuments comm\u00e9moratifs ont eu lieu dans les communaut\u00e9s touch\u00e9es, et les noms des victimes sont toujours parl\u00e9s avec une r\u00e9v\u00e9rence silencieuse par ceux de l&#39;industrie offshore.<\/p>\n<p>Bien que les voyages en avion dans les installations offshore soient devenus plus s\u00fbrs au fil des ans, la m\u00e9moire du vol d&#39;h\u00e9likopter 451 perdure pour rappeler les sacrifices faits par ceux qui soutiennent l&#39;industrie de l&#39;\u00e9nergie norv\u00e9gienne.<\/p>\n<p>La trag\u00e9die a chang\u00e9 la fa\u00e7on dont la Norv\u00e8ge approche de la s\u00e9curit\u00e9 des vols offshore, garantissant que ceux qui voyagent sur la mer pour le travail sont mieux prot\u00e9g\u00e9s que jamais.<\/p>\n<\/p><\/div>\n","protected":false},"excerpt":{"rendered":"<p>En 1997, un vol d&#39;h\u00e9licopt\u00e8re de routine transportant des travailleurs du p\u00e9trole offshore s&#39;est termin\u00e9 par une catastrophe. Le crash du vol d&#39;h\u00e9likopter 451 reste<\/p>\n","protected":false},"author":1,"featured_media":4875,"comment_status":"","ping_status":"","sticky":false,"template":"","format":"standard","meta":{"footnotes":""},"categories":[2277],"tags":[4949,4947,4951,6,4953,1392,1894],"yoast_head":"<!-- This site is optimized with the Yoast SEO plugin v21.0 - https:\/\/yoast.com\/wordpress\/plugins\/seo\/ -->\n<title>H\u00e9likopter Service Flight 451: Trag\u00e9die de l&#039;h\u00e9licopt\u00e8re offshore en Norv\u00e8ge<\/title>\n<meta name=\"robots\" content=\"index, follow, max-snippet:-1, max-image-preview:large, max-video-preview:-1\" \/>\n<link rel=\"canonical\" href=\"https:\/\/www.svalbard.fr\/actualites\/helikopter-service-flight-451-tragedie-de-lhelicoptere-offshore-en-norvege\/\" \/>\n<meta property=\"og:locale\" content=\"fr_FR\" \/>\n<meta property=\"og:type\" content=\"article\" \/>\n<meta property=\"og:title\" content=\"H\u00e9likopter Service Flight 451: Trag\u00e9die de l&#039;h\u00e9licopt\u00e8re offshore en Norv\u00e8ge\" \/>\n<meta property=\"og:description\" content=\"En 1997, un vol d&#039;h\u00e9licopt\u00e8re de routine transportant des travailleurs du p\u00e9trole offshore s&#039;est termin\u00e9 par une catastrophe. Le crash du vol d&#039;h\u00e9likopter 451 reste\" \/>\n<meta property=\"og:url\" content=\"https:\/\/www.svalbard.fr\/actualites\/helikopter-service-flight-451-tragedie-de-lhelicoptere-offshore-en-norvege\/\" \/>\n<meta property=\"og:site_name\" content=\"www.Svalbard.fr\" \/>\n<meta property=\"article:published_time\" content=\"2025-08-14T11:32:35+00:00\" \/>\n<meta property=\"og:image\" content=\"https:\/\/www.svalbard.fr\/actualites\/wp-content\/uploads\/2025\/08\/Helikopter-Service-Flight-451-Tragedie-de-l39helicoptere-offshore-en-Norvege.jpg\" \/>\n<meta name=\"author\" content=\"Hilmar\" \/>\n<meta name=\"twitter:card\" content=\"summary_large_image\" \/>\n<meta name=\"twitter:label1\" content=\"\u00c9crit par\" \/>\n\t<meta name=\"twitter:data1\" content=\"Hilmar\" \/>\n\t<meta name=\"twitter:label2\" content=\"Dur\u00e9e de lecture estim\u00e9e\" \/>\n\t<meta name=\"twitter:data2\" content=\"8 minutes\" \/>\n<script type=\"application\/ld+json\" class=\"yoast-schema-graph\">{\"@context\":\"https:\/\/schema.org\",\"@graph\":[{\"@type\":\"Article\",\"@id\":\"https:\/\/www.svalbard.fr\/actualites\/helikopter-service-flight-451-tragedie-de-lhelicoptere-offshore-en-norvege\/#article\",\"isPartOf\":{\"@id\":\"https:\/\/www.svalbard.fr\/actualites\/helikopter-service-flight-451-tragedie-de-lhelicoptere-offshore-en-norvege\/\"},\"author\":{\"name\":\"Hilmar\",\"@id\":\"https:\/\/www.svalbard.fr\/actualites\/#\/schema\/person\/a2f937d5712222366738fae98755c600\"},\"headline\":\"H\u00e9likopter Service Flight 451: Trag\u00e9die de l&#39;h\u00e9licopt\u00e8re offshore en Norv\u00e8ge\",\"datePublished\":\"2025-08-14T11:32:35+00:00\",\"dateModified\":\"2025-08-14T11:32:35+00:00\",\"mainEntityOfPage\":{\"@id\":\"https:\/\/www.svalbard.fr\/actualites\/helikopter-service-flight-451-tragedie-de-lhelicoptere-offshore-en-norvege\/\"},\"wordCount\":1520,\"publisher\":{\"@id\":\"https:\/\/www.svalbard.fr\/actualites\/#organization\"},\"keywords\":[\"Flight\",\"H\u00e9likopter\",\"l39h\u00e9licopt\u00e8re\",\"Norv\u00e8ge\",\"offshore\",\"service\",\"trag\u00e9die\"],\"inLanguage\":\"fr-FR\"},{\"@type\":\"WebPage\",\"@id\":\"https:\/\/www.svalbard.fr\/actualites\/helikopter-service-flight-451-tragedie-de-lhelicoptere-offshore-en-norvege\/\",\"url\":\"https:\/\/www.svalbard.fr\/actualites\/helikopter-service-flight-451-tragedie-de-lhelicoptere-offshore-en-norvege\/\",\"name\":\"H\u00e9likopter Service Flight 451: Trag\u00e9die de l&#39;h\u00e9licopt\u00e8re offshore en Norv\u00e8ge\",\"isPartOf\":{\"@id\":\"https:\/\/www.svalbard.fr\/actualites\/#website\"},\"datePublished\":\"2025-08-14T11:32:35+00:00\",\"dateModified\":\"2025-08-14T11:32:35+00:00\",\"breadcrumb\":{\"@id\":\"https:\/\/www.svalbard.fr\/actualites\/helikopter-service-flight-451-tragedie-de-lhelicoptere-offshore-en-norvege\/#breadcrumb\"},\"inLanguage\":\"fr-FR\",\"potentialAction\":[{\"@type\":\"ReadAction\",\"target\":[\"https:\/\/www.svalbard.fr\/actualites\/helikopter-service-flight-451-tragedie-de-lhelicoptere-offshore-en-norvege\/\"]}]},{\"@type\":\"BreadcrumbList\",\"@id\":\"https:\/\/www.svalbard.fr\/actualites\/helikopter-service-flight-451-tragedie-de-lhelicoptere-offshore-en-norvege\/#breadcrumb\",\"itemListElement\":[{\"@type\":\"ListItem\",\"position\":1,\"name\":\"Accueil\",\"item\":\"https:\/\/www.svalbard.fr\/actualites\/\"},{\"@type\":\"ListItem\",\"position\":2,\"name\":\"H\u00e9likopter Service Flight 451: Trag\u00e9die de l&#39;h\u00e9licopt\u00e8re offshore en Norv\u00e8ge\"}]},{\"@type\":\"WebSite\",\"@id\":\"https:\/\/www.svalbard.fr\/actualites\/#website\",\"url\":\"https:\/\/www.svalbard.fr\/actualites\/\",\"name\":\"www.Svalbard.fr\",\"description\":\"\",\"publisher\":{\"@id\":\"https:\/\/www.svalbard.fr\/actualites\/#organization\"},\"potentialAction\":[{\"@type\":\"SearchAction\",\"target\":{\"@type\":\"EntryPoint\",\"urlTemplate\":\"https:\/\/www.svalbard.fr\/actualites\/?s={search_term_string}\"},\"query-input\":\"required name=search_term_string\"}],\"inLanguage\":\"fr-FR\"},{\"@type\":\"Organization\",\"@id\":\"https:\/\/www.svalbard.fr\/actualites\/#organization\",\"name\":\"www.Svalbard.fr\",\"url\":\"https:\/\/www.svalbard.fr\/actualites\/\",\"logo\":{\"@type\":\"ImageObject\",\"inLanguage\":\"fr-FR\",\"@id\":\"https:\/\/www.svalbard.fr\/actualites\/#\/schema\/logo\/image\/\",\"url\":\"https:\/\/www.svalbard.fr\/actualites\/wp-content\/uploads\/2023\/09\/head-nom.jpg\",\"contentUrl\":\"https:\/\/www.svalbard.fr\/actualites\/wp-content\/uploads\/2023\/09\/head-nom.jpg\",\"width\":264,\"height\":35,\"caption\":\"www.Svalbard.fr\"},\"image\":{\"@id\":\"https:\/\/www.svalbard.fr\/actualites\/#\/schema\/logo\/image\/\"}},{\"@type\":\"Person\",\"@id\":\"https:\/\/www.svalbard.fr\/actualites\/#\/schema\/person\/a2f937d5712222366738fae98755c600\",\"name\":\"Hilmar\",\"image\":{\"@type\":\"ImageObject\",\"inLanguage\":\"fr-FR\",\"@id\":\"https:\/\/www.svalbard.fr\/actualites\/#\/schema\/person\/image\/\",\"url\":\"https:\/\/secure.gravatar.com\/avatar\/4daa437093476dbc32da415c112b6512?s=96&d=mm&r=g\",\"contentUrl\":\"https:\/\/secure.gravatar.com\/avatar\/4daa437093476dbc32da415c112b6512?s=96&d=mm&r=g\",\"caption\":\"Hilmar\"},\"description\":\"Hilmar est un passionn\u00e9 des r\u00e9gions polaires, sp\u00e9cialis\u00e9 dans la r\u00e9daction d'articles sur le Spitzberg et autres destinations arctiques. Il apporte son expertise et sa passion pour l'Arctique au sein de l'\u00e9quipe de r\u00e9daction de Svalbard depuis de nombreuses ann\u00e9es.\",\"sameAs\":[\"https:\/\/www.svalbard.fr\/\"]}]}<\/script>\n<!-- \/ Yoast SEO plugin. -->","yoast_head_json":{"title":"H\u00e9likopter Service Flight 451: Trag\u00e9die de l&#39;h\u00e9licopt\u00e8re offshore en Norv\u00e8ge","robots":{"index":"index","follow":"follow","max-snippet":"max-snippet:-1","max-image-preview":"max-image-preview:large","max-video-preview":"max-video-preview:-1"},"canonical":"https:\/\/www.svalbard.fr\/actualites\/helikopter-service-flight-451-tragedie-de-lhelicoptere-offshore-en-norvege\/","og_locale":"fr_FR","og_type":"article","og_title":"H\u00e9likopter Service Flight 451: Trag\u00e9die de l&#39;h\u00e9licopt\u00e8re offshore en Norv\u00e8ge","og_description":"En 1997, un vol d&#39;h\u00e9licopt\u00e8re de routine transportant des travailleurs du p\u00e9trole offshore s&#39;est termin\u00e9 par une catastrophe. Le crash du vol d&#39;h\u00e9likopter 451 reste","og_url":"https:\/\/www.svalbard.fr\/actualites\/helikopter-service-flight-451-tragedie-de-lhelicoptere-offshore-en-norvege\/","og_site_name":"www.Svalbard.fr","article_published_time":"2025-08-14T11:32:35+00:00","og_image":[{"url":"https:\/\/www.svalbard.fr\/actualites\/wp-content\/uploads\/2025\/08\/Helikopter-Service-Flight-451-Tragedie-de-l39helicoptere-offshore-en-Norvege.jpg"}],"author":"Hilmar","twitter_card":"summary_large_image","twitter_misc":{"\u00c9crit par":"Hilmar","Dur\u00e9e de lecture estim\u00e9e":"8 minutes"},"schema":{"@context":"https:\/\/schema.org","@graph":[{"@type":"Article","@id":"https:\/\/www.svalbard.fr\/actualites\/helikopter-service-flight-451-tragedie-de-lhelicoptere-offshore-en-norvege\/#article","isPartOf":{"@id":"https:\/\/www.svalbard.fr\/actualites\/helikopter-service-flight-451-tragedie-de-lhelicoptere-offshore-en-norvege\/"},"author":{"name":"Hilmar","@id":"https:\/\/www.svalbard.fr\/actualites\/#\/schema\/person\/a2f937d5712222366738fae98755c600"},"headline":"H\u00e9likopter Service Flight 451: Trag\u00e9die de l&#39;h\u00e9licopt\u00e8re offshore en Norv\u00e8ge","datePublished":"2025-08-14T11:32:35+00:00","dateModified":"2025-08-14T11:32:35+00:00","mainEntityOfPage":{"@id":"https:\/\/www.svalbard.fr\/actualites\/helikopter-service-flight-451-tragedie-de-lhelicoptere-offshore-en-norvege\/"},"wordCount":1520,"publisher":{"@id":"https:\/\/www.svalbard.fr\/actualites\/#organization"},"keywords":["Flight","H\u00e9likopter","l39h\u00e9licopt\u00e8re","Norv\u00e8ge","offshore","service","trag\u00e9die"],"inLanguage":"fr-FR"},{"@type":"WebPage","@id":"https:\/\/www.svalbard.fr\/actualites\/helikopter-service-flight-451-tragedie-de-lhelicoptere-offshore-en-norvege\/","url":"https:\/\/www.svalbard.fr\/actualites\/helikopter-service-flight-451-tragedie-de-lhelicoptere-offshore-en-norvege\/","name":"H\u00e9likopter Service Flight 451: Trag\u00e9die de l&#39;h\u00e9licopt\u00e8re offshore en Norv\u00e8ge","isPartOf":{"@id":"https:\/\/www.svalbard.fr\/actualites\/#website"},"datePublished":"2025-08-14T11:32:35+00:00","dateModified":"2025-08-14T11:32:35+00:00","breadcrumb":{"@id":"https:\/\/www.svalbard.fr\/actualites\/helikopter-service-flight-451-tragedie-de-lhelicoptere-offshore-en-norvege\/#breadcrumb"},"inLanguage":"fr-FR","potentialAction":[{"@type":"ReadAction","target":["https:\/\/www.svalbard.fr\/actualites\/helikopter-service-flight-451-tragedie-de-lhelicoptere-offshore-en-norvege\/"]}]},{"@type":"BreadcrumbList","@id":"https:\/\/www.svalbard.fr\/actualites\/helikopter-service-flight-451-tragedie-de-lhelicoptere-offshore-en-norvege\/#breadcrumb","itemListElement":[{"@type":"ListItem","position":1,"name":"Accueil","item":"https:\/\/www.svalbard.fr\/actualites\/"},{"@type":"ListItem","position":2,"name":"H\u00e9likopter Service Flight 451: Trag\u00e9die de l&#39;h\u00e9licopt\u00e8re offshore en Norv\u00e8ge"}]},{"@type":"WebSite","@id":"https:\/\/www.svalbard.fr\/actualites\/#website","url":"https:\/\/www.svalbard.fr\/actualites\/","name":"www.Svalbard.fr","description":"","publisher":{"@id":"https:\/\/www.svalbard.fr\/actualites\/#organization"},"potentialAction":[{"@type":"SearchAction","target":{"@type":"EntryPoint","urlTemplate":"https:\/\/www.svalbard.fr\/actualites\/?s={search_term_string}"},"query-input":"required name=search_term_string"}],"inLanguage":"fr-FR"},{"@type":"Organization","@id":"https:\/\/www.svalbard.fr\/actualites\/#organization","name":"www.Svalbard.fr","url":"https:\/\/www.svalbard.fr\/actualites\/","logo":{"@type":"ImageObject","inLanguage":"fr-FR","@id":"https:\/\/www.svalbard.fr\/actualites\/#\/schema\/logo\/image\/","url":"https:\/\/www.svalbard.fr\/actualites\/wp-content\/uploads\/2023\/09\/head-nom.jpg","contentUrl":"https:\/\/www.svalbard.fr\/actualites\/wp-content\/uploads\/2023\/09\/head-nom.jpg","width":264,"height":35,"caption":"www.Svalbard.fr"},"image":{"@id":"https:\/\/www.svalbard.fr\/actualites\/#\/schema\/logo\/image\/"}},{"@type":"Person","@id":"https:\/\/www.svalbard.fr\/actualites\/#\/schema\/person\/a2f937d5712222366738fae98755c600","name":"Hilmar","image":{"@type":"ImageObject","inLanguage":"fr-FR","@id":"https:\/\/www.svalbard.fr\/actualites\/#\/schema\/person\/image\/","url":"https:\/\/secure.gravatar.com\/avatar\/4daa437093476dbc32da415c112b6512?s=96&d=mm&r=g","contentUrl":"https:\/\/secure.gravatar.com\/avatar\/4daa437093476dbc32da415c112b6512?s=96&d=mm&r=g","caption":"Hilmar"},"description":"Hilmar est un passionn\u00e9 des r\u00e9gions polaires, sp\u00e9cialis\u00e9 dans la r\u00e9daction d'articles sur le Spitzberg et autres destinations arctiques. Il apporte son expertise et sa passion pour l'Arctique au sein de l'\u00e9quipe de r\u00e9daction de Svalbard depuis de nombreuses ann\u00e9es.","sameAs":["https:\/\/www.svalbard.fr\/"]}]}},"_links":{"self":[{"href":"https:\/\/www.svalbard.fr\/actualites\/wp-json\/wp\/v2\/posts\/4874"}],"collection":[{"href":"https:\/\/www.svalbard.fr\/actualites\/wp-json\/wp\/v2\/posts"}],"about":[{"href":"https:\/\/www.svalbard.fr\/actualites\/wp-json\/wp\/v2\/types\/post"}],"author":[{"embeddable":true,"href":"https:\/\/www.svalbard.fr\/actualites\/wp-json\/wp\/v2\/users\/1"}],"replies":[{"embeddable":true,"href":"https:\/\/www.svalbard.fr\/actualites\/wp-json\/wp\/v2\/comments?post=4874"}],"version-history":[{"count":0,"href":"https:\/\/www.svalbard.fr\/actualites\/wp-json\/wp\/v2\/posts\/4874\/revisions"}],"wp:featuredmedia":[{"embeddable":true,"href":"https:\/\/www.svalbard.fr\/actualites\/wp-json\/wp\/v2\/media\/4875"}],"wp:attachment":[{"href":"https:\/\/www.svalbard.fr\/actualites\/wp-json\/wp\/v2\/media?parent=4874"}],"wp:term":[{"taxonomy":"category","embeddable":true,"href":"https:\/\/www.svalbard.fr\/actualites\/wp-json\/wp\/v2\/categories?post=4874"},{"taxonomy":"post_tag","embeddable":true,"href":"https:\/\/www.svalbard.fr\/actualites\/wp-json\/wp\/v2\/tags?post=4874"}],"curies":[{"name":"wp","href":"https:\/\/api.w.org\/{rel}","templated":true}]}}