{"id":4879,"date":"2025-08-15T08:17:55","date_gmt":"2025-08-15T06:17:55","guid":{"rendered":"https:\/\/www.svalbard.fr\/actualites\/svalbard-marque-100-ans-de-souverainete-norvegienne-au-milieu-des-tensions-arctiques\/"},"modified":"2025-08-15T08:17:55","modified_gmt":"2025-08-15T06:17:55","slug":"svalbard-marque-100-ans-de-souverainete-norvegienne-au-milieu-des-tensions-arctiques","status":"publish","type":"post","link":"https:\/\/www.svalbard.fr\/actualites\/svalbard-marque-100-ans-de-souverainete-norvegienne-au-milieu-des-tensions-arctiques\/","title":{"rendered":"Svalbard marque 100 ans de souverainet\u00e9 norv\u00e9gienne au milieu des tensions arctiques"},"content":{"rendered":"<div itemprop=\"text\">\n\t\t\t<span id=\"dpsp-post-content-markup\" data-image-pin-it=\"false\"><\/span><\/p>\n<p class=\"intro\">Une visite royale et minist\u00e9rielle \u00e0 Longyearbyen a soulign\u00e9 l&#39;histoire, le r\u00f4le strat\u00e9gique et l&#39;avenir de l&#39;archipel dans un arctique en \u00e9volution.<\/p>\n<p>La place centrale de Longyearbyen \u00e9tait remplie de drapeaux, de discours et d&#39;un froid distinctement arctique alors que le prince h\u00e9ritier Haakon et le Premier ministre Jonas Gahr St\u00f8re ont rejoint les habitants pour marquer le 100e anniversaire de l&#39;incorporation officielle de Svalbard en Norv\u00e8ge.<\/p>\n<figure class=\"wp-block-image size-large\"><img data-lazyloaded=\"1\" data-placeholder-resp=\"768x432\" fetchpriority=\"high\" decoding=\"async\" width=\"768\" height=\"432\" src=\"https:\/\/www.svalbard.fr\/actualites\/wp-content\/uploads\/2025\/08\/Svalbard-marque-100-ans-de-souverainete-norvegienne-au-milieu-des.jpg\" alt=\"Paysage de longyearbyen. Photo: David Nikel.\" class=\"wp-image-84575\"  data-><noscript><img fetchpriority=\"high\" decoding=\"async\" width=\"768\" height=\"432\" src=\"https:\/\/www.svalbard.fr\/actualites\/wp-content\/uploads\/2025\/08\/Svalbard-marque-100-ans-de-souverainete-norvegienne-au-milieu-des.jpg\" alt=\"Paysage de longyearbyen. Photo: David Nikel.\" class=\"wp-image-84575\"  ><\/noscript><\/figure>\n<p>La c\u00e9l\u00e9bration du centenaire, tenue le 14 ao\u00fbt, est venue dans le contexte de l&#39;attention internationale accrue sur l&#39;archipel et a renouvel\u00e9 des manifestations de la Russie.<\/p>\n<p>Haakon, qui a visit\u00e9 Svalbard pour la premi\u00e8re fois enfant, a parl\u00e9 chaleureusement de la place des \u00eeles dans sa vie.<\/p>\n<p>\u00ab\u00a0Il y a des centaines d&#39;ann\u00e9es, Spitsbergen avec ses \u00eeles appartenant et l&#39;\u00eele Bear a \u00e9t\u00e9 incorpor\u00e9e dans notre royaume libre, ind\u00e9pendant et indivisible. Par cons\u00e9quent, nous sommes ici pour c\u00e9l\u00e9brer\u00a0\u00bb, a-t-il d\u00e9clar\u00e9 \u00e0 la foule rassembl\u00e9e. \u00ab\u00a0Svalbard a toujours eu une place sp\u00e9ciale dans mon c\u0153ur.\u00a0\u00bb<\/p>\n<p>Le Premier ministre St\u00f8re a soulign\u00e9 la stabilit\u00e9 que la gestion de la Norv\u00e8ge a apport\u00e9e sur le territoire recul\u00e9.<\/p>\n<p>\u00ab\u00a0La Norv\u00e8ge a exerc\u00e9 son autorit\u00e9 \u00e0 Svalbard de mani\u00e8re coh\u00e9rente et pr\u00e9visible pendant 100 ans.<\/p>\n<h2 class=\"wp-block-heading\">De Terra Nullius au territoire norv\u00e9gien<\/h2>\n<p>L&#39;histoire moderne de Svalbard est fa\u00e7onn\u00e9e par le trait\u00e9 de Svalbard, sign\u00e9 en 1920 et entre en vigueur en 1925.<\/p>\n<p>Le trait\u00e9 a accord\u00e9 la pleine souverainet\u00e9 de la Norv\u00e8ge tout en permettant aux citoyens de toutes les nations signataires d&#39;y vivre et de y travailler. Il a \u00e9galement \u00e9tabli les \u00eeles comme une zone d\u00e9militaris\u00e9e et une zone libre \u00e9conomique.<\/p>\n<p>Avant le trait\u00e9, Svalbard \u00e9tait consid\u00e9r\u00e9 <em>Terra Nullius<\/em> (Terre n&#39;appartenant \u00e0 personne) et abritait un patchwork de camps miniers, de stations de chasse et de recherches avant-postes de plusieurs nations.<\/p>\n<p>Les scientifiques norv\u00e9giens ont jou\u00e9 un r\u00f4le notable dans la garantie de la souverainet\u00e9, le g\u00e9ologue Adolf Hoel a dirig\u00e9 des exp\u00e9ditions soutenues par l&#39;\u00c9tat \u00e0 partir de 1907. Ces exp\u00e9ditions ont non seulement cartographi\u00e9 les \u00eeles mais ont \u00e9galement \u00e9tabli une pr\u00e9sence norv\u00e9gienne qui a renforc\u00e9 les revendications du pays pendant les n\u00e9gociations apr\u00e8s la guerre mondiale.<\/p>\n<p>Alors que les ic\u00f4nes polaires telles que Fridtjof Nansen ont inspir\u00e9 la fiert\u00e9 nationale, il est rest\u00e9 curieusement d\u00e9tach\u00e9 de la pouss\u00e9e de la souverainet\u00e9, en se concentrant davantage sur la science que sur la politique.<\/p>\n<p>Hoel, en revanche, consid\u00e9rait la recherche, les infrastructures et l&#39;activit\u00e9 \u00e9conomique comme des outils essentiels de \u00abl&#39;imp\u00e9rialisme arctique\u00bb, une strat\u00e9gie qui a finalement contribu\u00e9 \u00e0 amener Svalbard dans le royaume de Norv\u00e8ge.<\/p>\n<h2 class=\"wp-block-heading\">Importance strat\u00e9gique et tensions modernes<\/h2>\n<p>L&#39;emplacement de Svalbard dans le High Arctic lui donne une signification strat\u00e9gique bien au-del\u00e0 de sa petite population. Les \u00eeles se trouvent \u00e0 mi-chemin entre la Norv\u00e8ge continentale et le p\u00f4le Nord, dans des eaux riches en stocks de poissons et pr\u00e8s des voies d&#39;exp\u00e9dition de l&#39;Arctique \u00e9mergentes.<\/p>\n<p>Cette importance n&#39;est pas pass\u00e9e inaper\u00e7ue \u00e0 Moscou. La veille du centenaire, le minist\u00e8re russe des Affaires \u00e9trang\u00e8res a accus\u00e9 la Norv\u00e8ge de \u00abdiscrimination anti-russe\u00bb, de \u00abmilitarisation\u00bb et de violations du trait\u00e9 de Svalbard, citant des restrictions pr\u00e9sum\u00e9es sur les activit\u00e9s \u00e9conomiques et scientifiques russes.<\/p>\n<p>Ces d\u00e9clarations ne sont pas nouvelles. Les responsables russes ont publi\u00e9 des manifestations similaires dans le pass\u00e9, en particulier autour des principaux anniversaires. La Norv\u00e8ge a toujours rejet\u00e9 ces affirmations, soulignant que toutes les activit\u00e9s sur les \u00eeles sont conformes au trait\u00e9.<\/p>\n<h2 class=\"wp-block-heading\">La vie apr\u00e8s le charbon<\/h2>\n<p>Pendant une grande partie du 20e si\u00e8cle, l&#39;extraction du charbon \u00e9tait l&#39;\u00e9pine dorsale de l&#39;\u00e9conomie de Svalbard. Cette \u00e9poque s&#39;est officiellement termin\u00e9e en juin, lorsque les derni\u00e8res mines ont ferm\u00e9 ses portes apr\u00e8s des ann\u00e9es de pertes et de pr\u00e9occupations environnementales.<\/p>\n<p>Le tourisme et la recherche scientifique sont depuis devenus les piliers de l&#39;\u00e9conomie de Longyearbyen, bien que les deux portent leurs propres d\u00e9fis dans l&#39;environnement arctique fragile.<\/p>\n<p>Le Premier ministre St\u00f8re a reconnu la n\u00e9cessit\u00e9 de maintenir une population permanente et une communaut\u00e9 dynamique. \u00ab\u00a0C&#39;est une journ\u00e9e pour la c\u00e9r\u00e9monie et la c\u00e9l\u00e9bration\u00a0\u00bb, a-t-il d\u00e9clar\u00e9.<\/p>\n<p>\u00ab\u00c0 une \u00e9poque avec une attention accrue dans les zones du nord, c&#39;est une belle occasion de marquer comment Svalbard fait partie du royaume de Norv\u00e8ge depuis cent ans et est la partie la plus au nord de notre pays.\u00bb<\/p>\n<p>Pour l&#39;avenir, le gouvernement a promis de soutenir de nouvelles activit\u00e9s norv\u00e9giennes sur Svalbard, de l&#39;expansion des installations de recherche de Longyearbyen au d\u00e9veloppement du tourisme durable.<\/p>\n<p>Pour les habitants, l&#39;espoir est que le si\u00e8cle prochain apportera la m\u00eame stabilit\u00e9 que les cent derni\u00e8res ann\u00e9es ont offerte, m\u00eame si le climat politique de l&#39;Arctique continue de changer.<\/p>\n<\/p><\/div>\n","protected":false},"excerpt":{"rendered":"<p>Une visite royale et minist\u00e9rielle \u00e0 Longyearbyen a soulign\u00e9 l&#39;histoire, le r\u00f4le strat\u00e9gique et l&#39;avenir de l&#39;archipel dans un arctique en \u00e9volution. La place centrale<\/p>\n","protected":false},"author":1,"featured_media":4880,"comment_status":"","ping_status":"","sticky":false,"template":"","format":"standard","meta":{"footnotes":""},"categories":[2277],"tags":[141,89,8,1661,1364,277,4965,31,4967],"yoast_head":"<!-- This site is optimized with the Yoast SEO plugin v21.0 - https:\/\/yoast.com\/wordpress\/plugins\/seo\/ -->\n<title>Svalbard marque 100 ans de souverainet\u00e9 norv\u00e9gienne au milieu des tensions arctiques<\/title>\n<meta name=\"robots\" content=\"index, follow, max-snippet:-1, max-image-preview:large, max-video-preview:-1\" \/>\n<link rel=\"canonical\" href=\"https:\/\/www.svalbard.fr\/actualites\/svalbard-marque-100-ans-de-souverainete-norvegienne-au-milieu-des-tensions-arctiques\/\" \/>\n<meta property=\"og:locale\" content=\"fr_FR\" \/>\n<meta property=\"og:type\" content=\"article\" \/>\n<meta property=\"og:title\" content=\"Svalbard marque 100 ans de souverainet\u00e9 norv\u00e9gienne au milieu des tensions arctiques\" \/>\n<meta property=\"og:description\" content=\"Une visite royale et minist\u00e9rielle \u00e0 Longyearbyen a soulign\u00e9 l&#039;histoire, le r\u00f4le strat\u00e9gique et l&#039;avenir de l&#039;archipel dans un arctique en \u00e9volution. La place centrale\" \/>\n<meta property=\"og:url\" content=\"https:\/\/www.svalbard.fr\/actualites\/svalbard-marque-100-ans-de-souverainete-norvegienne-au-milieu-des-tensions-arctiques\/\" \/>\n<meta property=\"og:site_name\" content=\"www.Svalbard.fr\" \/>\n<meta property=\"article:published_time\" content=\"2025-08-15T06:17:55+00:00\" \/>\n<meta property=\"og:image\" content=\"https:\/\/www.svalbard.fr\/actualites\/wp-content\/uploads\/2025\/08\/Svalbard-marque-100-ans-de-souverainete-norvegienne-au-milieu-des.jpg\" \/>\n<meta name=\"author\" content=\"Hilmar\" \/>\n<meta name=\"twitter:card\" content=\"summary_large_image\" \/>\n<meta name=\"twitter:label1\" content=\"\u00c9crit par\" \/>\n\t<meta name=\"twitter:data1\" content=\"Hilmar\" \/>\n\t<meta name=\"twitter:label2\" content=\"Dur\u00e9e de lecture estim\u00e9e\" \/>\n\t<meta name=\"twitter:data2\" content=\"4 minutes\" \/>\n<script type=\"application\/ld+json\" class=\"yoast-schema-graph\">{\"@context\":\"https:\/\/schema.org\",\"@graph\":[{\"@type\":\"Article\",\"@id\":\"https:\/\/www.svalbard.fr\/actualites\/svalbard-marque-100-ans-de-souverainete-norvegienne-au-milieu-des-tensions-arctiques\/#article\",\"isPartOf\":{\"@id\":\"https:\/\/www.svalbard.fr\/actualites\/svalbard-marque-100-ans-de-souverainete-norvegienne-au-milieu-des-tensions-arctiques\/\"},\"author\":{\"name\":\"Hilmar\",\"@id\":\"https:\/\/www.svalbard.fr\/actualites\/#\/schema\/person\/a2f937d5712222366738fae98755c600\"},\"headline\":\"Svalbard marque 100 ans de souverainet\u00e9 norv\u00e9gienne au milieu des tensions arctiques\",\"datePublished\":\"2025-08-15T06:17:55+00:00\",\"dateModified\":\"2025-08-15T06:17:55+00:00\",\"mainEntityOfPage\":{\"@id\":\"https:\/\/www.svalbard.fr\/actualites\/svalbard-marque-100-ans-de-souverainete-norvegienne-au-milieu-des-tensions-arctiques\/\"},\"wordCount\":880,\"publisher\":{\"@id\":\"https:\/\/www.svalbard.fr\/actualites\/#organization\"},\"keywords\":[\"ans\",\"arctiques\",\"des\",\"marque\",\"milieu\",\"norv\u00e9gienne\",\"souverainet\u00e9\",\"Svalbard\",\"tensions\"],\"inLanguage\":\"fr-FR\"},{\"@type\":\"WebPage\",\"@id\":\"https:\/\/www.svalbard.fr\/actualites\/svalbard-marque-100-ans-de-souverainete-norvegienne-au-milieu-des-tensions-arctiques\/\",\"url\":\"https:\/\/www.svalbard.fr\/actualites\/svalbard-marque-100-ans-de-souverainete-norvegienne-au-milieu-des-tensions-arctiques\/\",\"name\":\"Svalbard marque 100 ans de souverainet\u00e9 norv\u00e9gienne au milieu des tensions arctiques\",\"isPartOf\":{\"@id\":\"https:\/\/www.svalbard.fr\/actualites\/#website\"},\"datePublished\":\"2025-08-15T06:17:55+00:00\",\"dateModified\":\"2025-08-15T06:17:55+00:00\",\"breadcrumb\":{\"@id\":\"https:\/\/www.svalbard.fr\/actualites\/svalbard-marque-100-ans-de-souverainete-norvegienne-au-milieu-des-tensions-arctiques\/#breadcrumb\"},\"inLanguage\":\"fr-FR\",\"potentialAction\":[{\"@type\":\"ReadAction\",\"target\":[\"https:\/\/www.svalbard.fr\/actualites\/svalbard-marque-100-ans-de-souverainete-norvegienne-au-milieu-des-tensions-arctiques\/\"]}]},{\"@type\":\"BreadcrumbList\",\"@id\":\"https:\/\/www.svalbard.fr\/actualites\/svalbard-marque-100-ans-de-souverainete-norvegienne-au-milieu-des-tensions-arctiques\/#breadcrumb\",\"itemListElement\":[{\"@type\":\"ListItem\",\"position\":1,\"name\":\"Accueil\",\"item\":\"https:\/\/www.svalbard.fr\/actualites\/\"},{\"@type\":\"ListItem\",\"position\":2,\"name\":\"Svalbard marque 100 ans de souverainet\u00e9 norv\u00e9gienne au milieu des tensions arctiques\"}]},{\"@type\":\"WebSite\",\"@id\":\"https:\/\/www.svalbard.fr\/actualites\/#website\",\"url\":\"https:\/\/www.svalbard.fr\/actualites\/\",\"name\":\"www.Svalbard.fr\",\"description\":\"\",\"publisher\":{\"@id\":\"https:\/\/www.svalbard.fr\/actualites\/#organization\"},\"potentialAction\":[{\"@type\":\"SearchAction\",\"target\":{\"@type\":\"EntryPoint\",\"urlTemplate\":\"https:\/\/www.svalbard.fr\/actualites\/?s={search_term_string}\"},\"query-input\":\"required name=search_term_string\"}],\"inLanguage\":\"fr-FR\"},{\"@type\":\"Organization\",\"@id\":\"https:\/\/www.svalbard.fr\/actualites\/#organization\",\"name\":\"www.Svalbard.fr\",\"url\":\"https:\/\/www.svalbard.fr\/actualites\/\",\"logo\":{\"@type\":\"ImageObject\",\"inLanguage\":\"fr-FR\",\"@id\":\"https:\/\/www.svalbard.fr\/actualites\/#\/schema\/logo\/image\/\",\"url\":\"https:\/\/www.svalbard.fr\/actualites\/wp-content\/uploads\/2023\/09\/head-nom.jpg\",\"contentUrl\":\"https:\/\/www.svalbard.fr\/actualites\/wp-content\/uploads\/2023\/09\/head-nom.jpg\",\"width\":264,\"height\":35,\"caption\":\"www.Svalbard.fr\"},\"image\":{\"@id\":\"https:\/\/www.svalbard.fr\/actualites\/#\/schema\/logo\/image\/\"}},{\"@type\":\"Person\",\"@id\":\"https:\/\/www.svalbard.fr\/actualites\/#\/schema\/person\/a2f937d5712222366738fae98755c600\",\"name\":\"Hilmar\",\"image\":{\"@type\":\"ImageObject\",\"inLanguage\":\"fr-FR\",\"@id\":\"https:\/\/www.svalbard.fr\/actualites\/#\/schema\/person\/image\/\",\"url\":\"https:\/\/secure.gravatar.com\/avatar\/4daa437093476dbc32da415c112b6512?s=96&d=mm&r=g\",\"contentUrl\":\"https:\/\/secure.gravatar.com\/avatar\/4daa437093476dbc32da415c112b6512?s=96&d=mm&r=g\",\"caption\":\"Hilmar\"},\"description\":\"Hilmar est un passionn\u00e9 des r\u00e9gions polaires, sp\u00e9cialis\u00e9 dans la r\u00e9daction d'articles sur le Spitzberg et autres destinations arctiques. Il apporte son expertise et sa passion pour l'Arctique au sein de l'\u00e9quipe de r\u00e9daction de Svalbard depuis de nombreuses ann\u00e9es.\",\"sameAs\":[\"https:\/\/www.svalbard.fr\/\"]}]}<\/script>\n<!-- \/ Yoast SEO plugin. -->","yoast_head_json":{"title":"Svalbard marque 100 ans de souverainet\u00e9 norv\u00e9gienne au milieu des tensions arctiques","robots":{"index":"index","follow":"follow","max-snippet":"max-snippet:-1","max-image-preview":"max-image-preview:large","max-video-preview":"max-video-preview:-1"},"canonical":"https:\/\/www.svalbard.fr\/actualites\/svalbard-marque-100-ans-de-souverainete-norvegienne-au-milieu-des-tensions-arctiques\/","og_locale":"fr_FR","og_type":"article","og_title":"Svalbard marque 100 ans de souverainet\u00e9 norv\u00e9gienne au milieu des tensions arctiques","og_description":"Une visite royale et minist\u00e9rielle \u00e0 Longyearbyen a soulign\u00e9 l&#39;histoire, le r\u00f4le strat\u00e9gique et l&#39;avenir de l&#39;archipel dans un arctique en \u00e9volution. La place centrale","og_url":"https:\/\/www.svalbard.fr\/actualites\/svalbard-marque-100-ans-de-souverainete-norvegienne-au-milieu-des-tensions-arctiques\/","og_site_name":"www.Svalbard.fr","article_published_time":"2025-08-15T06:17:55+00:00","og_image":[{"url":"https:\/\/www.svalbard.fr\/actualites\/wp-content\/uploads\/2025\/08\/Svalbard-marque-100-ans-de-souverainete-norvegienne-au-milieu-des.jpg"}],"author":"Hilmar","twitter_card":"summary_large_image","twitter_misc":{"\u00c9crit par":"Hilmar","Dur\u00e9e de lecture estim\u00e9e":"4 minutes"},"schema":{"@context":"https:\/\/schema.org","@graph":[{"@type":"Article","@id":"https:\/\/www.svalbard.fr\/actualites\/svalbard-marque-100-ans-de-souverainete-norvegienne-au-milieu-des-tensions-arctiques\/#article","isPartOf":{"@id":"https:\/\/www.svalbard.fr\/actualites\/svalbard-marque-100-ans-de-souverainete-norvegienne-au-milieu-des-tensions-arctiques\/"},"author":{"name":"Hilmar","@id":"https:\/\/www.svalbard.fr\/actualites\/#\/schema\/person\/a2f937d5712222366738fae98755c600"},"headline":"Svalbard marque 100 ans de souverainet\u00e9 norv\u00e9gienne au milieu des tensions arctiques","datePublished":"2025-08-15T06:17:55+00:00","dateModified":"2025-08-15T06:17:55+00:00","mainEntityOfPage":{"@id":"https:\/\/www.svalbard.fr\/actualites\/svalbard-marque-100-ans-de-souverainete-norvegienne-au-milieu-des-tensions-arctiques\/"},"wordCount":880,"publisher":{"@id":"https:\/\/www.svalbard.fr\/actualites\/#organization"},"keywords":["ans","arctiques","des","marque","milieu","norv\u00e9gienne","souverainet\u00e9","Svalbard","tensions"],"inLanguage":"fr-FR"},{"@type":"WebPage","@id":"https:\/\/www.svalbard.fr\/actualites\/svalbard-marque-100-ans-de-souverainete-norvegienne-au-milieu-des-tensions-arctiques\/","url":"https:\/\/www.svalbard.fr\/actualites\/svalbard-marque-100-ans-de-souverainete-norvegienne-au-milieu-des-tensions-arctiques\/","name":"Svalbard marque 100 ans de souverainet\u00e9 norv\u00e9gienne au milieu des tensions arctiques","isPartOf":{"@id":"https:\/\/www.svalbard.fr\/actualites\/#website"},"datePublished":"2025-08-15T06:17:55+00:00","dateModified":"2025-08-15T06:17:55+00:00","breadcrumb":{"@id":"https:\/\/www.svalbard.fr\/actualites\/svalbard-marque-100-ans-de-souverainete-norvegienne-au-milieu-des-tensions-arctiques\/#breadcrumb"},"inLanguage":"fr-FR","potentialAction":[{"@type":"ReadAction","target":["https:\/\/www.svalbard.fr\/actualites\/svalbard-marque-100-ans-de-souverainete-norvegienne-au-milieu-des-tensions-arctiques\/"]}]},{"@type":"BreadcrumbList","@id":"https:\/\/www.svalbard.fr\/actualites\/svalbard-marque-100-ans-de-souverainete-norvegienne-au-milieu-des-tensions-arctiques\/#breadcrumb","itemListElement":[{"@type":"ListItem","position":1,"name":"Accueil","item":"https:\/\/www.svalbard.fr\/actualites\/"},{"@type":"ListItem","position":2,"name":"Svalbard marque 100 ans de souverainet\u00e9 norv\u00e9gienne au milieu des tensions arctiques"}]},{"@type":"WebSite","@id":"https:\/\/www.svalbard.fr\/actualites\/#website","url":"https:\/\/www.svalbard.fr\/actualites\/","name":"www.Svalbard.fr","description":"","publisher":{"@id":"https:\/\/www.svalbard.fr\/actualites\/#organization"},"potentialAction":[{"@type":"SearchAction","target":{"@type":"EntryPoint","urlTemplate":"https:\/\/www.svalbard.fr\/actualites\/?s={search_term_string}"},"query-input":"required name=search_term_string"}],"inLanguage":"fr-FR"},{"@type":"Organization","@id":"https:\/\/www.svalbard.fr\/actualites\/#organization","name":"www.Svalbard.fr","url":"https:\/\/www.svalbard.fr\/actualites\/","logo":{"@type":"ImageObject","inLanguage":"fr-FR","@id":"https:\/\/www.svalbard.fr\/actualites\/#\/schema\/logo\/image\/","url":"https:\/\/www.svalbard.fr\/actualites\/wp-content\/uploads\/2023\/09\/head-nom.jpg","contentUrl":"https:\/\/www.svalbard.fr\/actualites\/wp-content\/uploads\/2023\/09\/head-nom.jpg","width":264,"height":35,"caption":"www.Svalbard.fr"},"image":{"@id":"https:\/\/www.svalbard.fr\/actualites\/#\/schema\/logo\/image\/"}},{"@type":"Person","@id":"https:\/\/www.svalbard.fr\/actualites\/#\/schema\/person\/a2f937d5712222366738fae98755c600","name":"Hilmar","image":{"@type":"ImageObject","inLanguage":"fr-FR","@id":"https:\/\/www.svalbard.fr\/actualites\/#\/schema\/person\/image\/","url":"https:\/\/secure.gravatar.com\/avatar\/4daa437093476dbc32da415c112b6512?s=96&d=mm&r=g","contentUrl":"https:\/\/secure.gravatar.com\/avatar\/4daa437093476dbc32da415c112b6512?s=96&d=mm&r=g","caption":"Hilmar"},"description":"Hilmar est un passionn\u00e9 des r\u00e9gions polaires, sp\u00e9cialis\u00e9 dans la r\u00e9daction d'articles sur le Spitzberg et autres destinations arctiques. Il apporte son expertise et sa passion pour l'Arctique au sein de l'\u00e9quipe de r\u00e9daction de Svalbard depuis de nombreuses ann\u00e9es.","sameAs":["https:\/\/www.svalbard.fr\/"]}]}},"_links":{"self":[{"href":"https:\/\/www.svalbard.fr\/actualites\/wp-json\/wp\/v2\/posts\/4879"}],"collection":[{"href":"https:\/\/www.svalbard.fr\/actualites\/wp-json\/wp\/v2\/posts"}],"about":[{"href":"https:\/\/www.svalbard.fr\/actualites\/wp-json\/wp\/v2\/types\/post"}],"author":[{"embeddable":true,"href":"https:\/\/www.svalbard.fr\/actualites\/wp-json\/wp\/v2\/users\/1"}],"replies":[{"embeddable":true,"href":"https:\/\/www.svalbard.fr\/actualites\/wp-json\/wp\/v2\/comments?post=4879"}],"version-history":[{"count":0,"href":"https:\/\/www.svalbard.fr\/actualites\/wp-json\/wp\/v2\/posts\/4879\/revisions"}],"wp:featuredmedia":[{"embeddable":true,"href":"https:\/\/www.svalbard.fr\/actualites\/wp-json\/wp\/v2\/media\/4880"}],"wp:attachment":[{"href":"https:\/\/www.svalbard.fr\/actualites\/wp-json\/wp\/v2\/media?parent=4879"}],"wp:term":[{"taxonomy":"category","embeddable":true,"href":"https:\/\/www.svalbard.fr\/actualites\/wp-json\/wp\/v2\/categories?post=4879"},{"taxonomy":"post_tag","embeddable":true,"href":"https:\/\/www.svalbard.fr\/actualites\/wp-json\/wp\/v2\/tags?post=4879"}],"curies":[{"name":"wp","href":"https:\/\/api.w.org\/{rel}","templated":true}]}}