{"id":4881,"date":"2025-08-17T00:54:20","date_gmt":"2025-08-16T22:54:20","guid":{"rendered":"https:\/\/www.svalbard.fr\/actualites\/trump-a-critique-pour-lappel-de-froid-pathetique-a-la-norvege-pour-la-candidature-du-prix-nobel-de-la-paix\/"},"modified":"2025-08-17T00:54:22","modified_gmt":"2025-08-16T22:54:22","slug":"trump-a-critique-pour-lappel-de-froid-pathetique-a-la-norvege-pour-la-candidature-du-prix-nobel-de-la-paix","status":"publish","type":"post","link":"https:\/\/www.svalbard.fr\/actualites\/trump-a-critique-pour-lappel-de-froid-pathetique-a-la-norvege-pour-la-candidature-du-prix-nobel-de-la-paix\/","title":{"rendered":"Trump a critiqu\u00e9 pour l&#39;appel de froid \u00abpath\u00e9tique\u00bb \u00e0 la Norv\u00e8ge pour la candidature du prix Nobel de la paix"},"content":{"rendered":"<div>\n<div class=\"photo changeSpace\">\n<p class=\"withoutCaption\"><picture><source type=\"image\/avif\" srcset=\"https:\/\/cdn.images.express.co.uk\/img\/dynamic\/198\/1200x712\/secondary\/6365880.avif?r=1755381943847\" media=\"screen and (min-width:10000px)\"><source type=\"image\/webp\" srcset=\"https:\/\/cdn.images.express.co.uk\/img\/dynamic\/198\/1200x712\/secondary\/6365880.webp?r=1755381943847\" media=\"screen and (min-width:10000px)\"><source type=\"image\/jpeg\" srcset=\"https:\/\/cdn.images.express.co.uk\/img\/dynamic\/198\/1200x712\/secondary\/6365880.jpg?r=1755381943847\" media=\"screen and (min-width:10000px)\"><source type=\"image\/avif\" srcset=\"https:\/\/cdn.images.express.co.uk\/img\/dynamic\/198\/674x400\/secondary\/6365880.avif?r=1755381943847\" media=\"screen and (min-width:100000px)\"><source type=\"image\/webp\" srcset=\"https:\/\/cdn.images.express.co.uk\/img\/dynamic\/198\/674x400\/secondary\/6365880.webp?r=1755381943847\" media=\"screen and (min-width:100000px)\"><source type=\"image\/jpeg\" srcset=\"https:\/\/cdn.images.express.co.uk\/img\/dynamic\/198\/674x400\/secondary\/6365880.jpg?r=1755381943847\" media=\"screen and (min-width:100000px)\"><source type=\"image\/avif\" srcset=\"https:\/\/cdn.images.express.co.uk\/img\/dynamic\/198\/940x\/secondary\/6365880.avif?r=1755381943847\" media=\"screen and (min-width:1200px)\"><source type=\"image\/webp\" srcset=\"https:\/\/cdn.images.express.co.uk\/img\/dynamic\/198\/940x\/secondary\/6365880.webp?r=1755381943847\" media=\"screen and (min-width:1200px)\"><source type=\"image\/jpeg\" srcset=\"https:\/\/cdn.images.express.co.uk\/img\/dynamic\/198\/940x\/secondary\/6365880.jpg?r=1755381943847\" media=\"screen and (min-width:1200px)\"><source type=\"image\/avif\" srcset=\"https:\/\/cdn.images.express.co.uk\/img\/dynamic\/198\/590x\/secondary\/6365880.avif?r=1755381943847\" media=\"screen\"><source type=\"image\/webp\" srcset=\"https:\/\/cdn.images.express.co.uk\/img\/dynamic\/198\/590x\/secondary\/6365880.webp?r=1755381943847\" media=\"screen\"><\/source><\/source><\/source><\/source><\/source><\/source><\/source><\/source><\/source><\/source><\/source><\/picture><\/p>\n<p><span class=\"newsCaption\">Le pr\u00e9sident am\u00e9ricain Donald Trump a hauss\u00e9 les sourcils apr\u00e8s qu&#39;il aurait d\u00e9clar\u00e9 le froid, la Norv\u00e8ge pour tenter de garantir un prix Nobel de la paix <span class=\"caption\">(Image: AFP via Getty Images)<\/span><\/span><\/div>\n<div class=\"text-description\">\n<p>Donald Trump a \u00e9t\u00e9 qualifi\u00e9 de \u00ab\u00a0path\u00e9tique\u00a0\u00bb apr\u00e8s avoir pr\u00e9tendument fait un appel froid \u00ab\u00a0d\u00e9sesp\u00e9r\u00e9\u00a0\u00bb dans le but de s&#39;assurer un prix Nobel de la paix.<\/p>\n<p>Le pr\u00e9sident am\u00e9ricain aurait qualifi\u00e9 le ministre des Finances de Norv\u00e8ge Jens Stoltenberg \u00ab\u00a0sur le bleu\u00a0\u00bb le mois dernier pour discuter des tarifs commerciaux, ainsi que sa tentative de remporter le prestigieux prix. Le ministre des Finances se promenait dans une rue de la capitale norv\u00e9gienne lorsqu&#39;il a re\u00e7u l&#39;appel inattendu de la Maison Blanche, selon le journal norv\u00e9gien Dagens Naeringsliv.<\/p>\n<p>Ce n&#39;\u00e9tait pas la premi\u00e8re fois que Trump mentionne le prix Nobel de la paix lors des discussions avec Stoltenberg, rapporte le point de vente. Cela survient alors que Trump rejette la responsabilit\u00e9 d&#39;une perc\u00e9e rat\u00e9e avec Poutine et dit qu&#39;un cessez-le-feu est \u00abjusqu&#39;\u00e0 Zelensky\u00bb.<\/p>\n<p>\u00ab\u00a0Il est vrai que le pr\u00e9sident Trump m&#39;a appel\u00e9 quelques jours avant sa conversation avec le Premier ministre St\u00f8re. Plusieurs membres du personnel du pr\u00e9sident ont \u00e9galement particip\u00e9 \u00e0 la conversation, notamment le secr\u00e9taire au Tr\u00e9sor Bessent et le repr\u00e9sentant du commerce Greer\u00a0\u00bb, a confirm\u00e9 Stoltenberg, l&#39;ancien secr\u00e9taire g\u00e9n\u00e9ral de l&#39;OTAN,, confirm\u00e9 \u00e0 Politico.<\/p>\n<p>\u00ab\u00a0Nous avons discut\u00e9 des tarifs, de la coop\u00e9ration \u00e9conomique et cela a servi de pr\u00e9paration \u00e0 son appel avec le Premier ministre St\u00f8re. Je n&#39;entrerai pas plus en d\u00e9tail sur le contenu de la conversation\u00a0\u00bb, a-t-il ajout\u00e9. Cependant, Trump a \u00e9galement parl\u00e9 du prix, a d\u00e9clar\u00e9 un responsable du gouvernement \u00e0 Oslo, rapporte la star irlandaise.<\/p>\n<\/div>\n<div class=\"photo changeSpace\">\n<p class=\"withoutCaption\"><picture><source type=\"image\/avif\" srcset=\"https:\/\/cdn.images.express.co.uk\/img\/dynamic\/198\/1200x712\/secondary\/6365883.avif?r=1755381948238\" media=\"screen and (min-width:10000px)\"><source type=\"image\/webp\" srcset=\"https:\/\/cdn.images.express.co.uk\/img\/dynamic\/198\/1200x712\/secondary\/6365883.webp?r=1755381948238\" media=\"screen and (min-width:10000px)\"><source type=\"image\/jpeg\" srcset=\"https:\/\/cdn.images.express.co.uk\/img\/dynamic\/198\/1200x712\/secondary\/6365883.jpg?r=1755381948238\" media=\"screen and (min-width:10000px)\"><source type=\"image\/avif\" srcset=\"https:\/\/cdn.images.express.co.uk\/img\/dynamic\/198\/674x400\/secondary\/6365883.avif?r=1755381948238\" media=\"screen and (min-width:100000px)\"><source type=\"image\/webp\" srcset=\"https:\/\/cdn.images.express.co.uk\/img\/dynamic\/198\/674x400\/secondary\/6365883.webp?r=1755381948238\" media=\"screen and (min-width:100000px)\"><source type=\"image\/jpeg\" srcset=\"https:\/\/cdn.images.express.co.uk\/img\/dynamic\/198\/674x400\/secondary\/6365883.jpg?r=1755381948238\" media=\"screen and (min-width:100000px)\"><source type=\"image\/avif\" srcset=\"https:\/\/cdn.images.express.co.uk\/img\/dynamic\/198\/940x\/secondary\/6365883.avif?r=1755381948238\" media=\"screen and (min-width:1200px)\"><source type=\"image\/webp\" srcset=\"https:\/\/cdn.images.express.co.uk\/img\/dynamic\/198\/940x\/secondary\/6365883.webp?r=1755381948238\" media=\"screen and (min-width:1200px)\"><source type=\"image\/jpeg\" srcset=\"https:\/\/cdn.images.express.co.uk\/img\/dynamic\/198\/940x\/secondary\/6365883.jpg?r=1755381948238\" media=\"screen and (min-width:1200px)\"><source type=\"image\/avif\" srcset=\"https:\/\/cdn.images.express.co.uk\/img\/dynamic\/198\/590x\/secondary\/6365883.avif?r=1755381948238\" media=\"screen\"><source type=\"image\/webp\" srcset=\"https:\/\/cdn.images.express.co.uk\/img\/dynamic\/198\/590x\/secondary\/6365883.webp?r=1755381948238\" media=\"screen\"><img decoding=\"async\" src=\"https:\/\/www.svalbard.fr\/actualites\/wp-content\/uploads\/2025\/08\/1755384860_889_Trump-a-critique-pour-l39appel-de-froid-pathetique-a-la.jpg\" alt=\"Donald Trump et Vladimir Poutine se serrent la main \" title=\"Donald Trump et Vladimir Poutine se serrent la main \" width=\"590\" height=\"389\" loading=\"lazy\"\/><\/source><\/source><\/source><\/source><\/source><\/source><\/source><\/source><\/source><\/source><\/source><\/picture><\/p>\n<p><span class=\"newsCaption\">Trump aurait appel\u00e9 le ministre des Finances de la Norv\u00e8ge pour discuter du prix Nobel de la paix avant sa rencontre avec Poutine <span class=\"caption\">(Image: Getty Images)<\/span><\/span><\/div>\n<div class=\"text-description dont-miss\">\n<p><strong>  En savoir plus:<\/strong>  \u00ab\u00a0 J&#39;\u00e9tais dans la salle lorsque Trump et Poutine ont tenu une conf\u00e9rence &#8211; 3 choses m&#39;ont assembl\u00e9 &#39;&#39; <\/p>\n<p><strong>  En savoir plus:<\/strong>  Donald Trump maintenant favori conjoint pour remporter le prix Nobel de la paix <\/p>\n<\/div>\n<div class=\"text-description\">\n<p>L&#39;industriel su\u00e9dois du XIXe si\u00e8cle, Alfred Nobel, stipulait que le prix Nobel de la paix devrait \u00eatre accord\u00e9 \u00e0 l&#39;individu \u00ab\u00a0qui aura fait le plus ou le meilleur travail pour la fraternit\u00e9 entre les nations, pour l&#39;abolition ou la r\u00e9duction des arm\u00e9es debout et pour la d\u00e9tention et la promotion des congr\u00e8s de la paix\u00a0\u00bb.<\/p>\n<p>L&#39;identification des candidats appropri\u00e9s et la s\u00e9lection des r\u00e9cipiendaires du prix Nobel de la paix sont entreprises par le comit\u00e9 Nobel norv\u00e9gien, comprenant cinq membres choisis par le storting (Parlement norv\u00e9gien).<\/p>\n<p>Alors que les prix Nobel en physique, chimie, physiologie ou m\u00e9decine, litt\u00e9rature et prix en sciences \u00e9conomiques sont pr\u00e9sent\u00e9s \u00e0 Stockholm, en Su\u00e8de, le prix Nobel de la paix est conf\u00e9r\u00e9 \u00e0 Oslo, en Norv\u00e8ge.<\/p>\n<p>Les laur\u00e9ats du prix Nobel sont s\u00e9lectionn\u00e9s d\u00e9but octobre.<\/p>\n<p>Tout au long de son deuxi\u00e8me mandat, Trump s&#39;est efforc\u00e9 de se positionner en tant que pr\u00e9sident de \u00abpacificateur\u00bb.<\/p>\n<\/div>\n<div class=\"text-description\">\n<p>Le pr\u00e9sident a affirm\u00e9 qu&#39;il avait conclu ou \u00e9vit\u00e9 six conflits majeurs depuis qu&#39;il a assum\u00e9 ses fonctions en janvier, notamment en revendiquant la responsabilit\u00e9 de d\u00e9samorcer les tensions entre l&#39;Inde d&#39;armes nucl\u00e9aires et le Pakistan plus t\u00f4t cette ann\u00e9e.<\/p>\n<p>Il a d\u00e9j\u00e0 re\u00e7u des nominations de nombreuses nations, notamment Isra\u00ebl, le Pakistan et le Cambodge, pour la m\u00e9diation des accords de paix ou des cessez-ledire.<\/p>\n<p>Vendredi, son sommet crucial avec Vladimir Poutine en Alaska \u00e9tait sur le point de fournir \u00e0 Trump une occasion charni\u00e8re de d\u00e9montrer davantage ses r\u00e9f\u00e9rences de paix. Malgr\u00e9 sa promesse de mettre fin \u00e0 la guerre en Ukraine lors de son premier jour de pr\u00e9sident, Trump a quitt\u00e9 la r\u00e9union sans obtenir de cessez-le-feu.<\/p>\n<p>En r\u00e9ponse aux rapports de l&#39;appel de Trump \u00e0 Stoltenberg sur X, les critiques ont qualifi\u00e9 le pr\u00e9sident de \u00ab\u00a0mendiant\u00a0\u00bb pour le prix Nobel de la paix et l&#39;ont appel\u00e9 \u00ab\u00a0embarrassant\u00a0\u00bb.<\/p>\n<\/div>\n<div class=\"photo changeSpace\">\n<p class=\"withoutCaption\"><picture><source type=\"image\/avif\" srcset=\"https:\/\/cdn.images.express.co.uk\/img\/dynamic\/198\/1200x712\/secondary\/6365884.avif?r=1755381948312\" media=\"screen and (min-width:10000px)\"><source type=\"image\/webp\" srcset=\"https:\/\/cdn.images.express.co.uk\/img\/dynamic\/198\/1200x712\/secondary\/6365884.webp?r=1755381948312\" media=\"screen and (min-width:10000px)\"><source type=\"image\/jpeg\" srcset=\"https:\/\/cdn.images.express.co.uk\/img\/dynamic\/198\/1200x712\/secondary\/6365884.jpg?r=1755381948312\" media=\"screen and (min-width:10000px)\"><source type=\"image\/avif\" srcset=\"https:\/\/cdn.images.express.co.uk\/img\/dynamic\/198\/674x400\/secondary\/6365884.avif?r=1755381948312\" media=\"screen and (min-width:100000px)\"><source type=\"image\/webp\" srcset=\"https:\/\/cdn.images.express.co.uk\/img\/dynamic\/198\/674x400\/secondary\/6365884.webp?r=1755381948312\" media=\"screen and (min-width:100000px)\"><source type=\"image\/jpeg\" srcset=\"https:\/\/cdn.images.express.co.uk\/img\/dynamic\/198\/674x400\/secondary\/6365884.jpg?r=1755381948312\" media=\"screen and (min-width:100000px)\"><source type=\"image\/avif\" srcset=\"https:\/\/cdn.images.express.co.uk\/img\/dynamic\/198\/940x\/secondary\/6365884.avif?r=1755381948312\" media=\"screen and (min-width:1200px)\"><source type=\"image\/webp\" srcset=\"https:\/\/cdn.images.express.co.uk\/img\/dynamic\/198\/940x\/secondary\/6365884.webp?r=1755381948312\" media=\"screen and (min-width:1200px)\"><source type=\"image\/jpeg\" srcset=\"https:\/\/cdn.images.express.co.uk\/img\/dynamic\/198\/940x\/secondary\/6365884.jpg?r=1755381948312\" media=\"screen and (min-width:1200px)\"><source type=\"image\/avif\" srcset=\"https:\/\/cdn.images.express.co.uk\/img\/dynamic\/198\/590x\/secondary\/6365884.avif?r=1755381948312\" media=\"screen\"><source type=\"image\/webp\" srcset=\"https:\/\/cdn.images.express.co.uk\/img\/dynamic\/198\/590x\/secondary\/6365884.webp?r=1755381948312\" media=\"screen\"><img decoding=\"async\" src=\"https:\/\/www.svalbard.fr\/actualites\/wp-content\/uploads\/2025\/08\/1755384860_257_Trump-a-critique-pour-l39appel-de-froid-pathetique-a-la.jpg\" alt=\"L&#39;ancien pr\u00e9sident am\u00e9ricain Barack Obama avec le prix de la paix\" title=\"L&#39;ancien pr\u00e9sident am\u00e9ricain Barack Obama avec le prix de la paix\" width=\"590\" height=\"876\" loading=\"lazy\"\/><\/source><\/source><\/source><\/source><\/source><\/source><\/source><\/source><\/source><\/source><\/source><\/picture><\/p>\n<p><span class=\"newsCaption\">Laur\u00e9at du prix Nobel de la paix, le pr\u00e9sident am\u00e9ricain Barack Obama a re\u00e7u son prix en 2009 <span class=\"caption\">(Image: AFP \/ Getty Images)<\/span><\/span><\/div>\n<div class=\"text-description\">\n<p>Un critique a comment\u00e9: \u00ab\u00a0Path\u00e9tique. Peut-il gagner quoi que ce soit sans tricher?\u00a0\u00bb Un autre a fait remarquer: \u00ab\u00a0Jamais dans l&#39;histoire du prix de la paix, quelqu&#39;un n&#39;a pas suppli\u00e9 le prix. Nous sommes ridiculis\u00e9s par le reste du monde.<\/p>\n<p>\u00ab\u00a0Le prochain mouvement de Trump sera d&#39;appeler \u00e0 froid le pape pour faire pression pour la saintet\u00e9\u00a0\u00bb, a plaisant\u00e9 un autre critique. Si Trump devait gagner, il rejoindrait les rangs de Theodore Roosevelt, Woodrow Wilson, Jimmy Carter et Barack Obama en tant que cinqui\u00e8me pr\u00e9sident \u00e0 recevoir le prix.<\/p>\n<p>Certains ont sugg\u00e9r\u00e9 que Trump est de plus en plus envieux de la r\u00e9ussite de son rival de longue date d&#39;Obama. \u00ab\u00a0C&#39;est la seule chose qu&#39;Obama a qu&#39;il ne fait pas. Cela le fait tellement mal\u00a0\u00bb, a not\u00e9 un critique.<\/p>\n<p>D&#39;autres ont critiqu\u00e9 Trump pour avoir demand\u00e9 un prix Nobel de la paix aux responsables norv\u00e9giens tout en mena\u00e7ant simultan\u00e9ment des tarifs dans le pays. Le mois dernier, Trump a annonc\u00e9 un tarif de 15% sur les importations norv\u00e9giennes.<\/p>\n<\/div>\n<div class=\"photo changeSpace\">\n<p class=\"withoutCaption\"><picture><source type=\"image\/avif\" srcset=\"https:\/\/cdn.images.express.co.uk\/img\/dynamic\/198\/1200x712\/secondary\/6365885.avif?r=1755381948380\" media=\"screen and (min-width:10000px)\"><source type=\"image\/webp\" srcset=\"https:\/\/cdn.images.express.co.uk\/img\/dynamic\/198\/1200x712\/secondary\/6365885.webp?r=1755381948380\" media=\"screen and (min-width:10000px)\"><source type=\"image\/jpeg\" srcset=\"https:\/\/cdn.images.express.co.uk\/img\/dynamic\/198\/1200x712\/secondary\/6365885.jpg?r=1755381948380\" media=\"screen and (min-width:10000px)\"><source type=\"image\/avif\" srcset=\"https:\/\/cdn.images.express.co.uk\/img\/dynamic\/198\/674x400\/secondary\/6365885.avif?r=1755381948380\" media=\"screen and (min-width:100000px)\"><source type=\"image\/webp\" srcset=\"https:\/\/cdn.images.express.co.uk\/img\/dynamic\/198\/674x400\/secondary\/6365885.webp?r=1755381948380\" media=\"screen and (min-width:100000px)\"><source type=\"image\/jpeg\" srcset=\"https:\/\/cdn.images.express.co.uk\/img\/dynamic\/198\/674x400\/secondary\/6365885.jpg?r=1755381948380\" media=\"screen and (min-width:100000px)\"><source type=\"image\/avif\" srcset=\"https:\/\/cdn.images.express.co.uk\/img\/dynamic\/198\/940x\/secondary\/6365885.avif?r=1755381948380\" media=\"screen and (min-width:1200px)\"><source type=\"image\/webp\" srcset=\"https:\/\/cdn.images.express.co.uk\/img\/dynamic\/198\/940x\/secondary\/6365885.webp?r=1755381948380\" media=\"screen and (min-width:1200px)\"><source type=\"image\/jpeg\" srcset=\"https:\/\/cdn.images.express.co.uk\/img\/dynamic\/198\/940x\/secondary\/6365885.jpg?r=1755381948380\" media=\"screen and (min-width:1200px)\"><source type=\"image\/avif\" srcset=\"https:\/\/cdn.images.express.co.uk\/img\/dynamic\/198\/590x\/secondary\/6365885.avif?r=1755381948380\" media=\"screen\"><source type=\"image\/webp\" srcset=\"https:\/\/cdn.images.express.co.uk\/img\/dynamic\/198\/590x\/secondary\/6365885.webp?r=1755381948380\" media=\"screen\"><img decoding=\"async\" src=\"https:\/\/www.svalbard.fr\/actualites\/wp-content\/uploads\/2025\/08\/1755384860_493_Trump-a-critique-pour-l39appel-de-froid-pathetique-a-la.jpg\" alt=\"Ministre norv\u00e9gien des finances\" title=\"Ministre norv\u00e9gien des finances\" width=\"590\" height=\"393\" loading=\"lazy\"\/><\/source><\/source><\/source><\/source><\/source><\/source><\/source><\/source><\/source><\/source><\/source><\/picture><\/p>\n<p><span class=\"newsCaption\">Le ministre norv\u00e9gien des Finances et l&#39;ancien secr\u00e9taire g\u00e9n\u00e9ral de l&#39;OTAN Jens Stoltenberg aurait re\u00e7u un appel t\u00e9l\u00e9phonique \u00ab\u00a0 \u00e0 l&#39;improviste &#39;&#39; de Trump <span class=\"caption\">(Image: Redferns)<\/span><\/span><\/div>\n<div class=\"text-description\">\n<p>\u00ab\u00a0\u00c0 quel point cela doit \u00eatre g\u00eanant pour les Am\u00e9ricains de voir leur pr\u00e9sident mendiant ou chanter des pays pour le prix Nobel de la paix\u00a0\u00bb, a \u00e9crit un critique. Un autre a fait \u00e9cho: \u00ab\u00a0Si cela est vrai, c&#39;est un pic de Trump: exiger un Nobel comme son service de chambre, alors mena\u00e7ant des tarifs s&#39;ils disent non. Diplomatie classique de l&#39;homme fort. Source ou satire? Quoi qu&#39;il en soit, hilarant.\u00a0\u00bb<\/p>\n<p>Lors d&#39;une r\u00e9union de f\u00e9vrier avec le Premier ministre isra\u00e9lien Benjamin Netanyahu, Trump a grogn\u00e9: \u00ab\u00a0Ils ne me contiendront jamais un prix Nobel de la paix.\u00a0\u00bb<\/p>\n<p>Il a en outre d\u00e9plor\u00e9: \u00ab\u00a0C&#39;est dommage. Je le m\u00e9rite, mais ils ne me le donneront jamais.\u00a0\u00bb<\/p>\n<p>Dans un point de presse le mois dernier, la secr\u00e9taire de presse de la Maison Blanche, Karoline Leavitt, a \u00e9galement affirm\u00e9 que c&#39;est \u00ab\u00a0bien pass\u00e9\u00a0\u00bb que Trump a re\u00e7u le prix.<\/p>\n<\/div>\n<\/div>\n","protected":false},"excerpt":{"rendered":"<p>Le pr\u00e9sident am\u00e9ricain Donald Trump a hauss\u00e9 les sourcils apr\u00e8s qu&#39;il aurait d\u00e9clar\u00e9 le froid, la Norv\u00e8ge pour tenter de garantir un prix Nobel de<\/p>\n","protected":false},"author":1,"featured_media":4882,"comment_status":"closed","ping_status":"","sticky":false,"template":"","format":"standard","meta":{"footnotes":""},"categories":[2277],"tags":[1932,799,1217,4969,4973,6,4975,4971,150,1548,1420],"yoast_head":"<!-- This site is optimized with the Yoast SEO plugin v21.0 - https:\/\/yoast.com\/wordpress\/plugins\/seo\/ -->\n<title>Trump a critiqu\u00e9 pour l&#039;appel de froid \u00abpath\u00e9tique\u00bb \u00e0 la Norv\u00e8ge pour la candidature du prix Nobel de la paix<\/title>\n<meta name=\"robots\" content=\"index, follow, max-snippet:-1, max-image-preview:large, max-video-preview:-1\" \/>\n<link rel=\"canonical\" href=\"https:\/\/www.svalbard.fr\/actualites\/trump-a-critique-pour-lappel-de-froid-pathetique-a-la-norvege-pour-la-candidature-du-prix-nobel-de-la-paix\/\" \/>\n<meta property=\"og:locale\" content=\"fr_FR\" \/>\n<meta property=\"og:type\" content=\"article\" \/>\n<meta property=\"og:title\" content=\"Trump a critiqu\u00e9 pour l&#039;appel de froid \u00abpath\u00e9tique\u00bb \u00e0 la Norv\u00e8ge pour la candidature du prix Nobel de la paix\" \/>\n<meta property=\"og:description\" content=\"Le pr\u00e9sident am\u00e9ricain Donald Trump a hauss\u00e9 les sourcils apr\u00e8s qu&#039;il aurait d\u00e9clar\u00e9 le froid, la Norv\u00e8ge pour tenter de garantir un prix Nobel de\" \/>\n<meta property=\"og:url\" content=\"https:\/\/www.svalbard.fr\/actualites\/trump-a-critique-pour-lappel-de-froid-pathetique-a-la-norvege-pour-la-candidature-du-prix-nobel-de-la-paix\/\" \/>\n<meta property=\"og:site_name\" content=\"www.Svalbard.fr\" \/>\n<meta property=\"article:published_time\" content=\"2025-08-16T22:54:20+00:00\" \/>\n<meta property=\"article:modified_time\" content=\"2025-08-16T22:54:22+00:00\" \/>\n<meta property=\"og:image\" content=\"https:\/\/www.svalbard.fr\/actualites\/wp-content\/uploads\/2025\/08\/1755384861_Trump-a-critique-pour-l39appel-de-froid-pathetique-a-la.jpg\" \/>\n\t<meta property=\"og:image:width\" content=\"1200\" \/>\n\t<meta property=\"og:image:height\" content=\"630\" \/>\n\t<meta property=\"og:image:type\" content=\"image\/jpeg\" \/>\n<meta name=\"author\" content=\"Hilmar\" \/>\n<meta name=\"twitter:card\" content=\"summary_large_image\" \/>\n<meta name=\"twitter:label1\" content=\"\u00c9crit par\" \/>\n\t<meta name=\"twitter:data1\" content=\"Hilmar\" \/>\n\t<meta name=\"twitter:label2\" content=\"Dur\u00e9e de lecture estim\u00e9e\" \/>\n\t<meta name=\"twitter:data2\" content=\"6 minutes\" \/>\n<script type=\"application\/ld+json\" class=\"yoast-schema-graph\">{\"@context\":\"https:\/\/schema.org\",\"@graph\":[{\"@type\":\"Article\",\"@id\":\"https:\/\/www.svalbard.fr\/actualites\/trump-a-critique-pour-lappel-de-froid-pathetique-a-la-norvege-pour-la-candidature-du-prix-nobel-de-la-paix\/#article\",\"isPartOf\":{\"@id\":\"https:\/\/www.svalbard.fr\/actualites\/trump-a-critique-pour-lappel-de-froid-pathetique-a-la-norvege-pour-la-candidature-du-prix-nobel-de-la-paix\/\"},\"author\":{\"name\":\"Hilmar\",\"@id\":\"https:\/\/www.svalbard.fr\/actualites\/#\/schema\/person\/a2f937d5712222366738fae98755c600\"},\"headline\":\"Trump a critiqu\u00e9 pour l&#39;appel de froid \u00abpath\u00e9tique\u00bb \u00e0 la Norv\u00e8ge pour la candidature du prix Nobel de la paix\",\"datePublished\":\"2025-08-16T22:54:20+00:00\",\"dateModified\":\"2025-08-16T22:54:22+00:00\",\"mainEntityOfPage\":{\"@id\":\"https:\/\/www.svalbard.fr\/actualites\/trump-a-critique-pour-lappel-de-froid-pathetique-a-la-norvege-pour-la-candidature-du-prix-nobel-de-la-paix\/\"},\"wordCount\":1152,\"publisher\":{\"@id\":\"https:\/\/www.svalbard.fr\/actualites\/#organization\"},\"keywords\":[\"candidature\",\"Critique\",\"froid\",\"l39appel\",\"Nobel\",\"Norv\u00e8ge\",\"paix\",\"path\u00e9tique\",\"pour\",\"prix\",\"Trump\"],\"inLanguage\":\"fr-FR\"},{\"@type\":\"WebPage\",\"@id\":\"https:\/\/www.svalbard.fr\/actualites\/trump-a-critique-pour-lappel-de-froid-pathetique-a-la-norvege-pour-la-candidature-du-prix-nobel-de-la-paix\/\",\"url\":\"https:\/\/www.svalbard.fr\/actualites\/trump-a-critique-pour-lappel-de-froid-pathetique-a-la-norvege-pour-la-candidature-du-prix-nobel-de-la-paix\/\",\"name\":\"Trump a critiqu\u00e9 pour l&#39;appel de froid \u00abpath\u00e9tique\u00bb \u00e0 la Norv\u00e8ge pour la candidature du prix Nobel de la paix\",\"isPartOf\":{\"@id\":\"https:\/\/www.svalbard.fr\/actualites\/#website\"},\"datePublished\":\"2025-08-16T22:54:20+00:00\",\"dateModified\":\"2025-08-16T22:54:22+00:00\",\"breadcrumb\":{\"@id\":\"https:\/\/www.svalbard.fr\/actualites\/trump-a-critique-pour-lappel-de-froid-pathetique-a-la-norvege-pour-la-candidature-du-prix-nobel-de-la-paix\/#breadcrumb\"},\"inLanguage\":\"fr-FR\",\"potentialAction\":[{\"@type\":\"ReadAction\",\"target\":[\"https:\/\/www.svalbard.fr\/actualites\/trump-a-critique-pour-lappel-de-froid-pathetique-a-la-norvege-pour-la-candidature-du-prix-nobel-de-la-paix\/\"]}]},{\"@type\":\"BreadcrumbList\",\"@id\":\"https:\/\/www.svalbard.fr\/actualites\/trump-a-critique-pour-lappel-de-froid-pathetique-a-la-norvege-pour-la-candidature-du-prix-nobel-de-la-paix\/#breadcrumb\",\"itemListElement\":[{\"@type\":\"ListItem\",\"position\":1,\"name\":\"Accueil\",\"item\":\"https:\/\/www.svalbard.fr\/actualites\/\"},{\"@type\":\"ListItem\",\"position\":2,\"name\":\"Trump a critiqu\u00e9 pour l&#39;appel de froid \u00abpath\u00e9tique\u00bb \u00e0 la Norv\u00e8ge pour la candidature du prix Nobel de la paix\"}]},{\"@type\":\"WebSite\",\"@id\":\"https:\/\/www.svalbard.fr\/actualites\/#website\",\"url\":\"https:\/\/www.svalbard.fr\/actualites\/\",\"name\":\"www.Svalbard.fr\",\"description\":\"\",\"publisher\":{\"@id\":\"https:\/\/www.svalbard.fr\/actualites\/#organization\"},\"potentialAction\":[{\"@type\":\"SearchAction\",\"target\":{\"@type\":\"EntryPoint\",\"urlTemplate\":\"https:\/\/www.svalbard.fr\/actualites\/?s={search_term_string}\"},\"query-input\":\"required name=search_term_string\"}],\"inLanguage\":\"fr-FR\"},{\"@type\":\"Organization\",\"@id\":\"https:\/\/www.svalbard.fr\/actualites\/#organization\",\"name\":\"www.Svalbard.fr\",\"url\":\"https:\/\/www.svalbard.fr\/actualites\/\",\"logo\":{\"@type\":\"ImageObject\",\"inLanguage\":\"fr-FR\",\"@id\":\"https:\/\/www.svalbard.fr\/actualites\/#\/schema\/logo\/image\/\",\"url\":\"https:\/\/www.svalbard.fr\/actualites\/wp-content\/uploads\/2023\/09\/head-nom.jpg\",\"contentUrl\":\"https:\/\/www.svalbard.fr\/actualites\/wp-content\/uploads\/2023\/09\/head-nom.jpg\",\"width\":264,\"height\":35,\"caption\":\"www.Svalbard.fr\"},\"image\":{\"@id\":\"https:\/\/www.svalbard.fr\/actualites\/#\/schema\/logo\/image\/\"}},{\"@type\":\"Person\",\"@id\":\"https:\/\/www.svalbard.fr\/actualites\/#\/schema\/person\/a2f937d5712222366738fae98755c600\",\"name\":\"Hilmar\",\"image\":{\"@type\":\"ImageObject\",\"inLanguage\":\"fr-FR\",\"@id\":\"https:\/\/www.svalbard.fr\/actualites\/#\/schema\/person\/image\/\",\"url\":\"https:\/\/secure.gravatar.com\/avatar\/4daa437093476dbc32da415c112b6512?s=96&d=mm&r=g\",\"contentUrl\":\"https:\/\/secure.gravatar.com\/avatar\/4daa437093476dbc32da415c112b6512?s=96&d=mm&r=g\",\"caption\":\"Hilmar\"},\"description\":\"Hilmar est un passionn\u00e9 des r\u00e9gions polaires, sp\u00e9cialis\u00e9 dans la r\u00e9daction d'articles sur le Spitzberg et autres destinations arctiques. Il apporte son expertise et sa passion pour l'Arctique au sein de l'\u00e9quipe de r\u00e9daction de Svalbard depuis de nombreuses ann\u00e9es.\",\"sameAs\":[\"https:\/\/www.svalbard.fr\/\"]}]}<\/script>\n<!-- \/ Yoast SEO plugin. -->","yoast_head_json":{"title":"Trump a critiqu\u00e9 pour l&#39;appel de froid \u00abpath\u00e9tique\u00bb \u00e0 la Norv\u00e8ge pour la candidature du prix Nobel de la paix","robots":{"index":"index","follow":"follow","max-snippet":"max-snippet:-1","max-image-preview":"max-image-preview:large","max-video-preview":"max-video-preview:-1"},"canonical":"https:\/\/www.svalbard.fr\/actualites\/trump-a-critique-pour-lappel-de-froid-pathetique-a-la-norvege-pour-la-candidature-du-prix-nobel-de-la-paix\/","og_locale":"fr_FR","og_type":"article","og_title":"Trump a critiqu\u00e9 pour l&#39;appel de froid \u00abpath\u00e9tique\u00bb \u00e0 la Norv\u00e8ge pour la candidature du prix Nobel de la paix","og_description":"Le pr\u00e9sident am\u00e9ricain Donald Trump a hauss\u00e9 les sourcils apr\u00e8s qu&#39;il aurait d\u00e9clar\u00e9 le froid, la Norv\u00e8ge pour tenter de garantir un prix Nobel de","og_url":"https:\/\/www.svalbard.fr\/actualites\/trump-a-critique-pour-lappel-de-froid-pathetique-a-la-norvege-pour-la-candidature-du-prix-nobel-de-la-paix\/","og_site_name":"www.Svalbard.fr","article_published_time":"2025-08-16T22:54:20+00:00","article_modified_time":"2025-08-16T22:54:22+00:00","og_image":[{"width":1200,"height":630,"url":"https:\/\/www.svalbard.fr\/actualites\/wp-content\/uploads\/2025\/08\/1755384861_Trump-a-critique-pour-l39appel-de-froid-pathetique-a-la.jpg","type":"image\/jpeg"}],"author":"Hilmar","twitter_card":"summary_large_image","twitter_misc":{"\u00c9crit par":"Hilmar","Dur\u00e9e de lecture estim\u00e9e":"6 minutes"},"schema":{"@context":"https:\/\/schema.org","@graph":[{"@type":"Article","@id":"https:\/\/www.svalbard.fr\/actualites\/trump-a-critique-pour-lappel-de-froid-pathetique-a-la-norvege-pour-la-candidature-du-prix-nobel-de-la-paix\/#article","isPartOf":{"@id":"https:\/\/www.svalbard.fr\/actualites\/trump-a-critique-pour-lappel-de-froid-pathetique-a-la-norvege-pour-la-candidature-du-prix-nobel-de-la-paix\/"},"author":{"name":"Hilmar","@id":"https:\/\/www.svalbard.fr\/actualites\/#\/schema\/person\/a2f937d5712222366738fae98755c600"},"headline":"Trump a critiqu\u00e9 pour l&#39;appel de froid \u00abpath\u00e9tique\u00bb \u00e0 la Norv\u00e8ge pour la candidature du prix Nobel de la paix","datePublished":"2025-08-16T22:54:20+00:00","dateModified":"2025-08-16T22:54:22+00:00","mainEntityOfPage":{"@id":"https:\/\/www.svalbard.fr\/actualites\/trump-a-critique-pour-lappel-de-froid-pathetique-a-la-norvege-pour-la-candidature-du-prix-nobel-de-la-paix\/"},"wordCount":1152,"publisher":{"@id":"https:\/\/www.svalbard.fr\/actualites\/#organization"},"keywords":["candidature","Critique","froid","l39appel","Nobel","Norv\u00e8ge","paix","path\u00e9tique","pour","prix","Trump"],"inLanguage":"fr-FR"},{"@type":"WebPage","@id":"https:\/\/www.svalbard.fr\/actualites\/trump-a-critique-pour-lappel-de-froid-pathetique-a-la-norvege-pour-la-candidature-du-prix-nobel-de-la-paix\/","url":"https:\/\/www.svalbard.fr\/actualites\/trump-a-critique-pour-lappel-de-froid-pathetique-a-la-norvege-pour-la-candidature-du-prix-nobel-de-la-paix\/","name":"Trump a critiqu\u00e9 pour l&#39;appel de froid \u00abpath\u00e9tique\u00bb \u00e0 la Norv\u00e8ge pour la candidature du prix Nobel de la paix","isPartOf":{"@id":"https:\/\/www.svalbard.fr\/actualites\/#website"},"datePublished":"2025-08-16T22:54:20+00:00","dateModified":"2025-08-16T22:54:22+00:00","breadcrumb":{"@id":"https:\/\/www.svalbard.fr\/actualites\/trump-a-critique-pour-lappel-de-froid-pathetique-a-la-norvege-pour-la-candidature-du-prix-nobel-de-la-paix\/#breadcrumb"},"inLanguage":"fr-FR","potentialAction":[{"@type":"ReadAction","target":["https:\/\/www.svalbard.fr\/actualites\/trump-a-critique-pour-lappel-de-froid-pathetique-a-la-norvege-pour-la-candidature-du-prix-nobel-de-la-paix\/"]}]},{"@type":"BreadcrumbList","@id":"https:\/\/www.svalbard.fr\/actualites\/trump-a-critique-pour-lappel-de-froid-pathetique-a-la-norvege-pour-la-candidature-du-prix-nobel-de-la-paix\/#breadcrumb","itemListElement":[{"@type":"ListItem","position":1,"name":"Accueil","item":"https:\/\/www.svalbard.fr\/actualites\/"},{"@type":"ListItem","position":2,"name":"Trump a critiqu\u00e9 pour l&#39;appel de froid \u00abpath\u00e9tique\u00bb \u00e0 la Norv\u00e8ge pour la candidature du prix Nobel de la paix"}]},{"@type":"WebSite","@id":"https:\/\/www.svalbard.fr\/actualites\/#website","url":"https:\/\/www.svalbard.fr\/actualites\/","name":"www.Svalbard.fr","description":"","publisher":{"@id":"https:\/\/www.svalbard.fr\/actualites\/#organization"},"potentialAction":[{"@type":"SearchAction","target":{"@type":"EntryPoint","urlTemplate":"https:\/\/www.svalbard.fr\/actualites\/?s={search_term_string}"},"query-input":"required name=search_term_string"}],"inLanguage":"fr-FR"},{"@type":"Organization","@id":"https:\/\/www.svalbard.fr\/actualites\/#organization","name":"www.Svalbard.fr","url":"https:\/\/www.svalbard.fr\/actualites\/","logo":{"@type":"ImageObject","inLanguage":"fr-FR","@id":"https:\/\/www.svalbard.fr\/actualites\/#\/schema\/logo\/image\/","url":"https:\/\/www.svalbard.fr\/actualites\/wp-content\/uploads\/2023\/09\/head-nom.jpg","contentUrl":"https:\/\/www.svalbard.fr\/actualites\/wp-content\/uploads\/2023\/09\/head-nom.jpg","width":264,"height":35,"caption":"www.Svalbard.fr"},"image":{"@id":"https:\/\/www.svalbard.fr\/actualites\/#\/schema\/logo\/image\/"}},{"@type":"Person","@id":"https:\/\/www.svalbard.fr\/actualites\/#\/schema\/person\/a2f937d5712222366738fae98755c600","name":"Hilmar","image":{"@type":"ImageObject","inLanguage":"fr-FR","@id":"https:\/\/www.svalbard.fr\/actualites\/#\/schema\/person\/image\/","url":"https:\/\/secure.gravatar.com\/avatar\/4daa437093476dbc32da415c112b6512?s=96&d=mm&r=g","contentUrl":"https:\/\/secure.gravatar.com\/avatar\/4daa437093476dbc32da415c112b6512?s=96&d=mm&r=g","caption":"Hilmar"},"description":"Hilmar est un passionn\u00e9 des r\u00e9gions polaires, sp\u00e9cialis\u00e9 dans la r\u00e9daction d'articles sur le Spitzberg et autres destinations arctiques. Il apporte son expertise et sa passion pour l'Arctique au sein de l'\u00e9quipe de r\u00e9daction de Svalbard depuis de nombreuses ann\u00e9es.","sameAs":["https:\/\/www.svalbard.fr\/"]}]}},"_links":{"self":[{"href":"https:\/\/www.svalbard.fr\/actualites\/wp-json\/wp\/v2\/posts\/4881"}],"collection":[{"href":"https:\/\/www.svalbard.fr\/actualites\/wp-json\/wp\/v2\/posts"}],"about":[{"href":"https:\/\/www.svalbard.fr\/actualites\/wp-json\/wp\/v2\/types\/post"}],"author":[{"embeddable":true,"href":"https:\/\/www.svalbard.fr\/actualites\/wp-json\/wp\/v2\/users\/1"}],"replies":[{"embeddable":true,"href":"https:\/\/www.svalbard.fr\/actualites\/wp-json\/wp\/v2\/comments?post=4881"}],"version-history":[{"count":1,"href":"https:\/\/www.svalbard.fr\/actualites\/wp-json\/wp\/v2\/posts\/4881\/revisions"}],"predecessor-version":[{"id":4883,"href":"https:\/\/www.svalbard.fr\/actualites\/wp-json\/wp\/v2\/posts\/4881\/revisions\/4883"}],"wp:featuredmedia":[{"embeddable":true,"href":"https:\/\/www.svalbard.fr\/actualites\/wp-json\/wp\/v2\/media\/4882"}],"wp:attachment":[{"href":"https:\/\/www.svalbard.fr\/actualites\/wp-json\/wp\/v2\/media?parent=4881"}],"wp:term":[{"taxonomy":"category","embeddable":true,"href":"https:\/\/www.svalbard.fr\/actualites\/wp-json\/wp\/v2\/categories?post=4881"},{"taxonomy":"post_tag","embeddable":true,"href":"https:\/\/www.svalbard.fr\/actualites\/wp-json\/wp\/v2\/tags?post=4881"}],"curies":[{"name":"wp","href":"https:\/\/api.w.org\/{rel}","templated":true}]}}