{"id":4890,"date":"2025-08-19T11:12:09","date_gmt":"2025-08-19T09:12:09","guid":{"rendered":"https:\/\/www.svalbard.fr\/actualites\/fils-de-la-future-reine-de-la-norvege-chargee-de-quatre-chefs-de-viol\/"},"modified":"2025-08-19T11:12:13","modified_gmt":"2025-08-19T09:12:13","slug":"fils-de-la-future-reine-de-la-norvege-chargee-de-quatre-chefs-de-viol","status":"publish","type":"post","link":"https:\/\/www.svalbard.fr\/actualites\/fils-de-la-future-reine-de-la-norvege-chargee-de-quatre-chefs-de-viol\/","title":{"rendered":"Fils de la future reine de la Norv\u00e8ge charg\u00e9e de quatre chefs de viol"},"content":{"rendered":"<div>\n<p data-mce-linkchecker-status=\"valid\">Marius Borg Hoiby, le fils de la future reine de la Norv\u00e8ge, a \u00e9t\u00e9 accus\u00e9 de quatre chefs de viol et pourrait encourir jusqu&#39;\u00e0 10 ans de prison. Le fils de 28 ans de la princesse de la Couronne Mette-Marit et le beau-fils de l&#39;h\u00e9ritier du tr\u00f4ne, le prince h\u00e9ritier Haakon, a comparu lundi devant le tribunal. Apr\u00e8s une longue enqu\u00eate, le membre de la famille royale norv\u00e9gienne a \u00e9t\u00e9 accus\u00e9 de 32 chefs d&#39;accusation, notamment des viols, des abus dans une relation \u00e9troite contre un ancien partenaire et des actes de violence contre un autre, provoquant des menaces de mort et des infractions \u00e0 la circulation.<\/p>\n<p>Hoiby aurait agress\u00e9 les femmes pendant leur sommeil. Il est actuellement en attente de proc\u00e8s en attente, et le procureur de l&#39;\u00c9tat d&#39;Oslo, Sturla Henriksbo, a d\u00e9clar\u00e9 qu&#39;il n&#39;y avait actuellement aucune raison de l&#39;arr\u00eater et de l&#39;emprisonner.<\/p>\n<p>Le bureau des procureurs estime que le proc\u00e8s pourrait commencer \u00e0 la mi-janvier et prendre environ six semaines, a rapport\u00e9 le diffuseur public publique de Norv\u00e8ge NRK.<\/p>\n<\/div>\n<div>\n<p>Henriksbo, a d\u00e9clar\u00e9: \u00ab\u00a0Cette affaire est tr\u00e8s grave. Le viol et la violence dans les relations \u00e9troites sont des actes tr\u00e8s graves qui peuvent laisser des traces durables et d\u00e9truire des vies.<\/p>\n<p>\u00ab\u00a0Le fait que Marius Borg Hoiby soit membre de la famille royale ne devrait bien s\u00fbr signifier qu&#39;il devrait \u00eatre trait\u00e9 plus l\u00e9g\u00e8rement ou plus s\u00e9v\u00e8rement que si des actes similaires avaient \u00e9t\u00e9 commis par d&#39;autres.\u00a0\u00bb<\/p>\n<p>Il y aurait des preuves sous forme de messages texte, de d\u00e9clarations de t\u00e9moins et des conclusions des perquisitions polici\u00e8res, ont d\u00e9clar\u00e9 les enqu\u00eateurs.<\/p>\n<\/div>\n<div>\n<p>Hoiby a \u00e9t\u00e9 arr\u00eat\u00e9 l&#39;ann\u00e9e derni\u00e8re pour des accusations pr\u00e9liminaires de viol, de violence et de dommages criminels, coop\u00e9rant avec la police lors de l&#39;interrogatoire, rapporte CBS.<\/p>\n<p>Son \u00e9quipe de d\u00e9fense a d\u00e9clar\u00e9 qu&#39;il prenait les accusations au s\u00e9rieux mais ne reconna\u00eet aucun acte r\u00e9pr\u00e9hensible dans la plupart des cas, en particulier ceux concernant les abus sexuels et la violence.<\/p>\n<p>Le palais royal a d\u00e9clar\u00e9 qu&#39;il appartenait aux tribunaux de g\u00e9rer l&#39;affaire et de prendre une d\u00e9cision, et n&#39;avait rien \u00e0 ajouter au-del\u00e0.<\/p>\n<\/div>\n","protected":false},"excerpt":{"rendered":"<p>Marius Borg Hoiby, le fils de la future reine de la Norv\u00e8ge, a \u00e9t\u00e9 accus\u00e9 de quatre chefs de viol et pourrait encourir jusqu&#39;\u00e0 10<\/p>\n","protected":false},"author":1,"featured_media":4891,"comment_status":"closed","ping_status":"","sticky":false,"template":"","format":"standard","meta":{"footnotes":""},"categories":[2277],"tags":[4983,4985,4799,4671,6,952,1234,1850],"yoast_head":"<!-- This site is optimized with the Yoast SEO plugin v21.0 - https:\/\/yoast.com\/wordpress\/plugins\/seo\/ -->\n<title>Fils de la future reine de la Norv\u00e8ge charg\u00e9e de quatre chefs de viol<\/title>\n<meta name=\"robots\" content=\"index, follow, max-snippet:-1, max-image-preview:large, max-video-preview:-1\" \/>\n<link rel=\"canonical\" href=\"https:\/\/www.svalbard.fr\/actualites\/fils-de-la-future-reine-de-la-norvege-chargee-de-quatre-chefs-de-viol\/\" \/>\n<meta property=\"og:locale\" content=\"fr_FR\" \/>\n<meta property=\"og:type\" content=\"article\" \/>\n<meta property=\"og:title\" content=\"Fils de la future reine de la Norv\u00e8ge charg\u00e9e de quatre chefs de viol\" \/>\n<meta property=\"og:description\" content=\"Marius Borg Hoiby, le fils de la future reine de la Norv\u00e8ge, a \u00e9t\u00e9 accus\u00e9 de quatre chefs de viol et pourrait encourir jusqu&#039;\u00e0 10\" \/>\n<meta property=\"og:url\" content=\"https:\/\/www.svalbard.fr\/actualites\/fils-de-la-future-reine-de-la-norvege-chargee-de-quatre-chefs-de-viol\/\" \/>\n<meta property=\"og:site_name\" content=\"www.Svalbard.fr\" \/>\n<meta property=\"article:published_time\" content=\"2025-08-19T09:12:09+00:00\" \/>\n<meta property=\"article:modified_time\" content=\"2025-08-19T09:12:13+00:00\" \/>\n<meta property=\"og:image\" content=\"https:\/\/www.svalbard.fr\/actualites\/wp-content\/uploads\/2025\/08\/Fils-de-la-future-reine-de-la-Norvege-chargee-de.jpg\" \/>\n\t<meta property=\"og:image:width\" content=\"1200\" \/>\n\t<meta property=\"og:image:height\" content=\"630\" \/>\n\t<meta property=\"og:image:type\" content=\"image\/jpeg\" \/>\n<meta name=\"author\" content=\"Hilmar\" \/>\n<meta name=\"twitter:card\" content=\"summary_large_image\" \/>\n<meta name=\"twitter:label1\" content=\"\u00c9crit par\" \/>\n\t<meta name=\"twitter:data1\" content=\"Hilmar\" \/>\n\t<meta name=\"twitter:label2\" content=\"Dur\u00e9e de lecture estim\u00e9e\" \/>\n\t<meta name=\"twitter:data2\" content=\"2 minutes\" \/>\n<script type=\"application\/ld+json\" class=\"yoast-schema-graph\">{\"@context\":\"https:\/\/schema.org\",\"@graph\":[{\"@type\":\"Article\",\"@id\":\"https:\/\/www.svalbard.fr\/actualites\/fils-de-la-future-reine-de-la-norvege-chargee-de-quatre-chefs-de-viol\/#article\",\"isPartOf\":{\"@id\":\"https:\/\/www.svalbard.fr\/actualites\/fils-de-la-future-reine-de-la-norvege-chargee-de-quatre-chefs-de-viol\/\"},\"author\":{\"name\":\"Hilmar\",\"@id\":\"https:\/\/www.svalbard.fr\/actualites\/#\/schema\/person\/a2f937d5712222366738fae98755c600\"},\"headline\":\"Fils de la future reine de la Norv\u00e8ge charg\u00e9e de quatre chefs de viol\",\"datePublished\":\"2025-08-19T09:12:09+00:00\",\"dateModified\":\"2025-08-19T09:12:13+00:00\",\"mainEntityOfPage\":{\"@id\":\"https:\/\/www.svalbard.fr\/actualites\/fils-de-la-future-reine-de-la-norvege-chargee-de-quatre-chefs-de-viol\/\"},\"wordCount\":413,\"publisher\":{\"@id\":\"https:\/\/www.svalbard.fr\/actualites\/#organization\"},\"keywords\":[\"charg\u00e9e\",\"chefs\",\"Fils\",\"Future\",\"Norv\u00e8ge\",\"quatre\",\"reine\",\"viol\"],\"inLanguage\":\"fr-FR\"},{\"@type\":\"WebPage\",\"@id\":\"https:\/\/www.svalbard.fr\/actualites\/fils-de-la-future-reine-de-la-norvege-chargee-de-quatre-chefs-de-viol\/\",\"url\":\"https:\/\/www.svalbard.fr\/actualites\/fils-de-la-future-reine-de-la-norvege-chargee-de-quatre-chefs-de-viol\/\",\"name\":\"Fils de la future reine de la Norv\u00e8ge charg\u00e9e de quatre chefs de viol\",\"isPartOf\":{\"@id\":\"https:\/\/www.svalbard.fr\/actualites\/#website\"},\"datePublished\":\"2025-08-19T09:12:09+00:00\",\"dateModified\":\"2025-08-19T09:12:13+00:00\",\"breadcrumb\":{\"@id\":\"https:\/\/www.svalbard.fr\/actualites\/fils-de-la-future-reine-de-la-norvege-chargee-de-quatre-chefs-de-viol\/#breadcrumb\"},\"inLanguage\":\"fr-FR\",\"potentialAction\":[{\"@type\":\"ReadAction\",\"target\":[\"https:\/\/www.svalbard.fr\/actualites\/fils-de-la-future-reine-de-la-norvege-chargee-de-quatre-chefs-de-viol\/\"]}]},{\"@type\":\"BreadcrumbList\",\"@id\":\"https:\/\/www.svalbard.fr\/actualites\/fils-de-la-future-reine-de-la-norvege-chargee-de-quatre-chefs-de-viol\/#breadcrumb\",\"itemListElement\":[{\"@type\":\"ListItem\",\"position\":1,\"name\":\"Accueil\",\"item\":\"https:\/\/www.svalbard.fr\/actualites\/\"},{\"@type\":\"ListItem\",\"position\":2,\"name\":\"Fils de la future reine de la Norv\u00e8ge charg\u00e9e de quatre chefs de viol\"}]},{\"@type\":\"WebSite\",\"@id\":\"https:\/\/www.svalbard.fr\/actualites\/#website\",\"url\":\"https:\/\/www.svalbard.fr\/actualites\/\",\"name\":\"www.Svalbard.fr\",\"description\":\"\",\"publisher\":{\"@id\":\"https:\/\/www.svalbard.fr\/actualites\/#organization\"},\"potentialAction\":[{\"@type\":\"SearchAction\",\"target\":{\"@type\":\"EntryPoint\",\"urlTemplate\":\"https:\/\/www.svalbard.fr\/actualites\/?s={search_term_string}\"},\"query-input\":\"required name=search_term_string\"}],\"inLanguage\":\"fr-FR\"},{\"@type\":\"Organization\",\"@id\":\"https:\/\/www.svalbard.fr\/actualites\/#organization\",\"name\":\"www.Svalbard.fr\",\"url\":\"https:\/\/www.svalbard.fr\/actualites\/\",\"logo\":{\"@type\":\"ImageObject\",\"inLanguage\":\"fr-FR\",\"@id\":\"https:\/\/www.svalbard.fr\/actualites\/#\/schema\/logo\/image\/\",\"url\":\"https:\/\/www.svalbard.fr\/actualites\/wp-content\/uploads\/2023\/09\/head-nom.jpg\",\"contentUrl\":\"https:\/\/www.svalbard.fr\/actualites\/wp-content\/uploads\/2023\/09\/head-nom.jpg\",\"width\":264,\"height\":35,\"caption\":\"www.Svalbard.fr\"},\"image\":{\"@id\":\"https:\/\/www.svalbard.fr\/actualites\/#\/schema\/logo\/image\/\"}},{\"@type\":\"Person\",\"@id\":\"https:\/\/www.svalbard.fr\/actualites\/#\/schema\/person\/a2f937d5712222366738fae98755c600\",\"name\":\"Hilmar\",\"image\":{\"@type\":\"ImageObject\",\"inLanguage\":\"fr-FR\",\"@id\":\"https:\/\/www.svalbard.fr\/actualites\/#\/schema\/person\/image\/\",\"url\":\"https:\/\/secure.gravatar.com\/avatar\/4daa437093476dbc32da415c112b6512?s=96&d=mm&r=g\",\"contentUrl\":\"https:\/\/secure.gravatar.com\/avatar\/4daa437093476dbc32da415c112b6512?s=96&d=mm&r=g\",\"caption\":\"Hilmar\"},\"description\":\"Hilmar est un passionn\u00e9 des r\u00e9gions polaires, sp\u00e9cialis\u00e9 dans la r\u00e9daction d'articles sur le Spitzberg et autres destinations arctiques. Il apporte son expertise et sa passion pour l'Arctique au sein de l'\u00e9quipe de r\u00e9daction de Svalbard depuis de nombreuses ann\u00e9es.\",\"sameAs\":[\"https:\/\/www.svalbard.fr\/\"]}]}<\/script>\n<!-- \/ Yoast SEO plugin. -->","yoast_head_json":{"title":"Fils de la future reine de la Norv\u00e8ge charg\u00e9e de quatre chefs de viol","robots":{"index":"index","follow":"follow","max-snippet":"max-snippet:-1","max-image-preview":"max-image-preview:large","max-video-preview":"max-video-preview:-1"},"canonical":"https:\/\/www.svalbard.fr\/actualites\/fils-de-la-future-reine-de-la-norvege-chargee-de-quatre-chefs-de-viol\/","og_locale":"fr_FR","og_type":"article","og_title":"Fils de la future reine de la Norv\u00e8ge charg\u00e9e de quatre chefs de viol","og_description":"Marius Borg Hoiby, le fils de la future reine de la Norv\u00e8ge, a \u00e9t\u00e9 accus\u00e9 de quatre chefs de viol et pourrait encourir jusqu&#39;\u00e0 10","og_url":"https:\/\/www.svalbard.fr\/actualites\/fils-de-la-future-reine-de-la-norvege-chargee-de-quatre-chefs-de-viol\/","og_site_name":"www.Svalbard.fr","article_published_time":"2025-08-19T09:12:09+00:00","article_modified_time":"2025-08-19T09:12:13+00:00","og_image":[{"width":1200,"height":630,"url":"https:\/\/www.svalbard.fr\/actualites\/wp-content\/uploads\/2025\/08\/Fils-de-la-future-reine-de-la-Norvege-chargee-de.jpg","type":"image\/jpeg"}],"author":"Hilmar","twitter_card":"summary_large_image","twitter_misc":{"\u00c9crit par":"Hilmar","Dur\u00e9e de lecture estim\u00e9e":"2 minutes"},"schema":{"@context":"https:\/\/schema.org","@graph":[{"@type":"Article","@id":"https:\/\/www.svalbard.fr\/actualites\/fils-de-la-future-reine-de-la-norvege-chargee-de-quatre-chefs-de-viol\/#article","isPartOf":{"@id":"https:\/\/www.svalbard.fr\/actualites\/fils-de-la-future-reine-de-la-norvege-chargee-de-quatre-chefs-de-viol\/"},"author":{"name":"Hilmar","@id":"https:\/\/www.svalbard.fr\/actualites\/#\/schema\/person\/a2f937d5712222366738fae98755c600"},"headline":"Fils de la future reine de la Norv\u00e8ge charg\u00e9e de quatre chefs de viol","datePublished":"2025-08-19T09:12:09+00:00","dateModified":"2025-08-19T09:12:13+00:00","mainEntityOfPage":{"@id":"https:\/\/www.svalbard.fr\/actualites\/fils-de-la-future-reine-de-la-norvege-chargee-de-quatre-chefs-de-viol\/"},"wordCount":413,"publisher":{"@id":"https:\/\/www.svalbard.fr\/actualites\/#organization"},"keywords":["charg\u00e9e","chefs","Fils","Future","Norv\u00e8ge","quatre","reine","viol"],"inLanguage":"fr-FR"},{"@type":"WebPage","@id":"https:\/\/www.svalbard.fr\/actualites\/fils-de-la-future-reine-de-la-norvege-chargee-de-quatre-chefs-de-viol\/","url":"https:\/\/www.svalbard.fr\/actualites\/fils-de-la-future-reine-de-la-norvege-chargee-de-quatre-chefs-de-viol\/","name":"Fils de la future reine de la Norv\u00e8ge charg\u00e9e de quatre chefs de viol","isPartOf":{"@id":"https:\/\/www.svalbard.fr\/actualites\/#website"},"datePublished":"2025-08-19T09:12:09+00:00","dateModified":"2025-08-19T09:12:13+00:00","breadcrumb":{"@id":"https:\/\/www.svalbard.fr\/actualites\/fils-de-la-future-reine-de-la-norvege-chargee-de-quatre-chefs-de-viol\/#breadcrumb"},"inLanguage":"fr-FR","potentialAction":[{"@type":"ReadAction","target":["https:\/\/www.svalbard.fr\/actualites\/fils-de-la-future-reine-de-la-norvege-chargee-de-quatre-chefs-de-viol\/"]}]},{"@type":"BreadcrumbList","@id":"https:\/\/www.svalbard.fr\/actualites\/fils-de-la-future-reine-de-la-norvege-chargee-de-quatre-chefs-de-viol\/#breadcrumb","itemListElement":[{"@type":"ListItem","position":1,"name":"Accueil","item":"https:\/\/www.svalbard.fr\/actualites\/"},{"@type":"ListItem","position":2,"name":"Fils de la future reine de la Norv\u00e8ge charg\u00e9e de quatre chefs de viol"}]},{"@type":"WebSite","@id":"https:\/\/www.svalbard.fr\/actualites\/#website","url":"https:\/\/www.svalbard.fr\/actualites\/","name":"www.Svalbard.fr","description":"","publisher":{"@id":"https:\/\/www.svalbard.fr\/actualites\/#organization"},"potentialAction":[{"@type":"SearchAction","target":{"@type":"EntryPoint","urlTemplate":"https:\/\/www.svalbard.fr\/actualites\/?s={search_term_string}"},"query-input":"required name=search_term_string"}],"inLanguage":"fr-FR"},{"@type":"Organization","@id":"https:\/\/www.svalbard.fr\/actualites\/#organization","name":"www.Svalbard.fr","url":"https:\/\/www.svalbard.fr\/actualites\/","logo":{"@type":"ImageObject","inLanguage":"fr-FR","@id":"https:\/\/www.svalbard.fr\/actualites\/#\/schema\/logo\/image\/","url":"https:\/\/www.svalbard.fr\/actualites\/wp-content\/uploads\/2023\/09\/head-nom.jpg","contentUrl":"https:\/\/www.svalbard.fr\/actualites\/wp-content\/uploads\/2023\/09\/head-nom.jpg","width":264,"height":35,"caption":"www.Svalbard.fr"},"image":{"@id":"https:\/\/www.svalbard.fr\/actualites\/#\/schema\/logo\/image\/"}},{"@type":"Person","@id":"https:\/\/www.svalbard.fr\/actualites\/#\/schema\/person\/a2f937d5712222366738fae98755c600","name":"Hilmar","image":{"@type":"ImageObject","inLanguage":"fr-FR","@id":"https:\/\/www.svalbard.fr\/actualites\/#\/schema\/person\/image\/","url":"https:\/\/secure.gravatar.com\/avatar\/4daa437093476dbc32da415c112b6512?s=96&d=mm&r=g","contentUrl":"https:\/\/secure.gravatar.com\/avatar\/4daa437093476dbc32da415c112b6512?s=96&d=mm&r=g","caption":"Hilmar"},"description":"Hilmar est un passionn\u00e9 des r\u00e9gions polaires, sp\u00e9cialis\u00e9 dans la r\u00e9daction d'articles sur le Spitzberg et autres destinations arctiques. Il apporte son expertise et sa passion pour l'Arctique au sein de l'\u00e9quipe de r\u00e9daction de Svalbard depuis de nombreuses ann\u00e9es.","sameAs":["https:\/\/www.svalbard.fr\/"]}]}},"_links":{"self":[{"href":"https:\/\/www.svalbard.fr\/actualites\/wp-json\/wp\/v2\/posts\/4890"}],"collection":[{"href":"https:\/\/www.svalbard.fr\/actualites\/wp-json\/wp\/v2\/posts"}],"about":[{"href":"https:\/\/www.svalbard.fr\/actualites\/wp-json\/wp\/v2\/types\/post"}],"author":[{"embeddable":true,"href":"https:\/\/www.svalbard.fr\/actualites\/wp-json\/wp\/v2\/users\/1"}],"replies":[{"embeddable":true,"href":"https:\/\/www.svalbard.fr\/actualites\/wp-json\/wp\/v2\/comments?post=4890"}],"version-history":[{"count":1,"href":"https:\/\/www.svalbard.fr\/actualites\/wp-json\/wp\/v2\/posts\/4890\/revisions"}],"predecessor-version":[{"id":4892,"href":"https:\/\/www.svalbard.fr\/actualites\/wp-json\/wp\/v2\/posts\/4890\/revisions\/4892"}],"wp:featuredmedia":[{"embeddable":true,"href":"https:\/\/www.svalbard.fr\/actualites\/wp-json\/wp\/v2\/media\/4891"}],"wp:attachment":[{"href":"https:\/\/www.svalbard.fr\/actualites\/wp-json\/wp\/v2\/media?parent=4890"}],"wp:term":[{"taxonomy":"category","embeddable":true,"href":"https:\/\/www.svalbard.fr\/actualites\/wp-json\/wp\/v2\/categories?post=4890"},{"taxonomy":"post_tag","embeddable":true,"href":"https:\/\/www.svalbard.fr\/actualites\/wp-json\/wp\/v2\/tags?post=4890"}],"curies":[{"name":"wp","href":"https:\/\/api.w.org\/{rel}","templated":true}]}}