{"id":4893,"date":"2025-08-19T13:15:03","date_gmt":"2025-08-19T11:15:03","guid":{"rendered":"https:\/\/www.svalbard.fr\/actualites\/royal-set-pour-un-affrontement-anniversaire-dechirant-apres-son-fils-charge-de-viol\/"},"modified":"2025-08-19T13:15:06","modified_gmt":"2025-08-19T11:15:06","slug":"royal-set-pour-un-affrontement-anniversaire-dechirant-apres-son-fils-charge-de-viol","status":"publish","type":"post","link":"https:\/\/www.svalbard.fr\/actualites\/royal-set-pour-un-affrontement-anniversaire-dechirant-apres-son-fils-charge-de-viol\/","title":{"rendered":"Royal set pour un affrontement anniversaire d\u00e9chirant apr\u00e8s son fils charg\u00e9 de viol"},"content":{"rendered":"<div>\n<p>Ce sera sans aucun doute une journ\u00e9e difficile pour la princesse de la Couronne Mette-Marit aujourd&#39;hui alors qu&#39;elle marque son 53e anniversaire un jour apr\u00e8s que son fils, Marius Borg H\u00f8iby, ait \u00e9t\u00e9 accus\u00e9 de quatre chefs de viol et pourrait encourir jusqu&#39;\u00e0 10 ans de prison. Le fils de la future reine de la Norv\u00e8ge a \u00e9t\u00e9 accus\u00e9 de 32 chefs d&#39;accusation, notamment des viols, des abus dans une relation \u00e9troite contre un ancien partenaire et des actes de violence contre un autre, des menaces de mort et des infractions \u00e0 la circulation.<\/p>\n<p data-mce-linkchecker-status=\"valid\">Marius est le premier enfant de la princesse d&#39;une relation pr\u00e9c\u00e9dente, faisant de lui le beau-fils du prince h\u00e9ritier Haakon, ainsi que le demi-fr\u00e8re a\u00een\u00e9 de la future reine, la princesse Ingrid Alexandra, 21 ans, et le prince Sverre Magnus. La princesse de la Couronne n&#39;a jamais parl\u00e9 publiquement du cas de son fils, cependant, son beau-p\u00e8re et ses repr\u00e9sentants de la maison royale norv\u00e9gienne ont fait.<\/p>\n<p>Il a \u00e9t\u00e9 rapport\u00e9 que Marius prend les accusations au s\u00e9rieux, mais qu&#39;il ne reconna\u00eet aucun acte r\u00e9pr\u00e9hensible dans la plupart des cas contre lui.<\/p>\n<\/div>\n<div>\n<p>H\u00f8iby aurait agress\u00e9 les femmes pendant leur sommeil. Il est actuellement en attente de proc\u00e8s en attente, et le procureur de l&#39;\u00c9tat d&#39;Oslo, Sturla Henriksbo, a d\u00e9clar\u00e9 qu&#39;il n&#39;y avait actuellement aucune raison de l&#39;arr\u00eater et de l&#39;emprisonner. Le bureau des procureurs estime que le proc\u00e8s pourrait commencer \u00e0 la mi-janvier et prendre environ six semaines, a rapport\u00e9 le diffuseur public publique de Norv\u00e8ge NRK.<\/p>\n<p>Henriksbo, a d\u00e9clar\u00e9: \u00ab\u00a0Cette affaire est tr\u00e8s grave. Le viol et la violence dans les relations \u00e9troites sont des actes tr\u00e8s graves qui peuvent laisser des traces durables et d\u00e9truire des vies. Le fait que Marius Borg H\u00f8by est un membre de la famille royale aurait, bien s\u00fbr, signifi\u00e9 qu&#39;il devrait \u00eatre trait\u00e9 plus l\u00e9g\u00e8rement ou plus grave que si des actes similaires avaient \u00e9t\u00e9 commis par d&#39;autres.\u00a0\u00bb<\/p>\n<p>Il y aurait des preuves sous forme de messages texte, de d\u00e9clarations de t\u00e9moins et des conclusions des perquisitions polici\u00e8res, ont d\u00e9clar\u00e9 les enqu\u00eateurs.<\/p>\n<\/div>\n<div>\n<p>La famille royale norv\u00e9gienne a publi\u00e9 une d\u00e9claration \u00e0 Norwegian Media Outlet NRK, qui disait: \u00ab\u00a0L&#39;affaire suit son cours dans le syst\u00e8me juridique et suit des proc\u00e9dures normales. Nous n&#39;avons plus rien \u00e0 ajouter.\u00a0\u00bb<\/p>\n<p>Cependant, le beau-p\u00e8re de Marius, le prince h\u00e9ritier Haakon, a fait une d\u00e9claration personnelle sur l&#39;affaire en 2024. Il a d\u00e9clar\u00e9: \u00abMarius fait face \u00e0 de s\u00e9rieuses accusations, que la police et le pouvoir judiciaire s&#39;occuperont. Je suis convaincu qu&#39;ils feront du bon travail.<\/p>\n<p>\u00ab\u00a0En tant que famille et en tant que parents, nous voulions que Marius re\u00e7oive de l&#39;aide, et nous travaillons depuis longtemps pour l&#39;emmener dans un endroit o\u00f9 il peut recevoir plus d&#39;aide. C&#39;est quelque chose que nous donnons beaucoup de priorit\u00e9. Cela doit \u00eatre fait dans le cadre \u00e9tabli par le syst\u00e8me juridique.\u00a0\u00bb<\/p>\n<\/div>\n","protected":false},"excerpt":{"rendered":"<p>Ce sera sans aucun doute une journ\u00e9e difficile pour la princesse de la Couronne Mette-Marit aujourd&#39;hui alors qu&#39;elle marque son 53e anniversaire un jour apr\u00e8s<\/p>\n","protected":false},"author":1,"featured_media":4894,"comment_status":"closed","ping_status":"","sticky":false,"template":"","format":"standard","meta":{"footnotes":""},"categories":[2277],"tags":[4989,1238,73,4993,4991,4799,150,1580,4987,193,1850],"yoast_head":"<!-- This site is optimized with the Yoast SEO plugin v21.0 - https:\/\/yoast.com\/wordpress\/plugins\/seo\/ -->\n<title>Royal set pour un affrontement anniversaire d\u00e9chirant apr\u00e8s son fils charg\u00e9 de viol<\/title>\n<meta name=\"robots\" content=\"index, follow, max-snippet:-1, max-image-preview:large, max-video-preview:-1\" \/>\n<link rel=\"canonical\" href=\"https:\/\/www.svalbard.fr\/actualites\/royal-set-pour-un-affrontement-anniversaire-dechirant-apres-son-fils-charge-de-viol\/\" \/>\n<meta property=\"og:locale\" content=\"fr_FR\" \/>\n<meta property=\"og:type\" content=\"article\" \/>\n<meta property=\"og:title\" content=\"Royal set pour un affrontement anniversaire d\u00e9chirant apr\u00e8s son fils charg\u00e9 de viol\" \/>\n<meta property=\"og:description\" content=\"Ce sera sans aucun doute une journ\u00e9e difficile pour la princesse de la Couronne Mette-Marit aujourd&#039;hui alors qu&#039;elle marque son 53e anniversaire un jour apr\u00e8s\" \/>\n<meta property=\"og:url\" content=\"https:\/\/www.svalbard.fr\/actualites\/royal-set-pour-un-affrontement-anniversaire-dechirant-apres-son-fils-charge-de-viol\/\" \/>\n<meta property=\"og:site_name\" content=\"www.Svalbard.fr\" \/>\n<meta property=\"article:published_time\" content=\"2025-08-19T11:15:03+00:00\" \/>\n<meta property=\"article:modified_time\" content=\"2025-08-19T11:15:06+00:00\" \/>\n<meta property=\"og:image\" content=\"https:\/\/www.svalbard.fr\/actualites\/wp-content\/uploads\/2025\/08\/Royal-set-pour-un-affrontement-anniversaire-dechirant-apres-son-fils.jpg\" \/>\n\t<meta property=\"og:image:width\" content=\"1200\" \/>\n\t<meta property=\"og:image:height\" content=\"630\" \/>\n\t<meta property=\"og:image:type\" content=\"image\/jpeg\" \/>\n<meta name=\"author\" content=\"Hilmar\" \/>\n<meta name=\"twitter:card\" content=\"summary_large_image\" \/>\n<meta name=\"twitter:label1\" content=\"\u00c9crit par\" \/>\n\t<meta name=\"twitter:data1\" content=\"Hilmar\" \/>\n\t<meta name=\"twitter:label2\" content=\"Dur\u00e9e de lecture estim\u00e9e\" \/>\n\t<meta name=\"twitter:data2\" content=\"3 minutes\" \/>\n<script type=\"application\/ld+json\" class=\"yoast-schema-graph\">{\"@context\":\"https:\/\/schema.org\",\"@graph\":[{\"@type\":\"Article\",\"@id\":\"https:\/\/www.svalbard.fr\/actualites\/royal-set-pour-un-affrontement-anniversaire-dechirant-apres-son-fils-charge-de-viol\/#article\",\"isPartOf\":{\"@id\":\"https:\/\/www.svalbard.fr\/actualites\/royal-set-pour-un-affrontement-anniversaire-dechirant-apres-son-fils-charge-de-viol\/\"},\"author\":{\"name\":\"Hilmar\",\"@id\":\"https:\/\/www.svalbard.fr\/actualites\/#\/schema\/person\/a2f937d5712222366738fae98755c600\"},\"headline\":\"Royal set pour un affrontement anniversaire d\u00e9chirant apr\u00e8s son fils charg\u00e9 de viol\",\"datePublished\":\"2025-08-19T11:15:03+00:00\",\"dateModified\":\"2025-08-19T11:15:06+00:00\",\"mainEntityOfPage\":{\"@id\":\"https:\/\/www.svalbard.fr\/actualites\/royal-set-pour-un-affrontement-anniversaire-dechirant-apres-son-fils-charge-de-viol\/\"},\"wordCount\":549,\"publisher\":{\"@id\":\"https:\/\/www.svalbard.fr\/actualites\/#organization\"},\"keywords\":[\"affrontement\",\"anniversaire\",\"apr\u00e8s\",\"charg\u00e9\",\"d\u00e9chirant\",\"Fils\",\"pour\",\"royal\",\"set\",\"son\",\"viol\"],\"inLanguage\":\"fr-FR\"},{\"@type\":\"WebPage\",\"@id\":\"https:\/\/www.svalbard.fr\/actualites\/royal-set-pour-un-affrontement-anniversaire-dechirant-apres-son-fils-charge-de-viol\/\",\"url\":\"https:\/\/www.svalbard.fr\/actualites\/royal-set-pour-un-affrontement-anniversaire-dechirant-apres-son-fils-charge-de-viol\/\",\"name\":\"Royal set pour un affrontement anniversaire d\u00e9chirant apr\u00e8s son fils charg\u00e9 de viol\",\"isPartOf\":{\"@id\":\"https:\/\/www.svalbard.fr\/actualites\/#website\"},\"datePublished\":\"2025-08-19T11:15:03+00:00\",\"dateModified\":\"2025-08-19T11:15:06+00:00\",\"breadcrumb\":{\"@id\":\"https:\/\/www.svalbard.fr\/actualites\/royal-set-pour-un-affrontement-anniversaire-dechirant-apres-son-fils-charge-de-viol\/#breadcrumb\"},\"inLanguage\":\"fr-FR\",\"potentialAction\":[{\"@type\":\"ReadAction\",\"target\":[\"https:\/\/www.svalbard.fr\/actualites\/royal-set-pour-un-affrontement-anniversaire-dechirant-apres-son-fils-charge-de-viol\/\"]}]},{\"@type\":\"BreadcrumbList\",\"@id\":\"https:\/\/www.svalbard.fr\/actualites\/royal-set-pour-un-affrontement-anniversaire-dechirant-apres-son-fils-charge-de-viol\/#breadcrumb\",\"itemListElement\":[{\"@type\":\"ListItem\",\"position\":1,\"name\":\"Accueil\",\"item\":\"https:\/\/www.svalbard.fr\/actualites\/\"},{\"@type\":\"ListItem\",\"position\":2,\"name\":\"Royal set pour un affrontement anniversaire d\u00e9chirant apr\u00e8s son fils charg\u00e9 de viol\"}]},{\"@type\":\"WebSite\",\"@id\":\"https:\/\/www.svalbard.fr\/actualites\/#website\",\"url\":\"https:\/\/www.svalbard.fr\/actualites\/\",\"name\":\"www.Svalbard.fr\",\"description\":\"\",\"publisher\":{\"@id\":\"https:\/\/www.svalbard.fr\/actualites\/#organization\"},\"potentialAction\":[{\"@type\":\"SearchAction\",\"target\":{\"@type\":\"EntryPoint\",\"urlTemplate\":\"https:\/\/www.svalbard.fr\/actualites\/?s={search_term_string}\"},\"query-input\":\"required name=search_term_string\"}],\"inLanguage\":\"fr-FR\"},{\"@type\":\"Organization\",\"@id\":\"https:\/\/www.svalbard.fr\/actualites\/#organization\",\"name\":\"www.Svalbard.fr\",\"url\":\"https:\/\/www.svalbard.fr\/actualites\/\",\"logo\":{\"@type\":\"ImageObject\",\"inLanguage\":\"fr-FR\",\"@id\":\"https:\/\/www.svalbard.fr\/actualites\/#\/schema\/logo\/image\/\",\"url\":\"https:\/\/www.svalbard.fr\/actualites\/wp-content\/uploads\/2023\/09\/head-nom.jpg\",\"contentUrl\":\"https:\/\/www.svalbard.fr\/actualites\/wp-content\/uploads\/2023\/09\/head-nom.jpg\",\"width\":264,\"height\":35,\"caption\":\"www.Svalbard.fr\"},\"image\":{\"@id\":\"https:\/\/www.svalbard.fr\/actualites\/#\/schema\/logo\/image\/\"}},{\"@type\":\"Person\",\"@id\":\"https:\/\/www.svalbard.fr\/actualites\/#\/schema\/person\/a2f937d5712222366738fae98755c600\",\"name\":\"Hilmar\",\"image\":{\"@type\":\"ImageObject\",\"inLanguage\":\"fr-FR\",\"@id\":\"https:\/\/www.svalbard.fr\/actualites\/#\/schema\/person\/image\/\",\"url\":\"https:\/\/secure.gravatar.com\/avatar\/4daa437093476dbc32da415c112b6512?s=96&d=mm&r=g\",\"contentUrl\":\"https:\/\/secure.gravatar.com\/avatar\/4daa437093476dbc32da415c112b6512?s=96&d=mm&r=g\",\"caption\":\"Hilmar\"},\"description\":\"Hilmar est un passionn\u00e9 des r\u00e9gions polaires, sp\u00e9cialis\u00e9 dans la r\u00e9daction d'articles sur le Spitzberg et autres destinations arctiques. Il apporte son expertise et sa passion pour l'Arctique au sein de l'\u00e9quipe de r\u00e9daction de Svalbard depuis de nombreuses ann\u00e9es.\",\"sameAs\":[\"https:\/\/www.svalbard.fr\/\"]}]}<\/script>\n<!-- \/ Yoast SEO plugin. -->","yoast_head_json":{"title":"Royal set pour un affrontement anniversaire d\u00e9chirant apr\u00e8s son fils charg\u00e9 de viol","robots":{"index":"index","follow":"follow","max-snippet":"max-snippet:-1","max-image-preview":"max-image-preview:large","max-video-preview":"max-video-preview:-1"},"canonical":"https:\/\/www.svalbard.fr\/actualites\/royal-set-pour-un-affrontement-anniversaire-dechirant-apres-son-fils-charge-de-viol\/","og_locale":"fr_FR","og_type":"article","og_title":"Royal set pour un affrontement anniversaire d\u00e9chirant apr\u00e8s son fils charg\u00e9 de viol","og_description":"Ce sera sans aucun doute une journ\u00e9e difficile pour la princesse de la Couronne Mette-Marit aujourd&#39;hui alors qu&#39;elle marque son 53e anniversaire un jour apr\u00e8s","og_url":"https:\/\/www.svalbard.fr\/actualites\/royal-set-pour-un-affrontement-anniversaire-dechirant-apres-son-fils-charge-de-viol\/","og_site_name":"www.Svalbard.fr","article_published_time":"2025-08-19T11:15:03+00:00","article_modified_time":"2025-08-19T11:15:06+00:00","og_image":[{"width":1200,"height":630,"url":"https:\/\/www.svalbard.fr\/actualites\/wp-content\/uploads\/2025\/08\/Royal-set-pour-un-affrontement-anniversaire-dechirant-apres-son-fils.jpg","type":"image\/jpeg"}],"author":"Hilmar","twitter_card":"summary_large_image","twitter_misc":{"\u00c9crit par":"Hilmar","Dur\u00e9e de lecture estim\u00e9e":"3 minutes"},"schema":{"@context":"https:\/\/schema.org","@graph":[{"@type":"Article","@id":"https:\/\/www.svalbard.fr\/actualites\/royal-set-pour-un-affrontement-anniversaire-dechirant-apres-son-fils-charge-de-viol\/#article","isPartOf":{"@id":"https:\/\/www.svalbard.fr\/actualites\/royal-set-pour-un-affrontement-anniversaire-dechirant-apres-son-fils-charge-de-viol\/"},"author":{"name":"Hilmar","@id":"https:\/\/www.svalbard.fr\/actualites\/#\/schema\/person\/a2f937d5712222366738fae98755c600"},"headline":"Royal set pour un affrontement anniversaire d\u00e9chirant apr\u00e8s son fils charg\u00e9 de viol","datePublished":"2025-08-19T11:15:03+00:00","dateModified":"2025-08-19T11:15:06+00:00","mainEntityOfPage":{"@id":"https:\/\/www.svalbard.fr\/actualites\/royal-set-pour-un-affrontement-anniversaire-dechirant-apres-son-fils-charge-de-viol\/"},"wordCount":549,"publisher":{"@id":"https:\/\/www.svalbard.fr\/actualites\/#organization"},"keywords":["affrontement","anniversaire","apr\u00e8s","charg\u00e9","d\u00e9chirant","Fils","pour","royal","set","son","viol"],"inLanguage":"fr-FR"},{"@type":"WebPage","@id":"https:\/\/www.svalbard.fr\/actualites\/royal-set-pour-un-affrontement-anniversaire-dechirant-apres-son-fils-charge-de-viol\/","url":"https:\/\/www.svalbard.fr\/actualites\/royal-set-pour-un-affrontement-anniversaire-dechirant-apres-son-fils-charge-de-viol\/","name":"Royal set pour un affrontement anniversaire d\u00e9chirant apr\u00e8s son fils charg\u00e9 de viol","isPartOf":{"@id":"https:\/\/www.svalbard.fr\/actualites\/#website"},"datePublished":"2025-08-19T11:15:03+00:00","dateModified":"2025-08-19T11:15:06+00:00","breadcrumb":{"@id":"https:\/\/www.svalbard.fr\/actualites\/royal-set-pour-un-affrontement-anniversaire-dechirant-apres-son-fils-charge-de-viol\/#breadcrumb"},"inLanguage":"fr-FR","potentialAction":[{"@type":"ReadAction","target":["https:\/\/www.svalbard.fr\/actualites\/royal-set-pour-un-affrontement-anniversaire-dechirant-apres-son-fils-charge-de-viol\/"]}]},{"@type":"BreadcrumbList","@id":"https:\/\/www.svalbard.fr\/actualites\/royal-set-pour-un-affrontement-anniversaire-dechirant-apres-son-fils-charge-de-viol\/#breadcrumb","itemListElement":[{"@type":"ListItem","position":1,"name":"Accueil","item":"https:\/\/www.svalbard.fr\/actualites\/"},{"@type":"ListItem","position":2,"name":"Royal set pour un affrontement anniversaire d\u00e9chirant apr\u00e8s son fils charg\u00e9 de viol"}]},{"@type":"WebSite","@id":"https:\/\/www.svalbard.fr\/actualites\/#website","url":"https:\/\/www.svalbard.fr\/actualites\/","name":"www.Svalbard.fr","description":"","publisher":{"@id":"https:\/\/www.svalbard.fr\/actualites\/#organization"},"potentialAction":[{"@type":"SearchAction","target":{"@type":"EntryPoint","urlTemplate":"https:\/\/www.svalbard.fr\/actualites\/?s={search_term_string}"},"query-input":"required name=search_term_string"}],"inLanguage":"fr-FR"},{"@type":"Organization","@id":"https:\/\/www.svalbard.fr\/actualites\/#organization","name":"www.Svalbard.fr","url":"https:\/\/www.svalbard.fr\/actualites\/","logo":{"@type":"ImageObject","inLanguage":"fr-FR","@id":"https:\/\/www.svalbard.fr\/actualites\/#\/schema\/logo\/image\/","url":"https:\/\/www.svalbard.fr\/actualites\/wp-content\/uploads\/2023\/09\/head-nom.jpg","contentUrl":"https:\/\/www.svalbard.fr\/actualites\/wp-content\/uploads\/2023\/09\/head-nom.jpg","width":264,"height":35,"caption":"www.Svalbard.fr"},"image":{"@id":"https:\/\/www.svalbard.fr\/actualites\/#\/schema\/logo\/image\/"}},{"@type":"Person","@id":"https:\/\/www.svalbard.fr\/actualites\/#\/schema\/person\/a2f937d5712222366738fae98755c600","name":"Hilmar","image":{"@type":"ImageObject","inLanguage":"fr-FR","@id":"https:\/\/www.svalbard.fr\/actualites\/#\/schema\/person\/image\/","url":"https:\/\/secure.gravatar.com\/avatar\/4daa437093476dbc32da415c112b6512?s=96&d=mm&r=g","contentUrl":"https:\/\/secure.gravatar.com\/avatar\/4daa437093476dbc32da415c112b6512?s=96&d=mm&r=g","caption":"Hilmar"},"description":"Hilmar est un passionn\u00e9 des r\u00e9gions polaires, sp\u00e9cialis\u00e9 dans la r\u00e9daction d'articles sur le Spitzberg et autres destinations arctiques. Il apporte son expertise et sa passion pour l'Arctique au sein de l'\u00e9quipe de r\u00e9daction de Svalbard depuis de nombreuses ann\u00e9es.","sameAs":["https:\/\/www.svalbard.fr\/"]}]}},"_links":{"self":[{"href":"https:\/\/www.svalbard.fr\/actualites\/wp-json\/wp\/v2\/posts\/4893"}],"collection":[{"href":"https:\/\/www.svalbard.fr\/actualites\/wp-json\/wp\/v2\/posts"}],"about":[{"href":"https:\/\/www.svalbard.fr\/actualites\/wp-json\/wp\/v2\/types\/post"}],"author":[{"embeddable":true,"href":"https:\/\/www.svalbard.fr\/actualites\/wp-json\/wp\/v2\/users\/1"}],"replies":[{"embeddable":true,"href":"https:\/\/www.svalbard.fr\/actualites\/wp-json\/wp\/v2\/comments?post=4893"}],"version-history":[{"count":1,"href":"https:\/\/www.svalbard.fr\/actualites\/wp-json\/wp\/v2\/posts\/4893\/revisions"}],"predecessor-version":[{"id":4895,"href":"https:\/\/www.svalbard.fr\/actualites\/wp-json\/wp\/v2\/posts\/4893\/revisions\/4895"}],"wp:featuredmedia":[{"embeddable":true,"href":"https:\/\/www.svalbard.fr\/actualites\/wp-json\/wp\/v2\/media\/4894"}],"wp:attachment":[{"href":"https:\/\/www.svalbard.fr\/actualites\/wp-json\/wp\/v2\/media?parent=4893"}],"wp:term":[{"taxonomy":"category","embeddable":true,"href":"https:\/\/www.svalbard.fr\/actualites\/wp-json\/wp\/v2\/categories?post=4893"},{"taxonomy":"post_tag","embeddable":true,"href":"https:\/\/www.svalbard.fr\/actualites\/wp-json\/wp\/v2\/tags?post=4893"}],"curies":[{"name":"wp","href":"https:\/\/api.w.org\/{rel}","templated":true}]}}