{"id":4898,"date":"2025-08-20T13:50:53","date_gmt":"2025-08-20T11:50:53","guid":{"rendered":"https:\/\/www.svalbard.fr\/actualites\/la-compagnie-aerienne-au-royaume-uni-prevoyait-des-vols-vers-2-villes-europeennes\/"},"modified":"2025-08-20T13:50:56","modified_gmt":"2025-08-20T11:50:56","slug":"la-compagnie-aerienne-au-royaume-uni-prevoyait-des-vols-vers-2-villes-europeennes","status":"publish","type":"post","link":"https:\/\/www.svalbard.fr\/actualites\/la-compagnie-aerienne-au-royaume-uni-prevoyait-des-vols-vers-2-villes-europeennes\/","title":{"rendered":"La compagnie a\u00e9rienne au Royaume-Uni pr\u00e9voyait des vols vers 2 villes europ\u00e9ennes"},"content":{"rendered":"<div>\n<p>Une compagnie a\u00e9rienne r\u00e9gionale devrait \u00e9liminer deux itin\u00e9raires d&#39;une ville britannique aux destinations <span style=\"color: #ff0000;\">Norv\u00e8ge<\/span>. Loganair est actuellement en pourparlers sur des routes directes de l&#39;a\u00e9roport de Newcastle aux villes norv\u00e9giennes de <span style=\"color: #ff0000;\">Bergen<\/span> et Stavanger.<\/p>\n<p>La compagnie a\u00e9rienne bas\u00e9e \u00e0 Glasgow aurait \u00e9t\u00e9 en pourparlers sur cinq itin\u00e9raires, dont les deux entre Newcastle et les deux villes en Norv\u00e8ge. On pense que trois des cinq seraient conserv\u00e9s.<\/p>\n<\/div>\n<div>\n<p>Ce sont des itin\u00e9raires int\u00e9rieurs entre Newcastle et Southampton, Exeter et Newquay. Les passagers de Loganair pourront toujours prendre des vols vers Bergen depuis \u00c9dimbourg et Sumburgh dans les \u00eeles Orcades.<\/p>\n<p>Le <span style=\"color: #ff0000;\">Exprimer<\/span> Comprend que les routes de Bergen et Stavanger pourraient se terminer le 4 janvier, sous r\u00e9serve de discussions sur le calendrier de la compagnie a\u00e9rienne en 2026.<\/p>\n<p>Il est pr\u00e9vu qu&#39;il n&#39;y aura pas de pertes d&#39;emploi \u00e0 la suite des changements, ce qui serait permanent. Le personnel touch\u00e9 sera red\u00e9ploy\u00e9 dans d&#39;autres endroits ou r\u00f4les \u00e0 travers l&#39;entreprise.<\/p>\n<p>Loganair exploite un vol par semaine de Newcastle \u00e0 Bergan et Stavanger. Les routes domestiques ne seraient pas affect\u00e9es par des changements car ils \u00ab\u00a0restent tr\u00e8s populaires\u00a0\u00bb, a d\u00e9clar\u00e9 une source proche de Loganair.<\/p>\n<p>La nouvelle survient apr\u00e8s que Loganair a lanc\u00e9 un nouveau itin\u00e9raire entre \u00c9dimbourg et Guernsey en mai.<\/p>\n<p>Les vols d&#39;\u00e9t\u00e9 entre la capitale \u00e9cossaise et l&#39;\u00eele de la Manche de la Manche une fois par semaine jusqu&#39;au d\u00e9but de septembre.<\/p>\n<p>Vous pouvez prendre un vol \u00e0 16h10 \u00e0 \u00c9dimbourg et arriver \u00e0 Guernsey \u00e0 18h10. Le voyage de retour quitte Guernsey \u00e0 18h40 et devrait atterrir \u00e0 \u00c9dimbourg \u00e0 20h45.<\/p>\n<\/div>\n","protected":false},"excerpt":{"rendered":"<p>Une compagnie a\u00e9rienne r\u00e9gionale devrait \u00e9liminer deux itin\u00e9raires d&#39;une ville britannique aux destinations Norv\u00e8ge. Loganair est actuellement en pourparlers sur des routes directes de l&#39;a\u00e9roport<\/p>\n","protected":false},"author":1,"featured_media":4899,"comment_status":"closed","ping_status":"","sticky":false,"template":"","format":"standard","meta":{"footnotes":""},"categories":[2277],"tags":[1460,108,8,943,5003,182,1696,942,1225],"yoast_head":"<!-- This site is optimized with the Yoast SEO plugin v21.0 - https:\/\/yoast.com\/wordpress\/plugins\/seo\/ -->\n<title>La compagnie a\u00e9rienne au Royaume-Uni pr\u00e9voyait des vols vers 2 villes europ\u00e9ennes<\/title>\n<meta name=\"robots\" content=\"index, follow, max-snippet:-1, max-image-preview:large, max-video-preview:-1\" \/>\n<link rel=\"canonical\" href=\"https:\/\/www.svalbard.fr\/actualites\/la-compagnie-aerienne-au-royaume-uni-prevoyait-des-vols-vers-2-villes-europeennes\/\" \/>\n<meta property=\"og:locale\" content=\"fr_FR\" \/>\n<meta property=\"og:type\" content=\"article\" \/>\n<meta property=\"og:title\" content=\"La compagnie a\u00e9rienne au Royaume-Uni pr\u00e9voyait des vols vers 2 villes europ\u00e9ennes\" \/>\n<meta property=\"og:description\" content=\"Une compagnie a\u00e9rienne r\u00e9gionale devrait \u00e9liminer deux itin\u00e9raires d&#039;une ville britannique aux destinations Norv\u00e8ge. Loganair est actuellement en pourparlers sur des routes directes de l&#039;a\u00e9roport\" \/>\n<meta property=\"og:url\" content=\"https:\/\/www.svalbard.fr\/actualites\/la-compagnie-aerienne-au-royaume-uni-prevoyait-des-vols-vers-2-villes-europeennes\/\" \/>\n<meta property=\"og:site_name\" content=\"www.Svalbard.fr\" \/>\n<meta property=\"article:published_time\" content=\"2025-08-20T11:50:53+00:00\" \/>\n<meta property=\"article:modified_time\" content=\"2025-08-20T11:50:56+00:00\" \/>\n<meta property=\"og:image\" content=\"https:\/\/www.svalbard.fr\/actualites\/wp-content\/uploads\/2025\/08\/La-compagnie-aerienne-au-Royaume-Uni-prevoyait-des-vols-vers-2.jpg\" \/>\n\t<meta property=\"og:image:width\" content=\"1200\" \/>\n\t<meta property=\"og:image:height\" content=\"630\" \/>\n\t<meta property=\"og:image:type\" content=\"image\/jpeg\" \/>\n<meta name=\"author\" content=\"Hilmar\" \/>\n<meta name=\"twitter:card\" content=\"summary_large_image\" \/>\n<meta name=\"twitter:label1\" content=\"\u00c9crit par\" \/>\n\t<meta name=\"twitter:data1\" content=\"Hilmar\" \/>\n\t<meta name=\"twitter:label2\" content=\"Dur\u00e9e de lecture estim\u00e9e\" \/>\n\t<meta name=\"twitter:data2\" content=\"1 minute\" \/>\n<script type=\"application\/ld+json\" class=\"yoast-schema-graph\">{\"@context\":\"https:\/\/schema.org\",\"@graph\":[{\"@type\":\"Article\",\"@id\":\"https:\/\/www.svalbard.fr\/actualites\/la-compagnie-aerienne-au-royaume-uni-prevoyait-des-vols-vers-2-villes-europeennes\/#article\",\"isPartOf\":{\"@id\":\"https:\/\/www.svalbard.fr\/actualites\/la-compagnie-aerienne-au-royaume-uni-prevoyait-des-vols-vers-2-villes-europeennes\/\"},\"author\":{\"name\":\"Hilmar\",\"@id\":\"https:\/\/www.svalbard.fr\/actualites\/#\/schema\/person\/a2f937d5712222366738fae98755c600\"},\"headline\":\"La compagnie a\u00e9rienne au Royaume-Uni pr\u00e9voyait des vols vers 2 villes europ\u00e9ennes\",\"datePublished\":\"2025-08-20T11:50:53+00:00\",\"dateModified\":\"2025-08-20T11:50:56+00:00\",\"mainEntityOfPage\":{\"@id\":\"https:\/\/www.svalbard.fr\/actualites\/la-compagnie-aerienne-au-royaume-uni-prevoyait-des-vols-vers-2-villes-europeennes\/\"},\"wordCount\":297,\"publisher\":{\"@id\":\"https:\/\/www.svalbard.fr\/actualites\/#organization\"},\"keywords\":[\"a\u00e9rienne\",\"compagnie\",\"des\",\"europ\u00e9ennes\",\"pr\u00e9voyait\",\"RoyaumeUni\",\"vers\",\"villes\",\"Vols\"],\"inLanguage\":\"fr-FR\"},{\"@type\":\"WebPage\",\"@id\":\"https:\/\/www.svalbard.fr\/actualites\/la-compagnie-aerienne-au-royaume-uni-prevoyait-des-vols-vers-2-villes-europeennes\/\",\"url\":\"https:\/\/www.svalbard.fr\/actualites\/la-compagnie-aerienne-au-royaume-uni-prevoyait-des-vols-vers-2-villes-europeennes\/\",\"name\":\"La compagnie a\u00e9rienne au Royaume-Uni pr\u00e9voyait des vols vers 2 villes europ\u00e9ennes\",\"isPartOf\":{\"@id\":\"https:\/\/www.svalbard.fr\/actualites\/#website\"},\"datePublished\":\"2025-08-20T11:50:53+00:00\",\"dateModified\":\"2025-08-20T11:50:56+00:00\",\"breadcrumb\":{\"@id\":\"https:\/\/www.svalbard.fr\/actualites\/la-compagnie-aerienne-au-royaume-uni-prevoyait-des-vols-vers-2-villes-europeennes\/#breadcrumb\"},\"inLanguage\":\"fr-FR\",\"potentialAction\":[{\"@type\":\"ReadAction\",\"target\":[\"https:\/\/www.svalbard.fr\/actualites\/la-compagnie-aerienne-au-royaume-uni-prevoyait-des-vols-vers-2-villes-europeennes\/\"]}]},{\"@type\":\"BreadcrumbList\",\"@id\":\"https:\/\/www.svalbard.fr\/actualites\/la-compagnie-aerienne-au-royaume-uni-prevoyait-des-vols-vers-2-villes-europeennes\/#breadcrumb\",\"itemListElement\":[{\"@type\":\"ListItem\",\"position\":1,\"name\":\"Accueil\",\"item\":\"https:\/\/www.svalbard.fr\/actualites\/\"},{\"@type\":\"ListItem\",\"position\":2,\"name\":\"La compagnie a\u00e9rienne au Royaume-Uni pr\u00e9voyait des vols vers 2 villes europ\u00e9ennes\"}]},{\"@type\":\"WebSite\",\"@id\":\"https:\/\/www.svalbard.fr\/actualites\/#website\",\"url\":\"https:\/\/www.svalbard.fr\/actualites\/\",\"name\":\"www.Svalbard.fr\",\"description\":\"\",\"publisher\":{\"@id\":\"https:\/\/www.svalbard.fr\/actualites\/#organization\"},\"potentialAction\":[{\"@type\":\"SearchAction\",\"target\":{\"@type\":\"EntryPoint\",\"urlTemplate\":\"https:\/\/www.svalbard.fr\/actualites\/?s={search_term_string}\"},\"query-input\":\"required name=search_term_string\"}],\"inLanguage\":\"fr-FR\"},{\"@type\":\"Organization\",\"@id\":\"https:\/\/www.svalbard.fr\/actualites\/#organization\",\"name\":\"www.Svalbard.fr\",\"url\":\"https:\/\/www.svalbard.fr\/actualites\/\",\"logo\":{\"@type\":\"ImageObject\",\"inLanguage\":\"fr-FR\",\"@id\":\"https:\/\/www.svalbard.fr\/actualites\/#\/schema\/logo\/image\/\",\"url\":\"https:\/\/www.svalbard.fr\/actualites\/wp-content\/uploads\/2023\/09\/head-nom.jpg\",\"contentUrl\":\"https:\/\/www.svalbard.fr\/actualites\/wp-content\/uploads\/2023\/09\/head-nom.jpg\",\"width\":264,\"height\":35,\"caption\":\"www.Svalbard.fr\"},\"image\":{\"@id\":\"https:\/\/www.svalbard.fr\/actualites\/#\/schema\/logo\/image\/\"}},{\"@type\":\"Person\",\"@id\":\"https:\/\/www.svalbard.fr\/actualites\/#\/schema\/person\/a2f937d5712222366738fae98755c600\",\"name\":\"Hilmar\",\"image\":{\"@type\":\"ImageObject\",\"inLanguage\":\"fr-FR\",\"@id\":\"https:\/\/www.svalbard.fr\/actualites\/#\/schema\/person\/image\/\",\"url\":\"https:\/\/secure.gravatar.com\/avatar\/4daa437093476dbc32da415c112b6512?s=96&d=mm&r=g\",\"contentUrl\":\"https:\/\/secure.gravatar.com\/avatar\/4daa437093476dbc32da415c112b6512?s=96&d=mm&r=g\",\"caption\":\"Hilmar\"},\"description\":\"Hilmar est un passionn\u00e9 des r\u00e9gions polaires, sp\u00e9cialis\u00e9 dans la r\u00e9daction d'articles sur le Spitzberg et autres destinations arctiques. Il apporte son expertise et sa passion pour l'Arctique au sein de l'\u00e9quipe de r\u00e9daction de Svalbard depuis de nombreuses ann\u00e9es.\",\"sameAs\":[\"https:\/\/www.svalbard.fr\/\"]}]}<\/script>\n<!-- \/ Yoast SEO plugin. -->","yoast_head_json":{"title":"La compagnie a\u00e9rienne au Royaume-Uni pr\u00e9voyait des vols vers 2 villes europ\u00e9ennes","robots":{"index":"index","follow":"follow","max-snippet":"max-snippet:-1","max-image-preview":"max-image-preview:large","max-video-preview":"max-video-preview:-1"},"canonical":"https:\/\/www.svalbard.fr\/actualites\/la-compagnie-aerienne-au-royaume-uni-prevoyait-des-vols-vers-2-villes-europeennes\/","og_locale":"fr_FR","og_type":"article","og_title":"La compagnie a\u00e9rienne au Royaume-Uni pr\u00e9voyait des vols vers 2 villes europ\u00e9ennes","og_description":"Une compagnie a\u00e9rienne r\u00e9gionale devrait \u00e9liminer deux itin\u00e9raires d&#39;une ville britannique aux destinations Norv\u00e8ge. Loganair est actuellement en pourparlers sur des routes directes de l&#39;a\u00e9roport","og_url":"https:\/\/www.svalbard.fr\/actualites\/la-compagnie-aerienne-au-royaume-uni-prevoyait-des-vols-vers-2-villes-europeennes\/","og_site_name":"www.Svalbard.fr","article_published_time":"2025-08-20T11:50:53+00:00","article_modified_time":"2025-08-20T11:50:56+00:00","og_image":[{"width":1200,"height":630,"url":"https:\/\/www.svalbard.fr\/actualites\/wp-content\/uploads\/2025\/08\/La-compagnie-aerienne-au-Royaume-Uni-prevoyait-des-vols-vers-2.jpg","type":"image\/jpeg"}],"author":"Hilmar","twitter_card":"summary_large_image","twitter_misc":{"\u00c9crit par":"Hilmar","Dur\u00e9e de lecture estim\u00e9e":"1 minute"},"schema":{"@context":"https:\/\/schema.org","@graph":[{"@type":"Article","@id":"https:\/\/www.svalbard.fr\/actualites\/la-compagnie-aerienne-au-royaume-uni-prevoyait-des-vols-vers-2-villes-europeennes\/#article","isPartOf":{"@id":"https:\/\/www.svalbard.fr\/actualites\/la-compagnie-aerienne-au-royaume-uni-prevoyait-des-vols-vers-2-villes-europeennes\/"},"author":{"name":"Hilmar","@id":"https:\/\/www.svalbard.fr\/actualites\/#\/schema\/person\/a2f937d5712222366738fae98755c600"},"headline":"La compagnie a\u00e9rienne au Royaume-Uni pr\u00e9voyait des vols vers 2 villes europ\u00e9ennes","datePublished":"2025-08-20T11:50:53+00:00","dateModified":"2025-08-20T11:50:56+00:00","mainEntityOfPage":{"@id":"https:\/\/www.svalbard.fr\/actualites\/la-compagnie-aerienne-au-royaume-uni-prevoyait-des-vols-vers-2-villes-europeennes\/"},"wordCount":297,"publisher":{"@id":"https:\/\/www.svalbard.fr\/actualites\/#organization"},"keywords":["a\u00e9rienne","compagnie","des","europ\u00e9ennes","pr\u00e9voyait","RoyaumeUni","vers","villes","Vols"],"inLanguage":"fr-FR"},{"@type":"WebPage","@id":"https:\/\/www.svalbard.fr\/actualites\/la-compagnie-aerienne-au-royaume-uni-prevoyait-des-vols-vers-2-villes-europeennes\/","url":"https:\/\/www.svalbard.fr\/actualites\/la-compagnie-aerienne-au-royaume-uni-prevoyait-des-vols-vers-2-villes-europeennes\/","name":"La compagnie a\u00e9rienne au Royaume-Uni pr\u00e9voyait des vols vers 2 villes europ\u00e9ennes","isPartOf":{"@id":"https:\/\/www.svalbard.fr\/actualites\/#website"},"datePublished":"2025-08-20T11:50:53+00:00","dateModified":"2025-08-20T11:50:56+00:00","breadcrumb":{"@id":"https:\/\/www.svalbard.fr\/actualites\/la-compagnie-aerienne-au-royaume-uni-prevoyait-des-vols-vers-2-villes-europeennes\/#breadcrumb"},"inLanguage":"fr-FR","potentialAction":[{"@type":"ReadAction","target":["https:\/\/www.svalbard.fr\/actualites\/la-compagnie-aerienne-au-royaume-uni-prevoyait-des-vols-vers-2-villes-europeennes\/"]}]},{"@type":"BreadcrumbList","@id":"https:\/\/www.svalbard.fr\/actualites\/la-compagnie-aerienne-au-royaume-uni-prevoyait-des-vols-vers-2-villes-europeennes\/#breadcrumb","itemListElement":[{"@type":"ListItem","position":1,"name":"Accueil","item":"https:\/\/www.svalbard.fr\/actualites\/"},{"@type":"ListItem","position":2,"name":"La compagnie a\u00e9rienne au Royaume-Uni pr\u00e9voyait des vols vers 2 villes europ\u00e9ennes"}]},{"@type":"WebSite","@id":"https:\/\/www.svalbard.fr\/actualites\/#website","url":"https:\/\/www.svalbard.fr\/actualites\/","name":"www.Svalbard.fr","description":"","publisher":{"@id":"https:\/\/www.svalbard.fr\/actualites\/#organization"},"potentialAction":[{"@type":"SearchAction","target":{"@type":"EntryPoint","urlTemplate":"https:\/\/www.svalbard.fr\/actualites\/?s={search_term_string}"},"query-input":"required name=search_term_string"}],"inLanguage":"fr-FR"},{"@type":"Organization","@id":"https:\/\/www.svalbard.fr\/actualites\/#organization","name":"www.Svalbard.fr","url":"https:\/\/www.svalbard.fr\/actualites\/","logo":{"@type":"ImageObject","inLanguage":"fr-FR","@id":"https:\/\/www.svalbard.fr\/actualites\/#\/schema\/logo\/image\/","url":"https:\/\/www.svalbard.fr\/actualites\/wp-content\/uploads\/2023\/09\/head-nom.jpg","contentUrl":"https:\/\/www.svalbard.fr\/actualites\/wp-content\/uploads\/2023\/09\/head-nom.jpg","width":264,"height":35,"caption":"www.Svalbard.fr"},"image":{"@id":"https:\/\/www.svalbard.fr\/actualites\/#\/schema\/logo\/image\/"}},{"@type":"Person","@id":"https:\/\/www.svalbard.fr\/actualites\/#\/schema\/person\/a2f937d5712222366738fae98755c600","name":"Hilmar","image":{"@type":"ImageObject","inLanguage":"fr-FR","@id":"https:\/\/www.svalbard.fr\/actualites\/#\/schema\/person\/image\/","url":"https:\/\/secure.gravatar.com\/avatar\/4daa437093476dbc32da415c112b6512?s=96&d=mm&r=g","contentUrl":"https:\/\/secure.gravatar.com\/avatar\/4daa437093476dbc32da415c112b6512?s=96&d=mm&r=g","caption":"Hilmar"},"description":"Hilmar est un passionn\u00e9 des r\u00e9gions polaires, sp\u00e9cialis\u00e9 dans la r\u00e9daction d'articles sur le Spitzberg et autres destinations arctiques. Il apporte son expertise et sa passion pour l'Arctique au sein de l'\u00e9quipe de r\u00e9daction de Svalbard depuis de nombreuses ann\u00e9es.","sameAs":["https:\/\/www.svalbard.fr\/"]}]}},"_links":{"self":[{"href":"https:\/\/www.svalbard.fr\/actualites\/wp-json\/wp\/v2\/posts\/4898"}],"collection":[{"href":"https:\/\/www.svalbard.fr\/actualites\/wp-json\/wp\/v2\/posts"}],"about":[{"href":"https:\/\/www.svalbard.fr\/actualites\/wp-json\/wp\/v2\/types\/post"}],"author":[{"embeddable":true,"href":"https:\/\/www.svalbard.fr\/actualites\/wp-json\/wp\/v2\/users\/1"}],"replies":[{"embeddable":true,"href":"https:\/\/www.svalbard.fr\/actualites\/wp-json\/wp\/v2\/comments?post=4898"}],"version-history":[{"count":1,"href":"https:\/\/www.svalbard.fr\/actualites\/wp-json\/wp\/v2\/posts\/4898\/revisions"}],"predecessor-version":[{"id":4900,"href":"https:\/\/www.svalbard.fr\/actualites\/wp-json\/wp\/v2\/posts\/4898\/revisions\/4900"}],"wp:featuredmedia":[{"embeddable":true,"href":"https:\/\/www.svalbard.fr\/actualites\/wp-json\/wp\/v2\/media\/4899"}],"wp:attachment":[{"href":"https:\/\/www.svalbard.fr\/actualites\/wp-json\/wp\/v2\/media?parent=4898"}],"wp:term":[{"taxonomy":"category","embeddable":true,"href":"https:\/\/www.svalbard.fr\/actualites\/wp-json\/wp\/v2\/categories?post=4898"},{"taxonomy":"post_tag","embeddable":true,"href":"https:\/\/www.svalbard.fr\/actualites\/wp-json\/wp\/v2\/tags?post=4898"}],"curies":[{"name":"wp","href":"https:\/\/api.w.org\/{rel}","templated":true}]}}