{"id":4901,"date":"2025-08-21T13:00:11","date_gmt":"2025-08-21T11:00:11","guid":{"rendered":"https:\/\/www.svalbard.fr\/actualites\/norvege-pour-interdire-la-vente-de-boissons-energisantes-aux-moins-de-16-ans\/"},"modified":"2025-08-21T13:00:11","modified_gmt":"2025-08-21T11:00:11","slug":"norvege-pour-interdire-la-vente-de-boissons-energisantes-aux-moins-de-16-ans","status":"publish","type":"post","link":"https:\/\/www.svalbard.fr\/actualites\/norvege-pour-interdire-la-vente-de-boissons-energisantes-aux-moins-de-16-ans\/","title":{"rendered":"Norv\u00e8ge pour interdire la vente de boissons \u00e9nergisantes aux moins de 16 ans"},"content":{"rendered":"<div itemprop=\"text\">\n\t\t\t<span id=\"dpsp-post-content-markup\" data-image-pin-it=\"false\"><\/span><\/p>\n<p class=\"intro\">La Norv\u00e8ge a confirm\u00e9 qu&#39;elle introduirait une limite d&#39;\u00e2ge \u00e0 la vente de boissons \u00e9nergisantes, le resserrement des r\u00e8gles \u00e0 mesure que les probl\u00e8mes de sant\u00e9 augmentent par rapport \u00e0 la consommation de caf\u00e9ine.<\/p>\n<p>Voir des adolescents norv\u00e9giens chouger des boissons \u00e9nergisantes dans le bus le matin est devenu un spectacle courant pour moi, et je suis loin d&#39;\u00eatre le seul \u00e0 le remarquer.<\/p>\n<figure class=\"wp-block-image size-large\"><img data-lazyloaded=\"1\" data-placeholder-resp=\"768x432\" fetchpriority=\"high\" decoding=\"async\" width=\"768\" height=\"432\" src=\"https:\/\/www.svalbard.fr\/actualites\/wp-content\/uploads\/2025\/08\/Norvege-pour-interdire-la-vente-de-boissons-energisantes-aux-moins.jpg\" alt=\"Adolescent avec une boisson \u00e9nergisante.\" class=\"wp-image-84624\"  data-><noscript><img fetchpriority=\"high\" decoding=\"async\" width=\"768\" height=\"432\" src=\"https:\/\/www.svalbard.fr\/actualites\/wp-content\/uploads\/2025\/08\/Norvege-pour-interdire-la-vente-de-boissons-energisantes-aux-moins.jpg\" alt=\"Adolescent avec une boisson \u00e9nergisante.\" class=\"wp-image-84624\"  ><\/noscript><\/figure>\n<p>\u00c0 partir du 1er janvier 2026, la Norv\u00e8ge pr\u00e9sentera une interdiction nationale de la vente de boissons \u00e9nergisantes \u00e0 toute personne de moins de 16 ans. Le gouvernement affirme que cette d\u00e9cision est con\u00e7ue pour prot\u00e9ger les jeunes des effets nocifs d&#39;une consommation excessive de caf\u00e9ine.<\/p>\n<p>\u00abTrop de boissons \u00e9nergisantes entra\u00eenent une agitation, des probl\u00e8mes de sommeil et des difficult\u00e9s \u00e0 se concentrer. Cela peut \u00e9galement endommager les syst\u00e8mes nerveux cardiovasculaires et centraux\u00bb, a d\u00e9clar\u00e9 le ministre de la Sant\u00e9, Jan Christian Vestre, confirmant la d\u00e9cision de NRK.<\/p>\n<h2 class=\"wp-block-heading\">Consultation publique<\/h2>\n<p>Le gouvernement a d&#39;abord signal\u00e9 son intention d&#39;agir plus t\u00f4t cette ann\u00e9e et a tenu une consultation qui a attir\u00e9 pr\u00e8s de 70 r\u00e9ponses. Bien que la plupart aient soutenu la limite d&#39;\u00e2ge de 16 ans, plusieurs organisations de sant\u00e9 ont fait valoir qu&#39;elle n&#39;allait pas assez loin.<\/p>\n<p>La Norwegian Medical Association, l&#39;Association dentaire et le Public Health Institute voulaient tous que l&#39;interdiction s&#39;applique aux moins de 18 ans.<\/p>\n<p>\u00abNous nous attendions \u00e0 une politique de sant\u00e9 publique plus ambitieuse du gouvernement, ce qui met la sant\u00e9 des enfants et des jeunes en premier, conform\u00e9ment au principe de pr\u00e9caution\u00bb, a d\u00e9clar\u00e9 St\u00e5le Onsg\u00e5rd Sagabr\u00e5ten de l&#39;Association m\u00e9dicale.<\/p>\n<p>Le gouvernement estime cependant qu&#39;il a trouv\u00e9 le bon \u00e9quilibre. \u00ab\u00a0Il y a des arguments pour fixer la limite d&#39;\u00e2ge \u00e0 18 ans\u00a0\u00bb, a d\u00e9clar\u00e9 Vestre. \u00abMais nous pensons que de nombreux enfants de 16 ans sont suffisamment matures pour faire des choix \u00e9clair\u00e9s. C&#39;est pourquoi nous avons fix\u00e9 la limite \u00e0 16 ans.\u00bb<\/p>\n<h2 class=\"wp-block-heading\">Inutile?<\/h2>\n<p>Tout le monde n&#39;est pas en faveur. L&#39;association norv\u00e9gienne des Brewers a d\u00e9crit la nouvelle r\u00e8gle comme inutile, faisant valoir que les boissons \u00e9nergisantes ne devraient pas \u00eatre trait\u00e9es diff\u00e9remment avec d&#39;autres produits caf\u00e9in\u00e9s tels que le caf\u00e9 ou le th\u00e9.<\/p>\n<p>Le directeur Erlend Vagnild Fuglum a d\u00e9clar\u00e9 que l&#39;industrie aurait pr\u00e9f\u00e9r\u00e9 attendre et voir les effets d&#39;une interdiction r\u00e9cemment introduite sur la commercialisation de la nourriture et des boissons malsaines aux enfants avant d&#39;ajouter de nouvelles restrictions.<\/p>\n<p>Les jeunes eux-m\u00eames sont \u00e9galement divis\u00e9s. S&#39;adressant \u00e0 NRK, un \u00e9tudiant de 16 ans a d\u00e9clar\u00e9 qu&#39;elle avait salu\u00e9 cette d\u00e9cision parce que \u00abce n&#39;est pas bon pour les enfants, car il contient beaucoup de caf\u00e9ine\u00bb.<\/p>\n<p>Un autre s&#39;est demand\u00e9 si cela fonctionnerait dans la pratique, soulignant que les adolescents pouvaient encore se procurer des boissons \u00e9nergisantes par le biais de leurs parents.<\/p>\n<p>La popularit\u00e9 des boissons \u00e9nergisantes en Norv\u00e8ge a grimp\u00e9 en fl\u00e8che au cours de la derni\u00e8re d\u00e9cennie. Selon les chiffres de l&#39;industrie, 78 millions de litres ont \u00e9t\u00e9 vendus en 2024, soit une augmentation de 340% par rapport \u00e0 2014.<\/p>\n<p>Les magasins devront d\u00e9sormais s&#39;adapter aux nouvelles r\u00e8gles. Au cours des premiers mois, des violations entra\u00eeneront des avertissements, mais le gouvernement a signal\u00e9 que des amendes pourraient suivre si les d\u00e9taillants ne se conforment pas.<\/p>\n<\/p><\/div>\n","protected":false},"excerpt":{"rendered":"<p>La Norv\u00e8ge a confirm\u00e9 qu&#39;elle introduirait une limite d&#39;\u00e2ge \u00e0 la vente de boissons \u00e9nergisantes, le resserrement des r\u00e8gles \u00e0 mesure que les probl\u00e8mes de<\/p>\n","protected":false},"author":1,"featured_media":4902,"comment_status":"","ping_status":"","sticky":false,"template":"","format":"standard","meta":{"footnotes":""},"categories":[2277],"tags":[141,13,1396,5007,668,703,6,150,5005],"yoast_head":"<!-- This site is optimized with the Yoast SEO plugin v21.0 - https:\/\/yoast.com\/wordpress\/plugins\/seo\/ -->\n<title>Norv\u00e8ge pour interdire la vente de boissons \u00e9nergisantes aux moins de 16 ans<\/title>\n<meta name=\"robots\" content=\"index, follow, max-snippet:-1, max-image-preview:large, max-video-preview:-1\" \/>\n<link rel=\"canonical\" href=\"https:\/\/www.svalbard.fr\/actualites\/norvege-pour-interdire-la-vente-de-boissons-energisantes-aux-moins-de-16-ans\/\" \/>\n<meta property=\"og:locale\" content=\"fr_FR\" \/>\n<meta property=\"og:type\" content=\"article\" \/>\n<meta property=\"og:title\" content=\"Norv\u00e8ge pour interdire la vente de boissons \u00e9nergisantes aux moins de 16 ans\" \/>\n<meta property=\"og:description\" content=\"La Norv\u00e8ge a confirm\u00e9 qu&#039;elle introduirait une limite d&#039;\u00e2ge \u00e0 la vente de boissons \u00e9nergisantes, le resserrement des r\u00e8gles \u00e0 mesure que les probl\u00e8mes de\" \/>\n<meta property=\"og:url\" content=\"https:\/\/www.svalbard.fr\/actualites\/norvege-pour-interdire-la-vente-de-boissons-energisantes-aux-moins-de-16-ans\/\" \/>\n<meta property=\"og:site_name\" content=\"www.Svalbard.fr\" \/>\n<meta property=\"article:published_time\" content=\"2025-08-21T11:00:11+00:00\" \/>\n<meta property=\"og:image\" content=\"https:\/\/www.svalbard.fr\/actualites\/wp-content\/uploads\/2025\/08\/Norvege-pour-interdire-la-vente-de-boissons-energisantes-aux-moins.jpg\" \/>\n<meta name=\"author\" content=\"Hilmar\" \/>\n<meta name=\"twitter:card\" content=\"summary_large_image\" \/>\n<meta name=\"twitter:label1\" content=\"\u00c9crit par\" \/>\n\t<meta name=\"twitter:data1\" content=\"Hilmar\" \/>\n\t<meta name=\"twitter:label2\" content=\"Dur\u00e9e de lecture estim\u00e9e\" \/>\n\t<meta name=\"twitter:data2\" content=\"3 minutes\" \/>\n<script type=\"application\/ld+json\" class=\"yoast-schema-graph\">{\"@context\":\"https:\/\/schema.org\",\"@graph\":[{\"@type\":\"Article\",\"@id\":\"https:\/\/www.svalbard.fr\/actualites\/norvege-pour-interdire-la-vente-de-boissons-energisantes-aux-moins-de-16-ans\/#article\",\"isPartOf\":{\"@id\":\"https:\/\/www.svalbard.fr\/actualites\/norvege-pour-interdire-la-vente-de-boissons-energisantes-aux-moins-de-16-ans\/\"},\"author\":{\"name\":\"Hilmar\",\"@id\":\"https:\/\/www.svalbard.fr\/actualites\/#\/schema\/person\/a2f937d5712222366738fae98755c600\"},\"headline\":\"Norv\u00e8ge pour interdire la vente de boissons \u00e9nergisantes aux moins de 16 ans\",\"datePublished\":\"2025-08-21T11:00:11+00:00\",\"dateModified\":\"2025-08-21T11:00:11+00:00\",\"mainEntityOfPage\":{\"@id\":\"https:\/\/www.svalbard.fr\/actualites\/norvege-pour-interdire-la-vente-de-boissons-energisantes-aux-moins-de-16-ans\/\"},\"wordCount\":602,\"publisher\":{\"@id\":\"https:\/\/www.svalbard.fr\/actualites\/#organization\"},\"keywords\":[\"ans\",\"aux\",\"boissons\",\"\u00e9nergisantes\",\"interdire\",\"moins\",\"Norv\u00e8ge\",\"pour\",\"vente\"],\"inLanguage\":\"fr-FR\"},{\"@type\":\"WebPage\",\"@id\":\"https:\/\/www.svalbard.fr\/actualites\/norvege-pour-interdire-la-vente-de-boissons-energisantes-aux-moins-de-16-ans\/\",\"url\":\"https:\/\/www.svalbard.fr\/actualites\/norvege-pour-interdire-la-vente-de-boissons-energisantes-aux-moins-de-16-ans\/\",\"name\":\"Norv\u00e8ge pour interdire la vente de boissons \u00e9nergisantes aux moins de 16 ans\",\"isPartOf\":{\"@id\":\"https:\/\/www.svalbard.fr\/actualites\/#website\"},\"datePublished\":\"2025-08-21T11:00:11+00:00\",\"dateModified\":\"2025-08-21T11:00:11+00:00\",\"breadcrumb\":{\"@id\":\"https:\/\/www.svalbard.fr\/actualites\/norvege-pour-interdire-la-vente-de-boissons-energisantes-aux-moins-de-16-ans\/#breadcrumb\"},\"inLanguage\":\"fr-FR\",\"potentialAction\":[{\"@type\":\"ReadAction\",\"target\":[\"https:\/\/www.svalbard.fr\/actualites\/norvege-pour-interdire-la-vente-de-boissons-energisantes-aux-moins-de-16-ans\/\"]}]},{\"@type\":\"BreadcrumbList\",\"@id\":\"https:\/\/www.svalbard.fr\/actualites\/norvege-pour-interdire-la-vente-de-boissons-energisantes-aux-moins-de-16-ans\/#breadcrumb\",\"itemListElement\":[{\"@type\":\"ListItem\",\"position\":1,\"name\":\"Accueil\",\"item\":\"https:\/\/www.svalbard.fr\/actualites\/\"},{\"@type\":\"ListItem\",\"position\":2,\"name\":\"Norv\u00e8ge pour interdire la vente de boissons \u00e9nergisantes aux moins de 16 ans\"}]},{\"@type\":\"WebSite\",\"@id\":\"https:\/\/www.svalbard.fr\/actualites\/#website\",\"url\":\"https:\/\/www.svalbard.fr\/actualites\/\",\"name\":\"www.Svalbard.fr\",\"description\":\"\",\"publisher\":{\"@id\":\"https:\/\/www.svalbard.fr\/actualites\/#organization\"},\"potentialAction\":[{\"@type\":\"SearchAction\",\"target\":{\"@type\":\"EntryPoint\",\"urlTemplate\":\"https:\/\/www.svalbard.fr\/actualites\/?s={search_term_string}\"},\"query-input\":\"required name=search_term_string\"}],\"inLanguage\":\"fr-FR\"},{\"@type\":\"Organization\",\"@id\":\"https:\/\/www.svalbard.fr\/actualites\/#organization\",\"name\":\"www.Svalbard.fr\",\"url\":\"https:\/\/www.svalbard.fr\/actualites\/\",\"logo\":{\"@type\":\"ImageObject\",\"inLanguage\":\"fr-FR\",\"@id\":\"https:\/\/www.svalbard.fr\/actualites\/#\/schema\/logo\/image\/\",\"url\":\"https:\/\/www.svalbard.fr\/actualites\/wp-content\/uploads\/2023\/09\/head-nom.jpg\",\"contentUrl\":\"https:\/\/www.svalbard.fr\/actualites\/wp-content\/uploads\/2023\/09\/head-nom.jpg\",\"width\":264,\"height\":35,\"caption\":\"www.Svalbard.fr\"},\"image\":{\"@id\":\"https:\/\/www.svalbard.fr\/actualites\/#\/schema\/logo\/image\/\"}},{\"@type\":\"Person\",\"@id\":\"https:\/\/www.svalbard.fr\/actualites\/#\/schema\/person\/a2f937d5712222366738fae98755c600\",\"name\":\"Hilmar\",\"image\":{\"@type\":\"ImageObject\",\"inLanguage\":\"fr-FR\",\"@id\":\"https:\/\/www.svalbard.fr\/actualites\/#\/schema\/person\/image\/\",\"url\":\"https:\/\/secure.gravatar.com\/avatar\/4daa437093476dbc32da415c112b6512?s=96&d=mm&r=g\",\"contentUrl\":\"https:\/\/secure.gravatar.com\/avatar\/4daa437093476dbc32da415c112b6512?s=96&d=mm&r=g\",\"caption\":\"Hilmar\"},\"description\":\"Hilmar est un passionn\u00e9 des r\u00e9gions polaires, sp\u00e9cialis\u00e9 dans la r\u00e9daction d'articles sur le Spitzberg et autres destinations arctiques. Il apporte son expertise et sa passion pour l'Arctique au sein de l'\u00e9quipe de r\u00e9daction de Svalbard depuis de nombreuses ann\u00e9es.\",\"sameAs\":[\"https:\/\/www.svalbard.fr\/\"]}]}<\/script>\n<!-- \/ Yoast SEO plugin. -->","yoast_head_json":{"title":"Norv\u00e8ge pour interdire la vente de boissons \u00e9nergisantes aux moins de 16 ans","robots":{"index":"index","follow":"follow","max-snippet":"max-snippet:-1","max-image-preview":"max-image-preview:large","max-video-preview":"max-video-preview:-1"},"canonical":"https:\/\/www.svalbard.fr\/actualites\/norvege-pour-interdire-la-vente-de-boissons-energisantes-aux-moins-de-16-ans\/","og_locale":"fr_FR","og_type":"article","og_title":"Norv\u00e8ge pour interdire la vente de boissons \u00e9nergisantes aux moins de 16 ans","og_description":"La Norv\u00e8ge a confirm\u00e9 qu&#39;elle introduirait une limite d&#39;\u00e2ge \u00e0 la vente de boissons \u00e9nergisantes, le resserrement des r\u00e8gles \u00e0 mesure que les probl\u00e8mes de","og_url":"https:\/\/www.svalbard.fr\/actualites\/norvege-pour-interdire-la-vente-de-boissons-energisantes-aux-moins-de-16-ans\/","og_site_name":"www.Svalbard.fr","article_published_time":"2025-08-21T11:00:11+00:00","og_image":[{"url":"https:\/\/www.svalbard.fr\/actualites\/wp-content\/uploads\/2025\/08\/Norvege-pour-interdire-la-vente-de-boissons-energisantes-aux-moins.jpg"}],"author":"Hilmar","twitter_card":"summary_large_image","twitter_misc":{"\u00c9crit par":"Hilmar","Dur\u00e9e de lecture estim\u00e9e":"3 minutes"},"schema":{"@context":"https:\/\/schema.org","@graph":[{"@type":"Article","@id":"https:\/\/www.svalbard.fr\/actualites\/norvege-pour-interdire-la-vente-de-boissons-energisantes-aux-moins-de-16-ans\/#article","isPartOf":{"@id":"https:\/\/www.svalbard.fr\/actualites\/norvege-pour-interdire-la-vente-de-boissons-energisantes-aux-moins-de-16-ans\/"},"author":{"name":"Hilmar","@id":"https:\/\/www.svalbard.fr\/actualites\/#\/schema\/person\/a2f937d5712222366738fae98755c600"},"headline":"Norv\u00e8ge pour interdire la vente de boissons \u00e9nergisantes aux moins de 16 ans","datePublished":"2025-08-21T11:00:11+00:00","dateModified":"2025-08-21T11:00:11+00:00","mainEntityOfPage":{"@id":"https:\/\/www.svalbard.fr\/actualites\/norvege-pour-interdire-la-vente-de-boissons-energisantes-aux-moins-de-16-ans\/"},"wordCount":602,"publisher":{"@id":"https:\/\/www.svalbard.fr\/actualites\/#organization"},"keywords":["ans","aux","boissons","\u00e9nergisantes","interdire","moins","Norv\u00e8ge","pour","vente"],"inLanguage":"fr-FR"},{"@type":"WebPage","@id":"https:\/\/www.svalbard.fr\/actualites\/norvege-pour-interdire-la-vente-de-boissons-energisantes-aux-moins-de-16-ans\/","url":"https:\/\/www.svalbard.fr\/actualites\/norvege-pour-interdire-la-vente-de-boissons-energisantes-aux-moins-de-16-ans\/","name":"Norv\u00e8ge pour interdire la vente de boissons \u00e9nergisantes aux moins de 16 ans","isPartOf":{"@id":"https:\/\/www.svalbard.fr\/actualites\/#website"},"datePublished":"2025-08-21T11:00:11+00:00","dateModified":"2025-08-21T11:00:11+00:00","breadcrumb":{"@id":"https:\/\/www.svalbard.fr\/actualites\/norvege-pour-interdire-la-vente-de-boissons-energisantes-aux-moins-de-16-ans\/#breadcrumb"},"inLanguage":"fr-FR","potentialAction":[{"@type":"ReadAction","target":["https:\/\/www.svalbard.fr\/actualites\/norvege-pour-interdire-la-vente-de-boissons-energisantes-aux-moins-de-16-ans\/"]}]},{"@type":"BreadcrumbList","@id":"https:\/\/www.svalbard.fr\/actualites\/norvege-pour-interdire-la-vente-de-boissons-energisantes-aux-moins-de-16-ans\/#breadcrumb","itemListElement":[{"@type":"ListItem","position":1,"name":"Accueil","item":"https:\/\/www.svalbard.fr\/actualites\/"},{"@type":"ListItem","position":2,"name":"Norv\u00e8ge pour interdire la vente de boissons \u00e9nergisantes aux moins de 16 ans"}]},{"@type":"WebSite","@id":"https:\/\/www.svalbard.fr\/actualites\/#website","url":"https:\/\/www.svalbard.fr\/actualites\/","name":"www.Svalbard.fr","description":"","publisher":{"@id":"https:\/\/www.svalbard.fr\/actualites\/#organization"},"potentialAction":[{"@type":"SearchAction","target":{"@type":"EntryPoint","urlTemplate":"https:\/\/www.svalbard.fr\/actualites\/?s={search_term_string}"},"query-input":"required name=search_term_string"}],"inLanguage":"fr-FR"},{"@type":"Organization","@id":"https:\/\/www.svalbard.fr\/actualites\/#organization","name":"www.Svalbard.fr","url":"https:\/\/www.svalbard.fr\/actualites\/","logo":{"@type":"ImageObject","inLanguage":"fr-FR","@id":"https:\/\/www.svalbard.fr\/actualites\/#\/schema\/logo\/image\/","url":"https:\/\/www.svalbard.fr\/actualites\/wp-content\/uploads\/2023\/09\/head-nom.jpg","contentUrl":"https:\/\/www.svalbard.fr\/actualites\/wp-content\/uploads\/2023\/09\/head-nom.jpg","width":264,"height":35,"caption":"www.Svalbard.fr"},"image":{"@id":"https:\/\/www.svalbard.fr\/actualites\/#\/schema\/logo\/image\/"}},{"@type":"Person","@id":"https:\/\/www.svalbard.fr\/actualites\/#\/schema\/person\/a2f937d5712222366738fae98755c600","name":"Hilmar","image":{"@type":"ImageObject","inLanguage":"fr-FR","@id":"https:\/\/www.svalbard.fr\/actualites\/#\/schema\/person\/image\/","url":"https:\/\/secure.gravatar.com\/avatar\/4daa437093476dbc32da415c112b6512?s=96&d=mm&r=g","contentUrl":"https:\/\/secure.gravatar.com\/avatar\/4daa437093476dbc32da415c112b6512?s=96&d=mm&r=g","caption":"Hilmar"},"description":"Hilmar est un passionn\u00e9 des r\u00e9gions polaires, sp\u00e9cialis\u00e9 dans la r\u00e9daction d'articles sur le Spitzberg et autres destinations arctiques. Il apporte son expertise et sa passion pour l'Arctique au sein de l'\u00e9quipe de r\u00e9daction de Svalbard depuis de nombreuses ann\u00e9es.","sameAs":["https:\/\/www.svalbard.fr\/"]}]}},"_links":{"self":[{"href":"https:\/\/www.svalbard.fr\/actualites\/wp-json\/wp\/v2\/posts\/4901"}],"collection":[{"href":"https:\/\/www.svalbard.fr\/actualites\/wp-json\/wp\/v2\/posts"}],"about":[{"href":"https:\/\/www.svalbard.fr\/actualites\/wp-json\/wp\/v2\/types\/post"}],"author":[{"embeddable":true,"href":"https:\/\/www.svalbard.fr\/actualites\/wp-json\/wp\/v2\/users\/1"}],"replies":[{"embeddable":true,"href":"https:\/\/www.svalbard.fr\/actualites\/wp-json\/wp\/v2\/comments?post=4901"}],"version-history":[{"count":0,"href":"https:\/\/www.svalbard.fr\/actualites\/wp-json\/wp\/v2\/posts\/4901\/revisions"}],"wp:featuredmedia":[{"embeddable":true,"href":"https:\/\/www.svalbard.fr\/actualites\/wp-json\/wp\/v2\/media\/4902"}],"wp:attachment":[{"href":"https:\/\/www.svalbard.fr\/actualites\/wp-json\/wp\/v2\/media?parent=4901"}],"wp:term":[{"taxonomy":"category","embeddable":true,"href":"https:\/\/www.svalbard.fr\/actualites\/wp-json\/wp\/v2\/categories?post=4901"},{"taxonomy":"post_tag","embeddable":true,"href":"https:\/\/www.svalbard.fr\/actualites\/wp-json\/wp\/v2\/tags?post=4901"}],"curies":[{"name":"wp","href":"https:\/\/api.w.org\/{rel}","templated":true}]}}