{"id":4911,"date":"2025-08-25T13:54:39","date_gmt":"2025-08-25T11:54:39","guid":{"rendered":"https:\/\/www.svalbard.fr\/actualites\/la-belle-ile-est-le-seul-endroit-du-monde-ou-les-residents-ont-decide-de-oublier-le-temps\/"},"modified":"2025-08-25T13:54:41","modified_gmt":"2025-08-25T11:54:41","slug":"la-belle-ile-est-le-seul-endroit-du-monde-ou-les-residents-ont-decide-de-oublier-le-temps","status":"publish","type":"post","link":"https:\/\/www.svalbard.fr\/actualites\/la-belle-ile-est-le-seul-endroit-du-monde-ou-les-residents-ont-decide-de-oublier-le-temps\/","title":{"rendered":"La belle \u00eele est le seul endroit du monde o\u00f9 les r\u00e9sidents ont d\u00e9cid\u00e9 de \u00aboublier le temps\u00bb"},"content":{"rendered":"<div>\n<p>Une petite communaut\u00e9 au large des c\u00f4tes de la Norv\u00e8ge a \u00e9t\u00e9 d\u00e9crite par certains voyageurs comme la \u00ab\u00a0plus belle \u00eele du monde\u00a0\u00bb. Sommar\u00f8y, \u00e9galement appel\u00e9 Sommer\u00f8ya, est une \u00eele situ\u00e9e dans le nord-ouest de la nation, qui contient un village de p\u00eacheurs, des plages et des vues saisonni\u00e8res de l&#39;Aurora Borealis.<\/p>\n<p>Sur l&#39;\u00eele de Sommar\u00f8y, le soleil ne se couche pas du 18 mai au 26 juillet, 69 jours complets, c&#39;est pourquoi il est connu sous le nom d&#39;\u00eele d&#39;\u00e9t\u00e9. Ce soleil est ensuite suivi de longues nuits polaires de novembre \u00e0 janvier, lorsque le soleil ne se l\u00e8ve pas du tout en raison de l&#39;emplacement au nord du cercle arctique. Le village est situ\u00e9 \u00e0 environ 36 kilom\u00e8tres (22 miles) \u00e0 l&#39;ouest de Troms\u00f8 et est une destination touristique populaire en raison de ses plages de sable blanc et de ses paysages pittoresques. Le village de 0,41 kilom\u00e8tre carr\u00e9 (100 acres) a une population de seulement 304 selon le recensement de 2023 et devient de plus en plus populaire aupr\u00e8s des touristes.<\/p>\n<\/div>\n<div>\n<p>En juin 2019, une campagne de marketing a \u00e9t\u00e9 lanc\u00e9e par Innovation Norway, qui a \u00e9t\u00e9 qualifi\u00e9e de \u00ab\u00a0fausses nouvelles\u00a0\u00bb par certains observateurs. L&#39;organisation a affirm\u00e9 que les habitants locaux voulaient que Sommar\u00f8y se d\u00e9clare comme la premi\u00e8re zone sans temps au monde et avait demand\u00e9 au gouvernement norv\u00e9gien de supprimer le temps civil sur l&#39;\u00eele.<\/p>\n<p>L&#39;id\u00e9e vient du fait que pendant la plupart du temps, les horloges sont presque sans importance en raison du soleil de minuit et des nuits sans fin au cours d&#39;autres parties de l&#39;ann\u00e9e. Cela se pr\u00eate \u00e0 des personnes vivant ou en visitant dans la r\u00e9gion, puissant jeter le concept de temps hors de la fen\u00eatre en raison du fait que les gens peuvent traverser de magnifiques plages de sable \u00e0 2 heures du matin ou peindre leur maison \u00e0 minuit si elles le souhaitent.<\/p>\n<p>En raison de son emplacement nord, il ne se r\u00e9chauffe presque jamais \u00e0 Sommar\u00f8y, avec des temp\u00e9ratures moyennes entre sept et 15 \u00b0 C. Et en hiver, le soleil de minuit est remplac\u00e9 par l&#39;obscurit\u00e9 constante, qui se produit entre novembre et janvier. Cela fournit l&#39;environnement parfait pour voir les aurores bor\u00e9ales dans toute leur splendeur, et malgr\u00e9 les longues heures moins, le soleil est un moment populaire pour les amateurs de nature \u00e0 visiter.<\/p>\n<\/div>\n<div>\n<p>L&#39;histoire de la proposition de la premi\u00e8re zone libre au monde est devenue virale et a \u00e9t\u00e9 couverte dans plus de 1650 articles, ce qui a potentiellement atteint 1,2 milliard de personnes. La valeur de cette couverture produite a \u00e9t\u00e9 estim\u00e9e \u00e0 11,4 millions USD, ce qui \u00e9tait un excellent retour pour l&#39;innovation Norv\u00e8ge, qui a d\u00e9pens\u00e9 moins de 60 000 $ USD pour la campagne.<\/p>\n<p>Plusieurs publications ont \u00e9t\u00e9 consult\u00e9es par le coup marketing, dont The Guardian, qui a rapport\u00e9 que l&#39;id\u00e9e avait d\u00e9clench\u00e9 une discussion sur le concept.<\/p>\n<p>Selon The Guardian, Truls Egil Wyller de l&#39;Universit\u00e9 norv\u00e9gienne des sciences et de la technologie \u00e0 Trondheim a d\u00e9clar\u00e9: \u00ab\u00a0C&#39;est un concept fascinant. La soci\u00e9t\u00e9 avait \u00e9t\u00e9 dirig\u00e9e par l&#39;horloge et ainsi disciplin\u00e9e d&#39;une mani\u00e8re tr\u00e8s sp\u00e9ciale que pour les deux derniers si\u00e8cles.\u00a0\u00bb<\/p>\n<\/div>\n<div>\n<p>Le village de p\u00eacheurs traditionnel voit un grand nombre de harengs apport\u00e9s de la mer, et il est transform\u00e9 dans une installation de pointe o\u00f9 il est gel\u00e9 pour l&#39;exportation mondiale. La p\u00eache est un flux important de revenus pour la communaut\u00e9 et joue \u00e9galement un r\u00f4le majeur dans l&#39;\u00e9conomie nationale.<\/p>\n<p>Des cabines d&#39;h\u00f4tel et de location sont disponibles pour les touristes qui souhaitent explorer la r\u00e9gion. Le village et son environnement offrent \u00e9galement aux visiteurs une chance de voir le mode de vie norv\u00e9gien en action et sa nature \u00e9tonnante.<\/p>\n<p>Bien que Sommar\u00f8y soit une \u00eele, elle est reli\u00e9e \u00e0 d&#39;autres masses terrestres dans les environs par la route. Il s&#39;agit notamment de l&#39;\u00eele de Hils\u00f8ya \u00e0 l&#39;ouest et du continent depuis l&#39;est.<\/p>\n<p>Sommar\u00f8y est situ\u00e9 dans la partie ouest de la municipalit\u00e9 de Troms\u00f8.<\/p>\n<\/div>\n","protected":false},"excerpt":{"rendered":"<p>Une petite communaut\u00e9 au large des c\u00f4tes de la Norv\u00e8ge a \u00e9t\u00e9 d\u00e9crite par certains voyageurs comme la \u00ab\u00a0plus belle \u00eele du monde\u00a0\u00bb. Sommar\u00f8y, \u00e9galement<\/p>\n","protected":false},"author":1,"featured_media":4912,"comment_status":"closed","ping_status":"","sticky":false,"template":"","format":"standard","meta":{"footnotes":""},"categories":[2277],"tags":[333,5029,139,154,68,3,307,122,129,5031,5027,5025,361],"yoast_head":"<!-- This site is optimized with the Yoast SEO plugin v21.0 - https:\/\/yoast.com\/wordpress\/plugins\/seo\/ -->\n<title>La belle \u00eele est le seul endroit du monde o\u00f9 les r\u00e9sidents ont d\u00e9cid\u00e9 de \u00aboublier le temps\u00bb<\/title>\n<meta name=\"robots\" content=\"index, follow, max-snippet:-1, max-image-preview:large, max-video-preview:-1\" \/>\n<link rel=\"canonical\" href=\"https:\/\/www.svalbard.fr\/actualites\/la-belle-ile-est-le-seul-endroit-du-monde-ou-les-residents-ont-decide-de-oublier-le-temps\/\" \/>\n<meta property=\"og:locale\" content=\"fr_FR\" \/>\n<meta property=\"og:type\" content=\"article\" \/>\n<meta property=\"og:title\" content=\"La belle \u00eele est le seul endroit du monde o\u00f9 les r\u00e9sidents ont d\u00e9cid\u00e9 de \u00aboublier le temps\u00bb\" \/>\n<meta property=\"og:description\" content=\"Une petite communaut\u00e9 au large des c\u00f4tes de la Norv\u00e8ge a \u00e9t\u00e9 d\u00e9crite par certains voyageurs comme la \u00ab\u00a0plus belle \u00eele du monde\u00a0\u00bb. Sommar\u00f8y, \u00e9galement\" \/>\n<meta property=\"og:url\" content=\"https:\/\/www.svalbard.fr\/actualites\/la-belle-ile-est-le-seul-endroit-du-monde-ou-les-residents-ont-decide-de-oublier-le-temps\/\" \/>\n<meta property=\"og:site_name\" content=\"www.Svalbard.fr\" \/>\n<meta property=\"article:published_time\" content=\"2025-08-25T11:54:39+00:00\" \/>\n<meta property=\"article:modified_time\" content=\"2025-08-25T11:54:41+00:00\" \/>\n<meta property=\"og:image\" content=\"https:\/\/www.svalbard.fr\/actualites\/wp-content\/uploads\/2025\/08\/La-belle-ile-est-le-seul-endroit-du-monde-ou.jpg\" \/>\n\t<meta property=\"og:image:width\" content=\"1200\" \/>\n\t<meta property=\"og:image:height\" content=\"630\" \/>\n\t<meta property=\"og:image:type\" content=\"image\/jpeg\" \/>\n<meta name=\"author\" content=\"Hilmar\" \/>\n<meta name=\"twitter:card\" content=\"summary_large_image\" \/>\n<meta name=\"twitter:label1\" content=\"\u00c9crit par\" \/>\n\t<meta name=\"twitter:data1\" content=\"Hilmar\" \/>\n\t<meta name=\"twitter:label2\" content=\"Dur\u00e9e de lecture estim\u00e9e\" \/>\n\t<meta name=\"twitter:data2\" content=\"4 minutes\" \/>\n<script type=\"application\/ld+json\" class=\"yoast-schema-graph\">{\"@context\":\"https:\/\/schema.org\",\"@graph\":[{\"@type\":\"Article\",\"@id\":\"https:\/\/www.svalbard.fr\/actualites\/la-belle-ile-est-le-seul-endroit-du-monde-ou-les-residents-ont-decide-de-oublier-le-temps\/#article\",\"isPartOf\":{\"@id\":\"https:\/\/www.svalbard.fr\/actualites\/la-belle-ile-est-le-seul-endroit-du-monde-ou-les-residents-ont-decide-de-oublier-le-temps\/\"},\"author\":{\"name\":\"Hilmar\",\"@id\":\"https:\/\/www.svalbard.fr\/actualites\/#\/schema\/person\/a2f937d5712222366738fae98755c600\"},\"headline\":\"La belle \u00eele est le seul endroit du monde o\u00f9 les r\u00e9sidents ont d\u00e9cid\u00e9 de \u00aboublier le temps\u00bb\",\"datePublished\":\"2025-08-25T11:54:39+00:00\",\"dateModified\":\"2025-08-25T11:54:41+00:00\",\"mainEntityOfPage\":{\"@id\":\"https:\/\/www.svalbard.fr\/actualites\/la-belle-ile-est-le-seul-endroit-du-monde-ou-les-residents-ont-decide-de-oublier-le-temps\/\"},\"wordCount\":732,\"publisher\":{\"@id\":\"https:\/\/www.svalbard.fr\/actualites\/#organization\"},\"keywords\":[\"belle\",\"d\u00e9cid\u00e9\",\"endroit\",\"est\",\"\u00eele\",\"Les\",\"monde\",\"ont\",\"O\u00f9\",\"oublier\",\"r\u00e9sidents\",\"seul\",\"temps\"],\"inLanguage\":\"fr-FR\"},{\"@type\":\"WebPage\",\"@id\":\"https:\/\/www.svalbard.fr\/actualites\/la-belle-ile-est-le-seul-endroit-du-monde-ou-les-residents-ont-decide-de-oublier-le-temps\/\",\"url\":\"https:\/\/www.svalbard.fr\/actualites\/la-belle-ile-est-le-seul-endroit-du-monde-ou-les-residents-ont-decide-de-oublier-le-temps\/\",\"name\":\"La belle \u00eele est le seul endroit du monde o\u00f9 les r\u00e9sidents ont d\u00e9cid\u00e9 de \u00aboublier le temps\u00bb\",\"isPartOf\":{\"@id\":\"https:\/\/www.svalbard.fr\/actualites\/#website\"},\"datePublished\":\"2025-08-25T11:54:39+00:00\",\"dateModified\":\"2025-08-25T11:54:41+00:00\",\"breadcrumb\":{\"@id\":\"https:\/\/www.svalbard.fr\/actualites\/la-belle-ile-est-le-seul-endroit-du-monde-ou-les-residents-ont-decide-de-oublier-le-temps\/#breadcrumb\"},\"inLanguage\":\"fr-FR\",\"potentialAction\":[{\"@type\":\"ReadAction\",\"target\":[\"https:\/\/www.svalbard.fr\/actualites\/la-belle-ile-est-le-seul-endroit-du-monde-ou-les-residents-ont-decide-de-oublier-le-temps\/\"]}]},{\"@type\":\"BreadcrumbList\",\"@id\":\"https:\/\/www.svalbard.fr\/actualites\/la-belle-ile-est-le-seul-endroit-du-monde-ou-les-residents-ont-decide-de-oublier-le-temps\/#breadcrumb\",\"itemListElement\":[{\"@type\":\"ListItem\",\"position\":1,\"name\":\"Accueil\",\"item\":\"https:\/\/www.svalbard.fr\/actualites\/\"},{\"@type\":\"ListItem\",\"position\":2,\"name\":\"La belle \u00eele est le seul endroit du monde o\u00f9 les r\u00e9sidents ont d\u00e9cid\u00e9 de \u00aboublier le temps\u00bb\"}]},{\"@type\":\"WebSite\",\"@id\":\"https:\/\/www.svalbard.fr\/actualites\/#website\",\"url\":\"https:\/\/www.svalbard.fr\/actualites\/\",\"name\":\"www.Svalbard.fr\",\"description\":\"\",\"publisher\":{\"@id\":\"https:\/\/www.svalbard.fr\/actualites\/#organization\"},\"potentialAction\":[{\"@type\":\"SearchAction\",\"target\":{\"@type\":\"EntryPoint\",\"urlTemplate\":\"https:\/\/www.svalbard.fr\/actualites\/?s={search_term_string}\"},\"query-input\":\"required name=search_term_string\"}],\"inLanguage\":\"fr-FR\"},{\"@type\":\"Organization\",\"@id\":\"https:\/\/www.svalbard.fr\/actualites\/#organization\",\"name\":\"www.Svalbard.fr\",\"url\":\"https:\/\/www.svalbard.fr\/actualites\/\",\"logo\":{\"@type\":\"ImageObject\",\"inLanguage\":\"fr-FR\",\"@id\":\"https:\/\/www.svalbard.fr\/actualites\/#\/schema\/logo\/image\/\",\"url\":\"https:\/\/www.svalbard.fr\/actualites\/wp-content\/uploads\/2023\/09\/head-nom.jpg\",\"contentUrl\":\"https:\/\/www.svalbard.fr\/actualites\/wp-content\/uploads\/2023\/09\/head-nom.jpg\",\"width\":264,\"height\":35,\"caption\":\"www.Svalbard.fr\"},\"image\":{\"@id\":\"https:\/\/www.svalbard.fr\/actualites\/#\/schema\/logo\/image\/\"}},{\"@type\":\"Person\",\"@id\":\"https:\/\/www.svalbard.fr\/actualites\/#\/schema\/person\/a2f937d5712222366738fae98755c600\",\"name\":\"Hilmar\",\"image\":{\"@type\":\"ImageObject\",\"inLanguage\":\"fr-FR\",\"@id\":\"https:\/\/www.svalbard.fr\/actualites\/#\/schema\/person\/image\/\",\"url\":\"https:\/\/secure.gravatar.com\/avatar\/4daa437093476dbc32da415c112b6512?s=96&d=mm&r=g\",\"contentUrl\":\"https:\/\/secure.gravatar.com\/avatar\/4daa437093476dbc32da415c112b6512?s=96&d=mm&r=g\",\"caption\":\"Hilmar\"},\"description\":\"Hilmar est un passionn\u00e9 des r\u00e9gions polaires, sp\u00e9cialis\u00e9 dans la r\u00e9daction d'articles sur le Spitzberg et autres destinations arctiques. Il apporte son expertise et sa passion pour l'Arctique au sein de l'\u00e9quipe de r\u00e9daction de Svalbard depuis de nombreuses ann\u00e9es.\",\"sameAs\":[\"https:\/\/www.svalbard.fr\/\"]}]}<\/script>\n<!-- \/ Yoast SEO plugin. -->","yoast_head_json":{"title":"La belle \u00eele est le seul endroit du monde o\u00f9 les r\u00e9sidents ont d\u00e9cid\u00e9 de \u00aboublier le temps\u00bb","robots":{"index":"index","follow":"follow","max-snippet":"max-snippet:-1","max-image-preview":"max-image-preview:large","max-video-preview":"max-video-preview:-1"},"canonical":"https:\/\/www.svalbard.fr\/actualites\/la-belle-ile-est-le-seul-endroit-du-monde-ou-les-residents-ont-decide-de-oublier-le-temps\/","og_locale":"fr_FR","og_type":"article","og_title":"La belle \u00eele est le seul endroit du monde o\u00f9 les r\u00e9sidents ont d\u00e9cid\u00e9 de \u00aboublier le temps\u00bb","og_description":"Une petite communaut\u00e9 au large des c\u00f4tes de la Norv\u00e8ge a \u00e9t\u00e9 d\u00e9crite par certains voyageurs comme la \u00ab\u00a0plus belle \u00eele du monde\u00a0\u00bb. Sommar\u00f8y, \u00e9galement","og_url":"https:\/\/www.svalbard.fr\/actualites\/la-belle-ile-est-le-seul-endroit-du-monde-ou-les-residents-ont-decide-de-oublier-le-temps\/","og_site_name":"www.Svalbard.fr","article_published_time":"2025-08-25T11:54:39+00:00","article_modified_time":"2025-08-25T11:54:41+00:00","og_image":[{"width":1200,"height":630,"url":"https:\/\/www.svalbard.fr\/actualites\/wp-content\/uploads\/2025\/08\/La-belle-ile-est-le-seul-endroit-du-monde-ou.jpg","type":"image\/jpeg"}],"author":"Hilmar","twitter_card":"summary_large_image","twitter_misc":{"\u00c9crit par":"Hilmar","Dur\u00e9e de lecture estim\u00e9e":"4 minutes"},"schema":{"@context":"https:\/\/schema.org","@graph":[{"@type":"Article","@id":"https:\/\/www.svalbard.fr\/actualites\/la-belle-ile-est-le-seul-endroit-du-monde-ou-les-residents-ont-decide-de-oublier-le-temps\/#article","isPartOf":{"@id":"https:\/\/www.svalbard.fr\/actualites\/la-belle-ile-est-le-seul-endroit-du-monde-ou-les-residents-ont-decide-de-oublier-le-temps\/"},"author":{"name":"Hilmar","@id":"https:\/\/www.svalbard.fr\/actualites\/#\/schema\/person\/a2f937d5712222366738fae98755c600"},"headline":"La belle \u00eele est le seul endroit du monde o\u00f9 les r\u00e9sidents ont d\u00e9cid\u00e9 de \u00aboublier le temps\u00bb","datePublished":"2025-08-25T11:54:39+00:00","dateModified":"2025-08-25T11:54:41+00:00","mainEntityOfPage":{"@id":"https:\/\/www.svalbard.fr\/actualites\/la-belle-ile-est-le-seul-endroit-du-monde-ou-les-residents-ont-decide-de-oublier-le-temps\/"},"wordCount":732,"publisher":{"@id":"https:\/\/www.svalbard.fr\/actualites\/#organization"},"keywords":["belle","d\u00e9cid\u00e9","endroit","est","\u00eele","Les","monde","ont","O\u00f9","oublier","r\u00e9sidents","seul","temps"],"inLanguage":"fr-FR"},{"@type":"WebPage","@id":"https:\/\/www.svalbard.fr\/actualites\/la-belle-ile-est-le-seul-endroit-du-monde-ou-les-residents-ont-decide-de-oublier-le-temps\/","url":"https:\/\/www.svalbard.fr\/actualites\/la-belle-ile-est-le-seul-endroit-du-monde-ou-les-residents-ont-decide-de-oublier-le-temps\/","name":"La belle \u00eele est le seul endroit du monde o\u00f9 les r\u00e9sidents ont d\u00e9cid\u00e9 de \u00aboublier le temps\u00bb","isPartOf":{"@id":"https:\/\/www.svalbard.fr\/actualites\/#website"},"datePublished":"2025-08-25T11:54:39+00:00","dateModified":"2025-08-25T11:54:41+00:00","breadcrumb":{"@id":"https:\/\/www.svalbard.fr\/actualites\/la-belle-ile-est-le-seul-endroit-du-monde-ou-les-residents-ont-decide-de-oublier-le-temps\/#breadcrumb"},"inLanguage":"fr-FR","potentialAction":[{"@type":"ReadAction","target":["https:\/\/www.svalbard.fr\/actualites\/la-belle-ile-est-le-seul-endroit-du-monde-ou-les-residents-ont-decide-de-oublier-le-temps\/"]}]},{"@type":"BreadcrumbList","@id":"https:\/\/www.svalbard.fr\/actualites\/la-belle-ile-est-le-seul-endroit-du-monde-ou-les-residents-ont-decide-de-oublier-le-temps\/#breadcrumb","itemListElement":[{"@type":"ListItem","position":1,"name":"Accueil","item":"https:\/\/www.svalbard.fr\/actualites\/"},{"@type":"ListItem","position":2,"name":"La belle \u00eele est le seul endroit du monde o\u00f9 les r\u00e9sidents ont d\u00e9cid\u00e9 de \u00aboublier le temps\u00bb"}]},{"@type":"WebSite","@id":"https:\/\/www.svalbard.fr\/actualites\/#website","url":"https:\/\/www.svalbard.fr\/actualites\/","name":"www.Svalbard.fr","description":"","publisher":{"@id":"https:\/\/www.svalbard.fr\/actualites\/#organization"},"potentialAction":[{"@type":"SearchAction","target":{"@type":"EntryPoint","urlTemplate":"https:\/\/www.svalbard.fr\/actualites\/?s={search_term_string}"},"query-input":"required name=search_term_string"}],"inLanguage":"fr-FR"},{"@type":"Organization","@id":"https:\/\/www.svalbard.fr\/actualites\/#organization","name":"www.Svalbard.fr","url":"https:\/\/www.svalbard.fr\/actualites\/","logo":{"@type":"ImageObject","inLanguage":"fr-FR","@id":"https:\/\/www.svalbard.fr\/actualites\/#\/schema\/logo\/image\/","url":"https:\/\/www.svalbard.fr\/actualites\/wp-content\/uploads\/2023\/09\/head-nom.jpg","contentUrl":"https:\/\/www.svalbard.fr\/actualites\/wp-content\/uploads\/2023\/09\/head-nom.jpg","width":264,"height":35,"caption":"www.Svalbard.fr"},"image":{"@id":"https:\/\/www.svalbard.fr\/actualites\/#\/schema\/logo\/image\/"}},{"@type":"Person","@id":"https:\/\/www.svalbard.fr\/actualites\/#\/schema\/person\/a2f937d5712222366738fae98755c600","name":"Hilmar","image":{"@type":"ImageObject","inLanguage":"fr-FR","@id":"https:\/\/www.svalbard.fr\/actualites\/#\/schema\/person\/image\/","url":"https:\/\/secure.gravatar.com\/avatar\/4daa437093476dbc32da415c112b6512?s=96&d=mm&r=g","contentUrl":"https:\/\/secure.gravatar.com\/avatar\/4daa437093476dbc32da415c112b6512?s=96&d=mm&r=g","caption":"Hilmar"},"description":"Hilmar est un passionn\u00e9 des r\u00e9gions polaires, sp\u00e9cialis\u00e9 dans la r\u00e9daction d'articles sur le Spitzberg et autres destinations arctiques. Il apporte son expertise et sa passion pour l'Arctique au sein de l'\u00e9quipe de r\u00e9daction de Svalbard depuis de nombreuses ann\u00e9es.","sameAs":["https:\/\/www.svalbard.fr\/"]}]}},"_links":{"self":[{"href":"https:\/\/www.svalbard.fr\/actualites\/wp-json\/wp\/v2\/posts\/4911"}],"collection":[{"href":"https:\/\/www.svalbard.fr\/actualites\/wp-json\/wp\/v2\/posts"}],"about":[{"href":"https:\/\/www.svalbard.fr\/actualites\/wp-json\/wp\/v2\/types\/post"}],"author":[{"embeddable":true,"href":"https:\/\/www.svalbard.fr\/actualites\/wp-json\/wp\/v2\/users\/1"}],"replies":[{"embeddable":true,"href":"https:\/\/www.svalbard.fr\/actualites\/wp-json\/wp\/v2\/comments?post=4911"}],"version-history":[{"count":1,"href":"https:\/\/www.svalbard.fr\/actualites\/wp-json\/wp\/v2\/posts\/4911\/revisions"}],"predecessor-version":[{"id":4913,"href":"https:\/\/www.svalbard.fr\/actualites\/wp-json\/wp\/v2\/posts\/4911\/revisions\/4913"}],"wp:featuredmedia":[{"embeddable":true,"href":"https:\/\/www.svalbard.fr\/actualites\/wp-json\/wp\/v2\/media\/4912"}],"wp:attachment":[{"href":"https:\/\/www.svalbard.fr\/actualites\/wp-json\/wp\/v2\/media?parent=4911"}],"wp:term":[{"taxonomy":"category","embeddable":true,"href":"https:\/\/www.svalbard.fr\/actualites\/wp-json\/wp\/v2\/categories?post=4911"},{"taxonomy":"post_tag","embeddable":true,"href":"https:\/\/www.svalbard.fr\/actualites\/wp-json\/wp\/v2\/tags?post=4911"}],"curies":[{"name":"wp","href":"https:\/\/api.w.org\/{rel}","templated":true}]}}