{"id":4916,"date":"2025-08-27T08:08:41","date_gmt":"2025-08-27T06:08:41","guid":{"rendered":"https:\/\/www.svalbard.fr\/actualites\/lotan-se-precipite-des-avions-de-guerre-apres-le-sous-marin-de-poutine-menace-le-porte-avions-americains\/"},"modified":"2025-08-27T08:08:43","modified_gmt":"2025-08-27T06:08:43","slug":"lotan-se-precipite-des-avions-de-guerre-apres-le-sous-marin-de-poutine-menace-le-porte-avions-americains","status":"publish","type":"post","link":"https:\/\/www.svalbard.fr\/actualites\/lotan-se-precipite-des-avions-de-guerre-apres-le-sous-marin-de-poutine-menace-le-porte-avions-americains\/","title":{"rendered":"L&#39;OTAN se pr\u00e9cipite des avions de guerre apr\u00e8s le sous-marin de Poutine \u00abmenace\u00bb le porte-avions am\u00e9ricains"},"content":{"rendered":"<div>\n<p>Au moins une douzaine de avions de guerre sp\u00e9cialis\u00e9s de l&#39;OTAN ont \u00e9t\u00e9 lanc\u00e9s pour rechercher un sous-marin russe soup\u00e7onn\u00e9 d&#39;avoir menac\u00e9 un porte-avions am\u00e9ricain. Les poseidons P-8A de chasse aux sous-marins du Royaume-Uni, des \u00c9tats-Unis et de la Norv\u00e8ge ont tous survol\u00e9 la mer norv\u00e9gienne, apparemment \u00e0 la recherche d&#39;un sous-marin russe.<\/p>\n<p>On pense que l&#39;avion a termin\u00e9 27 sorties en pr\u00e8s de 48 heures depuis dimanche soir. Il est venu alors que l&#39;USS Gerald R Ford de l&#39;US Navy &#8211; le plus grand porte-avions du monde &#8211; et son groupe de gr\u00e8ve aurait effectu\u00e9 des exercices de formation avec la marine norv\u00e9gienne en mer du Nord. Le minist\u00e8re britannique de la D\u00e9fense (MOD) a confirm\u00e9 que les sorties par la RAF n&#39;\u00e9taient pas un exercice.<\/p>\n<\/div>\n<div>\n<p>Une source de d\u00e9fense a d\u00e9clar\u00e9 que la mission \u00e9tait une \u00abpouss\u00e9e tr\u00e8s inhabituelle\u00bb, selon The Sun.<\/p>\n<p>L&#39;ancien commandant de la Royal Navy, Tom Sharpe, a d\u00e9clar\u00e9 au journal: \u00abIl semble qu&#39;ils aient trouv\u00e9 un sous-marin russe et ils le mart\u00e8lent.<\/p>\n<p>\u00abCela dit \u00e0 la Russie:\u00ab Nous vous voyons \u00bb.\u00bb<\/p>\n<\/div>\n<div>\n<p>On pense que la RAF a effectu\u00e9 huit vols P-8A Pos\u00e9idon de la RAF Lossiemouth sur les eaux.<\/p>\n<p>Le Royaume-Uni compte neuf des avions sp\u00e9cialis\u00e9s dans la guerre anti-sous-marine et la surveillance maritime, \u00e9quip\u00e9e de sonobuoys pour la d\u00e9tection sous-marine et les torpilles.<\/p>\n<p>L&#39;Am\u00e9rique a utilis\u00e9 une base en Islande pour la recherche suspect\u00e9e de sous-marins, tandis qu&#39;au moins deux poseidons ont \u00e9t\u00e9 d\u00e9ploy\u00e9s de la Sicile, rapporte le Sun. La Norv\u00e8ge a \u00e9galement envoy\u00e9 trois Pos\u00e9idons d&#39;une base \u00e0 l&#39;int\u00e9rieur du cercle arctique.<\/p>\n<p>L&#39;avion, qui est bas\u00e9 sur les avions de ligne Boeing 737-800, aurait \u00e9teint leurs transpondeurs alors qu&#39;ils approchaient de la zone de recherche pour cacher leur emplacement \u00e0 d&#39;autres pilotes.<\/p>\n<\/div>\n<div>\n<p>Cependant, les donn\u00e9es des sites Web de suivi des vols ont montr\u00e9 qu&#39;un Pos\u00e9idon RAF a pass\u00e9 des heures \u00e0 circuler sur une zone de la mer Norv\u00e9gienne.<\/p>\n<p>Un porte-parole du MOD a d\u00e9clar\u00e9 plus t\u00f4t \u00e0 l&#39;Express: \u00abL&#39;avion P-8 du Royaume-Uni travaille en permanence sur les op\u00e9rations, la protection des int\u00e9r\u00eats nationaux et la s\u00e9curit\u00e9 du Royaume-Uni et de nos alli\u00e9s.<\/p>\n<p>\u00ab\u00a0Pour des raisons de s\u00e9curit\u00e9, nous ne commenterons pas les d\u00e9tails op\u00e9rationnels.\u00a0\u00bb<\/p>\n<\/div>\n","protected":false},"excerpt":{"rendered":"<p>Au moins une douzaine de avions de guerre sp\u00e9cialis\u00e9s de l&#39;OTAN ont \u00e9t\u00e9 lanc\u00e9s pour rechercher un sous-marin russe soup\u00e7onn\u00e9 d&#39;avoir menac\u00e9 un porte-avions am\u00e9ricain.<\/p>\n","protected":false},"author":1,"featured_media":4917,"comment_status":"closed","ping_status":"","sticky":false,"template":"","format":"standard","meta":{"footnotes":""},"categories":[2277],"tags":[2129,73,374,8,299,1207,242,5037,719,5035,1837],"yoast_head":"<!-- This site is optimized with the Yoast SEO plugin v21.0 - https:\/\/yoast.com\/wordpress\/plugins\/seo\/ -->\n<title>L&#039;OTAN se pr\u00e9cipite des avions de guerre apr\u00e8s le sous-marin de Poutine \u00abmenace\u00bb le porte-avions am\u00e9ricains<\/title>\n<meta name=\"robots\" content=\"index, follow, max-snippet:-1, max-image-preview:large, max-video-preview:-1\" \/>\n<link rel=\"canonical\" href=\"https:\/\/www.svalbard.fr\/actualites\/lotan-se-precipite-des-avions-de-guerre-apres-le-sous-marin-de-poutine-menace-le-porte-avions-americains\/\" \/>\n<meta property=\"og:locale\" content=\"fr_FR\" \/>\n<meta property=\"og:type\" content=\"article\" \/>\n<meta property=\"og:title\" content=\"L&#039;OTAN se pr\u00e9cipite des avions de guerre apr\u00e8s le sous-marin de Poutine \u00abmenace\u00bb le porte-avions am\u00e9ricains\" \/>\n<meta property=\"og:description\" content=\"Au moins une douzaine de avions de guerre sp\u00e9cialis\u00e9s de l&#039;OTAN ont \u00e9t\u00e9 lanc\u00e9s pour rechercher un sous-marin russe soup\u00e7onn\u00e9 d&#039;avoir menac\u00e9 un porte-avions am\u00e9ricain.\" \/>\n<meta property=\"og:url\" content=\"https:\/\/www.svalbard.fr\/actualites\/lotan-se-precipite-des-avions-de-guerre-apres-le-sous-marin-de-poutine-menace-le-porte-avions-americains\/\" \/>\n<meta property=\"og:site_name\" content=\"www.Svalbard.fr\" \/>\n<meta property=\"article:published_time\" content=\"2025-08-27T06:08:41+00:00\" \/>\n<meta property=\"article:modified_time\" content=\"2025-08-27T06:08:43+00:00\" \/>\n<meta property=\"og:image\" content=\"https:\/\/www.svalbard.fr\/actualites\/wp-content\/uploads\/2025\/08\/L39OTAN-se-precipite-des-avions-de-guerre-apres-le-sous-marin.jpg\" \/>\n\t<meta property=\"og:image:width\" content=\"1200\" \/>\n\t<meta property=\"og:image:height\" content=\"630\" \/>\n\t<meta property=\"og:image:type\" content=\"image\/jpeg\" \/>\n<meta name=\"author\" content=\"Hilmar\" \/>\n<meta name=\"twitter:card\" content=\"summary_large_image\" \/>\n<meta name=\"twitter:label1\" content=\"\u00c9crit par\" \/>\n\t<meta name=\"twitter:data1\" content=\"Hilmar\" \/>\n\t<meta name=\"twitter:label2\" content=\"Dur\u00e9e de lecture estim\u00e9e\" \/>\n\t<meta name=\"twitter:data2\" content=\"2 minutes\" \/>\n<script type=\"application\/ld+json\" class=\"yoast-schema-graph\">{\"@context\":\"https:\/\/schema.org\",\"@graph\":[{\"@type\":\"Article\",\"@id\":\"https:\/\/www.svalbard.fr\/actualites\/lotan-se-precipite-des-avions-de-guerre-apres-le-sous-marin-de-poutine-menace-le-porte-avions-americains\/#article\",\"isPartOf\":{\"@id\":\"https:\/\/www.svalbard.fr\/actualites\/lotan-se-precipite-des-avions-de-guerre-apres-le-sous-marin-de-poutine-menace-le-porte-avions-americains\/\"},\"author\":{\"name\":\"Hilmar\",\"@id\":\"https:\/\/www.svalbard.fr\/actualites\/#\/schema\/person\/a2f937d5712222366738fae98755c600\"},\"headline\":\"L&#39;OTAN se pr\u00e9cipite des avions de guerre apr\u00e8s le sous-marin de Poutine \u00abmenace\u00bb le porte-avions am\u00e9ricains\",\"datePublished\":\"2025-08-27T06:08:41+00:00\",\"dateModified\":\"2025-08-27T06:08:43+00:00\",\"mainEntityOfPage\":{\"@id\":\"https:\/\/www.svalbard.fr\/actualites\/lotan-se-precipite-des-avions-de-guerre-apres-le-sous-marin-de-poutine-menace-le-porte-avions-americains\/\"},\"wordCount\":440,\"publisher\":{\"@id\":\"https:\/\/www.svalbard.fr\/actualites\/#organization\"},\"keywords\":[\"am\u00e9ricains\",\"apr\u00e8s\",\"avions\",\"des\",\"guerre\",\"l39OTAN\",\"menace\",\"porteavions\",\"Poutine\",\"pr\u00e9cipite\",\"sousmarin\"],\"inLanguage\":\"fr-FR\"},{\"@type\":\"WebPage\",\"@id\":\"https:\/\/www.svalbard.fr\/actualites\/lotan-se-precipite-des-avions-de-guerre-apres-le-sous-marin-de-poutine-menace-le-porte-avions-americains\/\",\"url\":\"https:\/\/www.svalbard.fr\/actualites\/lotan-se-precipite-des-avions-de-guerre-apres-le-sous-marin-de-poutine-menace-le-porte-avions-americains\/\",\"name\":\"L&#39;OTAN se pr\u00e9cipite des avions de guerre apr\u00e8s le sous-marin de Poutine \u00abmenace\u00bb le porte-avions am\u00e9ricains\",\"isPartOf\":{\"@id\":\"https:\/\/www.svalbard.fr\/actualites\/#website\"},\"datePublished\":\"2025-08-27T06:08:41+00:00\",\"dateModified\":\"2025-08-27T06:08:43+00:00\",\"breadcrumb\":{\"@id\":\"https:\/\/www.svalbard.fr\/actualites\/lotan-se-precipite-des-avions-de-guerre-apres-le-sous-marin-de-poutine-menace-le-porte-avions-americains\/#breadcrumb\"},\"inLanguage\":\"fr-FR\",\"potentialAction\":[{\"@type\":\"ReadAction\",\"target\":[\"https:\/\/www.svalbard.fr\/actualites\/lotan-se-precipite-des-avions-de-guerre-apres-le-sous-marin-de-poutine-menace-le-porte-avions-americains\/\"]}]},{\"@type\":\"BreadcrumbList\",\"@id\":\"https:\/\/www.svalbard.fr\/actualites\/lotan-se-precipite-des-avions-de-guerre-apres-le-sous-marin-de-poutine-menace-le-porte-avions-americains\/#breadcrumb\",\"itemListElement\":[{\"@type\":\"ListItem\",\"position\":1,\"name\":\"Accueil\",\"item\":\"https:\/\/www.svalbard.fr\/actualites\/\"},{\"@type\":\"ListItem\",\"position\":2,\"name\":\"L&#39;OTAN se pr\u00e9cipite des avions de guerre apr\u00e8s le sous-marin de Poutine \u00abmenace\u00bb le porte-avions am\u00e9ricains\"}]},{\"@type\":\"WebSite\",\"@id\":\"https:\/\/www.svalbard.fr\/actualites\/#website\",\"url\":\"https:\/\/www.svalbard.fr\/actualites\/\",\"name\":\"www.Svalbard.fr\",\"description\":\"\",\"publisher\":{\"@id\":\"https:\/\/www.svalbard.fr\/actualites\/#organization\"},\"potentialAction\":[{\"@type\":\"SearchAction\",\"target\":{\"@type\":\"EntryPoint\",\"urlTemplate\":\"https:\/\/www.svalbard.fr\/actualites\/?s={search_term_string}\"},\"query-input\":\"required name=search_term_string\"}],\"inLanguage\":\"fr-FR\"},{\"@type\":\"Organization\",\"@id\":\"https:\/\/www.svalbard.fr\/actualites\/#organization\",\"name\":\"www.Svalbard.fr\",\"url\":\"https:\/\/www.svalbard.fr\/actualites\/\",\"logo\":{\"@type\":\"ImageObject\",\"inLanguage\":\"fr-FR\",\"@id\":\"https:\/\/www.svalbard.fr\/actualites\/#\/schema\/logo\/image\/\",\"url\":\"https:\/\/www.svalbard.fr\/actualites\/wp-content\/uploads\/2023\/09\/head-nom.jpg\",\"contentUrl\":\"https:\/\/www.svalbard.fr\/actualites\/wp-content\/uploads\/2023\/09\/head-nom.jpg\",\"width\":264,\"height\":35,\"caption\":\"www.Svalbard.fr\"},\"image\":{\"@id\":\"https:\/\/www.svalbard.fr\/actualites\/#\/schema\/logo\/image\/\"}},{\"@type\":\"Person\",\"@id\":\"https:\/\/www.svalbard.fr\/actualites\/#\/schema\/person\/a2f937d5712222366738fae98755c600\",\"name\":\"Hilmar\",\"image\":{\"@type\":\"ImageObject\",\"inLanguage\":\"fr-FR\",\"@id\":\"https:\/\/www.svalbard.fr\/actualites\/#\/schema\/person\/image\/\",\"url\":\"https:\/\/secure.gravatar.com\/avatar\/4daa437093476dbc32da415c112b6512?s=96&d=mm&r=g\",\"contentUrl\":\"https:\/\/secure.gravatar.com\/avatar\/4daa437093476dbc32da415c112b6512?s=96&d=mm&r=g\",\"caption\":\"Hilmar\"},\"description\":\"Hilmar est un passionn\u00e9 des r\u00e9gions polaires, sp\u00e9cialis\u00e9 dans la r\u00e9daction d'articles sur le Spitzberg et autres destinations arctiques. Il apporte son expertise et sa passion pour l'Arctique au sein de l'\u00e9quipe de r\u00e9daction de Svalbard depuis de nombreuses ann\u00e9es.\",\"sameAs\":[\"https:\/\/www.svalbard.fr\/\"]}]}<\/script>\n<!-- \/ Yoast SEO plugin. -->","yoast_head_json":{"title":"L&#39;OTAN se pr\u00e9cipite des avions de guerre apr\u00e8s le sous-marin de Poutine \u00abmenace\u00bb le porte-avions am\u00e9ricains","robots":{"index":"index","follow":"follow","max-snippet":"max-snippet:-1","max-image-preview":"max-image-preview:large","max-video-preview":"max-video-preview:-1"},"canonical":"https:\/\/www.svalbard.fr\/actualites\/lotan-se-precipite-des-avions-de-guerre-apres-le-sous-marin-de-poutine-menace-le-porte-avions-americains\/","og_locale":"fr_FR","og_type":"article","og_title":"L&#39;OTAN se pr\u00e9cipite des avions de guerre apr\u00e8s le sous-marin de Poutine \u00abmenace\u00bb le porte-avions am\u00e9ricains","og_description":"Au moins une douzaine de avions de guerre sp\u00e9cialis\u00e9s de l&#39;OTAN ont \u00e9t\u00e9 lanc\u00e9s pour rechercher un sous-marin russe soup\u00e7onn\u00e9 d&#39;avoir menac\u00e9 un porte-avions am\u00e9ricain.","og_url":"https:\/\/www.svalbard.fr\/actualites\/lotan-se-precipite-des-avions-de-guerre-apres-le-sous-marin-de-poutine-menace-le-porte-avions-americains\/","og_site_name":"www.Svalbard.fr","article_published_time":"2025-08-27T06:08:41+00:00","article_modified_time":"2025-08-27T06:08:43+00:00","og_image":[{"width":1200,"height":630,"url":"https:\/\/www.svalbard.fr\/actualites\/wp-content\/uploads\/2025\/08\/L39OTAN-se-precipite-des-avions-de-guerre-apres-le-sous-marin.jpg","type":"image\/jpeg"}],"author":"Hilmar","twitter_card":"summary_large_image","twitter_misc":{"\u00c9crit par":"Hilmar","Dur\u00e9e de lecture estim\u00e9e":"2 minutes"},"schema":{"@context":"https:\/\/schema.org","@graph":[{"@type":"Article","@id":"https:\/\/www.svalbard.fr\/actualites\/lotan-se-precipite-des-avions-de-guerre-apres-le-sous-marin-de-poutine-menace-le-porte-avions-americains\/#article","isPartOf":{"@id":"https:\/\/www.svalbard.fr\/actualites\/lotan-se-precipite-des-avions-de-guerre-apres-le-sous-marin-de-poutine-menace-le-porte-avions-americains\/"},"author":{"name":"Hilmar","@id":"https:\/\/www.svalbard.fr\/actualites\/#\/schema\/person\/a2f937d5712222366738fae98755c600"},"headline":"L&#39;OTAN se pr\u00e9cipite des avions de guerre apr\u00e8s le sous-marin de Poutine \u00abmenace\u00bb le porte-avions am\u00e9ricains","datePublished":"2025-08-27T06:08:41+00:00","dateModified":"2025-08-27T06:08:43+00:00","mainEntityOfPage":{"@id":"https:\/\/www.svalbard.fr\/actualites\/lotan-se-precipite-des-avions-de-guerre-apres-le-sous-marin-de-poutine-menace-le-porte-avions-americains\/"},"wordCount":440,"publisher":{"@id":"https:\/\/www.svalbard.fr\/actualites\/#organization"},"keywords":["am\u00e9ricains","apr\u00e8s","avions","des","guerre","l39OTAN","menace","porteavions","Poutine","pr\u00e9cipite","sousmarin"],"inLanguage":"fr-FR"},{"@type":"WebPage","@id":"https:\/\/www.svalbard.fr\/actualites\/lotan-se-precipite-des-avions-de-guerre-apres-le-sous-marin-de-poutine-menace-le-porte-avions-americains\/","url":"https:\/\/www.svalbard.fr\/actualites\/lotan-se-precipite-des-avions-de-guerre-apres-le-sous-marin-de-poutine-menace-le-porte-avions-americains\/","name":"L&#39;OTAN se pr\u00e9cipite des avions de guerre apr\u00e8s le sous-marin de Poutine \u00abmenace\u00bb le porte-avions am\u00e9ricains","isPartOf":{"@id":"https:\/\/www.svalbard.fr\/actualites\/#website"},"datePublished":"2025-08-27T06:08:41+00:00","dateModified":"2025-08-27T06:08:43+00:00","breadcrumb":{"@id":"https:\/\/www.svalbard.fr\/actualites\/lotan-se-precipite-des-avions-de-guerre-apres-le-sous-marin-de-poutine-menace-le-porte-avions-americains\/#breadcrumb"},"inLanguage":"fr-FR","potentialAction":[{"@type":"ReadAction","target":["https:\/\/www.svalbard.fr\/actualites\/lotan-se-precipite-des-avions-de-guerre-apres-le-sous-marin-de-poutine-menace-le-porte-avions-americains\/"]}]},{"@type":"BreadcrumbList","@id":"https:\/\/www.svalbard.fr\/actualites\/lotan-se-precipite-des-avions-de-guerre-apres-le-sous-marin-de-poutine-menace-le-porte-avions-americains\/#breadcrumb","itemListElement":[{"@type":"ListItem","position":1,"name":"Accueil","item":"https:\/\/www.svalbard.fr\/actualites\/"},{"@type":"ListItem","position":2,"name":"L&#39;OTAN se pr\u00e9cipite des avions de guerre apr\u00e8s le sous-marin de Poutine \u00abmenace\u00bb le porte-avions am\u00e9ricains"}]},{"@type":"WebSite","@id":"https:\/\/www.svalbard.fr\/actualites\/#website","url":"https:\/\/www.svalbard.fr\/actualites\/","name":"www.Svalbard.fr","description":"","publisher":{"@id":"https:\/\/www.svalbard.fr\/actualites\/#organization"},"potentialAction":[{"@type":"SearchAction","target":{"@type":"EntryPoint","urlTemplate":"https:\/\/www.svalbard.fr\/actualites\/?s={search_term_string}"},"query-input":"required name=search_term_string"}],"inLanguage":"fr-FR"},{"@type":"Organization","@id":"https:\/\/www.svalbard.fr\/actualites\/#organization","name":"www.Svalbard.fr","url":"https:\/\/www.svalbard.fr\/actualites\/","logo":{"@type":"ImageObject","inLanguage":"fr-FR","@id":"https:\/\/www.svalbard.fr\/actualites\/#\/schema\/logo\/image\/","url":"https:\/\/www.svalbard.fr\/actualites\/wp-content\/uploads\/2023\/09\/head-nom.jpg","contentUrl":"https:\/\/www.svalbard.fr\/actualites\/wp-content\/uploads\/2023\/09\/head-nom.jpg","width":264,"height":35,"caption":"www.Svalbard.fr"},"image":{"@id":"https:\/\/www.svalbard.fr\/actualites\/#\/schema\/logo\/image\/"}},{"@type":"Person","@id":"https:\/\/www.svalbard.fr\/actualites\/#\/schema\/person\/a2f937d5712222366738fae98755c600","name":"Hilmar","image":{"@type":"ImageObject","inLanguage":"fr-FR","@id":"https:\/\/www.svalbard.fr\/actualites\/#\/schema\/person\/image\/","url":"https:\/\/secure.gravatar.com\/avatar\/4daa437093476dbc32da415c112b6512?s=96&d=mm&r=g","contentUrl":"https:\/\/secure.gravatar.com\/avatar\/4daa437093476dbc32da415c112b6512?s=96&d=mm&r=g","caption":"Hilmar"},"description":"Hilmar est un passionn\u00e9 des r\u00e9gions polaires, sp\u00e9cialis\u00e9 dans la r\u00e9daction d'articles sur le Spitzberg et autres destinations arctiques. Il apporte son expertise et sa passion pour l'Arctique au sein de l'\u00e9quipe de r\u00e9daction de Svalbard depuis de nombreuses ann\u00e9es.","sameAs":["https:\/\/www.svalbard.fr\/"]}]}},"_links":{"self":[{"href":"https:\/\/www.svalbard.fr\/actualites\/wp-json\/wp\/v2\/posts\/4916"}],"collection":[{"href":"https:\/\/www.svalbard.fr\/actualites\/wp-json\/wp\/v2\/posts"}],"about":[{"href":"https:\/\/www.svalbard.fr\/actualites\/wp-json\/wp\/v2\/types\/post"}],"author":[{"embeddable":true,"href":"https:\/\/www.svalbard.fr\/actualites\/wp-json\/wp\/v2\/users\/1"}],"replies":[{"embeddable":true,"href":"https:\/\/www.svalbard.fr\/actualites\/wp-json\/wp\/v2\/comments?post=4916"}],"version-history":[{"count":1,"href":"https:\/\/www.svalbard.fr\/actualites\/wp-json\/wp\/v2\/posts\/4916\/revisions"}],"predecessor-version":[{"id":4918,"href":"https:\/\/www.svalbard.fr\/actualites\/wp-json\/wp\/v2\/posts\/4916\/revisions\/4918"}],"wp:featuredmedia":[{"embeddable":true,"href":"https:\/\/www.svalbard.fr\/actualites\/wp-json\/wp\/v2\/media\/4917"}],"wp:attachment":[{"href":"https:\/\/www.svalbard.fr\/actualites\/wp-json\/wp\/v2\/media?parent=4916"}],"wp:term":[{"taxonomy":"category","embeddable":true,"href":"https:\/\/www.svalbard.fr\/actualites\/wp-json\/wp\/v2\/categories?post=4916"},{"taxonomy":"post_tag","embeddable":true,"href":"https:\/\/www.svalbard.fr\/actualites\/wp-json\/wp\/v2\/tags?post=4916"}],"curies":[{"name":"wp","href":"https:\/\/api.w.org\/{rel}","templated":true}]}}