{"id":4919,"date":"2025-08-27T14:17:19","date_gmt":"2025-08-27T12:17:19","guid":{"rendered":"https:\/\/www.svalbard.fr\/actualites\/le-changement-de-nom-derling-haaland-explique-alors-que-lattaquant-fait-un-ajustement-au-dos-de-la-chemise\/"},"modified":"2025-08-27T14:17:21","modified_gmt":"2025-08-27T12:17:21","slug":"le-changement-de-nom-derling-haaland-explique-alors-que-lattaquant-fait-un-ajustement-au-dos-de-la-chemise","status":"publish","type":"post","link":"https:\/\/www.svalbard.fr\/actualites\/le-changement-de-nom-derling-haaland-explique-alors-que-lattaquant-fait-un-ajustement-au-dos-de-la-chemise\/","title":{"rendered":"Le changement de nom d&#39;Erling Haaland expliqu\u00e9 alors que l&#39;attaquant fait un ajustement au dos de la chemise"},"content":{"rendered":"<div>\n<p>Erling Haaland sera un peu diff\u00e9rent lors de la alimentation pour la Norv\u00e8ge lors de leurs qualifications de la Coupe du monde le mois prochain. L&#39;as de Manchester City est l&#39;affiche du football norv\u00e9gien et esp\u00e8re guider sa nation vers son premier tournoi majeur en plus de 25 ans.<\/p>\n<p>Haaland n&#39;est m\u00eame pas n\u00e9 la derni\u00e8re fois que la Norv\u00e8ge a honor\u00e9 une sc\u00e8ne du tournoi majeur, avec leur derni\u00e8re apparition \u00e0 l&#39;Euro 2000. Avec une g\u00e9n\u00e9ration d&#39;or ayant \u00e9merg\u00e9 ces derni\u00e8res ann\u00e9es, les espoirs sont \u00e9lev\u00e9s que la tenue scandinave peut mettre fin \u00e0 leur pause et se qualifier pour la Coupe du monde de l&#39;\u00e9t\u00e9 prochain 2026.<\/p>\n<\/div>\n<div>\n<p>La Norv\u00e8ge reprendra sa poursuite de la qualification de la Coupe du monde dans quelques semaines, mais lorsque Haaland s&#39;aligne probablement avant l&#39;affrontement avec la Moldavie, le nom sur sa chemise aura chang\u00e9. C&#39;est parce que son maillot lira plut\u00f4t \u00abBraut Haaland\u00bb plut\u00f4t que simplement \u00abHaaland\u00bb.<\/p>\n<p>C&#39;est une reconnaissance du nom de famille de sa m\u00e8re et en Norv\u00e8ge, il est courant d&#39;\u00eatre mentionn\u00e9 par les noms de famille des deux parents. Lorsqu&#39;il a interrog\u00e9 le changement, le directeur de la Norv\u00e8ge p\u00e9rim\u00e9 Solbakken a d\u00e9clar\u00e9: \u00ab\u00a0C&#39;est son nom (Braut), ce n&#39;est plus si difficile. Je ne le savais plus jusqu&#39;\u00e0 pr\u00e9sent.\u00a0\u00bb<\/p>\n<p>Sa m\u00e8re, Gry Marita Braut, pourrait \u00eatre moins connue que son p\u00e8re, Alf-inge Haaland, sur ces rives, mais elle poss\u00e8de \u00e9galement un pedigree sportif. Gry \u00e9tait un champion de l&#39;heptathl\u00e8te norv\u00e9gien renomm\u00e9 dans les ann\u00e9es 1990 et explique en quelque sorte les incroyables tendances sportives de son fils.<\/p>\n<\/div>\n<div>\n<p>Il est affirm\u00e9 que l&#39;ic\u00f4ne de football a battu un record du monde en longueur en longueur pour son groupe d&#39;\u00e2ge \u00e0 l&#39;\u00e2ge de cinq ans. Expliquant comment Haaland excellait dans une vari\u00e9t\u00e9 de sports en tant qu&#39;enfant, son p\u00e8re a d\u00e9clar\u00e9: \u00ab\u00a0C&#39;\u00e9tait avant (Erling) commen\u00e7ait \u00e0 jouer au football. Nous l&#39;avions l&#39;habitude de l&#39;emmener pour l&#39;athl\u00e9tisme pour qu&#39;il puisse se tester.<\/p>\n<p>\u00ab\u00a0Erling a jou\u00e9 au handball, \u00e0 l&#39;athl\u00e9tisme et au ski de fond jusqu&#39;\u00e0 ce qu&#39;il ait 14 ans. La polyvalence est importante. Vous pouvez d\u00e9velopper des c\u00f4t\u00e9s compl\u00e8tement diff\u00e9rents du corps, et cela peut \u00eatre positif, peu importe ce que vous faites.\u00a0\u00bb<\/p>\n<\/div>\n<div>\n<p>Cela a \u00e9t\u00e9 pay\u00e9 jusqu&#39;\u00e0 pr\u00e9sent dans sa carri\u00e8re, Haaland s&#39;\u00e9tant impos\u00e9 comme l&#39;un des attaquants les plus d\u00e9vastateurs du football. Mais si les choses avaient l\u00e9g\u00e8rement fonctionn\u00e9 diff\u00e9remment, il aurait pu arborer le rouge de Manchester United au lieu de Rivals City.<\/p>\n<p>Ole Gunnar Solskjaer, qui a travaill\u00e9 avec Haaland \u00e0 Molde avant de d\u00e9m\u00e9nager \u00e0 United, a d\u00e9clar\u00e9: \u00ab\u00a0J&#39;ai appel\u00e9 United environ six mois avant de prendre le relais et je leur ai dit que j&#39;avais eu cet attaquant que nous avions, mais ils n&#39;ont pas \u00e9cout\u00e9. J&#39;ai demand\u00e9 4 millions de livres sterling pour Haaland mais ils ne l&#39;ont pas sign\u00e9.\u00a0\u00bb<\/p>\n<\/div>\n","protected":false},"excerpt":{"rendered":"<p>Erling Haaland sera un peu diff\u00e9rent lors de la alimentation pour la Norv\u00e8ge lors de leurs qualifications de la Coupe du monde le mois prochain.<\/p>\n","protected":false},"author":1,"featured_media":4920,"comment_status":"closed","ping_status":"","sticky":false,"template":"","format":"standard","meta":{"footnotes":""},"categories":[2277],"tags":[5043,24,99,5047,5039,5045,918,20,1113,5041,1173],"yoast_head":"<!-- This site is optimized with the Yoast SEO plugin v21.0 - https:\/\/yoast.com\/wordpress\/plugins\/seo\/ -->\n<title>Le changement de nom d&#039;Erling Haaland expliqu\u00e9 alors que l&#039;attaquant fait un ajustement au dos de la chemise<\/title>\n<meta name=\"robots\" content=\"index, follow, max-snippet:-1, max-image-preview:large, max-video-preview:-1\" \/>\n<link rel=\"canonical\" href=\"https:\/\/www.svalbard.fr\/actualites\/le-changement-de-nom-derling-haaland-explique-alors-que-lattaquant-fait-un-ajustement-au-dos-de-la-chemise\/\" \/>\n<meta property=\"og:locale\" content=\"fr_FR\" \/>\n<meta property=\"og:type\" content=\"article\" \/>\n<meta property=\"og:title\" content=\"Le changement de nom d&#039;Erling Haaland expliqu\u00e9 alors que l&#039;attaquant fait un ajustement au dos de la chemise\" \/>\n<meta property=\"og:description\" content=\"Erling Haaland sera un peu diff\u00e9rent lors de la alimentation pour la Norv\u00e8ge lors de leurs qualifications de la Coupe du monde le mois prochain.\" \/>\n<meta property=\"og:url\" content=\"https:\/\/www.svalbard.fr\/actualites\/le-changement-de-nom-derling-haaland-explique-alors-que-lattaquant-fait-un-ajustement-au-dos-de-la-chemise\/\" \/>\n<meta property=\"og:site_name\" content=\"www.Svalbard.fr\" \/>\n<meta property=\"article:published_time\" content=\"2025-08-27T12:17:19+00:00\" \/>\n<meta property=\"article:modified_time\" content=\"2025-08-27T12:17:21+00:00\" \/>\n<meta property=\"og:image\" content=\"https:\/\/www.svalbard.fr\/actualites\/wp-content\/uploads\/2025\/08\/Le-changement-de-nom-d39Erling-Haaland-explique-alors-que-l39attaquant.jpg\" \/>\n\t<meta property=\"og:image:width\" content=\"1200\" \/>\n\t<meta property=\"og:image:height\" content=\"630\" \/>\n\t<meta property=\"og:image:type\" content=\"image\/jpeg\" \/>\n<meta name=\"author\" content=\"Hilmar\" \/>\n<meta name=\"twitter:card\" content=\"summary_large_image\" \/>\n<meta name=\"twitter:label1\" content=\"\u00c9crit par\" \/>\n\t<meta name=\"twitter:data1\" content=\"Hilmar\" \/>\n\t<meta name=\"twitter:label2\" content=\"Dur\u00e9e de lecture estim\u00e9e\" \/>\n\t<meta name=\"twitter:data2\" content=\"3 minutes\" \/>\n<script type=\"application\/ld+json\" class=\"yoast-schema-graph\">{\"@context\":\"https:\/\/schema.org\",\"@graph\":[{\"@type\":\"Article\",\"@id\":\"https:\/\/www.svalbard.fr\/actualites\/le-changement-de-nom-derling-haaland-explique-alors-que-lattaquant-fait-un-ajustement-au-dos-de-la-chemise\/#article\",\"isPartOf\":{\"@id\":\"https:\/\/www.svalbard.fr\/actualites\/le-changement-de-nom-derling-haaland-explique-alors-que-lattaquant-fait-un-ajustement-au-dos-de-la-chemise\/\"},\"author\":{\"name\":\"Hilmar\",\"@id\":\"https:\/\/www.svalbard.fr\/actualites\/#\/schema\/person\/a2f937d5712222366738fae98755c600\"},\"headline\":\"Le changement de nom d&#39;Erling Haaland expliqu\u00e9 alors que l&#39;attaquant fait un ajustement au dos de la chemise\",\"datePublished\":\"2025-08-27T12:17:19+00:00\",\"dateModified\":\"2025-08-27T12:17:21+00:00\",\"mainEntityOfPage\":{\"@id\":\"https:\/\/www.svalbard.fr\/actualites\/le-changement-de-nom-derling-haaland-explique-alors-que-lattaquant-fait-un-ajustement-au-dos-de-la-chemise\/\"},\"wordCount\":558,\"publisher\":{\"@id\":\"https:\/\/www.svalbard.fr\/actualites\/#organization\"},\"keywords\":[\"ajustement\",\"alors\",\"changement\",\"chemise\",\"d39Erling\",\"dos\",\"expliqu\u00e9\",\"fait\",\"Haaland\",\"l39attaquant\",\"nom\"],\"inLanguage\":\"fr-FR\"},{\"@type\":\"WebPage\",\"@id\":\"https:\/\/www.svalbard.fr\/actualites\/le-changement-de-nom-derling-haaland-explique-alors-que-lattaquant-fait-un-ajustement-au-dos-de-la-chemise\/\",\"url\":\"https:\/\/www.svalbard.fr\/actualites\/le-changement-de-nom-derling-haaland-explique-alors-que-lattaquant-fait-un-ajustement-au-dos-de-la-chemise\/\",\"name\":\"Le changement de nom d&#39;Erling Haaland expliqu\u00e9 alors que l&#39;attaquant fait un ajustement au dos de la chemise\",\"isPartOf\":{\"@id\":\"https:\/\/www.svalbard.fr\/actualites\/#website\"},\"datePublished\":\"2025-08-27T12:17:19+00:00\",\"dateModified\":\"2025-08-27T12:17:21+00:00\",\"breadcrumb\":{\"@id\":\"https:\/\/www.svalbard.fr\/actualites\/le-changement-de-nom-derling-haaland-explique-alors-que-lattaquant-fait-un-ajustement-au-dos-de-la-chemise\/#breadcrumb\"},\"inLanguage\":\"fr-FR\",\"potentialAction\":[{\"@type\":\"ReadAction\",\"target\":[\"https:\/\/www.svalbard.fr\/actualites\/le-changement-de-nom-derling-haaland-explique-alors-que-lattaquant-fait-un-ajustement-au-dos-de-la-chemise\/\"]}]},{\"@type\":\"BreadcrumbList\",\"@id\":\"https:\/\/www.svalbard.fr\/actualites\/le-changement-de-nom-derling-haaland-explique-alors-que-lattaquant-fait-un-ajustement-au-dos-de-la-chemise\/#breadcrumb\",\"itemListElement\":[{\"@type\":\"ListItem\",\"position\":1,\"name\":\"Accueil\",\"item\":\"https:\/\/www.svalbard.fr\/actualites\/\"},{\"@type\":\"ListItem\",\"position\":2,\"name\":\"Le changement de nom d&#39;Erling Haaland expliqu\u00e9 alors que l&#39;attaquant fait un ajustement au dos de la chemise\"}]},{\"@type\":\"WebSite\",\"@id\":\"https:\/\/www.svalbard.fr\/actualites\/#website\",\"url\":\"https:\/\/www.svalbard.fr\/actualites\/\",\"name\":\"www.Svalbard.fr\",\"description\":\"\",\"publisher\":{\"@id\":\"https:\/\/www.svalbard.fr\/actualites\/#organization\"},\"potentialAction\":[{\"@type\":\"SearchAction\",\"target\":{\"@type\":\"EntryPoint\",\"urlTemplate\":\"https:\/\/www.svalbard.fr\/actualites\/?s={search_term_string}\"},\"query-input\":\"required name=search_term_string\"}],\"inLanguage\":\"fr-FR\"},{\"@type\":\"Organization\",\"@id\":\"https:\/\/www.svalbard.fr\/actualites\/#organization\",\"name\":\"www.Svalbard.fr\",\"url\":\"https:\/\/www.svalbard.fr\/actualites\/\",\"logo\":{\"@type\":\"ImageObject\",\"inLanguage\":\"fr-FR\",\"@id\":\"https:\/\/www.svalbard.fr\/actualites\/#\/schema\/logo\/image\/\",\"url\":\"https:\/\/www.svalbard.fr\/actualites\/wp-content\/uploads\/2023\/09\/head-nom.jpg\",\"contentUrl\":\"https:\/\/www.svalbard.fr\/actualites\/wp-content\/uploads\/2023\/09\/head-nom.jpg\",\"width\":264,\"height\":35,\"caption\":\"www.Svalbard.fr\"},\"image\":{\"@id\":\"https:\/\/www.svalbard.fr\/actualites\/#\/schema\/logo\/image\/\"}},{\"@type\":\"Person\",\"@id\":\"https:\/\/www.svalbard.fr\/actualites\/#\/schema\/person\/a2f937d5712222366738fae98755c600\",\"name\":\"Hilmar\",\"image\":{\"@type\":\"ImageObject\",\"inLanguage\":\"fr-FR\",\"@id\":\"https:\/\/www.svalbard.fr\/actualites\/#\/schema\/person\/image\/\",\"url\":\"https:\/\/secure.gravatar.com\/avatar\/4daa437093476dbc32da415c112b6512?s=96&d=mm&r=g\",\"contentUrl\":\"https:\/\/secure.gravatar.com\/avatar\/4daa437093476dbc32da415c112b6512?s=96&d=mm&r=g\",\"caption\":\"Hilmar\"},\"description\":\"Hilmar est un passionn\u00e9 des r\u00e9gions polaires, sp\u00e9cialis\u00e9 dans la r\u00e9daction d'articles sur le Spitzberg et autres destinations arctiques. Il apporte son expertise et sa passion pour l'Arctique au sein de l'\u00e9quipe de r\u00e9daction de Svalbard depuis de nombreuses ann\u00e9es.\",\"sameAs\":[\"https:\/\/www.svalbard.fr\/\"]}]}<\/script>\n<!-- \/ Yoast SEO plugin. -->","yoast_head_json":{"title":"Le changement de nom d&#39;Erling Haaland expliqu\u00e9 alors que l&#39;attaquant fait un ajustement au dos de la chemise","robots":{"index":"index","follow":"follow","max-snippet":"max-snippet:-1","max-image-preview":"max-image-preview:large","max-video-preview":"max-video-preview:-1"},"canonical":"https:\/\/www.svalbard.fr\/actualites\/le-changement-de-nom-derling-haaland-explique-alors-que-lattaquant-fait-un-ajustement-au-dos-de-la-chemise\/","og_locale":"fr_FR","og_type":"article","og_title":"Le changement de nom d&#39;Erling Haaland expliqu\u00e9 alors que l&#39;attaquant fait un ajustement au dos de la chemise","og_description":"Erling Haaland sera un peu diff\u00e9rent lors de la alimentation pour la Norv\u00e8ge lors de leurs qualifications de la Coupe du monde le mois prochain.","og_url":"https:\/\/www.svalbard.fr\/actualites\/le-changement-de-nom-derling-haaland-explique-alors-que-lattaquant-fait-un-ajustement-au-dos-de-la-chemise\/","og_site_name":"www.Svalbard.fr","article_published_time":"2025-08-27T12:17:19+00:00","article_modified_time":"2025-08-27T12:17:21+00:00","og_image":[{"width":1200,"height":630,"url":"https:\/\/www.svalbard.fr\/actualites\/wp-content\/uploads\/2025\/08\/Le-changement-de-nom-d39Erling-Haaland-explique-alors-que-l39attaquant.jpg","type":"image\/jpeg"}],"author":"Hilmar","twitter_card":"summary_large_image","twitter_misc":{"\u00c9crit par":"Hilmar","Dur\u00e9e de lecture estim\u00e9e":"3 minutes"},"schema":{"@context":"https:\/\/schema.org","@graph":[{"@type":"Article","@id":"https:\/\/www.svalbard.fr\/actualites\/le-changement-de-nom-derling-haaland-explique-alors-que-lattaquant-fait-un-ajustement-au-dos-de-la-chemise\/#article","isPartOf":{"@id":"https:\/\/www.svalbard.fr\/actualites\/le-changement-de-nom-derling-haaland-explique-alors-que-lattaquant-fait-un-ajustement-au-dos-de-la-chemise\/"},"author":{"name":"Hilmar","@id":"https:\/\/www.svalbard.fr\/actualites\/#\/schema\/person\/a2f937d5712222366738fae98755c600"},"headline":"Le changement de nom d&#39;Erling Haaland expliqu\u00e9 alors que l&#39;attaquant fait un ajustement au dos de la chemise","datePublished":"2025-08-27T12:17:19+00:00","dateModified":"2025-08-27T12:17:21+00:00","mainEntityOfPage":{"@id":"https:\/\/www.svalbard.fr\/actualites\/le-changement-de-nom-derling-haaland-explique-alors-que-lattaquant-fait-un-ajustement-au-dos-de-la-chemise\/"},"wordCount":558,"publisher":{"@id":"https:\/\/www.svalbard.fr\/actualites\/#organization"},"keywords":["ajustement","alors","changement","chemise","d39Erling","dos","expliqu\u00e9","fait","Haaland","l39attaquant","nom"],"inLanguage":"fr-FR"},{"@type":"WebPage","@id":"https:\/\/www.svalbard.fr\/actualites\/le-changement-de-nom-derling-haaland-explique-alors-que-lattaquant-fait-un-ajustement-au-dos-de-la-chemise\/","url":"https:\/\/www.svalbard.fr\/actualites\/le-changement-de-nom-derling-haaland-explique-alors-que-lattaquant-fait-un-ajustement-au-dos-de-la-chemise\/","name":"Le changement de nom d&#39;Erling Haaland expliqu\u00e9 alors que l&#39;attaquant fait un ajustement au dos de la chemise","isPartOf":{"@id":"https:\/\/www.svalbard.fr\/actualites\/#website"},"datePublished":"2025-08-27T12:17:19+00:00","dateModified":"2025-08-27T12:17:21+00:00","breadcrumb":{"@id":"https:\/\/www.svalbard.fr\/actualites\/le-changement-de-nom-derling-haaland-explique-alors-que-lattaquant-fait-un-ajustement-au-dos-de-la-chemise\/#breadcrumb"},"inLanguage":"fr-FR","potentialAction":[{"@type":"ReadAction","target":["https:\/\/www.svalbard.fr\/actualites\/le-changement-de-nom-derling-haaland-explique-alors-que-lattaquant-fait-un-ajustement-au-dos-de-la-chemise\/"]}]},{"@type":"BreadcrumbList","@id":"https:\/\/www.svalbard.fr\/actualites\/le-changement-de-nom-derling-haaland-explique-alors-que-lattaquant-fait-un-ajustement-au-dos-de-la-chemise\/#breadcrumb","itemListElement":[{"@type":"ListItem","position":1,"name":"Accueil","item":"https:\/\/www.svalbard.fr\/actualites\/"},{"@type":"ListItem","position":2,"name":"Le changement de nom d&#39;Erling Haaland expliqu\u00e9 alors que l&#39;attaquant fait un ajustement au dos de la chemise"}]},{"@type":"WebSite","@id":"https:\/\/www.svalbard.fr\/actualites\/#website","url":"https:\/\/www.svalbard.fr\/actualites\/","name":"www.Svalbard.fr","description":"","publisher":{"@id":"https:\/\/www.svalbard.fr\/actualites\/#organization"},"potentialAction":[{"@type":"SearchAction","target":{"@type":"EntryPoint","urlTemplate":"https:\/\/www.svalbard.fr\/actualites\/?s={search_term_string}"},"query-input":"required name=search_term_string"}],"inLanguage":"fr-FR"},{"@type":"Organization","@id":"https:\/\/www.svalbard.fr\/actualites\/#organization","name":"www.Svalbard.fr","url":"https:\/\/www.svalbard.fr\/actualites\/","logo":{"@type":"ImageObject","inLanguage":"fr-FR","@id":"https:\/\/www.svalbard.fr\/actualites\/#\/schema\/logo\/image\/","url":"https:\/\/www.svalbard.fr\/actualites\/wp-content\/uploads\/2023\/09\/head-nom.jpg","contentUrl":"https:\/\/www.svalbard.fr\/actualites\/wp-content\/uploads\/2023\/09\/head-nom.jpg","width":264,"height":35,"caption":"www.Svalbard.fr"},"image":{"@id":"https:\/\/www.svalbard.fr\/actualites\/#\/schema\/logo\/image\/"}},{"@type":"Person","@id":"https:\/\/www.svalbard.fr\/actualites\/#\/schema\/person\/a2f937d5712222366738fae98755c600","name":"Hilmar","image":{"@type":"ImageObject","inLanguage":"fr-FR","@id":"https:\/\/www.svalbard.fr\/actualites\/#\/schema\/person\/image\/","url":"https:\/\/secure.gravatar.com\/avatar\/4daa437093476dbc32da415c112b6512?s=96&d=mm&r=g","contentUrl":"https:\/\/secure.gravatar.com\/avatar\/4daa437093476dbc32da415c112b6512?s=96&d=mm&r=g","caption":"Hilmar"},"description":"Hilmar est un passionn\u00e9 des r\u00e9gions polaires, sp\u00e9cialis\u00e9 dans la r\u00e9daction d'articles sur le Spitzberg et autres destinations arctiques. Il apporte son expertise et sa passion pour l'Arctique au sein de l'\u00e9quipe de r\u00e9daction de Svalbard depuis de nombreuses ann\u00e9es.","sameAs":["https:\/\/www.svalbard.fr\/"]}]}},"_links":{"self":[{"href":"https:\/\/www.svalbard.fr\/actualites\/wp-json\/wp\/v2\/posts\/4919"}],"collection":[{"href":"https:\/\/www.svalbard.fr\/actualites\/wp-json\/wp\/v2\/posts"}],"about":[{"href":"https:\/\/www.svalbard.fr\/actualites\/wp-json\/wp\/v2\/types\/post"}],"author":[{"embeddable":true,"href":"https:\/\/www.svalbard.fr\/actualites\/wp-json\/wp\/v2\/users\/1"}],"replies":[{"embeddable":true,"href":"https:\/\/www.svalbard.fr\/actualites\/wp-json\/wp\/v2\/comments?post=4919"}],"version-history":[{"count":1,"href":"https:\/\/www.svalbard.fr\/actualites\/wp-json\/wp\/v2\/posts\/4919\/revisions"}],"predecessor-version":[{"id":4921,"href":"https:\/\/www.svalbard.fr\/actualites\/wp-json\/wp\/v2\/posts\/4919\/revisions\/4921"}],"wp:featuredmedia":[{"embeddable":true,"href":"https:\/\/www.svalbard.fr\/actualites\/wp-json\/wp\/v2\/media\/4920"}],"wp:attachment":[{"href":"https:\/\/www.svalbard.fr\/actualites\/wp-json\/wp\/v2\/media?parent=4919"}],"wp:term":[{"taxonomy":"category","embeddable":true,"href":"https:\/\/www.svalbard.fr\/actualites\/wp-json\/wp\/v2\/categories?post=4919"},{"taxonomy":"post_tag","embeddable":true,"href":"https:\/\/www.svalbard.fr\/actualites\/wp-json\/wp\/v2\/tags?post=4919"}],"curies":[{"name":"wp","href":"https:\/\/api.w.org\/{rel}","templated":true}]}}