{"id":4922,"date":"2025-08-27T17:21:40","date_gmt":"2025-08-27T15:21:40","guid":{"rendered":"https:\/\/www.svalbard.fr\/actualites\/royal-fait-la-premiere-apparition-depuis-son-fils-charge-de-viol\/"},"modified":"2025-08-27T17:21:42","modified_gmt":"2025-08-27T15:21:42","slug":"royal-fait-la-premiere-apparition-depuis-son-fils-charge-de-viol","status":"publish","type":"post","link":"https:\/\/www.svalbard.fr\/actualites\/royal-fait-la-premiere-apparition-depuis-son-fils-charge-de-viol\/","title":{"rendered":"Royal fait la premi\u00e8re apparition depuis son fils charg\u00e9 de viol"},"content":{"rendered":"<div>\n<p>La princesse de la Couronne Mette-Marit a fait sa premi\u00e8re apparition publique depuis l&#39;acte d&#39;accusation contre son fils, Marius Borg H\u00f8iby, alors qu&#39;elle c\u00e9l\u00e9brait 100 ans de la r\u00e9sidence royale &#8211; le ch\u00e2teau de Gamlehaugen \u00e0 Bergen le 26 ao\u00fbt. La Royal norv\u00e9gien, 52 ans, a assist\u00e9 \u00e0 des c\u00e9l\u00e9brations aux c\u00f4t\u00e9s de son mari, le prince h\u00e9ritier Haakon, ainsi que ses beaux-parents, King Harald et son fils de reine.<\/p>\n<p>Les c\u00e9l\u00e9brations ont eu lieu une semaine seulement apr\u00e8s avoir \u00e9t\u00e9 confirm\u00e9e que Marius, 28 ans, avait \u00e9t\u00e9 accus\u00e9e de 32 infractions, dont quatre chefs de viol. Bien qu&#39;il nie les accusations les plus graves contre lui, il pr\u00e9voit de plaider coupable \u00e0 des accusations moindres devant le tribunal au d\u00e9but du proc\u00e8s, a d\u00e9clar\u00e9 son avocat Petar Sekulic \u00e0 Reuters. Marius n&#39;a pas de titre royal et est en dehors de la ligne de la succession royale.<\/p>\n<p>Marius est le premier enfant de la princesse d&#39;une relation pr\u00e9c\u00e9dente, faisant de lui le beau-fils du prince h\u00e9ritier Haakon, ainsi que le demi-fr\u00e8re a\u00een\u00e9 de la future reine, la princesse Ingrid Alexandra, 21 ans, et le prince Sverre Magnus. La Cour royale norv\u00e9gienne a d\u00e9clar\u00e9 la semaine derni\u00e8re des accusations: \u00ab\u00a0Il appartient aux tribunaux de consid\u00e9rer cette question et de prendre une d\u00e9cision. Nous n&#39;avons plus de commentaires.\u00a0\u00bb<\/p>\n<\/div>\n<div>\n<p>Hier, la famille royale norv\u00e9gienne a \u00e9t\u00e9 vue s&#39;amuser au ch\u00e2teau de Gamlehaugen \u00e0 Bergen, c\u00e9l\u00e9brant 100 ans de la r\u00e9sidence royale. Le futur roi a invit\u00e9 de jeunes \u00e9tudiants \u00e0 jouer ensemble et \u00e0 profiter du terrain du ch\u00e2teau.<\/p>\n<p>Tenant sur Instagram le mardi 26 ao\u00fbt, la famille royale norv\u00e9gienne a partag\u00e9 une vid\u00e9o. Il a \u00e9t\u00e9 sous-titr\u00e9: \u00ab\u00a0Gamlehaugen \u00e0 Bergen &#8211; r\u00e9sidence royale pendant 100 ans.\u00a0\u00bb<\/p>\n<p>Ils ont poursuivi: \u00ab\u00a0Le prince h\u00e9ritier a invit\u00e9 les \u00e9l\u00e8ves de l&#39;\u00e9cole \u00e0 jouer et \u00e0 s&#39;amuser dans le parc autour de Gamlehaugen en lien avec le marquage de l&#39;anniversaire. La reine \u00e9tait \u00e9galement pr\u00e9sente et a pu s&#39;essayer en tant que peintre de visage.\u00a0\u00bb<\/p>\n<p data-mce-linkchecker-status=\"valid\">Dans la vid\u00e9o, Mette-Marit a \u00e9t\u00e9 vue portant une chemise \u00e0 cravate avec des couleurs vives et le prince h\u00e9ritier Haakon portait un costume bleu marine.<\/p>\n<p>Gamlehaugen a \u00e9t\u00e9 r\u00e9pertori\u00e9 pour la premi\u00e8re fois comme r\u00e9sidence priv\u00e9e pour le Premier ministre Christian Michelsen en 1900, et est devenu plus tard la r\u00e9sidence du roi \u00e0 Bergen.<\/p>\n<\/div>\n<div>\n<p>Gamlehaugen a \u00e9t\u00e9 con\u00e7u en 1899 par l&#39;architecte Jens Zetlitz Monrad Kielland, qui a fait ses \u00e9tudes en Allemagne et influenc\u00e9 par l&#39;architecture m\u00e9di\u00e9vale tardive.<\/p>\n<p>Le b\u00e2timent a combin\u00e9 les qualit\u00e9s d&#39;une forteresse et d&#39;un ch\u00e2teau, \u00e9voquant des b\u00e2timents avec des b\u00e2timents de deux r\u00e9gions tr\u00e8s diff\u00e9rentes: les nombreux ch\u00e2teaux du XVIe si\u00e8cle trouv\u00e9s dans la vall\u00e9e de la Loire en France, et les forteresses royales \u00e0 haute hauteur d&#39;\u00c9cosse.<\/p>\n<p>La r\u00e9sidence royale est entour\u00e9e de beaux parcs, qui sont ouverts au public toute l&#39;ann\u00e9e.<\/p>\n<\/div>\n","protected":false},"excerpt":{"rendered":"<p>La princesse de la Couronne Mette-Marit a fait sa premi\u00e8re apparition publique depuis l&#39;acte d&#39;accusation contre son fils, Marius Borg H\u00f8iby, alors qu&#39;elle c\u00e9l\u00e9brait 100<\/p>\n","protected":false},"author":1,"featured_media":4923,"comment_status":"closed","ping_status":"","sticky":false,"template":"","format":"standard","meta":{"footnotes":""},"categories":[2277],"tags":[5049,4993,128,20,4799,382,1580,193,1850],"yoast_head":"<!-- This site is optimized with the Yoast SEO plugin v21.0 - https:\/\/yoast.com\/wordpress\/plugins\/seo\/ -->\n<title>Royal fait la premi\u00e8re apparition depuis son fils charg\u00e9 de viol<\/title>\n<meta name=\"robots\" content=\"index, follow, max-snippet:-1, max-image-preview:large, max-video-preview:-1\" \/>\n<link rel=\"canonical\" href=\"https:\/\/www.svalbard.fr\/actualites\/royal-fait-la-premiere-apparition-depuis-son-fils-charge-de-viol\/\" \/>\n<meta property=\"og:locale\" content=\"fr_FR\" \/>\n<meta property=\"og:type\" content=\"article\" \/>\n<meta property=\"og:title\" content=\"Royal fait la premi\u00e8re apparition depuis son fils charg\u00e9 de viol\" \/>\n<meta property=\"og:description\" content=\"La princesse de la Couronne Mette-Marit a fait sa premi\u00e8re apparition publique depuis l&#039;acte d&#039;accusation contre son fils, Marius Borg H\u00f8iby, alors qu&#039;elle c\u00e9l\u00e9brait 100\" \/>\n<meta property=\"og:url\" content=\"https:\/\/www.svalbard.fr\/actualites\/royal-fait-la-premiere-apparition-depuis-son-fils-charge-de-viol\/\" \/>\n<meta property=\"og:site_name\" content=\"www.Svalbard.fr\" \/>\n<meta property=\"article:published_time\" content=\"2025-08-27T15:21:40+00:00\" \/>\n<meta property=\"article:modified_time\" content=\"2025-08-27T15:21:42+00:00\" \/>\n<meta property=\"og:image\" content=\"https:\/\/www.svalbard.fr\/actualites\/wp-content\/uploads\/2025\/08\/Royal-fait-la-premiere-apparition-depuis-son-fils-charge-de.jpg\" \/>\n\t<meta property=\"og:image:width\" content=\"1200\" \/>\n\t<meta property=\"og:image:height\" content=\"630\" \/>\n\t<meta property=\"og:image:type\" content=\"image\/jpeg\" \/>\n<meta name=\"author\" content=\"Hilmar\" \/>\n<meta name=\"twitter:card\" content=\"summary_large_image\" \/>\n<meta name=\"twitter:label1\" content=\"\u00c9crit par\" \/>\n\t<meta name=\"twitter:data1\" content=\"Hilmar\" \/>\n\t<meta name=\"twitter:label2\" content=\"Dur\u00e9e de lecture estim\u00e9e\" \/>\n\t<meta name=\"twitter:data2\" content=\"3 minutes\" \/>\n<script type=\"application\/ld+json\" class=\"yoast-schema-graph\">{\"@context\":\"https:\/\/schema.org\",\"@graph\":[{\"@type\":\"Article\",\"@id\":\"https:\/\/www.svalbard.fr\/actualites\/royal-fait-la-premiere-apparition-depuis-son-fils-charge-de-viol\/#article\",\"isPartOf\":{\"@id\":\"https:\/\/www.svalbard.fr\/actualites\/royal-fait-la-premiere-apparition-depuis-son-fils-charge-de-viol\/\"},\"author\":{\"name\":\"Hilmar\",\"@id\":\"https:\/\/www.svalbard.fr\/actualites\/#\/schema\/person\/a2f937d5712222366738fae98755c600\"},\"headline\":\"Royal fait la premi\u00e8re apparition depuis son fils charg\u00e9 de viol\",\"datePublished\":\"2025-08-27T15:21:40+00:00\",\"dateModified\":\"2025-08-27T15:21:42+00:00\",\"mainEntityOfPage\":{\"@id\":\"https:\/\/www.svalbard.fr\/actualites\/royal-fait-la-premiere-apparition-depuis-son-fils-charge-de-viol\/\"},\"wordCount\":547,\"publisher\":{\"@id\":\"https:\/\/www.svalbard.fr\/actualites\/#organization\"},\"keywords\":[\"apparition\",\"charg\u00e9\",\"depuis\",\"fait\",\"Fils\",\"premi\u00e8re\",\"royal\",\"son\",\"viol\"],\"inLanguage\":\"fr-FR\"},{\"@type\":\"WebPage\",\"@id\":\"https:\/\/www.svalbard.fr\/actualites\/royal-fait-la-premiere-apparition-depuis-son-fils-charge-de-viol\/\",\"url\":\"https:\/\/www.svalbard.fr\/actualites\/royal-fait-la-premiere-apparition-depuis-son-fils-charge-de-viol\/\",\"name\":\"Royal fait la premi\u00e8re apparition depuis son fils charg\u00e9 de viol\",\"isPartOf\":{\"@id\":\"https:\/\/www.svalbard.fr\/actualites\/#website\"},\"datePublished\":\"2025-08-27T15:21:40+00:00\",\"dateModified\":\"2025-08-27T15:21:42+00:00\",\"breadcrumb\":{\"@id\":\"https:\/\/www.svalbard.fr\/actualites\/royal-fait-la-premiere-apparition-depuis-son-fils-charge-de-viol\/#breadcrumb\"},\"inLanguage\":\"fr-FR\",\"potentialAction\":[{\"@type\":\"ReadAction\",\"target\":[\"https:\/\/www.svalbard.fr\/actualites\/royal-fait-la-premiere-apparition-depuis-son-fils-charge-de-viol\/\"]}]},{\"@type\":\"BreadcrumbList\",\"@id\":\"https:\/\/www.svalbard.fr\/actualites\/royal-fait-la-premiere-apparition-depuis-son-fils-charge-de-viol\/#breadcrumb\",\"itemListElement\":[{\"@type\":\"ListItem\",\"position\":1,\"name\":\"Accueil\",\"item\":\"https:\/\/www.svalbard.fr\/actualites\/\"},{\"@type\":\"ListItem\",\"position\":2,\"name\":\"Royal fait la premi\u00e8re apparition depuis son fils charg\u00e9 de viol\"}]},{\"@type\":\"WebSite\",\"@id\":\"https:\/\/www.svalbard.fr\/actualites\/#website\",\"url\":\"https:\/\/www.svalbard.fr\/actualites\/\",\"name\":\"www.Svalbard.fr\",\"description\":\"\",\"publisher\":{\"@id\":\"https:\/\/www.svalbard.fr\/actualites\/#organization\"},\"potentialAction\":[{\"@type\":\"SearchAction\",\"target\":{\"@type\":\"EntryPoint\",\"urlTemplate\":\"https:\/\/www.svalbard.fr\/actualites\/?s={search_term_string}\"},\"query-input\":\"required name=search_term_string\"}],\"inLanguage\":\"fr-FR\"},{\"@type\":\"Organization\",\"@id\":\"https:\/\/www.svalbard.fr\/actualites\/#organization\",\"name\":\"www.Svalbard.fr\",\"url\":\"https:\/\/www.svalbard.fr\/actualites\/\",\"logo\":{\"@type\":\"ImageObject\",\"inLanguage\":\"fr-FR\",\"@id\":\"https:\/\/www.svalbard.fr\/actualites\/#\/schema\/logo\/image\/\",\"url\":\"https:\/\/www.svalbard.fr\/actualites\/wp-content\/uploads\/2023\/09\/head-nom.jpg\",\"contentUrl\":\"https:\/\/www.svalbard.fr\/actualites\/wp-content\/uploads\/2023\/09\/head-nom.jpg\",\"width\":264,\"height\":35,\"caption\":\"www.Svalbard.fr\"},\"image\":{\"@id\":\"https:\/\/www.svalbard.fr\/actualites\/#\/schema\/logo\/image\/\"}},{\"@type\":\"Person\",\"@id\":\"https:\/\/www.svalbard.fr\/actualites\/#\/schema\/person\/a2f937d5712222366738fae98755c600\",\"name\":\"Hilmar\",\"image\":{\"@type\":\"ImageObject\",\"inLanguage\":\"fr-FR\",\"@id\":\"https:\/\/www.svalbard.fr\/actualites\/#\/schema\/person\/image\/\",\"url\":\"https:\/\/secure.gravatar.com\/avatar\/4daa437093476dbc32da415c112b6512?s=96&d=mm&r=g\",\"contentUrl\":\"https:\/\/secure.gravatar.com\/avatar\/4daa437093476dbc32da415c112b6512?s=96&d=mm&r=g\",\"caption\":\"Hilmar\"},\"description\":\"Hilmar est un passionn\u00e9 des r\u00e9gions polaires, sp\u00e9cialis\u00e9 dans la r\u00e9daction d'articles sur le Spitzberg et autres destinations arctiques. Il apporte son expertise et sa passion pour l'Arctique au sein de l'\u00e9quipe de r\u00e9daction de Svalbard depuis de nombreuses ann\u00e9es.\",\"sameAs\":[\"https:\/\/www.svalbard.fr\/\"]}]}<\/script>\n<!-- \/ Yoast SEO plugin. -->","yoast_head_json":{"title":"Royal fait la premi\u00e8re apparition depuis son fils charg\u00e9 de viol","robots":{"index":"index","follow":"follow","max-snippet":"max-snippet:-1","max-image-preview":"max-image-preview:large","max-video-preview":"max-video-preview:-1"},"canonical":"https:\/\/www.svalbard.fr\/actualites\/royal-fait-la-premiere-apparition-depuis-son-fils-charge-de-viol\/","og_locale":"fr_FR","og_type":"article","og_title":"Royal fait la premi\u00e8re apparition depuis son fils charg\u00e9 de viol","og_description":"La princesse de la Couronne Mette-Marit a fait sa premi\u00e8re apparition publique depuis l&#39;acte d&#39;accusation contre son fils, Marius Borg H\u00f8iby, alors qu&#39;elle c\u00e9l\u00e9brait 100","og_url":"https:\/\/www.svalbard.fr\/actualites\/royal-fait-la-premiere-apparition-depuis-son-fils-charge-de-viol\/","og_site_name":"www.Svalbard.fr","article_published_time":"2025-08-27T15:21:40+00:00","article_modified_time":"2025-08-27T15:21:42+00:00","og_image":[{"width":1200,"height":630,"url":"https:\/\/www.svalbard.fr\/actualites\/wp-content\/uploads\/2025\/08\/Royal-fait-la-premiere-apparition-depuis-son-fils-charge-de.jpg","type":"image\/jpeg"}],"author":"Hilmar","twitter_card":"summary_large_image","twitter_misc":{"\u00c9crit par":"Hilmar","Dur\u00e9e de lecture estim\u00e9e":"3 minutes"},"schema":{"@context":"https:\/\/schema.org","@graph":[{"@type":"Article","@id":"https:\/\/www.svalbard.fr\/actualites\/royal-fait-la-premiere-apparition-depuis-son-fils-charge-de-viol\/#article","isPartOf":{"@id":"https:\/\/www.svalbard.fr\/actualites\/royal-fait-la-premiere-apparition-depuis-son-fils-charge-de-viol\/"},"author":{"name":"Hilmar","@id":"https:\/\/www.svalbard.fr\/actualites\/#\/schema\/person\/a2f937d5712222366738fae98755c600"},"headline":"Royal fait la premi\u00e8re apparition depuis son fils charg\u00e9 de viol","datePublished":"2025-08-27T15:21:40+00:00","dateModified":"2025-08-27T15:21:42+00:00","mainEntityOfPage":{"@id":"https:\/\/www.svalbard.fr\/actualites\/royal-fait-la-premiere-apparition-depuis-son-fils-charge-de-viol\/"},"wordCount":547,"publisher":{"@id":"https:\/\/www.svalbard.fr\/actualites\/#organization"},"keywords":["apparition","charg\u00e9","depuis","fait","Fils","premi\u00e8re","royal","son","viol"],"inLanguage":"fr-FR"},{"@type":"WebPage","@id":"https:\/\/www.svalbard.fr\/actualites\/royal-fait-la-premiere-apparition-depuis-son-fils-charge-de-viol\/","url":"https:\/\/www.svalbard.fr\/actualites\/royal-fait-la-premiere-apparition-depuis-son-fils-charge-de-viol\/","name":"Royal fait la premi\u00e8re apparition depuis son fils charg\u00e9 de viol","isPartOf":{"@id":"https:\/\/www.svalbard.fr\/actualites\/#website"},"datePublished":"2025-08-27T15:21:40+00:00","dateModified":"2025-08-27T15:21:42+00:00","breadcrumb":{"@id":"https:\/\/www.svalbard.fr\/actualites\/royal-fait-la-premiere-apparition-depuis-son-fils-charge-de-viol\/#breadcrumb"},"inLanguage":"fr-FR","potentialAction":[{"@type":"ReadAction","target":["https:\/\/www.svalbard.fr\/actualites\/royal-fait-la-premiere-apparition-depuis-son-fils-charge-de-viol\/"]}]},{"@type":"BreadcrumbList","@id":"https:\/\/www.svalbard.fr\/actualites\/royal-fait-la-premiere-apparition-depuis-son-fils-charge-de-viol\/#breadcrumb","itemListElement":[{"@type":"ListItem","position":1,"name":"Accueil","item":"https:\/\/www.svalbard.fr\/actualites\/"},{"@type":"ListItem","position":2,"name":"Royal fait la premi\u00e8re apparition depuis son fils charg\u00e9 de viol"}]},{"@type":"WebSite","@id":"https:\/\/www.svalbard.fr\/actualites\/#website","url":"https:\/\/www.svalbard.fr\/actualites\/","name":"www.Svalbard.fr","description":"","publisher":{"@id":"https:\/\/www.svalbard.fr\/actualites\/#organization"},"potentialAction":[{"@type":"SearchAction","target":{"@type":"EntryPoint","urlTemplate":"https:\/\/www.svalbard.fr\/actualites\/?s={search_term_string}"},"query-input":"required name=search_term_string"}],"inLanguage":"fr-FR"},{"@type":"Organization","@id":"https:\/\/www.svalbard.fr\/actualites\/#organization","name":"www.Svalbard.fr","url":"https:\/\/www.svalbard.fr\/actualites\/","logo":{"@type":"ImageObject","inLanguage":"fr-FR","@id":"https:\/\/www.svalbard.fr\/actualites\/#\/schema\/logo\/image\/","url":"https:\/\/www.svalbard.fr\/actualites\/wp-content\/uploads\/2023\/09\/head-nom.jpg","contentUrl":"https:\/\/www.svalbard.fr\/actualites\/wp-content\/uploads\/2023\/09\/head-nom.jpg","width":264,"height":35,"caption":"www.Svalbard.fr"},"image":{"@id":"https:\/\/www.svalbard.fr\/actualites\/#\/schema\/logo\/image\/"}},{"@type":"Person","@id":"https:\/\/www.svalbard.fr\/actualites\/#\/schema\/person\/a2f937d5712222366738fae98755c600","name":"Hilmar","image":{"@type":"ImageObject","inLanguage":"fr-FR","@id":"https:\/\/www.svalbard.fr\/actualites\/#\/schema\/person\/image\/","url":"https:\/\/secure.gravatar.com\/avatar\/4daa437093476dbc32da415c112b6512?s=96&d=mm&r=g","contentUrl":"https:\/\/secure.gravatar.com\/avatar\/4daa437093476dbc32da415c112b6512?s=96&d=mm&r=g","caption":"Hilmar"},"description":"Hilmar est un passionn\u00e9 des r\u00e9gions polaires, sp\u00e9cialis\u00e9 dans la r\u00e9daction d'articles sur le Spitzberg et autres destinations arctiques. Il apporte son expertise et sa passion pour l'Arctique au sein de l'\u00e9quipe de r\u00e9daction de Svalbard depuis de nombreuses ann\u00e9es.","sameAs":["https:\/\/www.svalbard.fr\/"]}]}},"_links":{"self":[{"href":"https:\/\/www.svalbard.fr\/actualites\/wp-json\/wp\/v2\/posts\/4922"}],"collection":[{"href":"https:\/\/www.svalbard.fr\/actualites\/wp-json\/wp\/v2\/posts"}],"about":[{"href":"https:\/\/www.svalbard.fr\/actualites\/wp-json\/wp\/v2\/types\/post"}],"author":[{"embeddable":true,"href":"https:\/\/www.svalbard.fr\/actualites\/wp-json\/wp\/v2\/users\/1"}],"replies":[{"embeddable":true,"href":"https:\/\/www.svalbard.fr\/actualites\/wp-json\/wp\/v2\/comments?post=4922"}],"version-history":[{"count":1,"href":"https:\/\/www.svalbard.fr\/actualites\/wp-json\/wp\/v2\/posts\/4922\/revisions"}],"predecessor-version":[{"id":4924,"href":"https:\/\/www.svalbard.fr\/actualites\/wp-json\/wp\/v2\/posts\/4922\/revisions\/4924"}],"wp:featuredmedia":[{"embeddable":true,"href":"https:\/\/www.svalbard.fr\/actualites\/wp-json\/wp\/v2\/media\/4923"}],"wp:attachment":[{"href":"https:\/\/www.svalbard.fr\/actualites\/wp-json\/wp\/v2\/media?parent=4922"}],"wp:term":[{"taxonomy":"category","embeddable":true,"href":"https:\/\/www.svalbard.fr\/actualites\/wp-json\/wp\/v2\/categories?post=4922"},{"taxonomy":"post_tag","embeddable":true,"href":"https:\/\/www.svalbard.fr\/actualites\/wp-json\/wp\/v2\/tags?post=4922"}],"curies":[{"name":"wp","href":"https:\/\/api.w.org\/{rel}","templated":true}]}}