{"id":4925,"date":"2025-08-28T09:26:30","date_gmt":"2025-08-28T07:26:30","guid":{"rendered":"https:\/\/www.svalbard.fr\/actualites\/ile-de-trondheim-dhistoire-et-de-soleil-dete\/"},"modified":"2025-08-28T09:26:30","modified_gmt":"2025-08-28T07:26:30","slug":"ile-de-trondheim-dhistoire-et-de-soleil-dete","status":"publish","type":"post","link":"https:\/\/www.svalbard.fr\/actualites\/ile-de-trondheim-dhistoire-et-de-soleil-dete\/","title":{"rendered":"\u00cele de Trondheim d&#39;histoire et de soleil d&#39;\u00e9t\u00e9"},"content":{"rendered":"<div itemprop=\"text\">\n\t\t\t<span id=\"dpsp-post-content-markup\" data-image-pin-it=\"false\"><\/span><\/p>\n<p class=\"intro\">Cette petite \u00eele juste au large des c\u00f4tes de Trondheim tient une histoire sombre. Voici ce qu&#39;il faut savoir sur l&#39;un des points de loisirs pr\u00e9f\u00e9r\u00e9s de la ville et comment vous pouvez visiter.<\/p>\n<p>Si vous \u00eates d\u00e9j\u00e0 arriv\u00e9 \u00e0 Trondheim par un ferry ou un bateau de croisi\u00e8re c\u00f4tier, vous avez peut-\u00eatre remarqu\u00e9 la petite \u00eele plate juste au large.<\/p>\n<figure class=\"wp-block-image size-large\"><img data-lazyloaded=\"1\" data-placeholder-resp=\"768x432\" fetchpriority=\"high\" decoding=\"async\" width=\"768\" height=\"432\" src=\"https:\/\/www.svalbard.fr\/actualites\/wp-content\/uploads\/2025\/08\/Ile-de-Trondheim-d39histoire-et-de-soleil-d39ete.jpg\" alt=\"David lors du voyage en bateau de Munkholmen. Photo: David Nikel.\" class=\"wp-image-84679\"  data-><noscript><img fetchpriority=\"high\" decoding=\"async\" width=\"768\" height=\"432\" src=\"https:\/\/www.svalbard.fr\/actualites\/wp-content\/uploads\/2025\/08\/Ile-de-Trondheim-d39histoire-et-de-soleil-d39ete.jpg\" alt=\"David lors du voyage en bateau de Munkholmen. Photo: David Nikel.\" class=\"wp-image-84679\"  ><\/noscript><\/figure>\n<p>C&#39;est Munkholmen, un endroit qui a servi de terrain d&#39;ex\u00e9cution, monast\u00e8re, forteresse, prison et avant-poste militaire. Ces jours-ci, il est mieux connu comme l&#39;\u00eele d&#39;\u00e9t\u00e9 de Trondheim.<\/p>\n<p>J&#39;ai visit\u00e9 pour la derni\u00e8re fois il y a plus d&#39;une d\u00e9cennie, mais je recommande toujours un voyage ici comme l&#39;une des meilleures choses \u00e0 faire \u00e0 Trondheim pendant l&#39;\u00e9t\u00e9. Il \u00e9tait donc temps de v\u00e9rifier que les conseils se trouvent toujours!<\/p>\n<p>Lorsqu&#39;une rare journ\u00e9e ensoleill\u00e9e est arriv\u00e9e fin ao\u00fbt, \u00e0 la toute fin de la saison, j&#39;ai fait le court trajet en ferry \u00e0 travers le fjord pour un voyage de retour avant la fermeture du service pour l&#39;ann\u00e9e.<\/p>\n<h2 class=\"wp-block-heading\">Le court voyage \u00e0 travers le fjord<\/h2>\n<p>Le bateau part de Ravnkloa, en plein c\u0153ur de Trondheim. Recherchez simplement la statue du dernier Viking et du b\u00e2timent en bois jaune qui sert de billetterie.<\/p>\n<figure class=\"wp-block-image size-large\"><img loading=\"lazy\" data-lazyloaded=\"1\" data-placeholder-resp=\"768x432\" decoding=\"async\" width=\"768\" height=\"432\" src=\"https:\/\/www.svalbard.fr\/actualites\/wp-content\/uploads\/2025\/08\/1756365988_178_Ile-de-Trondheim-d39histoire-et-de-soleil-d39ete.jpg\" alt=\"Munkholmen Ferry naviguant sous le pont bas dans le port de Trondheim. Photo: David Nikel.\" class=\"wp-image-84686\"  data-><noscript><img loading=\"lazy\" decoding=\"async\" width=\"768\" height=\"432\" src=\"https:\/\/www.svalbard.fr\/actualites\/wp-content\/uploads\/2025\/08\/1756365988_178_Ile-de-Trondheim-d39histoire-et-de-soleil-d39ete.jpg\" alt=\"Munkholmen Ferry naviguant sous le pont bas dans le port de Trondheim. Photo: David Nikel.\" class=\"wp-image-84686\"  ><\/noscript><\/figure>\n<p>L&#39;itin\u00e9raire hors du port de Trondheim vous donne une perspective merveilleuse sur la ville et l&#39;exp\u00e9rience de la navigation en dessous de ce pont bas. Attention \u00e0 votre t\u00eate!<\/p>\n<p>En quelques minutes seulement, la ville prend du retard et les murs en pierre grossi\u00e8re de l&#39;\u00eele apparaissent. Malgr\u00e9 la bri\u00e8vet\u00e9 du voyage, le changement d&#39;atmosph\u00e8re est frappant: laisser l&#39;agitation de la ville pour un endroit qui se sent \u00e0 la fois paisible et lourd de m\u00e9moire.<\/p>\n<figure class=\"wp-block-image size-large\"><img loading=\"lazy\" data-lazyloaded=\"1\" data-placeholder-resp=\"768x432\" decoding=\"async\" width=\"768\" height=\"432\" src=\"https:\/\/www.svalbard.fr\/actualites\/wp-content\/uploads\/2025\/08\/1756365989_920_Ile-de-Trondheim-d39histoire-et-de-soleil-d39ete.jpg\" alt=\"\u00c0 l&#39;int\u00e9rieur du ferry de Munkholmen. Photo: David Nikel.\" class=\"wp-image-84685\"  data-><noscript><img loading=\"lazy\" decoding=\"async\" width=\"768\" height=\"432\" src=\"https:\/\/www.svalbard.fr\/actualites\/wp-content\/uploads\/2025\/08\/1756365989_920_Ile-de-Trondheim-d39histoire-et-de-soleil-d39ete.jpg\" alt=\"\u00c0 l&#39;int\u00e9rieur du ferry de Munkholmen. Photo: David Nikel.\" class=\"wp-image-84685\"  ><\/noscript><\/figure>\n<p>Lors de ma visite en fin de saison, les foules d&#39;\u00e9t\u00e9 habituelles avaient disparu. Les familles avec des paniers de pique-nique avaient \u00e9t\u00e9 remplac\u00e9es par une poign\u00e9e de personnes profitant du soleil.<\/p>\n<p>C&#39;\u00e9tait l&#39;occasion id\u00e9ale de se promener lentement et de r\u00e9fl\u00e9chir sur l&#39;extraordinaire pass\u00e9 de l&#39;\u00eele, avec de la place \u00e0 perdre.<\/p>\n<h2 class=\"wp-block-heading\">Mille ans d&#39;histoire<\/h2>\n<p>Peu d&#39;endroits \u00e0 Trondheim portent autant d&#39;histoire en couches que Munkholmen. \u00c0 l&#39;\u00e8re viking, c&#39;\u00e9tait l&#39;endroit o\u00f9 Olav Tryggvason a plac\u00e9 les t\u00eates coup\u00e9es de ses ennemis vaincus, H\u00e5kon Jarl et son serviteur Kark, sur les poteaux comme avertissement aux autres.<\/p>\n<figure class=\"wp-block-image size-large\"><img loading=\"lazy\" data-lazyloaded=\"1\" data-placeholder-resp=\"768x432\" decoding=\"async\" width=\"768\" height=\"432\" src=\"https:\/\/www.svalbard.fr\/actualites\/wp-content\/uploads\/2025\/08\/1756365989_692_Ile-de-Trondheim-d39histoire-et-de-soleil-d39ete.jpg\" alt=\"\u00c0 l&#39;int\u00e9rieur de la tour ronde de Munkholmen. Photo: David Nikel.\" class=\"wp-image-84681\"  data-><noscript><img loading=\"lazy\" decoding=\"async\" width=\"768\" height=\"432\" src=\"https:\/\/www.svalbard.fr\/actualites\/wp-content\/uploads\/2025\/08\/1756365989_692_Ile-de-Trondheim-d39histoire-et-de-soleil-d39ete.jpg\" alt=\"\u00c0 l&#39;int\u00e9rieur de la tour ronde de Munkholmen. Photo: David Nikel.\" class=\"wp-image-84681\"  ><\/noscript><\/figure>\n<p>Au d\u00e9but du 11\u00e8me si\u00e8cle, l&#39;\u00eele est devenue l&#39;abbaye de Nidarholm, consid\u00e9r\u00e9e comme le plus ancien monast\u00e8re de la Norv\u00e8ge. Il est difficile de croire que cette petite \u00eele a jou\u00e9 un tel r\u00f4le dans l&#39;histoire de Trondheim et du pays.<\/p>\n<p>Les moines b\u00e9n\u00e9dictins n&#39;\u00e9taient pas seulement des hommes de pri\u00e8re: ils ont construit un empire \u00e9conomique florissant bas\u00e9 sur les terres agricoles, l&#39;exp\u00e9dition, le commerce et le brassage. Leur richesse et leur influence s&#39;\u00e9tendaient sur Tr\u00f8ndelag et en ce qui concerne l&#39;Angleterre et l&#39;Europe continentale.<\/p>\n<p>Des si\u00e8cles plus tard, la R\u00e9forme a mis fin \u00e0 la vie monastique. Les ruines de l&#39;abbaye ont \u00e9t\u00e9 pill\u00e9es pour que Stone construise une forteresse, qui a \u00e9t\u00e9 agrandie dans les ann\u00e9es 1600 en un bastion d\u00e9fensif.<\/p>\n<p>Pendant pr\u00e8s de deux d\u00e9cennies, l&#39;homme d&#39;\u00c9tat danois d\u00e9chu Peder Schumacher Griffenfeld a \u00e9t\u00e9 emprisonn\u00e9 ici, gagnant \u00e0 la forteresse la sinistre r\u00e9putation de prison d&#39;\u00c9tat.<\/p>\n<figure class=\"wp-block-image size-large\"><img loading=\"lazy\" data-lazyloaded=\"1\" data-placeholder-resp=\"768x432\" decoding=\"async\" width=\"768\" height=\"432\" src=\"https:\/\/www.svalbard.fr\/actualites\/wp-content\/uploads\/2025\/08\/1756365989_540_Ile-de-Trondheim-d39histoire-et-de-soleil-d39ete.jpg\" alt=\"Une salle souterraine \u00e0 la tour ronde de Munkholmen. Photo: David Nikel.\" class=\"wp-image-84682\"  data-><noscript><img loading=\"lazy\" decoding=\"async\" width=\"768\" height=\"432\" src=\"https:\/\/www.svalbard.fr\/actualites\/wp-content\/uploads\/2025\/08\/1756365989_540_Ile-de-Trondheim-d39histoire-et-de-soleil-d39ete.jpg\" alt=\"Une salle souterraine \u00e0 la tour ronde de Munkholmen. Photo: David Nikel.\" class=\"wp-image-84682\"  ><\/noscript><\/figure>\n<p>Mais ce n&#39;\u00e9tait pas tout. Pendant la Seconde Guerre mondiale, les forces allemandes ont stationn\u00e9 des armes antia\u00e9riennes sur l&#39;\u00eele pour garder leur base sous-marine \u00e0 Trondheim.<\/p>\n<h2 class=\"wp-block-heading\">Explorer l&#39;\u00eele aujourd&#39;hui<\/h2>\n<p>Aujourd&#39;hui, Munkholmen est une \u00e9vasion d&#39;\u00e9t\u00e9 pour les habitants et les visiteurs. Les murs de la forteresse restent intacts et les visites guid\u00e9es donnent vie \u00e0 l&#39;histoire lorsque vous entrez dans les casemates, les donjons et les magazines de poudre.<\/p>\n<p>Pour moi, debout dans les passages de pierres fra\u00eeches tout en entendant des histoires de moines, de prisonniers et de soldats a donn\u00e9 \u00e0 l&#39;\u00eele une nouvelle dimension au-del\u00e0 de son charme d&#39;\u00e9t\u00e9.<\/p>\n<figure class=\"wp-block-image size-large\"><img loading=\"lazy\" data-lazyloaded=\"1\" data-placeholder-resp=\"768x432\" decoding=\"async\" width=\"768\" height=\"432\" src=\"https:\/\/www.svalbard.fr\/actualites\/wp-content\/uploads\/2025\/08\/1756365989_977_Ile-de-Trondheim-d39histoire-et-de-soleil-d39ete.jpg\" alt=\"Groupe de visites arrivant sur Munkholmen. Photo: David Nikel.\" class=\"wp-image-84684\"  data-><noscript><img loading=\"lazy\" decoding=\"async\" width=\"768\" height=\"432\" src=\"https:\/\/www.svalbard.fr\/actualites\/wp-content\/uploads\/2025\/08\/1756365989_977_Ile-de-Trondheim-d39histoire-et-de-soleil-d39ete.jpg\" alt=\"Groupe de visites arrivant sur Munkholmen. Photo: David Nikel.\" class=\"wp-image-84684\"  ><\/noscript><\/figure>\n<p>\u00c0 l&#39;ext\u00e9rieur, les zones herbeuses sont parfaites pour les pique-niques, tandis qu&#39;une petite plage de sable du c\u00f4t\u00e9 sud est populaire aupr\u00e8s des familles les jours chauds. Les vues sont merveilleuses dans toutes les directions.<\/p>\n<p>Lors de ma visite, le caf\u00e9 servait toujours son plat de signature: une soupe de poisson maison copieuse, mieux appr\u00e9ci\u00e9e \u00e0 l&#39;ext\u00e9rieur avec une vue sur l&#39;eau jusqu&#39;\u00e0 l&#39;horizon de la ville.<\/p>\n<h2 class=\"wp-block-heading\">Un lieu de contrastes<\/h2>\n<p>C&#39;est la magie de Munkholmen: c&#39;est \u00e0 la fois un lieu de relaxation et de souvenir.<\/p>\n<figure class=\"wp-block-image size-large\"><img loading=\"lazy\" data-lazyloaded=\"1\" data-placeholder-resp=\"768x432\" decoding=\"async\" width=\"768\" height=\"432\" src=\"https:\/\/www.svalbard.fr\/actualites\/wp-content\/uploads\/2025\/08\/1756365990_101_Ile-de-Trondheim-d39histoire-et-de-soleil-d39ete.jpg\" alt=\"Plage \u00e0 Munkholmen. Photo: David Nikel.\" class=\"wp-image-84680\"  data-><noscript><img loading=\"lazy\" decoding=\"async\" width=\"768\" height=\"432\" src=\"https:\/\/www.svalbard.fr\/actualites\/wp-content\/uploads\/2025\/08\/1756365990_101_Ile-de-Trondheim-d39histoire-et-de-soleil-d39ete.jpg\" alt=\"Plage \u00e0 Munkholmen. Photo: David Nikel.\" class=\"wp-image-84680\"  ><\/noscript><\/figure>\n<p>Dans l&#39;espace d&#39;un apr\u00e8s-midi, vous pouvez nager dans le fjord, manger de la cr\u00e8me glac\u00e9e sur la pelouse et traverser des cellules de prison qui d\u00e9tenaient autrefois certains des hommes les plus puissants de Scandinavie.<\/p>\n<p>M\u00eame dix ans plus tard, j&#39;ai \u00e9t\u00e9 frapp\u00e9 par le peu de changements et \u00e0 quel point l&#39;exp\u00e9rience \u00e9tait intemporelle. La pierre, la mer et les histoires sont toujours l\u00e0, n&#39;attendant qu&#39;\u00e0 une courte promenade en bateau du c\u0153ur de Trondheim.<\/p>\n<h2 class=\"wp-block-heading\"><strong>Comment visiter Munkholmen<\/strong><\/h2>\n<p>Les ferries \u00e0 Munkholmen courent quotidiennement de la fin mai \u00e0 la fin ao\u00fbt, partant de Ravnkloa dans le centre-ville de Trondheim.<\/p>\n<p>Le voyage ne prend que dix minutes, avec des d\u00e9parts toutes les heures pendant la saison estivale, avec des autres en place au besoin. Il y a un calendrier r\u00e9duit le week-end en septembre. Les billets peuvent \u00eatre achet\u00e9s au quai.<\/p>\n<figure class=\"wp-block-image size-large\"><img loading=\"lazy\" data-lazyloaded=\"1\" data-placeholder-resp=\"768x432\" decoding=\"async\" width=\"768\" height=\"432\" src=\"https:\/\/www.svalbard.fr\/actualites\/wp-content\/uploads\/2025\/08\/1756365990_791_Ile-de-Trondheim-d39histoire-et-de-soleil-d39ete.jpg\" alt=\"\u00c0 l&#39;int\u00e9rieur du caf\u00e9 de Munkholmen, Trondheim. Photo: David Nikel.\" class=\"wp-image-84683\"  data-><noscript><img loading=\"lazy\" decoding=\"async\" width=\"768\" height=\"432\" src=\"https:\/\/www.svalbard.fr\/actualites\/wp-content\/uploads\/2025\/08\/1756365990_791_Ile-de-Trondheim-d39histoire-et-de-soleil-d39ete.jpg\" alt=\"\u00c0 l&#39;int\u00e9rieur du caf\u00e9 de Munkholmen, Trondheim. Photo: David Nikel.\" class=\"wp-image-84683\"  ><\/noscript><\/figure>\n<p>L&#39;\u00eele est petite, vous pouvez donc explorer facilement \u00e0 pied. L&#39;entr\u00e9e sur la forteresse et les visites guid\u00e9es sont des extras facultatifs disponibles une fois que vous arrivez, avec des visites offertes en norv\u00e9gien et en anglais.<\/p>\n<p>En 2025, les billets pour le voyage de retour en ferry ont co\u00fbt\u00e9 le NOK 125, avec un NOK 120 suppl\u00e9mentaire si vous voulez la visite guid\u00e9e.<\/p>\n<p>La nourriture et les boissons sont disponibles au caf\u00e9, qui est ouverte lorsque le bateau fonctionne. Sa soupe de poisson maison est la sp\u00e9cialit\u00e9 de la maison, mais des options plus l\u00e9g\u00e8res telles que des sandwichs, des salades et des glaces sont \u00e9galement disponibles. De nombreux habitants apportent leurs propres pique-niques et utilisent les grandes zones herbeuses.<\/p>\n<p>Apportez du mat\u00e9riel de natation si le temps est chaud (il y a une petite plage!) Mais n&#39;oubliez pas aussi une veste l\u00e9g\u00e8re, car la brise sur le fjord peut \u00eatre vive m\u00eame les jours ensoleill\u00e9s.<\/p>\n<\/p><\/div>\n","protected":false},"excerpt":{"rendered":"<p>Cette petite \u00eele juste au large des c\u00f4tes de Trondheim tient une histoire sombre. Voici ce qu&#39;il faut savoir sur l&#39;un des points de loisirs<\/p>\n","protected":false},"author":1,"featured_media":4926,"comment_status":"","ping_status":"","sticky":false,"template":"","format":"standard","meta":{"footnotes":""},"categories":[2277],"tags":[2011,1993,68,44,614],"yoast_head":"<!-- This site is optimized with the Yoast SEO plugin v21.0 - https:\/\/yoast.com\/wordpress\/plugins\/seo\/ -->\n<title>\u00cele de Trondheim d&#039;histoire et de soleil d&#039;\u00e9t\u00e9<\/title>\n<meta name=\"robots\" content=\"index, follow, max-snippet:-1, max-image-preview:large, max-video-preview:-1\" \/>\n<link rel=\"canonical\" href=\"https:\/\/www.svalbard.fr\/actualites\/ile-de-trondheim-dhistoire-et-de-soleil-dete\/\" \/>\n<meta property=\"og:locale\" content=\"fr_FR\" \/>\n<meta property=\"og:type\" content=\"article\" \/>\n<meta property=\"og:title\" content=\"\u00cele de Trondheim d&#039;histoire et de soleil d&#039;\u00e9t\u00e9\" \/>\n<meta property=\"og:description\" content=\"Cette petite \u00eele juste au large des c\u00f4tes de Trondheim tient une histoire sombre. Voici ce qu&#039;il faut savoir sur l&#039;un des points de loisirs\" \/>\n<meta property=\"og:url\" content=\"https:\/\/www.svalbard.fr\/actualites\/ile-de-trondheim-dhistoire-et-de-soleil-dete\/\" \/>\n<meta property=\"og:site_name\" content=\"www.Svalbard.fr\" \/>\n<meta property=\"article:published_time\" content=\"2025-08-28T07:26:30+00:00\" \/>\n<meta property=\"og:image\" content=\"https:\/\/www.svalbard.fr\/actualites\/wp-content\/uploads\/2025\/08\/Ile-de-Trondheim-d39histoire-et-de-soleil-d39ete.jpg\" \/>\n<meta name=\"author\" content=\"Hilmar\" \/>\n<meta name=\"twitter:card\" content=\"summary_large_image\" \/>\n<meta name=\"twitter:label1\" content=\"\u00c9crit par\" \/>\n\t<meta name=\"twitter:data1\" content=\"Hilmar\" \/>\n\t<meta name=\"twitter:label2\" content=\"Dur\u00e9e de lecture estim\u00e9e\" \/>\n\t<meta name=\"twitter:data2\" content=\"6 minutes\" \/>\n<script type=\"application\/ld+json\" class=\"yoast-schema-graph\">{\"@context\":\"https:\/\/schema.org\",\"@graph\":[{\"@type\":\"Article\",\"@id\":\"https:\/\/www.svalbard.fr\/actualites\/ile-de-trondheim-dhistoire-et-de-soleil-dete\/#article\",\"isPartOf\":{\"@id\":\"https:\/\/www.svalbard.fr\/actualites\/ile-de-trondheim-dhistoire-et-de-soleil-dete\/\"},\"author\":{\"name\":\"Hilmar\",\"@id\":\"https:\/\/www.svalbard.fr\/actualites\/#\/schema\/person\/a2f937d5712222366738fae98755c600\"},\"headline\":\"\u00cele de Trondheim d&#39;histoire et de soleil d&#39;\u00e9t\u00e9\",\"datePublished\":\"2025-08-28T07:26:30+00:00\",\"dateModified\":\"2025-08-28T07:26:30+00:00\",\"mainEntityOfPage\":{\"@id\":\"https:\/\/www.svalbard.fr\/actualites\/ile-de-trondheim-dhistoire-et-de-soleil-dete\/\"},\"wordCount\":1152,\"publisher\":{\"@id\":\"https:\/\/www.svalbard.fr\/actualites\/#organization\"},\"keywords\":[\"d39\u00e9t\u00e9\",\"d39histoire\",\"\u00eele\",\"soleil\",\"Trondheim\"],\"inLanguage\":\"fr-FR\"},{\"@type\":\"WebPage\",\"@id\":\"https:\/\/www.svalbard.fr\/actualites\/ile-de-trondheim-dhistoire-et-de-soleil-dete\/\",\"url\":\"https:\/\/www.svalbard.fr\/actualites\/ile-de-trondheim-dhistoire-et-de-soleil-dete\/\",\"name\":\"\u00cele de Trondheim d&#39;histoire et de soleil d&#39;\u00e9t\u00e9\",\"isPartOf\":{\"@id\":\"https:\/\/www.svalbard.fr\/actualites\/#website\"},\"datePublished\":\"2025-08-28T07:26:30+00:00\",\"dateModified\":\"2025-08-28T07:26:30+00:00\",\"breadcrumb\":{\"@id\":\"https:\/\/www.svalbard.fr\/actualites\/ile-de-trondheim-dhistoire-et-de-soleil-dete\/#breadcrumb\"},\"inLanguage\":\"fr-FR\",\"potentialAction\":[{\"@type\":\"ReadAction\",\"target\":[\"https:\/\/www.svalbard.fr\/actualites\/ile-de-trondheim-dhistoire-et-de-soleil-dete\/\"]}]},{\"@type\":\"BreadcrumbList\",\"@id\":\"https:\/\/www.svalbard.fr\/actualites\/ile-de-trondheim-dhistoire-et-de-soleil-dete\/#breadcrumb\",\"itemListElement\":[{\"@type\":\"ListItem\",\"position\":1,\"name\":\"Accueil\",\"item\":\"https:\/\/www.svalbard.fr\/actualites\/\"},{\"@type\":\"ListItem\",\"position\":2,\"name\":\"\u00cele de Trondheim d&#39;histoire et de soleil d&#39;\u00e9t\u00e9\"}]},{\"@type\":\"WebSite\",\"@id\":\"https:\/\/www.svalbard.fr\/actualites\/#website\",\"url\":\"https:\/\/www.svalbard.fr\/actualites\/\",\"name\":\"www.Svalbard.fr\",\"description\":\"\",\"publisher\":{\"@id\":\"https:\/\/www.svalbard.fr\/actualites\/#organization\"},\"potentialAction\":[{\"@type\":\"SearchAction\",\"target\":{\"@type\":\"EntryPoint\",\"urlTemplate\":\"https:\/\/www.svalbard.fr\/actualites\/?s={search_term_string}\"},\"query-input\":\"required name=search_term_string\"}],\"inLanguage\":\"fr-FR\"},{\"@type\":\"Organization\",\"@id\":\"https:\/\/www.svalbard.fr\/actualites\/#organization\",\"name\":\"www.Svalbard.fr\",\"url\":\"https:\/\/www.svalbard.fr\/actualites\/\",\"logo\":{\"@type\":\"ImageObject\",\"inLanguage\":\"fr-FR\",\"@id\":\"https:\/\/www.svalbard.fr\/actualites\/#\/schema\/logo\/image\/\",\"url\":\"https:\/\/www.svalbard.fr\/actualites\/wp-content\/uploads\/2023\/09\/head-nom.jpg\",\"contentUrl\":\"https:\/\/www.svalbard.fr\/actualites\/wp-content\/uploads\/2023\/09\/head-nom.jpg\",\"width\":264,\"height\":35,\"caption\":\"www.Svalbard.fr\"},\"image\":{\"@id\":\"https:\/\/www.svalbard.fr\/actualites\/#\/schema\/logo\/image\/\"}},{\"@type\":\"Person\",\"@id\":\"https:\/\/www.svalbard.fr\/actualites\/#\/schema\/person\/a2f937d5712222366738fae98755c600\",\"name\":\"Hilmar\",\"image\":{\"@type\":\"ImageObject\",\"inLanguage\":\"fr-FR\",\"@id\":\"https:\/\/www.svalbard.fr\/actualites\/#\/schema\/person\/image\/\",\"url\":\"https:\/\/secure.gravatar.com\/avatar\/4daa437093476dbc32da415c112b6512?s=96&d=mm&r=g\",\"contentUrl\":\"https:\/\/secure.gravatar.com\/avatar\/4daa437093476dbc32da415c112b6512?s=96&d=mm&r=g\",\"caption\":\"Hilmar\"},\"description\":\"Hilmar est un passionn\u00e9 des r\u00e9gions polaires, sp\u00e9cialis\u00e9 dans la r\u00e9daction d'articles sur le Spitzberg et autres destinations arctiques. Il apporte son expertise et sa passion pour l'Arctique au sein de l'\u00e9quipe de r\u00e9daction de Svalbard depuis de nombreuses ann\u00e9es.\",\"sameAs\":[\"https:\/\/www.svalbard.fr\/\"]}]}<\/script>\n<!-- \/ Yoast SEO plugin. -->","yoast_head_json":{"title":"\u00cele de Trondheim d&#39;histoire et de soleil d&#39;\u00e9t\u00e9","robots":{"index":"index","follow":"follow","max-snippet":"max-snippet:-1","max-image-preview":"max-image-preview:large","max-video-preview":"max-video-preview:-1"},"canonical":"https:\/\/www.svalbard.fr\/actualites\/ile-de-trondheim-dhistoire-et-de-soleil-dete\/","og_locale":"fr_FR","og_type":"article","og_title":"\u00cele de Trondheim d&#39;histoire et de soleil d&#39;\u00e9t\u00e9","og_description":"Cette petite \u00eele juste au large des c\u00f4tes de Trondheim tient une histoire sombre. Voici ce qu&#39;il faut savoir sur l&#39;un des points de loisirs","og_url":"https:\/\/www.svalbard.fr\/actualites\/ile-de-trondheim-dhistoire-et-de-soleil-dete\/","og_site_name":"www.Svalbard.fr","article_published_time":"2025-08-28T07:26:30+00:00","og_image":[{"url":"https:\/\/www.svalbard.fr\/actualites\/wp-content\/uploads\/2025\/08\/Ile-de-Trondheim-d39histoire-et-de-soleil-d39ete.jpg"}],"author":"Hilmar","twitter_card":"summary_large_image","twitter_misc":{"\u00c9crit par":"Hilmar","Dur\u00e9e de lecture estim\u00e9e":"6 minutes"},"schema":{"@context":"https:\/\/schema.org","@graph":[{"@type":"Article","@id":"https:\/\/www.svalbard.fr\/actualites\/ile-de-trondheim-dhistoire-et-de-soleil-dete\/#article","isPartOf":{"@id":"https:\/\/www.svalbard.fr\/actualites\/ile-de-trondheim-dhistoire-et-de-soleil-dete\/"},"author":{"name":"Hilmar","@id":"https:\/\/www.svalbard.fr\/actualites\/#\/schema\/person\/a2f937d5712222366738fae98755c600"},"headline":"\u00cele de Trondheim d&#39;histoire et de soleil d&#39;\u00e9t\u00e9","datePublished":"2025-08-28T07:26:30+00:00","dateModified":"2025-08-28T07:26:30+00:00","mainEntityOfPage":{"@id":"https:\/\/www.svalbard.fr\/actualites\/ile-de-trondheim-dhistoire-et-de-soleil-dete\/"},"wordCount":1152,"publisher":{"@id":"https:\/\/www.svalbard.fr\/actualites\/#organization"},"keywords":["d39\u00e9t\u00e9","d39histoire","\u00eele","soleil","Trondheim"],"inLanguage":"fr-FR"},{"@type":"WebPage","@id":"https:\/\/www.svalbard.fr\/actualites\/ile-de-trondheim-dhistoire-et-de-soleil-dete\/","url":"https:\/\/www.svalbard.fr\/actualites\/ile-de-trondheim-dhistoire-et-de-soleil-dete\/","name":"\u00cele de Trondheim d&#39;histoire et de soleil d&#39;\u00e9t\u00e9","isPartOf":{"@id":"https:\/\/www.svalbard.fr\/actualites\/#website"},"datePublished":"2025-08-28T07:26:30+00:00","dateModified":"2025-08-28T07:26:30+00:00","breadcrumb":{"@id":"https:\/\/www.svalbard.fr\/actualites\/ile-de-trondheim-dhistoire-et-de-soleil-dete\/#breadcrumb"},"inLanguage":"fr-FR","potentialAction":[{"@type":"ReadAction","target":["https:\/\/www.svalbard.fr\/actualites\/ile-de-trondheim-dhistoire-et-de-soleil-dete\/"]}]},{"@type":"BreadcrumbList","@id":"https:\/\/www.svalbard.fr\/actualites\/ile-de-trondheim-dhistoire-et-de-soleil-dete\/#breadcrumb","itemListElement":[{"@type":"ListItem","position":1,"name":"Accueil","item":"https:\/\/www.svalbard.fr\/actualites\/"},{"@type":"ListItem","position":2,"name":"\u00cele de Trondheim d&#39;histoire et de soleil d&#39;\u00e9t\u00e9"}]},{"@type":"WebSite","@id":"https:\/\/www.svalbard.fr\/actualites\/#website","url":"https:\/\/www.svalbard.fr\/actualites\/","name":"www.Svalbard.fr","description":"","publisher":{"@id":"https:\/\/www.svalbard.fr\/actualites\/#organization"},"potentialAction":[{"@type":"SearchAction","target":{"@type":"EntryPoint","urlTemplate":"https:\/\/www.svalbard.fr\/actualites\/?s={search_term_string}"},"query-input":"required name=search_term_string"}],"inLanguage":"fr-FR"},{"@type":"Organization","@id":"https:\/\/www.svalbard.fr\/actualites\/#organization","name":"www.Svalbard.fr","url":"https:\/\/www.svalbard.fr\/actualites\/","logo":{"@type":"ImageObject","inLanguage":"fr-FR","@id":"https:\/\/www.svalbard.fr\/actualites\/#\/schema\/logo\/image\/","url":"https:\/\/www.svalbard.fr\/actualites\/wp-content\/uploads\/2023\/09\/head-nom.jpg","contentUrl":"https:\/\/www.svalbard.fr\/actualites\/wp-content\/uploads\/2023\/09\/head-nom.jpg","width":264,"height":35,"caption":"www.Svalbard.fr"},"image":{"@id":"https:\/\/www.svalbard.fr\/actualites\/#\/schema\/logo\/image\/"}},{"@type":"Person","@id":"https:\/\/www.svalbard.fr\/actualites\/#\/schema\/person\/a2f937d5712222366738fae98755c600","name":"Hilmar","image":{"@type":"ImageObject","inLanguage":"fr-FR","@id":"https:\/\/www.svalbard.fr\/actualites\/#\/schema\/person\/image\/","url":"https:\/\/secure.gravatar.com\/avatar\/4daa437093476dbc32da415c112b6512?s=96&d=mm&r=g","contentUrl":"https:\/\/secure.gravatar.com\/avatar\/4daa437093476dbc32da415c112b6512?s=96&d=mm&r=g","caption":"Hilmar"},"description":"Hilmar est un passionn\u00e9 des r\u00e9gions polaires, sp\u00e9cialis\u00e9 dans la r\u00e9daction d'articles sur le Spitzberg et autres destinations arctiques. Il apporte son expertise et sa passion pour l'Arctique au sein de l'\u00e9quipe de r\u00e9daction de Svalbard depuis de nombreuses ann\u00e9es.","sameAs":["https:\/\/www.svalbard.fr\/"]}]}},"_links":{"self":[{"href":"https:\/\/www.svalbard.fr\/actualites\/wp-json\/wp\/v2\/posts\/4925"}],"collection":[{"href":"https:\/\/www.svalbard.fr\/actualites\/wp-json\/wp\/v2\/posts"}],"about":[{"href":"https:\/\/www.svalbard.fr\/actualites\/wp-json\/wp\/v2\/types\/post"}],"author":[{"embeddable":true,"href":"https:\/\/www.svalbard.fr\/actualites\/wp-json\/wp\/v2\/users\/1"}],"replies":[{"embeddable":true,"href":"https:\/\/www.svalbard.fr\/actualites\/wp-json\/wp\/v2\/comments?post=4925"}],"version-history":[{"count":0,"href":"https:\/\/www.svalbard.fr\/actualites\/wp-json\/wp\/v2\/posts\/4925\/revisions"}],"wp:featuredmedia":[{"embeddable":true,"href":"https:\/\/www.svalbard.fr\/actualites\/wp-json\/wp\/v2\/media\/4926"}],"wp:attachment":[{"href":"https:\/\/www.svalbard.fr\/actualites\/wp-json\/wp\/v2\/media?parent=4925"}],"wp:term":[{"taxonomy":"category","embeddable":true,"href":"https:\/\/www.svalbard.fr\/actualites\/wp-json\/wp\/v2\/categories?post=4925"},{"taxonomy":"post_tag","embeddable":true,"href":"https:\/\/www.svalbard.fr\/actualites\/wp-json\/wp\/v2\/tags?post=4925"}],"curies":[{"name":"wp","href":"https:\/\/api.w.org\/{rel}","templated":true}]}}