{"id":4927,"date":"2025-08-29T09:00:49","date_gmt":"2025-08-29T07:00:49","guid":{"rendered":"https:\/\/www.svalbard.fr\/actualites\/la-ligue-des-champions-de-luefa-arrive-en-norvege-en-arctique\/"},"modified":"2025-08-29T09:00:49","modified_gmt":"2025-08-29T07:00:49","slug":"la-ligue-des-champions-de-luefa-arrive-en-norvege-en-arctique","status":"publish","type":"post","link":"https:\/\/www.svalbard.fr\/actualites\/la-ligue-des-champions-de-luefa-arrive-en-norvege-en-arctique\/","title":{"rendered":"La Ligue des champions de l&#39;UEFA arrive en Norv\u00e8ge en Arctique"},"content":{"rendered":"<div itemprop=\"text\">\n\t\t\t<span id=\"dpsp-post-content-markup\" data-image-pin-it=\"false\"><\/span><\/p>\n<p class=\"intro\">La Norv\u00e8ge Bod\u00f8 \/ Glimt s&#39;est qualifi\u00e9e pour la phase de groupes de la Ligue des champions et devrait accueillir certains des plus grands clubs europ\u00e9ens dans l&#39;Arctique norv\u00e9gien.<\/p>\n<p>Cela fait 18 ans qu&#39;un club norv\u00e9gien a jou\u00e9 pour la derni\u00e8re fois au plus haut niveau de football europ\u00e9en. D\u00e9sormais, une \u00e9quipe de petite ville continuera son conte de f\u00e9es en rivalisant avec les meilleurs de l&#39;Europe.<\/p>\n<figure class=\"wp-block-image size-large\"><img data-lazyloaded=\"1\" data-placeholder-resp=\"768x432\" fetchpriority=\"high\" decoding=\"async\" width=\"768\" height=\"432\" src=\"https:\/\/www.svalbard.fr\/actualites\/wp-content\/uploads\/2025\/08\/La-Ligue-des-champions-de-l39UEFA-arrive-en-Norvege-en.jpg\" alt=\"Horizon de Bod\u00f8 en hiver. Photo: Artem Nedoluzhko \/ Shutterstock.com.\" class=\"wp-image-84706\"  data-><noscript><img fetchpriority=\"high\" decoding=\"async\" width=\"768\" height=\"432\" src=\"https:\/\/www.svalbard.fr\/actualites\/wp-content\/uploads\/2025\/08\/La-Ligue-des-champions-de-l39UEFA-arrive-en-Norvege-en.jpg\" alt=\"Horizon de Bod\u00f8 en hiver. Photo: Artem Nedoluzhko \/ Shutterstock.com.\" class=\"wp-image-84706\"  ><\/noscript><\/figure>\n<p>Malgr\u00e9 une d\u00e9faite 2-1 en Autriche, la d\u00e9filation 5-0 de Glimt des adversaires des \u00e9liminatoires Sturm Graz lors du match aller \u00e0 Bod\u00f8 a \u00e9t\u00e9 suffisante pour obtenir une place dans la plus grande comp\u00e9tition de clubs du football.<\/p>\n<p>Le tirage ou la phase de groupes, tenu \u00e0 Monaco, a remis \u00e0 Glimt un calendrier \u00e0 succ\u00e8s.<\/p>\n<p>Manchester City d&#39;Erling Braut Haaland visitera Bod\u00f8, tandis que les champions norv\u00e9giens affronteront \u00e9galement la Juventus, Tottenham Hotspur, Monaco, Borussia Dortmund, Atl\u00e9tico Madrid, Slavia Praha et Galatasaray.<\/p>\n<p>Cela signifie quatre luminaires massifs pour le jaune et le noir dans leur stade Aspmyra intime, qui contient moins de 9 000 fans. En plus de Manchester City, de la Juventus, de Tottenham Hotspur et de Monaco visitera tous Bod\u00f8.<\/p>\n<p>La ville de Pep Guardiola et le retour de Haaland en Norv\u00e8ge devraient \u00eatre la plus grande occasion sportive de l&#39;histoire de la ville.<\/p>\n<h2 class=\"wp-block-heading\">R\u00e9ponse positive au tirage<\/h2>\n<p>L&#39;entra\u00eeneur adjoint Aasmund Bj\u00f8rkan a qualifi\u00e9 le tirage de \u00abcompl\u00e8tement sauvage\u00bb et une occasion de r\u00eave pour le club et ses fans. \u00abNous pouvons nous tester au plus haut niveau de football mondial. Erling a d\u00e9j\u00e0 \u00e9t\u00e9 ici, et maintenant il revient avec Manchester City. Ce sera un match sp\u00e9cial\u00bb, dit-il.<\/p>\n<p>Les joueurs \u00e9taient \u00e9galement excit\u00e9s, m\u00eame en reconnaissant le d\u00e9fi. Le milieu de terrain H\u00e5kon Evjen a d\u00e9clar\u00e9 que Dortmund Away serait \u00abfou\u00bb en raison de la c\u00e9l\u00e8bre atmosph\u00e8re Signal Iduna Park, alors qu&#39;il a \u00e9galement mis en \u00e9vidence la possibilit\u00e9 de prendre Tottenham \u00e0 domicile, un an seulement apr\u00e8s avoir affront\u00e9 le c\u00f4t\u00e9 de Londres dans la Ligue Europa.<\/p>\n<figure class=\"wp-block-image size-large\"><img loading=\"lazy\" data-lazyloaded=\"1\" data-placeholder-resp=\"768x576\" decoding=\"async\" width=\"768\" height=\"576\" src=\"https:\/\/www.svalbard.fr\/actualites\/wp-content\/uploads\/2025\/08\/La-Ligue-des-champions-de-l39UEFA-arrive-en-Norvege-en.webp.webp\" alt=\"Bod\u00f8 \/ Glimt&#39;s Aspmyra Stadium \u00e0 Bod\u00f8. Photo: David Nikel.\" class=\"wp-image-69470\"  data-><noscript><img loading=\"lazy\" decoding=\"async\" width=\"768\" height=\"576\" src=\"https:\/\/www.svalbard.fr\/actualites\/wp-content\/uploads\/2025\/08\/La-Ligue-des-champions-de-l39UEFA-arrive-en-Norvege-en.webp.webp\" alt=\"Bod\u00f8 \/ Glimt&#39;s Aspmyra Stadium \u00e0 Bod\u00f8. Photo: David Nikel.\" class=\"wp-image-69470\"  ><\/noscript><\/figure>\n<p>\u00ab\u00a0Ce sont des souvenirs pour la vie. Bien s\u00fbr, nous esp\u00e9rons que nous pourrons surprendre et bien performer dans des contextes aussi incroyables\u00a0\u00bb, a d\u00e9clar\u00e9 Evjen. Jens Petter Hauge \u00e9tait \u00e9galement ravi, l&#39;appelant un \u00abtirage fantastique\u00bb avec \u00ables types de nuits dont nous r\u00eavons\u00bb.<\/p>\n<h2 class=\"wp-block-heading\">Le nouveau format de la Ligue des champions<\/h2>\n<p>Le tournoi de cette ann\u00e9e implique la phase \u00e9largie de la ligue de la Ligue des champions. Trente-six \u00e9quipes joueront huit matchs chacun contre des adversaires de diff\u00e9rents pots de semis.<\/p>\n<p>Les huit premiers progressent directement aux seize derniers, tandis que les \u00e9quipes se sont class\u00e9es neuvi\u00e8me \u00e0 vingt-quatri\u00e8me dans un tour en s\u00e9ries \u00e9liminatoires.<\/p>\n<p>Pour Glimt, simplement atteindre ce stade est d\u00e9j\u00e0 un \u00e9norme succ\u00e8s. En se qualifiant via une victoire en s\u00e9ries \u00e9liminatoires contre Sturm Graz d&#39;Autriche, ils ont obtenu plus de 348 millions de NOK en prix et en difficult\u00e9.<\/p>\n<p>Chaque victoire de la sc\u00e8ne de la ligue ajouterait un autre NOK 24,7 millions, avec 8,8 millions de NOK attribu\u00e9e pour un match nul.<\/p>\n<h2 class=\"wp-block-heading\">Une ligue One Club?<\/h2>\n<p>Mais ce niveau de prix a laiss\u00e9 des questions si le conte de f\u00e9es de Glimt sera bon pour le football norv\u00e9gien en g\u00e9n\u00e9ral.<\/p>\n<p>Viking fait partie des clubs pour se demander si les revenus raffin\u00e9s de Glimt m\u00e8neront \u00e0 un d\u00e9s\u00e9quilibre comp\u00e9titif dans le jeu domestique. Les fans d&#39;autres clubs ont \u00e9galement \u00e9t\u00e9 vocaux dans leurs frustrations face \u00e0 l&#39;argent qui affluent dans l&#39;Arctique Norv\u00e8ge.<\/p>\n<p>Mais les gestionnaires de nombreuses \u00e9quipes Eliteserien ont d\u00e9clar\u00e9 \u00e0 NRK qu&#39;ils pensaient que le succ\u00e8s de Glimt et les revenus ult\u00e9rieurs seraient \u00abmotivants\u00bb pour les autres clubs.<\/p>\n<h2 class=\"wp-block-heading\">De Bod\u00f8 \u00e0 l&#39;Europe<\/h2>\n<p>Fond\u00e9e en 1916, Bod\u00f8 \/ Glimt est pass\u00e9 de l&#39;obscurit\u00e9 pour devenir la force dominante du football norv\u00e9gien ces derni\u00e8res ann\u00e9es, affirmant quatre titres Eliteserien depuis 2020.<\/p>\n<p>Leur style qui attaquant le style de haut niveau sous l&#39;entra\u00eeneur Kjetil Knutsen a gagn\u00e9 l&#39;admiration \u00e0 travers l&#39;Europe, et des victoires c\u00e9l\u00e8bres contre des Roms dans les comp\u00e9titions europ\u00e9ennes pr\u00e9c\u00e9dentes les ont fermement mis sur la carte.<\/p>\n<p>Mais c&#39;est un nouveau niveau. Peu s&#39;attendent \u00e0 ce que Glimt se qualifie pour les tours \u00e0 \u00e9limination directe, mais la perspective d&#39;accueillir certaines des plus grandes stars du football \u00e0 Bod\u00f8 est d\u00e9j\u00e0 salu\u00e9e comme une victoire en soi.<\/p>\n<p>Le commentateur de TV 2 Simen Stams\u00f8-M\u00f8ller l&#39;a r\u00e9sum\u00e9: \u00abC&#39;est un tirage incroyablement difficile, sans aucun doute. Mais pour Bod\u00f8, c&#39;est aussi un conte de f\u00e9es. Haaland et Manchester City \u00e0 Aspmyra. Qu&#39;est-ce qui pourrait \u00eatre plus grand?\u00bb<\/p>\n<p>L&#39;aventure commence \u00e0 la mi-septembre, lorsque l&#39;hymne de la Ligue des champions sonnera sous le ciel arctique.<\/p>\n<\/p><\/div>\n","protected":false},"excerpt":{"rendered":"<p>La Norv\u00e8ge Bod\u00f8 \/ Glimt s&#39;est qualifi\u00e9e pour la phase de groupes de la Ligue des champions et devrait accueillir certains des plus grands clubs<\/p>\n","protected":false},"author":1,"featured_media":4928,"comment_status":"","ping_status":"","sticky":false,"template":"","format":"standard","meta":{"footnotes":""},"categories":[2277],"tags":[30,5053,1283,8,5051,1282,6],"yoast_head":"<!-- This site is optimized with the Yoast SEO plugin v21.0 - https:\/\/yoast.com\/wordpress\/plugins\/seo\/ -->\n<title>La Ligue des champions de l&#039;UEFA arrive en Norv\u00e8ge en Arctique<\/title>\n<meta name=\"robots\" content=\"index, follow, max-snippet:-1, max-image-preview:large, max-video-preview:-1\" \/>\n<link rel=\"canonical\" href=\"https:\/\/www.svalbard.fr\/actualites\/la-ligue-des-champions-de-luefa-arrive-en-norvege-en-arctique\/\" \/>\n<meta property=\"og:locale\" content=\"fr_FR\" \/>\n<meta property=\"og:type\" content=\"article\" \/>\n<meta property=\"og:title\" content=\"La Ligue des champions de l&#039;UEFA arrive en Norv\u00e8ge en Arctique\" \/>\n<meta property=\"og:description\" content=\"La Norv\u00e8ge Bod\u00f8 \/ Glimt s&#039;est qualifi\u00e9e pour la phase de groupes de la Ligue des champions et devrait accueillir certains des plus grands clubs\" \/>\n<meta property=\"og:url\" content=\"https:\/\/www.svalbard.fr\/actualites\/la-ligue-des-champions-de-luefa-arrive-en-norvege-en-arctique\/\" \/>\n<meta property=\"og:site_name\" content=\"www.Svalbard.fr\" \/>\n<meta property=\"article:published_time\" content=\"2025-08-29T07:00:49+00:00\" \/>\n<meta property=\"og:image\" content=\"https:\/\/www.svalbard.fr\/actualites\/wp-content\/uploads\/2025\/08\/La-Ligue-des-champions-de-l39UEFA-arrive-en-Norvege-en.jpg\" \/>\n<meta name=\"author\" content=\"Hilmar\" \/>\n<meta name=\"twitter:card\" content=\"summary_large_image\" \/>\n<meta name=\"twitter:label1\" content=\"\u00c9crit par\" \/>\n\t<meta name=\"twitter:data1\" content=\"Hilmar\" \/>\n\t<meta name=\"twitter:label2\" content=\"Dur\u00e9e de lecture estim\u00e9e\" \/>\n\t<meta name=\"twitter:data2\" content=\"4 minutes\" \/>\n<script type=\"application\/ld+json\" class=\"yoast-schema-graph\">{\"@context\":\"https:\/\/schema.org\",\"@graph\":[{\"@type\":\"Article\",\"@id\":\"https:\/\/www.svalbard.fr\/actualites\/la-ligue-des-champions-de-luefa-arrive-en-norvege-en-arctique\/#article\",\"isPartOf\":{\"@id\":\"https:\/\/www.svalbard.fr\/actualites\/la-ligue-des-champions-de-luefa-arrive-en-norvege-en-arctique\/\"},\"author\":{\"name\":\"Hilmar\",\"@id\":\"https:\/\/www.svalbard.fr\/actualites\/#\/schema\/person\/a2f937d5712222366738fae98755c600\"},\"headline\":\"La Ligue des champions de l&#39;UEFA arrive en Norv\u00e8ge en Arctique\",\"datePublished\":\"2025-08-29T07:00:49+00:00\",\"dateModified\":\"2025-08-29T07:00:49+00:00\",\"mainEntityOfPage\":{\"@id\":\"https:\/\/www.svalbard.fr\/actualites\/la-ligue-des-champions-de-luefa-arrive-en-norvege-en-arctique\/\"},\"wordCount\":853,\"publisher\":{\"@id\":\"https:\/\/www.svalbard.fr\/actualites\/#organization\"},\"keywords\":[\"arctique\",\"arrive\",\"champions\",\"des\",\"l39UEFA\",\"Ligue\",\"Norv\u00e8ge\"],\"inLanguage\":\"fr-FR\"},{\"@type\":\"WebPage\",\"@id\":\"https:\/\/www.svalbard.fr\/actualites\/la-ligue-des-champions-de-luefa-arrive-en-norvege-en-arctique\/\",\"url\":\"https:\/\/www.svalbard.fr\/actualites\/la-ligue-des-champions-de-luefa-arrive-en-norvege-en-arctique\/\",\"name\":\"La Ligue des champions de l&#39;UEFA arrive en Norv\u00e8ge en Arctique\",\"isPartOf\":{\"@id\":\"https:\/\/www.svalbard.fr\/actualites\/#website\"},\"datePublished\":\"2025-08-29T07:00:49+00:00\",\"dateModified\":\"2025-08-29T07:00:49+00:00\",\"breadcrumb\":{\"@id\":\"https:\/\/www.svalbard.fr\/actualites\/la-ligue-des-champions-de-luefa-arrive-en-norvege-en-arctique\/#breadcrumb\"},\"inLanguage\":\"fr-FR\",\"potentialAction\":[{\"@type\":\"ReadAction\",\"target\":[\"https:\/\/www.svalbard.fr\/actualites\/la-ligue-des-champions-de-luefa-arrive-en-norvege-en-arctique\/\"]}]},{\"@type\":\"BreadcrumbList\",\"@id\":\"https:\/\/www.svalbard.fr\/actualites\/la-ligue-des-champions-de-luefa-arrive-en-norvege-en-arctique\/#breadcrumb\",\"itemListElement\":[{\"@type\":\"ListItem\",\"position\":1,\"name\":\"Accueil\",\"item\":\"https:\/\/www.svalbard.fr\/actualites\/\"},{\"@type\":\"ListItem\",\"position\":2,\"name\":\"La Ligue des champions de l&#39;UEFA arrive en Norv\u00e8ge en Arctique\"}]},{\"@type\":\"WebSite\",\"@id\":\"https:\/\/www.svalbard.fr\/actualites\/#website\",\"url\":\"https:\/\/www.svalbard.fr\/actualites\/\",\"name\":\"www.Svalbard.fr\",\"description\":\"\",\"publisher\":{\"@id\":\"https:\/\/www.svalbard.fr\/actualites\/#organization\"},\"potentialAction\":[{\"@type\":\"SearchAction\",\"target\":{\"@type\":\"EntryPoint\",\"urlTemplate\":\"https:\/\/www.svalbard.fr\/actualites\/?s={search_term_string}\"},\"query-input\":\"required name=search_term_string\"}],\"inLanguage\":\"fr-FR\"},{\"@type\":\"Organization\",\"@id\":\"https:\/\/www.svalbard.fr\/actualites\/#organization\",\"name\":\"www.Svalbard.fr\",\"url\":\"https:\/\/www.svalbard.fr\/actualites\/\",\"logo\":{\"@type\":\"ImageObject\",\"inLanguage\":\"fr-FR\",\"@id\":\"https:\/\/www.svalbard.fr\/actualites\/#\/schema\/logo\/image\/\",\"url\":\"https:\/\/www.svalbard.fr\/actualites\/wp-content\/uploads\/2023\/09\/head-nom.jpg\",\"contentUrl\":\"https:\/\/www.svalbard.fr\/actualites\/wp-content\/uploads\/2023\/09\/head-nom.jpg\",\"width\":264,\"height\":35,\"caption\":\"www.Svalbard.fr\"},\"image\":{\"@id\":\"https:\/\/www.svalbard.fr\/actualites\/#\/schema\/logo\/image\/\"}},{\"@type\":\"Person\",\"@id\":\"https:\/\/www.svalbard.fr\/actualites\/#\/schema\/person\/a2f937d5712222366738fae98755c600\",\"name\":\"Hilmar\",\"image\":{\"@type\":\"ImageObject\",\"inLanguage\":\"fr-FR\",\"@id\":\"https:\/\/www.svalbard.fr\/actualites\/#\/schema\/person\/image\/\",\"url\":\"https:\/\/secure.gravatar.com\/avatar\/4daa437093476dbc32da415c112b6512?s=96&d=mm&r=g\",\"contentUrl\":\"https:\/\/secure.gravatar.com\/avatar\/4daa437093476dbc32da415c112b6512?s=96&d=mm&r=g\",\"caption\":\"Hilmar\"},\"description\":\"Hilmar est un passionn\u00e9 des r\u00e9gions polaires, sp\u00e9cialis\u00e9 dans la r\u00e9daction d'articles sur le Spitzberg et autres destinations arctiques. Il apporte son expertise et sa passion pour l'Arctique au sein de l'\u00e9quipe de r\u00e9daction de Svalbard depuis de nombreuses ann\u00e9es.\",\"sameAs\":[\"https:\/\/www.svalbard.fr\/\"]}]}<\/script>\n<!-- \/ Yoast SEO plugin. -->","yoast_head_json":{"title":"La Ligue des champions de l&#39;UEFA arrive en Norv\u00e8ge en Arctique","robots":{"index":"index","follow":"follow","max-snippet":"max-snippet:-1","max-image-preview":"max-image-preview:large","max-video-preview":"max-video-preview:-1"},"canonical":"https:\/\/www.svalbard.fr\/actualites\/la-ligue-des-champions-de-luefa-arrive-en-norvege-en-arctique\/","og_locale":"fr_FR","og_type":"article","og_title":"La Ligue des champions de l&#39;UEFA arrive en Norv\u00e8ge en Arctique","og_description":"La Norv\u00e8ge Bod\u00f8 \/ Glimt s&#39;est qualifi\u00e9e pour la phase de groupes de la Ligue des champions et devrait accueillir certains des plus grands clubs","og_url":"https:\/\/www.svalbard.fr\/actualites\/la-ligue-des-champions-de-luefa-arrive-en-norvege-en-arctique\/","og_site_name":"www.Svalbard.fr","article_published_time":"2025-08-29T07:00:49+00:00","og_image":[{"url":"https:\/\/www.svalbard.fr\/actualites\/wp-content\/uploads\/2025\/08\/La-Ligue-des-champions-de-l39UEFA-arrive-en-Norvege-en.jpg"}],"author":"Hilmar","twitter_card":"summary_large_image","twitter_misc":{"\u00c9crit par":"Hilmar","Dur\u00e9e de lecture estim\u00e9e":"4 minutes"},"schema":{"@context":"https:\/\/schema.org","@graph":[{"@type":"Article","@id":"https:\/\/www.svalbard.fr\/actualites\/la-ligue-des-champions-de-luefa-arrive-en-norvege-en-arctique\/#article","isPartOf":{"@id":"https:\/\/www.svalbard.fr\/actualites\/la-ligue-des-champions-de-luefa-arrive-en-norvege-en-arctique\/"},"author":{"name":"Hilmar","@id":"https:\/\/www.svalbard.fr\/actualites\/#\/schema\/person\/a2f937d5712222366738fae98755c600"},"headline":"La Ligue des champions de l&#39;UEFA arrive en Norv\u00e8ge en Arctique","datePublished":"2025-08-29T07:00:49+00:00","dateModified":"2025-08-29T07:00:49+00:00","mainEntityOfPage":{"@id":"https:\/\/www.svalbard.fr\/actualites\/la-ligue-des-champions-de-luefa-arrive-en-norvege-en-arctique\/"},"wordCount":853,"publisher":{"@id":"https:\/\/www.svalbard.fr\/actualites\/#organization"},"keywords":["arctique","arrive","champions","des","l39UEFA","Ligue","Norv\u00e8ge"],"inLanguage":"fr-FR"},{"@type":"WebPage","@id":"https:\/\/www.svalbard.fr\/actualites\/la-ligue-des-champions-de-luefa-arrive-en-norvege-en-arctique\/","url":"https:\/\/www.svalbard.fr\/actualites\/la-ligue-des-champions-de-luefa-arrive-en-norvege-en-arctique\/","name":"La Ligue des champions de l&#39;UEFA arrive en Norv\u00e8ge en Arctique","isPartOf":{"@id":"https:\/\/www.svalbard.fr\/actualites\/#website"},"datePublished":"2025-08-29T07:00:49+00:00","dateModified":"2025-08-29T07:00:49+00:00","breadcrumb":{"@id":"https:\/\/www.svalbard.fr\/actualites\/la-ligue-des-champions-de-luefa-arrive-en-norvege-en-arctique\/#breadcrumb"},"inLanguage":"fr-FR","potentialAction":[{"@type":"ReadAction","target":["https:\/\/www.svalbard.fr\/actualites\/la-ligue-des-champions-de-luefa-arrive-en-norvege-en-arctique\/"]}]},{"@type":"BreadcrumbList","@id":"https:\/\/www.svalbard.fr\/actualites\/la-ligue-des-champions-de-luefa-arrive-en-norvege-en-arctique\/#breadcrumb","itemListElement":[{"@type":"ListItem","position":1,"name":"Accueil","item":"https:\/\/www.svalbard.fr\/actualites\/"},{"@type":"ListItem","position":2,"name":"La Ligue des champions de l&#39;UEFA arrive en Norv\u00e8ge en Arctique"}]},{"@type":"WebSite","@id":"https:\/\/www.svalbard.fr\/actualites\/#website","url":"https:\/\/www.svalbard.fr\/actualites\/","name":"www.Svalbard.fr","description":"","publisher":{"@id":"https:\/\/www.svalbard.fr\/actualites\/#organization"},"potentialAction":[{"@type":"SearchAction","target":{"@type":"EntryPoint","urlTemplate":"https:\/\/www.svalbard.fr\/actualites\/?s={search_term_string}"},"query-input":"required name=search_term_string"}],"inLanguage":"fr-FR"},{"@type":"Organization","@id":"https:\/\/www.svalbard.fr\/actualites\/#organization","name":"www.Svalbard.fr","url":"https:\/\/www.svalbard.fr\/actualites\/","logo":{"@type":"ImageObject","inLanguage":"fr-FR","@id":"https:\/\/www.svalbard.fr\/actualites\/#\/schema\/logo\/image\/","url":"https:\/\/www.svalbard.fr\/actualites\/wp-content\/uploads\/2023\/09\/head-nom.jpg","contentUrl":"https:\/\/www.svalbard.fr\/actualites\/wp-content\/uploads\/2023\/09\/head-nom.jpg","width":264,"height":35,"caption":"www.Svalbard.fr"},"image":{"@id":"https:\/\/www.svalbard.fr\/actualites\/#\/schema\/logo\/image\/"}},{"@type":"Person","@id":"https:\/\/www.svalbard.fr\/actualites\/#\/schema\/person\/a2f937d5712222366738fae98755c600","name":"Hilmar","image":{"@type":"ImageObject","inLanguage":"fr-FR","@id":"https:\/\/www.svalbard.fr\/actualites\/#\/schema\/person\/image\/","url":"https:\/\/secure.gravatar.com\/avatar\/4daa437093476dbc32da415c112b6512?s=96&d=mm&r=g","contentUrl":"https:\/\/secure.gravatar.com\/avatar\/4daa437093476dbc32da415c112b6512?s=96&d=mm&r=g","caption":"Hilmar"},"description":"Hilmar est un passionn\u00e9 des r\u00e9gions polaires, sp\u00e9cialis\u00e9 dans la r\u00e9daction d'articles sur le Spitzberg et autres destinations arctiques. Il apporte son expertise et sa passion pour l'Arctique au sein de l'\u00e9quipe de r\u00e9daction de Svalbard depuis de nombreuses ann\u00e9es.","sameAs":["https:\/\/www.svalbard.fr\/"]}]}},"_links":{"self":[{"href":"https:\/\/www.svalbard.fr\/actualites\/wp-json\/wp\/v2\/posts\/4927"}],"collection":[{"href":"https:\/\/www.svalbard.fr\/actualites\/wp-json\/wp\/v2\/posts"}],"about":[{"href":"https:\/\/www.svalbard.fr\/actualites\/wp-json\/wp\/v2\/types\/post"}],"author":[{"embeddable":true,"href":"https:\/\/www.svalbard.fr\/actualites\/wp-json\/wp\/v2\/users\/1"}],"replies":[{"embeddable":true,"href":"https:\/\/www.svalbard.fr\/actualites\/wp-json\/wp\/v2\/comments?post=4927"}],"version-history":[{"count":0,"href":"https:\/\/www.svalbard.fr\/actualites\/wp-json\/wp\/v2\/posts\/4927\/revisions"}],"wp:featuredmedia":[{"embeddable":true,"href":"https:\/\/www.svalbard.fr\/actualites\/wp-json\/wp\/v2\/media\/4928"}],"wp:attachment":[{"href":"https:\/\/www.svalbard.fr\/actualites\/wp-json\/wp\/v2\/media?parent=4927"}],"wp:term":[{"taxonomy":"category","embeddable":true,"href":"https:\/\/www.svalbard.fr\/actualites\/wp-json\/wp\/v2\/categories?post=4927"},{"taxonomy":"post_tag","embeddable":true,"href":"https:\/\/www.svalbard.fr\/actualites\/wp-json\/wp\/v2\/tags?post=4927"}],"curies":[{"name":"wp","href":"https:\/\/api.w.org\/{rel}","templated":true}]}}