{"id":4957,"date":"2025-09-08T22:02:36","date_gmt":"2025-09-08T20:02:36","guid":{"rendered":"https:\/\/www.svalbard.fr\/actualites\/elections-de-la-norvege-2025-les-votes-precoces-montrent-la-majorite-du-rouge-vert\/"},"modified":"2025-09-08T22:02:36","modified_gmt":"2025-09-08T20:02:36","slug":"elections-de-la-norvege-2025-les-votes-precoces-montrent-la-majorite-du-rouge-vert","status":"publish","type":"post","link":"https:\/\/www.svalbard.fr\/actualites\/elections-de-la-norvege-2025-les-votes-precoces-montrent-la-majorite-du-rouge-vert\/","title":{"rendered":"\u00c9lections de la Norv\u00e8ge 2025: Les votes pr\u00e9coces montrent la majorit\u00e9 du rouge-vert"},"content":{"rendered":"<div itemprop=\"text\">\n\t\t\t<span id=\"dpsp-post-content-markup\" data-image-pin-it=\"false\"><\/span><\/p>\n<p class=\"intro\">La Norv\u00e8ge a vot\u00e9 et les premi\u00e8res indications montrent que Jonas Gahr St\u00f8re pourrait rester Premier ministre de Norv\u00e8ge en direction d&#39;une coalition de gauche. Voici les derni\u00e8res nouvelles.<\/p>\n<p>Une grande joie a sonn\u00e9 lors du rassemblement du Parti travailliste \u00e0 Oslo alors que les premiers r\u00e9sultats ont \u00e9t\u00e9 annonc\u00e9s lors des \u00e9lections l\u00e9gislatives en Norv\u00e8ge en 2025. Selon les chiffres \u00e0 l&#39;heure actuelle, les quatre parties au centre et \u00e0 la droite n&#39;auraient pas assez de si\u00e8ges pour commander une majorit\u00e9.<\/p>\n<figure class=\"wp-block-image size-large\"><img data-lazyloaded=\"1\" data-placeholder-resp=\"768x432\" fetchpriority=\"high\" decoding=\"async\" width=\"768\" height=\"432\" src=\"https:\/\/www.svalbard.fr\/actualites\/wp-content\/uploads\/2025\/09\/Elections-de-la-Norvege-2025-Les-votes-precoces-montrent-la.jpg\" alt=\"B\u00e2timent du Parlement norv\u00e9gien \u00e0 Oslo en hiver. Photo: David Nikel.\" class=\"wp-image-84800\"  data-><noscript><img fetchpriority=\"high\" decoding=\"async\" width=\"768\" height=\"432\" src=\"https:\/\/www.svalbard.fr\/actualites\/wp-content\/uploads\/2025\/09\/Elections-de-la-Norvege-2025-Les-votes-precoces-montrent-la.jpg\" alt=\"B\u00e2timent du Parlement norv\u00e9gien \u00e0 Oslo en hiver. Photo: David Nikel.\" class=\"wp-image-84800\"  ><\/noscript><\/figure>\n<p>Cela ne signifie cependant pas automatiquement une victoire pour Jonas Gahr St\u00f8re. Pour commander une majorit\u00e9, il devrait conclure un accord potentiellement <strong>les quatre parties<\/strong> qui soutiennent traditionnellement un gouvernement dirig\u00e9 par la main-d&#39;\u0153uvre: rouge, gauche socialiste, parti central et Parti vert.<\/p>\n<p>Compte tenu des exigences diff\u00e9rentes de quatre parties avec des priorit\u00e9s uniques, peut-\u00eatre un <strong>Gouvernement minoritaire dirig\u00e9 par des travaux<\/strong> semble un r\u00e9sultat probable. La Norv\u00e8ge a de nombreux partis politiques, et les gouvernements de la coalition sont donc la norme.<\/p>\n<p>Il y a aussi le r\u00e9sultat possible, quoique peu probable, que le Center Party ou Green Party choisissent de soutenir un bloc de droite. Donc, en r\u00e9sum\u00e9: il y a encore de nombreuses discussions et offres \u00e0 faire!<\/p>\n<h2 class=\"wp-block-heading\">2025 r\u00e9sultats jusqu&#39;\u00e0 pr\u00e9sent<\/h2>\n<p>Avec 76% des voix compt\u00e9es, le travail est en t\u00eate du r\u00e9sultat avec une part de vote de 28%. Le parti de progr\u00e8s de Sylvi Listhaug a enregistr\u00e9 son meilleur r\u00e9sultat avec 24,7%, tandis que le soutien aux conservateurs dirig\u00e9s par l&#39;ancienne Premier ministre Erna Solberg s&#39;est effondr\u00e9 \u00e0 seulement 14,3%.<\/p>\n<p>Il y a \u00e9galement eu une bataille int\u00e9ressante autour du seuil de 4% pour les si\u00e8ges de nivellement du Parlement, qui contribuent \u00e0 assurer une repr\u00e9sentation plus \u00e9quitable au Parlement. Les parties qui interrogent plus de 4% re\u00e7oivent des si\u00e8ges suppl\u00e9mentaires.<\/p>\n<p>Le Parti vert (4,4%) et les d\u00e9mocrates chr\u00e9tiens (4,2%) semblent susceptibles de se terminer au-dessus du seuil, tandis que le Parti lib\u00e9ral semble avoir \u00e9chou\u00e9 \u00e0 3,4%.<\/p>\n<h2 class=\"wp-block-heading\">Les votes anticip\u00e9s compt\u00e9s en premier<\/h2>\n<p>Les sondages ont cl\u00f4tur\u00e9 \u00e0 21 heures aujourd&#39;hui (lundi), mais les r\u00e9sultats initiaux ont \u00e9t\u00e9 publi\u00e9s imm\u00e9diatement. Comment est-ce possible? C&#39;est simple. Les premiers r\u00e9sultats publi\u00e9s ont \u00e9t\u00e9 ces bulletins de vote d\u00e9pos\u00e9s au cours de la p\u00e9riode de vote \u00e0 l&#39;avance, qui ont \u00e9t\u00e9 compt\u00e9s pendant la journ\u00e9e.<\/p>\n<figure class=\"wp-block-image size-large\"><img loading=\"lazy\" data-lazyloaded=\"1\" data-placeholder-resp=\"768x432\" decoding=\"async\" width=\"768\" height=\"432\" src=\"https:\/\/www.svalbard.fr\/actualites\/wp-content\/uploads\/2025\/09\/1757361756_795_Elections-de-la-Norvege-2025-Les-votes-precoces-montrent-la.jpg\" alt=\"Boot de vote \u00e0 l&#39;avance \u00e0 Trondheim. Photo: David Nikel.\" class=\"wp-image-84813\"  data-><noscript><img loading=\"lazy\" decoding=\"async\" width=\"768\" height=\"432\" src=\"https:\/\/www.svalbard.fr\/actualites\/wp-content\/uploads\/2025\/09\/1757361756_795_Elections-de-la-Norvege-2025-Les-votes-precoces-montrent-la.jpg\" alt=\"Boot de vote \u00e0 l&#39;avance \u00e0 Trondheim. Photo: David Nikel.\" class=\"wp-image-84813\"  ><\/noscript><\/figure>\n<p>Habituellement, cela donne une indication du r\u00e9sultat, mais peu plus. Cependant, les \u00e9lections de cette ann\u00e9e ont vu un nombre record de citoyens norv\u00e9giens voter dans la p\u00e9riode de vote \u00e0 l&#39;avance. Ainsi, les r\u00e9sultats initiaux repr\u00e9sentent un pourcentage beaucoup plus \u00e9lev\u00e9 de votes totaux que d&#39;habitude.<\/p>\n<p>En th\u00e9orie, cela signifie une plus grande probabilit\u00e9 que le r\u00e9sultat pr\u00e9coce soit pr\u00e9cis. Cependant, il y a g\u00e9n\u00e9ralement des diff\u00e9rences assez importantes entre les personnes qui votent \u00e0 l&#39;avance et les personnes qui votent la journ\u00e9e, donc il peut encore y avoir des changements \u00e0 venir.<\/p>\n<p>Par exemple, les \u00e9lecteurs du Parti du centre sont connus pour favoriser le vote le jour du scrutin, tandis que davantage les \u00e9lecteurs du Parti vert votent g\u00e9n\u00e9ralement \u00e0 l&#39;avance.<\/p>\n<h2 class=\"wp-block-heading\">Le paysage politique<\/h2>\n<p>Les \u00e9lections l\u00e9gislatives de la Norv\u00e8ge en 2025 ont \u00e9t\u00e9 l&#39;un des concours les plus serr\u00e9s de ces derni\u00e8res ann\u00e9es. Le Parti travailliste du Premier ministre Jonas Gahr St\u00f8re a fait le vote en tant que partenaire principal de la coalition de centre-gauche, de justesse favoris\u00e9 dans les sondages pour conserver le pouvoir.<\/p>\n<p>Mais le Parti conservateur de l&#39;opposition et le Parti de progr\u00e8s populiste esp\u00e9raient capitaliser sur la frustration des \u00e9lecteurs concernant les frais de subsistance et les d\u00e9penses publiques.<\/p>\n<p>Les petits partis, dont la gauche socialiste, le centre, les verts et les lib\u00e9raux, ont \u00e9galement \u00e9t\u00e9 consid\u00e9r\u00e9s comme des king-fabricants potentiels pour fa\u00e7onner le prochain gouvernement. Avec 169 si\u00e8ges dans le storting et 85 n\u00e9cessaires pour une majorit\u00e9, l&#39;arithm\u00e9tique de la coalition allait toujours \u00eatre d\u00e9cisive.<\/p>\n<h2 class=\"wp-block-heading\">Probl\u00e8mes cl\u00e9s pour les \u00e9lecteurs<\/h2>\n<p>La campagne a \u00e9t\u00e9 moins fa\u00e7onn\u00e9e par les personnalit\u00e9s et plus par une poign\u00e9e de pr\u00e9occupations urgentes qui ont domin\u00e9 le d\u00e9bat public dans les mois qui ont pr\u00e9c\u00e9d\u00e9 le jour du scrutin.<\/p>\n<h3 class=\"wp-block-heading\">Co\u00fbt de la vie<\/h3>\n<p>La hausse des prix a \u00e9t\u00e9 constamment cit\u00e9e comme la pr\u00e9occupation num\u00e9ro un parmi les \u00e9lecteurs. L&#39;inflation a press\u00e9 les budgets des m\u00e9nages \u00e0 travers la Norv\u00e8ge malgr\u00e9 l&#39;\u00e9conomie robuste du pays et l&#39;immense richesse p\u00e9troli\u00e8re.<\/p>\n<p>Les d\u00e9bats se sont concentr\u00e9s sur la mesure dans laquelle le gouvernement devrait utiliser les revenus p\u00e9troliers du Fonds des richesses souverains pour amortir les citoyens contre ces pressions.<\/p>\n<h3 class=\"wp-block-heading\">D\u00e9bat fiscal de la richesse<\/h3>\n<p>Aucun probl\u00e8me n&#39;a domin\u00e9 comme la taxe sur la richesse. Le travail et ses alli\u00e9s soutiennent que l&#39;imp\u00f4t &#8211; lanc\u00e9 sur les actifs nets sur un seuil &#8211; joue un r\u00f4le crucial dans le maintien de l&#39;\u00e9galit\u00e9 dans l&#39;une des nations les plus prosp\u00e8res du monde.<\/p>\n<p>Les conservateurs et le Parti de progr\u00e8s ont fait campagne pour l&#39;avoir coup\u00e9 ou supprim\u00e9, affirmant qu&#39;il pousse les entrepreneurs et les capitaux hors de la Norv\u00e8ge. La question est devenue une paratonnerre pour des d\u00e9bats plus larges sur l&#39;\u00e9quit\u00e9, l&#39;opportunit\u00e9 et l&#39;avenir \u00e9conomique de la Norv\u00e8ge.<\/p>\n<h3 class=\"wp-block-heading\">Les d\u00e9penses publiques et le fonds souverain<\/h3>\n<p>La gestion du Fonds de patrimoine souverain de la Norv\u00e8ge a \u00e9galement \u00e9t\u00e9 examin\u00e9e.<\/p>\n<p>Les critiques \u00e0 droite ont accus\u00e9 le gouvernement de mal g\u00e9rer les ressources et de superviser des projets co\u00fbteux du secteur public en proie \u00e0 des d\u00e9passements. Les partisans ont r\u00e9pliqu\u00e9 que le mod\u00e8le de la Norv\u00e8ge a sauvegard\u00e9 la prosp\u00e9rit\u00e9 et a assur\u00e9 la stabilit\u00e9 dans les temps incertains.<\/p>\n<h3 class=\"wp-block-heading\">Politique \u00e9trang\u00e8re et tensions mondiales<\/h3>\n<p>Bien que moins au c\u0153ur des \u00e9lecteurs que dans l&#39;\u00e9conomie nationale, les probl\u00e8mes internationaux ont \u00e9galement fa\u00e7onn\u00e9 la campagne. Les ant\u00e9c\u00e9dents de St\u00f8re en tant qu&#39;ancien ministre des Affaires \u00e9trang\u00e8res ont pr\u00eat\u00e9 cr\u00e9dibilit\u00e9 dans un contexte mondial turbulent marqu\u00e9 par les guerres en Ukraine et Gaza.<\/p>\n<p>Les controverses sur les investissements du fonds souverain, y compris les avoirs li\u00e9s \u00e0 Isra\u00ebl, sont devenus un point de discussion anim\u00e9 \u00e0 la fin de la campagne.<\/p>\n<h2 class=\"wp-block-heading\">Un concours polaris\u00e9<\/h2>\n<p>Les observateurs ont d\u00e9crit cette \u00e9lection comme l&#39;une des plus polaris\u00e9es de l&#39;histoire norv\u00e9gienne moderne. La partie de progr\u00e8s a aiguis\u00e9 sa rh\u00e9torique populiste, faisant des comparaisons avec des mouvements ailleurs en Europe et aux \u00c9tats-Unis.<\/p>\n<p>\u00c0 gauche, les \u00e9lecteurs plus jeunes ayant des ant\u00e9c\u00e9dents immigr\u00e9s ont \u00e9t\u00e9 dynamis\u00e9s par des appels \u00e0 une action climatique plus forte et une position plus ferme sur Gaza. Les niveaux record de vote anticip\u00e9 ont ajout\u00e9 au sentiment d&#39;anticipation.<\/p>\n<h2 class=\"wp-block-heading\">Comment fonctionne l&#39;\u00e9lection<\/h2>\n<p>Les 169 si\u00e8ges dans le storting \u00e9taient \u00e0 gagner. La Norv\u00e8ge utilise une repr\u00e9sentation proportionnelle avec les si\u00e8ges de district et de \u00abnivellement\u00bb con\u00e7us pour corriger les d\u00e9s\u00e9quilibres.<\/p>\n<p>Les partis ont besoin d&#39;au moins 4% du vote national pour se qualifier pour le nivellement des si\u00e8ges, bien que les petits partis puissent toujours gagner une repr\u00e9sentation directe dans leurs circonscriptions d&#39;origine.<\/p>\n<\/p><\/div>\n","protected":false},"excerpt":{"rendered":"<p>La Norv\u00e8ge a vot\u00e9 et les premi\u00e8res indications montrent que Jonas Gahr St\u00f8re pourrait rester Premier ministre de Norv\u00e8ge en direction d&#39;une coalition de gauche.<\/p>\n","protected":false},"author":1,"featured_media":4958,"comment_status":"","ping_status":"","sticky":false,"template":"","format":"standard","meta":{"footnotes":""},"categories":[2277],"tags":[770,3,5109,137,6,5107,5111,5105],"yoast_head":"<!-- This site is optimized with the Yoast SEO plugin v21.0 - https:\/\/yoast.com\/wordpress\/plugins\/seo\/ -->\n<title>\u00c9lections de la Norv\u00e8ge 2025: Les votes pr\u00e9coces montrent la majorit\u00e9 du rouge-vert<\/title>\n<meta name=\"robots\" content=\"index, follow, max-snippet:-1, max-image-preview:large, max-video-preview:-1\" \/>\n<link rel=\"canonical\" href=\"https:\/\/www.svalbard.fr\/actualites\/elections-de-la-norvege-2025-les-votes-precoces-montrent-la-majorite-du-rouge-vert\/\" \/>\n<meta property=\"og:locale\" content=\"fr_FR\" \/>\n<meta property=\"og:type\" content=\"article\" \/>\n<meta property=\"og:title\" content=\"\u00c9lections de la Norv\u00e8ge 2025: Les votes pr\u00e9coces montrent la majorit\u00e9 du rouge-vert\" \/>\n<meta property=\"og:description\" content=\"La Norv\u00e8ge a vot\u00e9 et les premi\u00e8res indications montrent que Jonas Gahr St\u00f8re pourrait rester Premier ministre de Norv\u00e8ge en direction d&#039;une coalition de gauche.\" \/>\n<meta property=\"og:url\" content=\"https:\/\/www.svalbard.fr\/actualites\/elections-de-la-norvege-2025-les-votes-precoces-montrent-la-majorite-du-rouge-vert\/\" \/>\n<meta property=\"og:site_name\" content=\"www.Svalbard.fr\" \/>\n<meta property=\"article:published_time\" content=\"2025-09-08T20:02:36+00:00\" \/>\n<meta property=\"og:image\" content=\"https:\/\/www.svalbard.fr\/actualites\/wp-content\/uploads\/2025\/09\/Elections-de-la-Norvege-2025-Les-votes-precoces-montrent-la.jpg\" \/>\n<meta name=\"author\" content=\"Hilmar\" \/>\n<meta name=\"twitter:card\" content=\"summary_large_image\" \/>\n<meta name=\"twitter:label1\" content=\"\u00c9crit par\" \/>\n\t<meta name=\"twitter:data1\" content=\"Hilmar\" \/>\n\t<meta name=\"twitter:label2\" content=\"Dur\u00e9e de lecture estim\u00e9e\" \/>\n\t<meta name=\"twitter:data2\" content=\"6 minutes\" \/>\n<script type=\"application\/ld+json\" class=\"yoast-schema-graph\">{\"@context\":\"https:\/\/schema.org\",\"@graph\":[{\"@type\":\"Article\",\"@id\":\"https:\/\/www.svalbard.fr\/actualites\/elections-de-la-norvege-2025-les-votes-precoces-montrent-la-majorite-du-rouge-vert\/#article\",\"isPartOf\":{\"@id\":\"https:\/\/www.svalbard.fr\/actualites\/elections-de-la-norvege-2025-les-votes-precoces-montrent-la-majorite-du-rouge-vert\/\"},\"author\":{\"name\":\"Hilmar\",\"@id\":\"https:\/\/www.svalbard.fr\/actualites\/#\/schema\/person\/a2f937d5712222366738fae98755c600\"},\"headline\":\"\u00c9lections de la Norv\u00e8ge 2025: Les votes pr\u00e9coces montrent la majorit\u00e9 du rouge-vert\",\"datePublished\":\"2025-09-08T20:02:36+00:00\",\"dateModified\":\"2025-09-08T20:02:36+00:00\",\"mainEntityOfPage\":{\"@id\":\"https:\/\/www.svalbard.fr\/actualites\/elections-de-la-norvege-2025-les-votes-precoces-montrent-la-majorite-du-rouge-vert\/\"},\"wordCount\":1298,\"publisher\":{\"@id\":\"https:\/\/www.svalbard.fr\/actualites\/#organization\"},\"keywords\":[\"\u00e9lections\",\"Les\",\"majorit\u00e9\",\"montrent\",\"Norv\u00e8ge\",\"pr\u00e9coces\",\"rougevert\",\"votes\"],\"inLanguage\":\"fr-FR\"},{\"@type\":\"WebPage\",\"@id\":\"https:\/\/www.svalbard.fr\/actualites\/elections-de-la-norvege-2025-les-votes-precoces-montrent-la-majorite-du-rouge-vert\/\",\"url\":\"https:\/\/www.svalbard.fr\/actualites\/elections-de-la-norvege-2025-les-votes-precoces-montrent-la-majorite-du-rouge-vert\/\",\"name\":\"\u00c9lections de la Norv\u00e8ge 2025: Les votes pr\u00e9coces montrent la majorit\u00e9 du rouge-vert\",\"isPartOf\":{\"@id\":\"https:\/\/www.svalbard.fr\/actualites\/#website\"},\"datePublished\":\"2025-09-08T20:02:36+00:00\",\"dateModified\":\"2025-09-08T20:02:36+00:00\",\"breadcrumb\":{\"@id\":\"https:\/\/www.svalbard.fr\/actualites\/elections-de-la-norvege-2025-les-votes-precoces-montrent-la-majorite-du-rouge-vert\/#breadcrumb\"},\"inLanguage\":\"fr-FR\",\"potentialAction\":[{\"@type\":\"ReadAction\",\"target\":[\"https:\/\/www.svalbard.fr\/actualites\/elections-de-la-norvege-2025-les-votes-precoces-montrent-la-majorite-du-rouge-vert\/\"]}]},{\"@type\":\"BreadcrumbList\",\"@id\":\"https:\/\/www.svalbard.fr\/actualites\/elections-de-la-norvege-2025-les-votes-precoces-montrent-la-majorite-du-rouge-vert\/#breadcrumb\",\"itemListElement\":[{\"@type\":\"ListItem\",\"position\":1,\"name\":\"Accueil\",\"item\":\"https:\/\/www.svalbard.fr\/actualites\/\"},{\"@type\":\"ListItem\",\"position\":2,\"name\":\"\u00c9lections de la Norv\u00e8ge 2025: Les votes pr\u00e9coces montrent la majorit\u00e9 du rouge-vert\"}]},{\"@type\":\"WebSite\",\"@id\":\"https:\/\/www.svalbard.fr\/actualites\/#website\",\"url\":\"https:\/\/www.svalbard.fr\/actualites\/\",\"name\":\"www.Svalbard.fr\",\"description\":\"\",\"publisher\":{\"@id\":\"https:\/\/www.svalbard.fr\/actualites\/#organization\"},\"potentialAction\":[{\"@type\":\"SearchAction\",\"target\":{\"@type\":\"EntryPoint\",\"urlTemplate\":\"https:\/\/www.svalbard.fr\/actualites\/?s={search_term_string}\"},\"query-input\":\"required name=search_term_string\"}],\"inLanguage\":\"fr-FR\"},{\"@type\":\"Organization\",\"@id\":\"https:\/\/www.svalbard.fr\/actualites\/#organization\",\"name\":\"www.Svalbard.fr\",\"url\":\"https:\/\/www.svalbard.fr\/actualites\/\",\"logo\":{\"@type\":\"ImageObject\",\"inLanguage\":\"fr-FR\",\"@id\":\"https:\/\/www.svalbard.fr\/actualites\/#\/schema\/logo\/image\/\",\"url\":\"https:\/\/www.svalbard.fr\/actualites\/wp-content\/uploads\/2023\/09\/head-nom.jpg\",\"contentUrl\":\"https:\/\/www.svalbard.fr\/actualites\/wp-content\/uploads\/2023\/09\/head-nom.jpg\",\"width\":264,\"height\":35,\"caption\":\"www.Svalbard.fr\"},\"image\":{\"@id\":\"https:\/\/www.svalbard.fr\/actualites\/#\/schema\/logo\/image\/\"}},{\"@type\":\"Person\",\"@id\":\"https:\/\/www.svalbard.fr\/actualites\/#\/schema\/person\/a2f937d5712222366738fae98755c600\",\"name\":\"Hilmar\",\"image\":{\"@type\":\"ImageObject\",\"inLanguage\":\"fr-FR\",\"@id\":\"https:\/\/www.svalbard.fr\/actualites\/#\/schema\/person\/image\/\",\"url\":\"https:\/\/secure.gravatar.com\/avatar\/4daa437093476dbc32da415c112b6512?s=96&d=mm&r=g\",\"contentUrl\":\"https:\/\/secure.gravatar.com\/avatar\/4daa437093476dbc32da415c112b6512?s=96&d=mm&r=g\",\"caption\":\"Hilmar\"},\"description\":\"Hilmar est un passionn\u00e9 des r\u00e9gions polaires, sp\u00e9cialis\u00e9 dans la r\u00e9daction d'articles sur le Spitzberg et autres destinations arctiques. Il apporte son expertise et sa passion pour l'Arctique au sein de l'\u00e9quipe de r\u00e9daction de Svalbard depuis de nombreuses ann\u00e9es.\",\"sameAs\":[\"https:\/\/www.svalbard.fr\/\"]}]}<\/script>\n<!-- \/ Yoast SEO plugin. -->","yoast_head_json":{"title":"\u00c9lections de la Norv\u00e8ge 2025: Les votes pr\u00e9coces montrent la majorit\u00e9 du rouge-vert","robots":{"index":"index","follow":"follow","max-snippet":"max-snippet:-1","max-image-preview":"max-image-preview:large","max-video-preview":"max-video-preview:-1"},"canonical":"https:\/\/www.svalbard.fr\/actualites\/elections-de-la-norvege-2025-les-votes-precoces-montrent-la-majorite-du-rouge-vert\/","og_locale":"fr_FR","og_type":"article","og_title":"\u00c9lections de la Norv\u00e8ge 2025: Les votes pr\u00e9coces montrent la majorit\u00e9 du rouge-vert","og_description":"La Norv\u00e8ge a vot\u00e9 et les premi\u00e8res indications montrent que Jonas Gahr St\u00f8re pourrait rester Premier ministre de Norv\u00e8ge en direction d&#39;une coalition de gauche.","og_url":"https:\/\/www.svalbard.fr\/actualites\/elections-de-la-norvege-2025-les-votes-precoces-montrent-la-majorite-du-rouge-vert\/","og_site_name":"www.Svalbard.fr","article_published_time":"2025-09-08T20:02:36+00:00","og_image":[{"url":"https:\/\/www.svalbard.fr\/actualites\/wp-content\/uploads\/2025\/09\/Elections-de-la-Norvege-2025-Les-votes-precoces-montrent-la.jpg"}],"author":"Hilmar","twitter_card":"summary_large_image","twitter_misc":{"\u00c9crit par":"Hilmar","Dur\u00e9e de lecture estim\u00e9e":"6 minutes"},"schema":{"@context":"https:\/\/schema.org","@graph":[{"@type":"Article","@id":"https:\/\/www.svalbard.fr\/actualites\/elections-de-la-norvege-2025-les-votes-precoces-montrent-la-majorite-du-rouge-vert\/#article","isPartOf":{"@id":"https:\/\/www.svalbard.fr\/actualites\/elections-de-la-norvege-2025-les-votes-precoces-montrent-la-majorite-du-rouge-vert\/"},"author":{"name":"Hilmar","@id":"https:\/\/www.svalbard.fr\/actualites\/#\/schema\/person\/a2f937d5712222366738fae98755c600"},"headline":"\u00c9lections de la Norv\u00e8ge 2025: Les votes pr\u00e9coces montrent la majorit\u00e9 du rouge-vert","datePublished":"2025-09-08T20:02:36+00:00","dateModified":"2025-09-08T20:02:36+00:00","mainEntityOfPage":{"@id":"https:\/\/www.svalbard.fr\/actualites\/elections-de-la-norvege-2025-les-votes-precoces-montrent-la-majorite-du-rouge-vert\/"},"wordCount":1298,"publisher":{"@id":"https:\/\/www.svalbard.fr\/actualites\/#organization"},"keywords":["\u00e9lections","Les","majorit\u00e9","montrent","Norv\u00e8ge","pr\u00e9coces","rougevert","votes"],"inLanguage":"fr-FR"},{"@type":"WebPage","@id":"https:\/\/www.svalbard.fr\/actualites\/elections-de-la-norvege-2025-les-votes-precoces-montrent-la-majorite-du-rouge-vert\/","url":"https:\/\/www.svalbard.fr\/actualites\/elections-de-la-norvege-2025-les-votes-precoces-montrent-la-majorite-du-rouge-vert\/","name":"\u00c9lections de la Norv\u00e8ge 2025: Les votes pr\u00e9coces montrent la majorit\u00e9 du rouge-vert","isPartOf":{"@id":"https:\/\/www.svalbard.fr\/actualites\/#website"},"datePublished":"2025-09-08T20:02:36+00:00","dateModified":"2025-09-08T20:02:36+00:00","breadcrumb":{"@id":"https:\/\/www.svalbard.fr\/actualites\/elections-de-la-norvege-2025-les-votes-precoces-montrent-la-majorite-du-rouge-vert\/#breadcrumb"},"inLanguage":"fr-FR","potentialAction":[{"@type":"ReadAction","target":["https:\/\/www.svalbard.fr\/actualites\/elections-de-la-norvege-2025-les-votes-precoces-montrent-la-majorite-du-rouge-vert\/"]}]},{"@type":"BreadcrumbList","@id":"https:\/\/www.svalbard.fr\/actualites\/elections-de-la-norvege-2025-les-votes-precoces-montrent-la-majorite-du-rouge-vert\/#breadcrumb","itemListElement":[{"@type":"ListItem","position":1,"name":"Accueil","item":"https:\/\/www.svalbard.fr\/actualites\/"},{"@type":"ListItem","position":2,"name":"\u00c9lections de la Norv\u00e8ge 2025: Les votes pr\u00e9coces montrent la majorit\u00e9 du rouge-vert"}]},{"@type":"WebSite","@id":"https:\/\/www.svalbard.fr\/actualites\/#website","url":"https:\/\/www.svalbard.fr\/actualites\/","name":"www.Svalbard.fr","description":"","publisher":{"@id":"https:\/\/www.svalbard.fr\/actualites\/#organization"},"potentialAction":[{"@type":"SearchAction","target":{"@type":"EntryPoint","urlTemplate":"https:\/\/www.svalbard.fr\/actualites\/?s={search_term_string}"},"query-input":"required name=search_term_string"}],"inLanguage":"fr-FR"},{"@type":"Organization","@id":"https:\/\/www.svalbard.fr\/actualites\/#organization","name":"www.Svalbard.fr","url":"https:\/\/www.svalbard.fr\/actualites\/","logo":{"@type":"ImageObject","inLanguage":"fr-FR","@id":"https:\/\/www.svalbard.fr\/actualites\/#\/schema\/logo\/image\/","url":"https:\/\/www.svalbard.fr\/actualites\/wp-content\/uploads\/2023\/09\/head-nom.jpg","contentUrl":"https:\/\/www.svalbard.fr\/actualites\/wp-content\/uploads\/2023\/09\/head-nom.jpg","width":264,"height":35,"caption":"www.Svalbard.fr"},"image":{"@id":"https:\/\/www.svalbard.fr\/actualites\/#\/schema\/logo\/image\/"}},{"@type":"Person","@id":"https:\/\/www.svalbard.fr\/actualites\/#\/schema\/person\/a2f937d5712222366738fae98755c600","name":"Hilmar","image":{"@type":"ImageObject","inLanguage":"fr-FR","@id":"https:\/\/www.svalbard.fr\/actualites\/#\/schema\/person\/image\/","url":"https:\/\/secure.gravatar.com\/avatar\/4daa437093476dbc32da415c112b6512?s=96&d=mm&r=g","contentUrl":"https:\/\/secure.gravatar.com\/avatar\/4daa437093476dbc32da415c112b6512?s=96&d=mm&r=g","caption":"Hilmar"},"description":"Hilmar est un passionn\u00e9 des r\u00e9gions polaires, sp\u00e9cialis\u00e9 dans la r\u00e9daction d'articles sur le Spitzberg et autres destinations arctiques. Il apporte son expertise et sa passion pour l'Arctique au sein de l'\u00e9quipe de r\u00e9daction de Svalbard depuis de nombreuses ann\u00e9es.","sameAs":["https:\/\/www.svalbard.fr\/"]}]}},"_links":{"self":[{"href":"https:\/\/www.svalbard.fr\/actualites\/wp-json\/wp\/v2\/posts\/4957"}],"collection":[{"href":"https:\/\/www.svalbard.fr\/actualites\/wp-json\/wp\/v2\/posts"}],"about":[{"href":"https:\/\/www.svalbard.fr\/actualites\/wp-json\/wp\/v2\/types\/post"}],"author":[{"embeddable":true,"href":"https:\/\/www.svalbard.fr\/actualites\/wp-json\/wp\/v2\/users\/1"}],"replies":[{"embeddable":true,"href":"https:\/\/www.svalbard.fr\/actualites\/wp-json\/wp\/v2\/comments?post=4957"}],"version-history":[{"count":0,"href":"https:\/\/www.svalbard.fr\/actualites\/wp-json\/wp\/v2\/posts\/4957\/revisions"}],"wp:featuredmedia":[{"embeddable":true,"href":"https:\/\/www.svalbard.fr\/actualites\/wp-json\/wp\/v2\/media\/4958"}],"wp:attachment":[{"href":"https:\/\/www.svalbard.fr\/actualites\/wp-json\/wp\/v2\/media?parent=4957"}],"wp:term":[{"taxonomy":"category","embeddable":true,"href":"https:\/\/www.svalbard.fr\/actualites\/wp-json\/wp\/v2\/categories?post=4957"},{"taxonomy":"post_tag","embeddable":true,"href":"https:\/\/www.svalbard.fr\/actualites\/wp-json\/wp\/v2\/tags?post=4957"}],"curies":[{"name":"wp","href":"https:\/\/api.w.org\/{rel}","templated":true}]}}