{"id":4961,"date":"2025-09-12T07:04:51","date_gmt":"2025-09-12T05:04:51","guid":{"rendered":"https:\/\/www.svalbard.fr\/actualites\/haraldshaugen-monument-national-de-la-norvege-a-un-roi-viking\/"},"modified":"2025-09-12T07:04:51","modified_gmt":"2025-09-12T05:04:51","slug":"haraldshaugen-monument-national-de-la-norvege-a-un-roi-viking","status":"publish","type":"post","link":"https:\/\/www.svalbard.fr\/actualites\/haraldshaugen-monument-national-de-la-norvege-a-un-roi-viking\/","title":{"rendered":"HARALDSHAUGEN: Monument national de la Norv\u00e8ge \u00e0 un roi viking"},"content":{"rendered":"<div itemprop=\"text\">\n\t\t\t<span id=\"dpsp-post-content-markup\" data-image-pin-it=\"false\"><\/span><\/p>\n<p class=\"intro\">Ce monument dramatique juste \u00e0 l&#39;ext\u00e9rieur de Haugesund se souvient de Harald Fairhair, le roi qui a uni la Norv\u00e8ge il y a plus de 1 000 ans. Voici comment visiter.<\/p>\n<p>La Norv\u00e8ge regorge d&#39;histoire de Viking, mais peu d&#39;endroits r\u00e9unissent tout comme Haraldshaugen.<\/p>\n<figure class=\"wp-block-image size-large\"><img data-lazyloaded=\"1\" data-placeholder-resp=\"768x432\" fetchpriority=\"high\" decoding=\"async\" width=\"768\" height=\"432\" src=\"https:\/\/www.svalbard.fr\/actualites\/wp-content\/uploads\/2025\/09\/HARALDSHAUGEN-Monument-national-de-la-Norvege-a-un-roi-viking.jpg\" alt=\"Le monument national \u00e0 Haugesund, Norv\u00e8ge. Photo: David Nikel.\" class=\"wp-image-84792\"  data-><noscript><img fetchpriority=\"high\" decoding=\"async\" width=\"768\" height=\"432\" src=\"https:\/\/www.svalbard.fr\/actualites\/wp-content\/uploads\/2025\/09\/HARALDSHAUGEN-Monument-national-de-la-Norvege-a-un-roi-viking.jpg\" alt=\"Le monument national \u00e0 Haugesund, Norv\u00e8ge. Photo: David Nikel.\" class=\"wp-image-84792\"  ><\/noscript><\/figure>\n<p>Perch\u00e9 sur une colline balay\u00e9e par le vent, juste au nord de Haugesund, ce monument frappant comm\u00e9more le roi Harald Fairhair, l&#39;homme cr\u00e9dit\u00e9 d&#39;avoir unissant la Norv\u00e8ge sous une couronne \u00e0 la fin du 9\u00e8me si\u00e8cle.<\/p>\n<p>Je suis d&#39;abord tomb\u00e9 sur Haraldshauggen plus ou moins par accident. J&#39;\u00e9tais arriv\u00e9 \u00e0 Haugesund sur un bateau de croisi\u00e8re et, pour \u00eatre honn\u00eate, je n&#39;avais pas fait beaucoup de recherches. C&#39;est l&#39;un de ces ports les moins connus, et je ne savais pas comment passer les quelques heures que j&#39;avais \u00e0 terre.<\/p>\n<p>Apr\u00e8s avoir err\u00e9 dans le centre-ville, j&#39;ai rep\u00e9r\u00e9 Haraldshaugen marqu\u00e9 sur Google Maps et j&#39;ai pens\u00e9 que je m&#39;\u00e9tirerais les jambes et que je vais y jeter un \u0153il.<\/p>\n<p>Cette d\u00e9cision spontan\u00e9e s&#39;est transform\u00e9e en un moment fort de tout le voyage. La promenade a \u00e9t\u00e9 paisible, le monument \u00e9tait impressionnant et les vues sur la mer \u00e9taient m\u00e9morables.<\/p>\n<p>Mieux encore, je suis reparti avec une appr\u00e9ciation plus profonde pour l&#39;une des figures Viking les plus importantes de la Norv\u00e8ge, et un respect renouvel\u00e9 pour la ville c\u00f4ti\u00e8re sans pr\u00e9tention de Haugesund.<\/p>\n<h2 class=\"wp-block-heading\">Qui \u00e9tait Harald Fairhair?<\/h2>\n<p>Harald Fairhair, ou <em>Harald H\u00e5rfagre<\/em> Comme il est connu en Norv\u00e9gien, est souvent d\u00e9crit comme le premier roi d&#39;une Norv\u00e8ge unie. Selon les Sagas, il a r\u00e9uni les nombreux petits royaumes de la r\u00e9gion apr\u00e8s sa victoire lors de la bataille de Harsfjord, vers l&#39;ann\u00e9e 872.<\/p>\n<p>Bien s\u00fbr, comme pour beaucoup d&#39;histoire de l&#39;\u00e2ge viking, il est difficile de s\u00e9parer le fait de la l\u00e9gende.<\/p>\n<p>Mais les larges traits sont largement accept\u00e9es: Harald \u00e9tait un puissant chef qui a r\u00e9ussi \u00e0 faire ce que les autres ne pouvaient pas: consolider le contr\u00f4le des territoires c\u00f4tiers dispers\u00e9s et souvent affaiblir.<\/p>\n<p>Cela a fait de lui une figure centrale de l&#39;histoire norv\u00e9gienne pr\u00e9coce et le fondateur symbolique de la nation tel que nous le connaissons aujourd&#39;hui.<\/p>\n<p>Les contes vont aussi plus loin. Une histoire raconte que Harald a jur\u00e9 de ne jamais couper ou peigner ses cheveux jusqu&#39;\u00e0 ce qu&#39;il ait conquis toute la Norv\u00e8ge, d&#39;o\u00f9 le surnom. Que ce soit ou non, l&#39;image d&#39;un roi-guerrier aux cheveux sauvages est rest\u00e9e, et c&#39;est un Norv\u00e9gien apprend encore \u00e0 l&#39;\u00e9cole.<\/p>\n<figure class=\"wp-block-image size-full\"><img loading=\"lazy\" data-lazyloaded=\"1\" data-placeholder-resp=\"820x1458\" decoding=\"async\" width=\"820\" height=\"1458\" src=\"https:\/\/www.svalbard.fr\/actualites\/wp-content\/uploads\/2025\/09\/1757653491_930_HARALDSHAUGEN-Monument-national-de-la-Norvege-a-un-roi-viking.jpg\" alt=\"Les \u00e9tapes m\u00e8nent \u00e0 l&#39;ob\u00e9lisque de Haraldshaugen. Photo: David Nikel.\" class=\"wp-image-84794\"  data-><noscript><img loading=\"lazy\" decoding=\"async\" width=\"820\" height=\"1458\" src=\"https:\/\/www.svalbard.fr\/actualites\/wp-content\/uploads\/2025\/09\/1757653491_930_HARALDSHAUGEN-Monument-national-de-la-Norvege-a-un-roi-viking.jpg\" alt=\"Les \u00e9tapes m\u00e8nent \u00e0 l&#39;ob\u00e9lisque de Haraldshaugen. Photo: David Nikel.\" class=\"wp-image-84794\"  ><\/noscript><\/figure>\n<p>Harald a r\u00e9gn\u00e9 pendant des d\u00e9cennies et serait d\u00e9c\u00e9d\u00e9 au d\u00e9but du 10e si\u00e8cle. Son h\u00e9ritage a v\u00e9cu \u00e0 travers ses descendants, qui ont continu\u00e9 \u00e0 gouverner des parties de la Norv\u00e8ge pendant des g\u00e9n\u00e9rations.<\/p>\n<p>Bien que les d\u00e9tails exacts de sa vie soient envelopp\u00e9s dans le mythe, il est ind\u00e9niable sa signification dans l&#39;histoire de ce pays.<\/p>\n<h2 class=\"wp-block-heading\">Pourquoi Haugesund?<\/h2>\n<p>Vous vous demandez peut-\u00eatre: si la grande bataille que Norv\u00e8ge a eu lieu pr\u00e8s de Stavanger, pourquoi le monument national est-il ici \u00e0 Haugesund?<\/p>\n<p>Eh bien, la l\u00e9gende locale affirme que c&#39;est l\u00e0 que le roi Harald Fairhair a \u00e9t\u00e9 mis au repos. Selon Snorre Sturlason, l&#39;\u00e9crivain de saga islandais qui a enregistr\u00e9 une grande partie de ce que nous savons des premiers rois norv\u00e9giens, Harald a \u00e9t\u00e9 enterr\u00e9 dans un monticule dans ce domaine apr\u00e8s sa mort.<\/p>\n<p>Maintenant, les historiens sont divis\u00e9s sur la question de savoir si ce site de s\u00e9pulture est authentique. Il n&#39;y a aucune preuve arch\u00e9ologique d\u00e9finitive pour le confirmer. Mais la croyance a dur\u00e9 depuis des si\u00e8cles et, au 19e si\u00e8cle, elle a pris de l&#39;ampleur alors que la Norv\u00e8ge cherchait \u00e0 construire un plus fort sentiment d&#39;identit\u00e9 nationale.<\/p>\n<p>En 1872, \u00e0 l&#39;occasion du 1000 ans de la bataille de Harsfjord, Haraldshaugenn a \u00e9t\u00e9 d\u00e9voil\u00e9 par le roi Oscar II en tant que monument national officiel de la Norv\u00e8ge. Son placement ici n&#39;\u00e9tait pas seulement une pr\u00e9cision historique, il \u00e9tait symbolique.<\/p>\n<p>Haugesund repr\u00e9sentait un lien avec les racines du royaume norv\u00e9gien, un lieu physique o\u00f9 les gens pouvaient r\u00e9fl\u00e9chir sur le pass\u00e9 viking du pays et l&#39;homme qui a aid\u00e9 \u00e0 le fa\u00e7onner.<\/p>\n<p>Et aujourd&#39;hui, que ce soit ou non vraiment le dernier lieu de repos de Harald, debout au sommet de la colline avec la brise marine au visage, c&#39;est certainement <em>se sentir<\/em> Comme le genre d&#39;endroit o\u00f9 un roi viking serait enterr\u00e9.<\/p>\n<h2 class=\"wp-block-heading\">Le monument<\/h2>\n<p>Haraldshaugenten est un spectacle frappant, m\u00eame si vous tombez sur celui-ci sans contexte. En son centre se dresse un grand ob\u00e9lisque de granit, entour\u00e9 de 29 petits piliers en pierre dispos\u00e9s en demi-cercle.<\/p>\n<figure class=\"wp-block-image size-full\"><img loading=\"lazy\" data-lazyloaded=\"1\" data-placeholder-resp=\"820x1458\" decoding=\"async\" width=\"820\" height=\"1458\" src=\"https:\/\/www.svalbard.fr\/actualites\/wp-content\/uploads\/2025\/09\/1757653491_703_HARALDSHAUGEN-Monument-national-de-la-Norvege-a-un-roi-viking.jpg\" alt=\"County Stone \u00e0 Haraldshaugen. Photo: David Nikel.\" class=\"wp-image-84793\"  data-><noscript><img loading=\"lazy\" decoding=\"async\" width=\"820\" height=\"1458\" src=\"https:\/\/www.svalbard.fr\/actualites\/wp-content\/uploads\/2025\/09\/1757653491_703_HARALDSHAUGEN-Monument-national-de-la-Norvege-a-un-roi-viking.jpg\" alt=\"County Stone \u00e0 Haraldshaugen. Photo: David Nikel.\" class=\"wp-image-84793\"  ><\/noscript><\/figure>\n<p>Chacun de ces piliers repr\u00e9sente l&#39;un des comt\u00e9s historiques de la Norv\u00e8ge. C&#39;est un clin d&#39;\u0153il symbolique \u00e0 l&#39;unification que Harald Fairhair aurait r\u00e9alis\u00e9.<\/p>\n<p>Le monument est simple en forme, mais puissant dans le message. Il n&#39;y a pas de mus\u00e9e fastueux ou d&#39;exp\u00e9rience multim\u00e9dia ici. Au lieu de cela, vous obtenez un ciel ouvert, de l&#39;air sal\u00e9 et une vue dominante de la mer, un cadre qui semble intemporel et tr\u00e8s, tr\u00e8s nordique.<\/p>\n<p>Il est facile d&#39;imaginer que les navires Vikings mettent la navigation \u00e0 partir du littoral voisin. La colline herbeuse sur laquelle se trouve le monument a une atmosph\u00e8re calme et contemplative, surtout si vous visitez t\u00f4t dans la journ\u00e9e ou en dehors de la saison estivale.<\/p>\n<p>Il y a aussi quelques tableaux d&#39;information \u00e0 proximit\u00e9 qui expliquent la signification du site, et si vous marchez un peu plus au-del\u00e0 du monument, vous arriverez sur le rivage o\u00f9 les vagues s&#39;\u00e9crasent contre les rochers ci-dessous.<\/p>\n<p>Si vous faites d\u00e9j\u00e0 la promenade de Haraldshaugen, cela vaut la peine de faire un court d\u00e9tour \u00e0 la statue de Harald Fairhair. Vous le trouverez debout et balay\u00e9 par le vent, regardant la mer pr\u00e8s du parc de la ville. C&#39;est un super endroit photo et lie bien toute l&#39;histoire ensemble.<\/p>\n<p>La zone environnante est \u00e9galement id\u00e9ale pour une promenade paisible. Vous traverserez des rues r\u00e9sidentielles et des plaques d&#39;espace vert, avec des aper\u00e7us du littoral en cours de route. Par une journ\u00e9e ensoleill\u00e9e, apportez une collation ou un sandwich car il y a beaucoup de bancs et de taches herbeuses parfaites pour un pique-nique rapide.<\/p>\n<h2 class=\"wp-block-heading\">Comment se rendre \u00e0 Haraldshaugen<\/h2>\n<p>Malgr\u00e9 son manque d&#39;attractions c\u00e9l\u00e8bres, il y a beaucoup de choses \u00e0 faire \u00e0 Haugesund. Si vous arrivez \u00e0 Haugesund par un bateau de croisi\u00e8re, bonne nouvelle. Vous pouvez facilement atteindre Haraldshaugen \u00e0 pied.<\/p>\n<p>Il est \u00e0 environ 45 minutes \u00e0 pied du terminal de croisi\u00e8re, selon votre rythme, et l&#39;itin\u00e9raire vous emm\u00e8ne \u00e0 travers le centre-ville compact et la banlieue nord tranquille. Du centre-ville, la marche est plus proche de 30 minutes.<\/p>\n<p>Vous pr\u00e9f\u00e9rez ne pas marcher? Un bus local s&#39;\u00e9tend du centre de Haugesund \u00e0 un arr\u00eat \u00e0 proximit\u00e9, qui est \u00e0 quelques minutes de promenade du monument. Le trajet dure environ cinq minutes et est une option pratique si le temps n&#39;est pas de votre c\u00f4t\u00e9.<\/p>\n<p>Si vous conduisez, il y a un parking limit\u00e9 disponible pr\u00e8s du monument, mais notez que la zone est principalement r\u00e9sidentielle. Il est pr\u00e9f\u00e9rable d&#39;\u00e9viter les temps de pointe en \u00e9t\u00e9 si vous esp\u00e9rez vous garer \u00e0 proximit\u00e9.<\/p>\n<\/p><\/div>\n","protected":false},"excerpt":{"rendered":"<p>Ce monument dramatique juste \u00e0 l&#39;ext\u00e9rieur de Haugesund se souvient de Harald Fairhair, le roi qui a uni la Norv\u00e8ge il y a plus de<\/p>\n","protected":false},"author":1,"featured_media":4962,"comment_status":"","ping_status":"","sticky":false,"template":"","format":"standard","meta":{"footnotes":""},"categories":[2277],"tags":[5117,5119,502,6,507,368],"yoast_head":"<!-- This site is optimized with the Yoast SEO plugin v21.0 - https:\/\/yoast.com\/wordpress\/plugins\/seo\/ -->\n<title>HARALDSHAUGEN: Monument national de la Norv\u00e8ge \u00e0 un roi viking<\/title>\n<meta name=\"robots\" content=\"index, follow, max-snippet:-1, max-image-preview:large, max-video-preview:-1\" \/>\n<link rel=\"canonical\" href=\"https:\/\/www.svalbard.fr\/actualites\/haraldshaugen-monument-national-de-la-norvege-a-un-roi-viking\/\" \/>\n<meta property=\"og:locale\" content=\"fr_FR\" \/>\n<meta property=\"og:type\" content=\"article\" \/>\n<meta property=\"og:title\" content=\"HARALDSHAUGEN: Monument national de la Norv\u00e8ge \u00e0 un roi viking\" \/>\n<meta property=\"og:description\" content=\"Ce monument dramatique juste \u00e0 l&#039;ext\u00e9rieur de Haugesund se souvient de Harald Fairhair, le roi qui a uni la Norv\u00e8ge il y a plus de\" \/>\n<meta property=\"og:url\" content=\"https:\/\/www.svalbard.fr\/actualites\/haraldshaugen-monument-national-de-la-norvege-a-un-roi-viking\/\" \/>\n<meta property=\"og:site_name\" content=\"www.Svalbard.fr\" \/>\n<meta property=\"article:published_time\" content=\"2025-09-12T05:04:51+00:00\" \/>\n<meta property=\"og:image\" content=\"https:\/\/www.svalbard.fr\/actualites\/wp-content\/uploads\/2025\/09\/HARALDSHAUGEN-Monument-national-de-la-Norvege-a-un-roi-viking.jpg\" \/>\n<meta name=\"author\" content=\"Hilmar\" \/>\n<meta name=\"twitter:card\" content=\"summary_large_image\" \/>\n<meta name=\"twitter:label1\" content=\"\u00c9crit par\" \/>\n\t<meta name=\"twitter:data1\" content=\"Hilmar\" \/>\n\t<meta name=\"twitter:label2\" content=\"Dur\u00e9e de lecture estim\u00e9e\" \/>\n\t<meta name=\"twitter:data2\" content=\"7 minutes\" \/>\n<script type=\"application\/ld+json\" class=\"yoast-schema-graph\">{\"@context\":\"https:\/\/schema.org\",\"@graph\":[{\"@type\":\"Article\",\"@id\":\"https:\/\/www.svalbard.fr\/actualites\/haraldshaugen-monument-national-de-la-norvege-a-un-roi-viking\/#article\",\"isPartOf\":{\"@id\":\"https:\/\/www.svalbard.fr\/actualites\/haraldshaugen-monument-national-de-la-norvege-a-un-roi-viking\/\"},\"author\":{\"name\":\"Hilmar\",\"@id\":\"https:\/\/www.svalbard.fr\/actualites\/#\/schema\/person\/a2f937d5712222366738fae98755c600\"},\"headline\":\"HARALDSHAUGEN: Monument national de la Norv\u00e8ge \u00e0 un roi viking\",\"datePublished\":\"2025-09-12T05:04:51+00:00\",\"dateModified\":\"2025-09-12T05:04:51+00:00\",\"mainEntityOfPage\":{\"@id\":\"https:\/\/www.svalbard.fr\/actualites\/haraldshaugen-monument-national-de-la-norvege-a-un-roi-viking\/\"},\"wordCount\":1326,\"publisher\":{\"@id\":\"https:\/\/www.svalbard.fr\/actualites\/#organization\"},\"keywords\":[\"HARALDSHAUGEN\",\"Monument\",\"national\",\"Norv\u00e8ge\",\"roi\",\"viking\"],\"inLanguage\":\"fr-FR\"},{\"@type\":\"WebPage\",\"@id\":\"https:\/\/www.svalbard.fr\/actualites\/haraldshaugen-monument-national-de-la-norvege-a-un-roi-viking\/\",\"url\":\"https:\/\/www.svalbard.fr\/actualites\/haraldshaugen-monument-national-de-la-norvege-a-un-roi-viking\/\",\"name\":\"HARALDSHAUGEN: Monument national de la Norv\u00e8ge \u00e0 un roi viking\",\"isPartOf\":{\"@id\":\"https:\/\/www.svalbard.fr\/actualites\/#website\"},\"datePublished\":\"2025-09-12T05:04:51+00:00\",\"dateModified\":\"2025-09-12T05:04:51+00:00\",\"breadcrumb\":{\"@id\":\"https:\/\/www.svalbard.fr\/actualites\/haraldshaugen-monument-national-de-la-norvege-a-un-roi-viking\/#breadcrumb\"},\"inLanguage\":\"fr-FR\",\"potentialAction\":[{\"@type\":\"ReadAction\",\"target\":[\"https:\/\/www.svalbard.fr\/actualites\/haraldshaugen-monument-national-de-la-norvege-a-un-roi-viking\/\"]}]},{\"@type\":\"BreadcrumbList\",\"@id\":\"https:\/\/www.svalbard.fr\/actualites\/haraldshaugen-monument-national-de-la-norvege-a-un-roi-viking\/#breadcrumb\",\"itemListElement\":[{\"@type\":\"ListItem\",\"position\":1,\"name\":\"Accueil\",\"item\":\"https:\/\/www.svalbard.fr\/actualites\/\"},{\"@type\":\"ListItem\",\"position\":2,\"name\":\"HARALDSHAUGEN: Monument national de la Norv\u00e8ge \u00e0 un roi viking\"}]},{\"@type\":\"WebSite\",\"@id\":\"https:\/\/www.svalbard.fr\/actualites\/#website\",\"url\":\"https:\/\/www.svalbard.fr\/actualites\/\",\"name\":\"www.Svalbard.fr\",\"description\":\"\",\"publisher\":{\"@id\":\"https:\/\/www.svalbard.fr\/actualites\/#organization\"},\"potentialAction\":[{\"@type\":\"SearchAction\",\"target\":{\"@type\":\"EntryPoint\",\"urlTemplate\":\"https:\/\/www.svalbard.fr\/actualites\/?s={search_term_string}\"},\"query-input\":\"required name=search_term_string\"}],\"inLanguage\":\"fr-FR\"},{\"@type\":\"Organization\",\"@id\":\"https:\/\/www.svalbard.fr\/actualites\/#organization\",\"name\":\"www.Svalbard.fr\",\"url\":\"https:\/\/www.svalbard.fr\/actualites\/\",\"logo\":{\"@type\":\"ImageObject\",\"inLanguage\":\"fr-FR\",\"@id\":\"https:\/\/www.svalbard.fr\/actualites\/#\/schema\/logo\/image\/\",\"url\":\"https:\/\/www.svalbard.fr\/actualites\/wp-content\/uploads\/2023\/09\/head-nom.jpg\",\"contentUrl\":\"https:\/\/www.svalbard.fr\/actualites\/wp-content\/uploads\/2023\/09\/head-nom.jpg\",\"width\":264,\"height\":35,\"caption\":\"www.Svalbard.fr\"},\"image\":{\"@id\":\"https:\/\/www.svalbard.fr\/actualites\/#\/schema\/logo\/image\/\"}},{\"@type\":\"Person\",\"@id\":\"https:\/\/www.svalbard.fr\/actualites\/#\/schema\/person\/a2f937d5712222366738fae98755c600\",\"name\":\"Hilmar\",\"image\":{\"@type\":\"ImageObject\",\"inLanguage\":\"fr-FR\",\"@id\":\"https:\/\/www.svalbard.fr\/actualites\/#\/schema\/person\/image\/\",\"url\":\"https:\/\/secure.gravatar.com\/avatar\/4daa437093476dbc32da415c112b6512?s=96&d=mm&r=g\",\"contentUrl\":\"https:\/\/secure.gravatar.com\/avatar\/4daa437093476dbc32da415c112b6512?s=96&d=mm&r=g\",\"caption\":\"Hilmar\"},\"description\":\"Hilmar est un passionn\u00e9 des r\u00e9gions polaires, sp\u00e9cialis\u00e9 dans la r\u00e9daction d'articles sur le Spitzberg et autres destinations arctiques. Il apporte son expertise et sa passion pour l'Arctique au sein de l'\u00e9quipe de r\u00e9daction de Svalbard depuis de nombreuses ann\u00e9es.\",\"sameAs\":[\"https:\/\/www.svalbard.fr\/\"]}]}<\/script>\n<!-- \/ Yoast SEO plugin. -->","yoast_head_json":{"title":"HARALDSHAUGEN: Monument national de la Norv\u00e8ge \u00e0 un roi viking","robots":{"index":"index","follow":"follow","max-snippet":"max-snippet:-1","max-image-preview":"max-image-preview:large","max-video-preview":"max-video-preview:-1"},"canonical":"https:\/\/www.svalbard.fr\/actualites\/haraldshaugen-monument-national-de-la-norvege-a-un-roi-viking\/","og_locale":"fr_FR","og_type":"article","og_title":"HARALDSHAUGEN: Monument national de la Norv\u00e8ge \u00e0 un roi viking","og_description":"Ce monument dramatique juste \u00e0 l&#39;ext\u00e9rieur de Haugesund se souvient de Harald Fairhair, le roi qui a uni la Norv\u00e8ge il y a plus de","og_url":"https:\/\/www.svalbard.fr\/actualites\/haraldshaugen-monument-national-de-la-norvege-a-un-roi-viking\/","og_site_name":"www.Svalbard.fr","article_published_time":"2025-09-12T05:04:51+00:00","og_image":[{"url":"https:\/\/www.svalbard.fr\/actualites\/wp-content\/uploads\/2025\/09\/HARALDSHAUGEN-Monument-national-de-la-Norvege-a-un-roi-viking.jpg"}],"author":"Hilmar","twitter_card":"summary_large_image","twitter_misc":{"\u00c9crit par":"Hilmar","Dur\u00e9e de lecture estim\u00e9e":"7 minutes"},"schema":{"@context":"https:\/\/schema.org","@graph":[{"@type":"Article","@id":"https:\/\/www.svalbard.fr\/actualites\/haraldshaugen-monument-national-de-la-norvege-a-un-roi-viking\/#article","isPartOf":{"@id":"https:\/\/www.svalbard.fr\/actualites\/haraldshaugen-monument-national-de-la-norvege-a-un-roi-viking\/"},"author":{"name":"Hilmar","@id":"https:\/\/www.svalbard.fr\/actualites\/#\/schema\/person\/a2f937d5712222366738fae98755c600"},"headline":"HARALDSHAUGEN: Monument national de la Norv\u00e8ge \u00e0 un roi viking","datePublished":"2025-09-12T05:04:51+00:00","dateModified":"2025-09-12T05:04:51+00:00","mainEntityOfPage":{"@id":"https:\/\/www.svalbard.fr\/actualites\/haraldshaugen-monument-national-de-la-norvege-a-un-roi-viking\/"},"wordCount":1326,"publisher":{"@id":"https:\/\/www.svalbard.fr\/actualites\/#organization"},"keywords":["HARALDSHAUGEN","Monument","national","Norv\u00e8ge","roi","viking"],"inLanguage":"fr-FR"},{"@type":"WebPage","@id":"https:\/\/www.svalbard.fr\/actualites\/haraldshaugen-monument-national-de-la-norvege-a-un-roi-viking\/","url":"https:\/\/www.svalbard.fr\/actualites\/haraldshaugen-monument-national-de-la-norvege-a-un-roi-viking\/","name":"HARALDSHAUGEN: Monument national de la Norv\u00e8ge \u00e0 un roi viking","isPartOf":{"@id":"https:\/\/www.svalbard.fr\/actualites\/#website"},"datePublished":"2025-09-12T05:04:51+00:00","dateModified":"2025-09-12T05:04:51+00:00","breadcrumb":{"@id":"https:\/\/www.svalbard.fr\/actualites\/haraldshaugen-monument-national-de-la-norvege-a-un-roi-viking\/#breadcrumb"},"inLanguage":"fr-FR","potentialAction":[{"@type":"ReadAction","target":["https:\/\/www.svalbard.fr\/actualites\/haraldshaugen-monument-national-de-la-norvege-a-un-roi-viking\/"]}]},{"@type":"BreadcrumbList","@id":"https:\/\/www.svalbard.fr\/actualites\/haraldshaugen-monument-national-de-la-norvege-a-un-roi-viking\/#breadcrumb","itemListElement":[{"@type":"ListItem","position":1,"name":"Accueil","item":"https:\/\/www.svalbard.fr\/actualites\/"},{"@type":"ListItem","position":2,"name":"HARALDSHAUGEN: Monument national de la Norv\u00e8ge \u00e0 un roi viking"}]},{"@type":"WebSite","@id":"https:\/\/www.svalbard.fr\/actualites\/#website","url":"https:\/\/www.svalbard.fr\/actualites\/","name":"www.Svalbard.fr","description":"","publisher":{"@id":"https:\/\/www.svalbard.fr\/actualites\/#organization"},"potentialAction":[{"@type":"SearchAction","target":{"@type":"EntryPoint","urlTemplate":"https:\/\/www.svalbard.fr\/actualites\/?s={search_term_string}"},"query-input":"required name=search_term_string"}],"inLanguage":"fr-FR"},{"@type":"Organization","@id":"https:\/\/www.svalbard.fr\/actualites\/#organization","name":"www.Svalbard.fr","url":"https:\/\/www.svalbard.fr\/actualites\/","logo":{"@type":"ImageObject","inLanguage":"fr-FR","@id":"https:\/\/www.svalbard.fr\/actualites\/#\/schema\/logo\/image\/","url":"https:\/\/www.svalbard.fr\/actualites\/wp-content\/uploads\/2023\/09\/head-nom.jpg","contentUrl":"https:\/\/www.svalbard.fr\/actualites\/wp-content\/uploads\/2023\/09\/head-nom.jpg","width":264,"height":35,"caption":"www.Svalbard.fr"},"image":{"@id":"https:\/\/www.svalbard.fr\/actualites\/#\/schema\/logo\/image\/"}},{"@type":"Person","@id":"https:\/\/www.svalbard.fr\/actualites\/#\/schema\/person\/a2f937d5712222366738fae98755c600","name":"Hilmar","image":{"@type":"ImageObject","inLanguage":"fr-FR","@id":"https:\/\/www.svalbard.fr\/actualites\/#\/schema\/person\/image\/","url":"https:\/\/secure.gravatar.com\/avatar\/4daa437093476dbc32da415c112b6512?s=96&d=mm&r=g","contentUrl":"https:\/\/secure.gravatar.com\/avatar\/4daa437093476dbc32da415c112b6512?s=96&d=mm&r=g","caption":"Hilmar"},"description":"Hilmar est un passionn\u00e9 des r\u00e9gions polaires, sp\u00e9cialis\u00e9 dans la r\u00e9daction d'articles sur le Spitzberg et autres destinations arctiques. Il apporte son expertise et sa passion pour l'Arctique au sein de l'\u00e9quipe de r\u00e9daction de Svalbard depuis de nombreuses ann\u00e9es.","sameAs":["https:\/\/www.svalbard.fr\/"]}]}},"_links":{"self":[{"href":"https:\/\/www.svalbard.fr\/actualites\/wp-json\/wp\/v2\/posts\/4961"}],"collection":[{"href":"https:\/\/www.svalbard.fr\/actualites\/wp-json\/wp\/v2\/posts"}],"about":[{"href":"https:\/\/www.svalbard.fr\/actualites\/wp-json\/wp\/v2\/types\/post"}],"author":[{"embeddable":true,"href":"https:\/\/www.svalbard.fr\/actualites\/wp-json\/wp\/v2\/users\/1"}],"replies":[{"embeddable":true,"href":"https:\/\/www.svalbard.fr\/actualites\/wp-json\/wp\/v2\/comments?post=4961"}],"version-history":[{"count":0,"href":"https:\/\/www.svalbard.fr\/actualites\/wp-json\/wp\/v2\/posts\/4961\/revisions"}],"wp:featuredmedia":[{"embeddable":true,"href":"https:\/\/www.svalbard.fr\/actualites\/wp-json\/wp\/v2\/media\/4962"}],"wp:attachment":[{"href":"https:\/\/www.svalbard.fr\/actualites\/wp-json\/wp\/v2\/media?parent=4961"}],"wp:term":[{"taxonomy":"category","embeddable":true,"href":"https:\/\/www.svalbard.fr\/actualites\/wp-json\/wp\/v2\/categories?post=4961"},{"taxonomy":"post_tag","embeddable":true,"href":"https:\/\/www.svalbard.fr\/actualites\/wp-json\/wp\/v2\/tags?post=4961"}],"curies":[{"name":"wp","href":"https:\/\/api.w.org\/{rel}","templated":true}]}}