{"id":4967,"date":"2025-09-15T10:51:41","date_gmt":"2025-09-15T08:51:41","guid":{"rendered":"https:\/\/www.svalbard.fr\/actualites\/video-le-saumon-sauvage-de-la-norvege-peut-il-etre-sauve\/"},"modified":"2025-09-15T10:51:41","modified_gmt":"2025-09-15T08:51:41","slug":"video-le-saumon-sauvage-de-la-norvege-peut-il-etre-sauve","status":"publish","type":"post","link":"https:\/\/www.svalbard.fr\/actualites\/video-le-saumon-sauvage-de-la-norvege-peut-il-etre-sauve\/","title":{"rendered":"Vid\u00e9o: Le saumon sauvage de la Norv\u00e8ge peut-il \u00eatre sauv\u00e9?"},"content":{"rendered":"<div itemprop=\"text\">\n\t\t\t<span id=\"dpsp-post-content-markup\" data-image-pin-it=\"false\"><\/span><\/p>\n<p class=\"intro\">L&#39;agriculture industrielle met le saumon sauvage de la Norv\u00e8ge, avec menace, avec des poux de saumon parasite se propageant \u00e0 des taux alarmants. Dans cette vid\u00e9o, DW demande si le saumon sauvage peut encore \u00eatre sauv\u00e9.<\/p>\n<p>Dans les fermes de saumon norv\u00e9giennes, un minuscule parasite cr\u00e9e un gros probl\u00e8me. Les poux de saumon se sont multipli\u00e9s hors de contr\u00f4le, tuant des millions de poissons et se propageant bien au-del\u00e0 des fermes elles-m\u00eames.<\/p>\n<figure class=\"wp-block-image size-large\"><img data-lazyloaded=\"1\" data-placeholder-resp=\"768x432\" fetchpriority=\"high\" decoding=\"async\" width=\"768\" height=\"432\" src=\"https:\/\/www.svalbard.fr\/actualites\/wp-content\/uploads\/2025\/09\/Video-Le-saumon-sauvage-de-la-Norvege-peut-il-etre-sauve.jpg\" alt=\"Saumon sur la glace\" class=\"wp-image-84863\"  data-><noscript><img fetchpriority=\"high\" decoding=\"async\" width=\"768\" height=\"432\" src=\"https:\/\/www.svalbard.fr\/actualites\/wp-content\/uploads\/2025\/09\/Video-Le-saumon-sauvage-de-la-Norvege-peut-il-etre-sauve.jpg\" alt=\"Saumon sur la glace\" class=\"wp-image-84863\"  ><\/noscript><\/figure>\n<p>Les parasites s&#39;\u00e9chappent dans les fjords et les eaux c\u00f4ti\u00e8res \u00e0 partir de cages ouvertes, o\u00f9 un grand nombre de saumon d&#39;\u00e9levage sont \u00e9lev\u00e9s. Une fois en eau libre, les poux s&#39;attachent au saumon sauvage sur leur migration entre la mer et les rivi\u00e8res de la Norv\u00e8ge.<\/p>\n<p>Pour de nombreux Norv\u00e9giens, le saumon sauvage est plus qu&#39;une simple esp\u00e8ce. Il repr\u00e9sente la tradition, l&#39;identit\u00e9 et un mode de vie. Les p\u00eacheurs, les scientifiques et les \u00e9cologistes travaillent ensemble pour prot\u00e9ger ce qui reste.<\/p>\n<h2 class=\"wp-block-heading\">VID\u00c9O DW: Sauver le saumon sauvage en Norv\u00e8ge<\/h2>\n<p>Chaque automne, le biologiste aquatique Helge Skoglund enfile son \u00e9quipement de plong\u00e9e et se glisse dans les rivi\u00e8res glac\u00e9es pour surveiller les populations de saumon sauvage alors qu&#39;ils reviennent en amont pour frayer.<\/p>\n<p>Deutsche Welle (DW) a marqu\u00e9 pour produire cette excellente vid\u00e9o, qui vaut bien une montre:<\/p>\n<figure class=\"wp-block-embed is-type-video is-provider-youtube wp-block-embed-youtube wp-embed-aspect-16-9 wp-has-aspect-ratio\">\n<p>\n<a href=\"https:\/\/www.youtube.com\/watch?v=ivoxmojubag\">https:\/\/www.youtube.com\/watch?v=ivoxmojubag<\/a>\n<\/p>\n<\/figure>\n<p>Les chiffres font r\u00e9fl\u00e9chir: de plus d&#39;un million de poissons dans le pass\u00e9 \u00e0 moins de 400 000 aujourd&#39;hui.<\/p>\n<p>\u00abJe crains qu&#39;il n&#39;y ait pas assez de saumon pour assurer la stabilit\u00e9 de la population \u00e0 long terme\u00bb, explique Skoglund. La baisse a d\u00e9j\u00e0 forc\u00e9 de nombreuses rivi\u00e8res \u00e0 fermer pour la p\u00eache, tandis que 1 000 fermes de saumon de Norv\u00e8ge continuent de lutter contre les infestations de poux qu&#39;ils ne peuvent pas contr\u00f4ler.<\/p>\n<p>L&#39;impact est \u00e9galement ressenti sur les fermes elles-m\u00eames. Selon le Norwegian Seafood Council, la mortalit\u00e9 moyenne des poissons est d&#39;environ 17%. Mais certains essaient de nouvelles approches.<\/p>\n<p>Le producteur de saumon Thomas Myrholt a investi dans des r\u00e9servoirs ferm\u00e9s qui gardent ses poissons s\u00e9par\u00e9s de la mer ouverte. Il affirme que ses stocks sont sans pouce et esp\u00e8rent que les r\u00e9glementations futures pousseront davantage d&#39;agriculteurs vers des solutions durables.<\/p>\n<\/p><\/div>\n","protected":false},"excerpt":{"rendered":"<p>L&#39;agriculture industrielle met le saumon sauvage de la Norv\u00e8ge, avec menace, avec des poux de saumon parasite se propageant \u00e0 des taux alarmants. Dans cette<\/p>\n","protected":false},"author":1,"featured_media":4968,"comment_status":"","ping_status":"","sticky":false,"template":"","format":"standard","meta":{"footnotes":""},"categories":[2277],"tags":[748,6,5129,5127,61,5131,648],"yoast_head":"<!-- This site is optimized with the Yoast SEO plugin v21.0 - https:\/\/yoast.com\/wordpress\/plugins\/seo\/ -->\n<title>Vid\u00e9o: Le saumon sauvage de la Norv\u00e8ge peut-il \u00eatre sauv\u00e9?<\/title>\n<meta name=\"robots\" content=\"index, follow, max-snippet:-1, max-image-preview:large, max-video-preview:-1\" \/>\n<link rel=\"canonical\" href=\"https:\/\/www.svalbard.fr\/actualites\/video-le-saumon-sauvage-de-la-norvege-peut-il-etre-sauve\/\" \/>\n<meta property=\"og:locale\" content=\"fr_FR\" \/>\n<meta property=\"og:type\" content=\"article\" \/>\n<meta property=\"og:title\" content=\"Vid\u00e9o: Le saumon sauvage de la Norv\u00e8ge peut-il \u00eatre sauv\u00e9?\" \/>\n<meta property=\"og:description\" content=\"L&#039;agriculture industrielle met le saumon sauvage de la Norv\u00e8ge, avec menace, avec des poux de saumon parasite se propageant \u00e0 des taux alarmants. Dans cette\" \/>\n<meta property=\"og:url\" content=\"https:\/\/www.svalbard.fr\/actualites\/video-le-saumon-sauvage-de-la-norvege-peut-il-etre-sauve\/\" \/>\n<meta property=\"og:site_name\" content=\"www.Svalbard.fr\" \/>\n<meta property=\"article:published_time\" content=\"2025-09-15T08:51:41+00:00\" \/>\n<meta property=\"og:image\" content=\"https:\/\/www.svalbard.fr\/actualites\/wp-content\/uploads\/2025\/09\/Video-Le-saumon-sauvage-de-la-Norvege-peut-il-etre-sauve.jpg\" \/>\n<meta name=\"author\" content=\"Hilmar\" \/>\n<meta name=\"twitter:card\" content=\"summary_large_image\" \/>\n<meta name=\"twitter:label1\" content=\"\u00c9crit par\" \/>\n\t<meta name=\"twitter:data1\" content=\"Hilmar\" \/>\n\t<meta name=\"twitter:label2\" content=\"Dur\u00e9e de lecture estim\u00e9e\" \/>\n\t<meta name=\"twitter:data2\" content=\"2 minutes\" \/>\n<script type=\"application\/ld+json\" class=\"yoast-schema-graph\">{\"@context\":\"https:\/\/schema.org\",\"@graph\":[{\"@type\":\"Article\",\"@id\":\"https:\/\/www.svalbard.fr\/actualites\/video-le-saumon-sauvage-de-la-norvege-peut-il-etre-sauve\/#article\",\"isPartOf\":{\"@id\":\"https:\/\/www.svalbard.fr\/actualites\/video-le-saumon-sauvage-de-la-norvege-peut-il-etre-sauve\/\"},\"author\":{\"name\":\"Hilmar\",\"@id\":\"https:\/\/www.svalbard.fr\/actualites\/#\/schema\/person\/a2f937d5712222366738fae98755c600\"},\"headline\":\"Vid\u00e9o: Le saumon sauvage de la Norv\u00e8ge peut-il \u00eatre sauv\u00e9?\",\"datePublished\":\"2025-09-15T08:51:41+00:00\",\"dateModified\":\"2025-09-15T08:51:41+00:00\",\"mainEntityOfPage\":{\"@id\":\"https:\/\/www.svalbard.fr\/actualites\/video-le-saumon-sauvage-de-la-norvege-peut-il-etre-sauve\/\"},\"wordCount\":419,\"publisher\":{\"@id\":\"https:\/\/www.svalbard.fr\/actualites\/#organization\"},\"keywords\":[\"\u00eatre\",\"Norv\u00e8ge\",\"peutil\",\"saumon\",\"sauvage\",\"sauv\u00e9\",\"vid\u00e9o\"],\"inLanguage\":\"fr-FR\"},{\"@type\":\"WebPage\",\"@id\":\"https:\/\/www.svalbard.fr\/actualites\/video-le-saumon-sauvage-de-la-norvege-peut-il-etre-sauve\/\",\"url\":\"https:\/\/www.svalbard.fr\/actualites\/video-le-saumon-sauvage-de-la-norvege-peut-il-etre-sauve\/\",\"name\":\"Vid\u00e9o: Le saumon sauvage de la Norv\u00e8ge peut-il \u00eatre sauv\u00e9?\",\"isPartOf\":{\"@id\":\"https:\/\/www.svalbard.fr\/actualites\/#website\"},\"datePublished\":\"2025-09-15T08:51:41+00:00\",\"dateModified\":\"2025-09-15T08:51:41+00:00\",\"breadcrumb\":{\"@id\":\"https:\/\/www.svalbard.fr\/actualites\/video-le-saumon-sauvage-de-la-norvege-peut-il-etre-sauve\/#breadcrumb\"},\"inLanguage\":\"fr-FR\",\"potentialAction\":[{\"@type\":\"ReadAction\",\"target\":[\"https:\/\/www.svalbard.fr\/actualites\/video-le-saumon-sauvage-de-la-norvege-peut-il-etre-sauve\/\"]}]},{\"@type\":\"BreadcrumbList\",\"@id\":\"https:\/\/www.svalbard.fr\/actualites\/video-le-saumon-sauvage-de-la-norvege-peut-il-etre-sauve\/#breadcrumb\",\"itemListElement\":[{\"@type\":\"ListItem\",\"position\":1,\"name\":\"Accueil\",\"item\":\"https:\/\/www.svalbard.fr\/actualites\/\"},{\"@type\":\"ListItem\",\"position\":2,\"name\":\"Vid\u00e9o: Le saumon sauvage de la Norv\u00e8ge peut-il \u00eatre sauv\u00e9?\"}]},{\"@type\":\"WebSite\",\"@id\":\"https:\/\/www.svalbard.fr\/actualites\/#website\",\"url\":\"https:\/\/www.svalbard.fr\/actualites\/\",\"name\":\"www.Svalbard.fr\",\"description\":\"\",\"publisher\":{\"@id\":\"https:\/\/www.svalbard.fr\/actualites\/#organization\"},\"potentialAction\":[{\"@type\":\"SearchAction\",\"target\":{\"@type\":\"EntryPoint\",\"urlTemplate\":\"https:\/\/www.svalbard.fr\/actualites\/?s={search_term_string}\"},\"query-input\":\"required name=search_term_string\"}],\"inLanguage\":\"fr-FR\"},{\"@type\":\"Organization\",\"@id\":\"https:\/\/www.svalbard.fr\/actualites\/#organization\",\"name\":\"www.Svalbard.fr\",\"url\":\"https:\/\/www.svalbard.fr\/actualites\/\",\"logo\":{\"@type\":\"ImageObject\",\"inLanguage\":\"fr-FR\",\"@id\":\"https:\/\/www.svalbard.fr\/actualites\/#\/schema\/logo\/image\/\",\"url\":\"https:\/\/www.svalbard.fr\/actualites\/wp-content\/uploads\/2023\/09\/head-nom.jpg\",\"contentUrl\":\"https:\/\/www.svalbard.fr\/actualites\/wp-content\/uploads\/2023\/09\/head-nom.jpg\",\"width\":264,\"height\":35,\"caption\":\"www.Svalbard.fr\"},\"image\":{\"@id\":\"https:\/\/www.svalbard.fr\/actualites\/#\/schema\/logo\/image\/\"}},{\"@type\":\"Person\",\"@id\":\"https:\/\/www.svalbard.fr\/actualites\/#\/schema\/person\/a2f937d5712222366738fae98755c600\",\"name\":\"Hilmar\",\"image\":{\"@type\":\"ImageObject\",\"inLanguage\":\"fr-FR\",\"@id\":\"https:\/\/www.svalbard.fr\/actualites\/#\/schema\/person\/image\/\",\"url\":\"https:\/\/secure.gravatar.com\/avatar\/4daa437093476dbc32da415c112b6512?s=96&d=mm&r=g\",\"contentUrl\":\"https:\/\/secure.gravatar.com\/avatar\/4daa437093476dbc32da415c112b6512?s=96&d=mm&r=g\",\"caption\":\"Hilmar\"},\"description\":\"Hilmar est un passionn\u00e9 des r\u00e9gions polaires, sp\u00e9cialis\u00e9 dans la r\u00e9daction d'articles sur le Spitzberg et autres destinations arctiques. Il apporte son expertise et sa passion pour l'Arctique au sein de l'\u00e9quipe de r\u00e9daction de Svalbard depuis de nombreuses ann\u00e9es.\",\"sameAs\":[\"https:\/\/www.svalbard.fr\/\"]}]}<\/script>\n<!-- \/ Yoast SEO plugin. -->","yoast_head_json":{"title":"Vid\u00e9o: Le saumon sauvage de la Norv\u00e8ge peut-il \u00eatre sauv\u00e9?","robots":{"index":"index","follow":"follow","max-snippet":"max-snippet:-1","max-image-preview":"max-image-preview:large","max-video-preview":"max-video-preview:-1"},"canonical":"https:\/\/www.svalbard.fr\/actualites\/video-le-saumon-sauvage-de-la-norvege-peut-il-etre-sauve\/","og_locale":"fr_FR","og_type":"article","og_title":"Vid\u00e9o: Le saumon sauvage de la Norv\u00e8ge peut-il \u00eatre sauv\u00e9?","og_description":"L&#39;agriculture industrielle met le saumon sauvage de la Norv\u00e8ge, avec menace, avec des poux de saumon parasite se propageant \u00e0 des taux alarmants. Dans cette","og_url":"https:\/\/www.svalbard.fr\/actualites\/video-le-saumon-sauvage-de-la-norvege-peut-il-etre-sauve\/","og_site_name":"www.Svalbard.fr","article_published_time":"2025-09-15T08:51:41+00:00","og_image":[{"url":"https:\/\/www.svalbard.fr\/actualites\/wp-content\/uploads\/2025\/09\/Video-Le-saumon-sauvage-de-la-Norvege-peut-il-etre-sauve.jpg"}],"author":"Hilmar","twitter_card":"summary_large_image","twitter_misc":{"\u00c9crit par":"Hilmar","Dur\u00e9e de lecture estim\u00e9e":"2 minutes"},"schema":{"@context":"https:\/\/schema.org","@graph":[{"@type":"Article","@id":"https:\/\/www.svalbard.fr\/actualites\/video-le-saumon-sauvage-de-la-norvege-peut-il-etre-sauve\/#article","isPartOf":{"@id":"https:\/\/www.svalbard.fr\/actualites\/video-le-saumon-sauvage-de-la-norvege-peut-il-etre-sauve\/"},"author":{"name":"Hilmar","@id":"https:\/\/www.svalbard.fr\/actualites\/#\/schema\/person\/a2f937d5712222366738fae98755c600"},"headline":"Vid\u00e9o: Le saumon sauvage de la Norv\u00e8ge peut-il \u00eatre sauv\u00e9?","datePublished":"2025-09-15T08:51:41+00:00","dateModified":"2025-09-15T08:51:41+00:00","mainEntityOfPage":{"@id":"https:\/\/www.svalbard.fr\/actualites\/video-le-saumon-sauvage-de-la-norvege-peut-il-etre-sauve\/"},"wordCount":419,"publisher":{"@id":"https:\/\/www.svalbard.fr\/actualites\/#organization"},"keywords":["\u00eatre","Norv\u00e8ge","peutil","saumon","sauvage","sauv\u00e9","vid\u00e9o"],"inLanguage":"fr-FR"},{"@type":"WebPage","@id":"https:\/\/www.svalbard.fr\/actualites\/video-le-saumon-sauvage-de-la-norvege-peut-il-etre-sauve\/","url":"https:\/\/www.svalbard.fr\/actualites\/video-le-saumon-sauvage-de-la-norvege-peut-il-etre-sauve\/","name":"Vid\u00e9o: Le saumon sauvage de la Norv\u00e8ge peut-il \u00eatre sauv\u00e9?","isPartOf":{"@id":"https:\/\/www.svalbard.fr\/actualites\/#website"},"datePublished":"2025-09-15T08:51:41+00:00","dateModified":"2025-09-15T08:51:41+00:00","breadcrumb":{"@id":"https:\/\/www.svalbard.fr\/actualites\/video-le-saumon-sauvage-de-la-norvege-peut-il-etre-sauve\/#breadcrumb"},"inLanguage":"fr-FR","potentialAction":[{"@type":"ReadAction","target":["https:\/\/www.svalbard.fr\/actualites\/video-le-saumon-sauvage-de-la-norvege-peut-il-etre-sauve\/"]}]},{"@type":"BreadcrumbList","@id":"https:\/\/www.svalbard.fr\/actualites\/video-le-saumon-sauvage-de-la-norvege-peut-il-etre-sauve\/#breadcrumb","itemListElement":[{"@type":"ListItem","position":1,"name":"Accueil","item":"https:\/\/www.svalbard.fr\/actualites\/"},{"@type":"ListItem","position":2,"name":"Vid\u00e9o: Le saumon sauvage de la Norv\u00e8ge peut-il \u00eatre sauv\u00e9?"}]},{"@type":"WebSite","@id":"https:\/\/www.svalbard.fr\/actualites\/#website","url":"https:\/\/www.svalbard.fr\/actualites\/","name":"www.Svalbard.fr","description":"","publisher":{"@id":"https:\/\/www.svalbard.fr\/actualites\/#organization"},"potentialAction":[{"@type":"SearchAction","target":{"@type":"EntryPoint","urlTemplate":"https:\/\/www.svalbard.fr\/actualites\/?s={search_term_string}"},"query-input":"required name=search_term_string"}],"inLanguage":"fr-FR"},{"@type":"Organization","@id":"https:\/\/www.svalbard.fr\/actualites\/#organization","name":"www.Svalbard.fr","url":"https:\/\/www.svalbard.fr\/actualites\/","logo":{"@type":"ImageObject","inLanguage":"fr-FR","@id":"https:\/\/www.svalbard.fr\/actualites\/#\/schema\/logo\/image\/","url":"https:\/\/www.svalbard.fr\/actualites\/wp-content\/uploads\/2023\/09\/head-nom.jpg","contentUrl":"https:\/\/www.svalbard.fr\/actualites\/wp-content\/uploads\/2023\/09\/head-nom.jpg","width":264,"height":35,"caption":"www.Svalbard.fr"},"image":{"@id":"https:\/\/www.svalbard.fr\/actualites\/#\/schema\/logo\/image\/"}},{"@type":"Person","@id":"https:\/\/www.svalbard.fr\/actualites\/#\/schema\/person\/a2f937d5712222366738fae98755c600","name":"Hilmar","image":{"@type":"ImageObject","inLanguage":"fr-FR","@id":"https:\/\/www.svalbard.fr\/actualites\/#\/schema\/person\/image\/","url":"https:\/\/secure.gravatar.com\/avatar\/4daa437093476dbc32da415c112b6512?s=96&d=mm&r=g","contentUrl":"https:\/\/secure.gravatar.com\/avatar\/4daa437093476dbc32da415c112b6512?s=96&d=mm&r=g","caption":"Hilmar"},"description":"Hilmar est un passionn\u00e9 des r\u00e9gions polaires, sp\u00e9cialis\u00e9 dans la r\u00e9daction d'articles sur le Spitzberg et autres destinations arctiques. Il apporte son expertise et sa passion pour l'Arctique au sein de l'\u00e9quipe de r\u00e9daction de Svalbard depuis de nombreuses ann\u00e9es.","sameAs":["https:\/\/www.svalbard.fr\/"]}]}},"_links":{"self":[{"href":"https:\/\/www.svalbard.fr\/actualites\/wp-json\/wp\/v2\/posts\/4967"}],"collection":[{"href":"https:\/\/www.svalbard.fr\/actualites\/wp-json\/wp\/v2\/posts"}],"about":[{"href":"https:\/\/www.svalbard.fr\/actualites\/wp-json\/wp\/v2\/types\/post"}],"author":[{"embeddable":true,"href":"https:\/\/www.svalbard.fr\/actualites\/wp-json\/wp\/v2\/users\/1"}],"replies":[{"embeddable":true,"href":"https:\/\/www.svalbard.fr\/actualites\/wp-json\/wp\/v2\/comments?post=4967"}],"version-history":[{"count":0,"href":"https:\/\/www.svalbard.fr\/actualites\/wp-json\/wp\/v2\/posts\/4967\/revisions"}],"wp:featuredmedia":[{"embeddable":true,"href":"https:\/\/www.svalbard.fr\/actualites\/wp-json\/wp\/v2\/media\/4968"}],"wp:attachment":[{"href":"https:\/\/www.svalbard.fr\/actualites\/wp-json\/wp\/v2\/media?parent=4967"}],"wp:term":[{"taxonomy":"category","embeddable":true,"href":"https:\/\/www.svalbard.fr\/actualites\/wp-json\/wp\/v2\/categories?post=4967"},{"taxonomy":"post_tag","embeddable":true,"href":"https:\/\/www.svalbard.fr\/actualites\/wp-json\/wp\/v2\/tags?post=4967"}],"curies":[{"name":"wp","href":"https:\/\/api.w.org\/{rel}","templated":true}]}}