{"id":4969,"date":"2025-09-15T11:38:53","date_gmt":"2025-09-15T09:38:53","guid":{"rendered":"https:\/\/www.svalbard.fr\/actualites\/iles-europeennes-dun-autre-monde-ou-la-lumiere-du-jour-ne-se-termine-jamais\/"},"modified":"2025-09-15T11:38:55","modified_gmt":"2025-09-15T09:38:55","slug":"iles-europeennes-dun-autre-monde-ou-la-lumiere-du-jour-ne-se-termine-jamais","status":"publish","type":"post","link":"https:\/\/www.svalbard.fr\/actualites\/iles-europeennes-dun-autre-monde-ou-la-lumiere-du-jour-ne-se-termine-jamais\/","title":{"rendered":"\u00celes europ\u00e9ennes \u00ab\u00a0 d&#39;un autre monde &#39;&#39; o\u00f9 la lumi\u00e8re du jour ne se termine jamais"},"content":{"rendered":"<div>\n<p>Lorsque vous pensez au saut d&#39;\u00eele d&#39;\u00e9t\u00e9, les mers cristallines de la Gr\u00e8ce ou les lentes jours ensoleill\u00e9s de l&#39;Italie me viennent probablement \u00e0 l&#39;esprit. Vous \u00eates moins susceptible de penser \u00e0 pagayer sur des fjords frais, \u00e0 camper sur des \u00eeles recul\u00e9es ou \u00e0 explorer le paysage net sous le soleil 24h \/ 24 du cercle arctique.<\/p>\n<p>Cependant, de plus en plus de gens se tournent vers des \u00abcoolcations\u00bb pour leurs vacances et les \u00eeles Lofoten de Norv\u00e8ge sont l&#39;endroit id\u00e9al pour le faire. Si vous choisissez de visiter la Norv\u00e8ge entre mai et ao\u00fbt, vous pouvez d\u00e9couvrir le soleil de minuit &#8211; une rare opportunit\u00e9 d&#39;explorer 24 heures sur 24, car le soleil ne se couche jamais. Cela signifie des feux de camp sous un ciel en lumi\u00e8re du jour, nage dans des mers glac\u00e9es et des randonn\u00e9es \u00e0 des heures que vous dormiriez normalement.<\/p>\n<\/div>\n<div>\n<p>Les \u00eeles Lofoten offrent un autre type de vacances. L&#39;archipel robuste poss\u00e8de certains des paysages les plus magnifiques du monde &#8211; mais aussi de petits villages de p\u00eacheurs \u00e0 explorer, et une riche histoire culturelle pour vous enfoncer dans <\/p>\n<p>Chris Kearney, cr\u00e9ateur d&#39;aventure et directeur d&#39;expansion senior dans de bien meilleures aventures, a r\u00e9cemment fait un voyage aux \u00eeles pour voir de quoi il s&#39;agit. Le voyage \u00e9tait tellement fantastique, il a eu du mal \u00e0 choisir un seul moment pr\u00e9f\u00e9r\u00e9 dans le camping, le kayak et l&#39;exploration. <\/p>\n<p>Il a d\u00e9clar\u00e9: \u00ab\u00a0Ma semaine dans l&#39;Arctique dans son ensemble, sans le coucher du soleil, a \u00e9t\u00e9 la chose la plus surr\u00e9aliste, plut\u00f4t qu&#39;un moment sp\u00e9cifique. Il prend une qualit\u00e9 d&#39;un autre monde lorsque vous allez aussi longtemps sans voir l&#39;obscurit\u00e9.\u00a0\u00bb<\/p>\n<\/div>\n<div>\n<p>Cependant, il y a eu une exp\u00e9rience qui s&#39;est d\u00e9marqu\u00e9e pour lui. Il a d\u00e9clar\u00e9: \u00abBivv\u00e8de sur une \u00eele des lofotens avec les nuages \u200b\u200broulant sur le dessus des montagnes de Valberg, et regardant vers la silhouette de Festv\u00e5gtinden au loin, avec des aigles de mer au-dessus et une belle baie calme tout autour.<\/p>\n<p>Le soleil de minuit signifie que le temps est beaucoup plus d\u00e9tendu les vacances d&#39;\u00e9t\u00e9. Chris a d\u00e9clar\u00e9: \u00ab\u00a0Le temps \u00e9tait beaucoup plus fluide lors de ce voyage.<\/p>\n<p>\u00abCela a absolument chang\u00e9 notre fa\u00e7on de passer nos jours et nos nuits. Vous pouvez litt\u00e9ralement faire une randonn\u00e9e \u00e0 2 heures du matin si vous le vouliez vraiment.<\/p>\n<p>\u00ab\u00a0Les jours ont souvent commenc\u00e9 plus lentement, car il n&#39;y avait pas de pr\u00e9cipitation \u00e0 tirer le meilleur parti du jour limit\u00e9, afin que vous puissiez vous d\u00e9tendre au camp ou prendre une baignade froide avant le petit d\u00e9jeuner.\u00a0\u00bb<\/p>\n<\/div>\n<div>\n<p>Si vous voulez explorer Lofoten vous-m\u00eame, il existe de diff\u00e9rentes fa\u00e7ons d&#39;y arriver. Le moyen le plus rapide est par avion. Du Royaume-Uni, prenez un vol \u00e0 Oslo avant de sauter sur un vol int\u00e9rieur vers Bod\u00f8, puis un dernier vol vers l&#39;archipel.<\/p>\n<p>Vous pouvez \u00e9galement vous rendre sur les \u00eeles en bateau. Hurtigruten, \u00e9galement connu sous le nom de Norwegian Coastal Express, est un op\u00e9rateur de croisi\u00e8re, de ferry et de fret norv\u00e9gien qui dirige des navires le long de la c\u00f4te norv\u00e9gienne. <\/p>\n<p>Le navire arrive \u00e0 Lofoten \u00e0 Stamsund en route vers le nord apr\u00e8s avoir travers\u00e9 Bod\u00f8. Il proc\u00e8de ensuite \u00e0 Svolv\u00e6r. L&#39;itin\u00e9raire suit le m\u00eame chemin mais dans l&#39;ordre inverse sur le voyage en direction sud.<\/p>\n<\/div>\n","protected":false},"excerpt":{"rendered":"<p>Lorsque vous pensez au saut d&#39;\u00eele d&#39;\u00e9t\u00e9, les mers cristallines de la Gr\u00e8ce ou les lentes jours ensoleill\u00e9s de l&#39;Italie me viennent probablement \u00e0 l&#39;esprit.<\/p>\n","protected":false},"author":1,"featured_media":4970,"comment_status":"closed","ping_status":"","sticky":false,"template":"","format":"standard","meta":{"footnotes":""},"categories":[2277],"tags":[51,1196,943,98,1436,632,1600,307,129,5133],"yoast_head":"<!-- This site is optimized with the Yoast SEO plugin v21.0 - https:\/\/yoast.com\/wordpress\/plugins\/seo\/ -->\n<title>\u00celes europ\u00e9ennes `` d&#039;un autre monde &#039;&#039; o\u00f9 la lumi\u00e8re du jour ne se termine jamais<\/title>\n<meta name=\"robots\" content=\"index, follow, max-snippet:-1, max-image-preview:large, max-video-preview:-1\" \/>\n<link rel=\"canonical\" href=\"https:\/\/www.svalbard.fr\/actualites\/iles-europeennes-dun-autre-monde-ou-la-lumiere-du-jour-ne-se-termine-jamais\/\" \/>\n<meta property=\"og:locale\" content=\"fr_FR\" \/>\n<meta property=\"og:type\" content=\"article\" \/>\n<meta property=\"og:title\" content=\"\u00celes europ\u00e9ennes `` d&#039;un autre monde &#039;&#039; o\u00f9 la lumi\u00e8re du jour ne se termine jamais\" \/>\n<meta property=\"og:description\" content=\"Lorsque vous pensez au saut d&#039;\u00eele d&#039;\u00e9t\u00e9, les mers cristallines de la Gr\u00e8ce ou les lentes jours ensoleill\u00e9s de l&#039;Italie me viennent probablement \u00e0 l&#039;esprit.\" \/>\n<meta property=\"og:url\" content=\"https:\/\/www.svalbard.fr\/actualites\/iles-europeennes-dun-autre-monde-ou-la-lumiere-du-jour-ne-se-termine-jamais\/\" \/>\n<meta property=\"og:site_name\" content=\"www.Svalbard.fr\" \/>\n<meta property=\"article:published_time\" content=\"2025-09-15T09:38:53+00:00\" \/>\n<meta property=\"article:modified_time\" content=\"2025-09-15T09:38:55+00:00\" \/>\n<meta property=\"og:image\" content=\"https:\/\/www.svalbard.fr\/actualites\/wp-content\/uploads\/2025\/09\/Iles-europeennes-d39un-autre-monde-3939-ou-la-lumiere.jpg\" \/>\n\t<meta property=\"og:image:width\" content=\"1200\" \/>\n\t<meta property=\"og:image:height\" content=\"630\" \/>\n\t<meta property=\"og:image:type\" content=\"image\/jpeg\" \/>\n<meta name=\"author\" content=\"Hilmar\" \/>\n<meta name=\"twitter:card\" content=\"summary_large_image\" \/>\n<meta name=\"twitter:label1\" content=\"\u00c9crit par\" \/>\n\t<meta name=\"twitter:data1\" content=\"Hilmar\" \/>\n\t<meta name=\"twitter:label2\" content=\"Dur\u00e9e de lecture estim\u00e9e\" \/>\n\t<meta name=\"twitter:data2\" content=\"3 minutes\" \/>\n<script type=\"application\/ld+json\" class=\"yoast-schema-graph\">{\"@context\":\"https:\/\/schema.org\",\"@graph\":[{\"@type\":\"Article\",\"@id\":\"https:\/\/www.svalbard.fr\/actualites\/iles-europeennes-dun-autre-monde-ou-la-lumiere-du-jour-ne-se-termine-jamais\/#article\",\"isPartOf\":{\"@id\":\"https:\/\/www.svalbard.fr\/actualites\/iles-europeennes-dun-autre-monde-ou-la-lumiere-du-jour-ne-se-termine-jamais\/\"},\"author\":{\"name\":\"Hilmar\",\"@id\":\"https:\/\/www.svalbard.fr\/actualites\/#\/schema\/person\/a2f937d5712222366738fae98755c600\"},\"headline\":\"\u00celes europ\u00e9ennes \u00ab\u00a0 d&#39;un autre monde &#39;&#39; o\u00f9 la lumi\u00e8re du jour ne se termine jamais\",\"datePublished\":\"2025-09-15T09:38:53+00:00\",\"dateModified\":\"2025-09-15T09:38:55+00:00\",\"mainEntityOfPage\":{\"@id\":\"https:\/\/www.svalbard.fr\/actualites\/iles-europeennes-dun-autre-monde-ou-la-lumiere-du-jour-ne-se-termine-jamais\/\"},\"wordCount\":616,\"publisher\":{\"@id\":\"https:\/\/www.svalbard.fr\/actualites\/#organization\"},\"keywords\":[\"autre\",\"d39un\",\"europ\u00e9ennes\",\"\u00eeles\",\"jamais\",\"jour\",\"lumi\u00e8re\",\"monde\",\"O\u00f9\",\"termine\"],\"inLanguage\":\"fr-FR\"},{\"@type\":\"WebPage\",\"@id\":\"https:\/\/www.svalbard.fr\/actualites\/iles-europeennes-dun-autre-monde-ou-la-lumiere-du-jour-ne-se-termine-jamais\/\",\"url\":\"https:\/\/www.svalbard.fr\/actualites\/iles-europeennes-dun-autre-monde-ou-la-lumiere-du-jour-ne-se-termine-jamais\/\",\"name\":\"\u00celes europ\u00e9ennes `` d&#39;un autre monde &#39;&#39; o\u00f9 la lumi\u00e8re du jour ne se termine jamais\",\"isPartOf\":{\"@id\":\"https:\/\/www.svalbard.fr\/actualites\/#website\"},\"datePublished\":\"2025-09-15T09:38:53+00:00\",\"dateModified\":\"2025-09-15T09:38:55+00:00\",\"breadcrumb\":{\"@id\":\"https:\/\/www.svalbard.fr\/actualites\/iles-europeennes-dun-autre-monde-ou-la-lumiere-du-jour-ne-se-termine-jamais\/#breadcrumb\"},\"inLanguage\":\"fr-FR\",\"potentialAction\":[{\"@type\":\"ReadAction\",\"target\":[\"https:\/\/www.svalbard.fr\/actualites\/iles-europeennes-dun-autre-monde-ou-la-lumiere-du-jour-ne-se-termine-jamais\/\"]}]},{\"@type\":\"BreadcrumbList\",\"@id\":\"https:\/\/www.svalbard.fr\/actualites\/iles-europeennes-dun-autre-monde-ou-la-lumiere-du-jour-ne-se-termine-jamais\/#breadcrumb\",\"itemListElement\":[{\"@type\":\"ListItem\",\"position\":1,\"name\":\"Accueil\",\"item\":\"https:\/\/www.svalbard.fr\/actualites\/\"},{\"@type\":\"ListItem\",\"position\":2,\"name\":\"\u00celes europ\u00e9ennes \u00ab\u00a0 d&#39;un autre monde &#39;&#39; o\u00f9 la lumi\u00e8re du jour ne se termine jamais\"}]},{\"@type\":\"WebSite\",\"@id\":\"https:\/\/www.svalbard.fr\/actualites\/#website\",\"url\":\"https:\/\/www.svalbard.fr\/actualites\/\",\"name\":\"www.Svalbard.fr\",\"description\":\"\",\"publisher\":{\"@id\":\"https:\/\/www.svalbard.fr\/actualites\/#organization\"},\"potentialAction\":[{\"@type\":\"SearchAction\",\"target\":{\"@type\":\"EntryPoint\",\"urlTemplate\":\"https:\/\/www.svalbard.fr\/actualites\/?s={search_term_string}\"},\"query-input\":\"required name=search_term_string\"}],\"inLanguage\":\"fr-FR\"},{\"@type\":\"Organization\",\"@id\":\"https:\/\/www.svalbard.fr\/actualites\/#organization\",\"name\":\"www.Svalbard.fr\",\"url\":\"https:\/\/www.svalbard.fr\/actualites\/\",\"logo\":{\"@type\":\"ImageObject\",\"inLanguage\":\"fr-FR\",\"@id\":\"https:\/\/www.svalbard.fr\/actualites\/#\/schema\/logo\/image\/\",\"url\":\"https:\/\/www.svalbard.fr\/actualites\/wp-content\/uploads\/2023\/09\/head-nom.jpg\",\"contentUrl\":\"https:\/\/www.svalbard.fr\/actualites\/wp-content\/uploads\/2023\/09\/head-nom.jpg\",\"width\":264,\"height\":35,\"caption\":\"www.Svalbard.fr\"},\"image\":{\"@id\":\"https:\/\/www.svalbard.fr\/actualites\/#\/schema\/logo\/image\/\"}},{\"@type\":\"Person\",\"@id\":\"https:\/\/www.svalbard.fr\/actualites\/#\/schema\/person\/a2f937d5712222366738fae98755c600\",\"name\":\"Hilmar\",\"image\":{\"@type\":\"ImageObject\",\"inLanguage\":\"fr-FR\",\"@id\":\"https:\/\/www.svalbard.fr\/actualites\/#\/schema\/person\/image\/\",\"url\":\"https:\/\/secure.gravatar.com\/avatar\/4daa437093476dbc32da415c112b6512?s=96&d=mm&r=g\",\"contentUrl\":\"https:\/\/secure.gravatar.com\/avatar\/4daa437093476dbc32da415c112b6512?s=96&d=mm&r=g\",\"caption\":\"Hilmar\"},\"description\":\"Hilmar est un passionn\u00e9 des r\u00e9gions polaires, sp\u00e9cialis\u00e9 dans la r\u00e9daction d'articles sur le Spitzberg et autres destinations arctiques. Il apporte son expertise et sa passion pour l'Arctique au sein de l'\u00e9quipe de r\u00e9daction de Svalbard depuis de nombreuses ann\u00e9es.\",\"sameAs\":[\"https:\/\/www.svalbard.fr\/\"]}]}<\/script>\n<!-- \/ Yoast SEO plugin. -->","yoast_head_json":{"title":"\u00celes europ\u00e9ennes `` d&#39;un autre monde &#39;&#39; o\u00f9 la lumi\u00e8re du jour ne se termine jamais","robots":{"index":"index","follow":"follow","max-snippet":"max-snippet:-1","max-image-preview":"max-image-preview:large","max-video-preview":"max-video-preview:-1"},"canonical":"https:\/\/www.svalbard.fr\/actualites\/iles-europeennes-dun-autre-monde-ou-la-lumiere-du-jour-ne-se-termine-jamais\/","og_locale":"fr_FR","og_type":"article","og_title":"\u00celes europ\u00e9ennes `` d&#39;un autre monde &#39;&#39; o\u00f9 la lumi\u00e8re du jour ne se termine jamais","og_description":"Lorsque vous pensez au saut d&#39;\u00eele d&#39;\u00e9t\u00e9, les mers cristallines de la Gr\u00e8ce ou les lentes jours ensoleill\u00e9s de l&#39;Italie me viennent probablement \u00e0 l&#39;esprit.","og_url":"https:\/\/www.svalbard.fr\/actualites\/iles-europeennes-dun-autre-monde-ou-la-lumiere-du-jour-ne-se-termine-jamais\/","og_site_name":"www.Svalbard.fr","article_published_time":"2025-09-15T09:38:53+00:00","article_modified_time":"2025-09-15T09:38:55+00:00","og_image":[{"width":1200,"height":630,"url":"https:\/\/www.svalbard.fr\/actualites\/wp-content\/uploads\/2025\/09\/Iles-europeennes-d39un-autre-monde-3939-ou-la-lumiere.jpg","type":"image\/jpeg"}],"author":"Hilmar","twitter_card":"summary_large_image","twitter_misc":{"\u00c9crit par":"Hilmar","Dur\u00e9e de lecture estim\u00e9e":"3 minutes"},"schema":{"@context":"https:\/\/schema.org","@graph":[{"@type":"Article","@id":"https:\/\/www.svalbard.fr\/actualites\/iles-europeennes-dun-autre-monde-ou-la-lumiere-du-jour-ne-se-termine-jamais\/#article","isPartOf":{"@id":"https:\/\/www.svalbard.fr\/actualites\/iles-europeennes-dun-autre-monde-ou-la-lumiere-du-jour-ne-se-termine-jamais\/"},"author":{"name":"Hilmar","@id":"https:\/\/www.svalbard.fr\/actualites\/#\/schema\/person\/a2f937d5712222366738fae98755c600"},"headline":"\u00celes europ\u00e9ennes \u00ab\u00a0 d&#39;un autre monde &#39;&#39; o\u00f9 la lumi\u00e8re du jour ne se termine jamais","datePublished":"2025-09-15T09:38:53+00:00","dateModified":"2025-09-15T09:38:55+00:00","mainEntityOfPage":{"@id":"https:\/\/www.svalbard.fr\/actualites\/iles-europeennes-dun-autre-monde-ou-la-lumiere-du-jour-ne-se-termine-jamais\/"},"wordCount":616,"publisher":{"@id":"https:\/\/www.svalbard.fr\/actualites\/#organization"},"keywords":["autre","d39un","europ\u00e9ennes","\u00eeles","jamais","jour","lumi\u00e8re","monde","O\u00f9","termine"],"inLanguage":"fr-FR"},{"@type":"WebPage","@id":"https:\/\/www.svalbard.fr\/actualites\/iles-europeennes-dun-autre-monde-ou-la-lumiere-du-jour-ne-se-termine-jamais\/","url":"https:\/\/www.svalbard.fr\/actualites\/iles-europeennes-dun-autre-monde-ou-la-lumiere-du-jour-ne-se-termine-jamais\/","name":"\u00celes europ\u00e9ennes `` d&#39;un autre monde &#39;&#39; o\u00f9 la lumi\u00e8re du jour ne se termine jamais","isPartOf":{"@id":"https:\/\/www.svalbard.fr\/actualites\/#website"},"datePublished":"2025-09-15T09:38:53+00:00","dateModified":"2025-09-15T09:38:55+00:00","breadcrumb":{"@id":"https:\/\/www.svalbard.fr\/actualites\/iles-europeennes-dun-autre-monde-ou-la-lumiere-du-jour-ne-se-termine-jamais\/#breadcrumb"},"inLanguage":"fr-FR","potentialAction":[{"@type":"ReadAction","target":["https:\/\/www.svalbard.fr\/actualites\/iles-europeennes-dun-autre-monde-ou-la-lumiere-du-jour-ne-se-termine-jamais\/"]}]},{"@type":"BreadcrumbList","@id":"https:\/\/www.svalbard.fr\/actualites\/iles-europeennes-dun-autre-monde-ou-la-lumiere-du-jour-ne-se-termine-jamais\/#breadcrumb","itemListElement":[{"@type":"ListItem","position":1,"name":"Accueil","item":"https:\/\/www.svalbard.fr\/actualites\/"},{"@type":"ListItem","position":2,"name":"\u00celes europ\u00e9ennes \u00ab\u00a0 d&#39;un autre monde &#39;&#39; o\u00f9 la lumi\u00e8re du jour ne se termine jamais"}]},{"@type":"WebSite","@id":"https:\/\/www.svalbard.fr\/actualites\/#website","url":"https:\/\/www.svalbard.fr\/actualites\/","name":"www.Svalbard.fr","description":"","publisher":{"@id":"https:\/\/www.svalbard.fr\/actualites\/#organization"},"potentialAction":[{"@type":"SearchAction","target":{"@type":"EntryPoint","urlTemplate":"https:\/\/www.svalbard.fr\/actualites\/?s={search_term_string}"},"query-input":"required name=search_term_string"}],"inLanguage":"fr-FR"},{"@type":"Organization","@id":"https:\/\/www.svalbard.fr\/actualites\/#organization","name":"www.Svalbard.fr","url":"https:\/\/www.svalbard.fr\/actualites\/","logo":{"@type":"ImageObject","inLanguage":"fr-FR","@id":"https:\/\/www.svalbard.fr\/actualites\/#\/schema\/logo\/image\/","url":"https:\/\/www.svalbard.fr\/actualites\/wp-content\/uploads\/2023\/09\/head-nom.jpg","contentUrl":"https:\/\/www.svalbard.fr\/actualites\/wp-content\/uploads\/2023\/09\/head-nom.jpg","width":264,"height":35,"caption":"www.Svalbard.fr"},"image":{"@id":"https:\/\/www.svalbard.fr\/actualites\/#\/schema\/logo\/image\/"}},{"@type":"Person","@id":"https:\/\/www.svalbard.fr\/actualites\/#\/schema\/person\/a2f937d5712222366738fae98755c600","name":"Hilmar","image":{"@type":"ImageObject","inLanguage":"fr-FR","@id":"https:\/\/www.svalbard.fr\/actualites\/#\/schema\/person\/image\/","url":"https:\/\/secure.gravatar.com\/avatar\/4daa437093476dbc32da415c112b6512?s=96&d=mm&r=g","contentUrl":"https:\/\/secure.gravatar.com\/avatar\/4daa437093476dbc32da415c112b6512?s=96&d=mm&r=g","caption":"Hilmar"},"description":"Hilmar est un passionn\u00e9 des r\u00e9gions polaires, sp\u00e9cialis\u00e9 dans la r\u00e9daction d'articles sur le Spitzberg et autres destinations arctiques. Il apporte son expertise et sa passion pour l'Arctique au sein de l'\u00e9quipe de r\u00e9daction de Svalbard depuis de nombreuses ann\u00e9es.","sameAs":["https:\/\/www.svalbard.fr\/"]}]}},"_links":{"self":[{"href":"https:\/\/www.svalbard.fr\/actualites\/wp-json\/wp\/v2\/posts\/4969"}],"collection":[{"href":"https:\/\/www.svalbard.fr\/actualites\/wp-json\/wp\/v2\/posts"}],"about":[{"href":"https:\/\/www.svalbard.fr\/actualites\/wp-json\/wp\/v2\/types\/post"}],"author":[{"embeddable":true,"href":"https:\/\/www.svalbard.fr\/actualites\/wp-json\/wp\/v2\/users\/1"}],"replies":[{"embeddable":true,"href":"https:\/\/www.svalbard.fr\/actualites\/wp-json\/wp\/v2\/comments?post=4969"}],"version-history":[{"count":1,"href":"https:\/\/www.svalbard.fr\/actualites\/wp-json\/wp\/v2\/posts\/4969\/revisions"}],"predecessor-version":[{"id":4971,"href":"https:\/\/www.svalbard.fr\/actualites\/wp-json\/wp\/v2\/posts\/4969\/revisions\/4971"}],"wp:featuredmedia":[{"embeddable":true,"href":"https:\/\/www.svalbard.fr\/actualites\/wp-json\/wp\/v2\/media\/4970"}],"wp:attachment":[{"href":"https:\/\/www.svalbard.fr\/actualites\/wp-json\/wp\/v2\/media?parent=4969"}],"wp:term":[{"taxonomy":"category","embeddable":true,"href":"https:\/\/www.svalbard.fr\/actualites\/wp-json\/wp\/v2\/categories?post=4969"},{"taxonomy":"post_tag","embeddable":true,"href":"https:\/\/www.svalbard.fr\/actualites\/wp-json\/wp\/v2\/tags?post=4969"}],"curies":[{"name":"wp","href":"https:\/\/api.w.org\/{rel}","templated":true}]}}