{"id":4975,"date":"2025-09-17T08:02:51","date_gmt":"2025-09-17T06:02:51","guid":{"rendered":"https:\/\/www.svalbard.fr\/actualites\/royals-rebelles-le-documentaire-netflix-etimule-la-tension-dans-la-famille-royale-norvegienne\/"},"modified":"2025-09-17T08:02:51","modified_gmt":"2025-09-17T06:02:51","slug":"royals-rebelles-le-documentaire-netflix-etimule-la-tension-dans-la-famille-royale-norvegienne","status":"publish","type":"post","link":"https:\/\/www.svalbard.fr\/actualites\/royals-rebelles-le-documentaire-netflix-etimule-la-tension-dans-la-famille-royale-norvegienne\/","title":{"rendered":"Royals rebelles: le documentaire Netflix \u00e9timule la tension dans la famille royale norv\u00e9gienne"},"content":{"rendered":"<div itemprop=\"text\">\n\t\t\t<span id=\"dpsp-post-content-markup\" data-image-pin-it=\"false\"><\/span><\/p>\n<p class=\"intro\">Un nouveau documentaire Netflix met en lumi\u00e8re la famille royale de la Norv\u00e8ge et suscite un d\u00e9bat \u00e0 la maison.<\/p>\n<p><em>Royals rebelles: une histoire d&#39;amour improbable<\/em> Suit la relation entre la princesse M\u00e4rtha Louise et le chaman am\u00e9ricain Durek Verrett, m\u00e9langeant la romance avec des questions de race, de tradition et de vie publique.<\/p>\n<figure class=\"wp-block-image size-large\"><img data-lazyloaded=\"1\" data-placeholder-resp=\"768x432\" fetchpriority=\"high\" decoding=\"async\" width=\"768\" height=\"432\" src=\"https:\/\/www.svalbard.fr\/actualites\/wp-content\/uploads\/2025\/09\/Royals-rebelles-le-documentaire-Netflix-etimule-la-tension-dans-la.jpg\" alt=\"Une immobile de princesse M\u00e4rtha Louise et Durek Verrett du nouveau documentaire \u00abRebel Royals\u00bb sur Netflix. Copyright: Netflix.\" class=\"wp-image-84876\"  data-><noscript><img fetchpriority=\"high\" decoding=\"async\" width=\"768\" height=\"432\" src=\"https:\/\/www.svalbard.fr\/actualites\/wp-content\/uploads\/2025\/09\/Royals-rebelles-le-documentaire-Netflix-etimule-la-tension-dans-la.jpg\" alt=\"Une immobile de princesse M\u00e4rtha Louise et Durek Verrett du nouveau documentaire \u00abRebel Royals\u00bb sur Netflix. Copyright: Netflix.\" class=\"wp-image-84876\"  ><\/noscript><\/figure>\n<p>Mais le m\u00e9nage royal norv\u00e9gien dit que la participation du couple au film rompt un accord con\u00e7u pour s\u00e9parer leurs activit\u00e9s commerciales de la monarchie.<\/p>\n<h2 class=\"wp-block-heading\">Une romance royale sous les projecteurs<\/h2>\n<p>Le nouveau documentaire, sorti dans le monde entier le 16 septembre 2025, intervient un an seulement apr\u00e8s que M\u00e4rtha Louise et Verrett se sont mari\u00e9s \u00e0 Geiranger, un village de fjordside spectaculaire dans l&#39;ouest de la Norv\u00e8ge.<\/p>\n<p>Leur mariage a \u00e9t\u00e9 un \u00e9v\u00e9nement priv\u00e9 par rapport aux c\u00e9r\u00e9monies royales ailleurs en Europe, mais elle suscite toujours un int\u00e9r\u00eat m\u00e9diatique important.<\/p>\n<p>Maintenant, Netflix donne aux t\u00e9l\u00e9spectateurs un regard en coulisses sur leur relation, des premiers jours de l&#39;examen public aux c\u00e9l\u00e9brations de leur mariage.<\/p>\n<p>Le film m\u00e9lange des moments intimes avec des questions plus larges sur ce que signifie se marier dans une famille royale qui repr\u00e9sente une soci\u00e9t\u00e9 moderne et \u00e9galitaire.<\/p>\n<h2 class=\"wp-block-heading\">Regardez la bande-annonce des Royals rebelles<\/h2>\n<p>Vous vous demandez de quoi il s&#39;agit? Vous pouvez regarder la bande-annonce du documentaire ici:<\/p>\n<figure class=\"wp-block-embed is-type-video is-provider-youtube wp-block-embed-youtube wp-embed-aspect-16-9 wp-has-aspect-ratio\">\n<p>\n<a href=\"https:\/\/www.youtube.com\/watch?v=i1-4_uhf9h0\">https:\/\/www.youtube.com\/watch?v=i1-4_uhf9h0<\/a>\n<\/p>\n<\/figure>\n<p>Maintenant, continuez \u00e0 faire d\u00e9filer pour lire l&#39;histoire compl\u00e8te, y compris la controverse.<\/p>\n<h2 class=\"wp-block-heading\">Qui sont les Royals rebelles?<\/h2>\n<p>La princesse M\u00e4rtha Louise est la fille du roi Harald V et de la reine Sonja. Quatri\u00e8mement en ligne avec le tr\u00f4ne, elle a longtemps v\u00e9cu \u00e0 l&#39;intersection du devoir royal et de l&#39;ind\u00e9pendance personnelle.<\/p>\n<p>En 2002, elle a renonc\u00e9 \u00e0 son style officiel \u00abde Son Altesse Royale\u00bb pour poursuivre une carri\u00e8re priv\u00e9e, y compris son travail en tant qu&#39;auteur et ses int\u00e9r\u00eats pour la spiritualit\u00e9.<\/p>\n<p>Durek Verrett est un professeur spirituel am\u00e9ricain et un chaman d\u00e9crit. Ses croyances non conventionnelles et son profil public ont attir\u00e9 \u00e0 la fois la fascination et la critique en Norv\u00e8ge.<\/p>\n<p>Lorsque leur relation est devenue publique, cela a d\u00e9clench\u00e9 un d\u00e9bat sur la question de savoir si les activit\u00e9s commerciales de Verrett \u00e9taient compatibles avec sa connexion royale.<\/p>\n<p>En 2022, M\u00e4rtha Louise a recul\u00e9 des t\u00e2ches officielles pour cr\u00e9er des fronti\u00e8res plus claires entre sa vie priv\u00e9e et la monarchie.<\/p>\n<h2 class=\"wp-block-heading\">Ce que le documentaire r\u00e9v\u00e8le<\/h2>\n<p>En son c\u0153ur, <em>Royals rebelles<\/em> est une histoire d&#39;amour. Mais le documentaire aborde \u00e9galement des probl\u00e8mes plus profonds. Verrett parle ouvertement de l&#39;exp\u00e9rience du racisme en Norv\u00e8ge et affirme que certains membres de la famille royale n&#39;ont pas initialement compris le probl\u00e8me.<\/p>\n<p>Les t\u00e9l\u00e9spectateurs voient le couple recevoir des messages de haine anonymes, mettant en \u00e9vidence le c\u00f4t\u00e9 plus sombre de la vie publique.<\/p>\n<p>Le programme examine \u00e9galement les d\u00e9fis de l&#39;\u00e9quilibrage de la tradition avec la libert\u00e9. M\u00e4rtha Louise parle de sa d\u00e9cision de poursuivre un chemin plus spirituel et du co\u00fbt de des attentes en dehors des attentes.<\/p>\n<figure class=\"wp-block-image size-full\"><img loading=\"lazy\" data-lazyloaded=\"1\" data-placeholder-resp=\"860x1186\" decoding=\"async\" width=\"860\" height=\"1186\" src=\"https:\/\/www.svalbard.fr\/actualites\/wp-content\/uploads\/2025\/09\/1758088971_179_Royals-rebelles-le-documentaire-Netflix-etimule-la-tension-dans-la.jpg\" alt=\"Affiche promotionnelle des Royals rebelles.\" class=\"wp-image-84875\"  data-><noscript><img loading=\"lazy\" decoding=\"async\" width=\"860\" height=\"1186\" src=\"https:\/\/www.svalbard.fr\/actualites\/wp-content\/uploads\/2025\/09\/1758088971_179_Royals-rebelles-le-documentaire-Netflix-etimule-la-tension-dans-la.jpg\" alt=\"Affiche promotionnelle des Royals rebelles.\" class=\"wp-image-84875\"  ><\/noscript><\/figure>\n<p>Leur histoire est pr\u00e9sent\u00e9e comme un cas de test de la fa\u00e7on dont les monarchies modernes s&#39;adaptent \u00e0 la diversit\u00e9 et \u00e0 l&#39;individualit\u00e9. Pourtant, alors que les t\u00e9l\u00e9spectateurs internationaux peuvent le voir comme une histoire d&#39;amour franc, la r\u00e9action en Norv\u00e8ge a \u00e9t\u00e9 beaucoup plus complexe.<\/p>\n<h2 class=\"wp-block-heading\">Le palais repousse<\/h2>\n<p>En Norv\u00e8ge, cependant, la r\u00e9ponse du palais a \u00e9t\u00e9 rapide. Le chef des communications, Guri Varpe, a d\u00e9clar\u00e9 \u00e0 NRK que la participation de M\u00e4rtha Louise et Verrett <em>Royals rebelles<\/em> \u00abEst une violation de l&#39;accord qu&#39;ils ont avec la maison royale.\u00bb<\/p>\n<p>Cet accord en 2022 indique que ni la princesse ni son mari ne peuvent utiliser son titre ou son statut royal \u00e0 des fins commerciales, y compris les productions m\u00e9diatiques.<\/p>\n<p>Varpe a soulign\u00e9 que le palais n&#39;avait pas contribu\u00e9 \u00e0 la s\u00e9rie Netflix. \u00abTout le monde devrait avoir le droit de raconter sa propre histoire\u00bb, a-t-elle d\u00e9clar\u00e9, \u00abmais la maison royale veut une s\u00e9paration plus claire entre les activit\u00e9s du couple et la monarchie.\u00bb<\/p>\n<h2 class=\"wp-block-heading\">S\u00e9quences de mariage contest\u00e9es<\/h2>\n<p>La controverse s&#39;est intensifi\u00e9e lorsqu&#39;il est apparu que les premi\u00e8res versions du documentaire comprenaient un clip du prince h\u00e9ritier Haakon parlant avec Verrett lors des festivit\u00e9s de mariage.<\/p>\n<p>La famille royale avait sp\u00e9cifiquement refus\u00e9 la permission de Netflix de filmer des moments priv\u00e9s lors des c\u00e9l\u00e9brations o\u00f9 d&#39;autres m\u00e9dias n&#39;\u00e9taient pas autoris\u00e9s.<\/p>\n<p>Le roi Harald a pr\u00e9c\u00e9demment critiqu\u00e9 la commercialisation de l&#39;\u00e9v\u00e9nement, disant: \u00abNous ne voulons pas que la famille royale soit \u00e0 vendre\u00bb, apr\u00e8s avoir r\u00e9v\u00e9l\u00e9 que le couple avait vendu des droits exclusifs \u00e0 <em>Bonjour!<\/em> Magazine et Netflix.<\/p>\n<p>Apr\u00e8s l&#39;intervention du palais, Netflix a supprim\u00e9 le clip contest\u00e9 avant que la s\u00e9rie ne soit devenue publique.<\/p>\n<h2 class=\"wp-block-heading\">M\u00e4rtha Louise et Verrett r\u00e9pondent<\/h2>\n<p>Face aux critiques du palais et des commentateurs, le couple s&#39;est maintenant prononc\u00e9 et reconnu la gravit\u00e9 de la situation.<\/p>\n<p>Dans une d\u00e9claration \u00e0 NRK, ils ont dit qu&#39;il y avait \u00absans aucun doute des choses que nous souhaitons g\u00e9rer diff\u00e9remment\u00bb, tout en soulignant qu&#39;ils n&#39;\u00e9taient pas des producteurs du film et n&#39;avaient aucun contr\u00f4le sur la coupe finale.<\/p>\n<p>\u00abNous nous soucions profond\u00e9ment de chaque membre de la famille royale\u00bb, ont-ils \u00e9crit, \u00abet cela nous fait mal si quelque chose dans ce processus leur a caus\u00e9 du mal.\u00bb<\/p>\n<p>Dans le m\u00eame temps, ils ont insist\u00e9 sur le fait que raconter leur histoire serait impossible sans reconna\u00eetre l&#39;identit\u00e9 royale de M\u00e4rtha Louise.<\/p>\n<h2 class=\"wp-block-heading\">Une r\u00e9action de division<\/h2>\n<p>La version Netflix a une opinion partag\u00e9e en Norv\u00e8ge. Les partisans louent le documentaire pour soulever des probl\u00e8mes concernant la race, la sant\u00e9 mentale et les pressions de l&#39;\u0153il du public.<\/p>\n<p>Les critiques le voient comme une entreprise commerciale \u00e0 peine voil\u00e9e qui s&#39;appuie fortement sur le statut royal, en conflit avec l&#39;accord de 2022.<\/p>\n<p>Le commentateur d&#39;Aftenposten, Harald Stanghelle, a d\u00e9crit la s\u00e9rie comme \u00abune affaire purement commerciale\u00bb qui sape les efforts pour tracer une ligne entre la vie priv\u00e9e du couple et la monarchie. Crown Princess Mette-Marit a d\u00e9j\u00e0 sugg\u00e9r\u00e9 que les discussions au sein du palais sont in\u00e9vitables.<\/p>\n<h2 class=\"wp-block-heading\">Ce que cela signifie pour la Norv\u00e8ge<\/h2>\n<p>Le documentaire met en \u00e9vidence une tension plus large dans la soci\u00e9t\u00e9 norv\u00e9gienne: comment concilier une monarchie \u00e9galitaire moderne avec les choix personnels de ses membres.<\/p>\n<p>Les Royals de la Norv\u00e8ge devraient incarner l&#39;humilit\u00e9 et l&#39;unit\u00e9, mais leur vie est in\u00e9vitablement fa\u00e7onn\u00e9e par les ambitions personnelles, les accords des m\u00e9dias et l&#39;attention internationale.<\/p>\n<p>Pour de nombreux t\u00e9l\u00e9spectateurs internationaux, <em>Royals rebelles<\/em> Peut \u00eatre leur premi\u00e8re introduction \u00e0 la famille royale de la Norv\u00e8ge. Pour les Norv\u00e9giens, c&#39;est un autre rappel de la fa\u00e7on dont m\u00eame les institutions symboliques peuvent devenir des points d&#39;\u00e9clair dans les d\u00e9bats sur l&#39;identit\u00e9, le commercialisme et la tradition.<\/p>\n<p>Qu&#39;il soit lou\u00e9 comme une histoire d&#39;amour ou critiqu\u00e9 comme une violation de la confiance, <em>Royals rebelles<\/em> S&#39;assure que le mariage de M\u00e4rtha Louise et Verrett reste \u00e0 faire partie d&#39;un d\u00e9bat plus large sur la monarchie norv\u00e9gienne, ses valeurs et son avenir.<\/p>\n<\/p><\/div>\n","protected":false},"excerpt":{"rendered":"<p>Un nouveau documentaire Netflix met en lumi\u00e8re la famille royale de la Norv\u00e8ge et suscite un d\u00e9bat \u00e0 la maison. Royals rebelles: une histoire d&#39;amour<\/p>\n","protected":false},"author":1,"featured_media":4976,"comment_status":"","ping_status":"","sticky":false,"template":"","format":"standard","meta":{"footnotes":""},"categories":[2277],"tags":[54,5147,5149,364,1882,277,5145,1625,1806,4683],"yoast_head":"<!-- This site is optimized with the Yoast SEO plugin v21.0 - https:\/\/yoast.com\/wordpress\/plugins\/seo\/ -->\n<title>Royals rebelles: le documentaire Netflix \u00e9timule la tension dans la famille royale norv\u00e9gienne<\/title>\n<meta name=\"robots\" content=\"index, follow, max-snippet:-1, max-image-preview:large, max-video-preview:-1\" \/>\n<link rel=\"canonical\" href=\"https:\/\/www.svalbard.fr\/actualites\/royals-rebelles-le-documentaire-netflix-etimule-la-tension-dans-la-famille-royale-norvegienne\/\" \/>\n<meta property=\"og:locale\" content=\"fr_FR\" \/>\n<meta property=\"og:type\" content=\"article\" \/>\n<meta property=\"og:title\" content=\"Royals rebelles: le documentaire Netflix \u00e9timule la tension dans la famille royale norv\u00e9gienne\" \/>\n<meta property=\"og:description\" content=\"Un nouveau documentaire Netflix met en lumi\u00e8re la famille royale de la Norv\u00e8ge et suscite un d\u00e9bat \u00e0 la maison. Royals rebelles: une histoire d&#039;amour\" \/>\n<meta property=\"og:url\" content=\"https:\/\/www.svalbard.fr\/actualites\/royals-rebelles-le-documentaire-netflix-etimule-la-tension-dans-la-famille-royale-norvegienne\/\" \/>\n<meta property=\"og:site_name\" content=\"www.Svalbard.fr\" \/>\n<meta property=\"article:published_time\" content=\"2025-09-17T06:02:51+00:00\" \/>\n<meta property=\"og:image\" content=\"https:\/\/www.svalbard.fr\/actualites\/wp-content\/uploads\/2025\/09\/Royals-rebelles-le-documentaire-Netflix-etimule-la-tension-dans-la.jpg\" \/>\n<meta name=\"author\" content=\"Hilmar\" \/>\n<meta name=\"twitter:card\" content=\"summary_large_image\" \/>\n<meta name=\"twitter:label1\" content=\"\u00c9crit par\" \/>\n\t<meta name=\"twitter:data1\" content=\"Hilmar\" \/>\n\t<meta name=\"twitter:label2\" content=\"Dur\u00e9e de lecture estim\u00e9e\" \/>\n\t<meta name=\"twitter:data2\" content=\"7 minutes\" \/>\n<script type=\"application\/ld+json\" class=\"yoast-schema-graph\">{\"@context\":\"https:\/\/schema.org\",\"@graph\":[{\"@type\":\"Article\",\"@id\":\"https:\/\/www.svalbard.fr\/actualites\/royals-rebelles-le-documentaire-netflix-etimule-la-tension-dans-la-famille-royale-norvegienne\/#article\",\"isPartOf\":{\"@id\":\"https:\/\/www.svalbard.fr\/actualites\/royals-rebelles-le-documentaire-netflix-etimule-la-tension-dans-la-famille-royale-norvegienne\/\"},\"author\":{\"name\":\"Hilmar\",\"@id\":\"https:\/\/www.svalbard.fr\/actualites\/#\/schema\/person\/a2f937d5712222366738fae98755c600\"},\"headline\":\"Royals rebelles: le documentaire Netflix \u00e9timule la tension dans la famille royale norv\u00e9gienne\",\"datePublished\":\"2025-09-17T06:02:51+00:00\",\"dateModified\":\"2025-09-17T06:02:51+00:00\",\"mainEntityOfPage\":{\"@id\":\"https:\/\/www.svalbard.fr\/actualites\/royals-rebelles-le-documentaire-netflix-etimule-la-tension-dans-la-famille-royale-norvegienne\/\"},\"wordCount\":1323,\"publisher\":{\"@id\":\"https:\/\/www.svalbard.fr\/actualites\/#organization\"},\"keywords\":[\"dans\",\"documentaire\",\"\u00e9timule\",\"famille\",\"Netflix\",\"norv\u00e9gienne\",\"rebelles\",\"royale\",\"Royals\",\"tension\"],\"inLanguage\":\"fr-FR\"},{\"@type\":\"WebPage\",\"@id\":\"https:\/\/www.svalbard.fr\/actualites\/royals-rebelles-le-documentaire-netflix-etimule-la-tension-dans-la-famille-royale-norvegienne\/\",\"url\":\"https:\/\/www.svalbard.fr\/actualites\/royals-rebelles-le-documentaire-netflix-etimule-la-tension-dans-la-famille-royale-norvegienne\/\",\"name\":\"Royals rebelles: le documentaire Netflix \u00e9timule la tension dans la famille royale norv\u00e9gienne\",\"isPartOf\":{\"@id\":\"https:\/\/www.svalbard.fr\/actualites\/#website\"},\"datePublished\":\"2025-09-17T06:02:51+00:00\",\"dateModified\":\"2025-09-17T06:02:51+00:00\",\"breadcrumb\":{\"@id\":\"https:\/\/www.svalbard.fr\/actualites\/royals-rebelles-le-documentaire-netflix-etimule-la-tension-dans-la-famille-royale-norvegienne\/#breadcrumb\"},\"inLanguage\":\"fr-FR\",\"potentialAction\":[{\"@type\":\"ReadAction\",\"target\":[\"https:\/\/www.svalbard.fr\/actualites\/royals-rebelles-le-documentaire-netflix-etimule-la-tension-dans-la-famille-royale-norvegienne\/\"]}]},{\"@type\":\"BreadcrumbList\",\"@id\":\"https:\/\/www.svalbard.fr\/actualites\/royals-rebelles-le-documentaire-netflix-etimule-la-tension-dans-la-famille-royale-norvegienne\/#breadcrumb\",\"itemListElement\":[{\"@type\":\"ListItem\",\"position\":1,\"name\":\"Accueil\",\"item\":\"https:\/\/www.svalbard.fr\/actualites\/\"},{\"@type\":\"ListItem\",\"position\":2,\"name\":\"Royals rebelles: le documentaire Netflix \u00e9timule la tension dans la famille royale norv\u00e9gienne\"}]},{\"@type\":\"WebSite\",\"@id\":\"https:\/\/www.svalbard.fr\/actualites\/#website\",\"url\":\"https:\/\/www.svalbard.fr\/actualites\/\",\"name\":\"www.Svalbard.fr\",\"description\":\"\",\"publisher\":{\"@id\":\"https:\/\/www.svalbard.fr\/actualites\/#organization\"},\"potentialAction\":[{\"@type\":\"SearchAction\",\"target\":{\"@type\":\"EntryPoint\",\"urlTemplate\":\"https:\/\/www.svalbard.fr\/actualites\/?s={search_term_string}\"},\"query-input\":\"required name=search_term_string\"}],\"inLanguage\":\"fr-FR\"},{\"@type\":\"Organization\",\"@id\":\"https:\/\/www.svalbard.fr\/actualites\/#organization\",\"name\":\"www.Svalbard.fr\",\"url\":\"https:\/\/www.svalbard.fr\/actualites\/\",\"logo\":{\"@type\":\"ImageObject\",\"inLanguage\":\"fr-FR\",\"@id\":\"https:\/\/www.svalbard.fr\/actualites\/#\/schema\/logo\/image\/\",\"url\":\"https:\/\/www.svalbard.fr\/actualites\/wp-content\/uploads\/2023\/09\/head-nom.jpg\",\"contentUrl\":\"https:\/\/www.svalbard.fr\/actualites\/wp-content\/uploads\/2023\/09\/head-nom.jpg\",\"width\":264,\"height\":35,\"caption\":\"www.Svalbard.fr\"},\"image\":{\"@id\":\"https:\/\/www.svalbard.fr\/actualites\/#\/schema\/logo\/image\/\"}},{\"@type\":\"Person\",\"@id\":\"https:\/\/www.svalbard.fr\/actualites\/#\/schema\/person\/a2f937d5712222366738fae98755c600\",\"name\":\"Hilmar\",\"image\":{\"@type\":\"ImageObject\",\"inLanguage\":\"fr-FR\",\"@id\":\"https:\/\/www.svalbard.fr\/actualites\/#\/schema\/person\/image\/\",\"url\":\"https:\/\/secure.gravatar.com\/avatar\/4daa437093476dbc32da415c112b6512?s=96&d=mm&r=g\",\"contentUrl\":\"https:\/\/secure.gravatar.com\/avatar\/4daa437093476dbc32da415c112b6512?s=96&d=mm&r=g\",\"caption\":\"Hilmar\"},\"description\":\"Hilmar est un passionn\u00e9 des r\u00e9gions polaires, sp\u00e9cialis\u00e9 dans la r\u00e9daction d'articles sur le Spitzberg et autres destinations arctiques. Il apporte son expertise et sa passion pour l'Arctique au sein de l'\u00e9quipe de r\u00e9daction de Svalbard depuis de nombreuses ann\u00e9es.\",\"sameAs\":[\"https:\/\/www.svalbard.fr\/\"]}]}<\/script>\n<!-- \/ Yoast SEO plugin. -->","yoast_head_json":{"title":"Royals rebelles: le documentaire Netflix \u00e9timule la tension dans la famille royale norv\u00e9gienne","robots":{"index":"index","follow":"follow","max-snippet":"max-snippet:-1","max-image-preview":"max-image-preview:large","max-video-preview":"max-video-preview:-1"},"canonical":"https:\/\/www.svalbard.fr\/actualites\/royals-rebelles-le-documentaire-netflix-etimule-la-tension-dans-la-famille-royale-norvegienne\/","og_locale":"fr_FR","og_type":"article","og_title":"Royals rebelles: le documentaire Netflix \u00e9timule la tension dans la famille royale norv\u00e9gienne","og_description":"Un nouveau documentaire Netflix met en lumi\u00e8re la famille royale de la Norv\u00e8ge et suscite un d\u00e9bat \u00e0 la maison. Royals rebelles: une histoire d&#39;amour","og_url":"https:\/\/www.svalbard.fr\/actualites\/royals-rebelles-le-documentaire-netflix-etimule-la-tension-dans-la-famille-royale-norvegienne\/","og_site_name":"www.Svalbard.fr","article_published_time":"2025-09-17T06:02:51+00:00","og_image":[{"url":"https:\/\/www.svalbard.fr\/actualites\/wp-content\/uploads\/2025\/09\/Royals-rebelles-le-documentaire-Netflix-etimule-la-tension-dans-la.jpg"}],"author":"Hilmar","twitter_card":"summary_large_image","twitter_misc":{"\u00c9crit par":"Hilmar","Dur\u00e9e de lecture estim\u00e9e":"7 minutes"},"schema":{"@context":"https:\/\/schema.org","@graph":[{"@type":"Article","@id":"https:\/\/www.svalbard.fr\/actualites\/royals-rebelles-le-documentaire-netflix-etimule-la-tension-dans-la-famille-royale-norvegienne\/#article","isPartOf":{"@id":"https:\/\/www.svalbard.fr\/actualites\/royals-rebelles-le-documentaire-netflix-etimule-la-tension-dans-la-famille-royale-norvegienne\/"},"author":{"name":"Hilmar","@id":"https:\/\/www.svalbard.fr\/actualites\/#\/schema\/person\/a2f937d5712222366738fae98755c600"},"headline":"Royals rebelles: le documentaire Netflix \u00e9timule la tension dans la famille royale norv\u00e9gienne","datePublished":"2025-09-17T06:02:51+00:00","dateModified":"2025-09-17T06:02:51+00:00","mainEntityOfPage":{"@id":"https:\/\/www.svalbard.fr\/actualites\/royals-rebelles-le-documentaire-netflix-etimule-la-tension-dans-la-famille-royale-norvegienne\/"},"wordCount":1323,"publisher":{"@id":"https:\/\/www.svalbard.fr\/actualites\/#organization"},"keywords":["dans","documentaire","\u00e9timule","famille","Netflix","norv\u00e9gienne","rebelles","royale","Royals","tension"],"inLanguage":"fr-FR"},{"@type":"WebPage","@id":"https:\/\/www.svalbard.fr\/actualites\/royals-rebelles-le-documentaire-netflix-etimule-la-tension-dans-la-famille-royale-norvegienne\/","url":"https:\/\/www.svalbard.fr\/actualites\/royals-rebelles-le-documentaire-netflix-etimule-la-tension-dans-la-famille-royale-norvegienne\/","name":"Royals rebelles: le documentaire Netflix \u00e9timule la tension dans la famille royale norv\u00e9gienne","isPartOf":{"@id":"https:\/\/www.svalbard.fr\/actualites\/#website"},"datePublished":"2025-09-17T06:02:51+00:00","dateModified":"2025-09-17T06:02:51+00:00","breadcrumb":{"@id":"https:\/\/www.svalbard.fr\/actualites\/royals-rebelles-le-documentaire-netflix-etimule-la-tension-dans-la-famille-royale-norvegienne\/#breadcrumb"},"inLanguage":"fr-FR","potentialAction":[{"@type":"ReadAction","target":["https:\/\/www.svalbard.fr\/actualites\/royals-rebelles-le-documentaire-netflix-etimule-la-tension-dans-la-famille-royale-norvegienne\/"]}]},{"@type":"BreadcrumbList","@id":"https:\/\/www.svalbard.fr\/actualites\/royals-rebelles-le-documentaire-netflix-etimule-la-tension-dans-la-famille-royale-norvegienne\/#breadcrumb","itemListElement":[{"@type":"ListItem","position":1,"name":"Accueil","item":"https:\/\/www.svalbard.fr\/actualites\/"},{"@type":"ListItem","position":2,"name":"Royals rebelles: le documentaire Netflix \u00e9timule la tension dans la famille royale norv\u00e9gienne"}]},{"@type":"WebSite","@id":"https:\/\/www.svalbard.fr\/actualites\/#website","url":"https:\/\/www.svalbard.fr\/actualites\/","name":"www.Svalbard.fr","description":"","publisher":{"@id":"https:\/\/www.svalbard.fr\/actualites\/#organization"},"potentialAction":[{"@type":"SearchAction","target":{"@type":"EntryPoint","urlTemplate":"https:\/\/www.svalbard.fr\/actualites\/?s={search_term_string}"},"query-input":"required name=search_term_string"}],"inLanguage":"fr-FR"},{"@type":"Organization","@id":"https:\/\/www.svalbard.fr\/actualites\/#organization","name":"www.Svalbard.fr","url":"https:\/\/www.svalbard.fr\/actualites\/","logo":{"@type":"ImageObject","inLanguage":"fr-FR","@id":"https:\/\/www.svalbard.fr\/actualites\/#\/schema\/logo\/image\/","url":"https:\/\/www.svalbard.fr\/actualites\/wp-content\/uploads\/2023\/09\/head-nom.jpg","contentUrl":"https:\/\/www.svalbard.fr\/actualites\/wp-content\/uploads\/2023\/09\/head-nom.jpg","width":264,"height":35,"caption":"www.Svalbard.fr"},"image":{"@id":"https:\/\/www.svalbard.fr\/actualites\/#\/schema\/logo\/image\/"}},{"@type":"Person","@id":"https:\/\/www.svalbard.fr\/actualites\/#\/schema\/person\/a2f937d5712222366738fae98755c600","name":"Hilmar","image":{"@type":"ImageObject","inLanguage":"fr-FR","@id":"https:\/\/www.svalbard.fr\/actualites\/#\/schema\/person\/image\/","url":"https:\/\/secure.gravatar.com\/avatar\/4daa437093476dbc32da415c112b6512?s=96&d=mm&r=g","contentUrl":"https:\/\/secure.gravatar.com\/avatar\/4daa437093476dbc32da415c112b6512?s=96&d=mm&r=g","caption":"Hilmar"},"description":"Hilmar est un passionn\u00e9 des r\u00e9gions polaires, sp\u00e9cialis\u00e9 dans la r\u00e9daction d'articles sur le Spitzberg et autres destinations arctiques. Il apporte son expertise et sa passion pour l'Arctique au sein de l'\u00e9quipe de r\u00e9daction de Svalbard depuis de nombreuses ann\u00e9es.","sameAs":["https:\/\/www.svalbard.fr\/"]}]}},"_links":{"self":[{"href":"https:\/\/www.svalbard.fr\/actualites\/wp-json\/wp\/v2\/posts\/4975"}],"collection":[{"href":"https:\/\/www.svalbard.fr\/actualites\/wp-json\/wp\/v2\/posts"}],"about":[{"href":"https:\/\/www.svalbard.fr\/actualites\/wp-json\/wp\/v2\/types\/post"}],"author":[{"embeddable":true,"href":"https:\/\/www.svalbard.fr\/actualites\/wp-json\/wp\/v2\/users\/1"}],"replies":[{"embeddable":true,"href":"https:\/\/www.svalbard.fr\/actualites\/wp-json\/wp\/v2\/comments?post=4975"}],"version-history":[{"count":0,"href":"https:\/\/www.svalbard.fr\/actualites\/wp-json\/wp\/v2\/posts\/4975\/revisions"}],"wp:featuredmedia":[{"embeddable":true,"href":"https:\/\/www.svalbard.fr\/actualites\/wp-json\/wp\/v2\/media\/4976"}],"wp:attachment":[{"href":"https:\/\/www.svalbard.fr\/actualites\/wp-json\/wp\/v2\/media?parent=4975"}],"wp:term":[{"taxonomy":"category","embeddable":true,"href":"https:\/\/www.svalbard.fr\/actualites\/wp-json\/wp\/v2\/categories?post=4975"},{"taxonomy":"post_tag","embeddable":true,"href":"https:\/\/www.svalbard.fr\/actualites\/wp-json\/wp\/v2\/tags?post=4975"}],"curies":[{"name":"wp","href":"https:\/\/api.w.org\/{rel}","templated":true}]}}