{"id":4979,"date":"2025-09-24T00:32:28","date_gmt":"2025-09-23T22:32:28","guid":{"rendered":"https:\/\/www.svalbard.fr\/actualites\/destination-majeure-secouee-par-lexplosion-de-la-grenade-dans-le-centre-ville-avec-plus-dexplosifs-probable\/"},"modified":"2025-09-24T00:32:30","modified_gmt":"2025-09-23T22:32:30","slug":"destination-majeure-secouee-par-lexplosion-de-la-grenade-dans-le-centre-ville-avec-plus-dexplosifs-probable","status":"publish","type":"post","link":"https:\/\/www.svalbard.fr\/actualites\/destination-majeure-secouee-par-lexplosion-de-la-grenade-dans-le-centre-ville-avec-plus-dexplosifs-probable\/","title":{"rendered":"Destination majeure secou\u00e9e par l&#39;explosion de la grenade dans le centre-ville avec plus d&#39;explosifs \u00abprobable\u00bb"},"content":{"rendered":"<div>\n<p>Le centre d&#39;Oslo a \u00e9t\u00e9 mis en \u00e9vidence ce soir \u00e0 la suite d&#39;une explosion, la police faisant exploser une grenade et arr\u00eatant un homme.<\/p>\n<p>La police norv\u00e9gienne sonde maintenant l&#39;explosion, ce qui a entra\u00een\u00e9 des avertissements pour que le public garde ses distances en raison de la probabilit\u00e9 que davantage d&#39;explosifs soient pr\u00e9sents, selon des officiers.<\/p>\n<p>Des drones ont \u00e9t\u00e9 vus planant sur le centre-ville d&#39;Oslo peu apr\u00e8s 21 heures, o\u00f9 la police a effectu\u00e9 une d\u00e9tonation contr\u00f4l\u00e9e d&#39;une grenade. La nouvelle \u00e9merge comme un rapport d\u00e9crit les craintes que des centaines de policiers rencontr\u00e9s ont embauch\u00e9 sans v\u00e9rification.<\/p>\n<p>Les r\u00e9sidents ont \u00e9t\u00e9 alert\u00e9s de l&#39;explosion via un avertissement sur leur t\u00e9l\u00e9phone portable, envoy\u00e9 par les autorit\u00e9s. Le message disait: \u00ab\u00a0Il y a eu une explosion dans la r\u00e9gion (appel\u00e9e) Pilestredet.<\/p>\n<\/div>\n<div>\n<p>\u00c9tant donn\u00e9 qu&#39;il y a encore un appareil explosif dans la r\u00e9gion, la police souhaite que les gens restent \u00e0 l&#39;\u00e9cart des fen\u00eatres. Pour l&#39;instant, nous n&#39;\u00e9vacuons pas la zone. \u00ab\u00a0<\/p>\n<p>Les d\u00e9tonations se sont produites pr\u00e8s d&#39;un campus universitaire. Aucune blessure n&#39;a \u00e9t\u00e9 signal\u00e9e sur le site et la zone reste bouch\u00e9e par la police.<\/p>\n<p>Plus tard, ils ont d\u00e9couvert une grenade \u00e0 main plant\u00e9e et d&#39;autres dispositifs non d\u00e9tect\u00e9s sur les lieux. La grenade aurait \u00e9t\u00e9 laiss\u00e9e sur une ligne de tramway, rapporte le miroir.<\/p>\n<p>Le service d&#39;incendie et de sauvetage d&#39;Oslo a \u00e9galement \u00e9t\u00e9 inform\u00e9 de l&#39;incident et a assist\u00e9 aux lieux pour aider la police.<\/p>\n<\/div>\n<div>\n<p>Les r\u00e9sidents choqu\u00e9s ont d\u00e9crit comment les explosions \u00e9taient si bruyantes que cela leur faisait mal. \u00ab\u00a0Il y avait un Big Bang\u00a0\u00bb, a d\u00e9clar\u00e9 un r\u00e9sident \u00e0 Norwegian Media Outlet NRK.<\/p>\n<p>\u00ab\u00a0Nous venons de voir quelqu&#39;un saisir un homme dans un capot qui a couru de la sc\u00e8ne.\u00a0\u00bb<\/p>\n<p>Un autre t\u00e9moin a d\u00e9clar\u00e9 que la zone pr\u00e8s du stade Bislett sentait comme si elle br\u00fblait.<\/p>\n<\/div>\n<div>\n<p>Apr\u00e8s l&#39;observation des drones \u00e0 Oslo juste une journ\u00e9e auparavant, les m\u00e9dias norv\u00e9giens ont rapport\u00e9 que des v\u00e9hicules a\u00e9riens sans pilote (UAV) avaient \u00e9t\u00e9 transport\u00e9s sur la forteresse d&#39;Akershus, un ch\u00e2teau m\u00e9di\u00e9val, menant \u00e0 deux arrestations.<\/p>\n<p>Dans un incident s\u00e9par\u00e9, jusqu&#39;\u00e0 trois drones autonomes auraient \u00e9t\u00e9 d\u00e9tect\u00e9s dans l&#39;espace a\u00e9rien sur l&#39;a\u00e9roport de Copenhague au Danemark, ce qui a provoqu\u00e9 une r\u00e9ponse rapide de la police et une fermeture temporaire de l&#39;a\u00e9roport.<\/p>\n<\/div>\n","protected":false},"excerpt":{"rendered":"<p>Le centre d&#39;Oslo a \u00e9t\u00e9 mis en \u00e9vidence ce soir \u00e0 la suite d&#39;une explosion, la police faisant exploser une grenade et arr\u00eatant un homme.<\/p>\n","protected":false},"author":1,"featured_media":4980,"comment_status":"closed","ping_status":"","sticky":false,"template":"","format":"standard","meta":{"footnotes":""},"categories":[2277],"tags":[66,5163,1664,54,414,5161,5159,1908,167,886,5157],"yoast_head":"<!-- This site is optimized with the Yoast SEO plugin v21.0 - https:\/\/yoast.com\/wordpress\/plugins\/seo\/ -->\n<title>Destination majeure secou\u00e9e par l&#039;explosion de la grenade dans le centre-ville avec plus d&#039;explosifs \u00abprobable\u00bb<\/title>\n<meta name=\"robots\" content=\"index, follow, max-snippet:-1, max-image-preview:large, max-video-preview:-1\" \/>\n<link rel=\"canonical\" href=\"https:\/\/www.svalbard.fr\/actualites\/destination-majeure-secouee-par-lexplosion-de-la-grenade-dans-le-centre-ville-avec-plus-dexplosifs-probable\/\" \/>\n<meta property=\"og:locale\" content=\"fr_FR\" \/>\n<meta property=\"og:type\" content=\"article\" \/>\n<meta property=\"og:title\" content=\"Destination majeure secou\u00e9e par l&#039;explosion de la grenade dans le centre-ville avec plus d&#039;explosifs \u00abprobable\u00bb\" \/>\n<meta property=\"og:description\" content=\"Le centre d&#039;Oslo a \u00e9t\u00e9 mis en \u00e9vidence ce soir \u00e0 la suite d&#039;une explosion, la police faisant exploser une grenade et arr\u00eatant un homme.\" \/>\n<meta property=\"og:url\" content=\"https:\/\/www.svalbard.fr\/actualites\/destination-majeure-secouee-par-lexplosion-de-la-grenade-dans-le-centre-ville-avec-plus-dexplosifs-probable\/\" \/>\n<meta property=\"og:site_name\" content=\"www.Svalbard.fr\" \/>\n<meta property=\"article:published_time\" content=\"2025-09-23T22:32:28+00:00\" \/>\n<meta property=\"article:modified_time\" content=\"2025-09-23T22:32:30+00:00\" \/>\n<meta property=\"og:image\" content=\"https:\/\/www.svalbard.fr\/actualites\/wp-content\/uploads\/2025\/09\/Destination-majeure-secouee-par-l39explosion-de-la-grenade-dans-le.jpg\" \/>\n\t<meta property=\"og:image:width\" content=\"1200\" \/>\n\t<meta property=\"og:image:height\" content=\"630\" \/>\n\t<meta property=\"og:image:type\" content=\"image\/jpeg\" \/>\n<meta name=\"author\" content=\"Hilmar\" \/>\n<meta name=\"twitter:card\" content=\"summary_large_image\" \/>\n<meta name=\"twitter:label1\" content=\"\u00c9crit par\" \/>\n\t<meta name=\"twitter:data1\" content=\"Hilmar\" \/>\n\t<meta name=\"twitter:label2\" content=\"Dur\u00e9e de lecture estim\u00e9e\" \/>\n\t<meta name=\"twitter:data2\" content=\"2 minutes\" \/>\n<script type=\"application\/ld+json\" class=\"yoast-schema-graph\">{\"@context\":\"https:\/\/schema.org\",\"@graph\":[{\"@type\":\"Article\",\"@id\":\"https:\/\/www.svalbard.fr\/actualites\/destination-majeure-secouee-par-lexplosion-de-la-grenade-dans-le-centre-ville-avec-plus-dexplosifs-probable\/#article\",\"isPartOf\":{\"@id\":\"https:\/\/www.svalbard.fr\/actualites\/destination-majeure-secouee-par-lexplosion-de-la-grenade-dans-le-centre-ville-avec-plus-dexplosifs-probable\/\"},\"author\":{\"name\":\"Hilmar\",\"@id\":\"https:\/\/www.svalbard.fr\/actualites\/#\/schema\/person\/a2f937d5712222366738fae98755c600\"},\"headline\":\"Destination majeure secou\u00e9e par l&#39;explosion de la grenade dans le centre-ville avec plus d&#39;explosifs \u00abprobable\u00bb\",\"datePublished\":\"2025-09-23T22:32:28+00:00\",\"dateModified\":\"2025-09-23T22:32:30+00:00\",\"mainEntityOfPage\":{\"@id\":\"https:\/\/www.svalbard.fr\/actualites\/destination-majeure-secouee-par-lexplosion-de-la-grenade-dans-le-centre-ville-avec-plus-dexplosifs-probable\/\"},\"wordCount\":467,\"publisher\":{\"@id\":\"https:\/\/www.svalbard.fr\/actualites\/#organization\"},\"keywords\":[\"avec\",\"centreville\",\"d39explosifs\",\"dans\",\"destination\",\"grenade\",\"l39explosion\",\"majeure\",\"par\",\"probable\",\"secou\u00e9e\"],\"inLanguage\":\"fr-FR\"},{\"@type\":\"WebPage\",\"@id\":\"https:\/\/www.svalbard.fr\/actualites\/destination-majeure-secouee-par-lexplosion-de-la-grenade-dans-le-centre-ville-avec-plus-dexplosifs-probable\/\",\"url\":\"https:\/\/www.svalbard.fr\/actualites\/destination-majeure-secouee-par-lexplosion-de-la-grenade-dans-le-centre-ville-avec-plus-dexplosifs-probable\/\",\"name\":\"Destination majeure secou\u00e9e par l&#39;explosion de la grenade dans le centre-ville avec plus d&#39;explosifs \u00abprobable\u00bb\",\"isPartOf\":{\"@id\":\"https:\/\/www.svalbard.fr\/actualites\/#website\"},\"datePublished\":\"2025-09-23T22:32:28+00:00\",\"dateModified\":\"2025-09-23T22:32:30+00:00\",\"breadcrumb\":{\"@id\":\"https:\/\/www.svalbard.fr\/actualites\/destination-majeure-secouee-par-lexplosion-de-la-grenade-dans-le-centre-ville-avec-plus-dexplosifs-probable\/#breadcrumb\"},\"inLanguage\":\"fr-FR\",\"potentialAction\":[{\"@type\":\"ReadAction\",\"target\":[\"https:\/\/www.svalbard.fr\/actualites\/destination-majeure-secouee-par-lexplosion-de-la-grenade-dans-le-centre-ville-avec-plus-dexplosifs-probable\/\"]}]},{\"@type\":\"BreadcrumbList\",\"@id\":\"https:\/\/www.svalbard.fr\/actualites\/destination-majeure-secouee-par-lexplosion-de-la-grenade-dans-le-centre-ville-avec-plus-dexplosifs-probable\/#breadcrumb\",\"itemListElement\":[{\"@type\":\"ListItem\",\"position\":1,\"name\":\"Accueil\",\"item\":\"https:\/\/www.svalbard.fr\/actualites\/\"},{\"@type\":\"ListItem\",\"position\":2,\"name\":\"Destination majeure secou\u00e9e par l&#39;explosion de la grenade dans le centre-ville avec plus d&#39;explosifs \u00abprobable\u00bb\"}]},{\"@type\":\"WebSite\",\"@id\":\"https:\/\/www.svalbard.fr\/actualites\/#website\",\"url\":\"https:\/\/www.svalbard.fr\/actualites\/\",\"name\":\"www.Svalbard.fr\",\"description\":\"\",\"publisher\":{\"@id\":\"https:\/\/www.svalbard.fr\/actualites\/#organization\"},\"potentialAction\":[{\"@type\":\"SearchAction\",\"target\":{\"@type\":\"EntryPoint\",\"urlTemplate\":\"https:\/\/www.svalbard.fr\/actualites\/?s={search_term_string}\"},\"query-input\":\"required name=search_term_string\"}],\"inLanguage\":\"fr-FR\"},{\"@type\":\"Organization\",\"@id\":\"https:\/\/www.svalbard.fr\/actualites\/#organization\",\"name\":\"www.Svalbard.fr\",\"url\":\"https:\/\/www.svalbard.fr\/actualites\/\",\"logo\":{\"@type\":\"ImageObject\",\"inLanguage\":\"fr-FR\",\"@id\":\"https:\/\/www.svalbard.fr\/actualites\/#\/schema\/logo\/image\/\",\"url\":\"https:\/\/www.svalbard.fr\/actualites\/wp-content\/uploads\/2023\/09\/head-nom.jpg\",\"contentUrl\":\"https:\/\/www.svalbard.fr\/actualites\/wp-content\/uploads\/2023\/09\/head-nom.jpg\",\"width\":264,\"height\":35,\"caption\":\"www.Svalbard.fr\"},\"image\":{\"@id\":\"https:\/\/www.svalbard.fr\/actualites\/#\/schema\/logo\/image\/\"}},{\"@type\":\"Person\",\"@id\":\"https:\/\/www.svalbard.fr\/actualites\/#\/schema\/person\/a2f937d5712222366738fae98755c600\",\"name\":\"Hilmar\",\"image\":{\"@type\":\"ImageObject\",\"inLanguage\":\"fr-FR\",\"@id\":\"https:\/\/www.svalbard.fr\/actualites\/#\/schema\/person\/image\/\",\"url\":\"https:\/\/secure.gravatar.com\/avatar\/4daa437093476dbc32da415c112b6512?s=96&d=mm&r=g\",\"contentUrl\":\"https:\/\/secure.gravatar.com\/avatar\/4daa437093476dbc32da415c112b6512?s=96&d=mm&r=g\",\"caption\":\"Hilmar\"},\"description\":\"Hilmar est un passionn\u00e9 des r\u00e9gions polaires, sp\u00e9cialis\u00e9 dans la r\u00e9daction d'articles sur le Spitzberg et autres destinations arctiques. Il apporte son expertise et sa passion pour l'Arctique au sein de l'\u00e9quipe de r\u00e9daction de Svalbard depuis de nombreuses ann\u00e9es.\",\"sameAs\":[\"https:\/\/www.svalbard.fr\/\"]}]}<\/script>\n<!-- \/ Yoast SEO plugin. -->","yoast_head_json":{"title":"Destination majeure secou\u00e9e par l&#39;explosion de la grenade dans le centre-ville avec plus d&#39;explosifs \u00abprobable\u00bb","robots":{"index":"index","follow":"follow","max-snippet":"max-snippet:-1","max-image-preview":"max-image-preview:large","max-video-preview":"max-video-preview:-1"},"canonical":"https:\/\/www.svalbard.fr\/actualites\/destination-majeure-secouee-par-lexplosion-de-la-grenade-dans-le-centre-ville-avec-plus-dexplosifs-probable\/","og_locale":"fr_FR","og_type":"article","og_title":"Destination majeure secou\u00e9e par l&#39;explosion de la grenade dans le centre-ville avec plus d&#39;explosifs \u00abprobable\u00bb","og_description":"Le centre d&#39;Oslo a \u00e9t\u00e9 mis en \u00e9vidence ce soir \u00e0 la suite d&#39;une explosion, la police faisant exploser une grenade et arr\u00eatant un homme.","og_url":"https:\/\/www.svalbard.fr\/actualites\/destination-majeure-secouee-par-lexplosion-de-la-grenade-dans-le-centre-ville-avec-plus-dexplosifs-probable\/","og_site_name":"www.Svalbard.fr","article_published_time":"2025-09-23T22:32:28+00:00","article_modified_time":"2025-09-23T22:32:30+00:00","og_image":[{"width":1200,"height":630,"url":"https:\/\/www.svalbard.fr\/actualites\/wp-content\/uploads\/2025\/09\/Destination-majeure-secouee-par-l39explosion-de-la-grenade-dans-le.jpg","type":"image\/jpeg"}],"author":"Hilmar","twitter_card":"summary_large_image","twitter_misc":{"\u00c9crit par":"Hilmar","Dur\u00e9e de lecture estim\u00e9e":"2 minutes"},"schema":{"@context":"https:\/\/schema.org","@graph":[{"@type":"Article","@id":"https:\/\/www.svalbard.fr\/actualites\/destination-majeure-secouee-par-lexplosion-de-la-grenade-dans-le-centre-ville-avec-plus-dexplosifs-probable\/#article","isPartOf":{"@id":"https:\/\/www.svalbard.fr\/actualites\/destination-majeure-secouee-par-lexplosion-de-la-grenade-dans-le-centre-ville-avec-plus-dexplosifs-probable\/"},"author":{"name":"Hilmar","@id":"https:\/\/www.svalbard.fr\/actualites\/#\/schema\/person\/a2f937d5712222366738fae98755c600"},"headline":"Destination majeure secou\u00e9e par l&#39;explosion de la grenade dans le centre-ville avec plus d&#39;explosifs \u00abprobable\u00bb","datePublished":"2025-09-23T22:32:28+00:00","dateModified":"2025-09-23T22:32:30+00:00","mainEntityOfPage":{"@id":"https:\/\/www.svalbard.fr\/actualites\/destination-majeure-secouee-par-lexplosion-de-la-grenade-dans-le-centre-ville-avec-plus-dexplosifs-probable\/"},"wordCount":467,"publisher":{"@id":"https:\/\/www.svalbard.fr\/actualites\/#organization"},"keywords":["avec","centreville","d39explosifs","dans","destination","grenade","l39explosion","majeure","par","probable","secou\u00e9e"],"inLanguage":"fr-FR"},{"@type":"WebPage","@id":"https:\/\/www.svalbard.fr\/actualites\/destination-majeure-secouee-par-lexplosion-de-la-grenade-dans-le-centre-ville-avec-plus-dexplosifs-probable\/","url":"https:\/\/www.svalbard.fr\/actualites\/destination-majeure-secouee-par-lexplosion-de-la-grenade-dans-le-centre-ville-avec-plus-dexplosifs-probable\/","name":"Destination majeure secou\u00e9e par l&#39;explosion de la grenade dans le centre-ville avec plus d&#39;explosifs \u00abprobable\u00bb","isPartOf":{"@id":"https:\/\/www.svalbard.fr\/actualites\/#website"},"datePublished":"2025-09-23T22:32:28+00:00","dateModified":"2025-09-23T22:32:30+00:00","breadcrumb":{"@id":"https:\/\/www.svalbard.fr\/actualites\/destination-majeure-secouee-par-lexplosion-de-la-grenade-dans-le-centre-ville-avec-plus-dexplosifs-probable\/#breadcrumb"},"inLanguage":"fr-FR","potentialAction":[{"@type":"ReadAction","target":["https:\/\/www.svalbard.fr\/actualites\/destination-majeure-secouee-par-lexplosion-de-la-grenade-dans-le-centre-ville-avec-plus-dexplosifs-probable\/"]}]},{"@type":"BreadcrumbList","@id":"https:\/\/www.svalbard.fr\/actualites\/destination-majeure-secouee-par-lexplosion-de-la-grenade-dans-le-centre-ville-avec-plus-dexplosifs-probable\/#breadcrumb","itemListElement":[{"@type":"ListItem","position":1,"name":"Accueil","item":"https:\/\/www.svalbard.fr\/actualites\/"},{"@type":"ListItem","position":2,"name":"Destination majeure secou\u00e9e par l&#39;explosion de la grenade dans le centre-ville avec plus d&#39;explosifs \u00abprobable\u00bb"}]},{"@type":"WebSite","@id":"https:\/\/www.svalbard.fr\/actualites\/#website","url":"https:\/\/www.svalbard.fr\/actualites\/","name":"www.Svalbard.fr","description":"","publisher":{"@id":"https:\/\/www.svalbard.fr\/actualites\/#organization"},"potentialAction":[{"@type":"SearchAction","target":{"@type":"EntryPoint","urlTemplate":"https:\/\/www.svalbard.fr\/actualites\/?s={search_term_string}"},"query-input":"required name=search_term_string"}],"inLanguage":"fr-FR"},{"@type":"Organization","@id":"https:\/\/www.svalbard.fr\/actualites\/#organization","name":"www.Svalbard.fr","url":"https:\/\/www.svalbard.fr\/actualites\/","logo":{"@type":"ImageObject","inLanguage":"fr-FR","@id":"https:\/\/www.svalbard.fr\/actualites\/#\/schema\/logo\/image\/","url":"https:\/\/www.svalbard.fr\/actualites\/wp-content\/uploads\/2023\/09\/head-nom.jpg","contentUrl":"https:\/\/www.svalbard.fr\/actualites\/wp-content\/uploads\/2023\/09\/head-nom.jpg","width":264,"height":35,"caption":"www.Svalbard.fr"},"image":{"@id":"https:\/\/www.svalbard.fr\/actualites\/#\/schema\/logo\/image\/"}},{"@type":"Person","@id":"https:\/\/www.svalbard.fr\/actualites\/#\/schema\/person\/a2f937d5712222366738fae98755c600","name":"Hilmar","image":{"@type":"ImageObject","inLanguage":"fr-FR","@id":"https:\/\/www.svalbard.fr\/actualites\/#\/schema\/person\/image\/","url":"https:\/\/secure.gravatar.com\/avatar\/4daa437093476dbc32da415c112b6512?s=96&d=mm&r=g","contentUrl":"https:\/\/secure.gravatar.com\/avatar\/4daa437093476dbc32da415c112b6512?s=96&d=mm&r=g","caption":"Hilmar"},"description":"Hilmar est un passionn\u00e9 des r\u00e9gions polaires, sp\u00e9cialis\u00e9 dans la r\u00e9daction d'articles sur le Spitzberg et autres destinations arctiques. Il apporte son expertise et sa passion pour l'Arctique au sein de l'\u00e9quipe de r\u00e9daction de Svalbard depuis de nombreuses ann\u00e9es.","sameAs":["https:\/\/www.svalbard.fr\/"]}]}},"_links":{"self":[{"href":"https:\/\/www.svalbard.fr\/actualites\/wp-json\/wp\/v2\/posts\/4979"}],"collection":[{"href":"https:\/\/www.svalbard.fr\/actualites\/wp-json\/wp\/v2\/posts"}],"about":[{"href":"https:\/\/www.svalbard.fr\/actualites\/wp-json\/wp\/v2\/types\/post"}],"author":[{"embeddable":true,"href":"https:\/\/www.svalbard.fr\/actualites\/wp-json\/wp\/v2\/users\/1"}],"replies":[{"embeddable":true,"href":"https:\/\/www.svalbard.fr\/actualites\/wp-json\/wp\/v2\/comments?post=4979"}],"version-history":[{"count":1,"href":"https:\/\/www.svalbard.fr\/actualites\/wp-json\/wp\/v2\/posts\/4979\/revisions"}],"predecessor-version":[{"id":4981,"href":"https:\/\/www.svalbard.fr\/actualites\/wp-json\/wp\/v2\/posts\/4979\/revisions\/4981"}],"wp:featuredmedia":[{"embeddable":true,"href":"https:\/\/www.svalbard.fr\/actualites\/wp-json\/wp\/v2\/media\/4980"}],"wp:attachment":[{"href":"https:\/\/www.svalbard.fr\/actualites\/wp-json\/wp\/v2\/media?parent=4979"}],"wp:term":[{"taxonomy":"category","embeddable":true,"href":"https:\/\/www.svalbard.fr\/actualites\/wp-json\/wp\/v2\/categories?post=4979"},{"taxonomy":"post_tag","embeddable":true,"href":"https:\/\/www.svalbard.fr\/actualites\/wp-json\/wp\/v2\/tags?post=4979"}],"curies":[{"name":"wp","href":"https:\/\/api.w.org\/{rel}","templated":true}]}}