{"id":4984,"date":"2025-09-24T14:56:46","date_gmt":"2025-09-24T12:56:46","guid":{"rendered":"https:\/\/www.svalbard.fr\/actualites\/royal-brise-le-silence-sur-le-documentaire-controverse-netflix\/"},"modified":"2025-09-24T14:56:49","modified_gmt":"2025-09-24T12:56:49","slug":"royal-brise-le-silence-sur-le-documentaire-controverse-netflix","status":"publish","type":"post","link":"https:\/\/www.svalbard.fr\/actualites\/royal-brise-le-silence-sur-le-documentaire-controverse-netflix\/","title":{"rendered":"Royal brise le silence sur le documentaire controvers\u00e9 Netflix"},"content":{"rendered":"<div>\n<p>Le prince h\u00e9ritier Haakon de Norv\u00e8ge a parl\u00e9 du documentaire controvers\u00e9 de Netflix de sa s\u0153ur pour la premi\u00e8re fois depuis sa sortie. Le nouveau film, intitul\u00e9 Rebel Royals: une histoire d&#39;amour improbable, suit l&#39;histoire de la princesse M\u00e4rtha Louise et de son mari, un chaman Durek Verrett autoproclam\u00e9, des premiers jours de leur relation avec la planification de leur mariage en 2024.<\/p>\n<p>Dans une d\u00e9cision qui pr\u00e9sente des similitudes frappantes avec l&#39;histoire du duc et de la duchesse de Sussex, le couple royal norv\u00e9gien, qui a \u00e9t\u00e9 continuellement condamn\u00e9 par les m\u00e9dias nationaux sur leurs opinions controvers\u00e9es et leur utilisation de leurs liens royaux, ont \u00e9t\u00e9 accus\u00e9s de \u00ab\u00a0violer\u00a0\u00bb leur accord avec la maison royale. En 2022, lorsque la princesse a officiellement d\u00e9missionn\u00e9 en tant que royal de travail, il a \u00e9t\u00e9 convenu que ni elle ni son mari n&#39;utiliseraient leurs liens royaux \u00e0 des fins commerciales.<\/p>\n<p>Le fr\u00e8re et h\u00e9ritier de M\u00e4rtha Louise sur le tr\u00f4ne norv\u00e9gien a parl\u00e9 pour la premi\u00e8re fois du documentaire lors d&#39;un engagement mardi \u00e0 Hallingdal.<\/p>\n<\/div>\n<div>\n<p>Il a d\u00e9clar\u00e9 au magazine norv\u00e9gien Se Og H\u00f8r: \u00ab\u00a0Je pense que je devrais m&#39;abstenir de le juger, mais malheureusement, je ne pense pas qu&#39;il y ait une distinction assez bonne entre les activit\u00e9s de la maison royale et le projet et le c\u00f4t\u00e9 commercial de la princesse M\u00e4rtha Louise et Durek Verrett.\u00a0\u00bb<\/p>\n<p>Il a ajout\u00e9: \u00ab\u00a0Nous voulons qu&#39;il y ait une distinction plus claire entre les activit\u00e9s de la Royal House et de la princesse M\u00e4rtha Louise et des projets de Durek Verrett et des activit\u00e9s commerciales. J&#39;esp\u00e8re que nous pourrons y parvenir un peu mieux. Maintenant, ils ont publi\u00e9 une d\u00e9claration disant qu&#39;ils sont pr\u00e9occup\u00e9s par l&#39;int\u00e9grit\u00e9 de l&#39;accord que nous avons de 2022, donc il y a quelque chose \u00e0 construire.\u00a0\u00bb<\/p>\n<p>Pendant ce temps, un porte-parole du palais a d\u00e9clar\u00e9 \u00e0 NRK la semaine derni\u00e8re: \u00ab\u00a0Tout le monde devrait avoir le droit de raconter leur histoire. Cela s&#39;applique \u00e9galement \u00e0 la princesse M\u00e4rtha Louise et Durek Verrett.<\/p>\n<\/div>\n<div>\n<p>\u00ab\u00a0En m\u00eame temps, la maison royale veut une distinction plus claire entre les activit\u00e9s de la princesse M\u00e4rtha Louise et Durek Verrett et la maison royale. Ce sera le sujet des conversations que nous aurons \u00e0 l&#39;avenir.\u00a0\u00bb<\/p>\n<p>Le documentaire, qui a \u00e9t\u00e9 publi\u00e9 le 16 septembre, n&#39;a pas attir\u00e9 l&#39;attention du spectateur sur Netflix, plusieurs personnes lui donnant plus que des notes favorables.<\/p>\n<p>Il est actuellement \u00e9valu\u00e9 \u00e0 2,5 \/ 10 sur IMDB.<\/p>\n<\/div>\n","protected":false},"excerpt":{"rendered":"<p>Le prince h\u00e9ritier Haakon de Norv\u00e8ge a parl\u00e9 du documentaire controvers\u00e9 de Netflix de sa s\u0153ur pour la premi\u00e8re fois depuis sa sortie. Le nouveau<\/p>\n","protected":false},"author":1,"featured_media":4985,"comment_status":"closed","ping_status":"","sticky":false,"template":"","format":"standard","meta":{"footnotes":""},"categories":[2277],"tags":[1978,5167,5147,1882,1580,1491,28],"yoast_head":"<!-- This site is optimized with the Yoast SEO plugin v21.0 - https:\/\/yoast.com\/wordpress\/plugins\/seo\/ -->\n<title>Royal brise le silence sur le documentaire controvers\u00e9 Netflix<\/title>\n<meta name=\"robots\" content=\"index, follow, max-snippet:-1, max-image-preview:large, max-video-preview:-1\" \/>\n<link rel=\"canonical\" href=\"https:\/\/www.svalbard.fr\/actualites\/royal-brise-le-silence-sur-le-documentaire-controverse-netflix\/\" \/>\n<meta property=\"og:locale\" content=\"fr_FR\" \/>\n<meta property=\"og:type\" content=\"article\" \/>\n<meta property=\"og:title\" content=\"Royal brise le silence sur le documentaire controvers\u00e9 Netflix\" \/>\n<meta property=\"og:description\" content=\"Le prince h\u00e9ritier Haakon de Norv\u00e8ge a parl\u00e9 du documentaire controvers\u00e9 de Netflix de sa s\u0153ur pour la premi\u00e8re fois depuis sa sortie. Le nouveau\" \/>\n<meta property=\"og:url\" content=\"https:\/\/www.svalbard.fr\/actualites\/royal-brise-le-silence-sur-le-documentaire-controverse-netflix\/\" \/>\n<meta property=\"og:site_name\" content=\"www.Svalbard.fr\" \/>\n<meta property=\"article:published_time\" content=\"2025-09-24T12:56:46+00:00\" \/>\n<meta property=\"article:modified_time\" content=\"2025-09-24T12:56:49+00:00\" \/>\n<meta property=\"og:image\" content=\"https:\/\/www.svalbard.fr\/actualites\/wp-content\/uploads\/2025\/09\/Royal-brise-le-silence-sur-le-documentaire-controverse-Netflix.jpg\" \/>\n\t<meta property=\"og:image:width\" content=\"1200\" \/>\n\t<meta property=\"og:image:height\" content=\"630\" \/>\n\t<meta property=\"og:image:type\" content=\"image\/jpeg\" \/>\n<meta name=\"author\" content=\"Hilmar\" \/>\n<meta name=\"twitter:card\" content=\"summary_large_image\" \/>\n<meta name=\"twitter:label1\" content=\"\u00c9crit par\" \/>\n\t<meta name=\"twitter:data1\" content=\"Hilmar\" \/>\n\t<meta name=\"twitter:label2\" content=\"Dur\u00e9e de lecture estim\u00e9e\" \/>\n\t<meta name=\"twitter:data2\" content=\"2 minutes\" \/>\n<script type=\"application\/ld+json\" class=\"yoast-schema-graph\">{\"@context\":\"https:\/\/schema.org\",\"@graph\":[{\"@type\":\"Article\",\"@id\":\"https:\/\/www.svalbard.fr\/actualites\/royal-brise-le-silence-sur-le-documentaire-controverse-netflix\/#article\",\"isPartOf\":{\"@id\":\"https:\/\/www.svalbard.fr\/actualites\/royal-brise-le-silence-sur-le-documentaire-controverse-netflix\/\"},\"author\":{\"name\":\"Hilmar\",\"@id\":\"https:\/\/www.svalbard.fr\/actualites\/#\/schema\/person\/a2f937d5712222366738fae98755c600\"},\"headline\":\"Royal brise le silence sur le documentaire controvers\u00e9 Netflix\",\"datePublished\":\"2025-09-24T12:56:46+00:00\",\"dateModified\":\"2025-09-24T12:56:49+00:00\",\"mainEntityOfPage\":{\"@id\":\"https:\/\/www.svalbard.fr\/actualites\/royal-brise-le-silence-sur-le-documentaire-controverse-netflix\/\"},\"wordCount\":455,\"publisher\":{\"@id\":\"https:\/\/www.svalbard.fr\/actualites\/#organization\"},\"keywords\":[\"brise\",\"controvers\u00e9\",\"documentaire\",\"Netflix\",\"royal\",\"silence\",\"sur\"],\"inLanguage\":\"fr-FR\"},{\"@type\":\"WebPage\",\"@id\":\"https:\/\/www.svalbard.fr\/actualites\/royal-brise-le-silence-sur-le-documentaire-controverse-netflix\/\",\"url\":\"https:\/\/www.svalbard.fr\/actualites\/royal-brise-le-silence-sur-le-documentaire-controverse-netflix\/\",\"name\":\"Royal brise le silence sur le documentaire controvers\u00e9 Netflix\",\"isPartOf\":{\"@id\":\"https:\/\/www.svalbard.fr\/actualites\/#website\"},\"datePublished\":\"2025-09-24T12:56:46+00:00\",\"dateModified\":\"2025-09-24T12:56:49+00:00\",\"breadcrumb\":{\"@id\":\"https:\/\/www.svalbard.fr\/actualites\/royal-brise-le-silence-sur-le-documentaire-controverse-netflix\/#breadcrumb\"},\"inLanguage\":\"fr-FR\",\"potentialAction\":[{\"@type\":\"ReadAction\",\"target\":[\"https:\/\/www.svalbard.fr\/actualites\/royal-brise-le-silence-sur-le-documentaire-controverse-netflix\/\"]}]},{\"@type\":\"BreadcrumbList\",\"@id\":\"https:\/\/www.svalbard.fr\/actualites\/royal-brise-le-silence-sur-le-documentaire-controverse-netflix\/#breadcrumb\",\"itemListElement\":[{\"@type\":\"ListItem\",\"position\":1,\"name\":\"Accueil\",\"item\":\"https:\/\/www.svalbard.fr\/actualites\/\"},{\"@type\":\"ListItem\",\"position\":2,\"name\":\"Royal brise le silence sur le documentaire controvers\u00e9 Netflix\"}]},{\"@type\":\"WebSite\",\"@id\":\"https:\/\/www.svalbard.fr\/actualites\/#website\",\"url\":\"https:\/\/www.svalbard.fr\/actualites\/\",\"name\":\"www.Svalbard.fr\",\"description\":\"\",\"publisher\":{\"@id\":\"https:\/\/www.svalbard.fr\/actualites\/#organization\"},\"potentialAction\":[{\"@type\":\"SearchAction\",\"target\":{\"@type\":\"EntryPoint\",\"urlTemplate\":\"https:\/\/www.svalbard.fr\/actualites\/?s={search_term_string}\"},\"query-input\":\"required name=search_term_string\"}],\"inLanguage\":\"fr-FR\"},{\"@type\":\"Organization\",\"@id\":\"https:\/\/www.svalbard.fr\/actualites\/#organization\",\"name\":\"www.Svalbard.fr\",\"url\":\"https:\/\/www.svalbard.fr\/actualites\/\",\"logo\":{\"@type\":\"ImageObject\",\"inLanguage\":\"fr-FR\",\"@id\":\"https:\/\/www.svalbard.fr\/actualites\/#\/schema\/logo\/image\/\",\"url\":\"https:\/\/www.svalbard.fr\/actualites\/wp-content\/uploads\/2023\/09\/head-nom.jpg\",\"contentUrl\":\"https:\/\/www.svalbard.fr\/actualites\/wp-content\/uploads\/2023\/09\/head-nom.jpg\",\"width\":264,\"height\":35,\"caption\":\"www.Svalbard.fr\"},\"image\":{\"@id\":\"https:\/\/www.svalbard.fr\/actualites\/#\/schema\/logo\/image\/\"}},{\"@type\":\"Person\",\"@id\":\"https:\/\/www.svalbard.fr\/actualites\/#\/schema\/person\/a2f937d5712222366738fae98755c600\",\"name\":\"Hilmar\",\"image\":{\"@type\":\"ImageObject\",\"inLanguage\":\"fr-FR\",\"@id\":\"https:\/\/www.svalbard.fr\/actualites\/#\/schema\/person\/image\/\",\"url\":\"https:\/\/secure.gravatar.com\/avatar\/4daa437093476dbc32da415c112b6512?s=96&d=mm&r=g\",\"contentUrl\":\"https:\/\/secure.gravatar.com\/avatar\/4daa437093476dbc32da415c112b6512?s=96&d=mm&r=g\",\"caption\":\"Hilmar\"},\"description\":\"Hilmar est un passionn\u00e9 des r\u00e9gions polaires, sp\u00e9cialis\u00e9 dans la r\u00e9daction d'articles sur le Spitzberg et autres destinations arctiques. Il apporte son expertise et sa passion pour l'Arctique au sein de l'\u00e9quipe de r\u00e9daction de Svalbard depuis de nombreuses ann\u00e9es.\",\"sameAs\":[\"https:\/\/www.svalbard.fr\/\"]}]}<\/script>\n<!-- \/ Yoast SEO plugin. -->","yoast_head_json":{"title":"Royal brise le silence sur le documentaire controvers\u00e9 Netflix","robots":{"index":"index","follow":"follow","max-snippet":"max-snippet:-1","max-image-preview":"max-image-preview:large","max-video-preview":"max-video-preview:-1"},"canonical":"https:\/\/www.svalbard.fr\/actualites\/royal-brise-le-silence-sur-le-documentaire-controverse-netflix\/","og_locale":"fr_FR","og_type":"article","og_title":"Royal brise le silence sur le documentaire controvers\u00e9 Netflix","og_description":"Le prince h\u00e9ritier Haakon de Norv\u00e8ge a parl\u00e9 du documentaire controvers\u00e9 de Netflix de sa s\u0153ur pour la premi\u00e8re fois depuis sa sortie. Le nouveau","og_url":"https:\/\/www.svalbard.fr\/actualites\/royal-brise-le-silence-sur-le-documentaire-controverse-netflix\/","og_site_name":"www.Svalbard.fr","article_published_time":"2025-09-24T12:56:46+00:00","article_modified_time":"2025-09-24T12:56:49+00:00","og_image":[{"width":1200,"height":630,"url":"https:\/\/www.svalbard.fr\/actualites\/wp-content\/uploads\/2025\/09\/Royal-brise-le-silence-sur-le-documentaire-controverse-Netflix.jpg","type":"image\/jpeg"}],"author":"Hilmar","twitter_card":"summary_large_image","twitter_misc":{"\u00c9crit par":"Hilmar","Dur\u00e9e de lecture estim\u00e9e":"2 minutes"},"schema":{"@context":"https:\/\/schema.org","@graph":[{"@type":"Article","@id":"https:\/\/www.svalbard.fr\/actualites\/royal-brise-le-silence-sur-le-documentaire-controverse-netflix\/#article","isPartOf":{"@id":"https:\/\/www.svalbard.fr\/actualites\/royal-brise-le-silence-sur-le-documentaire-controverse-netflix\/"},"author":{"name":"Hilmar","@id":"https:\/\/www.svalbard.fr\/actualites\/#\/schema\/person\/a2f937d5712222366738fae98755c600"},"headline":"Royal brise le silence sur le documentaire controvers\u00e9 Netflix","datePublished":"2025-09-24T12:56:46+00:00","dateModified":"2025-09-24T12:56:49+00:00","mainEntityOfPage":{"@id":"https:\/\/www.svalbard.fr\/actualites\/royal-brise-le-silence-sur-le-documentaire-controverse-netflix\/"},"wordCount":455,"publisher":{"@id":"https:\/\/www.svalbard.fr\/actualites\/#organization"},"keywords":["brise","controvers\u00e9","documentaire","Netflix","royal","silence","sur"],"inLanguage":"fr-FR"},{"@type":"WebPage","@id":"https:\/\/www.svalbard.fr\/actualites\/royal-brise-le-silence-sur-le-documentaire-controverse-netflix\/","url":"https:\/\/www.svalbard.fr\/actualites\/royal-brise-le-silence-sur-le-documentaire-controverse-netflix\/","name":"Royal brise le silence sur le documentaire controvers\u00e9 Netflix","isPartOf":{"@id":"https:\/\/www.svalbard.fr\/actualites\/#website"},"datePublished":"2025-09-24T12:56:46+00:00","dateModified":"2025-09-24T12:56:49+00:00","breadcrumb":{"@id":"https:\/\/www.svalbard.fr\/actualites\/royal-brise-le-silence-sur-le-documentaire-controverse-netflix\/#breadcrumb"},"inLanguage":"fr-FR","potentialAction":[{"@type":"ReadAction","target":["https:\/\/www.svalbard.fr\/actualites\/royal-brise-le-silence-sur-le-documentaire-controverse-netflix\/"]}]},{"@type":"BreadcrumbList","@id":"https:\/\/www.svalbard.fr\/actualites\/royal-brise-le-silence-sur-le-documentaire-controverse-netflix\/#breadcrumb","itemListElement":[{"@type":"ListItem","position":1,"name":"Accueil","item":"https:\/\/www.svalbard.fr\/actualites\/"},{"@type":"ListItem","position":2,"name":"Royal brise le silence sur le documentaire controvers\u00e9 Netflix"}]},{"@type":"WebSite","@id":"https:\/\/www.svalbard.fr\/actualites\/#website","url":"https:\/\/www.svalbard.fr\/actualites\/","name":"www.Svalbard.fr","description":"","publisher":{"@id":"https:\/\/www.svalbard.fr\/actualites\/#organization"},"potentialAction":[{"@type":"SearchAction","target":{"@type":"EntryPoint","urlTemplate":"https:\/\/www.svalbard.fr\/actualites\/?s={search_term_string}"},"query-input":"required name=search_term_string"}],"inLanguage":"fr-FR"},{"@type":"Organization","@id":"https:\/\/www.svalbard.fr\/actualites\/#organization","name":"www.Svalbard.fr","url":"https:\/\/www.svalbard.fr\/actualites\/","logo":{"@type":"ImageObject","inLanguage":"fr-FR","@id":"https:\/\/www.svalbard.fr\/actualites\/#\/schema\/logo\/image\/","url":"https:\/\/www.svalbard.fr\/actualites\/wp-content\/uploads\/2023\/09\/head-nom.jpg","contentUrl":"https:\/\/www.svalbard.fr\/actualites\/wp-content\/uploads\/2023\/09\/head-nom.jpg","width":264,"height":35,"caption":"www.Svalbard.fr"},"image":{"@id":"https:\/\/www.svalbard.fr\/actualites\/#\/schema\/logo\/image\/"}},{"@type":"Person","@id":"https:\/\/www.svalbard.fr\/actualites\/#\/schema\/person\/a2f937d5712222366738fae98755c600","name":"Hilmar","image":{"@type":"ImageObject","inLanguage":"fr-FR","@id":"https:\/\/www.svalbard.fr\/actualites\/#\/schema\/person\/image\/","url":"https:\/\/secure.gravatar.com\/avatar\/4daa437093476dbc32da415c112b6512?s=96&d=mm&r=g","contentUrl":"https:\/\/secure.gravatar.com\/avatar\/4daa437093476dbc32da415c112b6512?s=96&d=mm&r=g","caption":"Hilmar"},"description":"Hilmar est un passionn\u00e9 des r\u00e9gions polaires, sp\u00e9cialis\u00e9 dans la r\u00e9daction d'articles sur le Spitzberg et autres destinations arctiques. Il apporte son expertise et sa passion pour l'Arctique au sein de l'\u00e9quipe de r\u00e9daction de Svalbard depuis de nombreuses ann\u00e9es.","sameAs":["https:\/\/www.svalbard.fr\/"]}]}},"_links":{"self":[{"href":"https:\/\/www.svalbard.fr\/actualites\/wp-json\/wp\/v2\/posts\/4984"}],"collection":[{"href":"https:\/\/www.svalbard.fr\/actualites\/wp-json\/wp\/v2\/posts"}],"about":[{"href":"https:\/\/www.svalbard.fr\/actualites\/wp-json\/wp\/v2\/types\/post"}],"author":[{"embeddable":true,"href":"https:\/\/www.svalbard.fr\/actualites\/wp-json\/wp\/v2\/users\/1"}],"replies":[{"embeddable":true,"href":"https:\/\/www.svalbard.fr\/actualites\/wp-json\/wp\/v2\/comments?post=4984"}],"version-history":[{"count":1,"href":"https:\/\/www.svalbard.fr\/actualites\/wp-json\/wp\/v2\/posts\/4984\/revisions"}],"predecessor-version":[{"id":4986,"href":"https:\/\/www.svalbard.fr\/actualites\/wp-json\/wp\/v2\/posts\/4984\/revisions\/4986"}],"wp:featuredmedia":[{"embeddable":true,"href":"https:\/\/www.svalbard.fr\/actualites\/wp-json\/wp\/v2\/media\/4985"}],"wp:attachment":[{"href":"https:\/\/www.svalbard.fr\/actualites\/wp-json\/wp\/v2\/media?parent=4984"}],"wp:term":[{"taxonomy":"category","embeddable":true,"href":"https:\/\/www.svalbard.fr\/actualites\/wp-json\/wp\/v2\/categories?post=4984"},{"taxonomy":"post_tag","embeddable":true,"href":"https:\/\/www.svalbard.fr\/actualites\/wp-json\/wp\/v2\/tags?post=4984"}],"curies":[{"name":"wp","href":"https:\/\/api.w.org\/{rel}","templated":true}]}}