{"id":5000,"date":"2025-10-02T00:01:13","date_gmt":"2025-10-01T22:01:13","guid":{"rendered":"https:\/\/www.svalbard.fr\/actualites\/alarme-dans-la-nation-de-lotan-en-tant-que-drones-de-differents-types-vus-sur-des-sites-hospitaliers-et-militaires\/"},"modified":"2025-10-02T00:01:16","modified_gmt":"2025-10-01T22:01:16","slug":"alarme-dans-la-nation-de-lotan-en-tant-que-drones-de-differents-types-vus-sur-des-sites-hospitaliers-et-militaires","status":"publish","type":"post","link":"https:\/\/www.svalbard.fr\/actualites\/alarme-dans-la-nation-de-lotan-en-tant-que-drones-de-differents-types-vus-sur-des-sites-hospitaliers-et-militaires\/","title":{"rendered":"Alarme dans la nation de l&#39;OTAN en tant que drones de \u00abdiff\u00e9rents types\u00bb vus sur des sites hospitaliers et militaires"},"content":{"rendered":"<div>\n<p>L&#39;Allemagne a lanc\u00e9 une enqu\u00eate apr\u00e8s \u00eatre devenue la derni\u00e8re nation europ\u00e9enne \u00e0 signaler des observations de drones sur des infrastructures critiques. Les autorit\u00e9s enqu\u00eatent sur les affirmations selon lesquelles les drones non identifi\u00e9s peuvent avoir espionn\u00e9 des zones de l&#39;\u00c9tat le plus au nord de l&#39;Allemagne.<\/p>\n<p data-mce-linkchecker-status=\"valid\">Un responsable de l&#39;\u00c9tat a confirm\u00e9 qu&#39;il y avait eu un certain nombre d&#39;observations \u00e0 la fin de la semaine derni\u00e8re au milieu des pr\u00e9occupations de la Russie pourraient \u00eatre responsables d&#39;une rafale d&#39;incursions de drones \u00e0 travers l&#39;Europe. Le ministre r\u00e9gional de l&#39;Int\u00e9rieur, Sabine S\u00fctterlin-Waack, a d\u00e9clar\u00e9 que des objets volants de \u00abdiff\u00e9rents types et tailles\u00bb avaient \u00e9t\u00e9 vus sur les infrastructures cl\u00e9s et les sites militaires. Les incidents se sont produits dans le district de Rendsburg-Eckernf\u00f6rde et la ville de Kiel, au sein de Schleswig-Holstein qui borde le Danemark.<\/p>\n<\/div>\n<div>\n<p>Un m\u00e9mo interne, cit\u00e9 par Der Spiegel, a d\u00e9clar\u00e9 qu&#39;un \u00ab\u00a0syst\u00e8me de drones combin\u00e9 avec un drone parent\u00a0\u00bb a \u00e9t\u00e9 rep\u00e9r\u00e9 sur l&#39;h\u00f4pital universitaire.<\/p>\n<p>Des formations similaires auraient \u00e9galement \u00e9t\u00e9 rep\u00e9r\u00e9es sur une centrale c\u00f4ti\u00e8re et le canal de Kiel &#8211; une principale voie d&#39;exp\u00e9dition qui relie la mer du Nord et la mer Baltique.<\/p>\n<p data-mce-linkchecker-status=\"valid\">Deux petits drones avaient d\u00e9j\u00e0 \u00e9t\u00e9 vus sur un chantier naval \u00e0 Kiel appartenant au fabricant de navires de guerre TKMS.<\/p>\n<p>D&#39;autres drones suspects auraient \u00e9t\u00e9 rep\u00e9r\u00e9s dans l&#39;\u00c9tat de Pomerania de Mecklenburg-Western \u00e0 l&#39;est.<\/p>\n<p>Jeudi, des drones ont \u00e9t\u00e9 observ\u00e9s sur une base militaire \u00e0 Sanitz, avant qu&#39;un incident similaire ne se produise sur un commandement naval \u00e0 Rostock le lendemain, selon Der Spiegel.<\/p>\n<p>Les observations de drones ont \u00e9galement perturb\u00e9 les a\u00e9roports en Norv\u00e8ge et en Lituanie au cours de la semaine derni\u00e8re.<\/p>\n<\/div>\n<div>\n<p>Mercredi, l&#39;arm\u00e9e fran\u00e7aise est mont\u00e9e \u00e0 bord d&#39;un p\u00e9trolier que certains suspects auraient pu \u00eatre utilis\u00e9s comme un lancement pour les vols de drones de la semaine derni\u00e8re au-dessus du Danemark.<\/p>\n<p>Emmanuel Macron a d\u00e9clar\u00e9 que le navire, ancr\u00e9 au large des c\u00f4tes de Saint-Nazaire dans l&#39;ouest de la France, avait commis des \u00abm\u00e9faits tr\u00e8s graves\u00bb et a li\u00e9 le navire \u00e0 la soi-disant flotte de l&#39;ombre de la Russie qui est utilis\u00e9e pour \u00e9viter les sanctions occidentales sur la guerre de Moscou en Ukraine.<\/p>\n<p>Le p\u00e9trolier naviguait au large des c\u00f4tes du Danemark la semaine derni\u00e8re et a \u00e9t\u00e9 cit\u00e9 par des experts navals europ\u00e9ens comme peut-\u00eatre impliqu\u00e9s dans des vols de drones \u00e0 travers la nation de l&#39;OTAN.<\/p>\n<p>Moscou a ni\u00e9 toute implication dans les incidents et a d\u00e9clar\u00e9 qu&#39;elle n&#39;avait aucune information sur le navire.<\/p>\n<p>Le mois dernier, la Russie a \u00e9t\u00e9 accus\u00e9e de violations \u00abt\u00e9m\u00e9raires\u00bb de l&#39;espace a\u00e9rien de l&#39;OTAN par des avions de chasse et des drones.<\/p>\n<p>Les dirigeants de l&#39;UE ont discut\u00e9 mercredi de l&#39;id\u00e9e d&#39;un mur de drones en r\u00e9ponse aux violations.<\/p>\n<\/div>\n","protected":false},"excerpt":{"rendered":"<p>L&#39;Allemagne a lanc\u00e9 une enqu\u00eate apr\u00e8s \u00eatre devenue la derni\u00e8re nation europ\u00e9enne \u00e0 signaler des observations de drones sur des infrastructures critiques. Les autorit\u00e9s enqu\u00eatent<\/p>\n","protected":false},"author":1,"featured_media":5001,"comment_status":"closed","ping_status":"","sticky":false,"template":"","format":"standard","meta":{"footnotes":""},"categories":[2277],"tags":[5197,54,8,5199,944,5205,1207,1080,1647,57,28,599,5201,5203],"yoast_head":"<!-- This site is optimized with the Yoast SEO plugin v21.0 - https:\/\/yoast.com\/wordpress\/plugins\/seo\/ -->\n<title>Alarme dans la nation de l&#039;OTAN en tant que drones de \u00abdiff\u00e9rents types\u00bb vus sur des sites hospitaliers et militaires<\/title>\n<meta name=\"robots\" content=\"index, follow, max-snippet:-1, max-image-preview:large, max-video-preview:-1\" \/>\n<link rel=\"canonical\" href=\"https:\/\/www.svalbard.fr\/actualites\/alarme-dans-la-nation-de-lotan-en-tant-que-drones-de-differents-types-vus-sur-des-sites-hospitaliers-et-militaires\/\" \/>\n<meta property=\"og:locale\" content=\"fr_FR\" \/>\n<meta property=\"og:type\" content=\"article\" \/>\n<meta property=\"og:title\" content=\"Alarme dans la nation de l&#039;OTAN en tant que drones de \u00abdiff\u00e9rents types\u00bb vus sur des sites hospitaliers et militaires\" \/>\n<meta property=\"og:description\" content=\"L&#039;Allemagne a lanc\u00e9 une enqu\u00eate apr\u00e8s \u00eatre devenue la derni\u00e8re nation europ\u00e9enne \u00e0 signaler des observations de drones sur des infrastructures critiques. Les autorit\u00e9s enqu\u00eatent\" \/>\n<meta property=\"og:url\" content=\"https:\/\/www.svalbard.fr\/actualites\/alarme-dans-la-nation-de-lotan-en-tant-que-drones-de-differents-types-vus-sur-des-sites-hospitaliers-et-militaires\/\" \/>\n<meta property=\"og:site_name\" content=\"www.Svalbard.fr\" \/>\n<meta property=\"article:published_time\" content=\"2025-10-01T22:01:13+00:00\" \/>\n<meta property=\"article:modified_time\" content=\"2025-10-01T22:01:16+00:00\" \/>\n<meta property=\"og:image\" content=\"https:\/\/www.svalbard.fr\/actualites\/wp-content\/uploads\/2025\/10\/Alarme-dans-la-nation-de-l39OTAN-en-tant-que-drones.jpg\" \/>\n\t<meta property=\"og:image:width\" content=\"1200\" \/>\n\t<meta property=\"og:image:height\" content=\"630\" \/>\n\t<meta property=\"og:image:type\" content=\"image\/jpeg\" \/>\n<meta name=\"author\" content=\"Hilmar\" \/>\n<meta name=\"twitter:card\" content=\"summary_large_image\" \/>\n<meta name=\"twitter:label1\" content=\"\u00c9crit par\" \/>\n\t<meta name=\"twitter:data1\" content=\"Hilmar\" \/>\n\t<meta name=\"twitter:label2\" content=\"Dur\u00e9e de lecture estim\u00e9e\" \/>\n\t<meta name=\"twitter:data2\" content=\"3 minutes\" \/>\n<script type=\"application\/ld+json\" class=\"yoast-schema-graph\">{\"@context\":\"https:\/\/schema.org\",\"@graph\":[{\"@type\":\"Article\",\"@id\":\"https:\/\/www.svalbard.fr\/actualites\/alarme-dans-la-nation-de-lotan-en-tant-que-drones-de-differents-types-vus-sur-des-sites-hospitaliers-et-militaires\/#article\",\"isPartOf\":{\"@id\":\"https:\/\/www.svalbard.fr\/actualites\/alarme-dans-la-nation-de-lotan-en-tant-que-drones-de-differents-types-vus-sur-des-sites-hospitaliers-et-militaires\/\"},\"author\":{\"name\":\"Hilmar\",\"@id\":\"https:\/\/www.svalbard.fr\/actualites\/#\/schema\/person\/a2f937d5712222366738fae98755c600\"},\"headline\":\"Alarme dans la nation de l&#39;OTAN en tant que drones de \u00abdiff\u00e9rents types\u00bb vus sur des sites hospitaliers et militaires\",\"datePublished\":\"2025-10-01T22:01:13+00:00\",\"dateModified\":\"2025-10-01T22:01:16+00:00\",\"mainEntityOfPage\":{\"@id\":\"https:\/\/www.svalbard.fr\/actualites\/alarme-dans-la-nation-de-lotan-en-tant-que-drones-de-differents-types-vus-sur-des-sites-hospitaliers-et-militaires\/\"},\"wordCount\":555,\"publisher\":{\"@id\":\"https:\/\/www.svalbard.fr\/actualites\/#organization\"},\"keywords\":[\"Alarme\",\"dans\",\"des\",\"diff\u00e9rents\",\"Drones\",\"hospitaliers\",\"l39OTAN\",\"militaires\",\"nation\",\"sites\",\"sur\",\"tant\",\"types\",\"vus\"],\"inLanguage\":\"fr-FR\"},{\"@type\":\"WebPage\",\"@id\":\"https:\/\/www.svalbard.fr\/actualites\/alarme-dans-la-nation-de-lotan-en-tant-que-drones-de-differents-types-vus-sur-des-sites-hospitaliers-et-militaires\/\",\"url\":\"https:\/\/www.svalbard.fr\/actualites\/alarme-dans-la-nation-de-lotan-en-tant-que-drones-de-differents-types-vus-sur-des-sites-hospitaliers-et-militaires\/\",\"name\":\"Alarme dans la nation de l&#39;OTAN en tant que drones de \u00abdiff\u00e9rents types\u00bb vus sur des sites hospitaliers et militaires\",\"isPartOf\":{\"@id\":\"https:\/\/www.svalbard.fr\/actualites\/#website\"},\"datePublished\":\"2025-10-01T22:01:13+00:00\",\"dateModified\":\"2025-10-01T22:01:16+00:00\",\"breadcrumb\":{\"@id\":\"https:\/\/www.svalbard.fr\/actualites\/alarme-dans-la-nation-de-lotan-en-tant-que-drones-de-differents-types-vus-sur-des-sites-hospitaliers-et-militaires\/#breadcrumb\"},\"inLanguage\":\"fr-FR\",\"potentialAction\":[{\"@type\":\"ReadAction\",\"target\":[\"https:\/\/www.svalbard.fr\/actualites\/alarme-dans-la-nation-de-lotan-en-tant-que-drones-de-differents-types-vus-sur-des-sites-hospitaliers-et-militaires\/\"]}]},{\"@type\":\"BreadcrumbList\",\"@id\":\"https:\/\/www.svalbard.fr\/actualites\/alarme-dans-la-nation-de-lotan-en-tant-que-drones-de-differents-types-vus-sur-des-sites-hospitaliers-et-militaires\/#breadcrumb\",\"itemListElement\":[{\"@type\":\"ListItem\",\"position\":1,\"name\":\"Accueil\",\"item\":\"https:\/\/www.svalbard.fr\/actualites\/\"},{\"@type\":\"ListItem\",\"position\":2,\"name\":\"Alarme dans la nation de l&#39;OTAN en tant que drones de \u00abdiff\u00e9rents types\u00bb vus sur des sites hospitaliers et militaires\"}]},{\"@type\":\"WebSite\",\"@id\":\"https:\/\/www.svalbard.fr\/actualites\/#website\",\"url\":\"https:\/\/www.svalbard.fr\/actualites\/\",\"name\":\"www.Svalbard.fr\",\"description\":\"\",\"publisher\":{\"@id\":\"https:\/\/www.svalbard.fr\/actualites\/#organization\"},\"potentialAction\":[{\"@type\":\"SearchAction\",\"target\":{\"@type\":\"EntryPoint\",\"urlTemplate\":\"https:\/\/www.svalbard.fr\/actualites\/?s={search_term_string}\"},\"query-input\":\"required name=search_term_string\"}],\"inLanguage\":\"fr-FR\"},{\"@type\":\"Organization\",\"@id\":\"https:\/\/www.svalbard.fr\/actualites\/#organization\",\"name\":\"www.Svalbard.fr\",\"url\":\"https:\/\/www.svalbard.fr\/actualites\/\",\"logo\":{\"@type\":\"ImageObject\",\"inLanguage\":\"fr-FR\",\"@id\":\"https:\/\/www.svalbard.fr\/actualites\/#\/schema\/logo\/image\/\",\"url\":\"https:\/\/www.svalbard.fr\/actualites\/wp-content\/uploads\/2023\/09\/head-nom.jpg\",\"contentUrl\":\"https:\/\/www.svalbard.fr\/actualites\/wp-content\/uploads\/2023\/09\/head-nom.jpg\",\"width\":264,\"height\":35,\"caption\":\"www.Svalbard.fr\"},\"image\":{\"@id\":\"https:\/\/www.svalbard.fr\/actualites\/#\/schema\/logo\/image\/\"}},{\"@type\":\"Person\",\"@id\":\"https:\/\/www.svalbard.fr\/actualites\/#\/schema\/person\/a2f937d5712222366738fae98755c600\",\"name\":\"Hilmar\",\"image\":{\"@type\":\"ImageObject\",\"inLanguage\":\"fr-FR\",\"@id\":\"https:\/\/www.svalbard.fr\/actualites\/#\/schema\/person\/image\/\",\"url\":\"https:\/\/secure.gravatar.com\/avatar\/4daa437093476dbc32da415c112b6512?s=96&d=mm&r=g\",\"contentUrl\":\"https:\/\/secure.gravatar.com\/avatar\/4daa437093476dbc32da415c112b6512?s=96&d=mm&r=g\",\"caption\":\"Hilmar\"},\"description\":\"Hilmar est un passionn\u00e9 des r\u00e9gions polaires, sp\u00e9cialis\u00e9 dans la r\u00e9daction d'articles sur le Spitzberg et autres destinations arctiques. Il apporte son expertise et sa passion pour l'Arctique au sein de l'\u00e9quipe de r\u00e9daction de Svalbard depuis de nombreuses ann\u00e9es.\",\"sameAs\":[\"https:\/\/www.svalbard.fr\/\"]}]}<\/script>\n<!-- \/ Yoast SEO plugin. -->","yoast_head_json":{"title":"Alarme dans la nation de l&#39;OTAN en tant que drones de \u00abdiff\u00e9rents types\u00bb vus sur des sites hospitaliers et militaires","robots":{"index":"index","follow":"follow","max-snippet":"max-snippet:-1","max-image-preview":"max-image-preview:large","max-video-preview":"max-video-preview:-1"},"canonical":"https:\/\/www.svalbard.fr\/actualites\/alarme-dans-la-nation-de-lotan-en-tant-que-drones-de-differents-types-vus-sur-des-sites-hospitaliers-et-militaires\/","og_locale":"fr_FR","og_type":"article","og_title":"Alarme dans la nation de l&#39;OTAN en tant que drones de \u00abdiff\u00e9rents types\u00bb vus sur des sites hospitaliers et militaires","og_description":"L&#39;Allemagne a lanc\u00e9 une enqu\u00eate apr\u00e8s \u00eatre devenue la derni\u00e8re nation europ\u00e9enne \u00e0 signaler des observations de drones sur des infrastructures critiques. Les autorit\u00e9s enqu\u00eatent","og_url":"https:\/\/www.svalbard.fr\/actualites\/alarme-dans-la-nation-de-lotan-en-tant-que-drones-de-differents-types-vus-sur-des-sites-hospitaliers-et-militaires\/","og_site_name":"www.Svalbard.fr","article_published_time":"2025-10-01T22:01:13+00:00","article_modified_time":"2025-10-01T22:01:16+00:00","og_image":[{"width":1200,"height":630,"url":"https:\/\/www.svalbard.fr\/actualites\/wp-content\/uploads\/2025\/10\/Alarme-dans-la-nation-de-l39OTAN-en-tant-que-drones.jpg","type":"image\/jpeg"}],"author":"Hilmar","twitter_card":"summary_large_image","twitter_misc":{"\u00c9crit par":"Hilmar","Dur\u00e9e de lecture estim\u00e9e":"3 minutes"},"schema":{"@context":"https:\/\/schema.org","@graph":[{"@type":"Article","@id":"https:\/\/www.svalbard.fr\/actualites\/alarme-dans-la-nation-de-lotan-en-tant-que-drones-de-differents-types-vus-sur-des-sites-hospitaliers-et-militaires\/#article","isPartOf":{"@id":"https:\/\/www.svalbard.fr\/actualites\/alarme-dans-la-nation-de-lotan-en-tant-que-drones-de-differents-types-vus-sur-des-sites-hospitaliers-et-militaires\/"},"author":{"name":"Hilmar","@id":"https:\/\/www.svalbard.fr\/actualites\/#\/schema\/person\/a2f937d5712222366738fae98755c600"},"headline":"Alarme dans la nation de l&#39;OTAN en tant que drones de \u00abdiff\u00e9rents types\u00bb vus sur des sites hospitaliers et militaires","datePublished":"2025-10-01T22:01:13+00:00","dateModified":"2025-10-01T22:01:16+00:00","mainEntityOfPage":{"@id":"https:\/\/www.svalbard.fr\/actualites\/alarme-dans-la-nation-de-lotan-en-tant-que-drones-de-differents-types-vus-sur-des-sites-hospitaliers-et-militaires\/"},"wordCount":555,"publisher":{"@id":"https:\/\/www.svalbard.fr\/actualites\/#organization"},"keywords":["Alarme","dans","des","diff\u00e9rents","Drones","hospitaliers","l39OTAN","militaires","nation","sites","sur","tant","types","vus"],"inLanguage":"fr-FR"},{"@type":"WebPage","@id":"https:\/\/www.svalbard.fr\/actualites\/alarme-dans-la-nation-de-lotan-en-tant-que-drones-de-differents-types-vus-sur-des-sites-hospitaliers-et-militaires\/","url":"https:\/\/www.svalbard.fr\/actualites\/alarme-dans-la-nation-de-lotan-en-tant-que-drones-de-differents-types-vus-sur-des-sites-hospitaliers-et-militaires\/","name":"Alarme dans la nation de l&#39;OTAN en tant que drones de \u00abdiff\u00e9rents types\u00bb vus sur des sites hospitaliers et militaires","isPartOf":{"@id":"https:\/\/www.svalbard.fr\/actualites\/#website"},"datePublished":"2025-10-01T22:01:13+00:00","dateModified":"2025-10-01T22:01:16+00:00","breadcrumb":{"@id":"https:\/\/www.svalbard.fr\/actualites\/alarme-dans-la-nation-de-lotan-en-tant-que-drones-de-differents-types-vus-sur-des-sites-hospitaliers-et-militaires\/#breadcrumb"},"inLanguage":"fr-FR","potentialAction":[{"@type":"ReadAction","target":["https:\/\/www.svalbard.fr\/actualites\/alarme-dans-la-nation-de-lotan-en-tant-que-drones-de-differents-types-vus-sur-des-sites-hospitaliers-et-militaires\/"]}]},{"@type":"BreadcrumbList","@id":"https:\/\/www.svalbard.fr\/actualites\/alarme-dans-la-nation-de-lotan-en-tant-que-drones-de-differents-types-vus-sur-des-sites-hospitaliers-et-militaires\/#breadcrumb","itemListElement":[{"@type":"ListItem","position":1,"name":"Accueil","item":"https:\/\/www.svalbard.fr\/actualites\/"},{"@type":"ListItem","position":2,"name":"Alarme dans la nation de l&#39;OTAN en tant que drones de \u00abdiff\u00e9rents types\u00bb vus sur des sites hospitaliers et militaires"}]},{"@type":"WebSite","@id":"https:\/\/www.svalbard.fr\/actualites\/#website","url":"https:\/\/www.svalbard.fr\/actualites\/","name":"www.Svalbard.fr","description":"","publisher":{"@id":"https:\/\/www.svalbard.fr\/actualites\/#organization"},"potentialAction":[{"@type":"SearchAction","target":{"@type":"EntryPoint","urlTemplate":"https:\/\/www.svalbard.fr\/actualites\/?s={search_term_string}"},"query-input":"required name=search_term_string"}],"inLanguage":"fr-FR"},{"@type":"Organization","@id":"https:\/\/www.svalbard.fr\/actualites\/#organization","name":"www.Svalbard.fr","url":"https:\/\/www.svalbard.fr\/actualites\/","logo":{"@type":"ImageObject","inLanguage":"fr-FR","@id":"https:\/\/www.svalbard.fr\/actualites\/#\/schema\/logo\/image\/","url":"https:\/\/www.svalbard.fr\/actualites\/wp-content\/uploads\/2023\/09\/head-nom.jpg","contentUrl":"https:\/\/www.svalbard.fr\/actualites\/wp-content\/uploads\/2023\/09\/head-nom.jpg","width":264,"height":35,"caption":"www.Svalbard.fr"},"image":{"@id":"https:\/\/www.svalbard.fr\/actualites\/#\/schema\/logo\/image\/"}},{"@type":"Person","@id":"https:\/\/www.svalbard.fr\/actualites\/#\/schema\/person\/a2f937d5712222366738fae98755c600","name":"Hilmar","image":{"@type":"ImageObject","inLanguage":"fr-FR","@id":"https:\/\/www.svalbard.fr\/actualites\/#\/schema\/person\/image\/","url":"https:\/\/secure.gravatar.com\/avatar\/4daa437093476dbc32da415c112b6512?s=96&d=mm&r=g","contentUrl":"https:\/\/secure.gravatar.com\/avatar\/4daa437093476dbc32da415c112b6512?s=96&d=mm&r=g","caption":"Hilmar"},"description":"Hilmar est un passionn\u00e9 des r\u00e9gions polaires, sp\u00e9cialis\u00e9 dans la r\u00e9daction d'articles sur le Spitzberg et autres destinations arctiques. Il apporte son expertise et sa passion pour l'Arctique au sein de l'\u00e9quipe de r\u00e9daction de Svalbard depuis de nombreuses ann\u00e9es.","sameAs":["https:\/\/www.svalbard.fr\/"]}]}},"_links":{"self":[{"href":"https:\/\/www.svalbard.fr\/actualites\/wp-json\/wp\/v2\/posts\/5000"}],"collection":[{"href":"https:\/\/www.svalbard.fr\/actualites\/wp-json\/wp\/v2\/posts"}],"about":[{"href":"https:\/\/www.svalbard.fr\/actualites\/wp-json\/wp\/v2\/types\/post"}],"author":[{"embeddable":true,"href":"https:\/\/www.svalbard.fr\/actualites\/wp-json\/wp\/v2\/users\/1"}],"replies":[{"embeddable":true,"href":"https:\/\/www.svalbard.fr\/actualites\/wp-json\/wp\/v2\/comments?post=5000"}],"version-history":[{"count":1,"href":"https:\/\/www.svalbard.fr\/actualites\/wp-json\/wp\/v2\/posts\/5000\/revisions"}],"predecessor-version":[{"id":5002,"href":"https:\/\/www.svalbard.fr\/actualites\/wp-json\/wp\/v2\/posts\/5000\/revisions\/5002"}],"wp:featuredmedia":[{"embeddable":true,"href":"https:\/\/www.svalbard.fr\/actualites\/wp-json\/wp\/v2\/media\/5001"}],"wp:attachment":[{"href":"https:\/\/www.svalbard.fr\/actualites\/wp-json\/wp\/v2\/media?parent=5000"}],"wp:term":[{"taxonomy":"category","embeddable":true,"href":"https:\/\/www.svalbard.fr\/actualites\/wp-json\/wp\/v2\/categories?post=5000"},{"taxonomy":"post_tag","embeddable":true,"href":"https:\/\/www.svalbard.fr\/actualites\/wp-json\/wp\/v2\/tags?post=5000"}],"curies":[{"name":"wp","href":"https:\/\/api.w.org\/{rel}","templated":true}]}}