{"id":5003,"date":"2025-10-04T20:10:22","date_gmt":"2025-10-04T18:10:22","guid":{"rendered":"https:\/\/www.svalbard.fr\/actualites\/la-semaine-des-lumieres-du-nord-a-trondheim\/"},"modified":"2025-10-04T20:10:22","modified_gmt":"2025-10-04T18:10:22","slug":"la-semaine-des-lumieres-du-nord-a-trondheim","status":"publish","type":"post","link":"https:\/\/www.svalbard.fr\/actualites\/la-semaine-des-lumieres-du-nord-a-trondheim\/","title":{"rendered":"La semaine des lumi\u00e8res du Nord \u00e0 Trondheim"},"content":{"rendered":"<div itemprop=\"text\">\n\t\t\t<span id=\"dpsp-post-content-markup\" data-image-pin-it=\"false\"><\/span><\/p>\n<p class=\"intro\">Il est rare d&#39;obtenir des lumi\u00e8res du nord aussi fortes \u00e0 ma porte. Voici mon guide photo d&#39;une semaine inoubliable d&#39;Aurora ici \u00e0 Trondheim.<\/p>\n<p>En seulement deux semaines, je vais monter \u00e0 bord<em> Ambition<\/em> Pour le premier de ma nouvelle saison en tant que conf\u00e9rencier invit\u00e9 sur Northern Lights Cruises. Cette semaine, j&#39;ai eu l&#39;\u00e9chauffement parfait et je n&#39;ai m\u00eame pas eu \u00e0 quitter mon appartement.<\/p>\n<figure class=\"wp-block-image size-large\"><img data-lazyloaded=\"1\" data-placeholder-resp=\"768x432\" fetchpriority=\"high\" decoding=\"async\" width=\"768\" height=\"432\" src=\"https:\/\/www.svalbard.fr\/actualites\/wp-content\/uploads\/2025\/10\/La-semaine-des-lumieres-du-Nord-a-Trondheim.jpg\" alt=\"Homme qui regarde Aurora Borealis \u00e0 Trondheim, Norv\u00e8ge. Photo: David Nikel.\" class=\"wp-image-84938\"  data-><noscript><img fetchpriority=\"high\" decoding=\"async\" width=\"768\" height=\"432\" src=\"https:\/\/www.svalbard.fr\/actualites\/wp-content\/uploads\/2025\/10\/La-semaine-des-lumieres-du-Nord-a-Trondheim.jpg\" alt=\"Homme qui regarde Aurora Borealis \u00e0 Trondheim, Norv\u00e8ge. Photo: David Nikel.\" class=\"wp-image-84938\"  ><\/noscript><\/figure>\n<p>Un affichage des lumi\u00e8res du Nord ici \u00e0 Trondheim n&#39;est pas inhabituel, mais c&#39;est certainement loin d&#39;\u00eatre un \u00e9v\u00e9nement quotidien non plus. \u00c0 ma connaissance, il n&#39;y a pas de tourn\u00e9es de Northern Lights op\u00e9rant ici, car elle n&#39;est pas assez au nord pour garantir des observations r\u00e9guli\u00e8res.<\/p>\n<p>Imaginez donc ma surprise cette semaine lorsque j&#39;ai vu Aurora depuis mon balcon de mon appartement non seulement une seule fois, mais sur quatre jours cons\u00e9cutifs.<\/p>\n<p>L&#39;une de ces soir\u00e9es a produit l&#39;un des affichages de frais g\u00e9n\u00e9raux les plus vifs que j&#39;ai jamais vus, et certainement le meilleur que j&#39;ai jamais vu de chez moi.<\/p>\n<figure class=\"wp-block-image size-full\"><img loading=\"lazy\" data-lazyloaded=\"1\" data-placeholder-resp=\"945x1680\" decoding=\"async\" width=\"945\" height=\"1680\" src=\"https:\/\/www.svalbard.fr\/actualites\/wp-content\/uploads\/2025\/10\/1759601421_271_La-semaine-des-lumieres-du-Nord-a-Trondheim.jpg\" alt=\"Rideaux de Green Aurora au-dessus de Trondheim. Photo: David Nikel.\" class=\"wp-image-84944\"  data-><noscript><img loading=\"lazy\" decoding=\"async\" width=\"945\" height=\"1680\" src=\"https:\/\/www.svalbard.fr\/actualites\/wp-content\/uploads\/2025\/10\/1759601421_271_La-semaine-des-lumieres-du-Nord-a-Trondheim.jpg\" alt=\"Rideaux de Green Aurora au-dessus de Trondheim. Photo: David Nikel.\" class=\"wp-image-84944\"  ><\/noscript><\/figure>\n<p>Des rideaux de lumi\u00e8re verte ont dans\u00e9 au-dessus de notre maison, avec m\u00eame les bords violets vacillants visibles \u00e0 l&#39;\u0153il nu.<\/p>\n<h2 class=\"wp-block-heading\">Quel r\u00e9gal pour un visiteur<\/h2>\n<p>Ce qui a rendu cette s\u00e9rie d&#39;Aurora Borealis encore plus sp\u00e9ciale a co\u00efncid\u00e9 avec mon ami Sean en visite d&#39;Angleterre. Il n&#39;avait jamais vu l&#39;Aurora auparavant, donc voir sa r\u00e9action \u00e9tait presque aussi agr\u00e9able que de voir les lumi\u00e8res elles-m\u00eames.<\/p>\n<p>Le meilleur des nuits, l&#39;\u00e9cran est construit \u00e0 un pic \u00e9blouissant alors que les lumi\u00e8res formaient une couronne directement au-dessus.<\/p>\n<figure class=\"wp-block-image size-full\"><img loading=\"lazy\" data-lazyloaded=\"1\" data-placeholder-resp=\"945x1680\" decoding=\"async\" width=\"945\" height=\"1680\" src=\"https:\/\/www.svalbard.fr\/actualites\/wp-content\/uploads\/2025\/10\/1759601421_733_La-semaine-des-lumieres-du-Nord-a-Trondheim.jpg\" alt=\"Une incroyable aurore d&#39;Aurora au-dessus de la t\u00eate \u00e0 Trondheim, en Norv\u00e8ge. Photo: David Nikel.\" class=\"wp-image-84945\"  data-><noscript><img loading=\"lazy\" decoding=\"async\" width=\"945\" height=\"1680\" src=\"https:\/\/www.svalbard.fr\/actualites\/wp-content\/uploads\/2025\/10\/1759601421_733_La-semaine-des-lumieres-du-Nord-a-Trondheim.jpg\" alt=\"Une incroyable aurore d&#39;Aurora au-dessus de la t\u00eate \u00e0 Trondheim, en Norv\u00e8ge. Photo: David Nikel.\" class=\"wp-image-84945\"  ><\/noscript><\/figure>\n<p>Les rayons verts \u00e9clatent vers l&#39;ext\u00e9rieur d&#39;un seul point au-dessus de la ville, cr\u00e9ant cet effet rare \u00abcorona\u00bb. C&#39;\u00e9tait un rappel \u00e0 couper le souffle de la puissance de la nature.<\/p>\n<h2 class=\"wp-block-heading\">T\u00e9l\u00e9phones!<\/h2>\n<p>J&#39;ai vu les Northern Lights \u00e0 plusieurs reprises maintenant, donc j&#39;ai tendance \u00e0 me concentrer sur la capture de l&#39;\u00e9cran \u00e0 la cam\u00e9ra tout en encourageant les autres \u00e0 ranger leurs t\u00e9l\u00e9phones et \u00e0 regarder les yeux.<\/p>\n<figure class=\"wp-block-image size-full\"><img loading=\"lazy\" data-lazyloaded=\"1\" data-placeholder-resp=\"900x1200\" decoding=\"async\" width=\"900\" height=\"1200\" src=\"https:\/\/www.svalbard.fr\/actualites\/wp-content\/uploads\/2025\/10\/1759601421_638_La-semaine-des-lumieres-du-Nord-a-Trondheim.jpg\" alt=\"Les lumi\u00e8res du nord au-dessus de ma maison \u00e0 Trondheim. Photo: David Nikel.\" class=\"wp-image-84946\"  data-><noscript><img loading=\"lazy\" decoding=\"async\" width=\"900\" height=\"1200\" src=\"https:\/\/www.svalbard.fr\/actualites\/wp-content\/uploads\/2025\/10\/1759601421_638_La-semaine-des-lumieres-du-Nord-a-Trondheim.jpg\" alt=\"Les lumi\u00e8res du nord au-dessus de ma maison \u00e0 Trondheim. Photo: David Nikel.\" class=\"wp-image-84946\"  ><\/noscript><\/figure>\n<p>Je sais que cela semble \u00e9vident, mais vos yeux ont besoin de temps pour s&#39;adapter \u00e0 l&#39;obscurit\u00e9, et les \u00e9crans de t\u00e9l\u00e9phone brillant sont l&#39;ennemi de la vision nocturne. Une fois que vous avez \u00e9t\u00e9 dehors depuis un certain temps, les lumi\u00e8res apparaissent souvent beaucoup plus fortes \u00e0 l&#39;\u0153il nu.<\/p>\n<p>C&#39;est le m\u00eame conseil que je donne lors de mes discussions sur mes lumi\u00e8res du Nord sur des navires de croisi\u00e8re. Tout le monde veut la photo parfaite, mais \u00e0 mon avis, le souvenir de ce que vous voyez est beaucoup plus pr\u00e9cieux.<\/p>\n<figure class=\"wp-block-image size-large\"><img loading=\"lazy\" data-lazyloaded=\"1\" data-placeholder-resp=\"768x576\" decoding=\"async\" width=\"768\" height=\"576\" src=\"https:\/\/www.svalbard.fr\/actualites\/wp-content\/uploads\/2025\/10\/1759601422_915_La-semaine-des-lumieres-du-Nord-a-Trondheim.jpg\" alt=\"Ruban d&#39;Aurora au-dessus de Trondheim. Photo: David Nikel.\" class=\"wp-image-84947\"  data-><noscript><img loading=\"lazy\" decoding=\"async\" width=\"768\" height=\"576\" src=\"https:\/\/www.svalbard.fr\/actualites\/wp-content\/uploads\/2025\/10\/1759601422_915_La-semaine-des-lumieres-du-Nord-a-Trondheim.jpg\" alt=\"Ruban d&#39;Aurora au-dessus de Trondheim. Photo: David Nikel.\" class=\"wp-image-84947\"  ><\/noscript><\/figure>\n<p>\u00c0 moins que vous n&#39;ayez un excellent \u00e9quipement d&#39;appareil photo ou l&#39;un des derniers smartphones, vos photos ne correspondent probablement pas \u00e0 ce que vous esp\u00e9rez. En essayant, vous pourriez manquer compl\u00e8tement les meilleurs moments.<\/p>\n<h2 class=\"wp-block-heading\">Croisi\u00e8res au nord des lumi\u00e8res<\/h2>\n<p>Si vous souhaitez entendre plus de mes conseils de Lights Northern en personne, <strong>tu peux me rejoindre<\/strong> \u00c0 bord de Cruise Line d&#39;ambassadeur et des lignes de croisi\u00e8re Fred Olsen cet hiver.<\/p>\n<p>Les croisi\u00e8res sont l&#39;une des meilleures fa\u00e7ons de voir les aurores bor\u00e9ales. Il n&#39;y a jamais de garantie, mais plus vous naviguez au nord, plus le ciel devient sombre, et plus vos chances d&#39;assister \u00e0 cette merveille naturelle.<\/p>\n<figure class=\"wp-block-image size-large\"><img loading=\"lazy\" data-lazyloaded=\"1\" data-placeholder-resp=\"768x432\" decoding=\"async\" width=\"768\" height=\"432\" src=\"https:\/\/www.svalbard.fr\/actualites\/wp-content\/uploads\/2025\/10\/1759601422_549_La-semaine-des-lumieres-du-Nord-a-Trondheim.jpg\" alt=\"David Nikel donnant un discours de navire de croisi\u00e8re.\" class=\"wp-image-84752\"  data-><noscript><img loading=\"lazy\" decoding=\"async\" width=\"768\" height=\"432\" src=\"https:\/\/www.svalbard.fr\/actualites\/wp-content\/uploads\/2025\/10\/1759601422_549_La-semaine-des-lumieres-du-Nord-a-Trondheim.jpg\" alt=\"David Nikel donnant un discours de navire de croisi\u00e8re.\" class=\"wp-image-84752\"  ><\/noscript><\/figure>\n<p>Les croisi\u00e8res vous donnent du temps \u00e0 terre dans des destinations s\u00e9lectionn\u00e9es et, surtout, du temps en mer de la lumi\u00e8re artificielle.<\/p>\n<p>Je vais parler d&#39;une s\u00e9rie de croisi\u00e8res de Northern Lights explorant la c\u00f4te arctique de la Norv\u00e8ge, partageant des histoires de ma vie en Norv\u00e8ge, des conseils de voyage et des histoires des mythes et des l\u00e9gendes de la Norv\u00e8ge. <strong>Vous \u00eates l\u00e0-bas?<\/strong><\/p>\n<p>Si vous ne pouvez pas rejoindre une de ces croisi\u00e8res mais que vous souhaitez toujours planifier votre propre aventure de Northern Lights, je propose \u00e9galement <strong>Appels de conseil en voyage<\/strong>. J&#39;ai aid\u00e9 des gens de partout dans le monde entier, des voyages sur la route, des croisi\u00e8res, des voyages en train, etc.<\/p>\n<\/p><\/div>\n","protected":false},"excerpt":{"rendered":"<p>Il est rare d&#39;obtenir des lumi\u00e8res du nord aussi fortes \u00e0 ma porte. Voici mon guide photo d&#39;une semaine inoubliable d&#39;Aurora ici \u00e0 Trondheim. En<\/p>\n","protected":false},"author":1,"featured_media":5004,"comment_status":"","ping_status":"","sticky":false,"template":"","format":"standard","meta":{"footnotes":""},"categories":[2277],"tags":[8,5101,321,215,614],"yoast_head":"<!-- This site is optimized with the Yoast SEO plugin v21.0 - https:\/\/yoast.com\/wordpress\/plugins\/seo\/ -->\n<title>La semaine des lumi\u00e8res du Nord \u00e0 Trondheim<\/title>\n<meta name=\"robots\" content=\"index, follow, max-snippet:-1, max-image-preview:large, max-video-preview:-1\" \/>\n<link rel=\"canonical\" href=\"https:\/\/www.svalbard.fr\/actualites\/la-semaine-des-lumieres-du-nord-a-trondheim\/\" \/>\n<meta property=\"og:locale\" content=\"fr_FR\" \/>\n<meta property=\"og:type\" content=\"article\" \/>\n<meta property=\"og:title\" content=\"La semaine des lumi\u00e8res du Nord \u00e0 Trondheim\" \/>\n<meta property=\"og:description\" content=\"Il est rare d&#039;obtenir des lumi\u00e8res du nord aussi fortes \u00e0 ma porte. Voici mon guide photo d&#039;une semaine inoubliable d&#039;Aurora ici \u00e0 Trondheim. En\" \/>\n<meta property=\"og:url\" content=\"https:\/\/www.svalbard.fr\/actualites\/la-semaine-des-lumieres-du-nord-a-trondheim\/\" \/>\n<meta property=\"og:site_name\" content=\"www.Svalbard.fr\" \/>\n<meta property=\"article:published_time\" content=\"2025-10-04T18:10:22+00:00\" \/>\n<meta property=\"og:image\" content=\"https:\/\/www.svalbard.fr\/actualites\/wp-content\/uploads\/2025\/10\/La-semaine-des-lumieres-du-Nord-a-Trondheim.jpg\" \/>\n<meta name=\"author\" content=\"Hilmar\" \/>\n<meta name=\"twitter:card\" content=\"summary_large_image\" \/>\n<meta name=\"twitter:label1\" content=\"\u00c9crit par\" \/>\n\t<meta name=\"twitter:data1\" content=\"Hilmar\" \/>\n\t<meta name=\"twitter:label2\" content=\"Dur\u00e9e de lecture estim\u00e9e\" \/>\n\t<meta name=\"twitter:data2\" content=\"4 minutes\" \/>\n<script type=\"application\/ld+json\" class=\"yoast-schema-graph\">{\"@context\":\"https:\/\/schema.org\",\"@graph\":[{\"@type\":\"Article\",\"@id\":\"https:\/\/www.svalbard.fr\/actualites\/la-semaine-des-lumieres-du-nord-a-trondheim\/#article\",\"isPartOf\":{\"@id\":\"https:\/\/www.svalbard.fr\/actualites\/la-semaine-des-lumieres-du-nord-a-trondheim\/\"},\"author\":{\"name\":\"Hilmar\",\"@id\":\"https:\/\/www.svalbard.fr\/actualites\/#\/schema\/person\/a2f937d5712222366738fae98755c600\"},\"headline\":\"La semaine des lumi\u00e8res du Nord \u00e0 Trondheim\",\"datePublished\":\"2025-10-04T18:10:22+00:00\",\"dateModified\":\"2025-10-04T18:10:22+00:00\",\"mainEntityOfPage\":{\"@id\":\"https:\/\/www.svalbard.fr\/actualites\/la-semaine-des-lumieres-du-nord-a-trondheim\/\"},\"wordCount\":733,\"publisher\":{\"@id\":\"https:\/\/www.svalbard.fr\/actualites\/#organization\"},\"keywords\":[\"des\",\"lumi\u00e8res\",\"Nord\",\"semaine\",\"Trondheim\"],\"inLanguage\":\"fr-FR\"},{\"@type\":\"WebPage\",\"@id\":\"https:\/\/www.svalbard.fr\/actualites\/la-semaine-des-lumieres-du-nord-a-trondheim\/\",\"url\":\"https:\/\/www.svalbard.fr\/actualites\/la-semaine-des-lumieres-du-nord-a-trondheim\/\",\"name\":\"La semaine des lumi\u00e8res du Nord \u00e0 Trondheim\",\"isPartOf\":{\"@id\":\"https:\/\/www.svalbard.fr\/actualites\/#website\"},\"datePublished\":\"2025-10-04T18:10:22+00:00\",\"dateModified\":\"2025-10-04T18:10:22+00:00\",\"breadcrumb\":{\"@id\":\"https:\/\/www.svalbard.fr\/actualites\/la-semaine-des-lumieres-du-nord-a-trondheim\/#breadcrumb\"},\"inLanguage\":\"fr-FR\",\"potentialAction\":[{\"@type\":\"ReadAction\",\"target\":[\"https:\/\/www.svalbard.fr\/actualites\/la-semaine-des-lumieres-du-nord-a-trondheim\/\"]}]},{\"@type\":\"BreadcrumbList\",\"@id\":\"https:\/\/www.svalbard.fr\/actualites\/la-semaine-des-lumieres-du-nord-a-trondheim\/#breadcrumb\",\"itemListElement\":[{\"@type\":\"ListItem\",\"position\":1,\"name\":\"Accueil\",\"item\":\"https:\/\/www.svalbard.fr\/actualites\/\"},{\"@type\":\"ListItem\",\"position\":2,\"name\":\"La semaine des lumi\u00e8res du Nord \u00e0 Trondheim\"}]},{\"@type\":\"WebSite\",\"@id\":\"https:\/\/www.svalbard.fr\/actualites\/#website\",\"url\":\"https:\/\/www.svalbard.fr\/actualites\/\",\"name\":\"www.Svalbard.fr\",\"description\":\"\",\"publisher\":{\"@id\":\"https:\/\/www.svalbard.fr\/actualites\/#organization\"},\"potentialAction\":[{\"@type\":\"SearchAction\",\"target\":{\"@type\":\"EntryPoint\",\"urlTemplate\":\"https:\/\/www.svalbard.fr\/actualites\/?s={search_term_string}\"},\"query-input\":\"required name=search_term_string\"}],\"inLanguage\":\"fr-FR\"},{\"@type\":\"Organization\",\"@id\":\"https:\/\/www.svalbard.fr\/actualites\/#organization\",\"name\":\"www.Svalbard.fr\",\"url\":\"https:\/\/www.svalbard.fr\/actualites\/\",\"logo\":{\"@type\":\"ImageObject\",\"inLanguage\":\"fr-FR\",\"@id\":\"https:\/\/www.svalbard.fr\/actualites\/#\/schema\/logo\/image\/\",\"url\":\"https:\/\/www.svalbard.fr\/actualites\/wp-content\/uploads\/2023\/09\/head-nom.jpg\",\"contentUrl\":\"https:\/\/www.svalbard.fr\/actualites\/wp-content\/uploads\/2023\/09\/head-nom.jpg\",\"width\":264,\"height\":35,\"caption\":\"www.Svalbard.fr\"},\"image\":{\"@id\":\"https:\/\/www.svalbard.fr\/actualites\/#\/schema\/logo\/image\/\"}},{\"@type\":\"Person\",\"@id\":\"https:\/\/www.svalbard.fr\/actualites\/#\/schema\/person\/a2f937d5712222366738fae98755c600\",\"name\":\"Hilmar\",\"image\":{\"@type\":\"ImageObject\",\"inLanguage\":\"fr-FR\",\"@id\":\"https:\/\/www.svalbard.fr\/actualites\/#\/schema\/person\/image\/\",\"url\":\"https:\/\/secure.gravatar.com\/avatar\/4daa437093476dbc32da415c112b6512?s=96&d=mm&r=g\",\"contentUrl\":\"https:\/\/secure.gravatar.com\/avatar\/4daa437093476dbc32da415c112b6512?s=96&d=mm&r=g\",\"caption\":\"Hilmar\"},\"description\":\"Hilmar est un passionn\u00e9 des r\u00e9gions polaires, sp\u00e9cialis\u00e9 dans la r\u00e9daction d'articles sur le Spitzberg et autres destinations arctiques. Il apporte son expertise et sa passion pour l'Arctique au sein de l'\u00e9quipe de r\u00e9daction de Svalbard depuis de nombreuses ann\u00e9es.\",\"sameAs\":[\"https:\/\/www.svalbard.fr\/\"]}]}<\/script>\n<!-- \/ Yoast SEO plugin. -->","yoast_head_json":{"title":"La semaine des lumi\u00e8res du Nord \u00e0 Trondheim","robots":{"index":"index","follow":"follow","max-snippet":"max-snippet:-1","max-image-preview":"max-image-preview:large","max-video-preview":"max-video-preview:-1"},"canonical":"https:\/\/www.svalbard.fr\/actualites\/la-semaine-des-lumieres-du-nord-a-trondheim\/","og_locale":"fr_FR","og_type":"article","og_title":"La semaine des lumi\u00e8res du Nord \u00e0 Trondheim","og_description":"Il est rare d&#39;obtenir des lumi\u00e8res du nord aussi fortes \u00e0 ma porte. Voici mon guide photo d&#39;une semaine inoubliable d&#39;Aurora ici \u00e0 Trondheim. En","og_url":"https:\/\/www.svalbard.fr\/actualites\/la-semaine-des-lumieres-du-nord-a-trondheim\/","og_site_name":"www.Svalbard.fr","article_published_time":"2025-10-04T18:10:22+00:00","og_image":[{"url":"https:\/\/www.svalbard.fr\/actualites\/wp-content\/uploads\/2025\/10\/La-semaine-des-lumieres-du-Nord-a-Trondheim.jpg"}],"author":"Hilmar","twitter_card":"summary_large_image","twitter_misc":{"\u00c9crit par":"Hilmar","Dur\u00e9e de lecture estim\u00e9e":"4 minutes"},"schema":{"@context":"https:\/\/schema.org","@graph":[{"@type":"Article","@id":"https:\/\/www.svalbard.fr\/actualites\/la-semaine-des-lumieres-du-nord-a-trondheim\/#article","isPartOf":{"@id":"https:\/\/www.svalbard.fr\/actualites\/la-semaine-des-lumieres-du-nord-a-trondheim\/"},"author":{"name":"Hilmar","@id":"https:\/\/www.svalbard.fr\/actualites\/#\/schema\/person\/a2f937d5712222366738fae98755c600"},"headline":"La semaine des lumi\u00e8res du Nord \u00e0 Trondheim","datePublished":"2025-10-04T18:10:22+00:00","dateModified":"2025-10-04T18:10:22+00:00","mainEntityOfPage":{"@id":"https:\/\/www.svalbard.fr\/actualites\/la-semaine-des-lumieres-du-nord-a-trondheim\/"},"wordCount":733,"publisher":{"@id":"https:\/\/www.svalbard.fr\/actualites\/#organization"},"keywords":["des","lumi\u00e8res","Nord","semaine","Trondheim"],"inLanguage":"fr-FR"},{"@type":"WebPage","@id":"https:\/\/www.svalbard.fr\/actualites\/la-semaine-des-lumieres-du-nord-a-trondheim\/","url":"https:\/\/www.svalbard.fr\/actualites\/la-semaine-des-lumieres-du-nord-a-trondheim\/","name":"La semaine des lumi\u00e8res du Nord \u00e0 Trondheim","isPartOf":{"@id":"https:\/\/www.svalbard.fr\/actualites\/#website"},"datePublished":"2025-10-04T18:10:22+00:00","dateModified":"2025-10-04T18:10:22+00:00","breadcrumb":{"@id":"https:\/\/www.svalbard.fr\/actualites\/la-semaine-des-lumieres-du-nord-a-trondheim\/#breadcrumb"},"inLanguage":"fr-FR","potentialAction":[{"@type":"ReadAction","target":["https:\/\/www.svalbard.fr\/actualites\/la-semaine-des-lumieres-du-nord-a-trondheim\/"]}]},{"@type":"BreadcrumbList","@id":"https:\/\/www.svalbard.fr\/actualites\/la-semaine-des-lumieres-du-nord-a-trondheim\/#breadcrumb","itemListElement":[{"@type":"ListItem","position":1,"name":"Accueil","item":"https:\/\/www.svalbard.fr\/actualites\/"},{"@type":"ListItem","position":2,"name":"La semaine des lumi\u00e8res du Nord \u00e0 Trondheim"}]},{"@type":"WebSite","@id":"https:\/\/www.svalbard.fr\/actualites\/#website","url":"https:\/\/www.svalbard.fr\/actualites\/","name":"www.Svalbard.fr","description":"","publisher":{"@id":"https:\/\/www.svalbard.fr\/actualites\/#organization"},"potentialAction":[{"@type":"SearchAction","target":{"@type":"EntryPoint","urlTemplate":"https:\/\/www.svalbard.fr\/actualites\/?s={search_term_string}"},"query-input":"required name=search_term_string"}],"inLanguage":"fr-FR"},{"@type":"Organization","@id":"https:\/\/www.svalbard.fr\/actualites\/#organization","name":"www.Svalbard.fr","url":"https:\/\/www.svalbard.fr\/actualites\/","logo":{"@type":"ImageObject","inLanguage":"fr-FR","@id":"https:\/\/www.svalbard.fr\/actualites\/#\/schema\/logo\/image\/","url":"https:\/\/www.svalbard.fr\/actualites\/wp-content\/uploads\/2023\/09\/head-nom.jpg","contentUrl":"https:\/\/www.svalbard.fr\/actualites\/wp-content\/uploads\/2023\/09\/head-nom.jpg","width":264,"height":35,"caption":"www.Svalbard.fr"},"image":{"@id":"https:\/\/www.svalbard.fr\/actualites\/#\/schema\/logo\/image\/"}},{"@type":"Person","@id":"https:\/\/www.svalbard.fr\/actualites\/#\/schema\/person\/a2f937d5712222366738fae98755c600","name":"Hilmar","image":{"@type":"ImageObject","inLanguage":"fr-FR","@id":"https:\/\/www.svalbard.fr\/actualites\/#\/schema\/person\/image\/","url":"https:\/\/secure.gravatar.com\/avatar\/4daa437093476dbc32da415c112b6512?s=96&d=mm&r=g","contentUrl":"https:\/\/secure.gravatar.com\/avatar\/4daa437093476dbc32da415c112b6512?s=96&d=mm&r=g","caption":"Hilmar"},"description":"Hilmar est un passionn\u00e9 des r\u00e9gions polaires, sp\u00e9cialis\u00e9 dans la r\u00e9daction d'articles sur le Spitzberg et autres destinations arctiques. Il apporte son expertise et sa passion pour l'Arctique au sein de l'\u00e9quipe de r\u00e9daction de Svalbard depuis de nombreuses ann\u00e9es.","sameAs":["https:\/\/www.svalbard.fr\/"]}]}},"_links":{"self":[{"href":"https:\/\/www.svalbard.fr\/actualites\/wp-json\/wp\/v2\/posts\/5003"}],"collection":[{"href":"https:\/\/www.svalbard.fr\/actualites\/wp-json\/wp\/v2\/posts"}],"about":[{"href":"https:\/\/www.svalbard.fr\/actualites\/wp-json\/wp\/v2\/types\/post"}],"author":[{"embeddable":true,"href":"https:\/\/www.svalbard.fr\/actualites\/wp-json\/wp\/v2\/users\/1"}],"replies":[{"embeddable":true,"href":"https:\/\/www.svalbard.fr\/actualites\/wp-json\/wp\/v2\/comments?post=5003"}],"version-history":[{"count":0,"href":"https:\/\/www.svalbard.fr\/actualites\/wp-json\/wp\/v2\/posts\/5003\/revisions"}],"wp:featuredmedia":[{"embeddable":true,"href":"https:\/\/www.svalbard.fr\/actualites\/wp-json\/wp\/v2\/media\/5004"}],"wp:attachment":[{"href":"https:\/\/www.svalbard.fr\/actualites\/wp-json\/wp\/v2\/media?parent=5003"}],"wp:term":[{"taxonomy":"category","embeddable":true,"href":"https:\/\/www.svalbard.fr\/actualites\/wp-json\/wp\/v2\/categories?post=5003"},{"taxonomy":"post_tag","embeddable":true,"href":"https:\/\/www.svalbard.fr\/actualites\/wp-json\/wp\/v2\/tags?post=5003"}],"curies":[{"name":"wp","href":"https:\/\/api.w.org\/{rel}","templated":true}]}}