{"id":5005,"date":"2025-10-05T21:43:10","date_gmt":"2025-10-05T19:43:10","guid":{"rendered":"https:\/\/www.svalbard.fr\/actualites\/hostferie-norvege-holidays-holiday-vie-en-norvege\/"},"modified":"2025-10-05T21:43:10","modified_gmt":"2025-10-05T19:43:10","slug":"hostferie-norvege-holidays-holiday-vie-en-norvege","status":"publish","type":"post","link":"https:\/\/www.svalbard.fr\/actualites\/hostferie-norvege-holidays-holiday-vie-en-norvege\/","title":{"rendered":"H\u00f8stferie: Norv\u00e8ge Holiday&#39;s Holiday &#8211; Vie en Norv\u00e8ge"},"content":{"rendered":"<div itemprop=\"text\">\n\t\t\t<span id=\"dpsp-post-content-markup\" data-image-pin-it=\"false\"><\/span><\/p>\n<p class=\"intro\">L&#39;automne est bel et bien l\u00e0. Pour les \u00e9coliers de toute la Norv\u00e8ge et certains de leurs parents, cela signifie des vacances d&#39;une semaine. Voici ce que vous devez savoir sur \u00abH\u00f8stferie\u00bb de la Norv\u00e8ge.<\/p>\n<p>Les arbres de Trondheim sont sur le tour depuis quelques semaines maintenant, passant du vert profond aux nuances d&#39;or, de rouille et de rouge. Mais l&#39;automne ne semble jamais durer longtemps en Norv\u00e8ge.<\/p>\n<figure class=\"wp-block-image size-large\"><img data-lazyloaded=\"1\" data-placeholder-resp=\"768x432\" fetchpriority=\"high\" decoding=\"async\" width=\"768\" height=\"432\" src=\"https:\/\/www.svalbard.fr\/actualites\/wp-content\/uploads\/2025\/10\/Hostferie-Norvege-Holiday39s-Holiday-Vie-en-Norvege.jpg\" alt=\"Les maisons de la rivi\u00e8re admettent le feuillage d&#39;automne \u00e0 Trondheim, en Norv\u00e8ge. Photo: David Nikel.\" class=\"wp-image-84956\"  data-><noscript><img fetchpriority=\"high\" decoding=\"async\" width=\"768\" height=\"432\" src=\"https:\/\/www.svalbard.fr\/actualites\/wp-content\/uploads\/2025\/10\/Hostferie-Norvege-Holiday39s-Holiday-Vie-en-Norvege.jpg\" alt=\"Les maisons de la rivi\u00e8re admettent le feuillage d&#39;automne \u00e0 Trondheim, en Norv\u00e8ge. Photo: David Nikel.\" class=\"wp-image-84956\"  ><\/noscript><\/figure>\n<p>Juste au moment o\u00f9 les couleurs atteignent leur sommet, les premi\u00e8res grandes temp\u00eates passent \u00e0 travers &#8211; cette ann\u00e9e, c&#39;\u00e9tait \u00abStorm Amy\u00bb &#8211; en train de se d\u00e9tacher des feuilles avant d&#39;avoir eu le temps de les appr\u00e9cier correctement.<\/p>\n<p>C&#39;est peut-\u00eatre pour cela que l&#39;automne se sent si court ici. Une semaine, c&#39;est net et color\u00e9, le suivant, il est gris, humide et nu.<\/p>\n<p>Mais pour de nombreux Norv\u00e9giens, cette br\u00e8ve fen\u00eatre entre l&#39;\u00e9t\u00e9 et l&#39;hiver a une signification particuli\u00e8re, surtout s&#39;ils ont des enfants. C&#39;est \u00e0 cause de <em>H\u00f8stferie<\/em>la pause d&#39;automne de l&#39;\u00e9cole, que de nombreux adultes d\u00e9collent \u00e9galement.<\/p>\n<h2 class=\"wp-block-heading\">La semaine qui se faufile sur moi<\/h2>\n<p>En tant que personne sans enfants d&#39;\u00e2ge scolaire, ces vacances ont l&#39;habitude de me faufiler. Comme <em>Vinterferie<\/em> En f\u00e9vrier, je r\u00e9alise g\u00e9n\u00e9ralement que c&#39;est <em>H\u00f8stferie<\/em> Une fois que le bus du matin est \u00e0 moiti\u00e9 vide ou que la piscine se sent soudainement deux fois plus occup\u00e9e.<\/p>\n<p>Le rythme de la vie quotidienne se d\u00e9place tr\u00e8s l\u00e9g\u00e8rement: moins de personnes se faisant commuer, plus de familles qui sortaient de la ville et les caf\u00e9s remplis d&#39;adolescents appr\u00e9ciant leur go\u00fbt de libert\u00e9 avant les longs mois sombres \u00e0 venir.<\/p>\n<h2 class=\"wp-block-heading\">Quand est H\u00f8stferie?<\/h2>\n<p>Le <em>H\u00f8stferie<\/em> G\u00e9n\u00e9ralement chute fin septembre ou d\u00e9but octobre, variant l\u00e9g\u00e8rement d&#39;une r\u00e9gion \u00e0 l&#39;autre.<\/p>\n<figure class=\"wp-block-image size-large\"><img loading=\"lazy\" data-lazyloaded=\"1\" data-placeholder-resp=\"768x432\" decoding=\"async\" width=\"768\" height=\"432\" src=\"https:\/\/www.svalbard.fr\/actualites\/wp-content\/uploads\/2025\/10\/1759693389_918_Hostferie-Norvege-Holiday39s-Holiday-Vie-en-Norvege.jpg\" alt=\"R\u00f8ros Town \u00e0 l&#39;automne. Photo: David Nikel.\" class=\"wp-image-84958\"  data-><noscript><img loading=\"lazy\" decoding=\"async\" width=\"768\" height=\"432\" src=\"https:\/\/www.svalbard.fr\/actualites\/wp-content\/uploads\/2025\/10\/1759693389_918_Hostferie-Norvege-Holiday39s-Holiday-Vie-en-Norvege.jpg\" alt=\"R\u00f8ros Town \u00e0 l&#39;automne. Photo: David Nikel.\" class=\"wp-image-84958\"  ><\/noscript><\/figure>\n<p>Cette semaine, du 6 au 10 octobre 2025, est <em>H\u00f8stferie<\/em> Ici \u00e0 Trondheim. Pendant ce temps, d&#39;autres parties du pays font leur pause sur un horaire diff\u00e9rent. Par exemple, \u00e0 Oslo, les vacances se sont d\u00e9roul\u00e9es la semaine pr\u00e9c\u00e9dente, du 29 septembre au 3 octobre.<\/p>\n<p>Les \u00e9coles sont ferm\u00e9es pendant une semaine, et de nombreux parents utilisent certains de leurs jours de vacances pay\u00e9s pour prendre quelques jours ou toute la semaine de cong\u00e9. C&#39;est une pause petite mais bienvenue qui comble le long \u00e9cart entre les vacances d&#39;\u00e9t\u00e9 et No\u00ebl.<\/p>\n<p>\u00c0 l&#39;origine, cette semaine de cong\u00e9 ne faisait pas de loisirs du tout. Il a commenc\u00e9 au d\u00e9but du 20e si\u00e8cle comme un <em>potetferie<\/em>&#8211; Des vacances \u00e0 la pomme de terre &#8211; lorsque les \u00e9coliers devaient aider leurs familles \u00e0 la r\u00e9colte.<\/p>\n<p>Dans certaines communaut\u00e9s rurales, la tradition s&#39;est poursuivie dans les ann\u00e9es 1970. Aujourd&#39;hui, alors que les pommes de terre sont laiss\u00e9es aux agriculteurs, le nom <em>H\u00f8stferie<\/em> Reste, une pause saisonni\u00e8re enracin\u00e9e dans le pass\u00e9 agricole de la Norv\u00e8ge.<\/p>\n<h2 class=\"wp-block-heading\">Comment les Norv\u00e9giens passent la pause d&#39;automne<\/h2>\n<p>Pour de nombreuses familles, <em>H\u00f8stferie<\/em> signifie se diriger vers le <em>hydre<\/em>. C&#39;est le moment id\u00e9al pour de longues randonn\u00e9es \u00e0 travers la for\u00eat avant l&#39;arriv\u00e9e de la neige, la cueillette de baies ou simplement allumer la chemin\u00e9e et s&#39;installer avec une tasse de cacao alors que la pluie tape contre la fen\u00eatre.<\/p>\n<p>L&#39;air frais, les couleurs changeants et le rythme plus lent en font l&#39;une des p\u00e9riodes les plus atmosph\u00e9riques de l&#39;ann\u00e9e \u00e0 passer dans les montagnes. C&#39;est la p\u00e9riode de l&#39;ann\u00e9e o\u00f9 \u00abKos\u00bb commence vraiment \u00e0 avoir un sens.<\/p>\n<figure class=\"wp-block-image size-large\"><img loading=\"lazy\" data-lazyloaded=\"1\" data-placeholder-resp=\"768x432\" decoding=\"async\" width=\"768\" height=\"432\" src=\"https:\/\/www.svalbard.fr\/actualites\/wp-content\/uploads\/2025\/10\/1759693390_694_Hostferie-Norvege-Holiday39s-Holiday-Vie-en-Norvege.jpg\" alt=\"Randonn\u00e9e dans Bymarka au d\u00e9but de l&#39;automne. Photo: David Nikel.\" class=\"wp-image-84959\"  data-><noscript><img loading=\"lazy\" decoding=\"async\" width=\"768\" height=\"432\" src=\"https:\/\/www.svalbard.fr\/actualites\/wp-content\/uploads\/2025\/10\/1759693390_694_Hostferie-Norvege-Holiday39s-Holiday-Vie-en-Norvege.jpg\" alt=\"Randonn\u00e9e dans Bymarka au d\u00e9but de l&#39;automne. Photo: David Nikel.\" class=\"wp-image-84959\"  ><\/noscript><\/figure>\n<p>Ceux qui pr\u00e9f\u00e8rent un peu plus d&#39;action peuvent prendre une courte pause de la ville, en Norv\u00e8ge ou \u00e0 l&#39;\u00e9tranger. Les vacances scolaires d&#39;automne sont un moment populaire pour un voyage rapide en Europe du Sud avant que l&#39;hiver ne s&#39;installe vraiment.<\/p>\n<p>Pendant ce temps, d&#39;autres restent pr\u00e8s de chez eux, profitant des mus\u00e9es locaux, des piscines et des cin\u00e9mas. Fondamentalement, tout ce qui offre une \u00e9vasion confortable de la m\u00e9t\u00e9o.<\/p>\n<h3 class=\"wp-block-heading\">Aventures d&#39;automne et confort int\u00e9rieur<\/h3>\n<p>Dans les grandes villes, <em>H\u00f8stferie<\/em> apporte souvent une explosion d&#39;activit\u00e9 locale. De nombreuses attractions culturelles et mus\u00e9es organisent des programmes familiaux, tandis que les clubs sportifs organisent des camps d&#39;entra\u00eenement suppl\u00e9mentaires pour les enfants.<\/p>\n<p>\u00c0 Oslo, les murs d&#39;escalade et le centre de trampoline se remplissent rapidement; Ici \u00e0 Trondheim, le parc aquatique Pirbadet est occup\u00e9 toute la semaine.<\/p>\n<p>\u00c0 l&#39;ext\u00e9rieur, les sentiers de randonn\u00e9e sont plus silencieux qu&#39;en \u00e9t\u00e9 mais toujours invitant. Si cela ne vous d\u00e9range pas un peu de bruine, c&#39;est-\u00e0-dire. L&#39;air est plus frais, le l\u00e9ger plus doux et l&#39;odeur de la for\u00eat humide et du moke de bois donne un r\u00e9el sentiment que l&#39;hiver est \u00e0 l&#39;horizon.<\/p>\n<h2 class=\"wp-block-heading\">Une br\u00e8ve pause avant l&#39;hiver<\/h2>\n<p>M\u00eame si vous n&#39;avez pas de <em>H\u00f8stferie<\/em> De vous-m\u00eame, il est difficile de ne pas remarquer le changement de rythme \u00e0 cette p\u00e9riode de l&#39;ann\u00e9e. Les bus sont plus calmes, les supermarch\u00e9s font le plein de chocolat chaud et de bois de chauffage, et les soir\u00e9es arrivent un peu plus t\u00f4t chaque jour.<\/p>\n<p>C&#39;est peut-\u00eatre le vrai charme de <em>H\u00f8stferie<\/em>: C&#39;est un doux rappel de ralentir, de faire le point et de profiter de l&#39;automne \u00e9ph\u00e9m\u00e8re de la Norv\u00e8ge pendant qu&#39;il dure. Parce qu&#39;avant longtemps, la pluie se transformera en neige et l&#39;obscurit\u00e9 s&#39;approfondira.<\/p>\n<\/p><\/div>\n","protected":false},"excerpt":{"rendered":"<p>L&#39;automne est bel et bien l\u00e0. Pour les \u00e9coliers de toute la Norv\u00e8ge et certains de leurs parents, cela signifie des vacances d&#39;une semaine. Voici<\/p>\n","protected":false},"author":1,"featured_media":5006,"comment_status":"","ping_status":"","sticky":false,"template":"","format":"standard","meta":{"footnotes":""},"categories":[2277],"tags":[5211,5209,5207,6,177],"yoast_head":"<!-- This site is optimized with the Yoast SEO plugin v21.0 - https:\/\/yoast.com\/wordpress\/plugins\/seo\/ -->\n<title>H\u00f8stferie: Norv\u00e8ge Holiday&#039;s Holiday - Vie en Norv\u00e8ge<\/title>\n<meta name=\"robots\" content=\"index, follow, max-snippet:-1, max-image-preview:large, max-video-preview:-1\" \/>\n<link rel=\"canonical\" href=\"https:\/\/www.svalbard.fr\/actualites\/hostferie-norvege-holidays-holiday-vie-en-norvege\/\" \/>\n<meta property=\"og:locale\" content=\"fr_FR\" \/>\n<meta property=\"og:type\" content=\"article\" \/>\n<meta property=\"og:title\" content=\"H\u00f8stferie: Norv\u00e8ge Holiday&#039;s Holiday - Vie en Norv\u00e8ge\" \/>\n<meta property=\"og:description\" content=\"L&#039;automne est bel et bien l\u00e0. Pour les \u00e9coliers de toute la Norv\u00e8ge et certains de leurs parents, cela signifie des vacances d&#039;une semaine. Voici\" \/>\n<meta property=\"og:url\" content=\"https:\/\/www.svalbard.fr\/actualites\/hostferie-norvege-holidays-holiday-vie-en-norvege\/\" \/>\n<meta property=\"og:site_name\" content=\"www.Svalbard.fr\" \/>\n<meta property=\"article:published_time\" content=\"2025-10-05T19:43:10+00:00\" \/>\n<meta property=\"og:image\" content=\"https:\/\/www.svalbard.fr\/actualites\/wp-content\/uploads\/2025\/10\/Hostferie-Norvege-Holiday39s-Holiday-Vie-en-Norvege.jpg\" \/>\n<meta name=\"author\" content=\"Hilmar\" \/>\n<meta name=\"twitter:card\" content=\"summary_large_image\" \/>\n<meta name=\"twitter:label1\" content=\"\u00c9crit par\" \/>\n\t<meta name=\"twitter:data1\" content=\"Hilmar\" \/>\n\t<meta name=\"twitter:label2\" content=\"Dur\u00e9e de lecture estim\u00e9e\" \/>\n\t<meta name=\"twitter:data2\" content=\"5 minutes\" \/>\n<script type=\"application\/ld+json\" class=\"yoast-schema-graph\">{\"@context\":\"https:\/\/schema.org\",\"@graph\":[{\"@type\":\"Article\",\"@id\":\"https:\/\/www.svalbard.fr\/actualites\/hostferie-norvege-holidays-holiday-vie-en-norvege\/#article\",\"isPartOf\":{\"@id\":\"https:\/\/www.svalbard.fr\/actualites\/hostferie-norvege-holidays-holiday-vie-en-norvege\/\"},\"author\":{\"name\":\"Hilmar\",\"@id\":\"https:\/\/www.svalbard.fr\/actualites\/#\/schema\/person\/a2f937d5712222366738fae98755c600\"},\"headline\":\"H\u00f8stferie: Norv\u00e8ge Holiday&#39;s Holiday &#8211; Vie en Norv\u00e8ge\",\"datePublished\":\"2025-10-05T19:43:10+00:00\",\"dateModified\":\"2025-10-05T19:43:10+00:00\",\"mainEntityOfPage\":{\"@id\":\"https:\/\/www.svalbard.fr\/actualites\/hostferie-norvege-holidays-holiday-vie-en-norvege\/\"},\"wordCount\":989,\"publisher\":{\"@id\":\"https:\/\/www.svalbard.fr\/actualites\/#organization\"},\"keywords\":[\"Holiday\",\"Holiday39s\",\"H\u00f8stferie\",\"Norv\u00e8ge\",\"vie\"],\"inLanguage\":\"fr-FR\"},{\"@type\":\"WebPage\",\"@id\":\"https:\/\/www.svalbard.fr\/actualites\/hostferie-norvege-holidays-holiday-vie-en-norvege\/\",\"url\":\"https:\/\/www.svalbard.fr\/actualites\/hostferie-norvege-holidays-holiday-vie-en-norvege\/\",\"name\":\"H\u00f8stferie: Norv\u00e8ge Holiday&#39;s Holiday - Vie en Norv\u00e8ge\",\"isPartOf\":{\"@id\":\"https:\/\/www.svalbard.fr\/actualites\/#website\"},\"datePublished\":\"2025-10-05T19:43:10+00:00\",\"dateModified\":\"2025-10-05T19:43:10+00:00\",\"breadcrumb\":{\"@id\":\"https:\/\/www.svalbard.fr\/actualites\/hostferie-norvege-holidays-holiday-vie-en-norvege\/#breadcrumb\"},\"inLanguage\":\"fr-FR\",\"potentialAction\":[{\"@type\":\"ReadAction\",\"target\":[\"https:\/\/www.svalbard.fr\/actualites\/hostferie-norvege-holidays-holiday-vie-en-norvege\/\"]}]},{\"@type\":\"BreadcrumbList\",\"@id\":\"https:\/\/www.svalbard.fr\/actualites\/hostferie-norvege-holidays-holiday-vie-en-norvege\/#breadcrumb\",\"itemListElement\":[{\"@type\":\"ListItem\",\"position\":1,\"name\":\"Accueil\",\"item\":\"https:\/\/www.svalbard.fr\/actualites\/\"},{\"@type\":\"ListItem\",\"position\":2,\"name\":\"H\u00f8stferie: Norv\u00e8ge Holiday&#39;s Holiday &#8211; Vie en Norv\u00e8ge\"}]},{\"@type\":\"WebSite\",\"@id\":\"https:\/\/www.svalbard.fr\/actualites\/#website\",\"url\":\"https:\/\/www.svalbard.fr\/actualites\/\",\"name\":\"www.Svalbard.fr\",\"description\":\"\",\"publisher\":{\"@id\":\"https:\/\/www.svalbard.fr\/actualites\/#organization\"},\"potentialAction\":[{\"@type\":\"SearchAction\",\"target\":{\"@type\":\"EntryPoint\",\"urlTemplate\":\"https:\/\/www.svalbard.fr\/actualites\/?s={search_term_string}\"},\"query-input\":\"required name=search_term_string\"}],\"inLanguage\":\"fr-FR\"},{\"@type\":\"Organization\",\"@id\":\"https:\/\/www.svalbard.fr\/actualites\/#organization\",\"name\":\"www.Svalbard.fr\",\"url\":\"https:\/\/www.svalbard.fr\/actualites\/\",\"logo\":{\"@type\":\"ImageObject\",\"inLanguage\":\"fr-FR\",\"@id\":\"https:\/\/www.svalbard.fr\/actualites\/#\/schema\/logo\/image\/\",\"url\":\"https:\/\/www.svalbard.fr\/actualites\/wp-content\/uploads\/2023\/09\/head-nom.jpg\",\"contentUrl\":\"https:\/\/www.svalbard.fr\/actualites\/wp-content\/uploads\/2023\/09\/head-nom.jpg\",\"width\":264,\"height\":35,\"caption\":\"www.Svalbard.fr\"},\"image\":{\"@id\":\"https:\/\/www.svalbard.fr\/actualites\/#\/schema\/logo\/image\/\"}},{\"@type\":\"Person\",\"@id\":\"https:\/\/www.svalbard.fr\/actualites\/#\/schema\/person\/a2f937d5712222366738fae98755c600\",\"name\":\"Hilmar\",\"image\":{\"@type\":\"ImageObject\",\"inLanguage\":\"fr-FR\",\"@id\":\"https:\/\/www.svalbard.fr\/actualites\/#\/schema\/person\/image\/\",\"url\":\"https:\/\/secure.gravatar.com\/avatar\/4daa437093476dbc32da415c112b6512?s=96&d=mm&r=g\",\"contentUrl\":\"https:\/\/secure.gravatar.com\/avatar\/4daa437093476dbc32da415c112b6512?s=96&d=mm&r=g\",\"caption\":\"Hilmar\"},\"description\":\"Hilmar est un passionn\u00e9 des r\u00e9gions polaires, sp\u00e9cialis\u00e9 dans la r\u00e9daction d'articles sur le Spitzberg et autres destinations arctiques. Il apporte son expertise et sa passion pour l'Arctique au sein de l'\u00e9quipe de r\u00e9daction de Svalbard depuis de nombreuses ann\u00e9es.\",\"sameAs\":[\"https:\/\/www.svalbard.fr\/\"]}]}<\/script>\n<!-- \/ Yoast SEO plugin. -->","yoast_head_json":{"title":"H\u00f8stferie: Norv\u00e8ge Holiday&#39;s Holiday - Vie en Norv\u00e8ge","robots":{"index":"index","follow":"follow","max-snippet":"max-snippet:-1","max-image-preview":"max-image-preview:large","max-video-preview":"max-video-preview:-1"},"canonical":"https:\/\/www.svalbard.fr\/actualites\/hostferie-norvege-holidays-holiday-vie-en-norvege\/","og_locale":"fr_FR","og_type":"article","og_title":"H\u00f8stferie: Norv\u00e8ge Holiday&#39;s Holiday - Vie en Norv\u00e8ge","og_description":"L&#39;automne est bel et bien l\u00e0. Pour les \u00e9coliers de toute la Norv\u00e8ge et certains de leurs parents, cela signifie des vacances d&#39;une semaine. Voici","og_url":"https:\/\/www.svalbard.fr\/actualites\/hostferie-norvege-holidays-holiday-vie-en-norvege\/","og_site_name":"www.Svalbard.fr","article_published_time":"2025-10-05T19:43:10+00:00","og_image":[{"url":"https:\/\/www.svalbard.fr\/actualites\/wp-content\/uploads\/2025\/10\/Hostferie-Norvege-Holiday39s-Holiday-Vie-en-Norvege.jpg"}],"author":"Hilmar","twitter_card":"summary_large_image","twitter_misc":{"\u00c9crit par":"Hilmar","Dur\u00e9e de lecture estim\u00e9e":"5 minutes"},"schema":{"@context":"https:\/\/schema.org","@graph":[{"@type":"Article","@id":"https:\/\/www.svalbard.fr\/actualites\/hostferie-norvege-holidays-holiday-vie-en-norvege\/#article","isPartOf":{"@id":"https:\/\/www.svalbard.fr\/actualites\/hostferie-norvege-holidays-holiday-vie-en-norvege\/"},"author":{"name":"Hilmar","@id":"https:\/\/www.svalbard.fr\/actualites\/#\/schema\/person\/a2f937d5712222366738fae98755c600"},"headline":"H\u00f8stferie: Norv\u00e8ge Holiday&#39;s Holiday &#8211; Vie en Norv\u00e8ge","datePublished":"2025-10-05T19:43:10+00:00","dateModified":"2025-10-05T19:43:10+00:00","mainEntityOfPage":{"@id":"https:\/\/www.svalbard.fr\/actualites\/hostferie-norvege-holidays-holiday-vie-en-norvege\/"},"wordCount":989,"publisher":{"@id":"https:\/\/www.svalbard.fr\/actualites\/#organization"},"keywords":["Holiday","Holiday39s","H\u00f8stferie","Norv\u00e8ge","vie"],"inLanguage":"fr-FR"},{"@type":"WebPage","@id":"https:\/\/www.svalbard.fr\/actualites\/hostferie-norvege-holidays-holiday-vie-en-norvege\/","url":"https:\/\/www.svalbard.fr\/actualites\/hostferie-norvege-holidays-holiday-vie-en-norvege\/","name":"H\u00f8stferie: Norv\u00e8ge Holiday&#39;s Holiday - Vie en Norv\u00e8ge","isPartOf":{"@id":"https:\/\/www.svalbard.fr\/actualites\/#website"},"datePublished":"2025-10-05T19:43:10+00:00","dateModified":"2025-10-05T19:43:10+00:00","breadcrumb":{"@id":"https:\/\/www.svalbard.fr\/actualites\/hostferie-norvege-holidays-holiday-vie-en-norvege\/#breadcrumb"},"inLanguage":"fr-FR","potentialAction":[{"@type":"ReadAction","target":["https:\/\/www.svalbard.fr\/actualites\/hostferie-norvege-holidays-holiday-vie-en-norvege\/"]}]},{"@type":"BreadcrumbList","@id":"https:\/\/www.svalbard.fr\/actualites\/hostferie-norvege-holidays-holiday-vie-en-norvege\/#breadcrumb","itemListElement":[{"@type":"ListItem","position":1,"name":"Accueil","item":"https:\/\/www.svalbard.fr\/actualites\/"},{"@type":"ListItem","position":2,"name":"H\u00f8stferie: Norv\u00e8ge Holiday&#39;s Holiday &#8211; Vie en Norv\u00e8ge"}]},{"@type":"WebSite","@id":"https:\/\/www.svalbard.fr\/actualites\/#website","url":"https:\/\/www.svalbard.fr\/actualites\/","name":"www.Svalbard.fr","description":"","publisher":{"@id":"https:\/\/www.svalbard.fr\/actualites\/#organization"},"potentialAction":[{"@type":"SearchAction","target":{"@type":"EntryPoint","urlTemplate":"https:\/\/www.svalbard.fr\/actualites\/?s={search_term_string}"},"query-input":"required name=search_term_string"}],"inLanguage":"fr-FR"},{"@type":"Organization","@id":"https:\/\/www.svalbard.fr\/actualites\/#organization","name":"www.Svalbard.fr","url":"https:\/\/www.svalbard.fr\/actualites\/","logo":{"@type":"ImageObject","inLanguage":"fr-FR","@id":"https:\/\/www.svalbard.fr\/actualites\/#\/schema\/logo\/image\/","url":"https:\/\/www.svalbard.fr\/actualites\/wp-content\/uploads\/2023\/09\/head-nom.jpg","contentUrl":"https:\/\/www.svalbard.fr\/actualites\/wp-content\/uploads\/2023\/09\/head-nom.jpg","width":264,"height":35,"caption":"www.Svalbard.fr"},"image":{"@id":"https:\/\/www.svalbard.fr\/actualites\/#\/schema\/logo\/image\/"}},{"@type":"Person","@id":"https:\/\/www.svalbard.fr\/actualites\/#\/schema\/person\/a2f937d5712222366738fae98755c600","name":"Hilmar","image":{"@type":"ImageObject","inLanguage":"fr-FR","@id":"https:\/\/www.svalbard.fr\/actualites\/#\/schema\/person\/image\/","url":"https:\/\/secure.gravatar.com\/avatar\/4daa437093476dbc32da415c112b6512?s=96&d=mm&r=g","contentUrl":"https:\/\/secure.gravatar.com\/avatar\/4daa437093476dbc32da415c112b6512?s=96&d=mm&r=g","caption":"Hilmar"},"description":"Hilmar est un passionn\u00e9 des r\u00e9gions polaires, sp\u00e9cialis\u00e9 dans la r\u00e9daction d'articles sur le Spitzberg et autres destinations arctiques. Il apporte son expertise et sa passion pour l'Arctique au sein de l'\u00e9quipe de r\u00e9daction de Svalbard depuis de nombreuses ann\u00e9es.","sameAs":["https:\/\/www.svalbard.fr\/"]}]}},"_links":{"self":[{"href":"https:\/\/www.svalbard.fr\/actualites\/wp-json\/wp\/v2\/posts\/5005"}],"collection":[{"href":"https:\/\/www.svalbard.fr\/actualites\/wp-json\/wp\/v2\/posts"}],"about":[{"href":"https:\/\/www.svalbard.fr\/actualites\/wp-json\/wp\/v2\/types\/post"}],"author":[{"embeddable":true,"href":"https:\/\/www.svalbard.fr\/actualites\/wp-json\/wp\/v2\/users\/1"}],"replies":[{"embeddable":true,"href":"https:\/\/www.svalbard.fr\/actualites\/wp-json\/wp\/v2\/comments?post=5005"}],"version-history":[{"count":0,"href":"https:\/\/www.svalbard.fr\/actualites\/wp-json\/wp\/v2\/posts\/5005\/revisions"}],"wp:featuredmedia":[{"embeddable":true,"href":"https:\/\/www.svalbard.fr\/actualites\/wp-json\/wp\/v2\/media\/5006"}],"wp:attachment":[{"href":"https:\/\/www.svalbard.fr\/actualites\/wp-json\/wp\/v2\/media?parent=5005"}],"wp:term":[{"taxonomy":"category","embeddable":true,"href":"https:\/\/www.svalbard.fr\/actualites\/wp-json\/wp\/v2\/categories?post=5005"},{"taxonomy":"post_tag","embeddable":true,"href":"https:\/\/www.svalbard.fr\/actualites\/wp-json\/wp\/v2\/tags?post=5005"}],"curies":[{"name":"wp","href":"https:\/\/api.w.org\/{rel}","templated":true}]}}