{"id":5013,"date":"2025-10-13T05:24:00","date_gmt":"2025-10-13T03:24:00","guid":{"rendered":"https:\/\/www.svalbard.fr\/actualites\/je-vis-sur-une-ile-isolee-ou-errent-des-ours-polaires-et-tout-le-monde-a-une-arme-a-feu\/"},"modified":"2025-10-13T05:24:08","modified_gmt":"2025-10-13T03:24:08","slug":"je-vis-sur-une-ile-isolee-ou-errent-des-ours-polaires-et-tout-le-monde-a-une-arme-a-feu","status":"publish","type":"post","link":"https:\/\/www.svalbard.fr\/actualites\/je-vis-sur-une-ile-isolee-ou-errent-des-ours-polaires-et-tout-le-monde-a-une-arme-a-feu\/","title":{"rendered":"Je vis sur une \u00eele isol\u00e9e o\u00f9 errent des ours polaires \u2013 et tout le monde a une arme \u00e0 feu"},"content":{"rendered":"<div>\n<p>Lorsqu\u2019il s\u2019agit d\u2019endroits \u00e9loign\u00e9s, le Svalbard est \u00e0 peu pr\u00e8s aussi \u00e9loign\u00e9 que possible. Ce petit archipel est nich\u00e9 entre la Norv\u00e8ge et le p\u00f4le Nord, perch\u00e9 tout en haut du cercle polaire arctique et pour vivre ici, il faut \u00eatre dur.<\/p>\n<p>En hiver, les temp\u00e9ratures peuvent descendre jusqu&#39;\u00e0 -35\u00b0C et le refroidissement \u00e9olien peut \u00eatre brutal. En hiver, la nuit polaire prend le dessus et le soleil ne se l\u00e8ve jamais, et en \u00e9t\u00e9, chaque jour est \u00e9clair\u00e9 par le soleil de minuit. Elle abrite seulement 2 528 habitants, dont la plupart vivent dans la ville principale de Longyearbyen, et environ 300 ours polaires. Le Svalbard est ind\u00e9niablement beau, mais cette beaut\u00e9 est indompt\u00e9e et doit \u00eatre trait\u00e9e avec prudence.<\/p>\n<\/div>\n<div>\n<p>Mats McCombe vit au Svalbard depuis 18 ans et travaille comme guide touristique pour Hurtigruten, une compagnie de croisi\u00e8re nordique en activit\u00e9 depuis 1893. <\/p>\n<p>Il a d\u00e9clar\u00e9 \u00e0 The Express qu&#39;\u00e0 l&#39;origine, il n&#39;allait rester sur l&#39;\u00eele qu&#39;un an &#8211; mais pr\u00e8s de deux d\u00e9cennies plus tard, il est toujours l\u00e0 et l&#39;aime autant que le premier jour.<\/p>\n<p>Mats a d\u00e9clar\u00e9 : \u00ab\u00a0La nature arctique est magnifique. Vous pouvez montrer de nombreuses vid\u00e9os et photos \u00e0 vos amis, votre famille et vos coll\u00e8gues, chez vous, mais ils ne r\u00e9alisent vraiment pas \u00e0 quel point c&#39;est fantastique avant d&#39;arriver ici. Vous devez le voir de vos propres yeux.\u00a0\u00bb<\/p>\n<p>La beaut\u00e9 du Svalbard s&#39;\u00e9tend juste aux portes de Mats, avec des montagnes \u00e0 seulement cinq minutes de chez lui. En moins d\u2019une demi-heure, il peut \u00eatre dans le d\u00e9sert.<\/p>\n<p>Il a d\u00e9clar\u00e9 : \u00ab Vous vous sentez compl\u00e8tement seul dans l&#39;Arctique parce que vous ne pouvez rien voir d&#39;autre que la nature. \u00bb<\/p>\n<p>Ce niveau d\u2019\u00e9loignement s\u2019accompagne d\u2019une grande responsabilit\u00e9. Le Svalbard est un endroit difficile \u00e0 vivre et si vous n&#39;avez pas les bonnes connaissances, vous pouvez facilement vous retrouver en difficult\u00e9.<\/p>\n<\/div>\n<div>\n<h3>Les ours polaires et leurs droits<\/h3>\n<p>L&#39;une des lois selon lesquelles vivent les habitants du Svalbard est le droit de porter les armes &#8211; et de s&#39;armer contre les ours. Si vous envisagez de voyager en dehors des colonies des \u00eeles, le bureau du gouverneur du Svalbard insiste pour que vous ayez sur vous un \u00ab moyen appropri\u00e9 \u00bb pour effrayer les ours polaires, \u00e0 savoir une arme \u00e0 feu. <\/p>\n<p>Mats a d\u00e9clar\u00e9 : \u00a0\u00bb Un ours polaire est comme un chien. Il a sa propre personnalit\u00e9. Certains sont int\u00e9ress\u00e9s, d&#39;autres ont vraiment peur des humains. Il faut toujours se rappeler que lorsque l&#39;on est confront\u00e9 \u00e0 un ours polaire. J&#39;ai eu beaucoup de confrontations mais heureusement, je n&#39;ai jamais \u00e9t\u00e9 dans une situation o\u00f9 je devais tirer sur un ours. \u00ab\u00a0<\/p>\n<p>Il a d\u00e9clar\u00e9 qu&#39;il portait un pistolet qui tire des \u00e9clairs, ainsi qu&#39;un fusil de grande puissance ou un pistolet de gros calibre &#8211; juste au cas o\u00f9. <\/p>\n<p>Il n&#39;y a pas que les ours qui constituent une menace &#8211; Mats a d\u00e9clar\u00e9 que l&#39;environnement du Svalbard est beaucoup plus susceptible de vous tuer. <\/p>\n<p>\u00ab\u00a0Il faut bien s\u00fbr respecter l&#39;ours polaire, mais il faut aussi beaucoup respecter la nature car elle tue plus d&#39;humains que l&#39;ours polaire. (Des choses comme) la travers\u00e9e de la banquise, les avalanches et l&#39;hypothermie pendant l&#39;hiver.\u00a0\u00bb<\/p>\n<p>Il est \u00e9galement courant que les habitants de Longyearbyen laissent leur maison et leur voiture ouvertes. Cela s&#39;explique en partie par le faible taux de criminalit\u00e9 au Svalbard, mais aussi par le fait que si vous \u00eates surpris par un ours polaire dans la rue, vous avez un endroit o\u00f9 fuir.<\/p>\n<p>Mats a d\u00e9clar\u00e9 qu&#39;au cours des neuf ann\u00e9es o\u00f9 il a v\u00e9cu dans sa maison sur l&#39;\u00eele, il n&#39;a jamais verrouill\u00e9 sa porte &#8211; en fait, il ne sait m\u00eame pas o\u00f9 se trouvent ses cl\u00e9s. <\/p>\n<p>Sa voiture reste \u00e9galement d\u00e9verrouill\u00e9e. Il est rare que des ours viennent dans les colonies, mais cela arrive, il est donc bon de donner aux gens une chance de s&#39;enfuir.<\/p>\n<p>Mats a d\u00e9clar\u00e9 : \u00ab\u00a0Au cours de mes 17 ann\u00e9es de vie ici, il y a eu peut-\u00eatre quatre ou cinq fois que l&#39;ours polaire vient en ville, et cela se produit g\u00e9n\u00e9ralement pendant les p\u00e9riodes sombres comme en novembre, d\u00e9cembre et janvier. Comme il y a tr\u00e8s peu de circulation hors de la ville, il est facile pour eux de se rapprocher de la ville. \u00ab\u00a0<\/p>\n<p><strong> <\/strong><\/p>\n<\/div>\n<div>\n<h3>La vie et la mort au Svalbard<\/h3>\n<p>Le Svalbard a souvent \u00e9t\u00e9 victime de d\u00e9sinformation : on dit commun\u00e9ment qu&#39;il est ill\u00e9gal de mourir sur l&#39;\u00eele, mais ce n&#39;est pas vrai. De toute \u00e9vidence, les gouvernements n\u2019ont aucun contr\u00f4le sur le moment et la mani\u00e8re dont leurs citoyens meurent \u2013 \u200b\u200bmais il est vrai qu\u2019on ne peut pas \u00eatre enterr\u00e9 sur l\u2019\u00eele. <\/p>\n<p>En raison du froid intense et du perg\u00e9lisol qui r\u00e8gne sur l&#39;\u00eele, votre corps ne se d\u00e9composera jamais et il existe un risque que des virus et des maladies nocifs soient pr\u00e9serv\u00e9s de mani\u00e8re permanente. <\/p>\n<p>Mats a d\u00e9clar\u00e9 que l&#39;id\u00e9e que vous ne pouvez pas mourir sur l&#39;\u00eele est fausse \u2013 mais que si vous mouriez, il y aurait un processus pour d\u00e9placer votre corps vers le continent. Si vous souhaitez \u00eatre \u00ab enterr\u00e9 \u00bb sur l&#39;\u00eele, vous devez d&#39;abord \u00eatre incin\u00e9r\u00e9, puis une urne contenant vos restes peut \u00eatre enterr\u00e9e, avec la b\u00e9n\u00e9diction du gouverneur et du pr\u00eatre. <\/p>\n<p>Pour cette m\u00eame raison, il est recommand\u00e9 \u00e0 toute personne enceinte et proche de la date pr\u00e9vue de quitter l\u2019\u00eele pour accoucher sur le continent. Bien qu&#39;il existe un h\u00f4pital sur l&#39;\u00eele qui pourrait aider en cas d&#39;accouchement pr\u00e9matur\u00e9, ce n&#39;est certainement pas l&#39;id\u00e9al et il est donc fortement recommand\u00e9 aux gens de se rendre sur le continent au moins un mois avant la date pr\u00e9vue pour garantir le niveau de soins appropri\u00e9. <\/p>\n<\/div>\n<div>\n<h3>Comment visiter<\/h3>\n<p>Malgr\u00e9 son \u00e9loignement et sa petite population, le Svalbard b\u00e9n\u00e9ficie d&#39;une industrie touristique florissante et l&#39;acc\u00e8s \u00e0 l&#39;archipel est \u00e9tonnamment facile. Des vols partent quotidiennement d&#39;Oslo, et il existe \u00e9galement des options de croisi\u00e8res qui parcourent la c\u00f4te norv\u00e9gienne. <\/p>\n<p>Une fois sur l&#39;\u00eele, les visites guid\u00e9es ne manquent pas qui vous feront sortir des agglom\u00e9rations et vous feront d\u00e9couvrir les grandes \u00e9tendues sauvages. Ces circuits auront \u00e9galement l&#39;avantage suppl\u00e9mentaire d&#39;\u00eatre arm\u00e9s contre les ours &#8211; vous n&#39;aurez donc pas \u00e0 vous soucier de vous mettre du mauvais c\u00f4t\u00e9 du gouvernement en mourant sur l&#39;\u00eele sans m\u00eame y vivre.<\/p>\n<p>Mats a d\u00e9clar\u00e9 que la meilleure chose \u00e0 savoir pour les touristes est de ne jamais aller nulle part sans guide.<\/p>\n<p>\u00ab\u00a0Apportez le bon \u00e9quipement, connaissez la r\u00e9gion, sachez o\u00f9 vous voyagez. Signalez toujours \u00e0 quelqu&#39;un que vous connaissez en ville o\u00f9 vous allez et quand vous revenez. C&#39;est notre r\u00e8gle num\u00e9ro un, les ours polaires sont tr\u00e8s dangereux, mais la nature peut aussi \u00eatre tr\u00e8s dangereuse. \u00ab\u00a0<\/p>\n<\/div>\n","protected":false},"excerpt":{"rendered":"<p>Lorsqu\u2019il s\u2019agit d\u2019endroits \u00e9loign\u00e9s, le Svalbard est \u00e0 peu pr\u00e8s aussi \u00e9loign\u00e9 que possible. Ce petit archipel est nich\u00e9 entre la Norv\u00e8ge et le p\u00f4le<\/p>\n","protected":false},"author":1,"featured_media":5014,"comment_status":"closed","ping_status":"","sticky":false,"template":"","format":"standard","meta":{"footnotes":""},"categories":[2277],"tags":[384,8,5213,602,68,69,307,129,63,28,872,18,1102],"yoast_head":"<!-- This site is optimized with the Yoast SEO plugin v21.0 - https:\/\/yoast.com\/wordpress\/plugins\/seo\/ -->\n<title>Je vis sur une \u00eele isol\u00e9e o\u00f9 errent des ours polaires \u2013 et tout le monde a une arme \u00e0 feu<\/title>\n<meta name=\"robots\" content=\"index, follow, max-snippet:-1, max-image-preview:large, max-video-preview:-1\" \/>\n<link rel=\"canonical\" href=\"https:\/\/www.svalbard.fr\/actualites\/je-vis-sur-une-ile-isolee-ou-errent-des-ours-polaires-et-tout-le-monde-a-une-arme-a-feu\/\" \/>\n<meta property=\"og:locale\" content=\"fr_FR\" \/>\n<meta property=\"og:type\" content=\"article\" \/>\n<meta property=\"og:title\" content=\"Je vis sur une \u00eele isol\u00e9e o\u00f9 errent des ours polaires \u2013 et tout le monde a une arme \u00e0 feu\" \/>\n<meta property=\"og:description\" content=\"Lorsqu\u2019il s\u2019agit d\u2019endroits \u00e9loign\u00e9s, le Svalbard est \u00e0 peu pr\u00e8s aussi \u00e9loign\u00e9 que possible. Ce petit archipel est nich\u00e9 entre la Norv\u00e8ge et le p\u00f4le\" \/>\n<meta property=\"og:url\" content=\"https:\/\/www.svalbard.fr\/actualites\/je-vis-sur-une-ile-isolee-ou-errent-des-ours-polaires-et-tout-le-monde-a-une-arme-a-feu\/\" \/>\n<meta property=\"og:site_name\" content=\"www.Svalbard.fr\" \/>\n<meta property=\"article:published_time\" content=\"2025-10-13T03:24:00+00:00\" \/>\n<meta property=\"article:modified_time\" content=\"2025-10-13T03:24:08+00:00\" \/>\n<meta property=\"og:image\" content=\"https:\/\/www.svalbard.fr\/actualites\/wp-content\/uploads\/2025\/10\/Je-vis-sur-une-ile-isolee-ou-errent-des-ours.jpg\" \/>\n\t<meta property=\"og:image:width\" content=\"1200\" \/>\n\t<meta property=\"og:image:height\" content=\"630\" \/>\n\t<meta property=\"og:image:type\" content=\"image\/jpeg\" \/>\n<meta name=\"author\" content=\"Hilmar\" \/>\n<meta name=\"twitter:card\" content=\"summary_large_image\" \/>\n<meta name=\"twitter:label1\" content=\"\u00c9crit par\" \/>\n\t<meta name=\"twitter:data1\" content=\"Hilmar\" \/>\n\t<meta name=\"twitter:label2\" content=\"Dur\u00e9e de lecture estim\u00e9e\" \/>\n\t<meta name=\"twitter:data2\" content=\"6 minutes\" \/>\n<script type=\"application\/ld+json\" class=\"yoast-schema-graph\">{\"@context\":\"https:\/\/schema.org\",\"@graph\":[{\"@type\":\"Article\",\"@id\":\"https:\/\/www.svalbard.fr\/actualites\/je-vis-sur-une-ile-isolee-ou-errent-des-ours-polaires-et-tout-le-monde-a-une-arme-a-feu\/#article\",\"isPartOf\":{\"@id\":\"https:\/\/www.svalbard.fr\/actualites\/je-vis-sur-une-ile-isolee-ou-errent-des-ours-polaires-et-tout-le-monde-a-une-arme-a-feu\/\"},\"author\":{\"name\":\"Hilmar\",\"@id\":\"https:\/\/www.svalbard.fr\/actualites\/#\/schema\/person\/a2f937d5712222366738fae98755c600\"},\"headline\":\"Je vis sur une \u00eele isol\u00e9e o\u00f9 errent des ours polaires \u2013 et tout le monde a une arme \u00e0 feu\",\"datePublished\":\"2025-10-13T03:24:00+00:00\",\"dateModified\":\"2025-10-13T03:24:08+00:00\",\"mainEntityOfPage\":{\"@id\":\"https:\/\/www.svalbard.fr\/actualites\/je-vis-sur-une-ile-isolee-ou-errent-des-ours-polaires-et-tout-le-monde-a-une-arme-a-feu\/\"},\"wordCount\":1258,\"publisher\":{\"@id\":\"https:\/\/www.svalbard.fr\/actualites\/#organization\"},\"keywords\":[\"arme\",\"des\",\"errent\",\"feu\",\"\u00eele\",\"isol\u00e9e\",\"monde\",\"O\u00f9\",\"polaires\",\"sur\",\"tout\",\"Une\",\"vis\"],\"inLanguage\":\"fr-FR\"},{\"@type\":\"WebPage\",\"@id\":\"https:\/\/www.svalbard.fr\/actualites\/je-vis-sur-une-ile-isolee-ou-errent-des-ours-polaires-et-tout-le-monde-a-une-arme-a-feu\/\",\"url\":\"https:\/\/www.svalbard.fr\/actualites\/je-vis-sur-une-ile-isolee-ou-errent-des-ours-polaires-et-tout-le-monde-a-une-arme-a-feu\/\",\"name\":\"Je vis sur une \u00eele isol\u00e9e o\u00f9 errent des ours polaires \u2013 et tout le monde a une arme \u00e0 feu\",\"isPartOf\":{\"@id\":\"https:\/\/www.svalbard.fr\/actualites\/#website\"},\"datePublished\":\"2025-10-13T03:24:00+00:00\",\"dateModified\":\"2025-10-13T03:24:08+00:00\",\"breadcrumb\":{\"@id\":\"https:\/\/www.svalbard.fr\/actualites\/je-vis-sur-une-ile-isolee-ou-errent-des-ours-polaires-et-tout-le-monde-a-une-arme-a-feu\/#breadcrumb\"},\"inLanguage\":\"fr-FR\",\"potentialAction\":[{\"@type\":\"ReadAction\",\"target\":[\"https:\/\/www.svalbard.fr\/actualites\/je-vis-sur-une-ile-isolee-ou-errent-des-ours-polaires-et-tout-le-monde-a-une-arme-a-feu\/\"]}]},{\"@type\":\"BreadcrumbList\",\"@id\":\"https:\/\/www.svalbard.fr\/actualites\/je-vis-sur-une-ile-isolee-ou-errent-des-ours-polaires-et-tout-le-monde-a-une-arme-a-feu\/#breadcrumb\",\"itemListElement\":[{\"@type\":\"ListItem\",\"position\":1,\"name\":\"Accueil\",\"item\":\"https:\/\/www.svalbard.fr\/actualites\/\"},{\"@type\":\"ListItem\",\"position\":2,\"name\":\"Je vis sur une \u00eele isol\u00e9e o\u00f9 errent des ours polaires \u2013 et tout le monde a une arme \u00e0 feu\"}]},{\"@type\":\"WebSite\",\"@id\":\"https:\/\/www.svalbard.fr\/actualites\/#website\",\"url\":\"https:\/\/www.svalbard.fr\/actualites\/\",\"name\":\"www.Svalbard.fr\",\"description\":\"\",\"publisher\":{\"@id\":\"https:\/\/www.svalbard.fr\/actualites\/#organization\"},\"potentialAction\":[{\"@type\":\"SearchAction\",\"target\":{\"@type\":\"EntryPoint\",\"urlTemplate\":\"https:\/\/www.svalbard.fr\/actualites\/?s={search_term_string}\"},\"query-input\":\"required name=search_term_string\"}],\"inLanguage\":\"fr-FR\"},{\"@type\":\"Organization\",\"@id\":\"https:\/\/www.svalbard.fr\/actualites\/#organization\",\"name\":\"www.Svalbard.fr\",\"url\":\"https:\/\/www.svalbard.fr\/actualites\/\",\"logo\":{\"@type\":\"ImageObject\",\"inLanguage\":\"fr-FR\",\"@id\":\"https:\/\/www.svalbard.fr\/actualites\/#\/schema\/logo\/image\/\",\"url\":\"https:\/\/www.svalbard.fr\/actualites\/wp-content\/uploads\/2023\/09\/head-nom.jpg\",\"contentUrl\":\"https:\/\/www.svalbard.fr\/actualites\/wp-content\/uploads\/2023\/09\/head-nom.jpg\",\"width\":264,\"height\":35,\"caption\":\"www.Svalbard.fr\"},\"image\":{\"@id\":\"https:\/\/www.svalbard.fr\/actualites\/#\/schema\/logo\/image\/\"}},{\"@type\":\"Person\",\"@id\":\"https:\/\/www.svalbard.fr\/actualites\/#\/schema\/person\/a2f937d5712222366738fae98755c600\",\"name\":\"Hilmar\",\"image\":{\"@type\":\"ImageObject\",\"inLanguage\":\"fr-FR\",\"@id\":\"https:\/\/www.svalbard.fr\/actualites\/#\/schema\/person\/image\/\",\"url\":\"https:\/\/secure.gravatar.com\/avatar\/4daa437093476dbc32da415c112b6512?s=96&d=mm&r=g\",\"contentUrl\":\"https:\/\/secure.gravatar.com\/avatar\/4daa437093476dbc32da415c112b6512?s=96&d=mm&r=g\",\"caption\":\"Hilmar\"},\"description\":\"Hilmar est un passionn\u00e9 des r\u00e9gions polaires, sp\u00e9cialis\u00e9 dans la r\u00e9daction d'articles sur le Spitzberg et autres destinations arctiques. Il apporte son expertise et sa passion pour l'Arctique au sein de l'\u00e9quipe de r\u00e9daction de Svalbard depuis de nombreuses ann\u00e9es.\",\"sameAs\":[\"https:\/\/www.svalbard.fr\/\"]}]}<\/script>\n<!-- \/ Yoast SEO plugin. -->","yoast_head_json":{"title":"Je vis sur une \u00eele isol\u00e9e o\u00f9 errent des ours polaires \u2013 et tout le monde a une arme \u00e0 feu","robots":{"index":"index","follow":"follow","max-snippet":"max-snippet:-1","max-image-preview":"max-image-preview:large","max-video-preview":"max-video-preview:-1"},"canonical":"https:\/\/www.svalbard.fr\/actualites\/je-vis-sur-une-ile-isolee-ou-errent-des-ours-polaires-et-tout-le-monde-a-une-arme-a-feu\/","og_locale":"fr_FR","og_type":"article","og_title":"Je vis sur une \u00eele isol\u00e9e o\u00f9 errent des ours polaires \u2013 et tout le monde a une arme \u00e0 feu","og_description":"Lorsqu\u2019il s\u2019agit d\u2019endroits \u00e9loign\u00e9s, le Svalbard est \u00e0 peu pr\u00e8s aussi \u00e9loign\u00e9 que possible. Ce petit archipel est nich\u00e9 entre la Norv\u00e8ge et le p\u00f4le","og_url":"https:\/\/www.svalbard.fr\/actualites\/je-vis-sur-une-ile-isolee-ou-errent-des-ours-polaires-et-tout-le-monde-a-une-arme-a-feu\/","og_site_name":"www.Svalbard.fr","article_published_time":"2025-10-13T03:24:00+00:00","article_modified_time":"2025-10-13T03:24:08+00:00","og_image":[{"width":1200,"height":630,"url":"https:\/\/www.svalbard.fr\/actualites\/wp-content\/uploads\/2025\/10\/Je-vis-sur-une-ile-isolee-ou-errent-des-ours.jpg","type":"image\/jpeg"}],"author":"Hilmar","twitter_card":"summary_large_image","twitter_misc":{"\u00c9crit par":"Hilmar","Dur\u00e9e de lecture estim\u00e9e":"6 minutes"},"schema":{"@context":"https:\/\/schema.org","@graph":[{"@type":"Article","@id":"https:\/\/www.svalbard.fr\/actualites\/je-vis-sur-une-ile-isolee-ou-errent-des-ours-polaires-et-tout-le-monde-a-une-arme-a-feu\/#article","isPartOf":{"@id":"https:\/\/www.svalbard.fr\/actualites\/je-vis-sur-une-ile-isolee-ou-errent-des-ours-polaires-et-tout-le-monde-a-une-arme-a-feu\/"},"author":{"name":"Hilmar","@id":"https:\/\/www.svalbard.fr\/actualites\/#\/schema\/person\/a2f937d5712222366738fae98755c600"},"headline":"Je vis sur une \u00eele isol\u00e9e o\u00f9 errent des ours polaires \u2013 et tout le monde a une arme \u00e0 feu","datePublished":"2025-10-13T03:24:00+00:00","dateModified":"2025-10-13T03:24:08+00:00","mainEntityOfPage":{"@id":"https:\/\/www.svalbard.fr\/actualites\/je-vis-sur-une-ile-isolee-ou-errent-des-ours-polaires-et-tout-le-monde-a-une-arme-a-feu\/"},"wordCount":1258,"publisher":{"@id":"https:\/\/www.svalbard.fr\/actualites\/#organization"},"keywords":["arme","des","errent","feu","\u00eele","isol\u00e9e","monde","O\u00f9","polaires","sur","tout","Une","vis"],"inLanguage":"fr-FR"},{"@type":"WebPage","@id":"https:\/\/www.svalbard.fr\/actualites\/je-vis-sur-une-ile-isolee-ou-errent-des-ours-polaires-et-tout-le-monde-a-une-arme-a-feu\/","url":"https:\/\/www.svalbard.fr\/actualites\/je-vis-sur-une-ile-isolee-ou-errent-des-ours-polaires-et-tout-le-monde-a-une-arme-a-feu\/","name":"Je vis sur une \u00eele isol\u00e9e o\u00f9 errent des ours polaires \u2013 et tout le monde a une arme \u00e0 feu","isPartOf":{"@id":"https:\/\/www.svalbard.fr\/actualites\/#website"},"datePublished":"2025-10-13T03:24:00+00:00","dateModified":"2025-10-13T03:24:08+00:00","breadcrumb":{"@id":"https:\/\/www.svalbard.fr\/actualites\/je-vis-sur-une-ile-isolee-ou-errent-des-ours-polaires-et-tout-le-monde-a-une-arme-a-feu\/#breadcrumb"},"inLanguage":"fr-FR","potentialAction":[{"@type":"ReadAction","target":["https:\/\/www.svalbard.fr\/actualites\/je-vis-sur-une-ile-isolee-ou-errent-des-ours-polaires-et-tout-le-monde-a-une-arme-a-feu\/"]}]},{"@type":"BreadcrumbList","@id":"https:\/\/www.svalbard.fr\/actualites\/je-vis-sur-une-ile-isolee-ou-errent-des-ours-polaires-et-tout-le-monde-a-une-arme-a-feu\/#breadcrumb","itemListElement":[{"@type":"ListItem","position":1,"name":"Accueil","item":"https:\/\/www.svalbard.fr\/actualites\/"},{"@type":"ListItem","position":2,"name":"Je vis sur une \u00eele isol\u00e9e o\u00f9 errent des ours polaires \u2013 et tout le monde a une arme \u00e0 feu"}]},{"@type":"WebSite","@id":"https:\/\/www.svalbard.fr\/actualites\/#website","url":"https:\/\/www.svalbard.fr\/actualites\/","name":"www.Svalbard.fr","description":"","publisher":{"@id":"https:\/\/www.svalbard.fr\/actualites\/#organization"},"potentialAction":[{"@type":"SearchAction","target":{"@type":"EntryPoint","urlTemplate":"https:\/\/www.svalbard.fr\/actualites\/?s={search_term_string}"},"query-input":"required name=search_term_string"}],"inLanguage":"fr-FR"},{"@type":"Organization","@id":"https:\/\/www.svalbard.fr\/actualites\/#organization","name":"www.Svalbard.fr","url":"https:\/\/www.svalbard.fr\/actualites\/","logo":{"@type":"ImageObject","inLanguage":"fr-FR","@id":"https:\/\/www.svalbard.fr\/actualites\/#\/schema\/logo\/image\/","url":"https:\/\/www.svalbard.fr\/actualites\/wp-content\/uploads\/2023\/09\/head-nom.jpg","contentUrl":"https:\/\/www.svalbard.fr\/actualites\/wp-content\/uploads\/2023\/09\/head-nom.jpg","width":264,"height":35,"caption":"www.Svalbard.fr"},"image":{"@id":"https:\/\/www.svalbard.fr\/actualites\/#\/schema\/logo\/image\/"}},{"@type":"Person","@id":"https:\/\/www.svalbard.fr\/actualites\/#\/schema\/person\/a2f937d5712222366738fae98755c600","name":"Hilmar","image":{"@type":"ImageObject","inLanguage":"fr-FR","@id":"https:\/\/www.svalbard.fr\/actualites\/#\/schema\/person\/image\/","url":"https:\/\/secure.gravatar.com\/avatar\/4daa437093476dbc32da415c112b6512?s=96&d=mm&r=g","contentUrl":"https:\/\/secure.gravatar.com\/avatar\/4daa437093476dbc32da415c112b6512?s=96&d=mm&r=g","caption":"Hilmar"},"description":"Hilmar est un passionn\u00e9 des r\u00e9gions polaires, sp\u00e9cialis\u00e9 dans la r\u00e9daction d'articles sur le Spitzberg et autres destinations arctiques. Il apporte son expertise et sa passion pour l'Arctique au sein de l'\u00e9quipe de r\u00e9daction de Svalbard depuis de nombreuses ann\u00e9es.","sameAs":["https:\/\/www.svalbard.fr\/"]}]}},"_links":{"self":[{"href":"https:\/\/www.svalbard.fr\/actualites\/wp-json\/wp\/v2\/posts\/5013"}],"collection":[{"href":"https:\/\/www.svalbard.fr\/actualites\/wp-json\/wp\/v2\/posts"}],"about":[{"href":"https:\/\/www.svalbard.fr\/actualites\/wp-json\/wp\/v2\/types\/post"}],"author":[{"embeddable":true,"href":"https:\/\/www.svalbard.fr\/actualites\/wp-json\/wp\/v2\/users\/1"}],"replies":[{"embeddable":true,"href":"https:\/\/www.svalbard.fr\/actualites\/wp-json\/wp\/v2\/comments?post=5013"}],"version-history":[{"count":1,"href":"https:\/\/www.svalbard.fr\/actualites\/wp-json\/wp\/v2\/posts\/5013\/revisions"}],"predecessor-version":[{"id":5015,"href":"https:\/\/www.svalbard.fr\/actualites\/wp-json\/wp\/v2\/posts\/5013\/revisions\/5015"}],"wp:featuredmedia":[{"embeddable":true,"href":"https:\/\/www.svalbard.fr\/actualites\/wp-json\/wp\/v2\/media\/5014"}],"wp:attachment":[{"href":"https:\/\/www.svalbard.fr\/actualites\/wp-json\/wp\/v2\/media?parent=5013"}],"wp:term":[{"taxonomy":"category","embeddable":true,"href":"https:\/\/www.svalbard.fr\/actualites\/wp-json\/wp\/v2\/categories?post=5013"},{"taxonomy":"post_tag","embeddable":true,"href":"https:\/\/www.svalbard.fr\/actualites\/wp-json\/wp\/v2\/tags?post=5013"}],"curies":[{"name":"wp","href":"https:\/\/api.w.org\/{rel}","templated":true}]}}