{"id":5016,"date":"2025-10-13T10:22:52","date_gmt":"2025-10-13T08:22:52","guid":{"rendered":"https:\/\/www.svalbard.fr\/actualites\/la-norvege-dans-les-guerres-napoleoniennes-le-tournant-oublie\/"},"modified":"2025-10-13T10:22:52","modified_gmt":"2025-10-13T08:22:52","slug":"la-norvege-dans-les-guerres-napoleoniennes-le-tournant-oublie","status":"publish","type":"post","link":"https:\/\/www.svalbard.fr\/actualites\/la-norvege-dans-les-guerres-napoleoniennes-le-tournant-oublie\/","title":{"rendered":"La Norv\u00e8ge dans les guerres napol\u00e9oniennes : le tournant oubli\u00e9"},"content":{"rendered":"<div itemprop=\"text\">\n\t\t\t<span id=\"dpsp-post-content-markup\" data-image-pin-it=\"false\"><\/span><\/p>\n<p class=\"intro\">Lorsque les guerres napol\u00e9oniennes faisaient rage \u00e0 travers l\u2019Europe, la Norv\u00e8ge semblait peut-\u00eatre loin des lignes de front. Pourtant, les d\u00e9cisions prises se r\u00e9v\u00e9leront cruciales, posant les bases de l\u2019avenir de la Norv\u00e8ge en tant que nation ind\u00e9pendante.<\/p>\n<p>Depuis que j&#39;ai d\u00e9m\u00e9nag\u00e9 en Norv\u00e8ge, je suis de plus en plus fascin\u00e9 par l&#39;histoire de cette partie du monde. Comme beaucoup, je connaissais d\u00e9j\u00e0 l&#39;\u00e8re viking, mais j&#39;ai d\u00e9couvert depuis que certains des moments les plus d\u00e9terminants de l&#39;histoire de la Norv\u00e8ge sont survenus plus tard.<\/p>\n<figure class=\"wp-block-image size-large\"><img data-lazyloaded=\"1\" data-placeholder-resp=\"768x432\" fetchpriority=\"high\" decoding=\"async\" width=\"768\" height=\"432\" src=\"https:\/\/www.svalbard.fr\/actualites\/wp-content\/uploads\/2025\/10\/La-Norvege-dans-les-guerres-napoleoniennes-le-tournant-oublie.jpg\" alt=\"La forteresse Akershus d&#39;Oslo vue de l&#39;eau. Photo : David Nikel.\" class=\"wp-image-83786\"  data-><noscript><img fetchpriority=\"high\" decoding=\"async\" width=\"768\" height=\"432\" src=\"https:\/\/www.svalbard.fr\/actualites\/wp-content\/uploads\/2025\/10\/La-Norvege-dans-les-guerres-napoleoniennes-le-tournant-oublie.jpg\" alt=\"La forteresse Akershus d&#39;Oslo vue de l&#39;eau. Photo : David Nikel.\" class=\"wp-image-83786\"  ><\/noscript><\/figure>\n<p>L&#39;un des chapitres les plus importants, mais souvent n\u00e9glig\u00e9s, de l&#39;histoire de la Norv\u00e8ge est l&#39;exp\u00e9rience de la Norv\u00e8ge pendant les guerres napol\u00e9oniennes.<\/p>\n<p>Pour beaucoup, le chemin de la Norv\u00e8ge vers l&#39;ind\u00e9pendance commence en 1814 avec la r\u00e9daction de la Constitution \u00e0 Eidsvoll. Mais les \u00e9v\u00e9nements qui ont conduit \u00e0 ce moment ont \u00e9t\u00e9 fa\u00e7onn\u00e9s par les troubles des guerres napol\u00e9oniennes, un conflit de grande ampleur qui a redessin\u00e9 la carte de l\u2019Europe.<\/p>\n<p>M\u00eame si la Norv\u00e8ge n&#39;a jamais \u00e9t\u00e9 directement un champ de bataille, le royaume a \u00e9t\u00e9 profond\u00e9ment affect\u00e9 par les alliances politiques, les difficult\u00e9s \u00e9conomiques et les \u00e9ventuelles retomb\u00e9es diplomatiques de la guerre.<\/p>\n<p>Les guerres ont finalement mis fin \u00e0 l\u2019union danoise-norv\u00e9gienne vieille de plusieurs si\u00e8cles et ont ouvert la voie \u00e0 l\u2019\u00e9mergence de la Norv\u00e8ge moderne.<\/p>\n<h2 class=\"wp-block-heading\">Union dano-norv\u00e9gienne et French Connection<\/h2>\n<p>Au d\u00e9but du XIXe si\u00e8cle, la Norv\u00e8ge faisait partie d\u2019une double monarchie gouvern\u00e9e depuis Copenhague.<\/p>\n<p>Le Danemark et la Norv\u00e8ge \u00e9taient officiellement neutres au d\u00e9but des guerres napol\u00e9oniennes, mais leur emplacement strat\u00e9gique et leurs ressources navales en firent bient\u00f4t une cible pour la Grande-Bretagne et la France.<\/p>\n<p>Les Britanniques, craignant que Napol\u00e9on ne prenne le contr\u00f4le de la puissante flotte dano-norv\u00e9gienne, lanc\u00e8rent une attaque pr\u00e9ventive en 1807 et bombard\u00e8rent Copenhague. Les Danois ont r\u00e9pondu en s&#39;alignant sur Napol\u00e9on, entra\u00eenant la Norv\u00e8ge dans une guerre qu&#39;elle n&#39;avait pas choisie.<\/p>\n<p>Cette d\u00e9cision aurait de profondes cons\u00e9quences pour le peuple norv\u00e9gien. Alors que la Grande-Bretagne \u00e9tablissait un blocus naval sur la mer du Nord, les routes commerciales furent coup\u00e9es et les importations essentielles, notamment les c\u00e9r\u00e9ales, se tarirent.<\/p>\n<figure class=\"wp-block-image size-large\"><img loading=\"lazy\" data-lazyloaded=\"1\" data-placeholder-resp=\"768x512\" decoding=\"async\" width=\"768\" height=\"512\" src=\"https:\/\/www.svalbard.fr\/actualites\/wp-content\/uploads\/2025\/10\/1760343772_391_La-Norvege-dans-les-guerres-napoleoniennes-le-tournant-oublie.jpg\" alt=\"Les habitants se prom\u00e8nent dans le parc du palais Frederiksberg de Copenhague. Photo : Nick Brundle Photographie \/ Shutterstock.com.\" class=\"wp-image-76547\"  data-><noscript><img loading=\"lazy\" decoding=\"async\" width=\"768\" height=\"512\" src=\"https:\/\/www.svalbard.fr\/actualites\/wp-content\/uploads\/2025\/10\/1760343772_391_La-Norvege-dans-les-guerres-napoleoniennes-le-tournant-oublie.jpg\" alt=\"Les habitants se prom\u00e8nent dans le parc du palais Frederiksberg de Copenhague. Photo : Nick Brundle Photographie \/ Shutterstock.com.\" class=\"wp-image-76547\"  ><\/noscript><\/figure>\n<p>La Norv\u00e8ge, d\u00e9j\u00e0 aux prises avec des hivers rigoureux et de mauvaises r\u00e9coltes, \u00e9tait confront\u00e9e \u00e0 une famine g\u00e9n\u00e9ralis\u00e9e. Les ann\u00e9es de guerre sont devenues connues sous le nom de faimsn\u00f8den, ou \u00ab l\u2019urgence alimentaire \u00bb.<\/p>\n<h2 class=\"wp-block-heading\">La vie sous blocus<\/h2>\n<p>Le blocus britannique a frapp\u00e9 particuli\u00e8rement durement la Norv\u00e8ge. Le pays d\u00e9pendait fortement des importations alimentaires et, les routes maritimes \u00e9tant coup\u00e9es, de nombreux Norv\u00e9giens ont connu de graves p\u00e9nuries.<\/p>\n<p>La contrebande est devenue end\u00e9mique le long de la c\u00f4te et les communaut\u00e9s locales ont \u00e9t\u00e9 contraintes de devenir plus autosuffisantes, en s&#39;appuyant sur la p\u00eache, la recherche de nourriture et des formes cr\u00e9atives de subsistance.<\/p>\n<p>\u00c0 Bergen, il a \u00e9t\u00e9 rapport\u00e9 que certaines familles ont surv\u00e9cu avec \u00e0 peine plus que des algues et de l&#39;\u00e9corce pendant les pires ann\u00e9es. Le sel, indispensable \u00e0 la conservation des aliments, devint une denr\u00e9e pris\u00e9e et \u00e9tait parfois laborieusement extrait de l\u2019eau de mer.<\/p>\n<p>L\u2019isolement \u00e9conomique a \u00e9galement conduit \u00e0 une mont\u00e9e du nationalisme et de l\u2019autonomie. Les Norv\u00e9giens ont commenc\u00e9 \u00e0 remettre en question leur r\u00f4le dans l&#39;union avec le Danemark, d&#39;autant plus qu&#39;il est devenu clair que les priorit\u00e9s danoises \u00e9taient centr\u00e9es sur la d\u00e9fense de la patrie et le maintien des faveurs aupr\u00e8s de la France, plut\u00f4t que sur le soulagement des souffrances de la Norv\u00e8ge.<\/p>\n<h2 class=\"wp-block-heading\">Le trait\u00e9 de Kiel et la fin de l&#39;Union<\/h2>\n<p>Le tournant se produit en 1814, lorsque le pouvoir de Napol\u00e9on commence \u00e0 s&#39;effondrer. Le Danemark, ayant soutenu le camp perdant, fut contraint de c\u00e9der la Norv\u00e8ge \u00e0 la Su\u00e8de dans le cadre du trait\u00e9 de Kiel.<\/p>\n<p>Cet accord diplomatique a \u00e9t\u00e9 conclu sans la participation de la Norv\u00e8ge, n\u00e9goci\u00e9 dans le cadre d\u2019une r\u00e9organisation plus large de l\u2019Europe par les puissances victorieuses.<\/p>\n<p>Pour les Norv\u00e9giens, c\u2019\u00e9tait comme une trahison. Apr\u00e8s des ann\u00e9es de mis\u00e8re et de guerre, ils \u00e9taient d\u00e9sormais livr\u00e9s comme un butin. Le roi danois Fr\u00e9d\u00e9ric VI a sign\u00e9 le trait\u00e9 sous la contrainte, abandonnant la Norv\u00e8ge tout en conservant les \u00eeles F\u00e9ro\u00e9, l&#39;Islande et le Groenland.<\/p>\n<p>Mais les Norv\u00e9giens avaient d\u2019autres projets. Plut\u00f4t que d&#39;accepter tranquillement la domination su\u00e9doise, ils ont d\u00e9clar\u00e9 leur ind\u00e9pendance, convoqu\u00e9 une assembl\u00e9e \u00e0 Eidsvoll et r\u00e9dig\u00e9 une constitution.<\/p>\n<p>Au centre de cette r\u00e9ponse se trouvait le prince Christian Frederik, l&#39;h\u00e9ritier danois en poste en Norv\u00e8ge. Plut\u00f4t que d\u2019appliquer le trait\u00e9, il a ralli\u00e9 les dirigeants norv\u00e9giens pour qu\u2019ils rejettent la r\u00e9trocession et a lanc\u00e9 le processus qui a conduit \u00e0 la Constitution de 1814.<\/p>\n<p>Bien que le mouvement ind\u00e9pendantiste ait finalement \u00e9t\u00e9 r\u00e9prim\u00e9 par la pression militaire su\u00e9doise, la Constitution a surv\u00e9cu. La Norv\u00e8ge a conclu une union avec la Su\u00e8de en tant que royaume distinct dot\u00e9 de ses propres institutions.<\/p>\n<p>La Su\u00e8de avait la sup\u00e9riorit\u00e9 militaire, mais une conqu\u00eate compl\u00e8te a \u00e9t\u00e9 \u00e9vit\u00e9e gr\u00e2ce \u00e0 la n\u00e9gociation. L&#39;union qui en r\u00e9sulte a permis \u00e0 la Norv\u00e8ge de conserver sa constitution et d&#39;\u00e9tablir son propre parlement, tout en reconnaissant le monarque su\u00e9dois comme chef de l&#39;\u00c9tat.<\/p>\n<p>Les graines de l\u2019ind\u00e9pendance totale, qui arriverait en 1905, avaient \u00e9t\u00e9 sem\u00e9es.<\/p>\n<h2 class=\"wp-block-heading\">O\u00f9 explorer l&#39;\u00e8re napol\u00e9onienne de la Norv\u00e8ge<\/h2>\n<p>Bien que les guerres napol\u00e9oniennes aient laiss\u00e9 peu de champs de bataille en Norv\u00e8ge, leur impact peut encore \u00eatre retrac\u00e9 \u00e0 travers un certain nombre de sites historiques, de mus\u00e9es et de d\u00e9fenses c\u00f4ti\u00e8res qui racontent l&#39;histoire d&#39;une nation au bord du changement.<\/p>\n<h3 class=\"wp-block-heading\">Manoir d&#39;Eidsvoll<\/h3>\n<p>Le site le plus important li\u00e9 aux cons\u00e9quences des guerres napol\u00e9oniennes est le manoir d&#39;Eidsvoll, situ\u00e9 au nord d&#39;Oslo. C&#39;est ici qu&#39;au printemps 1814, 112 d\u00e9l\u00e9gu\u00e9s norv\u00e9giens se sont r\u00e9unis pour r\u00e9diger et signer la Constitution.<\/p>\n<figure class=\"wp-block-image size-large\"><img loading=\"lazy\" data-lazyloaded=\"1\" data-placeholder-resp=\"768x482\" decoding=\"async\" width=\"768\" height=\"482\" src=\"https:\/\/www.svalbard.fr\/actualites\/wp-content\/uploads\/2025\/10\/1760343772_102_La-Norvege-dans-les-guerres-napoleoniennes-le-tournant-oublie.jpg\" alt=\"Mus\u00e9e Eidsvoll 1814 en Norv\u00e8ge. Photo : David Nikel.\" class=\"wp-image-69322\"  data-><noscript><img loading=\"lazy\" decoding=\"async\" width=\"768\" height=\"482\" src=\"https:\/\/www.svalbard.fr\/actualites\/wp-content\/uploads\/2025\/10\/1760343772_102_La-Norvege-dans-les-guerres-napoleoniennes-le-tournant-oublie.jpg\" alt=\"Mus\u00e9e Eidsvoll 1814 en Norv\u00e8ge. Photo : David Nikel.\" class=\"wp-image-69322\"  ><\/noscript><\/figure>\n<p>Le b\u00e2timent a \u00e9t\u00e9 soigneusement restaur\u00e9 pour refl\u00e9ter son apparence au cours de cette ann\u00e9e charni\u00e8re et fonctionne d\u00e9sormais comme un mus\u00e9e.<\/p>\n<p>Les visiteurs peuvent se promener dans les salles m\u00eames o\u00f9 la Norv\u00e8ge moderne est n\u00e9e et d\u00e9couvrir comment les cons\u00e9quences des guerres ont pr\u00e9par\u00e9 le terrain pour l&#39;ind\u00e9pendance.<\/p>\n<h3 class=\"wp-block-heading\">Mus\u00e9e maritime norv\u00e9gien, Oslo<\/h3>\n<p>Pour comprendre comment le blocus britannique a affect\u00e9 la nation maritime norv\u00e9gienne, le Mus\u00e9e maritime norv\u00e9gien propose un contexte \u00e0 travers des expositions sur le commerce, la construction navale et l&#39;histoire navale.<\/p>\n<p>Des objets et des maquettes du d\u00e9but du XIXe si\u00e8cle r\u00e9v\u00e8lent la perturbation du commerce et l&#39;importance croissante de la r\u00e9silience c\u00f4ti\u00e8re pendant le blocus.<\/p>\n<h3 class=\"wp-block-heading\">L&#39;histoire hans\u00e9atique et c\u00f4ti\u00e8re de Bergen<\/h3>\n<p>Alors que le mus\u00e9e hans\u00e9atique de Bergen se concentre principalement sur les r\u00e9seaux commerciaux ant\u00e9rieurs, ses b\u00e2timents historiques en bord de mer et son patrimoine c\u00f4tier offrent un aper\u00e7u de la fa\u00e7on dont des villes comme Bergen ont eu du mal \u00e0 s&#39;adapter pendant les ann\u00e9es d&#39;isolement. Les expositions parall\u00e8les abordent souvent les pressions maritimes plus larges de la p\u00e9riode napol\u00e9onienne.<\/p>\n<h2 class=\"wp-block-heading\">Forteresses c\u00f4ti\u00e8res et d\u00e9fenses de blocus<\/h2>\n<p>Pendant le blocus, la Norv\u00e8ge s&#39;est fortement appuy\u00e9e sur les fortifications c\u00f4ti\u00e8res pour dissuader les navires britanniques et prot\u00e9ger les communaut\u00e9s locales. Plusieurs de ces sites subsistent aujourd&#39;hui et peuvent \u00eatre visit\u00e9s en tant qu&#39;attractions historiques ou zones patrimoniales pittoresques.<\/p>\n<h3 class=\"wp-block-heading\">Forteresse Fredriksten, Halden<\/h3>\n<p>Bien que mieux connue pour son r\u00f4le dans les guerres ant\u00e9rieures avec la Su\u00e8de, la forteresse de Fredriksten a \u00e9t\u00e9 conserv\u00e9e pendant la p\u00e9riode napol\u00e9onienne et symbolise les d\u00e9fenses militaires de longue date de la Norv\u00e8ge.<\/p>\n<p>Le site comprend d\u00e9sormais un mus\u00e9e, des sentiers p\u00e9destres et des vues panoramiques sur les fronti\u00e8res.<\/p>\n<h3 class=\"wp-block-heading\">Forteresse d&#39;Oscarsborg, Dr\u00f8bak<\/h3>\n<p>Situ\u00e9 dans le fjord d&#39;Oslo, Oscarsborg a \u00e9t\u00e9 modernis\u00e9 plus tard au XIXe si\u00e8cle mais occupe un point strat\u00e9gique qui avait \u00e9t\u00e9 fortifi\u00e9 auparavant pour aider \u00e0 d\u00e9fendre les approches de Christiania (Oslo moderne).<\/p>\n<p>Le goulot d&#39;\u00e9tranglement naturel en faisait un endroit cl\u00e9 pour surveiller l&#39;activit\u00e9 navale britannique pendant le blocus.<\/p>\n<h3 class=\"wp-block-heading\">Forteresse de Staverns, Larvik<\/h3>\n<p>La petite ville de Stavern a jou\u00e9 un r\u00f4le d\u00e9mesur\u00e9 pendant les guerres napol\u00e9oniennes en tant que port d&#39;attache de la modeste pr\u00e9sence navale du Danemark et de la Norv\u00e8ge dans la r\u00e9gion.<\/p>\n<p>La forteresse de Staverns, situ\u00e9e sur l&#39;\u00eele de la Citadelle juste au large, a \u00e9t\u00e9 utilis\u00e9e comme base de ravitaillement et batterie c\u00f4ti\u00e8re pendant le conflit. Aujourd&#39;hui, c&#39;est une destination estivale populaire avec des sentiers p\u00e9destres et des visites guid\u00e9es disponibles pendant les mois les plus chauds.<\/p>\n<h3 class=\"wp-block-heading\">Fortifications de Christians\u00f8 et Fredrikstad<\/h3>\n<p>D&#39;autres villes c\u00f4ti\u00e8res telles que Fredrikstad et Kristiansand entretenaient \u00e9galement des structures d\u00e9fensives pour aider \u00e0 surveiller le trafic maritime et \u00e0 dissuader les incursions britanniques.<\/p>\n<p>La vieille ville en forme d&#39;\u00e9toile de Fredrikstad, par exemple, comprend des remparts intacts et un mus\u00e9e militaire, donnant aux visiteurs un aper\u00e7u de la mentalit\u00e9 d\u00e9fensive de la Norv\u00e8ge au d\u00e9but du XIXe si\u00e8cle.<\/p>\n<h2 class=\"wp-block-heading\">Un h\u00e9ritage durable<\/h2>\n<p>Les guerres napol\u00e9oniennes n\u2019ont peut-\u00eatre pas amen\u00e9 d\u2019arm\u00e9es sur le sol norv\u00e9gien, mais leur impact s\u2019est fait sentir dans chaque village et port.<\/p>\n<p>Les difficult\u00e9s \u00e9conomiques, le r\u00e9alignement politique et le sentiment croissant d&#39;identit\u00e9 nationale au cours de cette p\u00e9riode ont marqu\u00e9 un changement d\u00e9cisif dans l&#39;histoire de la Norv\u00e8ge. Ce fut une p\u00e9riode de souffrance, certes, mais aussi d\u2019\u00e9veil.<\/p>\n<p>Aujourd\u2019hui, le r\u00f4le des guerres napol\u00e9oniennes dans l\u2019histoire norv\u00e9gienne re\u00e7oit rarement la m\u00eame attention que l\u2019\u00e8re viking ou la Seconde Guerre mondiale. Pourtant, sans ce chapitre mouvement\u00e9, les \u00e9v\u00e9nements de 1814 et l\u2019\u00e9ventuelle voie vers l\u2019ind\u00e9pendance totale n\u2019auraient peut-\u00eatre jamais eu lieu.<\/p>\n<p>M\u00eame si aucune f\u00eate nationale ne marque la p\u00e9riode napol\u00e9onienne, ses effets sont ancr\u00e9s dans les fondements m\u00eames de la Norv\u00e8ge moderne, notamment dans la Constitution qui continue de fa\u00e7onner le pays jusqu&#39;\u00e0 ce jour.<\/p>\n<\/p><\/div>\n","protected":false},"excerpt":{"rendered":"<p>Lorsque les guerres napol\u00e9oniennes faisaient rage \u00e0 travers l\u2019Europe, la Norv\u00e8ge semblait peut-\u00eatre loin des lignes de front. Pourtant, les d\u00e9cisions prises se r\u00e9v\u00e9leront cruciales,<\/p>\n","protected":false},"author":1,"featured_media":5017,"comment_status":"","ping_status":"","sticky":false,"template":"","format":"standard","meta":{"footnotes":""},"categories":[2277],"tags":[54,5215,3,5217,6,298,5219],"yoast_head":"<!-- This site is optimized with the Yoast SEO plugin v21.0 - https:\/\/yoast.com\/wordpress\/plugins\/seo\/ -->\n<title>La Norv\u00e8ge dans les guerres napol\u00e9oniennes : le tournant oubli\u00e9<\/title>\n<meta name=\"robots\" content=\"index, follow, max-snippet:-1, max-image-preview:large, max-video-preview:-1\" \/>\n<link rel=\"canonical\" href=\"https:\/\/www.svalbard.fr\/actualites\/la-norvege-dans-les-guerres-napoleoniennes-le-tournant-oublie\/\" \/>\n<meta property=\"og:locale\" content=\"fr_FR\" \/>\n<meta property=\"og:type\" content=\"article\" \/>\n<meta property=\"og:title\" content=\"La Norv\u00e8ge dans les guerres napol\u00e9oniennes : le tournant oubli\u00e9\" \/>\n<meta property=\"og:description\" content=\"Lorsque les guerres napol\u00e9oniennes faisaient rage \u00e0 travers l\u2019Europe, la Norv\u00e8ge semblait peut-\u00eatre loin des lignes de front. Pourtant, les d\u00e9cisions prises se r\u00e9v\u00e9leront cruciales,\" \/>\n<meta property=\"og:url\" content=\"https:\/\/www.svalbard.fr\/actualites\/la-norvege-dans-les-guerres-napoleoniennes-le-tournant-oublie\/\" \/>\n<meta property=\"og:site_name\" content=\"www.Svalbard.fr\" \/>\n<meta property=\"article:published_time\" content=\"2025-10-13T08:22:52+00:00\" \/>\n<meta property=\"og:image\" content=\"https:\/\/www.svalbard.fr\/actualites\/wp-content\/uploads\/2025\/10\/La-Norvege-dans-les-guerres-napoleoniennes-le-tournant-oublie.jpg\" \/>\n<meta name=\"author\" content=\"Hilmar\" \/>\n<meta name=\"twitter:card\" content=\"summary_large_image\" \/>\n<meta name=\"twitter:label1\" content=\"\u00c9crit par\" \/>\n\t<meta name=\"twitter:data1\" content=\"Hilmar\" \/>\n\t<meta name=\"twitter:label2\" content=\"Dur\u00e9e de lecture estim\u00e9e\" \/>\n\t<meta name=\"twitter:data2\" content=\"9 minutes\" \/>\n<script type=\"application\/ld+json\" class=\"yoast-schema-graph\">{\"@context\":\"https:\/\/schema.org\",\"@graph\":[{\"@type\":\"Article\",\"@id\":\"https:\/\/www.svalbard.fr\/actualites\/la-norvege-dans-les-guerres-napoleoniennes-le-tournant-oublie\/#article\",\"isPartOf\":{\"@id\":\"https:\/\/www.svalbard.fr\/actualites\/la-norvege-dans-les-guerres-napoleoniennes-le-tournant-oublie\/\"},\"author\":{\"name\":\"Hilmar\",\"@id\":\"https:\/\/www.svalbard.fr\/actualites\/#\/schema\/person\/a2f937d5712222366738fae98755c600\"},\"headline\":\"La Norv\u00e8ge dans les guerres napol\u00e9oniennes : le tournant oubli\u00e9\",\"datePublished\":\"2025-10-13T08:22:52+00:00\",\"dateModified\":\"2025-10-13T08:22:52+00:00\",\"mainEntityOfPage\":{\"@id\":\"https:\/\/www.svalbard.fr\/actualites\/la-norvege-dans-les-guerres-napoleoniennes-le-tournant-oublie\/\"},\"wordCount\":1892,\"publisher\":{\"@id\":\"https:\/\/www.svalbard.fr\/actualites\/#organization\"},\"keywords\":[\"dans\",\"guerres\",\"Les\",\"napol\u00e9oniennes\",\"Norv\u00e8ge\",\"oubli\u00e9\",\"tournant\"],\"inLanguage\":\"fr-FR\"},{\"@type\":\"WebPage\",\"@id\":\"https:\/\/www.svalbard.fr\/actualites\/la-norvege-dans-les-guerres-napoleoniennes-le-tournant-oublie\/\",\"url\":\"https:\/\/www.svalbard.fr\/actualites\/la-norvege-dans-les-guerres-napoleoniennes-le-tournant-oublie\/\",\"name\":\"La Norv\u00e8ge dans les guerres napol\u00e9oniennes : le tournant oubli\u00e9\",\"isPartOf\":{\"@id\":\"https:\/\/www.svalbard.fr\/actualites\/#website\"},\"datePublished\":\"2025-10-13T08:22:52+00:00\",\"dateModified\":\"2025-10-13T08:22:52+00:00\",\"breadcrumb\":{\"@id\":\"https:\/\/www.svalbard.fr\/actualites\/la-norvege-dans-les-guerres-napoleoniennes-le-tournant-oublie\/#breadcrumb\"},\"inLanguage\":\"fr-FR\",\"potentialAction\":[{\"@type\":\"ReadAction\",\"target\":[\"https:\/\/www.svalbard.fr\/actualites\/la-norvege-dans-les-guerres-napoleoniennes-le-tournant-oublie\/\"]}]},{\"@type\":\"BreadcrumbList\",\"@id\":\"https:\/\/www.svalbard.fr\/actualites\/la-norvege-dans-les-guerres-napoleoniennes-le-tournant-oublie\/#breadcrumb\",\"itemListElement\":[{\"@type\":\"ListItem\",\"position\":1,\"name\":\"Accueil\",\"item\":\"https:\/\/www.svalbard.fr\/actualites\/\"},{\"@type\":\"ListItem\",\"position\":2,\"name\":\"La Norv\u00e8ge dans les guerres napol\u00e9oniennes : le tournant oubli\u00e9\"}]},{\"@type\":\"WebSite\",\"@id\":\"https:\/\/www.svalbard.fr\/actualites\/#website\",\"url\":\"https:\/\/www.svalbard.fr\/actualites\/\",\"name\":\"www.Svalbard.fr\",\"description\":\"\",\"publisher\":{\"@id\":\"https:\/\/www.svalbard.fr\/actualites\/#organization\"},\"potentialAction\":[{\"@type\":\"SearchAction\",\"target\":{\"@type\":\"EntryPoint\",\"urlTemplate\":\"https:\/\/www.svalbard.fr\/actualites\/?s={search_term_string}\"},\"query-input\":\"required name=search_term_string\"}],\"inLanguage\":\"fr-FR\"},{\"@type\":\"Organization\",\"@id\":\"https:\/\/www.svalbard.fr\/actualites\/#organization\",\"name\":\"www.Svalbard.fr\",\"url\":\"https:\/\/www.svalbard.fr\/actualites\/\",\"logo\":{\"@type\":\"ImageObject\",\"inLanguage\":\"fr-FR\",\"@id\":\"https:\/\/www.svalbard.fr\/actualites\/#\/schema\/logo\/image\/\",\"url\":\"https:\/\/www.svalbard.fr\/actualites\/wp-content\/uploads\/2023\/09\/head-nom.jpg\",\"contentUrl\":\"https:\/\/www.svalbard.fr\/actualites\/wp-content\/uploads\/2023\/09\/head-nom.jpg\",\"width\":264,\"height\":35,\"caption\":\"www.Svalbard.fr\"},\"image\":{\"@id\":\"https:\/\/www.svalbard.fr\/actualites\/#\/schema\/logo\/image\/\"}},{\"@type\":\"Person\",\"@id\":\"https:\/\/www.svalbard.fr\/actualites\/#\/schema\/person\/a2f937d5712222366738fae98755c600\",\"name\":\"Hilmar\",\"image\":{\"@type\":\"ImageObject\",\"inLanguage\":\"fr-FR\",\"@id\":\"https:\/\/www.svalbard.fr\/actualites\/#\/schema\/person\/image\/\",\"url\":\"https:\/\/secure.gravatar.com\/avatar\/4daa437093476dbc32da415c112b6512?s=96&d=mm&r=g\",\"contentUrl\":\"https:\/\/secure.gravatar.com\/avatar\/4daa437093476dbc32da415c112b6512?s=96&d=mm&r=g\",\"caption\":\"Hilmar\"},\"description\":\"Hilmar est un passionn\u00e9 des r\u00e9gions polaires, sp\u00e9cialis\u00e9 dans la r\u00e9daction d'articles sur le Spitzberg et autres destinations arctiques. Il apporte son expertise et sa passion pour l'Arctique au sein de l'\u00e9quipe de r\u00e9daction de Svalbard depuis de nombreuses ann\u00e9es.\",\"sameAs\":[\"https:\/\/www.svalbard.fr\/\"]}]}<\/script>\n<!-- \/ Yoast SEO plugin. -->","yoast_head_json":{"title":"La Norv\u00e8ge dans les guerres napol\u00e9oniennes : le tournant oubli\u00e9","robots":{"index":"index","follow":"follow","max-snippet":"max-snippet:-1","max-image-preview":"max-image-preview:large","max-video-preview":"max-video-preview:-1"},"canonical":"https:\/\/www.svalbard.fr\/actualites\/la-norvege-dans-les-guerres-napoleoniennes-le-tournant-oublie\/","og_locale":"fr_FR","og_type":"article","og_title":"La Norv\u00e8ge dans les guerres napol\u00e9oniennes : le tournant oubli\u00e9","og_description":"Lorsque les guerres napol\u00e9oniennes faisaient rage \u00e0 travers l\u2019Europe, la Norv\u00e8ge semblait peut-\u00eatre loin des lignes de front. Pourtant, les d\u00e9cisions prises se r\u00e9v\u00e9leront cruciales,","og_url":"https:\/\/www.svalbard.fr\/actualites\/la-norvege-dans-les-guerres-napoleoniennes-le-tournant-oublie\/","og_site_name":"www.Svalbard.fr","article_published_time":"2025-10-13T08:22:52+00:00","og_image":[{"url":"https:\/\/www.svalbard.fr\/actualites\/wp-content\/uploads\/2025\/10\/La-Norvege-dans-les-guerres-napoleoniennes-le-tournant-oublie.jpg"}],"author":"Hilmar","twitter_card":"summary_large_image","twitter_misc":{"\u00c9crit par":"Hilmar","Dur\u00e9e de lecture estim\u00e9e":"9 minutes"},"schema":{"@context":"https:\/\/schema.org","@graph":[{"@type":"Article","@id":"https:\/\/www.svalbard.fr\/actualites\/la-norvege-dans-les-guerres-napoleoniennes-le-tournant-oublie\/#article","isPartOf":{"@id":"https:\/\/www.svalbard.fr\/actualites\/la-norvege-dans-les-guerres-napoleoniennes-le-tournant-oublie\/"},"author":{"name":"Hilmar","@id":"https:\/\/www.svalbard.fr\/actualites\/#\/schema\/person\/a2f937d5712222366738fae98755c600"},"headline":"La Norv\u00e8ge dans les guerres napol\u00e9oniennes : le tournant oubli\u00e9","datePublished":"2025-10-13T08:22:52+00:00","dateModified":"2025-10-13T08:22:52+00:00","mainEntityOfPage":{"@id":"https:\/\/www.svalbard.fr\/actualites\/la-norvege-dans-les-guerres-napoleoniennes-le-tournant-oublie\/"},"wordCount":1892,"publisher":{"@id":"https:\/\/www.svalbard.fr\/actualites\/#organization"},"keywords":["dans","guerres","Les","napol\u00e9oniennes","Norv\u00e8ge","oubli\u00e9","tournant"],"inLanguage":"fr-FR"},{"@type":"WebPage","@id":"https:\/\/www.svalbard.fr\/actualites\/la-norvege-dans-les-guerres-napoleoniennes-le-tournant-oublie\/","url":"https:\/\/www.svalbard.fr\/actualites\/la-norvege-dans-les-guerres-napoleoniennes-le-tournant-oublie\/","name":"La Norv\u00e8ge dans les guerres napol\u00e9oniennes : le tournant oubli\u00e9","isPartOf":{"@id":"https:\/\/www.svalbard.fr\/actualites\/#website"},"datePublished":"2025-10-13T08:22:52+00:00","dateModified":"2025-10-13T08:22:52+00:00","breadcrumb":{"@id":"https:\/\/www.svalbard.fr\/actualites\/la-norvege-dans-les-guerres-napoleoniennes-le-tournant-oublie\/#breadcrumb"},"inLanguage":"fr-FR","potentialAction":[{"@type":"ReadAction","target":["https:\/\/www.svalbard.fr\/actualites\/la-norvege-dans-les-guerres-napoleoniennes-le-tournant-oublie\/"]}]},{"@type":"BreadcrumbList","@id":"https:\/\/www.svalbard.fr\/actualites\/la-norvege-dans-les-guerres-napoleoniennes-le-tournant-oublie\/#breadcrumb","itemListElement":[{"@type":"ListItem","position":1,"name":"Accueil","item":"https:\/\/www.svalbard.fr\/actualites\/"},{"@type":"ListItem","position":2,"name":"La Norv\u00e8ge dans les guerres napol\u00e9oniennes : le tournant oubli\u00e9"}]},{"@type":"WebSite","@id":"https:\/\/www.svalbard.fr\/actualites\/#website","url":"https:\/\/www.svalbard.fr\/actualites\/","name":"www.Svalbard.fr","description":"","publisher":{"@id":"https:\/\/www.svalbard.fr\/actualites\/#organization"},"potentialAction":[{"@type":"SearchAction","target":{"@type":"EntryPoint","urlTemplate":"https:\/\/www.svalbard.fr\/actualites\/?s={search_term_string}"},"query-input":"required name=search_term_string"}],"inLanguage":"fr-FR"},{"@type":"Organization","@id":"https:\/\/www.svalbard.fr\/actualites\/#organization","name":"www.Svalbard.fr","url":"https:\/\/www.svalbard.fr\/actualites\/","logo":{"@type":"ImageObject","inLanguage":"fr-FR","@id":"https:\/\/www.svalbard.fr\/actualites\/#\/schema\/logo\/image\/","url":"https:\/\/www.svalbard.fr\/actualites\/wp-content\/uploads\/2023\/09\/head-nom.jpg","contentUrl":"https:\/\/www.svalbard.fr\/actualites\/wp-content\/uploads\/2023\/09\/head-nom.jpg","width":264,"height":35,"caption":"www.Svalbard.fr"},"image":{"@id":"https:\/\/www.svalbard.fr\/actualites\/#\/schema\/logo\/image\/"}},{"@type":"Person","@id":"https:\/\/www.svalbard.fr\/actualites\/#\/schema\/person\/a2f937d5712222366738fae98755c600","name":"Hilmar","image":{"@type":"ImageObject","inLanguage":"fr-FR","@id":"https:\/\/www.svalbard.fr\/actualites\/#\/schema\/person\/image\/","url":"https:\/\/secure.gravatar.com\/avatar\/4daa437093476dbc32da415c112b6512?s=96&d=mm&r=g","contentUrl":"https:\/\/secure.gravatar.com\/avatar\/4daa437093476dbc32da415c112b6512?s=96&d=mm&r=g","caption":"Hilmar"},"description":"Hilmar est un passionn\u00e9 des r\u00e9gions polaires, sp\u00e9cialis\u00e9 dans la r\u00e9daction d'articles sur le Spitzberg et autres destinations arctiques. Il apporte son expertise et sa passion pour l'Arctique au sein de l'\u00e9quipe de r\u00e9daction de Svalbard depuis de nombreuses ann\u00e9es.","sameAs":["https:\/\/www.svalbard.fr\/"]}]}},"_links":{"self":[{"href":"https:\/\/www.svalbard.fr\/actualites\/wp-json\/wp\/v2\/posts\/5016"}],"collection":[{"href":"https:\/\/www.svalbard.fr\/actualites\/wp-json\/wp\/v2\/posts"}],"about":[{"href":"https:\/\/www.svalbard.fr\/actualites\/wp-json\/wp\/v2\/types\/post"}],"author":[{"embeddable":true,"href":"https:\/\/www.svalbard.fr\/actualites\/wp-json\/wp\/v2\/users\/1"}],"replies":[{"embeddable":true,"href":"https:\/\/www.svalbard.fr\/actualites\/wp-json\/wp\/v2\/comments?post=5016"}],"version-history":[{"count":0,"href":"https:\/\/www.svalbard.fr\/actualites\/wp-json\/wp\/v2\/posts\/5016\/revisions"}],"wp:featuredmedia":[{"embeddable":true,"href":"https:\/\/www.svalbard.fr\/actualites\/wp-json\/wp\/v2\/media\/5017"}],"wp:attachment":[{"href":"https:\/\/www.svalbard.fr\/actualites\/wp-json\/wp\/v2\/media?parent=5016"}],"wp:term":[{"taxonomy":"category","embeddable":true,"href":"https:\/\/www.svalbard.fr\/actualites\/wp-json\/wp\/v2\/categories?post=5016"},{"taxonomy":"post_tag","embeddable":true,"href":"https:\/\/www.svalbard.fr\/actualites\/wp-json\/wp\/v2\/tags?post=5016"}],"curies":[{"name":"wp","href":"https:\/\/api.w.org\/{rel}","templated":true}]}}