{"id":5021,"date":"2025-10-14T11:50:09","date_gmt":"2025-10-14T09:50:09","guid":{"rendered":"https:\/\/www.svalbard.fr\/actualites\/erling-haaland-brise-le-silence-apres-avoir-ete-renvoye-de-son-service-international\/"},"modified":"2025-10-14T11:50:11","modified_gmt":"2025-10-14T09:50:11","slug":"erling-haaland-brise-le-silence-apres-avoir-ete-renvoye-de-son-service-international","status":"publish","type":"post","link":"https:\/\/www.svalbard.fr\/actualites\/erling-haaland-brise-le-silence-apres-avoir-ete-renvoye-de-son-service-international\/","title":{"rendered":"Erling Haaland brise le silence apr\u00e8s avoir \u00e9t\u00e9 renvoy\u00e9 de son service international"},"content":{"rendered":"<div>\n<p>L&#39;attaquant de Manchester City, Erling Haaland, semble d\u00e9tendu apr\u00e8s avoir \u00e9t\u00e9 lib\u00e9r\u00e9 pr\u00e9matur\u00e9ment de ses fonctions internationales. Le Norv\u00e9gien a tir\u00e9 la sonnette d&#39;alarme concernant un \u00e9ventuel passage sur la table de traitement apr\u00e8s avoir \u00e9t\u00e9 autoris\u00e9 \u00e0 quitter l&#39;\u00e9quipe de Stale Solbakken.<\/p>\n<p>Haaland a maintenu sa forme fulgurante lors de la campagne de qualification pour la Coupe du monde apr\u00e8s avoir r\u00e9ussi un tripl\u00e9 lors d&#39;une victoire 5-0 contre Isra\u00ebl, malgr\u00e9 deux tirs au but manqu\u00e9s pendant le match. Cependant, il a \u00e9t\u00e9 autoris\u00e9 \u00e0 quitter son service international avant leur match amical contre la Nouvelle-Z\u00e9lande, le joueur de 25 ans parmi plusieurs joueurs ayant obtenu l&#39;autorisation de retourner dans leurs clubs.<\/p>\n<\/div>\n<div>\n<p>La F\u00e9d\u00e9ration norv\u00e9gienne a confirm\u00e9 : \u00ab\u00a0Sebastian Sebulonsen fait partie de l&#39;\u00e9quipe nationale norv\u00e9gienne, lui et Sverre Nypan participent \u00e0 l&#39;entra\u00eenement d&#39;aujourd&#39;hui. Les joueurs avec un calendrier de matchs particuli\u00e8rement serr\u00e9 rentrent chez eux : Alexander Sorloth, Julian Ryerson, Erling Braut Haaland et Fredrik Bjorkan.<\/p>\n<p>\u00ab\u00a0Felix Horn Myhre quitte l&#39;\u00e9quipe \u00e0 cause d&#39;une douleur \u00e0 la cheville.\u00a0\u00bb N\u00e9anmoins, Haaland a profit\u00e9 de sa pause pour aller sur le terrain de golf, ce qui a \u00e9t\u00e9 r\u00e9v\u00e9l\u00e9 dans une collection de nouvelles photos t\u00e9l\u00e9charg\u00e9es sur son compte Instagram, avec une l\u00e9gende qui disait simplement : \u00ab\u00a0Golf !\u00a0\u00bb<\/p>\n<p>L&#39;attaquant a pos\u00e9 avec un chauffeur rose \u00e9clatant et semblait savourer un moment en famille alors que son p\u00e8re, Alf-Inge, rayonnait en arri\u00e8re-plan. Haaland a red\u00e9couvert de fa\u00e7on spectaculaire son toucher et ouvre la voie dans la course au soulier d&#39;or de la Premier League avec neuf buts en sept sorties.<\/p>\n<\/div>\n<div>\n<p>Son retour torride lui a valu un quatri\u00e8me prix de joueur du mois en Premier League. La star norv\u00e9gienne a exprim\u00e9 sa joie d&#39;aider City \u00e0 se remettre sur la bonne voie, alors qu&#39;ils ne sont d\u00e9sormais qu&#39;\u00e0 trois points du leader Arsenal.<\/p>\n<p>\u00ab\u00a0Septembre a \u00e9t\u00e9 un mois important pour nous en tant qu&#39;\u00e9quipe. Nous avons jou\u00e9 un tr\u00e8s bon football, sommes rest\u00e9s invaincus et avons remport\u00e9 des victoires importantes pour nos fans. Je suis heureux d&#39;avoir pu aider l&#39;\u00e9quipe avec des buts et des performances\u00a0\u00bb, a d\u00e9clar\u00e9 Haaland.<\/p>\n<p>\u00ab\u00a0Maintenant, nous continuons, nous continuons \u00e0 travailler dur chaque jour, car le calendrier est charg\u00e9 apr\u00e8s la tr\u00eave internationale. J&#39;esp\u00e8re que nous pourrons garder le m\u00eame niveau et gagner encore plus de matchs.\u00a0\u00bb<\/p>\n<\/div>\n<div>\n<p>City revient \u00e0 l&#39;action ce week-end lorsqu&#39;il accueillera Everton alors qu&#39;il cherche \u00e0 maintenir la pression sur les premiers meneurs et \u00e0 se classer parmi les quatre premiers. Les d\u00e9buts de l&#39;\u00e9quipe de Pep Guardiola ont \u00e9t\u00e9 mitig\u00e9s, avec quatre victoires, un match nul et deux d\u00e9faites sur sept premiers.<\/p>\n<p>Jusqu&#39;\u00e0 pr\u00e9sent, les Citizens ont travaill\u00e9 dur pour revenir aux sommets qu&#39;ils avaient \u00e9tablis sous le tacticien catalan, qui les a vu remporter quatre couronnes cons\u00e9cutives en Premier League, ainsi qu&#39;un tripl\u00e9. Ils ont renonc\u00e9 au contr\u00f4le de leur couronne de haut niveau la saison derni\u00e8re, Arne Slot capitalisant lors de sa premi\u00e8re saison.<\/p>\n<p>Cela pourrait \u00eatre une autre course \u00e0 trois pour le titre, mais City devra s&#39;assurer de limiter les erreurs afin de suivre le rythme. Arsenal a termin\u00e9 deuxi\u00e8me lors de chacune des trois derni\u00e8res saisons.<\/p>\n<\/div>\n","protected":false},"excerpt":{"rendered":"<p>L&#39;attaquant de Manchester City, Erling Haaland, semble d\u00e9tendu apr\u00e8s avoir \u00e9t\u00e9 lib\u00e9r\u00e9 pr\u00e9matur\u00e9ment de ses fonctions internationales. Le Norv\u00e9gien a tir\u00e9 la sonnette d&#39;alarme concernant<\/p>\n","protected":false},"author":1,"featured_media":5022,"comment_status":"closed","ping_status":"","sticky":false,"template":"","format":"standard","meta":{"footnotes":""},"categories":[2277],"tags":[73,74,1978,1112,185,1113,5227,5225,1392,1491,193],"yoast_head":"<!-- This site is optimized with the Yoast SEO plugin v21.0 - https:\/\/yoast.com\/wordpress\/plugins\/seo\/ -->\n<title>Erling Haaland brise le silence apr\u00e8s avoir \u00e9t\u00e9 renvoy\u00e9 de son service international<\/title>\n<meta name=\"robots\" content=\"index, follow, max-snippet:-1, max-image-preview:large, max-video-preview:-1\" \/>\n<link rel=\"canonical\" href=\"https:\/\/www.svalbard.fr\/actualites\/erling-haaland-brise-le-silence-apres-avoir-ete-renvoye-de-son-service-international\/\" \/>\n<meta property=\"og:locale\" content=\"fr_FR\" \/>\n<meta property=\"og:type\" content=\"article\" \/>\n<meta property=\"og:title\" content=\"Erling Haaland brise le silence apr\u00e8s avoir \u00e9t\u00e9 renvoy\u00e9 de son service international\" \/>\n<meta property=\"og:description\" content=\"L&#039;attaquant de Manchester City, Erling Haaland, semble d\u00e9tendu apr\u00e8s avoir \u00e9t\u00e9 lib\u00e9r\u00e9 pr\u00e9matur\u00e9ment de ses fonctions internationales. Le Norv\u00e9gien a tir\u00e9 la sonnette d&#039;alarme concernant\" \/>\n<meta property=\"og:url\" content=\"https:\/\/www.svalbard.fr\/actualites\/erling-haaland-brise-le-silence-apres-avoir-ete-renvoye-de-son-service-international\/\" \/>\n<meta property=\"og:site_name\" content=\"www.Svalbard.fr\" \/>\n<meta property=\"article:published_time\" content=\"2025-10-14T09:50:09+00:00\" \/>\n<meta property=\"article:modified_time\" content=\"2025-10-14T09:50:11+00:00\" \/>\n<meta property=\"og:image\" content=\"https:\/\/www.svalbard.fr\/actualites\/wp-content\/uploads\/2025\/10\/Erling-Haaland-brise-le-silence-apres-avoir-ete-renvoye-de.jpg\" \/>\n\t<meta property=\"og:image:width\" content=\"1200\" \/>\n\t<meta property=\"og:image:height\" content=\"630\" \/>\n\t<meta property=\"og:image:type\" content=\"image\/jpeg\" \/>\n<meta name=\"author\" content=\"Hilmar\" \/>\n<meta name=\"twitter:card\" content=\"summary_large_image\" \/>\n<meta name=\"twitter:label1\" content=\"\u00c9crit par\" \/>\n\t<meta name=\"twitter:data1\" content=\"Hilmar\" \/>\n\t<meta name=\"twitter:label2\" content=\"Dur\u00e9e de lecture estim\u00e9e\" \/>\n\t<meta name=\"twitter:data2\" content=\"3 minutes\" \/>\n<script type=\"application\/ld+json\" class=\"yoast-schema-graph\">{\"@context\":\"https:\/\/schema.org\",\"@graph\":[{\"@type\":\"Article\",\"@id\":\"https:\/\/www.svalbard.fr\/actualites\/erling-haaland-brise-le-silence-apres-avoir-ete-renvoye-de-son-service-international\/#article\",\"isPartOf\":{\"@id\":\"https:\/\/www.svalbard.fr\/actualites\/erling-haaland-brise-le-silence-apres-avoir-ete-renvoye-de-son-service-international\/\"},\"author\":{\"name\":\"Hilmar\",\"@id\":\"https:\/\/www.svalbard.fr\/actualites\/#\/schema\/person\/a2f937d5712222366738fae98755c600\"},\"headline\":\"Erling Haaland brise le silence apr\u00e8s avoir \u00e9t\u00e9 renvoy\u00e9 de son service international\",\"datePublished\":\"2025-10-14T09:50:09+00:00\",\"dateModified\":\"2025-10-14T09:50:11+00:00\",\"mainEntityOfPage\":{\"@id\":\"https:\/\/www.svalbard.fr\/actualites\/erling-haaland-brise-le-silence-apres-avoir-ete-renvoye-de-son-service-international\/\"},\"wordCount\":594,\"publisher\":{\"@id\":\"https:\/\/www.svalbard.fr\/actualites\/#organization\"},\"keywords\":[\"apr\u00e8s\",\"avoir\",\"brise\",\"Erling\",\"\u00e9t\u00e9\",\"Haaland\",\"international\",\"renvoy\u00e9\",\"service\",\"silence\",\"son\"],\"inLanguage\":\"fr-FR\"},{\"@type\":\"WebPage\",\"@id\":\"https:\/\/www.svalbard.fr\/actualites\/erling-haaland-brise-le-silence-apres-avoir-ete-renvoye-de-son-service-international\/\",\"url\":\"https:\/\/www.svalbard.fr\/actualites\/erling-haaland-brise-le-silence-apres-avoir-ete-renvoye-de-son-service-international\/\",\"name\":\"Erling Haaland brise le silence apr\u00e8s avoir \u00e9t\u00e9 renvoy\u00e9 de son service international\",\"isPartOf\":{\"@id\":\"https:\/\/www.svalbard.fr\/actualites\/#website\"},\"datePublished\":\"2025-10-14T09:50:09+00:00\",\"dateModified\":\"2025-10-14T09:50:11+00:00\",\"breadcrumb\":{\"@id\":\"https:\/\/www.svalbard.fr\/actualites\/erling-haaland-brise-le-silence-apres-avoir-ete-renvoye-de-son-service-international\/#breadcrumb\"},\"inLanguage\":\"fr-FR\",\"potentialAction\":[{\"@type\":\"ReadAction\",\"target\":[\"https:\/\/www.svalbard.fr\/actualites\/erling-haaland-brise-le-silence-apres-avoir-ete-renvoye-de-son-service-international\/\"]}]},{\"@type\":\"BreadcrumbList\",\"@id\":\"https:\/\/www.svalbard.fr\/actualites\/erling-haaland-brise-le-silence-apres-avoir-ete-renvoye-de-son-service-international\/#breadcrumb\",\"itemListElement\":[{\"@type\":\"ListItem\",\"position\":1,\"name\":\"Accueil\",\"item\":\"https:\/\/www.svalbard.fr\/actualites\/\"},{\"@type\":\"ListItem\",\"position\":2,\"name\":\"Erling Haaland brise le silence apr\u00e8s avoir \u00e9t\u00e9 renvoy\u00e9 de son service international\"}]},{\"@type\":\"WebSite\",\"@id\":\"https:\/\/www.svalbard.fr\/actualites\/#website\",\"url\":\"https:\/\/www.svalbard.fr\/actualites\/\",\"name\":\"www.Svalbard.fr\",\"description\":\"\",\"publisher\":{\"@id\":\"https:\/\/www.svalbard.fr\/actualites\/#organization\"},\"potentialAction\":[{\"@type\":\"SearchAction\",\"target\":{\"@type\":\"EntryPoint\",\"urlTemplate\":\"https:\/\/www.svalbard.fr\/actualites\/?s={search_term_string}\"},\"query-input\":\"required name=search_term_string\"}],\"inLanguage\":\"fr-FR\"},{\"@type\":\"Organization\",\"@id\":\"https:\/\/www.svalbard.fr\/actualites\/#organization\",\"name\":\"www.Svalbard.fr\",\"url\":\"https:\/\/www.svalbard.fr\/actualites\/\",\"logo\":{\"@type\":\"ImageObject\",\"inLanguage\":\"fr-FR\",\"@id\":\"https:\/\/www.svalbard.fr\/actualites\/#\/schema\/logo\/image\/\",\"url\":\"https:\/\/www.svalbard.fr\/actualites\/wp-content\/uploads\/2023\/09\/head-nom.jpg\",\"contentUrl\":\"https:\/\/www.svalbard.fr\/actualites\/wp-content\/uploads\/2023\/09\/head-nom.jpg\",\"width\":264,\"height\":35,\"caption\":\"www.Svalbard.fr\"},\"image\":{\"@id\":\"https:\/\/www.svalbard.fr\/actualites\/#\/schema\/logo\/image\/\"}},{\"@type\":\"Person\",\"@id\":\"https:\/\/www.svalbard.fr\/actualites\/#\/schema\/person\/a2f937d5712222366738fae98755c600\",\"name\":\"Hilmar\",\"image\":{\"@type\":\"ImageObject\",\"inLanguage\":\"fr-FR\",\"@id\":\"https:\/\/www.svalbard.fr\/actualites\/#\/schema\/person\/image\/\",\"url\":\"https:\/\/secure.gravatar.com\/avatar\/4daa437093476dbc32da415c112b6512?s=96&d=mm&r=g\",\"contentUrl\":\"https:\/\/secure.gravatar.com\/avatar\/4daa437093476dbc32da415c112b6512?s=96&d=mm&r=g\",\"caption\":\"Hilmar\"},\"description\":\"Hilmar est un passionn\u00e9 des r\u00e9gions polaires, sp\u00e9cialis\u00e9 dans la r\u00e9daction d'articles sur le Spitzberg et autres destinations arctiques. Il apporte son expertise et sa passion pour l'Arctique au sein de l'\u00e9quipe de r\u00e9daction de Svalbard depuis de nombreuses ann\u00e9es.\",\"sameAs\":[\"https:\/\/www.svalbard.fr\/\"]}]}<\/script>\n<!-- \/ Yoast SEO plugin. -->","yoast_head_json":{"title":"Erling Haaland brise le silence apr\u00e8s avoir \u00e9t\u00e9 renvoy\u00e9 de son service international","robots":{"index":"index","follow":"follow","max-snippet":"max-snippet:-1","max-image-preview":"max-image-preview:large","max-video-preview":"max-video-preview:-1"},"canonical":"https:\/\/www.svalbard.fr\/actualites\/erling-haaland-brise-le-silence-apres-avoir-ete-renvoye-de-son-service-international\/","og_locale":"fr_FR","og_type":"article","og_title":"Erling Haaland brise le silence apr\u00e8s avoir \u00e9t\u00e9 renvoy\u00e9 de son service international","og_description":"L&#39;attaquant de Manchester City, Erling Haaland, semble d\u00e9tendu apr\u00e8s avoir \u00e9t\u00e9 lib\u00e9r\u00e9 pr\u00e9matur\u00e9ment de ses fonctions internationales. Le Norv\u00e9gien a tir\u00e9 la sonnette d&#39;alarme concernant","og_url":"https:\/\/www.svalbard.fr\/actualites\/erling-haaland-brise-le-silence-apres-avoir-ete-renvoye-de-son-service-international\/","og_site_name":"www.Svalbard.fr","article_published_time":"2025-10-14T09:50:09+00:00","article_modified_time":"2025-10-14T09:50:11+00:00","og_image":[{"width":1200,"height":630,"url":"https:\/\/www.svalbard.fr\/actualites\/wp-content\/uploads\/2025\/10\/Erling-Haaland-brise-le-silence-apres-avoir-ete-renvoye-de.jpg","type":"image\/jpeg"}],"author":"Hilmar","twitter_card":"summary_large_image","twitter_misc":{"\u00c9crit par":"Hilmar","Dur\u00e9e de lecture estim\u00e9e":"3 minutes"},"schema":{"@context":"https:\/\/schema.org","@graph":[{"@type":"Article","@id":"https:\/\/www.svalbard.fr\/actualites\/erling-haaland-brise-le-silence-apres-avoir-ete-renvoye-de-son-service-international\/#article","isPartOf":{"@id":"https:\/\/www.svalbard.fr\/actualites\/erling-haaland-brise-le-silence-apres-avoir-ete-renvoye-de-son-service-international\/"},"author":{"name":"Hilmar","@id":"https:\/\/www.svalbard.fr\/actualites\/#\/schema\/person\/a2f937d5712222366738fae98755c600"},"headline":"Erling Haaland brise le silence apr\u00e8s avoir \u00e9t\u00e9 renvoy\u00e9 de son service international","datePublished":"2025-10-14T09:50:09+00:00","dateModified":"2025-10-14T09:50:11+00:00","mainEntityOfPage":{"@id":"https:\/\/www.svalbard.fr\/actualites\/erling-haaland-brise-le-silence-apres-avoir-ete-renvoye-de-son-service-international\/"},"wordCount":594,"publisher":{"@id":"https:\/\/www.svalbard.fr\/actualites\/#organization"},"keywords":["apr\u00e8s","avoir","brise","Erling","\u00e9t\u00e9","Haaland","international","renvoy\u00e9","service","silence","son"],"inLanguage":"fr-FR"},{"@type":"WebPage","@id":"https:\/\/www.svalbard.fr\/actualites\/erling-haaland-brise-le-silence-apres-avoir-ete-renvoye-de-son-service-international\/","url":"https:\/\/www.svalbard.fr\/actualites\/erling-haaland-brise-le-silence-apres-avoir-ete-renvoye-de-son-service-international\/","name":"Erling Haaland brise le silence apr\u00e8s avoir \u00e9t\u00e9 renvoy\u00e9 de son service international","isPartOf":{"@id":"https:\/\/www.svalbard.fr\/actualites\/#website"},"datePublished":"2025-10-14T09:50:09+00:00","dateModified":"2025-10-14T09:50:11+00:00","breadcrumb":{"@id":"https:\/\/www.svalbard.fr\/actualites\/erling-haaland-brise-le-silence-apres-avoir-ete-renvoye-de-son-service-international\/#breadcrumb"},"inLanguage":"fr-FR","potentialAction":[{"@type":"ReadAction","target":["https:\/\/www.svalbard.fr\/actualites\/erling-haaland-brise-le-silence-apres-avoir-ete-renvoye-de-son-service-international\/"]}]},{"@type":"BreadcrumbList","@id":"https:\/\/www.svalbard.fr\/actualites\/erling-haaland-brise-le-silence-apres-avoir-ete-renvoye-de-son-service-international\/#breadcrumb","itemListElement":[{"@type":"ListItem","position":1,"name":"Accueil","item":"https:\/\/www.svalbard.fr\/actualites\/"},{"@type":"ListItem","position":2,"name":"Erling Haaland brise le silence apr\u00e8s avoir \u00e9t\u00e9 renvoy\u00e9 de son service international"}]},{"@type":"WebSite","@id":"https:\/\/www.svalbard.fr\/actualites\/#website","url":"https:\/\/www.svalbard.fr\/actualites\/","name":"www.Svalbard.fr","description":"","publisher":{"@id":"https:\/\/www.svalbard.fr\/actualites\/#organization"},"potentialAction":[{"@type":"SearchAction","target":{"@type":"EntryPoint","urlTemplate":"https:\/\/www.svalbard.fr\/actualites\/?s={search_term_string}"},"query-input":"required name=search_term_string"}],"inLanguage":"fr-FR"},{"@type":"Organization","@id":"https:\/\/www.svalbard.fr\/actualites\/#organization","name":"www.Svalbard.fr","url":"https:\/\/www.svalbard.fr\/actualites\/","logo":{"@type":"ImageObject","inLanguage":"fr-FR","@id":"https:\/\/www.svalbard.fr\/actualites\/#\/schema\/logo\/image\/","url":"https:\/\/www.svalbard.fr\/actualites\/wp-content\/uploads\/2023\/09\/head-nom.jpg","contentUrl":"https:\/\/www.svalbard.fr\/actualites\/wp-content\/uploads\/2023\/09\/head-nom.jpg","width":264,"height":35,"caption":"www.Svalbard.fr"},"image":{"@id":"https:\/\/www.svalbard.fr\/actualites\/#\/schema\/logo\/image\/"}},{"@type":"Person","@id":"https:\/\/www.svalbard.fr\/actualites\/#\/schema\/person\/a2f937d5712222366738fae98755c600","name":"Hilmar","image":{"@type":"ImageObject","inLanguage":"fr-FR","@id":"https:\/\/www.svalbard.fr\/actualites\/#\/schema\/person\/image\/","url":"https:\/\/secure.gravatar.com\/avatar\/4daa437093476dbc32da415c112b6512?s=96&d=mm&r=g","contentUrl":"https:\/\/secure.gravatar.com\/avatar\/4daa437093476dbc32da415c112b6512?s=96&d=mm&r=g","caption":"Hilmar"},"description":"Hilmar est un passionn\u00e9 des r\u00e9gions polaires, sp\u00e9cialis\u00e9 dans la r\u00e9daction d'articles sur le Spitzberg et autres destinations arctiques. Il apporte son expertise et sa passion pour l'Arctique au sein de l'\u00e9quipe de r\u00e9daction de Svalbard depuis de nombreuses ann\u00e9es.","sameAs":["https:\/\/www.svalbard.fr\/"]}]}},"_links":{"self":[{"href":"https:\/\/www.svalbard.fr\/actualites\/wp-json\/wp\/v2\/posts\/5021"}],"collection":[{"href":"https:\/\/www.svalbard.fr\/actualites\/wp-json\/wp\/v2\/posts"}],"about":[{"href":"https:\/\/www.svalbard.fr\/actualites\/wp-json\/wp\/v2\/types\/post"}],"author":[{"embeddable":true,"href":"https:\/\/www.svalbard.fr\/actualites\/wp-json\/wp\/v2\/users\/1"}],"replies":[{"embeddable":true,"href":"https:\/\/www.svalbard.fr\/actualites\/wp-json\/wp\/v2\/comments?post=5021"}],"version-history":[{"count":1,"href":"https:\/\/www.svalbard.fr\/actualites\/wp-json\/wp\/v2\/posts\/5021\/revisions"}],"predecessor-version":[{"id":5023,"href":"https:\/\/www.svalbard.fr\/actualites\/wp-json\/wp\/v2\/posts\/5021\/revisions\/5023"}],"wp:featuredmedia":[{"embeddable":true,"href":"https:\/\/www.svalbard.fr\/actualites\/wp-json\/wp\/v2\/media\/5022"}],"wp:attachment":[{"href":"https:\/\/www.svalbard.fr\/actualites\/wp-json\/wp\/v2\/media?parent=5021"}],"wp:term":[{"taxonomy":"category","embeddable":true,"href":"https:\/\/www.svalbard.fr\/actualites\/wp-json\/wp\/v2\/categories?post=5021"},{"taxonomy":"post_tag","embeddable":true,"href":"https:\/\/www.svalbard.fr\/actualites\/wp-json\/wp\/v2\/tags?post=5021"}],"curies":[{"name":"wp","href":"https:\/\/api.w.org\/{rel}","templated":true}]}}