{"id":5029,"date":"2025-10-20T15:11:02","date_gmt":"2025-10-20T13:11:02","guid":{"rendered":"https:\/\/www.svalbard.fr\/actualites\/dans-la-ville-la-plus-sombre-de-la-planete-qui-ne-voit-presque-jamais-le-soleil\/"},"modified":"2025-10-20T15:11:05","modified_gmt":"2025-10-20T13:11:05","slug":"dans-la-ville-la-plus-sombre-de-la-planete-qui-ne-voit-presque-jamais-le-soleil","status":"publish","type":"post","link":"https:\/\/www.svalbard.fr\/actualites\/dans-la-ville-la-plus-sombre-de-la-planete-qui-ne-voit-presque-jamais-le-soleil\/","title":{"rendered":"Dans la \u00ab ville la plus sombre \u00bb de la plan\u00e8te qui ne voit presque jamais le soleil"},"content":{"rendered":"<div>\n<p>\u00c0 deux heures et demie \u00e0 l\u2019ouest de la ville norv\u00e9gienne anim\u00e9e d\u2019Oslo se trouve une ville qui ne voit presque jamais le soleil. La ville de Rjukan est nich\u00e9e dans la vall\u00e9e entre deux imposantes montagnes, donc en hiver le soleil ne se l\u00e8ve jamais assez haut pour que les habitants le voient.<\/p>\n<p>Au lieu de cela, pendant la moiti\u00e9 de l\u2019ann\u00e9e, cette colonie est baign\u00e9e dans l\u2019ombre. Cependant, en 2013, la ville a trouv\u00e9 un moyen ing\u00e9nieux de leur apporter le soleil, et tout cela gr\u00e2ce aux miroirs. L&#39;histoire scientifique intelligente de Rjukan remonte \u00e0 1902, lorsque Sam Eyde acheta les chutes de Rjukan et r\u00e9ussit \u00e0 les transformer en barrage hydro\u00e9lectrique, cr\u00e9ant ainsi la plus grande centrale \u00e9lectrique du monde \u00e0 l&#39;\u00e9poque.<\/p>\n<\/div>\n<div>\n<p>Cependant, m\u00eame \u00e0 l&#39;\u00e9poque d&#39;Eyde, la ville \u00e9tait plong\u00e9e dans l&#39;obscurit\u00e9 pendant la moiti\u00e9 de l&#39;ann\u00e9e.<\/p>\n<p>Cela est rest\u00e9 le cas jusqu\u2019en 2013, lorsqu\u2019une autre avanc\u00e9e scientifique a amen\u00e9 le soleil \u00e0 Rjukan. Les visiteurs de la ville qui regardent vers les montagnes pourront peut-\u00eatre apercevoir trois gigantesques miroirs contr\u00f4l\u00e9s par des ordinateurs et aliment\u00e9s par le soleil. Ces miroirs suivent le soleil dans le ciel et projettent la lumi\u00e8re des sommets des montagnes vers la place de la ville.   <\/p>\n<p>Cette innovation \u00e9tonnante est l\u2019\u0153uvre de l\u2019artiste Martin Andersen. Il a d\u00e9m\u00e9nag\u00e9 \u00e0 Rjukan en 2001 et a d\u00e9clar\u00e9 au Guardian que l&#39;id\u00e9e des miroirs lui est venue alors qu&#39;il emmenait son jeune enfant se promener et qu&#39;il s&#39;est rendu compte qu&#39;\u00e0 mesure que l&#39;hiver approchait, il devrait marcher de plus en plus loin dans la vall\u00e9e pour trouver le soleil.<\/p>\n<p>Il a dit <span style=\"box-sizing: border-box; margin: 0px; padding: 0px;\">Le gardien<\/span> en 2013 : \u00ab Nous levions les yeux et voyions le ciel bleu au-dessus et le soleil haut sur les pentes des montagnes, mais la seule fa\u00e7on d&#39;y acc\u00e9der \u00e9tait de sortir de la ville. Plus le jour \u00e9tait clair, plus il faisait sombre ici. Et c&#39;est triste, une ville que les gens doivent quitter pour sentir le soleil.<\/p>\n<\/div>\n<div>\n<p>Eyde a th\u00e9oris\u00e9 ce plan au XXe si\u00e8cle, mais il ne disposait pas de la technologie n\u00e9cessaire pour en faire une r\u00e9alit\u00e9. Il a cependant cr\u00e9\u00e9 une t\u00e9l\u00e9cabine sur la montagne qui emm\u00e8nerait les citadins au soleil. Cependant, cette t\u00e9l\u00e9cabine a \u00e9t\u00e9 ferm\u00e9e en 2024 en raison de d\u00e9fauts d&#39;entretien et ne devrait pas rouvrir avant 2028.<\/p>\n<p>Sans pouvoir acc\u00e9der facilement \u00e0 la lumi\u00e8re du soleil sur les montagnes, c&#39;est une bonne chose que les miroirs fournissent ce qu&#39;ils font. <\/p>\n<p>Bien que les miroirs n&#39;\u00e9clairent qu&#39;une petite partie de la place de la ville pendant une petite partie de la journ\u00e9e, ils se sont r\u00e9v\u00e9l\u00e9s extr\u00eamement populaires aupr\u00e8s des habitants de Rjukan. Au c\u0153ur de l\u2019hiver, ils se ruent vers le petit coin de lumi\u00e8re et profitent des bienfaits du soleil, m\u00eame s\u2019il se refl\u00e8te. <\/p>\n<\/div>\n","protected":false},"excerpt":{"rendered":"<p>\u00c0 deux heures et demie \u00e0 l\u2019ouest de la ville norv\u00e9gienne anim\u00e9e d\u2019Oslo se trouve une ville qui ne voit presque jamais le soleil. La<\/p>\n","protected":false},"author":1,"featured_media":5030,"comment_status":"closed","ping_status":"","sticky":false,"template":"","format":"standard","meta":{"footnotes":""},"categories":[2277],"tags":[54,1436,107,440,104,44,587,103,5237],"yoast_head":"<!-- This site is optimized with the Yoast SEO plugin v21.0 - https:\/\/yoast.com\/wordpress\/plugins\/seo\/ -->\n<title>Dans la \u00ab ville la plus sombre \u00bb de la plan\u00e8te qui ne voit presque jamais le soleil<\/title>\n<meta name=\"robots\" content=\"index, follow, max-snippet:-1, max-image-preview:large, max-video-preview:-1\" \/>\n<link rel=\"canonical\" href=\"https:\/\/www.svalbard.fr\/actualites\/dans-la-ville-la-plus-sombre-de-la-planete-qui-ne-voit-presque-jamais-le-soleil\/\" \/>\n<meta property=\"og:locale\" content=\"fr_FR\" \/>\n<meta property=\"og:type\" content=\"article\" \/>\n<meta property=\"og:title\" content=\"Dans la \u00ab ville la plus sombre \u00bb de la plan\u00e8te qui ne voit presque jamais le soleil\" \/>\n<meta property=\"og:description\" content=\"\u00c0 deux heures et demie \u00e0 l\u2019ouest de la ville norv\u00e9gienne anim\u00e9e d\u2019Oslo se trouve une ville qui ne voit presque jamais le soleil. La\" \/>\n<meta property=\"og:url\" content=\"https:\/\/www.svalbard.fr\/actualites\/dans-la-ville-la-plus-sombre-de-la-planete-qui-ne-voit-presque-jamais-le-soleil\/\" \/>\n<meta property=\"og:site_name\" content=\"www.Svalbard.fr\" \/>\n<meta property=\"article:published_time\" content=\"2025-10-20T13:11:02+00:00\" \/>\n<meta property=\"article:modified_time\" content=\"2025-10-20T13:11:05+00:00\" \/>\n<meta property=\"og:image\" content=\"https:\/\/www.svalbard.fr\/actualites\/wp-content\/uploads\/2025\/10\/Dans-la-ville-la-plus-sombre-de-la.jpg\" \/>\n\t<meta property=\"og:image:width\" content=\"1200\" \/>\n\t<meta property=\"og:image:height\" content=\"630\" \/>\n\t<meta property=\"og:image:type\" content=\"image\/jpeg\" \/>\n<meta name=\"author\" content=\"Hilmar\" \/>\n<meta name=\"twitter:card\" content=\"summary_large_image\" \/>\n<meta name=\"twitter:label1\" content=\"\u00c9crit par\" \/>\n\t<meta name=\"twitter:data1\" content=\"Hilmar\" \/>\n\t<meta name=\"twitter:label2\" content=\"Dur\u00e9e de lecture estim\u00e9e\" \/>\n\t<meta name=\"twitter:data2\" content=\"3 minutes\" \/>\n<script type=\"application\/ld+json\" class=\"yoast-schema-graph\">{\"@context\":\"https:\/\/schema.org\",\"@graph\":[{\"@type\":\"Article\",\"@id\":\"https:\/\/www.svalbard.fr\/actualites\/dans-la-ville-la-plus-sombre-de-la-planete-qui-ne-voit-presque-jamais-le-soleil\/#article\",\"isPartOf\":{\"@id\":\"https:\/\/www.svalbard.fr\/actualites\/dans-la-ville-la-plus-sombre-de-la-planete-qui-ne-voit-presque-jamais-le-soleil\/\"},\"author\":{\"name\":\"Hilmar\",\"@id\":\"https:\/\/www.svalbard.fr\/actualites\/#\/schema\/person\/a2f937d5712222366738fae98755c600\"},\"headline\":\"Dans la \u00ab ville la plus sombre \u00bb de la plan\u00e8te qui ne voit presque jamais le soleil\",\"datePublished\":\"2025-10-20T13:11:02+00:00\",\"dateModified\":\"2025-10-20T13:11:05+00:00\",\"mainEntityOfPage\":{\"@id\":\"https:\/\/www.svalbard.fr\/actualites\/dans-la-ville-la-plus-sombre-de-la-planete-qui-ne-voit-presque-jamais-le-soleil\/\"},\"wordCount\":543,\"publisher\":{\"@id\":\"https:\/\/www.svalbard.fr\/actualites\/#organization\"},\"keywords\":[\"dans\",\"jamais\",\"plan\u00e8te\",\"presque\",\"qui\",\"soleil\",\"Sombre\",\"ville\",\"voit\"],\"inLanguage\":\"fr-FR\"},{\"@type\":\"WebPage\",\"@id\":\"https:\/\/www.svalbard.fr\/actualites\/dans-la-ville-la-plus-sombre-de-la-planete-qui-ne-voit-presque-jamais-le-soleil\/\",\"url\":\"https:\/\/www.svalbard.fr\/actualites\/dans-la-ville-la-plus-sombre-de-la-planete-qui-ne-voit-presque-jamais-le-soleil\/\",\"name\":\"Dans la \u00ab ville la plus sombre \u00bb de la plan\u00e8te qui ne voit presque jamais le soleil\",\"isPartOf\":{\"@id\":\"https:\/\/www.svalbard.fr\/actualites\/#website\"},\"datePublished\":\"2025-10-20T13:11:02+00:00\",\"dateModified\":\"2025-10-20T13:11:05+00:00\",\"breadcrumb\":{\"@id\":\"https:\/\/www.svalbard.fr\/actualites\/dans-la-ville-la-plus-sombre-de-la-planete-qui-ne-voit-presque-jamais-le-soleil\/#breadcrumb\"},\"inLanguage\":\"fr-FR\",\"potentialAction\":[{\"@type\":\"ReadAction\",\"target\":[\"https:\/\/www.svalbard.fr\/actualites\/dans-la-ville-la-plus-sombre-de-la-planete-qui-ne-voit-presque-jamais-le-soleil\/\"]}]},{\"@type\":\"BreadcrumbList\",\"@id\":\"https:\/\/www.svalbard.fr\/actualites\/dans-la-ville-la-plus-sombre-de-la-planete-qui-ne-voit-presque-jamais-le-soleil\/#breadcrumb\",\"itemListElement\":[{\"@type\":\"ListItem\",\"position\":1,\"name\":\"Accueil\",\"item\":\"https:\/\/www.svalbard.fr\/actualites\/\"},{\"@type\":\"ListItem\",\"position\":2,\"name\":\"Dans la \u00ab ville la plus sombre \u00bb de la plan\u00e8te qui ne voit presque jamais le soleil\"}]},{\"@type\":\"WebSite\",\"@id\":\"https:\/\/www.svalbard.fr\/actualites\/#website\",\"url\":\"https:\/\/www.svalbard.fr\/actualites\/\",\"name\":\"www.Svalbard.fr\",\"description\":\"\",\"publisher\":{\"@id\":\"https:\/\/www.svalbard.fr\/actualites\/#organization\"},\"potentialAction\":[{\"@type\":\"SearchAction\",\"target\":{\"@type\":\"EntryPoint\",\"urlTemplate\":\"https:\/\/www.svalbard.fr\/actualites\/?s={search_term_string}\"},\"query-input\":\"required name=search_term_string\"}],\"inLanguage\":\"fr-FR\"},{\"@type\":\"Organization\",\"@id\":\"https:\/\/www.svalbard.fr\/actualites\/#organization\",\"name\":\"www.Svalbard.fr\",\"url\":\"https:\/\/www.svalbard.fr\/actualites\/\",\"logo\":{\"@type\":\"ImageObject\",\"inLanguage\":\"fr-FR\",\"@id\":\"https:\/\/www.svalbard.fr\/actualites\/#\/schema\/logo\/image\/\",\"url\":\"https:\/\/www.svalbard.fr\/actualites\/wp-content\/uploads\/2023\/09\/head-nom.jpg\",\"contentUrl\":\"https:\/\/www.svalbard.fr\/actualites\/wp-content\/uploads\/2023\/09\/head-nom.jpg\",\"width\":264,\"height\":35,\"caption\":\"www.Svalbard.fr\"},\"image\":{\"@id\":\"https:\/\/www.svalbard.fr\/actualites\/#\/schema\/logo\/image\/\"}},{\"@type\":\"Person\",\"@id\":\"https:\/\/www.svalbard.fr\/actualites\/#\/schema\/person\/a2f937d5712222366738fae98755c600\",\"name\":\"Hilmar\",\"image\":{\"@type\":\"ImageObject\",\"inLanguage\":\"fr-FR\",\"@id\":\"https:\/\/www.svalbard.fr\/actualites\/#\/schema\/person\/image\/\",\"url\":\"https:\/\/secure.gravatar.com\/avatar\/4daa437093476dbc32da415c112b6512?s=96&d=mm&r=g\",\"contentUrl\":\"https:\/\/secure.gravatar.com\/avatar\/4daa437093476dbc32da415c112b6512?s=96&d=mm&r=g\",\"caption\":\"Hilmar\"},\"description\":\"Hilmar est un passionn\u00e9 des r\u00e9gions polaires, sp\u00e9cialis\u00e9 dans la r\u00e9daction d'articles sur le Spitzberg et autres destinations arctiques. Il apporte son expertise et sa passion pour l'Arctique au sein de l'\u00e9quipe de r\u00e9daction de Svalbard depuis de nombreuses ann\u00e9es.\",\"sameAs\":[\"https:\/\/www.svalbard.fr\/\"]}]}<\/script>\n<!-- \/ Yoast SEO plugin. -->","yoast_head_json":{"title":"Dans la \u00ab ville la plus sombre \u00bb de la plan\u00e8te qui ne voit presque jamais le soleil","robots":{"index":"index","follow":"follow","max-snippet":"max-snippet:-1","max-image-preview":"max-image-preview:large","max-video-preview":"max-video-preview:-1"},"canonical":"https:\/\/www.svalbard.fr\/actualites\/dans-la-ville-la-plus-sombre-de-la-planete-qui-ne-voit-presque-jamais-le-soleil\/","og_locale":"fr_FR","og_type":"article","og_title":"Dans la \u00ab ville la plus sombre \u00bb de la plan\u00e8te qui ne voit presque jamais le soleil","og_description":"\u00c0 deux heures et demie \u00e0 l\u2019ouest de la ville norv\u00e9gienne anim\u00e9e d\u2019Oslo se trouve une ville qui ne voit presque jamais le soleil. La","og_url":"https:\/\/www.svalbard.fr\/actualites\/dans-la-ville-la-plus-sombre-de-la-planete-qui-ne-voit-presque-jamais-le-soleil\/","og_site_name":"www.Svalbard.fr","article_published_time":"2025-10-20T13:11:02+00:00","article_modified_time":"2025-10-20T13:11:05+00:00","og_image":[{"width":1200,"height":630,"url":"https:\/\/www.svalbard.fr\/actualites\/wp-content\/uploads\/2025\/10\/Dans-la-ville-la-plus-sombre-de-la.jpg","type":"image\/jpeg"}],"author":"Hilmar","twitter_card":"summary_large_image","twitter_misc":{"\u00c9crit par":"Hilmar","Dur\u00e9e de lecture estim\u00e9e":"3 minutes"},"schema":{"@context":"https:\/\/schema.org","@graph":[{"@type":"Article","@id":"https:\/\/www.svalbard.fr\/actualites\/dans-la-ville-la-plus-sombre-de-la-planete-qui-ne-voit-presque-jamais-le-soleil\/#article","isPartOf":{"@id":"https:\/\/www.svalbard.fr\/actualites\/dans-la-ville-la-plus-sombre-de-la-planete-qui-ne-voit-presque-jamais-le-soleil\/"},"author":{"name":"Hilmar","@id":"https:\/\/www.svalbard.fr\/actualites\/#\/schema\/person\/a2f937d5712222366738fae98755c600"},"headline":"Dans la \u00ab ville la plus sombre \u00bb de la plan\u00e8te qui ne voit presque jamais le soleil","datePublished":"2025-10-20T13:11:02+00:00","dateModified":"2025-10-20T13:11:05+00:00","mainEntityOfPage":{"@id":"https:\/\/www.svalbard.fr\/actualites\/dans-la-ville-la-plus-sombre-de-la-planete-qui-ne-voit-presque-jamais-le-soleil\/"},"wordCount":543,"publisher":{"@id":"https:\/\/www.svalbard.fr\/actualites\/#organization"},"keywords":["dans","jamais","plan\u00e8te","presque","qui","soleil","Sombre","ville","voit"],"inLanguage":"fr-FR"},{"@type":"WebPage","@id":"https:\/\/www.svalbard.fr\/actualites\/dans-la-ville-la-plus-sombre-de-la-planete-qui-ne-voit-presque-jamais-le-soleil\/","url":"https:\/\/www.svalbard.fr\/actualites\/dans-la-ville-la-plus-sombre-de-la-planete-qui-ne-voit-presque-jamais-le-soleil\/","name":"Dans la \u00ab ville la plus sombre \u00bb de la plan\u00e8te qui ne voit presque jamais le soleil","isPartOf":{"@id":"https:\/\/www.svalbard.fr\/actualites\/#website"},"datePublished":"2025-10-20T13:11:02+00:00","dateModified":"2025-10-20T13:11:05+00:00","breadcrumb":{"@id":"https:\/\/www.svalbard.fr\/actualites\/dans-la-ville-la-plus-sombre-de-la-planete-qui-ne-voit-presque-jamais-le-soleil\/#breadcrumb"},"inLanguage":"fr-FR","potentialAction":[{"@type":"ReadAction","target":["https:\/\/www.svalbard.fr\/actualites\/dans-la-ville-la-plus-sombre-de-la-planete-qui-ne-voit-presque-jamais-le-soleil\/"]}]},{"@type":"BreadcrumbList","@id":"https:\/\/www.svalbard.fr\/actualites\/dans-la-ville-la-plus-sombre-de-la-planete-qui-ne-voit-presque-jamais-le-soleil\/#breadcrumb","itemListElement":[{"@type":"ListItem","position":1,"name":"Accueil","item":"https:\/\/www.svalbard.fr\/actualites\/"},{"@type":"ListItem","position":2,"name":"Dans la \u00ab ville la plus sombre \u00bb de la plan\u00e8te qui ne voit presque jamais le soleil"}]},{"@type":"WebSite","@id":"https:\/\/www.svalbard.fr\/actualites\/#website","url":"https:\/\/www.svalbard.fr\/actualites\/","name":"www.Svalbard.fr","description":"","publisher":{"@id":"https:\/\/www.svalbard.fr\/actualites\/#organization"},"potentialAction":[{"@type":"SearchAction","target":{"@type":"EntryPoint","urlTemplate":"https:\/\/www.svalbard.fr\/actualites\/?s={search_term_string}"},"query-input":"required name=search_term_string"}],"inLanguage":"fr-FR"},{"@type":"Organization","@id":"https:\/\/www.svalbard.fr\/actualites\/#organization","name":"www.Svalbard.fr","url":"https:\/\/www.svalbard.fr\/actualites\/","logo":{"@type":"ImageObject","inLanguage":"fr-FR","@id":"https:\/\/www.svalbard.fr\/actualites\/#\/schema\/logo\/image\/","url":"https:\/\/www.svalbard.fr\/actualites\/wp-content\/uploads\/2023\/09\/head-nom.jpg","contentUrl":"https:\/\/www.svalbard.fr\/actualites\/wp-content\/uploads\/2023\/09\/head-nom.jpg","width":264,"height":35,"caption":"www.Svalbard.fr"},"image":{"@id":"https:\/\/www.svalbard.fr\/actualites\/#\/schema\/logo\/image\/"}},{"@type":"Person","@id":"https:\/\/www.svalbard.fr\/actualites\/#\/schema\/person\/a2f937d5712222366738fae98755c600","name":"Hilmar","image":{"@type":"ImageObject","inLanguage":"fr-FR","@id":"https:\/\/www.svalbard.fr\/actualites\/#\/schema\/person\/image\/","url":"https:\/\/secure.gravatar.com\/avatar\/4daa437093476dbc32da415c112b6512?s=96&d=mm&r=g","contentUrl":"https:\/\/secure.gravatar.com\/avatar\/4daa437093476dbc32da415c112b6512?s=96&d=mm&r=g","caption":"Hilmar"},"description":"Hilmar est un passionn\u00e9 des r\u00e9gions polaires, sp\u00e9cialis\u00e9 dans la r\u00e9daction d'articles sur le Spitzberg et autres destinations arctiques. Il apporte son expertise et sa passion pour l'Arctique au sein de l'\u00e9quipe de r\u00e9daction de Svalbard depuis de nombreuses ann\u00e9es.","sameAs":["https:\/\/www.svalbard.fr\/"]}]}},"_links":{"self":[{"href":"https:\/\/www.svalbard.fr\/actualites\/wp-json\/wp\/v2\/posts\/5029"}],"collection":[{"href":"https:\/\/www.svalbard.fr\/actualites\/wp-json\/wp\/v2\/posts"}],"about":[{"href":"https:\/\/www.svalbard.fr\/actualites\/wp-json\/wp\/v2\/types\/post"}],"author":[{"embeddable":true,"href":"https:\/\/www.svalbard.fr\/actualites\/wp-json\/wp\/v2\/users\/1"}],"replies":[{"embeddable":true,"href":"https:\/\/www.svalbard.fr\/actualites\/wp-json\/wp\/v2\/comments?post=5029"}],"version-history":[{"count":1,"href":"https:\/\/www.svalbard.fr\/actualites\/wp-json\/wp\/v2\/posts\/5029\/revisions"}],"predecessor-version":[{"id":5031,"href":"https:\/\/www.svalbard.fr\/actualites\/wp-json\/wp\/v2\/posts\/5029\/revisions\/5031"}],"wp:featuredmedia":[{"embeddable":true,"href":"https:\/\/www.svalbard.fr\/actualites\/wp-json\/wp\/v2\/media\/5030"}],"wp:attachment":[{"href":"https:\/\/www.svalbard.fr\/actualites\/wp-json\/wp\/v2\/media?parent=5029"}],"wp:term":[{"taxonomy":"category","embeddable":true,"href":"https:\/\/www.svalbard.fr\/actualites\/wp-json\/wp\/v2\/categories?post=5029"},{"taxonomy":"post_tag","embeddable":true,"href":"https:\/\/www.svalbard.fr\/actualites\/wp-json\/wp\/v2\/tags?post=5029"}],"curies":[{"name":"wp","href":"https:\/\/api.w.org\/{rel}","templated":true}]}}