{"id":5040,"date":"2025-10-24T12:27:25","date_gmt":"2025-10-24T10:27:25","guid":{"rendered":"https:\/\/www.svalbard.fr\/actualites\/lhistoire-de-draugen-lesprit-marin-obsedant-de-la-norvege\/"},"modified":"2025-10-24T12:27:25","modified_gmt":"2025-10-24T10:27:25","slug":"lhistoire-de-draugen-lesprit-marin-obsedant-de-la-norvege","status":"publish","type":"post","link":"https:\/\/www.svalbard.fr\/actualites\/lhistoire-de-draugen-lesprit-marin-obsedant-de-la-norvege\/","title":{"rendered":"L&#39;histoire de \u00ab\u00a0Draugen\u00a0\u00bb, l&#39;esprit marin obs\u00e9dant de la Norv\u00e8ge"},"content":{"rendered":"<div itemprop=\"text\">\n\t\t\t<span id=\"dpsp-post-content-markup\" data-image-pin-it=\"false\"><\/span><\/p>\n<p class=\"intro\">Tous les contes populaires norv\u00e9giens ne sont pas des histoires amicales de trolls se transformant en pierre ou de gnomes remuant du porridge dans des cabanes foresti\u00e8res. Certains contes sont plus sombres. Beaucoup plus sombre.<\/p>\n<p>Le long des c\u00f4tes brumeuses du littoral accident\u00e9 de la Norv\u00e8ge, une \u00e9trange l\u00e9gende persiste encore. Il parle du Draug, une figure fantomatique vou\u00e9e \u00e0 hanter la mer, li\u00e9e \u00e0 jamais aux nuits de temp\u00eate, aux naufrages et aux \u00e2mes perdues.<\/p>\n<figure class=\"wp-block-image size-large\"><img data-lazyloaded=\"1\" data-placeholder-resp=\"768x432\" fetchpriority=\"high\" decoding=\"async\" width=\"768\" height=\"432\" src=\"https:\/\/www.svalbard.fr\/actualites\/wp-content\/uploads\/2025\/10\/L39histoire-de-Draugen-l39esprit-marin-obsedant-de-la-Norvege.jpg\" alt=\"Repr\u00e9sentation c\u00e9l\u00e8bre de \u00ab Draugen \u00bb par Theodor Kittelsen.\" class=\"wp-image-84976\"  data-><noscript><img fetchpriority=\"high\" decoding=\"async\" width=\"768\" height=\"432\" src=\"https:\/\/www.svalbard.fr\/actualites\/wp-content\/uploads\/2025\/10\/L39histoire-de-Draugen-l39esprit-marin-obsedant-de-la-Norvege.jpg\" alt=\"Repr\u00e9sentation c\u00e9l\u00e8bre de \u00ab Draugen \u00bb par Theodor Kittelsen.\" class=\"wp-image-84976\"  ><\/noscript><\/figure>\n<p>Bien avant les gilets de sauvetage, les syst\u00e8mes de navigation ou les pr\u00e9visions fiables, la mer \u00e9tait une force \u00e0 la fois g\u00e9n\u00e9reuse et terrifiante. Pour les communaut\u00e9s c\u00f4ti\u00e8res de Norv\u00e8ge, l&#39;oc\u00e9an offrait de la nourriture, du commerce et des voyages, mais il co\u00fbtait \u00e9galement des vies sans avertissement.<\/p>\n<p>Dans ce contexte, il n&#39;est pas surprenant que des histoires de marins maudits et d&#39;esprits marins vengeurs aient \u00e9merg\u00e9 pour combler les vides laiss\u00e9s par le chagrin, la peur et l&#39;inexpliqu\u00e9. L&#39;un de ces esprits \u00e9tait le Draug.<\/p>\n<h2 class=\"wp-block-heading\">Qui ou quoi est le Draug ?<\/h2>\n<p>Le Draug, appel\u00e9 <strong>Draugen<\/strong> en norv\u00e9gien, est une cr\u00e9ature du folklore norv\u00e9gien qui serait l&#39;esprit agit\u00e9 d&#39;un marin noy\u00e9.<\/p>\n<p>Bien que le terme ait des racines en vieux norrois, o\u00f9 <em>Draugr<\/em> fait r\u00e9f\u00e9rence \u00e0 toute sorte d&#39;\u00eatre mort-vivant, en Norv\u00e8ge, la l\u00e9gende a \u00e9volu\u00e9 vers quelque chose de plus sp\u00e9cifique : un fant\u00f4me de la mer.<\/p>\n<p>Les descriptions du Draug varient selon l&#39;endroit o\u00f9 vous vous trouvez dans le pays, mais certains d\u00e9tails restent remarquablement coh\u00e9rents.<\/p>\n<p>La cr\u00e9ature est g\u00e9n\u00e9ralement imagin\u00e9e comme une figure en d\u00e9composition, ressemblant \u00e0 un cadavre, gonfl\u00e9e par l&#39;eau de mer, avec des algues accroch\u00e9es \u00e0 ses cheveux et \u00e0 sa barbe emm\u00eal\u00e9s. Sa peau est d&#39;une p\u00e2leur mortelle ou teint\u00e9e de vert et de gris, comme s&#39;il n&#39;avait jamais vu la lumi\u00e8re du soleil.<\/p>\n<p>Dans certains contes, il rame un demi-bateau (juste la proue) \u00e0 travers le brouillard, le craquement des rames et ses g\u00e9missements en \u00e9cho semant la peur chez tous ceux qui les entendent.<\/p>\n<p>Partout o\u00f9 il appara\u00eet, le Draug est un signe avant-coureur de malheur. On dit qu\u2019en rep\u00e9rer un pr\u00e9sage un naufrage ou la mort d\u2019un p\u00eacheur. Dans certaines histoires, il cherche activement \u00e0 couler des bateaux, incitant les vivants \u00e0 le rejoindre sous les vagues.<\/p>\n<h2 class=\"wp-block-heading\">Une cr\u00e9ature n\u00e9e de la mer<\/h2>\n<p>Ce qui fait du Draug l\u2019une des figures les plus puissantes et les plus durables de la l\u00e9gende norv\u00e9gienne, c\u2019est son lien intime avec la mer. Alors que les trolls et autres \u00eatres mythiques sont li\u00e9s aux for\u00eats et aux montagnes, le Draug appartient \u00e0 l&#39;eau sal\u00e9e, aux temp\u00eates et aux naufrages.<\/p>\n<figure class=\"wp-block-image size-full\"><img loading=\"lazy\" data-lazyloaded=\"1\" data-placeholder-resp=\"780x494\" decoding=\"async\" width=\"780\" height=\"494\" src=\"https:\/\/www.svalbard.fr\/actualites\/wp-content\/uploads\/2025\/10\/1761301645_693_L39histoire-de-Draugen-l39esprit-marin-obsedant-de-la-Norvege.jpg\" alt=\"Naufrages \u00e0 Svalbard, Norv\u00e8ge\" class=\"wp-image-25169\"  data-><noscript><img loading=\"lazy\" decoding=\"async\" width=\"780\" height=\"494\" src=\"https:\/\/www.svalbard.fr\/actualites\/wp-content\/uploads\/2025\/10\/1761301645_693_L39histoire-de-Draugen-l39esprit-marin-obsedant-de-la-Norvege.jpg\" alt=\"Naufrages \u00e0 Svalbard, Norv\u00e8ge\" class=\"wp-image-25169\"  ><\/noscript><\/figure>\n<p>Ce n&#39;est pas une co\u00efncidence si les r\u00e9cits les plus marquants de Draug proviennent des communaut\u00e9s c\u00f4ti\u00e8res du nord, o\u00f9 la p\u00eache n&#39;\u00e9tait pas seulement un travail mais une bou\u00e9e de sauvetage \u2013 et dangereuse en plus.<\/p>\n<p>Ces communaut\u00e9s vivaient avec le risque constant de se noyer. Une rafale soudaine, un r\u00e9cif invisible ou m\u00eame une erreur de jugement pourraient signifier la mort. Sans technologie moderne, les gens se sont tourn\u00e9s vers le folklore pour expliquer l\u2019inexplicable.<\/p>\n<p>Pourquoi un bateau est-il rentr\u00e9 chez lui tandis qu\u2019un autre a disparu sans laisser de trace ? Peut-\u00eatre que le Draug l&#39;avait revendiqu\u00e9.<\/p>\n<p>La figure du Draug est devenue non seulement un symbole de danger et de mort, mais aussi un avertissement. Dans certaines versions de la l\u00e9gende, il s&#39;agit du fant\u00f4me d&#39;un marin qui a agi de mani\u00e8re \u00e9go\u00efste ou malveillante dans la vie.<\/p>\n<p>Cela a transform\u00e9 l&#39;histoire en une sorte de fable morale : ceux qui meurent en mer sans se repentir peuvent ne pas trouver la paix et peuvent plut\u00f4t revenir faire des ravages sur les autres.<\/p>\n<h2 class=\"wp-block-heading\">La cr\u00e9ation effrayante de Kittelsen<\/h2>\n<p>L&#39;artiste du d\u00e9but du XXe si\u00e8cle, Theodor Kittelsen, a fait plus que n&#39;importe quel conteur pour donner vie au Draug, du moins visuellement. Son illustration obs\u00e9dante <em>Draugen<\/em>cr\u00e9\u00e9e en 1900, reste l&#39;une des repr\u00e9sentations les plus embl\u00e9matiques de la cr\u00e9ature.<\/p>\n<p>Sur l&#39;image, le Draug surgit d&#39;une mer au clair de lune, son visage squelettique, ses cheveux en bataille et son bateau \u00e0 moiti\u00e9 submerg\u00e9. Il y a une folie dans ses yeux et un silence dans l&#39;eau qui l&#39;entoure.<\/p>\n<p>La composition est d\u00e9lib\u00e9r\u00e9ment troublante, exploitant cette peur ancienne et primordiale des choses qui se cachent juste hors de vue.<\/p>\n<p>Les \u0153uvres de Kittelsen faisaient partie d&#39;un mouvement nationaliste romantique plus large en Norv\u00e8ge, qui cherchait \u00e0 pr\u00e9server et \u00e0 \u00e9lever les traditions folkloriques du pays. Aujourd&#39;hui, son dessin du Draug est largement reconnu, m\u00eame si de nombreux Norv\u00e9giens ne connaissent plus toute l&#39;histoire qui se cache derri\u00e8re cette image.<\/p>\n<h2 class=\"wp-block-heading\">Apparences modernes et h\u00e9ritage culturel<\/h2>\n<p>M\u00eame si la croyance au Draug a disparu de la vie quotidienne, la l\u00e9gende continue de r\u00e9sonner dans toute la culture norv\u00e9gienne.<\/p>\n<figure class=\"wp-block-image size-large\"><img loading=\"lazy\" data-lazyloaded=\"1\" data-placeholder-resp=\"768x432\" decoding=\"async\" width=\"768\" height=\"432\" src=\"https:\/\/www.svalbard.fr\/actualites\/wp-content\/uploads\/2025\/10\/1761301645_756_L39histoire-de-Draugen-l39esprit-marin-obsedant-de-la-Norvege.jpg\" alt=\"Une illustration de Draugen, l\u2019esprit marin obs\u00e9dant de la Norv\u00e8ge.\" class=\"wp-image-84658\"  data-><noscript><img loading=\"lazy\" decoding=\"async\" width=\"768\" height=\"432\" src=\"https:\/\/www.svalbard.fr\/actualites\/wp-content\/uploads\/2025\/10\/1761301645_756_L39histoire-de-Draugen-l39esprit-marin-obsedant-de-la-Norvege.jpg\" alt=\"Une illustration de Draugen, l\u2019esprit marin obs\u00e9dant de la Norv\u00e8ge.\" class=\"wp-image-84658\"  ><\/noscript><\/figure>\n<p>Il appara\u00eet dans la litt\u00e9rature, depuis les livres pour enfants jusqu&#39;aux romans contemporains plus sombres, o\u00f9 les auteurs s&#39;appuient sur le folklore du pays pour cr\u00e9er une atmosph\u00e8re et un myst\u00e8re.<\/p>\n<p>En gaming, l&#39;aventure psychologique 2019 <em>Draugen<\/em>qui se d\u00e9roule dans la Norv\u00e8ge des ann\u00e9es 1920, emprunte beaucoup au mythe pour cr\u00e9er une atmosph\u00e8re troublante d&#39;isolement et de perte.<\/p>\n<p>Le Draug fait \u00e9galement surface dans des endroits plus inattendus. Les armoiries municipales de B\u00f8 dans le Nordland repr\u00e9sentent un demi-bateau stylis\u00e9 avec un m\u00e2t et une voile carr\u00e9e. C&#39;est une image directement inspir\u00e9e du vaisseau fantomatique du Draug.<\/p>\n<p>Si le dessin symbolise \u00e9galement le lien profond de la r\u00e9gion avec la p\u00eache et la mer, son lien avec le folklore montre \u00e0 quel point ces l\u00e9gendes continuent d&#39;influencer l&#39;identit\u00e9 et le symbolisme locaux.<\/p>\n<p>Dans les r\u00e9gions c\u00f4ti\u00e8res comme Helgeland, Lofoten et Vester\u00e5len, le Draug reste un incontournable du r\u00e9cit oral. Les mus\u00e9es et les centres culturels de ces r\u00e9gions pr\u00e9servent souvent les contes, non pas par peur mais comme un moyen d&#39;honorer les traditions narratives des g\u00e9n\u00e9rations pass\u00e9es.<\/p>\n<p>Et m\u00eame aujourd&#39;hui, dans le silence brumeux des villages de p\u00eacheurs isol\u00e9s de Norv\u00e8ge, vous pourriez entendre quelqu&#39;un se souvenir d&#39;un bruit \u00e9trange provenant du vent ou d&#39;une forme \u00e9trange aper\u00e7ue sous les vagues. Qu\u2019elle soit destin\u00e9e \u00e0 divertir ou \u00e0 avertir, l\u2019histoire perdure.<\/p>\n<h2 class=\"wp-block-heading\">Pourquoi Draugen compte toujours<\/h2>\n<p>Le Draug est une l\u00e9gende n\u00e9e non seulement d&#39;une superstition, mais aussi d&#39;une exp\u00e9rience v\u00e9cue. Dans un pays o\u00f9 la nature a toujours exig\u00e9 le respect, le Draug incarne cet avertissement.<\/p>\n<p>Cela nous rappelle que la mer est puissante, impr\u00e9visible et qu\u2019il ne faut pas la prendre \u00e0 la l\u00e9g\u00e8re.<\/p>\n<p>Cela nous rappelle \u00e9galement le co\u00fbt humain de la vie sur la c\u00f4te. Chaque famille qui a perdu quelqu\u2019un dans la mer comprend le genre de chagrin qui cr\u00e9e les l\u00e9gendes. Le Draug est, \u00e0 bien des \u00e9gards, l\u2019incarnation du deuil. C&#39;est un personnage qui ne peut pas se reposer, car ceux qui restent ne peuvent pas oublier.<\/p>\n<p>Pour les visiteurs en Norv\u00e8ge, la l\u00e9gende du Draug t\u00e9moigne des difficult\u00e9s et des peurs des g\u00e9n\u00e9rations pass\u00e9es, mais elle refl\u00e8te \u00e9galement la crainte que les Norv\u00e9giens ressentent encore envers leur environnement naturel spectaculaire.<\/p>\n<p>Alors la prochaine fois que vous marcherez le long d\u2019une jet\u00e9e brumeuse ou que vous vous tiendrez au bord d\u2019un fjord tranquille, prenez un moment pour imaginer ce qui pourrait surgir de ces eaux calmes. Le pass\u00e9 a tendance \u00e0 persister ici, surtout quand la mer est impliqu\u00e9e.<\/p>\n<\/p><\/div>\n","protected":false},"excerpt":{"rendered":"<p>Tous les contes populaires norv\u00e9giens ne sont pas des histoires amicales de trolls se transformant en pierre ou de gnomes remuant du porridge dans des<\/p>\n","protected":false},"author":1,"featured_media":5041,"comment_status":"","ping_status":"","sticky":false,"template":"","format":"standard","meta":{"footnotes":""},"categories":[2277],"tags":[5255,5257,1203,5259,6,5261],"yoast_head":"<!-- This site is optimized with the Yoast SEO plugin v21.0 - https:\/\/yoast.com\/wordpress\/plugins\/seo\/ -->\n<title>L&#039;histoire de \u00ab\u00a0Draugen\u00a0\u00bb, l&#039;esprit marin obs\u00e9dant de la Norv\u00e8ge<\/title>\n<meta name=\"robots\" content=\"index, follow, max-snippet:-1, max-image-preview:large, max-video-preview:-1\" \/>\n<link rel=\"canonical\" href=\"https:\/\/www.svalbard.fr\/actualites\/lhistoire-de-draugen-lesprit-marin-obsedant-de-la-norvege\/\" \/>\n<meta property=\"og:locale\" content=\"fr_FR\" \/>\n<meta property=\"og:type\" content=\"article\" \/>\n<meta property=\"og:title\" content=\"L&#039;histoire de \u00ab\u00a0Draugen\u00a0\u00bb, l&#039;esprit marin obs\u00e9dant de la Norv\u00e8ge\" \/>\n<meta property=\"og:description\" content=\"Tous les contes populaires norv\u00e9giens ne sont pas des histoires amicales de trolls se transformant en pierre ou de gnomes remuant du porridge dans des\" \/>\n<meta property=\"og:url\" content=\"https:\/\/www.svalbard.fr\/actualites\/lhistoire-de-draugen-lesprit-marin-obsedant-de-la-norvege\/\" \/>\n<meta property=\"og:site_name\" content=\"www.Svalbard.fr\" \/>\n<meta property=\"article:published_time\" content=\"2025-10-24T10:27:25+00:00\" \/>\n<meta property=\"og:image\" content=\"https:\/\/www.svalbard.fr\/actualites\/wp-content\/uploads\/2025\/10\/L39histoire-de-Draugen-l39esprit-marin-obsedant-de-la-Norvege.jpg\" \/>\n<meta name=\"author\" content=\"Hilmar\" \/>\n<meta name=\"twitter:card\" content=\"summary_large_image\" \/>\n<meta name=\"twitter:label1\" content=\"\u00c9crit par\" \/>\n\t<meta name=\"twitter:data1\" content=\"Hilmar\" \/>\n\t<meta name=\"twitter:label2\" content=\"Dur\u00e9e de lecture estim\u00e9e\" \/>\n\t<meta name=\"twitter:data2\" content=\"7 minutes\" \/>\n<script type=\"application\/ld+json\" class=\"yoast-schema-graph\">{\"@context\":\"https:\/\/schema.org\",\"@graph\":[{\"@type\":\"Article\",\"@id\":\"https:\/\/www.svalbard.fr\/actualites\/lhistoire-de-draugen-lesprit-marin-obsedant-de-la-norvege\/#article\",\"isPartOf\":{\"@id\":\"https:\/\/www.svalbard.fr\/actualites\/lhistoire-de-draugen-lesprit-marin-obsedant-de-la-norvege\/\"},\"author\":{\"name\":\"Hilmar\",\"@id\":\"https:\/\/www.svalbard.fr\/actualites\/#\/schema\/person\/a2f937d5712222366738fae98755c600\"},\"headline\":\"L&#39;histoire de \u00ab\u00a0Draugen\u00a0\u00bb, l&#39;esprit marin obs\u00e9dant de la Norv\u00e8ge\",\"datePublished\":\"2025-10-24T10:27:25+00:00\",\"dateModified\":\"2025-10-24T10:27:25+00:00\",\"mainEntityOfPage\":{\"@id\":\"https:\/\/www.svalbard.fr\/actualites\/lhistoire-de-draugen-lesprit-marin-obsedant-de-la-norvege\/\"},\"wordCount\":1397,\"publisher\":{\"@id\":\"https:\/\/www.svalbard.fr\/actualites\/#organization\"},\"keywords\":[\"Draugen\",\"l39esprit\",\"l39histoire\",\"marin\",\"Norv\u00e8ge\",\"obs\u00e9dant\"],\"inLanguage\":\"fr-FR\"},{\"@type\":\"WebPage\",\"@id\":\"https:\/\/www.svalbard.fr\/actualites\/lhistoire-de-draugen-lesprit-marin-obsedant-de-la-norvege\/\",\"url\":\"https:\/\/www.svalbard.fr\/actualites\/lhistoire-de-draugen-lesprit-marin-obsedant-de-la-norvege\/\",\"name\":\"L&#39;histoire de \u00ab\u00a0Draugen\u00a0\u00bb, l&#39;esprit marin obs\u00e9dant de la Norv\u00e8ge\",\"isPartOf\":{\"@id\":\"https:\/\/www.svalbard.fr\/actualites\/#website\"},\"datePublished\":\"2025-10-24T10:27:25+00:00\",\"dateModified\":\"2025-10-24T10:27:25+00:00\",\"breadcrumb\":{\"@id\":\"https:\/\/www.svalbard.fr\/actualites\/lhistoire-de-draugen-lesprit-marin-obsedant-de-la-norvege\/#breadcrumb\"},\"inLanguage\":\"fr-FR\",\"potentialAction\":[{\"@type\":\"ReadAction\",\"target\":[\"https:\/\/www.svalbard.fr\/actualites\/lhistoire-de-draugen-lesprit-marin-obsedant-de-la-norvege\/\"]}]},{\"@type\":\"BreadcrumbList\",\"@id\":\"https:\/\/www.svalbard.fr\/actualites\/lhistoire-de-draugen-lesprit-marin-obsedant-de-la-norvege\/#breadcrumb\",\"itemListElement\":[{\"@type\":\"ListItem\",\"position\":1,\"name\":\"Accueil\",\"item\":\"https:\/\/www.svalbard.fr\/actualites\/\"},{\"@type\":\"ListItem\",\"position\":2,\"name\":\"L&#39;histoire de \u00ab\u00a0Draugen\u00a0\u00bb, l&#39;esprit marin obs\u00e9dant de la Norv\u00e8ge\"}]},{\"@type\":\"WebSite\",\"@id\":\"https:\/\/www.svalbard.fr\/actualites\/#website\",\"url\":\"https:\/\/www.svalbard.fr\/actualites\/\",\"name\":\"www.Svalbard.fr\",\"description\":\"\",\"publisher\":{\"@id\":\"https:\/\/www.svalbard.fr\/actualites\/#organization\"},\"potentialAction\":[{\"@type\":\"SearchAction\",\"target\":{\"@type\":\"EntryPoint\",\"urlTemplate\":\"https:\/\/www.svalbard.fr\/actualites\/?s={search_term_string}\"},\"query-input\":\"required name=search_term_string\"}],\"inLanguage\":\"fr-FR\"},{\"@type\":\"Organization\",\"@id\":\"https:\/\/www.svalbard.fr\/actualites\/#organization\",\"name\":\"www.Svalbard.fr\",\"url\":\"https:\/\/www.svalbard.fr\/actualites\/\",\"logo\":{\"@type\":\"ImageObject\",\"inLanguage\":\"fr-FR\",\"@id\":\"https:\/\/www.svalbard.fr\/actualites\/#\/schema\/logo\/image\/\",\"url\":\"https:\/\/www.svalbard.fr\/actualites\/wp-content\/uploads\/2023\/09\/head-nom.jpg\",\"contentUrl\":\"https:\/\/www.svalbard.fr\/actualites\/wp-content\/uploads\/2023\/09\/head-nom.jpg\",\"width\":264,\"height\":35,\"caption\":\"www.Svalbard.fr\"},\"image\":{\"@id\":\"https:\/\/www.svalbard.fr\/actualites\/#\/schema\/logo\/image\/\"}},{\"@type\":\"Person\",\"@id\":\"https:\/\/www.svalbard.fr\/actualites\/#\/schema\/person\/a2f937d5712222366738fae98755c600\",\"name\":\"Hilmar\",\"image\":{\"@type\":\"ImageObject\",\"inLanguage\":\"fr-FR\",\"@id\":\"https:\/\/www.svalbard.fr\/actualites\/#\/schema\/person\/image\/\",\"url\":\"https:\/\/secure.gravatar.com\/avatar\/4daa437093476dbc32da415c112b6512?s=96&d=mm&r=g\",\"contentUrl\":\"https:\/\/secure.gravatar.com\/avatar\/4daa437093476dbc32da415c112b6512?s=96&d=mm&r=g\",\"caption\":\"Hilmar\"},\"description\":\"Hilmar est un passionn\u00e9 des r\u00e9gions polaires, sp\u00e9cialis\u00e9 dans la r\u00e9daction d'articles sur le Spitzberg et autres destinations arctiques. Il apporte son expertise et sa passion pour l'Arctique au sein de l'\u00e9quipe de r\u00e9daction de Svalbard depuis de nombreuses ann\u00e9es.\",\"sameAs\":[\"https:\/\/www.svalbard.fr\/\"]}]}<\/script>\n<!-- \/ Yoast SEO plugin. -->","yoast_head_json":{"title":"L&#39;histoire de \u00ab\u00a0Draugen\u00a0\u00bb, l&#39;esprit marin obs\u00e9dant de la Norv\u00e8ge","robots":{"index":"index","follow":"follow","max-snippet":"max-snippet:-1","max-image-preview":"max-image-preview:large","max-video-preview":"max-video-preview:-1"},"canonical":"https:\/\/www.svalbard.fr\/actualites\/lhistoire-de-draugen-lesprit-marin-obsedant-de-la-norvege\/","og_locale":"fr_FR","og_type":"article","og_title":"L&#39;histoire de \u00ab\u00a0Draugen\u00a0\u00bb, l&#39;esprit marin obs\u00e9dant de la Norv\u00e8ge","og_description":"Tous les contes populaires norv\u00e9giens ne sont pas des histoires amicales de trolls se transformant en pierre ou de gnomes remuant du porridge dans des","og_url":"https:\/\/www.svalbard.fr\/actualites\/lhistoire-de-draugen-lesprit-marin-obsedant-de-la-norvege\/","og_site_name":"www.Svalbard.fr","article_published_time":"2025-10-24T10:27:25+00:00","og_image":[{"url":"https:\/\/www.svalbard.fr\/actualites\/wp-content\/uploads\/2025\/10\/L39histoire-de-Draugen-l39esprit-marin-obsedant-de-la-Norvege.jpg"}],"author":"Hilmar","twitter_card":"summary_large_image","twitter_misc":{"\u00c9crit par":"Hilmar","Dur\u00e9e de lecture estim\u00e9e":"7 minutes"},"schema":{"@context":"https:\/\/schema.org","@graph":[{"@type":"Article","@id":"https:\/\/www.svalbard.fr\/actualites\/lhistoire-de-draugen-lesprit-marin-obsedant-de-la-norvege\/#article","isPartOf":{"@id":"https:\/\/www.svalbard.fr\/actualites\/lhistoire-de-draugen-lesprit-marin-obsedant-de-la-norvege\/"},"author":{"name":"Hilmar","@id":"https:\/\/www.svalbard.fr\/actualites\/#\/schema\/person\/a2f937d5712222366738fae98755c600"},"headline":"L&#39;histoire de \u00ab\u00a0Draugen\u00a0\u00bb, l&#39;esprit marin obs\u00e9dant de la Norv\u00e8ge","datePublished":"2025-10-24T10:27:25+00:00","dateModified":"2025-10-24T10:27:25+00:00","mainEntityOfPage":{"@id":"https:\/\/www.svalbard.fr\/actualites\/lhistoire-de-draugen-lesprit-marin-obsedant-de-la-norvege\/"},"wordCount":1397,"publisher":{"@id":"https:\/\/www.svalbard.fr\/actualites\/#organization"},"keywords":["Draugen","l39esprit","l39histoire","marin","Norv\u00e8ge","obs\u00e9dant"],"inLanguage":"fr-FR"},{"@type":"WebPage","@id":"https:\/\/www.svalbard.fr\/actualites\/lhistoire-de-draugen-lesprit-marin-obsedant-de-la-norvege\/","url":"https:\/\/www.svalbard.fr\/actualites\/lhistoire-de-draugen-lesprit-marin-obsedant-de-la-norvege\/","name":"L&#39;histoire de \u00ab\u00a0Draugen\u00a0\u00bb, l&#39;esprit marin obs\u00e9dant de la Norv\u00e8ge","isPartOf":{"@id":"https:\/\/www.svalbard.fr\/actualites\/#website"},"datePublished":"2025-10-24T10:27:25+00:00","dateModified":"2025-10-24T10:27:25+00:00","breadcrumb":{"@id":"https:\/\/www.svalbard.fr\/actualites\/lhistoire-de-draugen-lesprit-marin-obsedant-de-la-norvege\/#breadcrumb"},"inLanguage":"fr-FR","potentialAction":[{"@type":"ReadAction","target":["https:\/\/www.svalbard.fr\/actualites\/lhistoire-de-draugen-lesprit-marin-obsedant-de-la-norvege\/"]}]},{"@type":"BreadcrumbList","@id":"https:\/\/www.svalbard.fr\/actualites\/lhistoire-de-draugen-lesprit-marin-obsedant-de-la-norvege\/#breadcrumb","itemListElement":[{"@type":"ListItem","position":1,"name":"Accueil","item":"https:\/\/www.svalbard.fr\/actualites\/"},{"@type":"ListItem","position":2,"name":"L&#39;histoire de \u00ab\u00a0Draugen\u00a0\u00bb, l&#39;esprit marin obs\u00e9dant de la Norv\u00e8ge"}]},{"@type":"WebSite","@id":"https:\/\/www.svalbard.fr\/actualites\/#website","url":"https:\/\/www.svalbard.fr\/actualites\/","name":"www.Svalbard.fr","description":"","publisher":{"@id":"https:\/\/www.svalbard.fr\/actualites\/#organization"},"potentialAction":[{"@type":"SearchAction","target":{"@type":"EntryPoint","urlTemplate":"https:\/\/www.svalbard.fr\/actualites\/?s={search_term_string}"},"query-input":"required name=search_term_string"}],"inLanguage":"fr-FR"},{"@type":"Organization","@id":"https:\/\/www.svalbard.fr\/actualites\/#organization","name":"www.Svalbard.fr","url":"https:\/\/www.svalbard.fr\/actualites\/","logo":{"@type":"ImageObject","inLanguage":"fr-FR","@id":"https:\/\/www.svalbard.fr\/actualites\/#\/schema\/logo\/image\/","url":"https:\/\/www.svalbard.fr\/actualites\/wp-content\/uploads\/2023\/09\/head-nom.jpg","contentUrl":"https:\/\/www.svalbard.fr\/actualites\/wp-content\/uploads\/2023\/09\/head-nom.jpg","width":264,"height":35,"caption":"www.Svalbard.fr"},"image":{"@id":"https:\/\/www.svalbard.fr\/actualites\/#\/schema\/logo\/image\/"}},{"@type":"Person","@id":"https:\/\/www.svalbard.fr\/actualites\/#\/schema\/person\/a2f937d5712222366738fae98755c600","name":"Hilmar","image":{"@type":"ImageObject","inLanguage":"fr-FR","@id":"https:\/\/www.svalbard.fr\/actualites\/#\/schema\/person\/image\/","url":"https:\/\/secure.gravatar.com\/avatar\/4daa437093476dbc32da415c112b6512?s=96&d=mm&r=g","contentUrl":"https:\/\/secure.gravatar.com\/avatar\/4daa437093476dbc32da415c112b6512?s=96&d=mm&r=g","caption":"Hilmar"},"description":"Hilmar est un passionn\u00e9 des r\u00e9gions polaires, sp\u00e9cialis\u00e9 dans la r\u00e9daction d'articles sur le Spitzberg et autres destinations arctiques. Il apporte son expertise et sa passion pour l'Arctique au sein de l'\u00e9quipe de r\u00e9daction de Svalbard depuis de nombreuses ann\u00e9es.","sameAs":["https:\/\/www.svalbard.fr\/"]}]}},"_links":{"self":[{"href":"https:\/\/www.svalbard.fr\/actualites\/wp-json\/wp\/v2\/posts\/5040"}],"collection":[{"href":"https:\/\/www.svalbard.fr\/actualites\/wp-json\/wp\/v2\/posts"}],"about":[{"href":"https:\/\/www.svalbard.fr\/actualites\/wp-json\/wp\/v2\/types\/post"}],"author":[{"embeddable":true,"href":"https:\/\/www.svalbard.fr\/actualites\/wp-json\/wp\/v2\/users\/1"}],"replies":[{"embeddable":true,"href":"https:\/\/www.svalbard.fr\/actualites\/wp-json\/wp\/v2\/comments?post=5040"}],"version-history":[{"count":0,"href":"https:\/\/www.svalbard.fr\/actualites\/wp-json\/wp\/v2\/posts\/5040\/revisions"}],"wp:featuredmedia":[{"embeddable":true,"href":"https:\/\/www.svalbard.fr\/actualites\/wp-json\/wp\/v2\/media\/5041"}],"wp:attachment":[{"href":"https:\/\/www.svalbard.fr\/actualites\/wp-json\/wp\/v2\/media?parent=5040"}],"wp:term":[{"taxonomy":"category","embeddable":true,"href":"https:\/\/www.svalbard.fr\/actualites\/wp-json\/wp\/v2\/categories?post=5040"},{"taxonomy":"post_tag","embeddable":true,"href":"https:\/\/www.svalbard.fr\/actualites\/wp-json\/wp\/v2\/tags?post=5040"}],"curies":[{"name":"wp","href":"https:\/\/api.w.org\/{rel}","templated":true}]}}