{"id":5042,"date":"2025-10-24T15:13:21","date_gmt":"2025-10-24T13:13:21","guid":{"rendered":"https:\/\/www.svalbard.fr\/actualites\/coup-dur-pour-les-touristes-britanniques-alors-que-les-taxes-et-frais-montent-en-fleche-dans-4-lieux-de-vacances-populaires\/"},"modified":"2025-10-24T15:13:23","modified_gmt":"2025-10-24T13:13:23","slug":"coup-dur-pour-les-touristes-britanniques-alors-que-les-taxes-et-frais-montent-en-fleche-dans-4-lieux-de-vacances-populaires","status":"publish","type":"post","link":"https:\/\/www.svalbard.fr\/actualites\/coup-dur-pour-les-touristes-britanniques-alors-que-les-taxes-et-frais-montent-en-fleche-dans-4-lieux-de-vacances-populaires\/","title":{"rendered":"Coup dur pour les touristes britanniques alors que les taxes et frais montent en fl\u00e8che dans 4 lieux de vacances populaires"},"content":{"rendered":"<div>\n<p>Quatre destinations touristiques populaires augmentent leurs taxes et frais de s\u00e9jour pour lutter contre le surtourisme. Le Japon s&#39;appr\u00eate \u00e0 r\u00e9viser sa politique touristique en 2026 avec des taxes de d\u00e9part et des frais de visa plus \u00e9lev\u00e9s pour les visiteurs \u00e9trangers. Actuellement, un visa \u00e0 entr\u00e9e unique au Japon co\u00fbte environ 15 \u00a3, soit nettement moins cher qu&#39;aux \u00c9tats-Unis, o\u00f9 il peut atteindre jusqu&#39;\u00e0 140 \u00a3.<\/p>\n<p>Cependant, l&#39;essor du tourisme japonais a incit\u00e9 le gouvernement \u00e0 r\u00e9\u00e9valuer la durabilit\u00e9 de ses politiques actuelles pour \u00e9viter le surtourisme. La taxe de d\u00e9part existante, d&#39;environ 7 \u00a3, sera utilis\u00e9e pour entretenir les infrastructures touristiques et promouvoir le tourisme durable, et il est pr\u00e9vu de l&#39;augmenter \u00e0 environ 25 \u00a3.<\/p>\n<\/div>\n<div>\n<p>Pendant ce temps, la Catalogne, l&#39;une des r\u00e9gions les plus fr\u00e9quent\u00e9es d&#39;Espagne, augmente \u00e9galement ses taxes touristiques.<\/p>\n<p>\u00c0 partir d&#39;octobre 2025, la taxe de s\u00e9jour journali\u00e8re passera \u00e0 15 \u20ac, ce qui en fera potentiellement la plus \u00e9lev\u00e9e d&#39;Espagne.<\/p>\n<p>Cette d\u00e9cision fait suite \u00e0 une augmentation significative du nombre de visiteurs dans la r\u00e9gion, exacerbant la surpopulation de Barcelone et exer\u00e7ant une pression suppl\u00e9mentaire sur les services publics et les infrastructures.<\/p>\n<p>Venise a \u00e9galement \u00e9tendu sa taxe de s\u00e9jour journali\u00e8re pour couvrir davantage de jours tout au long de l&#39;ann\u00e9e, y compris la haute saison de mai \u00e0 octobre, dans le but de contr\u00f4ler l&#39;afflux de visiteurs.<\/p>\n<\/div>\n<div>\n<p>Selon la mani\u00e8re dont les touristes s&#39;inscrivent, ils pourraient devoir payer des frais allant de 5 \u20ac \u00e0 10 \u20ac.<\/p>\n<p>L&#39;objectif de cette taxe est de dissuader les excursionnistes qui contribuent peu \u00e0 l&#39;\u00e9conomie locale mais exercent une pression importante sur les ressources de la ville.<\/p>\n<p>Enfin, la Norv\u00e8ge envisage \u00e9galement de mettre en place une taxe de s\u00e9jour pouvant atteindre 5 % sur les s\u00e9jours h\u00f4teliers et autres h\u00e9bergements dans des r\u00e9gions telles que Troms\u00f8 et les \u00eeles Lofoten.<\/p>\n<p>Ces destinations populaires sont aux prises avec les d\u00e9fis pos\u00e9s par un volume \u00e9lev\u00e9 de visiteurs et la pression qui en r\u00e9sulte sur les ressources locales.<\/p>\n<\/div>\n","protected":false},"excerpt":{"rendered":"<p>Quatre destinations touristiques populaires augmentent leurs taxes et frais de s\u00e9jour pour lutter contre le surtourisme. Le Japon s&#39;appr\u00eate \u00e0 r\u00e9viser sa politique touristique en<\/p>\n","protected":false},"author":1,"featured_media":5043,"comment_status":"closed","ping_status":"","sticky":false,"template":"","format":"standard","meta":{"footnotes":""},"categories":[2277],"tags":[24,317,597,54,5263,5271,5267,3,5273,5269,762,150,5265,78,851],"yoast_head":"<!-- This site is optimized with the Yoast SEO plugin v21.0 - https:\/\/yoast.com\/wordpress\/plugins\/seo\/ -->\n<title>Coup dur pour les touristes britanniques alors que les taxes et frais montent en fl\u00e8che dans 4 lieux de vacances populaires<\/title>\n<meta name=\"robots\" content=\"index, follow, max-snippet:-1, max-image-preview:large, max-video-preview:-1\" \/>\n<link rel=\"canonical\" href=\"https:\/\/www.svalbard.fr\/actualites\/coup-dur-pour-les-touristes-britanniques-alors-que-les-taxes-et-frais-montent-en-fleche-dans-4-lieux-de-vacances-populaires\/\" \/>\n<meta property=\"og:locale\" content=\"fr_FR\" \/>\n<meta property=\"og:type\" content=\"article\" \/>\n<meta property=\"og:title\" content=\"Coup dur pour les touristes britanniques alors que les taxes et frais montent en fl\u00e8che dans 4 lieux de vacances populaires\" \/>\n<meta property=\"og:description\" content=\"Quatre destinations touristiques populaires augmentent leurs taxes et frais de s\u00e9jour pour lutter contre le surtourisme. Le Japon s&#039;appr\u00eate \u00e0 r\u00e9viser sa politique touristique en\" \/>\n<meta property=\"og:url\" content=\"https:\/\/www.svalbard.fr\/actualites\/coup-dur-pour-les-touristes-britanniques-alors-que-les-taxes-et-frais-montent-en-fleche-dans-4-lieux-de-vacances-populaires\/\" \/>\n<meta property=\"og:site_name\" content=\"www.Svalbard.fr\" \/>\n<meta property=\"article:published_time\" content=\"2025-10-24T13:13:21+00:00\" \/>\n<meta property=\"article:modified_time\" content=\"2025-10-24T13:13:23+00:00\" \/>\n<meta property=\"og:image\" content=\"https:\/\/www.svalbard.fr\/actualites\/wp-content\/uploads\/2025\/10\/Coup-dur-pour-les-touristes-britanniques-alors-que-les-taxes.jpg\" \/>\n\t<meta property=\"og:image:width\" content=\"1200\" \/>\n\t<meta property=\"og:image:height\" content=\"630\" \/>\n\t<meta property=\"og:image:type\" content=\"image\/jpeg\" \/>\n<meta name=\"author\" content=\"Hilmar\" \/>\n<meta name=\"twitter:card\" content=\"summary_large_image\" \/>\n<meta name=\"twitter:label1\" content=\"\u00c9crit par\" \/>\n\t<meta name=\"twitter:data1\" content=\"Hilmar\" \/>\n\t<meta name=\"twitter:label2\" content=\"Dur\u00e9e de lecture estim\u00e9e\" \/>\n\t<meta name=\"twitter:data2\" content=\"2 minutes\" \/>\n<script type=\"application\/ld+json\" class=\"yoast-schema-graph\">{\"@context\":\"https:\/\/schema.org\",\"@graph\":[{\"@type\":\"Article\",\"@id\":\"https:\/\/www.svalbard.fr\/actualites\/coup-dur-pour-les-touristes-britanniques-alors-que-les-taxes-et-frais-montent-en-fleche-dans-4-lieux-de-vacances-populaires\/#article\",\"isPartOf\":{\"@id\":\"https:\/\/www.svalbard.fr\/actualites\/coup-dur-pour-les-touristes-britanniques-alors-que-les-taxes-et-frais-montent-en-fleche-dans-4-lieux-de-vacances-populaires\/\"},\"author\":{\"name\":\"Hilmar\",\"@id\":\"https:\/\/www.svalbard.fr\/actualites\/#\/schema\/person\/a2f937d5712222366738fae98755c600\"},\"headline\":\"Coup dur pour les touristes britanniques alors que les taxes et frais montent en fl\u00e8che dans 4 lieux de vacances populaires\",\"datePublished\":\"2025-10-24T13:13:21+00:00\",\"dateModified\":\"2025-10-24T13:13:23+00:00\",\"mainEntityOfPage\":{\"@id\":\"https:\/\/www.svalbard.fr\/actualites\/coup-dur-pour-les-touristes-britanniques-alors-que-les-taxes-et-frais-montent-en-fleche-dans-4-lieux-de-vacances-populaires\/\"},\"wordCount\":373,\"publisher\":{\"@id\":\"https:\/\/www.svalbard.fr\/actualites\/#organization\"},\"keywords\":[\"alors\",\"britanniques\",\"coup\",\"dans\",\"dur\",\"fl\u00e8che\",\"frais\",\"Les\",\"lieux\",\"montent\",\"populaires\",\"pour\",\"taxes\",\"touristes\",\"vacances\"],\"inLanguage\":\"fr-FR\"},{\"@type\":\"WebPage\",\"@id\":\"https:\/\/www.svalbard.fr\/actualites\/coup-dur-pour-les-touristes-britanniques-alors-que-les-taxes-et-frais-montent-en-fleche-dans-4-lieux-de-vacances-populaires\/\",\"url\":\"https:\/\/www.svalbard.fr\/actualites\/coup-dur-pour-les-touristes-britanniques-alors-que-les-taxes-et-frais-montent-en-fleche-dans-4-lieux-de-vacances-populaires\/\",\"name\":\"Coup dur pour les touristes britanniques alors que les taxes et frais montent en fl\u00e8che dans 4 lieux de vacances populaires\",\"isPartOf\":{\"@id\":\"https:\/\/www.svalbard.fr\/actualites\/#website\"},\"datePublished\":\"2025-10-24T13:13:21+00:00\",\"dateModified\":\"2025-10-24T13:13:23+00:00\",\"breadcrumb\":{\"@id\":\"https:\/\/www.svalbard.fr\/actualites\/coup-dur-pour-les-touristes-britanniques-alors-que-les-taxes-et-frais-montent-en-fleche-dans-4-lieux-de-vacances-populaires\/#breadcrumb\"},\"inLanguage\":\"fr-FR\",\"potentialAction\":[{\"@type\":\"ReadAction\",\"target\":[\"https:\/\/www.svalbard.fr\/actualites\/coup-dur-pour-les-touristes-britanniques-alors-que-les-taxes-et-frais-montent-en-fleche-dans-4-lieux-de-vacances-populaires\/\"]}]},{\"@type\":\"BreadcrumbList\",\"@id\":\"https:\/\/www.svalbard.fr\/actualites\/coup-dur-pour-les-touristes-britanniques-alors-que-les-taxes-et-frais-montent-en-fleche-dans-4-lieux-de-vacances-populaires\/#breadcrumb\",\"itemListElement\":[{\"@type\":\"ListItem\",\"position\":1,\"name\":\"Accueil\",\"item\":\"https:\/\/www.svalbard.fr\/actualites\/\"},{\"@type\":\"ListItem\",\"position\":2,\"name\":\"Coup dur pour les touristes britanniques alors que les taxes et frais montent en fl\u00e8che dans 4 lieux de vacances populaires\"}]},{\"@type\":\"WebSite\",\"@id\":\"https:\/\/www.svalbard.fr\/actualites\/#website\",\"url\":\"https:\/\/www.svalbard.fr\/actualites\/\",\"name\":\"www.Svalbard.fr\",\"description\":\"\",\"publisher\":{\"@id\":\"https:\/\/www.svalbard.fr\/actualites\/#organization\"},\"potentialAction\":[{\"@type\":\"SearchAction\",\"target\":{\"@type\":\"EntryPoint\",\"urlTemplate\":\"https:\/\/www.svalbard.fr\/actualites\/?s={search_term_string}\"},\"query-input\":\"required name=search_term_string\"}],\"inLanguage\":\"fr-FR\"},{\"@type\":\"Organization\",\"@id\":\"https:\/\/www.svalbard.fr\/actualites\/#organization\",\"name\":\"www.Svalbard.fr\",\"url\":\"https:\/\/www.svalbard.fr\/actualites\/\",\"logo\":{\"@type\":\"ImageObject\",\"inLanguage\":\"fr-FR\",\"@id\":\"https:\/\/www.svalbard.fr\/actualites\/#\/schema\/logo\/image\/\",\"url\":\"https:\/\/www.svalbard.fr\/actualites\/wp-content\/uploads\/2023\/09\/head-nom.jpg\",\"contentUrl\":\"https:\/\/www.svalbard.fr\/actualites\/wp-content\/uploads\/2023\/09\/head-nom.jpg\",\"width\":264,\"height\":35,\"caption\":\"www.Svalbard.fr\"},\"image\":{\"@id\":\"https:\/\/www.svalbard.fr\/actualites\/#\/schema\/logo\/image\/\"}},{\"@type\":\"Person\",\"@id\":\"https:\/\/www.svalbard.fr\/actualites\/#\/schema\/person\/a2f937d5712222366738fae98755c600\",\"name\":\"Hilmar\",\"image\":{\"@type\":\"ImageObject\",\"inLanguage\":\"fr-FR\",\"@id\":\"https:\/\/www.svalbard.fr\/actualites\/#\/schema\/person\/image\/\",\"url\":\"https:\/\/secure.gravatar.com\/avatar\/4daa437093476dbc32da415c112b6512?s=96&d=mm&r=g\",\"contentUrl\":\"https:\/\/secure.gravatar.com\/avatar\/4daa437093476dbc32da415c112b6512?s=96&d=mm&r=g\",\"caption\":\"Hilmar\"},\"description\":\"Hilmar est un passionn\u00e9 des r\u00e9gions polaires, sp\u00e9cialis\u00e9 dans la r\u00e9daction d'articles sur le Spitzberg et autres destinations arctiques. Il apporte son expertise et sa passion pour l'Arctique au sein de l'\u00e9quipe de r\u00e9daction de Svalbard depuis de nombreuses ann\u00e9es.\",\"sameAs\":[\"https:\/\/www.svalbard.fr\/\"]}]}<\/script>\n<!-- \/ Yoast SEO plugin. -->","yoast_head_json":{"title":"Coup dur pour les touristes britanniques alors que les taxes et frais montent en fl\u00e8che dans 4 lieux de vacances populaires","robots":{"index":"index","follow":"follow","max-snippet":"max-snippet:-1","max-image-preview":"max-image-preview:large","max-video-preview":"max-video-preview:-1"},"canonical":"https:\/\/www.svalbard.fr\/actualites\/coup-dur-pour-les-touristes-britanniques-alors-que-les-taxes-et-frais-montent-en-fleche-dans-4-lieux-de-vacances-populaires\/","og_locale":"fr_FR","og_type":"article","og_title":"Coup dur pour les touristes britanniques alors que les taxes et frais montent en fl\u00e8che dans 4 lieux de vacances populaires","og_description":"Quatre destinations touristiques populaires augmentent leurs taxes et frais de s\u00e9jour pour lutter contre le surtourisme. Le Japon s&#39;appr\u00eate \u00e0 r\u00e9viser sa politique touristique en","og_url":"https:\/\/www.svalbard.fr\/actualites\/coup-dur-pour-les-touristes-britanniques-alors-que-les-taxes-et-frais-montent-en-fleche-dans-4-lieux-de-vacances-populaires\/","og_site_name":"www.Svalbard.fr","article_published_time":"2025-10-24T13:13:21+00:00","article_modified_time":"2025-10-24T13:13:23+00:00","og_image":[{"width":1200,"height":630,"url":"https:\/\/www.svalbard.fr\/actualites\/wp-content\/uploads\/2025\/10\/Coup-dur-pour-les-touristes-britanniques-alors-que-les-taxes.jpg","type":"image\/jpeg"}],"author":"Hilmar","twitter_card":"summary_large_image","twitter_misc":{"\u00c9crit par":"Hilmar","Dur\u00e9e de lecture estim\u00e9e":"2 minutes"},"schema":{"@context":"https:\/\/schema.org","@graph":[{"@type":"Article","@id":"https:\/\/www.svalbard.fr\/actualites\/coup-dur-pour-les-touristes-britanniques-alors-que-les-taxes-et-frais-montent-en-fleche-dans-4-lieux-de-vacances-populaires\/#article","isPartOf":{"@id":"https:\/\/www.svalbard.fr\/actualites\/coup-dur-pour-les-touristes-britanniques-alors-que-les-taxes-et-frais-montent-en-fleche-dans-4-lieux-de-vacances-populaires\/"},"author":{"name":"Hilmar","@id":"https:\/\/www.svalbard.fr\/actualites\/#\/schema\/person\/a2f937d5712222366738fae98755c600"},"headline":"Coup dur pour les touristes britanniques alors que les taxes et frais montent en fl\u00e8che dans 4 lieux de vacances populaires","datePublished":"2025-10-24T13:13:21+00:00","dateModified":"2025-10-24T13:13:23+00:00","mainEntityOfPage":{"@id":"https:\/\/www.svalbard.fr\/actualites\/coup-dur-pour-les-touristes-britanniques-alors-que-les-taxes-et-frais-montent-en-fleche-dans-4-lieux-de-vacances-populaires\/"},"wordCount":373,"publisher":{"@id":"https:\/\/www.svalbard.fr\/actualites\/#organization"},"keywords":["alors","britanniques","coup","dans","dur","fl\u00e8che","frais","Les","lieux","montent","populaires","pour","taxes","touristes","vacances"],"inLanguage":"fr-FR"},{"@type":"WebPage","@id":"https:\/\/www.svalbard.fr\/actualites\/coup-dur-pour-les-touristes-britanniques-alors-que-les-taxes-et-frais-montent-en-fleche-dans-4-lieux-de-vacances-populaires\/","url":"https:\/\/www.svalbard.fr\/actualites\/coup-dur-pour-les-touristes-britanniques-alors-que-les-taxes-et-frais-montent-en-fleche-dans-4-lieux-de-vacances-populaires\/","name":"Coup dur pour les touristes britanniques alors que les taxes et frais montent en fl\u00e8che dans 4 lieux de vacances populaires","isPartOf":{"@id":"https:\/\/www.svalbard.fr\/actualites\/#website"},"datePublished":"2025-10-24T13:13:21+00:00","dateModified":"2025-10-24T13:13:23+00:00","breadcrumb":{"@id":"https:\/\/www.svalbard.fr\/actualites\/coup-dur-pour-les-touristes-britanniques-alors-que-les-taxes-et-frais-montent-en-fleche-dans-4-lieux-de-vacances-populaires\/#breadcrumb"},"inLanguage":"fr-FR","potentialAction":[{"@type":"ReadAction","target":["https:\/\/www.svalbard.fr\/actualites\/coup-dur-pour-les-touristes-britanniques-alors-que-les-taxes-et-frais-montent-en-fleche-dans-4-lieux-de-vacances-populaires\/"]}]},{"@type":"BreadcrumbList","@id":"https:\/\/www.svalbard.fr\/actualites\/coup-dur-pour-les-touristes-britanniques-alors-que-les-taxes-et-frais-montent-en-fleche-dans-4-lieux-de-vacances-populaires\/#breadcrumb","itemListElement":[{"@type":"ListItem","position":1,"name":"Accueil","item":"https:\/\/www.svalbard.fr\/actualites\/"},{"@type":"ListItem","position":2,"name":"Coup dur pour les touristes britanniques alors que les taxes et frais montent en fl\u00e8che dans 4 lieux de vacances populaires"}]},{"@type":"WebSite","@id":"https:\/\/www.svalbard.fr\/actualites\/#website","url":"https:\/\/www.svalbard.fr\/actualites\/","name":"www.Svalbard.fr","description":"","publisher":{"@id":"https:\/\/www.svalbard.fr\/actualites\/#organization"},"potentialAction":[{"@type":"SearchAction","target":{"@type":"EntryPoint","urlTemplate":"https:\/\/www.svalbard.fr\/actualites\/?s={search_term_string}"},"query-input":"required name=search_term_string"}],"inLanguage":"fr-FR"},{"@type":"Organization","@id":"https:\/\/www.svalbard.fr\/actualites\/#organization","name":"www.Svalbard.fr","url":"https:\/\/www.svalbard.fr\/actualites\/","logo":{"@type":"ImageObject","inLanguage":"fr-FR","@id":"https:\/\/www.svalbard.fr\/actualites\/#\/schema\/logo\/image\/","url":"https:\/\/www.svalbard.fr\/actualites\/wp-content\/uploads\/2023\/09\/head-nom.jpg","contentUrl":"https:\/\/www.svalbard.fr\/actualites\/wp-content\/uploads\/2023\/09\/head-nom.jpg","width":264,"height":35,"caption":"www.Svalbard.fr"},"image":{"@id":"https:\/\/www.svalbard.fr\/actualites\/#\/schema\/logo\/image\/"}},{"@type":"Person","@id":"https:\/\/www.svalbard.fr\/actualites\/#\/schema\/person\/a2f937d5712222366738fae98755c600","name":"Hilmar","image":{"@type":"ImageObject","inLanguage":"fr-FR","@id":"https:\/\/www.svalbard.fr\/actualites\/#\/schema\/person\/image\/","url":"https:\/\/secure.gravatar.com\/avatar\/4daa437093476dbc32da415c112b6512?s=96&d=mm&r=g","contentUrl":"https:\/\/secure.gravatar.com\/avatar\/4daa437093476dbc32da415c112b6512?s=96&d=mm&r=g","caption":"Hilmar"},"description":"Hilmar est un passionn\u00e9 des r\u00e9gions polaires, sp\u00e9cialis\u00e9 dans la r\u00e9daction d'articles sur le Spitzberg et autres destinations arctiques. Il apporte son expertise et sa passion pour l'Arctique au sein de l'\u00e9quipe de r\u00e9daction de Svalbard depuis de nombreuses ann\u00e9es.","sameAs":["https:\/\/www.svalbard.fr\/"]}]}},"_links":{"self":[{"href":"https:\/\/www.svalbard.fr\/actualites\/wp-json\/wp\/v2\/posts\/5042"}],"collection":[{"href":"https:\/\/www.svalbard.fr\/actualites\/wp-json\/wp\/v2\/posts"}],"about":[{"href":"https:\/\/www.svalbard.fr\/actualites\/wp-json\/wp\/v2\/types\/post"}],"author":[{"embeddable":true,"href":"https:\/\/www.svalbard.fr\/actualites\/wp-json\/wp\/v2\/users\/1"}],"replies":[{"embeddable":true,"href":"https:\/\/www.svalbard.fr\/actualites\/wp-json\/wp\/v2\/comments?post=5042"}],"version-history":[{"count":1,"href":"https:\/\/www.svalbard.fr\/actualites\/wp-json\/wp\/v2\/posts\/5042\/revisions"}],"predecessor-version":[{"id":5044,"href":"https:\/\/www.svalbard.fr\/actualites\/wp-json\/wp\/v2\/posts\/5042\/revisions\/5044"}],"wp:featuredmedia":[{"embeddable":true,"href":"https:\/\/www.svalbard.fr\/actualites\/wp-json\/wp\/v2\/media\/5043"}],"wp:attachment":[{"href":"https:\/\/www.svalbard.fr\/actualites\/wp-json\/wp\/v2\/media?parent=5042"}],"wp:term":[{"taxonomy":"category","embeddable":true,"href":"https:\/\/www.svalbard.fr\/actualites\/wp-json\/wp\/v2\/categories?post=5042"},{"taxonomy":"post_tag","embeddable":true,"href":"https:\/\/www.svalbard.fr\/actualites\/wp-json\/wp\/v2\/tags?post=5042"}],"curies":[{"name":"wp","href":"https:\/\/api.w.org\/{rel}","templated":true}]}}