{"id":5051,"date":"2025-10-25T20:53:29","date_gmt":"2025-10-25T18:53:29","guid":{"rendered":"https:\/\/www.svalbard.fr\/actualites\/victoria-beckham-a-subi-un-coup-dur-au-milieu-dun-aveu-dur-de-sa-vie-de-famille\/"},"modified":"2025-10-25T20:53:31","modified_gmt":"2025-10-25T18:53:31","slug":"victoria-beckham-a-subi-un-coup-dur-au-milieu-dun-aveu-dur-de-sa-vie-de-famille","status":"publish","type":"post","link":"https:\/\/www.svalbard.fr\/actualites\/victoria-beckham-a-subi-un-coup-dur-au-milieu-dun-aveu-dur-de-sa-vie-de-famille\/","title":{"rendered":"Victoria Beckham a subi un coup dur au milieu d&#39;un aveu \u00ab\u00a0dur\u00a0\u00bb de sa vie de famille"},"content":{"rendered":"<div>\n<p data-mce-linkchecker-status=\"valid\">Victoria Beckham a re\u00e7u un nouveau coup dur apr\u00e8s une \u00e9crasante bataille juridique concernant la marque de sa marque de mode \u00e9ponyme, qu&#39;elle a perdue contre une marque de beaut\u00e9 norv\u00e9gienne. La star des Spice Girls a fait valoir que le logo de la soci\u00e9t\u00e9 Vendela Beauty \u00e9tait similaire \u00e0 sa marque mondiale et que sa version abr\u00e9g\u00e9e laisserait les consommateurs confus.<\/p>\n<p data-mce-linkchecker-status=\"valid\">Victoria a d\u00e9clar\u00e9 que les deux marques, identifi\u00e9es par leur pr\u00e9sentation VB, sont presque identiques et que les deux entreprises vendent des produits similaires. Cependant, la femme de 51 ans a perdu la bataille apr\u00e8s qu&#39;il a \u00e9t\u00e9 jug\u00e9 qu&#39;elle n&#39;\u00e9tait pas assez c\u00e9l\u00e8bre en Norv\u00e8ge, compar\u00e9e \u00e0 Vendela Kirsebom de Vendela Beauty, originaire du pays et qui a d\u00e9pos\u00e9 sa marque en 2021. Pour d\u00e9fendre sa cause, Victoria a soumis ses abonn\u00e9s Instagram, ses articles dans des magazines internationaux et ses chiffres de ventes pour prouver qu&#39;elle \u00e9tait tr\u00e8s pr\u00e9sente dans le pays.<\/p>\n<p data-mce-linkchecker-status=\"valid\">Malgr\u00e9 cela, l&#39;organisme norv\u00e9gien des brevets a d\u00e9cid\u00e9 qu&#39;il n&#39;y avait pas suffisamment de preuves que la marque du chanteur \u00e9tait suffisamment connue dans l&#39;\u00c9tat nordique et a jug\u00e9 qu&#39;elles \u00e9taient suffisamment diff\u00e9rentes pour \u00e9viter toute confusion.<\/p>\n<\/div>\n<div>\n<p>L&#39;ancienne mannequin norv\u00e9gienne de maillots de bain Vendela Kirsebom a d\u00e9pos\u00e9 sa demande de marque en septembre 2021 pour sa marque de beaut\u00e9, qui vend \u00e9galement une gamme de produits de soin de la peau, de maquillage, de soins capillaires et de parfums.<\/p>\n<p>Il a finalement \u00e9t\u00e9 enregistr\u00e9 en d\u00e9cembre 2023, avant que Victoria ne s&#39;y oppose formellement. Cependant, selon The Sun, l&#39;Office norv\u00e9gien de la propri\u00e9t\u00e9 industrielle s&#39;est prononc\u00e9 contre la m\u00e8re de cinq enfants.<\/p>\n<p>Il a \u00e9t\u00e9 rapport\u00e9 que le conseiller juridique principal Tord Hestenes a r\u00e9dig\u00e9 un jugement reconnaissant la popularit\u00e9 de Victoria dans l&#39;industrie, mais a ajout\u00e9 que cela \u00ab\u00a0ne signifie pas que ses initiales ou la marque combin\u00e9e peuvent \u00eatre consid\u00e9r\u00e9es comme bien connues pour cette seule raison\u00a0\u00bb.<\/p>\n<p>La publication ajoute qu&#39;il a \u00e9galement d\u00e9clar\u00e9 que son t\u00e9moignage avait une valeur limit\u00e9e car le nombre de ses abonn\u00e9s ne montrait pas r\u00e9ellement combien il y en avait en Norv\u00e8ge.<\/p>\n<\/div>\n<div>\n<p>Il a ajout\u00e9 qu&#39;il n&#39;avait pas \u00e9t\u00e9 prouv\u00e9 avec succ\u00e8s combien de Norv\u00e9giens lisaient les magazines internationaux cit\u00e9s et que les chiffres de ventes fournis couvraient l&#39;ensemble de la r\u00e9gion nordique, et pas seulement la Norv\u00e8ge.<\/p>\n<p>M. Hestenes a estim\u00e9 qu&#39;il n&#39;y avait \u00ab\u00a0aucun risque de confusion\u00a0\u00bb sur les marques. Il a ajout\u00e9 : \u00ab\u00a0Les documents du dossier ne permettent pas de supposer que la marque de l&#39;opposant sera li\u00e9e au nom de Victoria Beckham.\u00a0\u00bb<\/p>\n<p>Cela survient apr\u00e8s que la cr\u00e9atrice de mode ait critiqu\u00e9 ses quatre enfants en parlant de la \u00ab partie la plus difficile \u00bb de la vie de famille.<\/p>\n<p data-mce-linkchecker-status=\"valid\">Victoria <span style=\"box-sizing: border-box; margin: 0px; padding: 0px;\" data-mce-linkchecker-status=\"valid\">est apparue sur le podcast Call Her Daddy et a discut\u00e9 des affirmations selon lesquelles ses enfants avec son mari David Beckham \u2013 Brooklyn, Romeo, Cruz et Harper \u2013 sont des \u00ab b\u00e9b\u00e9s n\u00e9po \u00bb.<\/span><\/p>\n<p data-mce-linkchecker-status=\"valid\">Elle a d\u00e9clar\u00e9 : \u00ab\u00a0Nous appelons constamment les enfants de parents c\u00e9l\u00e8bres des b\u00e9b\u00e9s nepo. Donnez une chance aux enfants, ce n&#39;est pas de leur faute, vous savez.\u00a0\u00bb<\/p>\n<p>Soulignant son point de vue, elle a ajout\u00e9 : \u00ab\u00a0Je pense qu&#39;il faut simplement donner une chance aux enfants. Et nos enfants sont vraiment tous des \u00eatres humains tr\u00e8s bons, doux et gentils. Vous savez, \u00eatre gentil est si important, travailler dur. Ils ne s&#39;attendent pas \u00e0 ce que quelque chose arrive.<\/p>\n<p>Le Daily Express a contact\u00e9 les repr\u00e9sentants de Victoria Beckham pour obtenir leurs commentaires.<\/p>\n<\/div>\n","protected":false},"excerpt":{"rendered":"<p>Victoria Beckham a re\u00e7u un nouveau coup dur apr\u00e8s une \u00e9crasante bataille juridique concernant la marque de sa marque de mode \u00e9ponyme, qu&#39;elle a perdue<\/p>\n","protected":false},"author":1,"featured_media":5052,"comment_status":"closed","ping_status":"","sticky":false,"template":"","format":"standard","meta":{"footnotes":""},"categories":[2277],"tags":[5287,1384,597,1196,5263,364,1364,5285,5283,177],"yoast_head":"<!-- This site is optimized with the Yoast SEO plugin v21.0 - https:\/\/yoast.com\/wordpress\/plugins\/seo\/ -->\n<title>Victoria Beckham a subi un coup dur au milieu d&#039;un aveu &quot;dur&quot; de sa vie de famille<\/title>\n<meta name=\"robots\" content=\"index, follow, max-snippet:-1, max-image-preview:large, max-video-preview:-1\" \/>\n<link rel=\"canonical\" href=\"https:\/\/www.svalbard.fr\/actualites\/victoria-beckham-a-subi-un-coup-dur-au-milieu-dun-aveu-dur-de-sa-vie-de-famille\/\" \/>\n<meta property=\"og:locale\" content=\"fr_FR\" \/>\n<meta property=\"og:type\" content=\"article\" \/>\n<meta property=\"og:title\" content=\"Victoria Beckham a subi un coup dur au milieu d&#039;un aveu &quot;dur&quot; de sa vie de famille\" \/>\n<meta property=\"og:description\" content=\"Victoria Beckham a re\u00e7u un nouveau coup dur apr\u00e8s une \u00e9crasante bataille juridique concernant la marque de sa marque de mode \u00e9ponyme, qu&#039;elle a perdue\" \/>\n<meta property=\"og:url\" content=\"https:\/\/www.svalbard.fr\/actualites\/victoria-beckham-a-subi-un-coup-dur-au-milieu-dun-aveu-dur-de-sa-vie-de-famille\/\" \/>\n<meta property=\"og:site_name\" content=\"www.Svalbard.fr\" \/>\n<meta property=\"article:published_time\" content=\"2025-10-25T18:53:29+00:00\" \/>\n<meta property=\"article:modified_time\" content=\"2025-10-25T18:53:31+00:00\" \/>\n<meta property=\"og:image\" content=\"https:\/\/www.svalbard.fr\/actualites\/wp-content\/uploads\/2025\/10\/Victoria-Beckham-a-subi-un-coup-dur-au-milieu-d39un.jpg\" \/>\n\t<meta property=\"og:image:width\" content=\"1200\" \/>\n\t<meta property=\"og:image:height\" content=\"630\" \/>\n\t<meta property=\"og:image:type\" content=\"image\/jpeg\" \/>\n<meta name=\"author\" content=\"Hilmar\" \/>\n<meta name=\"twitter:card\" content=\"summary_large_image\" \/>\n<meta name=\"twitter:label1\" content=\"\u00c9crit par\" \/>\n\t<meta name=\"twitter:data1\" content=\"Hilmar\" \/>\n\t<meta name=\"twitter:label2\" content=\"Dur\u00e9e de lecture estim\u00e9e\" \/>\n\t<meta name=\"twitter:data2\" content=\"3 minutes\" \/>\n<script type=\"application\/ld+json\" class=\"yoast-schema-graph\">{\"@context\":\"https:\/\/schema.org\",\"@graph\":[{\"@type\":\"Article\",\"@id\":\"https:\/\/www.svalbard.fr\/actualites\/victoria-beckham-a-subi-un-coup-dur-au-milieu-dun-aveu-dur-de-sa-vie-de-famille\/#article\",\"isPartOf\":{\"@id\":\"https:\/\/www.svalbard.fr\/actualites\/victoria-beckham-a-subi-un-coup-dur-au-milieu-dun-aveu-dur-de-sa-vie-de-famille\/\"},\"author\":{\"name\":\"Hilmar\",\"@id\":\"https:\/\/www.svalbard.fr\/actualites\/#\/schema\/person\/a2f937d5712222366738fae98755c600\"},\"headline\":\"Victoria Beckham a subi un coup dur au milieu d&#39;un aveu \u00ab\u00a0dur\u00a0\u00bb de sa vie de famille\",\"datePublished\":\"2025-10-25T18:53:29+00:00\",\"dateModified\":\"2025-10-25T18:53:31+00:00\",\"mainEntityOfPage\":{\"@id\":\"https:\/\/www.svalbard.fr\/actualites\/victoria-beckham-a-subi-un-coup-dur-au-milieu-dun-aveu-dur-de-sa-vie-de-famille\/\"},\"wordCount\":663,\"publisher\":{\"@id\":\"https:\/\/www.svalbard.fr\/actualites\/#organization\"},\"keywords\":[\"aveu\",\"Beckham\",\"coup\",\"d39un\",\"dur\",\"famille\",\"milieu\",\"subi\",\"Victoria\",\"vie\"],\"inLanguage\":\"fr-FR\"},{\"@type\":\"WebPage\",\"@id\":\"https:\/\/www.svalbard.fr\/actualites\/victoria-beckham-a-subi-un-coup-dur-au-milieu-dun-aveu-dur-de-sa-vie-de-famille\/\",\"url\":\"https:\/\/www.svalbard.fr\/actualites\/victoria-beckham-a-subi-un-coup-dur-au-milieu-dun-aveu-dur-de-sa-vie-de-famille\/\",\"name\":\"Victoria Beckham a subi un coup dur au milieu d&#39;un aveu \\\"dur\\\" de sa vie de famille\",\"isPartOf\":{\"@id\":\"https:\/\/www.svalbard.fr\/actualites\/#website\"},\"datePublished\":\"2025-10-25T18:53:29+00:00\",\"dateModified\":\"2025-10-25T18:53:31+00:00\",\"breadcrumb\":{\"@id\":\"https:\/\/www.svalbard.fr\/actualites\/victoria-beckham-a-subi-un-coup-dur-au-milieu-dun-aveu-dur-de-sa-vie-de-famille\/#breadcrumb\"},\"inLanguage\":\"fr-FR\",\"potentialAction\":[{\"@type\":\"ReadAction\",\"target\":[\"https:\/\/www.svalbard.fr\/actualites\/victoria-beckham-a-subi-un-coup-dur-au-milieu-dun-aveu-dur-de-sa-vie-de-famille\/\"]}]},{\"@type\":\"BreadcrumbList\",\"@id\":\"https:\/\/www.svalbard.fr\/actualites\/victoria-beckham-a-subi-un-coup-dur-au-milieu-dun-aveu-dur-de-sa-vie-de-famille\/#breadcrumb\",\"itemListElement\":[{\"@type\":\"ListItem\",\"position\":1,\"name\":\"Accueil\",\"item\":\"https:\/\/www.svalbard.fr\/actualites\/\"},{\"@type\":\"ListItem\",\"position\":2,\"name\":\"Victoria Beckham a subi un coup dur au milieu d&#39;un aveu \u00ab\u00a0dur\u00a0\u00bb de sa vie de famille\"}]},{\"@type\":\"WebSite\",\"@id\":\"https:\/\/www.svalbard.fr\/actualites\/#website\",\"url\":\"https:\/\/www.svalbard.fr\/actualites\/\",\"name\":\"www.Svalbard.fr\",\"description\":\"\",\"publisher\":{\"@id\":\"https:\/\/www.svalbard.fr\/actualites\/#organization\"},\"potentialAction\":[{\"@type\":\"SearchAction\",\"target\":{\"@type\":\"EntryPoint\",\"urlTemplate\":\"https:\/\/www.svalbard.fr\/actualites\/?s={search_term_string}\"},\"query-input\":\"required name=search_term_string\"}],\"inLanguage\":\"fr-FR\"},{\"@type\":\"Organization\",\"@id\":\"https:\/\/www.svalbard.fr\/actualites\/#organization\",\"name\":\"www.Svalbard.fr\",\"url\":\"https:\/\/www.svalbard.fr\/actualites\/\",\"logo\":{\"@type\":\"ImageObject\",\"inLanguage\":\"fr-FR\",\"@id\":\"https:\/\/www.svalbard.fr\/actualites\/#\/schema\/logo\/image\/\",\"url\":\"https:\/\/www.svalbard.fr\/actualites\/wp-content\/uploads\/2023\/09\/head-nom.jpg\",\"contentUrl\":\"https:\/\/www.svalbard.fr\/actualites\/wp-content\/uploads\/2023\/09\/head-nom.jpg\",\"width\":264,\"height\":35,\"caption\":\"www.Svalbard.fr\"},\"image\":{\"@id\":\"https:\/\/www.svalbard.fr\/actualites\/#\/schema\/logo\/image\/\"}},{\"@type\":\"Person\",\"@id\":\"https:\/\/www.svalbard.fr\/actualites\/#\/schema\/person\/a2f937d5712222366738fae98755c600\",\"name\":\"Hilmar\",\"image\":{\"@type\":\"ImageObject\",\"inLanguage\":\"fr-FR\",\"@id\":\"https:\/\/www.svalbard.fr\/actualites\/#\/schema\/person\/image\/\",\"url\":\"https:\/\/secure.gravatar.com\/avatar\/4daa437093476dbc32da415c112b6512?s=96&d=mm&r=g\",\"contentUrl\":\"https:\/\/secure.gravatar.com\/avatar\/4daa437093476dbc32da415c112b6512?s=96&d=mm&r=g\",\"caption\":\"Hilmar\"},\"description\":\"Hilmar est un passionn\u00e9 des r\u00e9gions polaires, sp\u00e9cialis\u00e9 dans la r\u00e9daction d'articles sur le Spitzberg et autres destinations arctiques. Il apporte son expertise et sa passion pour l'Arctique au sein de l'\u00e9quipe de r\u00e9daction de Svalbard depuis de nombreuses ann\u00e9es.\",\"sameAs\":[\"https:\/\/www.svalbard.fr\/\"]}]}<\/script>\n<!-- \/ Yoast SEO plugin. -->","yoast_head_json":{"title":"Victoria Beckham a subi un coup dur au milieu d&#39;un aveu \"dur\" de sa vie de famille","robots":{"index":"index","follow":"follow","max-snippet":"max-snippet:-1","max-image-preview":"max-image-preview:large","max-video-preview":"max-video-preview:-1"},"canonical":"https:\/\/www.svalbard.fr\/actualites\/victoria-beckham-a-subi-un-coup-dur-au-milieu-dun-aveu-dur-de-sa-vie-de-famille\/","og_locale":"fr_FR","og_type":"article","og_title":"Victoria Beckham a subi un coup dur au milieu d&#39;un aveu \"dur\" de sa vie de famille","og_description":"Victoria Beckham a re\u00e7u un nouveau coup dur apr\u00e8s une \u00e9crasante bataille juridique concernant la marque de sa marque de mode \u00e9ponyme, qu&#39;elle a perdue","og_url":"https:\/\/www.svalbard.fr\/actualites\/victoria-beckham-a-subi-un-coup-dur-au-milieu-dun-aveu-dur-de-sa-vie-de-famille\/","og_site_name":"www.Svalbard.fr","article_published_time":"2025-10-25T18:53:29+00:00","article_modified_time":"2025-10-25T18:53:31+00:00","og_image":[{"width":1200,"height":630,"url":"https:\/\/www.svalbard.fr\/actualites\/wp-content\/uploads\/2025\/10\/Victoria-Beckham-a-subi-un-coup-dur-au-milieu-d39un.jpg","type":"image\/jpeg"}],"author":"Hilmar","twitter_card":"summary_large_image","twitter_misc":{"\u00c9crit par":"Hilmar","Dur\u00e9e de lecture estim\u00e9e":"3 minutes"},"schema":{"@context":"https:\/\/schema.org","@graph":[{"@type":"Article","@id":"https:\/\/www.svalbard.fr\/actualites\/victoria-beckham-a-subi-un-coup-dur-au-milieu-dun-aveu-dur-de-sa-vie-de-famille\/#article","isPartOf":{"@id":"https:\/\/www.svalbard.fr\/actualites\/victoria-beckham-a-subi-un-coup-dur-au-milieu-dun-aveu-dur-de-sa-vie-de-famille\/"},"author":{"name":"Hilmar","@id":"https:\/\/www.svalbard.fr\/actualites\/#\/schema\/person\/a2f937d5712222366738fae98755c600"},"headline":"Victoria Beckham a subi un coup dur au milieu d&#39;un aveu \u00ab\u00a0dur\u00a0\u00bb de sa vie de famille","datePublished":"2025-10-25T18:53:29+00:00","dateModified":"2025-10-25T18:53:31+00:00","mainEntityOfPage":{"@id":"https:\/\/www.svalbard.fr\/actualites\/victoria-beckham-a-subi-un-coup-dur-au-milieu-dun-aveu-dur-de-sa-vie-de-famille\/"},"wordCount":663,"publisher":{"@id":"https:\/\/www.svalbard.fr\/actualites\/#organization"},"keywords":["aveu","Beckham","coup","d39un","dur","famille","milieu","subi","Victoria","vie"],"inLanguage":"fr-FR"},{"@type":"WebPage","@id":"https:\/\/www.svalbard.fr\/actualites\/victoria-beckham-a-subi-un-coup-dur-au-milieu-dun-aveu-dur-de-sa-vie-de-famille\/","url":"https:\/\/www.svalbard.fr\/actualites\/victoria-beckham-a-subi-un-coup-dur-au-milieu-dun-aveu-dur-de-sa-vie-de-famille\/","name":"Victoria Beckham a subi un coup dur au milieu d&#39;un aveu \"dur\" de sa vie de famille","isPartOf":{"@id":"https:\/\/www.svalbard.fr\/actualites\/#website"},"datePublished":"2025-10-25T18:53:29+00:00","dateModified":"2025-10-25T18:53:31+00:00","breadcrumb":{"@id":"https:\/\/www.svalbard.fr\/actualites\/victoria-beckham-a-subi-un-coup-dur-au-milieu-dun-aveu-dur-de-sa-vie-de-famille\/#breadcrumb"},"inLanguage":"fr-FR","potentialAction":[{"@type":"ReadAction","target":["https:\/\/www.svalbard.fr\/actualites\/victoria-beckham-a-subi-un-coup-dur-au-milieu-dun-aveu-dur-de-sa-vie-de-famille\/"]}]},{"@type":"BreadcrumbList","@id":"https:\/\/www.svalbard.fr\/actualites\/victoria-beckham-a-subi-un-coup-dur-au-milieu-dun-aveu-dur-de-sa-vie-de-famille\/#breadcrumb","itemListElement":[{"@type":"ListItem","position":1,"name":"Accueil","item":"https:\/\/www.svalbard.fr\/actualites\/"},{"@type":"ListItem","position":2,"name":"Victoria Beckham a subi un coup dur au milieu d&#39;un aveu \u00ab\u00a0dur\u00a0\u00bb de sa vie de famille"}]},{"@type":"WebSite","@id":"https:\/\/www.svalbard.fr\/actualites\/#website","url":"https:\/\/www.svalbard.fr\/actualites\/","name":"www.Svalbard.fr","description":"","publisher":{"@id":"https:\/\/www.svalbard.fr\/actualites\/#organization"},"potentialAction":[{"@type":"SearchAction","target":{"@type":"EntryPoint","urlTemplate":"https:\/\/www.svalbard.fr\/actualites\/?s={search_term_string}"},"query-input":"required name=search_term_string"}],"inLanguage":"fr-FR"},{"@type":"Organization","@id":"https:\/\/www.svalbard.fr\/actualites\/#organization","name":"www.Svalbard.fr","url":"https:\/\/www.svalbard.fr\/actualites\/","logo":{"@type":"ImageObject","inLanguage":"fr-FR","@id":"https:\/\/www.svalbard.fr\/actualites\/#\/schema\/logo\/image\/","url":"https:\/\/www.svalbard.fr\/actualites\/wp-content\/uploads\/2023\/09\/head-nom.jpg","contentUrl":"https:\/\/www.svalbard.fr\/actualites\/wp-content\/uploads\/2023\/09\/head-nom.jpg","width":264,"height":35,"caption":"www.Svalbard.fr"},"image":{"@id":"https:\/\/www.svalbard.fr\/actualites\/#\/schema\/logo\/image\/"}},{"@type":"Person","@id":"https:\/\/www.svalbard.fr\/actualites\/#\/schema\/person\/a2f937d5712222366738fae98755c600","name":"Hilmar","image":{"@type":"ImageObject","inLanguage":"fr-FR","@id":"https:\/\/www.svalbard.fr\/actualites\/#\/schema\/person\/image\/","url":"https:\/\/secure.gravatar.com\/avatar\/4daa437093476dbc32da415c112b6512?s=96&d=mm&r=g","contentUrl":"https:\/\/secure.gravatar.com\/avatar\/4daa437093476dbc32da415c112b6512?s=96&d=mm&r=g","caption":"Hilmar"},"description":"Hilmar est un passionn\u00e9 des r\u00e9gions polaires, sp\u00e9cialis\u00e9 dans la r\u00e9daction d'articles sur le Spitzberg et autres destinations arctiques. Il apporte son expertise et sa passion pour l'Arctique au sein de l'\u00e9quipe de r\u00e9daction de Svalbard depuis de nombreuses ann\u00e9es.","sameAs":["https:\/\/www.svalbard.fr\/"]}]}},"_links":{"self":[{"href":"https:\/\/www.svalbard.fr\/actualites\/wp-json\/wp\/v2\/posts\/5051"}],"collection":[{"href":"https:\/\/www.svalbard.fr\/actualites\/wp-json\/wp\/v2\/posts"}],"about":[{"href":"https:\/\/www.svalbard.fr\/actualites\/wp-json\/wp\/v2\/types\/post"}],"author":[{"embeddable":true,"href":"https:\/\/www.svalbard.fr\/actualites\/wp-json\/wp\/v2\/users\/1"}],"replies":[{"embeddable":true,"href":"https:\/\/www.svalbard.fr\/actualites\/wp-json\/wp\/v2\/comments?post=5051"}],"version-history":[{"count":1,"href":"https:\/\/www.svalbard.fr\/actualites\/wp-json\/wp\/v2\/posts\/5051\/revisions"}],"predecessor-version":[{"id":5053,"href":"https:\/\/www.svalbard.fr\/actualites\/wp-json\/wp\/v2\/posts\/5051\/revisions\/5053"}],"wp:featuredmedia":[{"embeddable":true,"href":"https:\/\/www.svalbard.fr\/actualites\/wp-json\/wp\/v2\/media\/5052"}],"wp:attachment":[{"href":"https:\/\/www.svalbard.fr\/actualites\/wp-json\/wp\/v2\/media?parent=5051"}],"wp:term":[{"taxonomy":"category","embeddable":true,"href":"https:\/\/www.svalbard.fr\/actualites\/wp-json\/wp\/v2\/categories?post=5051"},{"taxonomy":"post_tag","embeddable":true,"href":"https:\/\/www.svalbard.fr\/actualites\/wp-json\/wp\/v2\/tags?post=5051"}],"curies":[{"name":"wp","href":"https:\/\/api.w.org\/{rel}","templated":true}]}}