{"id":5056,"date":"2025-11-03T08:51:25","date_gmt":"2025-11-03T07:51:25","guid":{"rendered":"https:\/\/www.svalbard.fr\/actualites\/le-pionnier-norvegien-du-ballon-dor\/"},"modified":"2025-11-03T08:51:25","modified_gmt":"2025-11-03T07:51:25","slug":"le-pionnier-norvegien-du-ballon-dor","status":"publish","type":"post","link":"https:\/\/www.svalbard.fr\/actualites\/le-pionnier-norvegien-du-ballon-dor\/","title":{"rendered":"Le pionnier norv\u00e9gien du Ballon d&#39;Or"},"content":{"rendered":"<div itemprop=\"text\">\n\t\t\t<span id=\"dpsp-post-content-markup\" data-image-pin-it=\"false\"><\/span><\/p>\n<p class=\"intro\">Elle marque des buts pour le plaisir et dit la v\u00e9rit\u00e9 au pouvoir. La Norv\u00e9gienne Ada Hegerberg a transform\u00e9 la gloire du football en une plateforme mondiale pour l&#39;\u00e9quit\u00e9, l&#39;\u00e9galit\u00e9 et un changement durable. C&#39;est son histoire.<\/p>\n<p>Lorsqu\u2019Ada Hegerberg est devenue la premi\u00e8re femme \u00e0 remporter le Ballon d\u2019Or en 2018, elle a fait plus que marquer l\u2019histoire. Elle a envoy\u00e9 un message.<\/p>\n<figure class=\"wp-block-image size-large\"><img data-lazyloaded=\"1\" data-placeholder-resp=\"768x432\" fetchpriority=\"high\" decoding=\"async\" width=\"768\" height=\"432\" src=\"https:\/\/www.svalbard.fr\/actualites\/wp-content\/uploads\/2025\/11\/Le-pionnier-norvegien-du-Ballon-d39Or.jpg\" alt=\"La footballeuse norv\u00e9gienne Ada Hegerberg joue pour l&#39;Olympique Lyonnais. Photo : Oleh Dubyna \/ Shutterstock.com.\" class=\"wp-image-85034\"  data-><noscript><img fetchpriority=\"high\" decoding=\"async\" width=\"768\" height=\"432\" src=\"https:\/\/www.svalbard.fr\/actualites\/wp-content\/uploads\/2025\/11\/Le-pionnier-norvegien-du-Ballon-d39Or.jpg\" alt=\"La footballeuse norv\u00e9gienne Ada Hegerberg joue pour l&#39;Olympique Lyonnais. Photo : Oleh Dubyna \/ Shutterstock.com.\" class=\"wp-image-85034\"  ><\/noscript><\/figure>\n<p>\u00c0 seulement 23 ans, l&#39;attaquante norv\u00e9gienne s&#39;est pr\u00e9sent\u00e9e sur la plus grande sc\u00e8ne du football mondial et a montr\u00e9 que le football f\u00e9minin m\u00e9ritait la m\u00eame reconnaissance, le m\u00eame respect et la m\u00eame r\u00e9compense.<\/p>\n<p>Ce moment a \u00e9t\u00e9 un tournant pour le sport, m\u00eame s&#39;il a \u00e9t\u00e9 bri\u00e8vement \u00e9clips\u00e9 par le d\u00e9sormais tristement c\u00e9l\u00e8bre commentaire de l&#39;h\u00f4te de la c\u00e9r\u00e9monie lui demandant de twerker sur sc\u00e8ne.<\/p>\n<p>La r\u00e9ponse digne de Hegerberg (elle a simplement dit \u00ab non \u00bb et a continu\u00e9) est venue la d\u00e9finir autant que ses objectifs : calme, d\u00e9termin\u00e9e et n&#39;ayant pas peur de remettre en question le statu quo.<\/p>\n<h2 class=\"wp-block-heading\">De Sunndals\u00f8ra \u00e0 la sc\u00e8ne mondiale<\/h2>\n<p>N\u00e9e en 1995 dans la petite ville de Sunndals\u00f8ra, dans l&#39;ouest de la Norv\u00e8ge, Hegerberg a grandi en jouant au ballon avec sa s\u0153ur a\u00een\u00e9e, Andrine.<\/p>\n<p>Les deux hommes \u00e9taient ins\u00e9parables sur le terrain, rejoignant leur premi\u00e8re \u00e9quipe et devan\u00e7ant rapidement les gar\u00e7ons avec lesquels ils s&#39;entra\u00eenaient.<\/p>\n<figure class=\"wp-block-image size-large\"><img loading=\"lazy\" data-lazyloaded=\"1\" data-placeholder-resp=\"768x432\" decoding=\"async\" width=\"768\" height=\"432\" src=\"https:\/\/www.svalbard.fr\/actualites\/wp-content\/uploads\/2025\/11\/1762156285_423_Le-pionnier-norvegien-du-Ballon-d39Or.jpg\" alt=\"La footballeuse norv\u00e9gienne Ada Hegerberg c\u00e9l\u00e8bre avec le troph\u00e9e de l&#39;UEFA Champions League alors qu&#39;elle jouait pour l&#39;Olympique Lyonnais. Photo : Mikolaj Barbanell \/ Shutterstock.com.\" class=\"wp-image-85036\"  data-><noscript><img loading=\"lazy\" decoding=\"async\" width=\"768\" height=\"432\" src=\"https:\/\/www.svalbard.fr\/actualites\/wp-content\/uploads\/2025\/11\/1762156285_423_Le-pionnier-norvegien-du-Ballon-d39Or.jpg\" alt=\"La footballeuse norv\u00e9gienne Ada Hegerberg c\u00e9l\u00e8bre avec le troph\u00e9e de l&#39;UEFA Champions League alors qu&#39;elle jouait pour l&#39;Olympique Lyonnais. Photo : Mikolaj Barbanell \/ Shutterstock.com.\" class=\"wp-image-85036\"  ><\/noscript><\/figure>\n<p>Leurs parents, tous deux footballeurs amateurs passionn\u00e9s, encourageaient leur passion. Lorsque la famille a ensuite d\u00e9m\u00e9nag\u00e9 \u00e0 Kolbotn, pr\u00e8s d&#39;Oslo, les s\u0153urs ont rejoint Kolbotn IL et l&#39;instinct de buteuse d&#39;Ada a commenc\u00e9 \u00e0 briller.<\/p>\n<p>Elle a termin\u00e9 sa premi\u00e8re saison en tant que meilleure buteuse de la ligue \u00e0 seulement 16 ans, remportant le prix de la jeune joueuse de l&#39;ann\u00e9e.<\/p>\n<p>Apr\u00e8s un court passage au Stab\u00e6k et une saison en Allemagne au Turbine Potsdam, Hegerberg fait le choix qui d\u00e9finira sa carri\u00e8re : signer \u00e0 l&#39;Olympique Lyonnais en 2014.<\/p>\n<h2 class=\"wp-block-heading\">Une machine \u00e0 buts \u00e0 Lyon<\/h2>\n<p>Lorsqu&#39;Ada Hegerberg rejoint l&#39;Olympique Lyonnais en 2014, le club fran\u00e7ais \u00e9tait d\u00e9j\u00e0 une puissance dans le football f\u00e9minin. Mais ce qui suivit fut un \u00e2ge d\u2019or, avec Hegerberg en son c\u0153ur.<\/p>\n<p>Sa premi\u00e8re saison est extraordinaire : 26 buts en 22 matches de championnat et un neuvi\u00e8me titre cons\u00e9cutif de Lyon en Division 1 F\u00e9minine. D\u00e8s lors, ses objectifs afflu\u00e8rent \u00e0 flots. Au cours de ses cinq premi\u00e8res saisons, elle a marqu\u00e9 plus de 200 fois toutes comp\u00e9titions confondues.<\/p>\n<p>C\u2019est un rythme de frappe stup\u00e9fiant qui a fait d\u2019elle l\u2019une des attaquantes les plus prolifiques du football moderne.<\/p>\n<figure class=\"wp-block-image size-large\"><img loading=\"lazy\" data-lazyloaded=\"1\" data-placeholder-resp=\"768x512\" decoding=\"async\" width=\"768\" height=\"512\" src=\"https:\/\/www.svalbard.fr\/actualites\/wp-content\/uploads\/2025\/11\/1762156285_458_Le-pionnier-norvegien-du-Ballon-d39Or.jpg\" alt=\"Ada Hegerberg joue pour Lyon. Photo : Victor Velter \/ Shutterstock.com.\" class=\"wp-image-85037\"  data-><noscript><img loading=\"lazy\" decoding=\"async\" width=\"768\" height=\"512\" src=\"https:\/\/www.svalbard.fr\/actualites\/wp-content\/uploads\/2025\/11\/1762156285_458_Le-pionnier-norvegien-du-Ballon-d39Or.jpg\" alt=\"Ada Hegerberg joue pour Lyon. Photo : Victor Velter \/ Shutterstock.com.\" class=\"wp-image-85037\"  ><\/noscript><\/figure>\n<p>A Lyon, elle est devenue une attaquante compl\u00e8te : rapide avec le ballon, impitoyable devant le but et meurtri\u00e8re des deux pieds. Elle avait l\u2019instinct d\u2019\u00eatre au bon endroit au bon moment, transformant les demi-occasions en buts avec un sang-froid sans effort.<\/p>\n<p>Sa domination s&#39;\u00e9tendait au-del\u00e0 de la France. Dans les comp\u00e9titions europ\u00e9ennes, Hegerberg est devenue la meilleure buteuse de tous les temps en Ligue des champions f\u00e9minine de l&#39;UEFA, surpassant m\u00eame les l\u00e9gendes qui jouaient depuis bien plus longtemps.<\/p>\n<p>En 2025, elle avait marqu\u00e9 plus de 60 buts dans le tournoi, dont un superbe tripl\u00e9 lors de la finale 2019 contre Barcelone, remport\u00e9e par Lyon 4-1. Ce soir-l\u00e0, elle n&#39;a pas seulement remport\u00e9 un autre troph\u00e9e, elle a v\u00e9ritablement d\u00e9fini une \u00e9poque.<\/p>\n<p>Sous son influence, Lyon a remport\u00e9 cinq titres cons\u00e9cutifs en Ligue des champions entre 2016 et 2020 et a poursuivi son r\u00e8gne de reine incontest\u00e9e du football europ\u00e9en. Peu d\u2019\u00e9quipes dans l\u2019histoire ont domin\u00e9 avec une telle r\u00e9gularit\u00e9.<\/p>\n<p>Puis, d\u00e9but 2020, la catastrophe a frapp\u00e9. Une grave blessure au ligament crois\u00e9 ant\u00e9rieur (LCA) l\u2019a tenue \u00e0 l\u2019\u00e9cart pendant plus d\u2019un an et demi. Pour un athl\u00e8te dont l\u2019identit\u00e9 \u00e9tait li\u00e9e \u00e0 la performance, ce fut une pause brutale. Mais le r\u00e9tablissement de Hegerberg a montr\u00e9 la m\u00eame discipline qui avait fait d&#39;elle une star.<\/p>\n<p>Elle est revenue sur le terrain d\u00e9but 2022 sous une standing ovation et a marqu\u00e9 quelques minutes apr\u00e8s son retour. Quelques mois plus tard, elle retrouve la Ligue des Champions, ajoutant un nouveau but \u00e0 son record.<\/p>\n<h2 class=\"wp-block-heading\">Hegerberg d\u00e9fend l\u2019\u00e9galit\u00e9<\/h2>\n<p>La carri\u00e8re de Hegerberg a toujours \u00e9t\u00e9 bien plus que le football. En 2017, elle a fait la une des journaux du monde entier lorsqu&#39;elle a quitt\u00e9 l&#39;\u00e9quipe nationale norv\u00e9gienne, citant une profonde frustration face au traitement in\u00e9gal des joueuses par rapport \u00e0 leurs homologues masculins.<\/p>\n<p>\u00c0 l&#39;\u00e9poque, la Norv\u00e8ge \u00e9tait l&#39;un des rares pays \u00e0 disposer d&#39;une ligue professionnelle f\u00e9minine et \u00e0 s&#39;enorgueillir d&#39;un riche historique de succ\u00e8s dans le football f\u00e9minin, notamment d&#39;une victoire en Coupe du monde en 1995.<\/p>\n<figure class=\"wp-block-image size-large\"><img loading=\"lazy\" data-lazyloaded=\"1\" data-placeholder-resp=\"768x512\" decoding=\"async\" width=\"768\" height=\"512\" src=\"https:\/\/www.svalbard.fr\/actualites\/wp-content\/uploads\/2025\/11\/1762156285_570_Le-pionnier-norvegien-du-Ballon-d39Or.jpg\" alt=\"Ada Hegerberg joue pour Lyon lors de la finale de la Ligue des champions 2022. Photo : Victor Velter \/ Shutterstock.com.\" class=\"wp-image-85038\"  data-><noscript><img loading=\"lazy\" decoding=\"async\" width=\"768\" height=\"512\" src=\"https:\/\/www.svalbard.fr\/actualites\/wp-content\/uploads\/2025\/11\/1762156285_570_Le-pionnier-norvegien-du-Ballon-d39Or.jpg\" alt=\"Ada Hegerberg joue pour Lyon lors de la finale de la Ligue des champions 2022. Photo : Victor Velter \/ Shutterstock.com.\" class=\"wp-image-85038\"  ><\/noscript><\/figure>\n<p>Mais Hegerberg a soutenu que les progr\u00e8s \u00e9taient au point mort. \u00ab Nous avons arr\u00eat\u00e9 de parler de d\u00e9veloppement \u00bb, a-t-elle d\u00e9clar\u00e9 <em>Le Gardien.<\/em> \u00ab\u00a0D&#39;autres pays nous ont d\u00e9pass\u00e9s.\u00a0\u00bb<\/p>\n<p>Sa position a suscit\u00e9 un d\u00e9bat national, contribu\u00e9 \u00e0 acc\u00e9l\u00e9rer le changement au sein de la F\u00e9d\u00e9ration norv\u00e9gienne de football et est devenue un symbole de la lutte plus large pour l&#39;\u00e9galit\u00e9 des sexes dans le sport.<\/p>\n<p>En 2018, la Norv\u00e8ge est devenue le premier pays au monde \u00e0 accepter de payer \u00e0 parts \u00e9gales ses \u00e9quipes nationales masculines et f\u00e9minines. C\u2019est une \u00e9tape que beaucoup attribuent \u00e0 la pression qu\u2019Hegerberg a contribu\u00e9 \u00e0 cr\u00e9er.<\/p>\n<p>Elle est finalement revenue en \u00e9quipe nationale en 2022, marquant lors de son match de retour et repr\u00e9sentant plus tard la Norv\u00e8ge \u00e0 la Coupe du monde f\u00e9minine 2023.<\/p>\n<h2 class=\"wp-block-heading\">Une ic\u00f4ne culturelle au-del\u00e0 du sport<\/h2>\n<p>En Norv\u00e8ge, Ada Hegerberg participe au d\u00e9bat plus large du pays sur l&#39;\u00e9quit\u00e9, la repr\u00e9sentation et ce que signifie utiliser sa plateforme de mani\u00e8re responsable.<\/p>\n<p>Elle a parl\u00e9 ouvertement de la confiance en soi, de la sant\u00e9 mentale et des pressions auxquelles sont confront\u00e9es les jeunes femmes dans le sport d\u2019\u00e9lite.<\/p>\n<p>Son plaidoyer s&#39;est \u00e9tendu aux campagnes mondiales promouvant l&#39;\u00e9galit\u00e9 et la participation au football f\u00e9minin, notamment aux partenariats avec l&#39;UEFA et Nike visant \u00e0 inciter les filles \u00e0 jouer.<\/p>\n<p>En dehors du terrain, elle est devenue un mod\u00e8le pour une nouvelle g\u00e9n\u00e9ration de footballeurs norv\u00e9giens. Elle est franche, authentique et peu dispos\u00e9e \u00e0 accepter le \u00ab assez bien \u00bb en mati\u00e8re d&#39;\u00e9galit\u00e9.<\/p>\n<\/p><\/div>\n","protected":false},"excerpt":{"rendered":"<p>Elle marque des buts pour le plaisir et dit la v\u00e9rit\u00e9 au pouvoir. La Norv\u00e9gienne Ada Hegerberg a transform\u00e9 la gloire du football en une<\/p>\n","protected":false},"author":1,"featured_media":5057,"comment_status":"","ping_status":"","sticky":false,"template":"","format":"standard","meta":{"footnotes":""},"categories":[2277],"tags":[5293,1516,184,2157],"yoast_head":"<!-- This site is optimized with the Yoast SEO plugin v21.0 - https:\/\/yoast.com\/wordpress\/plugins\/seo\/ -->\n<title>Le pionnier norv\u00e9gien du Ballon d&#039;Or<\/title>\n<meta name=\"robots\" content=\"index, follow, max-snippet:-1, max-image-preview:large, max-video-preview:-1\" \/>\n<link rel=\"canonical\" href=\"https:\/\/www.svalbard.fr\/actualites\/le-pionnier-norvegien-du-ballon-dor\/\" \/>\n<meta property=\"og:locale\" content=\"fr_FR\" \/>\n<meta property=\"og:type\" content=\"article\" \/>\n<meta property=\"og:title\" content=\"Le pionnier norv\u00e9gien du Ballon d&#039;Or\" \/>\n<meta property=\"og:description\" content=\"Elle marque des buts pour le plaisir et dit la v\u00e9rit\u00e9 au pouvoir. La Norv\u00e9gienne Ada Hegerberg a transform\u00e9 la gloire du football en une\" \/>\n<meta property=\"og:url\" content=\"https:\/\/www.svalbard.fr\/actualites\/le-pionnier-norvegien-du-ballon-dor\/\" \/>\n<meta property=\"og:site_name\" content=\"www.Svalbard.fr\" \/>\n<meta property=\"article:published_time\" content=\"2025-11-03T07:51:25+00:00\" \/>\n<meta property=\"og:image\" content=\"https:\/\/www.svalbard.fr\/actualites\/wp-content\/uploads\/2025\/11\/Le-pionnier-norvegien-du-Ballon-d39Or.jpg\" \/>\n<meta name=\"author\" content=\"Hilmar\" \/>\n<meta name=\"twitter:card\" content=\"summary_large_image\" \/>\n<meta name=\"twitter:label1\" content=\"\u00c9crit par\" \/>\n\t<meta name=\"twitter:data1\" content=\"Hilmar\" \/>\n\t<meta name=\"twitter:label2\" content=\"Dur\u00e9e de lecture estim\u00e9e\" \/>\n\t<meta name=\"twitter:data2\" content=\"6 minutes\" \/>\n<script type=\"application\/ld+json\" class=\"yoast-schema-graph\">{\"@context\":\"https:\/\/schema.org\",\"@graph\":[{\"@type\":\"Article\",\"@id\":\"https:\/\/www.svalbard.fr\/actualites\/le-pionnier-norvegien-du-ballon-dor\/#article\",\"isPartOf\":{\"@id\":\"https:\/\/www.svalbard.fr\/actualites\/le-pionnier-norvegien-du-ballon-dor\/\"},\"author\":{\"name\":\"Hilmar\",\"@id\":\"https:\/\/www.svalbard.fr\/actualites\/#\/schema\/person\/a2f937d5712222366738fae98755c600\"},\"headline\":\"Le pionnier norv\u00e9gien du Ballon d&#39;Or\",\"datePublished\":\"2025-11-03T07:51:25+00:00\",\"dateModified\":\"2025-11-03T07:51:25+00:00\",\"mainEntityOfPage\":{\"@id\":\"https:\/\/www.svalbard.fr\/actualites\/le-pionnier-norvegien-du-ballon-dor\/\"},\"wordCount\":1136,\"publisher\":{\"@id\":\"https:\/\/www.svalbard.fr\/actualites\/#organization\"},\"keywords\":[\"Ballon\",\"d39or\",\"norv\u00e9gien\",\"pionnier\"],\"inLanguage\":\"fr-FR\"},{\"@type\":\"WebPage\",\"@id\":\"https:\/\/www.svalbard.fr\/actualites\/le-pionnier-norvegien-du-ballon-dor\/\",\"url\":\"https:\/\/www.svalbard.fr\/actualites\/le-pionnier-norvegien-du-ballon-dor\/\",\"name\":\"Le pionnier norv\u00e9gien du Ballon d&#39;Or\",\"isPartOf\":{\"@id\":\"https:\/\/www.svalbard.fr\/actualites\/#website\"},\"datePublished\":\"2025-11-03T07:51:25+00:00\",\"dateModified\":\"2025-11-03T07:51:25+00:00\",\"breadcrumb\":{\"@id\":\"https:\/\/www.svalbard.fr\/actualites\/le-pionnier-norvegien-du-ballon-dor\/#breadcrumb\"},\"inLanguage\":\"fr-FR\",\"potentialAction\":[{\"@type\":\"ReadAction\",\"target\":[\"https:\/\/www.svalbard.fr\/actualites\/le-pionnier-norvegien-du-ballon-dor\/\"]}]},{\"@type\":\"BreadcrumbList\",\"@id\":\"https:\/\/www.svalbard.fr\/actualites\/le-pionnier-norvegien-du-ballon-dor\/#breadcrumb\",\"itemListElement\":[{\"@type\":\"ListItem\",\"position\":1,\"name\":\"Accueil\",\"item\":\"https:\/\/www.svalbard.fr\/actualites\/\"},{\"@type\":\"ListItem\",\"position\":2,\"name\":\"Le pionnier norv\u00e9gien du Ballon d&#39;Or\"}]},{\"@type\":\"WebSite\",\"@id\":\"https:\/\/www.svalbard.fr\/actualites\/#website\",\"url\":\"https:\/\/www.svalbard.fr\/actualites\/\",\"name\":\"www.Svalbard.fr\",\"description\":\"\",\"publisher\":{\"@id\":\"https:\/\/www.svalbard.fr\/actualites\/#organization\"},\"potentialAction\":[{\"@type\":\"SearchAction\",\"target\":{\"@type\":\"EntryPoint\",\"urlTemplate\":\"https:\/\/www.svalbard.fr\/actualites\/?s={search_term_string}\"},\"query-input\":\"required name=search_term_string\"}],\"inLanguage\":\"fr-FR\"},{\"@type\":\"Organization\",\"@id\":\"https:\/\/www.svalbard.fr\/actualites\/#organization\",\"name\":\"www.Svalbard.fr\",\"url\":\"https:\/\/www.svalbard.fr\/actualites\/\",\"logo\":{\"@type\":\"ImageObject\",\"inLanguage\":\"fr-FR\",\"@id\":\"https:\/\/www.svalbard.fr\/actualites\/#\/schema\/logo\/image\/\",\"url\":\"https:\/\/www.svalbard.fr\/actualites\/wp-content\/uploads\/2023\/09\/head-nom.jpg\",\"contentUrl\":\"https:\/\/www.svalbard.fr\/actualites\/wp-content\/uploads\/2023\/09\/head-nom.jpg\",\"width\":264,\"height\":35,\"caption\":\"www.Svalbard.fr\"},\"image\":{\"@id\":\"https:\/\/www.svalbard.fr\/actualites\/#\/schema\/logo\/image\/\"}},{\"@type\":\"Person\",\"@id\":\"https:\/\/www.svalbard.fr\/actualites\/#\/schema\/person\/a2f937d5712222366738fae98755c600\",\"name\":\"Hilmar\",\"image\":{\"@type\":\"ImageObject\",\"inLanguage\":\"fr-FR\",\"@id\":\"https:\/\/www.svalbard.fr\/actualites\/#\/schema\/person\/image\/\",\"url\":\"https:\/\/secure.gravatar.com\/avatar\/4daa437093476dbc32da415c112b6512?s=96&d=mm&r=g\",\"contentUrl\":\"https:\/\/secure.gravatar.com\/avatar\/4daa437093476dbc32da415c112b6512?s=96&d=mm&r=g\",\"caption\":\"Hilmar\"},\"description\":\"Hilmar est un passionn\u00e9 des r\u00e9gions polaires, sp\u00e9cialis\u00e9 dans la r\u00e9daction d'articles sur le Spitzberg et autres destinations arctiques. Il apporte son expertise et sa passion pour l'Arctique au sein de l'\u00e9quipe de r\u00e9daction de Svalbard depuis de nombreuses ann\u00e9es.\",\"sameAs\":[\"https:\/\/www.svalbard.fr\/\"]}]}<\/script>\n<!-- \/ Yoast SEO plugin. -->","yoast_head_json":{"title":"Le pionnier norv\u00e9gien du Ballon d&#39;Or","robots":{"index":"index","follow":"follow","max-snippet":"max-snippet:-1","max-image-preview":"max-image-preview:large","max-video-preview":"max-video-preview:-1"},"canonical":"https:\/\/www.svalbard.fr\/actualites\/le-pionnier-norvegien-du-ballon-dor\/","og_locale":"fr_FR","og_type":"article","og_title":"Le pionnier norv\u00e9gien du Ballon d&#39;Or","og_description":"Elle marque des buts pour le plaisir et dit la v\u00e9rit\u00e9 au pouvoir. La Norv\u00e9gienne Ada Hegerberg a transform\u00e9 la gloire du football en une","og_url":"https:\/\/www.svalbard.fr\/actualites\/le-pionnier-norvegien-du-ballon-dor\/","og_site_name":"www.Svalbard.fr","article_published_time":"2025-11-03T07:51:25+00:00","og_image":[{"url":"https:\/\/www.svalbard.fr\/actualites\/wp-content\/uploads\/2025\/11\/Le-pionnier-norvegien-du-Ballon-d39Or.jpg"}],"author":"Hilmar","twitter_card":"summary_large_image","twitter_misc":{"\u00c9crit par":"Hilmar","Dur\u00e9e de lecture estim\u00e9e":"6 minutes"},"schema":{"@context":"https:\/\/schema.org","@graph":[{"@type":"Article","@id":"https:\/\/www.svalbard.fr\/actualites\/le-pionnier-norvegien-du-ballon-dor\/#article","isPartOf":{"@id":"https:\/\/www.svalbard.fr\/actualites\/le-pionnier-norvegien-du-ballon-dor\/"},"author":{"name":"Hilmar","@id":"https:\/\/www.svalbard.fr\/actualites\/#\/schema\/person\/a2f937d5712222366738fae98755c600"},"headline":"Le pionnier norv\u00e9gien du Ballon d&#39;Or","datePublished":"2025-11-03T07:51:25+00:00","dateModified":"2025-11-03T07:51:25+00:00","mainEntityOfPage":{"@id":"https:\/\/www.svalbard.fr\/actualites\/le-pionnier-norvegien-du-ballon-dor\/"},"wordCount":1136,"publisher":{"@id":"https:\/\/www.svalbard.fr\/actualites\/#organization"},"keywords":["Ballon","d39or","norv\u00e9gien","pionnier"],"inLanguage":"fr-FR"},{"@type":"WebPage","@id":"https:\/\/www.svalbard.fr\/actualites\/le-pionnier-norvegien-du-ballon-dor\/","url":"https:\/\/www.svalbard.fr\/actualites\/le-pionnier-norvegien-du-ballon-dor\/","name":"Le pionnier norv\u00e9gien du Ballon d&#39;Or","isPartOf":{"@id":"https:\/\/www.svalbard.fr\/actualites\/#website"},"datePublished":"2025-11-03T07:51:25+00:00","dateModified":"2025-11-03T07:51:25+00:00","breadcrumb":{"@id":"https:\/\/www.svalbard.fr\/actualites\/le-pionnier-norvegien-du-ballon-dor\/#breadcrumb"},"inLanguage":"fr-FR","potentialAction":[{"@type":"ReadAction","target":["https:\/\/www.svalbard.fr\/actualites\/le-pionnier-norvegien-du-ballon-dor\/"]}]},{"@type":"BreadcrumbList","@id":"https:\/\/www.svalbard.fr\/actualites\/le-pionnier-norvegien-du-ballon-dor\/#breadcrumb","itemListElement":[{"@type":"ListItem","position":1,"name":"Accueil","item":"https:\/\/www.svalbard.fr\/actualites\/"},{"@type":"ListItem","position":2,"name":"Le pionnier norv\u00e9gien du Ballon d&#39;Or"}]},{"@type":"WebSite","@id":"https:\/\/www.svalbard.fr\/actualites\/#website","url":"https:\/\/www.svalbard.fr\/actualites\/","name":"www.Svalbard.fr","description":"","publisher":{"@id":"https:\/\/www.svalbard.fr\/actualites\/#organization"},"potentialAction":[{"@type":"SearchAction","target":{"@type":"EntryPoint","urlTemplate":"https:\/\/www.svalbard.fr\/actualites\/?s={search_term_string}"},"query-input":"required name=search_term_string"}],"inLanguage":"fr-FR"},{"@type":"Organization","@id":"https:\/\/www.svalbard.fr\/actualites\/#organization","name":"www.Svalbard.fr","url":"https:\/\/www.svalbard.fr\/actualites\/","logo":{"@type":"ImageObject","inLanguage":"fr-FR","@id":"https:\/\/www.svalbard.fr\/actualites\/#\/schema\/logo\/image\/","url":"https:\/\/www.svalbard.fr\/actualites\/wp-content\/uploads\/2023\/09\/head-nom.jpg","contentUrl":"https:\/\/www.svalbard.fr\/actualites\/wp-content\/uploads\/2023\/09\/head-nom.jpg","width":264,"height":35,"caption":"www.Svalbard.fr"},"image":{"@id":"https:\/\/www.svalbard.fr\/actualites\/#\/schema\/logo\/image\/"}},{"@type":"Person","@id":"https:\/\/www.svalbard.fr\/actualites\/#\/schema\/person\/a2f937d5712222366738fae98755c600","name":"Hilmar","image":{"@type":"ImageObject","inLanguage":"fr-FR","@id":"https:\/\/www.svalbard.fr\/actualites\/#\/schema\/person\/image\/","url":"https:\/\/secure.gravatar.com\/avatar\/4daa437093476dbc32da415c112b6512?s=96&d=mm&r=g","contentUrl":"https:\/\/secure.gravatar.com\/avatar\/4daa437093476dbc32da415c112b6512?s=96&d=mm&r=g","caption":"Hilmar"},"description":"Hilmar est un passionn\u00e9 des r\u00e9gions polaires, sp\u00e9cialis\u00e9 dans la r\u00e9daction d'articles sur le Spitzberg et autres destinations arctiques. Il apporte son expertise et sa passion pour l'Arctique au sein de l'\u00e9quipe de r\u00e9daction de Svalbard depuis de nombreuses ann\u00e9es.","sameAs":["https:\/\/www.svalbard.fr\/"]}]}},"_links":{"self":[{"href":"https:\/\/www.svalbard.fr\/actualites\/wp-json\/wp\/v2\/posts\/5056"}],"collection":[{"href":"https:\/\/www.svalbard.fr\/actualites\/wp-json\/wp\/v2\/posts"}],"about":[{"href":"https:\/\/www.svalbard.fr\/actualites\/wp-json\/wp\/v2\/types\/post"}],"author":[{"embeddable":true,"href":"https:\/\/www.svalbard.fr\/actualites\/wp-json\/wp\/v2\/users\/1"}],"replies":[{"embeddable":true,"href":"https:\/\/www.svalbard.fr\/actualites\/wp-json\/wp\/v2\/comments?post=5056"}],"version-history":[{"count":0,"href":"https:\/\/www.svalbard.fr\/actualites\/wp-json\/wp\/v2\/posts\/5056\/revisions"}],"wp:featuredmedia":[{"embeddable":true,"href":"https:\/\/www.svalbard.fr\/actualites\/wp-json\/wp\/v2\/media\/5057"}],"wp:attachment":[{"href":"https:\/\/www.svalbard.fr\/actualites\/wp-json\/wp\/v2\/media?parent=5056"}],"wp:term":[{"taxonomy":"category","embeddable":true,"href":"https:\/\/www.svalbard.fr\/actualites\/wp-json\/wp\/v2\/categories?post=5056"},{"taxonomy":"post_tag","embeddable":true,"href":"https:\/\/www.svalbard.fr\/actualites\/wp-json\/wp\/v2\/tags?post=5056"}],"curies":[{"name":"wp","href":"https:\/\/api.w.org\/{rel}","templated":true}]}}