{"id":5058,"date":"2025-11-04T14:16:20","date_gmt":"2025-11-04T13:16:20","guid":{"rendered":"https:\/\/www.svalbard.fr\/actualites\/panique-alors-que-les-enfants-migrants-sont-recrutes-par-des-gangs-criminels-et-armes-de-grenades\/"},"modified":"2025-11-04T14:16:23","modified_gmt":"2025-11-04T13:16:23","slug":"panique-alors-que-les-enfants-migrants-sont-recrutes-par-des-gangs-criminels-et-armes-de-grenades","status":"publish","type":"post","link":"https:\/\/www.svalbard.fr\/actualites\/panique-alors-que-les-enfants-migrants-sont-recrutes-par-des-gangs-criminels-et-armes-de-grenades\/","title":{"rendered":"Panique alors que les enfants migrants sont recrut\u00e9s par des gangs criminels et arm\u00e9s de grenades"},"content":{"rendered":"<div>\n<p>La cruelle mafia su\u00e9doise s&#39;est r\u00e9pandue au-del\u00e0 de la fronti\u00e8re et fait d\u00e9sormais des ravages en Norv\u00e8ge, o\u00f9 des adolescents &#8211; pour la plupart issus de milieux immigr\u00e9s &#8211; sont recrut\u00e9s par des gangs et arm\u00e9s de grenades pour commettre des contrats. Les mineurs, laiss\u00e9s vuln\u00e9rables aux r\u00e9seaux criminels apr\u00e8s un \u00e9chec d&#39;int\u00e9gration, sont recrut\u00e9s par l&#39;un des r\u00e9seaux les plus notoires d&#39;Europe, qui entretient des liens \u00e9troits avec l&#39;Iran.<\/p>\n<p data-mce-linkchecker-status=\"valid\">Les mineurs sont recrut\u00e9s par Foxtrot, dont les dirigeants agissent au nom du r\u00e9gime de l&#39;Ayatollah pour cibler les victimes. Dans la soir\u00e9e du 23 septembre, plusieurs grenades ont explos\u00e9 devant un salon de manucure \u00e0 Bislett, \u00e0 Oslo, brisant les fen\u00eatres et per\u00e7ant les murs avec des \u00e9clats d&#39;obus. La police a associ\u00e9 deux gar\u00e7ons de 13 ans \u00e0 l&#39;attaque et soup\u00e7onnait qu&#39;ils avaient \u00e9t\u00e9 recrut\u00e9s via TikTok, qu&#39;ils avaient re\u00e7u des grenades de contrebande et qu&#39;ils avaient pay\u00e9 30 000 NOK (2 000 \u00a3) pour mener l&#39;attaque. En quelques semaines, deux autres attaques li\u00e9es \u00e0 Foxtrot ont suivi.<\/p>\n<\/div>\n<div>\n<p>En raison d&#39;un vide juridique scandinave, les enfants de moins de 15 ans ne peuvent \u00eatre tenus p\u00e9nalement responsables, ce qui fait des mineurs les recrues id\u00e9ales pour mener des attaques au nom du r\u00e9seau criminel Foxtrot. Une semaine apr\u00e8s l&#39;attaque de Bislett, trois gar\u00e7ons \u00e2g\u00e9s de 12, 13 et 14 ans ont \u00e9t\u00e9 impliqu\u00e9s dans une fusillade \u00e0 Sarpsborg, dans l&#39;est de la Norv\u00e8ge, pr\u00e8s de la fronti\u00e8re su\u00e9doise. Une semaine plus tard, un jeune de 15 ans a \u00e9t\u00e9 soup\u00e7onn\u00e9 d&#39;avoir lanc\u00e9 une grenade sur un restaurant de sushi \u00e0 Str\u00f8mmen, \u00e0 20 km \u00e0 l&#39;est d&#39;Oslo.<\/p>\n<p>\u00ab\u00a0Il semble que le contact initial ait \u00e9t\u00e9 \u00e9tabli sur TikTok\u00a0\u00bb, a d\u00e9clar\u00e9 \u00e0 NRK l&#39;avocat de la police norv\u00e9gienne Henrik R\u00e5dal \u00e0 propos de l&#39;attaque \u00e0 la grenade \u00e0 Bislett.<\/p>\n<p>Le syndicat embauche d\u00e9lib\u00e9r\u00e9ment des enfants vuln\u00e9rables pour commettre ses crimes, que ce soit en raison de leur situation \u00e9conomique ou de leurs conditions familiales. Mais les d\u00e9put\u00e9s norv\u00e9giens ont \u00e9galement li\u00e9 l&#39;augmentation de la criminalit\u00e9 li\u00e9e aux gangs d&#39;enfants \u00e0 une augmentation importante de la migration massive, arguant que beaucoup d&#39;entre eux se sentent mal int\u00e9gr\u00e9s dans la soci\u00e9t\u00e9, ce qui les rend susceptibles d&#39;\u00eatre manipul\u00e9s par des r\u00e9seaux criminels.<\/p>\n<p>\u00ab\u00a0Nous devons \u00eatre honn\u00eates sur quelque chose ici : la plupart de ces enfants sont issus de l&#39;immigration\u00a0\u00bb, a d\u00e9clar\u00e9 un d\u00e9put\u00e9 du parti conservateur d&#39;opposition au Telegraph. \u00ab\u00a0Le gouvernement n&#39;a pas \u00e9t\u00e9 en mesure de pr\u00e9senter une d\u00e9fense formidable (&#8230;) il est devenu aveugle \u00e0 la situation.\u00a0\u00bb<\/p>\n<\/div>\n<div>\n<p>Au cours des trois derni\u00e8res d\u00e9cennies, le nombre d&#39;immigr\u00e9s vivant en Norv\u00e8ge est pass\u00e9 d&#39;environ 4 % de la population \u00e0 16 % en janvier 2024.<\/p>\n<p>Foxtrot est apparu en Su\u00e8de \u00e0 la fin des ann\u00e9es 2010 et est dirig\u00e9 par Rawa Majid, \u00e9galement connu sous le nom de \u00ab Renard kurde \u00bb, qui a \u00e9t\u00e9 sanctionn\u00e9 par le Royaume-Uni pour son r\u00f4le dans des attaques \u00e0 travers l&#39;Europe au nom du r\u00e9gime iranien. Majid, qui vivrait sous la protection de l&#39;ayatollah et a \u00e9t\u00e9 impliqu\u00e9 dans des complots violents, notamment contre des cibles juives et isra\u00e9liennes.<\/p>\n<p>Par exemple, les \u00c9tats-Unis pensent que le r\u00e9gime Foxtrot est responsable de l\u2019orchestration de l\u2019attaque d\u00e9jou\u00e9e contre l\u2019ambassade isra\u00e9lienne \u00e0 Stockholm, en Su\u00e8de, au nom de l\u2019Iran en janvier 2024, lorsqu\u2019un \u00ab objet dangereux \u00bb a \u00e9t\u00e9 d\u00e9couvert \u00e0 l\u2019ext\u00e9rieur du b\u00e2timent et d\u00e9truit par la police. En plus des crimes violents, Foxtrot est \u00e9galement une importante organisation de trafic de drogue, \u00e9tant le plus grand fournisseur d&#39;h\u00e9ro\u00efne en Su\u00e8de et disposant d&#39;un r\u00e9seau mulet de coca\u00efne qui s&#39;est \u00e9tendu au Danemark et en Norv\u00e8ge depuis la pand\u00e9mie.<\/p>\n<p data-mce-linkchecker-status=\"valid\">Foxtrot est l&#39;un des quelque 70 gangs su\u00e9dois qui op\u00e9reraient actuellement en Norv\u00e8ge, o\u00f9 des adolescents sont embauch\u00e9s de mani\u00e8re anonyme sur des applications de messagerie crypt\u00e9es comme Telegram. Ils sont souvent pay\u00e9s entre 20 000 et 60 000 \u00a3 pour un coup s\u00fbr, utilisant des grenades \u00e0 main ou des explosifs improvis\u00e9s introduits clandestinement dans le pays.<\/p>\n<\/div>\n","protected":false},"excerpt":{"rendered":"<p>La cruelle mafia su\u00e9doise s&#39;est r\u00e9pandue au-del\u00e0 de la fronti\u00e8re et fait d\u00e9sormais des ravages en Norv\u00e8ge, o\u00f9 des adolescents &#8211; pour la plupart issus<\/p>\n","protected":false},"author":1,"featured_media":5059,"comment_status":"closed","ping_status":"","sticky":false,"template":"","format":"standard","meta":{"footnotes":""},"categories":[2277],"tags":[24,423,5301,8,200,5299,5303,3,5295,1676,167,5297,336],"yoast_head":"<!-- This site is optimized with the Yoast SEO plugin v21.0 - https:\/\/yoast.com\/wordpress\/plugins\/seo\/ -->\n<title>Panique alors que les enfants migrants sont recrut\u00e9s par des gangs criminels et arm\u00e9s de grenades<\/title>\n<meta name=\"robots\" content=\"index, follow, max-snippet:-1, max-image-preview:large, max-video-preview:-1\" \/>\n<link rel=\"canonical\" href=\"https:\/\/www.svalbard.fr\/actualites\/panique-alors-que-les-enfants-migrants-sont-recrutes-par-des-gangs-criminels-et-armes-de-grenades\/\" \/>\n<meta property=\"og:locale\" content=\"fr_FR\" \/>\n<meta property=\"og:type\" content=\"article\" \/>\n<meta property=\"og:title\" content=\"Panique alors que les enfants migrants sont recrut\u00e9s par des gangs criminels et arm\u00e9s de grenades\" \/>\n<meta property=\"og:description\" content=\"La cruelle mafia su\u00e9doise s&#039;est r\u00e9pandue au-del\u00e0 de la fronti\u00e8re et fait d\u00e9sormais des ravages en Norv\u00e8ge, o\u00f9 des adolescents &#8211; pour la plupart issus\" \/>\n<meta property=\"og:url\" content=\"https:\/\/www.svalbard.fr\/actualites\/panique-alors-que-les-enfants-migrants-sont-recrutes-par-des-gangs-criminels-et-armes-de-grenades\/\" \/>\n<meta property=\"og:site_name\" content=\"www.Svalbard.fr\" \/>\n<meta property=\"article:published_time\" content=\"2025-11-04T13:16:20+00:00\" \/>\n<meta property=\"article:modified_time\" content=\"2025-11-04T13:16:23+00:00\" \/>\n<meta property=\"og:image\" content=\"https:\/\/www.svalbard.fr\/actualites\/wp-content\/uploads\/2025\/11\/Panique-alors-que-les-enfants-migrants-sont-recrutes-par-des.jpg\" \/>\n\t<meta property=\"og:image:width\" content=\"1200\" \/>\n\t<meta property=\"og:image:height\" content=\"630\" \/>\n\t<meta property=\"og:image:type\" content=\"image\/jpeg\" \/>\n<meta name=\"author\" content=\"Hilmar\" \/>\n<meta name=\"twitter:card\" content=\"summary_large_image\" \/>\n<meta name=\"twitter:label1\" content=\"\u00c9crit par\" \/>\n\t<meta name=\"twitter:data1\" content=\"Hilmar\" \/>\n\t<meta name=\"twitter:label2\" content=\"Dur\u00e9e de lecture estim\u00e9e\" \/>\n\t<meta name=\"twitter:data2\" content=\"4 minutes\" \/>\n<script type=\"application\/ld+json\" class=\"yoast-schema-graph\">{\"@context\":\"https:\/\/schema.org\",\"@graph\":[{\"@type\":\"Article\",\"@id\":\"https:\/\/www.svalbard.fr\/actualites\/panique-alors-que-les-enfants-migrants-sont-recrutes-par-des-gangs-criminels-et-armes-de-grenades\/#article\",\"isPartOf\":{\"@id\":\"https:\/\/www.svalbard.fr\/actualites\/panique-alors-que-les-enfants-migrants-sont-recrutes-par-des-gangs-criminels-et-armes-de-grenades\/\"},\"author\":{\"name\":\"Hilmar\",\"@id\":\"https:\/\/www.svalbard.fr\/actualites\/#\/schema\/person\/a2f937d5712222366738fae98755c600\"},\"headline\":\"Panique alors que les enfants migrants sont recrut\u00e9s par des gangs criminels et arm\u00e9s de grenades\",\"datePublished\":\"2025-11-04T13:16:20+00:00\",\"dateModified\":\"2025-11-04T13:16:23+00:00\",\"mainEntityOfPage\":{\"@id\":\"https:\/\/www.svalbard.fr\/actualites\/panique-alors-que-les-enfants-migrants-sont-recrutes-par-des-gangs-criminels-et-armes-de-grenades\/\"},\"wordCount\":762,\"publisher\":{\"@id\":\"https:\/\/www.svalbard.fr\/actualites\/#organization\"},\"keywords\":[\"alors\",\"armes\",\"criminels\",\"des\",\"enfants\",\"gangs\",\"grenades\",\"Les\",\"migrants\",\"Panique\",\"par\",\"recrut\u00e9s\",\"sont\"],\"inLanguage\":\"fr-FR\"},{\"@type\":\"WebPage\",\"@id\":\"https:\/\/www.svalbard.fr\/actualites\/panique-alors-que-les-enfants-migrants-sont-recrutes-par-des-gangs-criminels-et-armes-de-grenades\/\",\"url\":\"https:\/\/www.svalbard.fr\/actualites\/panique-alors-que-les-enfants-migrants-sont-recrutes-par-des-gangs-criminels-et-armes-de-grenades\/\",\"name\":\"Panique alors que les enfants migrants sont recrut\u00e9s par des gangs criminels et arm\u00e9s de grenades\",\"isPartOf\":{\"@id\":\"https:\/\/www.svalbard.fr\/actualites\/#website\"},\"datePublished\":\"2025-11-04T13:16:20+00:00\",\"dateModified\":\"2025-11-04T13:16:23+00:00\",\"breadcrumb\":{\"@id\":\"https:\/\/www.svalbard.fr\/actualites\/panique-alors-que-les-enfants-migrants-sont-recrutes-par-des-gangs-criminels-et-armes-de-grenades\/#breadcrumb\"},\"inLanguage\":\"fr-FR\",\"potentialAction\":[{\"@type\":\"ReadAction\",\"target\":[\"https:\/\/www.svalbard.fr\/actualites\/panique-alors-que-les-enfants-migrants-sont-recrutes-par-des-gangs-criminels-et-armes-de-grenades\/\"]}]},{\"@type\":\"BreadcrumbList\",\"@id\":\"https:\/\/www.svalbard.fr\/actualites\/panique-alors-que-les-enfants-migrants-sont-recrutes-par-des-gangs-criminels-et-armes-de-grenades\/#breadcrumb\",\"itemListElement\":[{\"@type\":\"ListItem\",\"position\":1,\"name\":\"Accueil\",\"item\":\"https:\/\/www.svalbard.fr\/actualites\/\"},{\"@type\":\"ListItem\",\"position\":2,\"name\":\"Panique alors que les enfants migrants sont recrut\u00e9s par des gangs criminels et arm\u00e9s de grenades\"}]},{\"@type\":\"WebSite\",\"@id\":\"https:\/\/www.svalbard.fr\/actualites\/#website\",\"url\":\"https:\/\/www.svalbard.fr\/actualites\/\",\"name\":\"www.Svalbard.fr\",\"description\":\"\",\"publisher\":{\"@id\":\"https:\/\/www.svalbard.fr\/actualites\/#organization\"},\"potentialAction\":[{\"@type\":\"SearchAction\",\"target\":{\"@type\":\"EntryPoint\",\"urlTemplate\":\"https:\/\/www.svalbard.fr\/actualites\/?s={search_term_string}\"},\"query-input\":\"required name=search_term_string\"}],\"inLanguage\":\"fr-FR\"},{\"@type\":\"Organization\",\"@id\":\"https:\/\/www.svalbard.fr\/actualites\/#organization\",\"name\":\"www.Svalbard.fr\",\"url\":\"https:\/\/www.svalbard.fr\/actualites\/\",\"logo\":{\"@type\":\"ImageObject\",\"inLanguage\":\"fr-FR\",\"@id\":\"https:\/\/www.svalbard.fr\/actualites\/#\/schema\/logo\/image\/\",\"url\":\"https:\/\/www.svalbard.fr\/actualites\/wp-content\/uploads\/2023\/09\/head-nom.jpg\",\"contentUrl\":\"https:\/\/www.svalbard.fr\/actualites\/wp-content\/uploads\/2023\/09\/head-nom.jpg\",\"width\":264,\"height\":35,\"caption\":\"www.Svalbard.fr\"},\"image\":{\"@id\":\"https:\/\/www.svalbard.fr\/actualites\/#\/schema\/logo\/image\/\"}},{\"@type\":\"Person\",\"@id\":\"https:\/\/www.svalbard.fr\/actualites\/#\/schema\/person\/a2f937d5712222366738fae98755c600\",\"name\":\"Hilmar\",\"image\":{\"@type\":\"ImageObject\",\"inLanguage\":\"fr-FR\",\"@id\":\"https:\/\/www.svalbard.fr\/actualites\/#\/schema\/person\/image\/\",\"url\":\"https:\/\/secure.gravatar.com\/avatar\/4daa437093476dbc32da415c112b6512?s=96&d=mm&r=g\",\"contentUrl\":\"https:\/\/secure.gravatar.com\/avatar\/4daa437093476dbc32da415c112b6512?s=96&d=mm&r=g\",\"caption\":\"Hilmar\"},\"description\":\"Hilmar est un passionn\u00e9 des r\u00e9gions polaires, sp\u00e9cialis\u00e9 dans la r\u00e9daction d'articles sur le Spitzberg et autres destinations arctiques. Il apporte son expertise et sa passion pour l'Arctique au sein de l'\u00e9quipe de r\u00e9daction de Svalbard depuis de nombreuses ann\u00e9es.\",\"sameAs\":[\"https:\/\/www.svalbard.fr\/\"]}]}<\/script>\n<!-- \/ Yoast SEO plugin. -->","yoast_head_json":{"title":"Panique alors que les enfants migrants sont recrut\u00e9s par des gangs criminels et arm\u00e9s de grenades","robots":{"index":"index","follow":"follow","max-snippet":"max-snippet:-1","max-image-preview":"max-image-preview:large","max-video-preview":"max-video-preview:-1"},"canonical":"https:\/\/www.svalbard.fr\/actualites\/panique-alors-que-les-enfants-migrants-sont-recrutes-par-des-gangs-criminels-et-armes-de-grenades\/","og_locale":"fr_FR","og_type":"article","og_title":"Panique alors que les enfants migrants sont recrut\u00e9s par des gangs criminels et arm\u00e9s de grenades","og_description":"La cruelle mafia su\u00e9doise s&#39;est r\u00e9pandue au-del\u00e0 de la fronti\u00e8re et fait d\u00e9sormais des ravages en Norv\u00e8ge, o\u00f9 des adolescents &#8211; pour la plupart issus","og_url":"https:\/\/www.svalbard.fr\/actualites\/panique-alors-que-les-enfants-migrants-sont-recrutes-par-des-gangs-criminels-et-armes-de-grenades\/","og_site_name":"www.Svalbard.fr","article_published_time":"2025-11-04T13:16:20+00:00","article_modified_time":"2025-11-04T13:16:23+00:00","og_image":[{"width":1200,"height":630,"url":"https:\/\/www.svalbard.fr\/actualites\/wp-content\/uploads\/2025\/11\/Panique-alors-que-les-enfants-migrants-sont-recrutes-par-des.jpg","type":"image\/jpeg"}],"author":"Hilmar","twitter_card":"summary_large_image","twitter_misc":{"\u00c9crit par":"Hilmar","Dur\u00e9e de lecture estim\u00e9e":"4 minutes"},"schema":{"@context":"https:\/\/schema.org","@graph":[{"@type":"Article","@id":"https:\/\/www.svalbard.fr\/actualites\/panique-alors-que-les-enfants-migrants-sont-recrutes-par-des-gangs-criminels-et-armes-de-grenades\/#article","isPartOf":{"@id":"https:\/\/www.svalbard.fr\/actualites\/panique-alors-que-les-enfants-migrants-sont-recrutes-par-des-gangs-criminels-et-armes-de-grenades\/"},"author":{"name":"Hilmar","@id":"https:\/\/www.svalbard.fr\/actualites\/#\/schema\/person\/a2f937d5712222366738fae98755c600"},"headline":"Panique alors que les enfants migrants sont recrut\u00e9s par des gangs criminels et arm\u00e9s de grenades","datePublished":"2025-11-04T13:16:20+00:00","dateModified":"2025-11-04T13:16:23+00:00","mainEntityOfPage":{"@id":"https:\/\/www.svalbard.fr\/actualites\/panique-alors-que-les-enfants-migrants-sont-recrutes-par-des-gangs-criminels-et-armes-de-grenades\/"},"wordCount":762,"publisher":{"@id":"https:\/\/www.svalbard.fr\/actualites\/#organization"},"keywords":["alors","armes","criminels","des","enfants","gangs","grenades","Les","migrants","Panique","par","recrut\u00e9s","sont"],"inLanguage":"fr-FR"},{"@type":"WebPage","@id":"https:\/\/www.svalbard.fr\/actualites\/panique-alors-que-les-enfants-migrants-sont-recrutes-par-des-gangs-criminels-et-armes-de-grenades\/","url":"https:\/\/www.svalbard.fr\/actualites\/panique-alors-que-les-enfants-migrants-sont-recrutes-par-des-gangs-criminels-et-armes-de-grenades\/","name":"Panique alors que les enfants migrants sont recrut\u00e9s par des gangs criminels et arm\u00e9s de grenades","isPartOf":{"@id":"https:\/\/www.svalbard.fr\/actualites\/#website"},"datePublished":"2025-11-04T13:16:20+00:00","dateModified":"2025-11-04T13:16:23+00:00","breadcrumb":{"@id":"https:\/\/www.svalbard.fr\/actualites\/panique-alors-que-les-enfants-migrants-sont-recrutes-par-des-gangs-criminels-et-armes-de-grenades\/#breadcrumb"},"inLanguage":"fr-FR","potentialAction":[{"@type":"ReadAction","target":["https:\/\/www.svalbard.fr\/actualites\/panique-alors-que-les-enfants-migrants-sont-recrutes-par-des-gangs-criminels-et-armes-de-grenades\/"]}]},{"@type":"BreadcrumbList","@id":"https:\/\/www.svalbard.fr\/actualites\/panique-alors-que-les-enfants-migrants-sont-recrutes-par-des-gangs-criminels-et-armes-de-grenades\/#breadcrumb","itemListElement":[{"@type":"ListItem","position":1,"name":"Accueil","item":"https:\/\/www.svalbard.fr\/actualites\/"},{"@type":"ListItem","position":2,"name":"Panique alors que les enfants migrants sont recrut\u00e9s par des gangs criminels et arm\u00e9s de grenades"}]},{"@type":"WebSite","@id":"https:\/\/www.svalbard.fr\/actualites\/#website","url":"https:\/\/www.svalbard.fr\/actualites\/","name":"www.Svalbard.fr","description":"","publisher":{"@id":"https:\/\/www.svalbard.fr\/actualites\/#organization"},"potentialAction":[{"@type":"SearchAction","target":{"@type":"EntryPoint","urlTemplate":"https:\/\/www.svalbard.fr\/actualites\/?s={search_term_string}"},"query-input":"required name=search_term_string"}],"inLanguage":"fr-FR"},{"@type":"Organization","@id":"https:\/\/www.svalbard.fr\/actualites\/#organization","name":"www.Svalbard.fr","url":"https:\/\/www.svalbard.fr\/actualites\/","logo":{"@type":"ImageObject","inLanguage":"fr-FR","@id":"https:\/\/www.svalbard.fr\/actualites\/#\/schema\/logo\/image\/","url":"https:\/\/www.svalbard.fr\/actualites\/wp-content\/uploads\/2023\/09\/head-nom.jpg","contentUrl":"https:\/\/www.svalbard.fr\/actualites\/wp-content\/uploads\/2023\/09\/head-nom.jpg","width":264,"height":35,"caption":"www.Svalbard.fr"},"image":{"@id":"https:\/\/www.svalbard.fr\/actualites\/#\/schema\/logo\/image\/"}},{"@type":"Person","@id":"https:\/\/www.svalbard.fr\/actualites\/#\/schema\/person\/a2f937d5712222366738fae98755c600","name":"Hilmar","image":{"@type":"ImageObject","inLanguage":"fr-FR","@id":"https:\/\/www.svalbard.fr\/actualites\/#\/schema\/person\/image\/","url":"https:\/\/secure.gravatar.com\/avatar\/4daa437093476dbc32da415c112b6512?s=96&d=mm&r=g","contentUrl":"https:\/\/secure.gravatar.com\/avatar\/4daa437093476dbc32da415c112b6512?s=96&d=mm&r=g","caption":"Hilmar"},"description":"Hilmar est un passionn\u00e9 des r\u00e9gions polaires, sp\u00e9cialis\u00e9 dans la r\u00e9daction d'articles sur le Spitzberg et autres destinations arctiques. Il apporte son expertise et sa passion pour l'Arctique au sein de l'\u00e9quipe de r\u00e9daction de Svalbard depuis de nombreuses ann\u00e9es.","sameAs":["https:\/\/www.svalbard.fr\/"]}]}},"_links":{"self":[{"href":"https:\/\/www.svalbard.fr\/actualites\/wp-json\/wp\/v2\/posts\/5058"}],"collection":[{"href":"https:\/\/www.svalbard.fr\/actualites\/wp-json\/wp\/v2\/posts"}],"about":[{"href":"https:\/\/www.svalbard.fr\/actualites\/wp-json\/wp\/v2\/types\/post"}],"author":[{"embeddable":true,"href":"https:\/\/www.svalbard.fr\/actualites\/wp-json\/wp\/v2\/users\/1"}],"replies":[{"embeddable":true,"href":"https:\/\/www.svalbard.fr\/actualites\/wp-json\/wp\/v2\/comments?post=5058"}],"version-history":[{"count":1,"href":"https:\/\/www.svalbard.fr\/actualites\/wp-json\/wp\/v2\/posts\/5058\/revisions"}],"predecessor-version":[{"id":5060,"href":"https:\/\/www.svalbard.fr\/actualites\/wp-json\/wp\/v2\/posts\/5058\/revisions\/5060"}],"wp:featuredmedia":[{"embeddable":true,"href":"https:\/\/www.svalbard.fr\/actualites\/wp-json\/wp\/v2\/media\/5059"}],"wp:attachment":[{"href":"https:\/\/www.svalbard.fr\/actualites\/wp-json\/wp\/v2\/media?parent=5058"}],"wp:term":[{"taxonomy":"category","embeddable":true,"href":"https:\/\/www.svalbard.fr\/actualites\/wp-json\/wp\/v2\/categories?post=5058"},{"taxonomy":"post_tag","embeddable":true,"href":"https:\/\/www.svalbard.fr\/actualites\/wp-json\/wp\/v2\/tags?post=5058"}],"curies":[{"name":"wp","href":"https:\/\/api.w.org\/{rel}","templated":true}]}}