{"id":5065,"date":"2025-11-08T15:08:05","date_gmt":"2025-11-08T14:08:05","guid":{"rendered":"https:\/\/www.svalbard.fr\/actualites\/scouts-norvegiens-comparaison-avec-le-mouvement-norvegien-speider\/"},"modified":"2025-11-08T15:08:05","modified_gmt":"2025-11-08T14:08:05","slug":"scouts-norvegiens-comparaison-avec-le-mouvement-norvegien-speider","status":"publish","type":"post","link":"https:\/\/www.svalbard.fr\/actualites\/scouts-norvegiens-comparaison-avec-le-mouvement-norvegien-speider\/","title":{"rendered":"Scouts norv\u00e9giens\u00a0: comparaison avec le mouvement norv\u00e9gien \u00ab\u00a0Speider\u00a0\u00bb"},"content":{"rendered":"<div itemprop=\"text\">\n\t\t\t<span id=\"dpsp-post-content-markup\" data-image-pin-it=\"false\"><\/span><\/p>\n<p class=\"intro\">En Norv\u00e8ge, le mot <em>speider<\/em> porte un sentiment de respect tranquille. Il fait r\u00e9f\u00e9rence aux membres du mouvement scout du pays, aux jeunes (et aux adultes b\u00e9n\u00e9voles) qui font de la randonn\u00e9e, campent, allument des feux et apprennent \u00e0 naviguer \u00e0 la fois dans le paysage et dans les d\u00e9fis de la vie.<\/p>\n<p>Mais en quoi cette approche nordique du scoutisme diff\u00e8re-t-elle des versions plus famili\u00e8res que l\u2019on trouve dans des pays comme le Royaume-Uni ou les \u00c9tats-Unis ? Jetons un coup d&#39;\u0153il \u00e0 ce que j&#39;ai d\u00e9couvert.<\/p>\n<figure class=\"wp-block-image size-large\"><img data-lazyloaded=\"1\" data-placeholder-resp=\"768x432\" fetchpriority=\"high\" decoding=\"async\" width=\"768\" height=\"432\" src=\"https:\/\/www.svalbard.fr\/actualites\/wp-content\/uploads\/2025\/11\/Scouts-norvegiens-comparaison-avec-le-mouvement-norvegien-Speider.jpg\" alt=\"D\u00e9fil\u00e9 des scouts de Troms\u00f8 le 17 mai. Photo : David Nikel.\" class=\"wp-image-85050\"  data-><noscript><img fetchpriority=\"high\" decoding=\"async\" width=\"768\" height=\"432\" src=\"https:\/\/www.svalbard.fr\/actualites\/wp-content\/uploads\/2025\/11\/Scouts-norvegiens-comparaison-avec-le-mouvement-norvegien-Speider.jpg\" alt=\"D\u00e9fil\u00e9 des scouts de Troms\u00f8 le 17 mai. Photo : David Nikel.\" class=\"wp-image-85050\"  ><\/noscript><\/figure>\n<p>Lors de ma r\u00e9cente visite \u00e0 Troms\u00f8 pour le Jour de la Constitution norv\u00e9gienne, j&#39;ai r\u00e9gl\u00e9 mon r\u00e9veil t\u00f4t pour assister au tout premier \u00e9v\u00e9nement au programme : un rassemblement et un d\u00e9fil\u00e9 \u00e0 7 heures du matin commen\u00e7ant \u00e0 \u00ab Speiderhuset \u00bb, juste au-dessus du centre-ville.<\/p>\n<p>\u00c0 l&#39;\u00e9poque, je n&#39;avais aucune id\u00e9e de ce qu&#39;\u00e9tait \u00ab Speiderhuset \u00bb. J&#39;ai suppos\u00e9 qu&#39;il pourrait s&#39;agir d&#39;une salle communautaire ou d&#39;une sorte de b\u00e2timent civique. Mais lorsque la c\u00e9r\u00e9monie a commenc\u00e9 t\u00f4t le matin et que j&#39;ai vu le drapeau hiss\u00e9 par des jeunes en uniforme, suivi d&#39;une procession silencieuse et respectueuse dans les rues, j&#39;ai voulu en savoir plus.<\/p>\n<p>Plus tard, j\u2019ai d\u00e9couvert que Speiderhuset \u00e9tait le si\u00e8ge local de l\u2019Association norv\u00e9gienne des guides et scouts. Le groupe que j&#39;avais vu participer \u00e0 la c\u00e9r\u00e9monie \u00e9tait compos\u00e9 de membres de l&#39;arm\u00e9e norv\u00e9gienne <em>speider<\/em> mouvement.<\/p>\n<p>Cet aper\u00e7u matinal s\u2019est transform\u00e9 en un int\u00e9r\u00eat plus profond. Comment fonctionne le scoutisme en Norv\u00e8ge et comment se compare-t-il aux mod\u00e8les plus connus dans des pays comme le Royaume-Uni ou les \u00c9tats-Unis ?<\/p>\n<p>Il s&#39;av\u00e8re que l&#39;approche norv\u00e9gienne du scoutisme est unique. Elle est enracin\u00e9e dans le profond respect du pays pour la nature, la communaut\u00e9 et l&#39;autonomie. Voici ce que j&#39;ai appris.<\/p>\n<h2 class=\"wp-block-heading\">Un bref aper\u00e7u des scouts norv\u00e9giens<\/h2>\n<p>Le mouvement scout norv\u00e9gien est petit mais influent. Il a \u00e9t\u00e9 fa\u00e7onn\u00e9 par la forte tradition de vie en plein air (friluftsliv) du pays et par une culture d&#39;autonomie profond\u00e9ment enracin\u00e9e.<\/p>\n<p>Aujourd&#39;hui, le mouvement est principalement repr\u00e9sent\u00e9 par deux organisations : Norges Speiderforbund (l&#39;Association norv\u00e9gienne des guides et des scouts) et KFUK-KFUM-speiderne (les scouts du YMCA-YWCA). Ensemble, ils soutiennent plus de 25 000 membres \u00e0 travers le pays.<\/p>\n<p>Le scoutisme en Norv\u00e8ge est ouvert \u00e0 tous, sans distinction de sexe ou d&#39;origine, et est g\u00e9n\u00e9ralement divis\u00e9 en sections bas\u00e9es sur l&#39;\u00e2ge allant de six \u00e0 25 ans.<\/p>\n<figure class=\"wp-block-image size-large\"><img loading=\"lazy\" data-lazyloaded=\"1\" data-placeholder-resp=\"768x432\" decoding=\"async\" width=\"768\" height=\"432\" src=\"https:\/\/www.svalbard.fr\/actualites\/wp-content\/uploads\/2025\/11\/1762610885_458_Scouts-norvegiens-comparaison-avec-le-mouvement-norvegien-Speider.jpg\" alt=\"Les \u00e9claireurs de Troms\u00f8 se rassemblent le 17 mai au matin. Photo : David Nikel.\" class=\"wp-image-85051\"  data-><noscript><img loading=\"lazy\" decoding=\"async\" width=\"768\" height=\"432\" src=\"https:\/\/www.svalbard.fr\/actualites\/wp-content\/uploads\/2025\/11\/1762610885_458_Scouts-norvegiens-comparaison-avec-le-mouvement-norvegien-Speider.jpg\" alt=\"Les \u00e9claireurs de Troms\u00f8 se rassemblent le 17 mai au matin. Photo : David Nikel.\" class=\"wp-image-85051\"  ><\/noscript><\/figure>\n<p>Les r\u00e9unions ont souvent lieu dans des salles communautaires, des \u00e9coles ou des chalets situ\u00e9s \u00e0 proximit\u00e9 des for\u00eats et des lacs. Une grande partie de l\u2019activit\u00e9 se d\u00e9roule \u00e0 l\u2019ext\u00e9rieur tout au long de l\u2019ann\u00e9e, quelle que soit la m\u00e9t\u00e9o.<\/p>\n<h2 class=\"wp-block-heading\">Des traditions qui mettent l&#39;accent sur la nature et la simplicit\u00e9<\/h2>\n<p>L\u2019une des caract\u00e9ristiques les plus distinctives du scoutisme norv\u00e9gien est son lien \u00e9troit avec l\u2019environnement naturel.<\/p>\n<p>Plut\u00f4t que de se concentrer fortement sur les insignes ou les grades officiels, le mouvement met l&#39;accent sur les comp\u00e9tences pratiques, la conscience environnementale et la coop\u00e9ration au sein de petits groupes. Les scouts apprennent \u00e0 faire de la randonn\u00e9e en montagne, \u00e0 pagayer dans les fjords, \u00e0 construire des abris et \u00e0 rester en s\u00e9curit\u00e9 dans des conditions hivernales.<\/p>\n<p>Il existe \u00e9galement une forte tradition d\u2019ind\u00e9pendance des patrouilles. Les petits groupes sont encourag\u00e9s \u00e0 planifier et \u00e0 r\u00e9aliser leurs propres activit\u00e9s, aidant ainsi les jeunes \u00e0 d\u00e9velopper leurs comp\u00e9tences en leadership, en prise de d\u00e9cision et en travail d&#39;\u00e9quipe d\u00e8s leur plus jeune \u00e2ge.<\/p>\n<p>Les grands rassemblements nationaux, connus sous le nom de <em>landleir<\/em>rassemblent des milliers de scouts toutes les quelques ann\u00e9es. Cependant, la plupart des exp\u00e9riences de scoutisme en Norv\u00e8ge sont de nature locale.<\/p>\n<p>Il peut s&#39;agir notamment d&#39;allumer un feu dans une cabane foresti\u00e8re, de faire du cano\u00eb le long d&#39;une rivi\u00e8re voisine ou de travailler sur des projets de service communautaire dans la r\u00e9gion.<\/p>\n<h2 class=\"wp-block-heading\">Un ton diff\u00e9rent de l\u2019\u00e9tranger<\/h2>\n<p>Dans de nombreux pays, le scoutisme est \u00e9troitement associ\u00e9 aux uniformes formels, aux saluts structur\u00e9s et \u00e0 une hi\u00e9rarchie claire. M\u00eame si les scouts norv\u00e9giens portent des uniformes lors d&#39;\u00e9v\u00e9nements officiels, l&#39;approche globale est plus d\u00e9tendue.<\/p>\n<p>Il est d&#39;ailleurs courant que le maillot officiel soit rapidement troqu\u00e9 contre une veste de pluie d\u00e8s que le temps change, ce qui arrive souvent en Norv\u00e8ge bien s\u00fbr !<\/p>\n<p>Le scoutisme en Norv\u00e8ge a \u00e9galement tendance \u00e0 \u00eatre plus inclusif et moins religieux que dans certains autres pays. M\u00eame les groupes KFUK-KFUM, historiquement enracin\u00e9s dans le christianisme, mettent davantage l&#39;accent sur les valeurs partag\u00e9es et la participation communautaire que sur des enseignements religieux sp\u00e9cifiques.<\/p>\n<h2 class=\"wp-block-heading\">Perception du public et pertinence continue<\/h2>\n<p>Dans la soci\u00e9t\u00e9 norv\u00e9gienne, les speidere sont g\u00e9n\u00e9ralement tenus en haute estime. Ils sont consid\u00e9r\u00e9s comme responsables, soucieux de leur communaut\u00e9 et \u00e9troitement li\u00e9s au plein air.<\/p>\n<p>Le jour de la Constitution, les scouts jouent souvent un r\u00f4le visible en dirigeant les d\u00e9fil\u00e9s matinaux et les c\u00e9r\u00e9monies de lever du drapeau. Leur pr\u00e9sence \u00e9voque la tradition, la discipline et un lien avec l&#39;identit\u00e9 nationale.<\/p>\n<p>Cela dit, le mouvement n\u2019est pas sans d\u00e9fis. Comme de nombreuses organisations de jeunesse \u00e9tablies de longue date, le scoutisme norv\u00e9gien a connu une certaine baisse de ses effectifs ces derni\u00e8res ann\u00e9es.<\/p>\n<p>L\u2019essor du divertissement num\u00e9rique et des activit\u00e9s extrascolaires structur\u00e9es signifie que moins de jeunes recherchent du temps non structur\u00e9 dans la nature. Malgr\u00e9 cela, de nombreuses familles consid\u00e8rent toujours le scoutisme comme un moyen significatif pour les enfants de se d\u00e9connecter et de se reconnecter avec le monde physique qui les entoure.<\/p>\n<p><strong>Qu&#39;en penses-tu? Vos enfants ont rejoint les scouts norv\u00e9giens ?<\/strong> J&#39;aimerais conna\u00eetre vos r\u00e9flexions et vos exp\u00e9riences dans les commentaires.<\/p>\n<\/p><\/div>\n","protected":false},"excerpt":{"rendered":"<p>En Norv\u00e8ge, le mot speider porte un sentiment de respect tranquille. Il fait r\u00e9f\u00e9rence aux membres du mouvement scout du pays, aux jeunes (et aux<\/p>\n","protected":false},"author":1,"featured_media":5066,"comment_status":"","ping_status":"","sticky":false,"template":"","format":"standard","meta":{"footnotes":""},"categories":[2277],"tags":[66,5309,5311,184,226,5307,5313],"yoast_head":"<!-- This site is optimized with the Yoast SEO plugin v21.0 - https:\/\/yoast.com\/wordpress\/plugins\/seo\/ -->\n<title>Scouts norv\u00e9giens\u00a0: comparaison avec le mouvement norv\u00e9gien &quot;Speider&quot;<\/title>\n<meta name=\"robots\" content=\"index, follow, max-snippet:-1, max-image-preview:large, max-video-preview:-1\" \/>\n<link rel=\"canonical\" href=\"https:\/\/www.svalbard.fr\/actualites\/scouts-norvegiens-comparaison-avec-le-mouvement-norvegien-speider\/\" \/>\n<meta property=\"og:locale\" content=\"fr_FR\" \/>\n<meta property=\"og:type\" content=\"article\" \/>\n<meta property=\"og:title\" content=\"Scouts norv\u00e9giens\u00a0: comparaison avec le mouvement norv\u00e9gien &quot;Speider&quot;\" \/>\n<meta property=\"og:description\" content=\"En Norv\u00e8ge, le mot speider porte un sentiment de respect tranquille. Il fait r\u00e9f\u00e9rence aux membres du mouvement scout du pays, aux jeunes (et aux\" \/>\n<meta property=\"og:url\" content=\"https:\/\/www.svalbard.fr\/actualites\/scouts-norvegiens-comparaison-avec-le-mouvement-norvegien-speider\/\" \/>\n<meta property=\"og:site_name\" content=\"www.Svalbard.fr\" \/>\n<meta property=\"article:published_time\" content=\"2025-11-08T14:08:05+00:00\" \/>\n<meta property=\"og:image\" content=\"https:\/\/www.svalbard.fr\/actualites\/wp-content\/uploads\/2025\/11\/Scouts-norvegiens-comparaison-avec-le-mouvement-norvegien-Speider.jpg\" \/>\n<meta name=\"author\" content=\"Hilmar\" \/>\n<meta name=\"twitter:card\" content=\"summary_large_image\" \/>\n<meta name=\"twitter:label1\" content=\"\u00c9crit par\" \/>\n\t<meta name=\"twitter:data1\" content=\"Hilmar\" \/>\n\t<meta name=\"twitter:label2\" content=\"Dur\u00e9e de lecture estim\u00e9e\" \/>\n\t<meta name=\"twitter:data2\" content=\"5 minutes\" \/>\n<script type=\"application\/ld+json\" class=\"yoast-schema-graph\">{\"@context\":\"https:\/\/schema.org\",\"@graph\":[{\"@type\":\"Article\",\"@id\":\"https:\/\/www.svalbard.fr\/actualites\/scouts-norvegiens-comparaison-avec-le-mouvement-norvegien-speider\/#article\",\"isPartOf\":{\"@id\":\"https:\/\/www.svalbard.fr\/actualites\/scouts-norvegiens-comparaison-avec-le-mouvement-norvegien-speider\/\"},\"author\":{\"name\":\"Hilmar\",\"@id\":\"https:\/\/www.svalbard.fr\/actualites\/#\/schema\/person\/a2f937d5712222366738fae98755c600\"},\"headline\":\"Scouts norv\u00e9giens\u00a0: comparaison avec le mouvement norv\u00e9gien \u00ab\u00a0Speider\u00a0\u00bb\",\"datePublished\":\"2025-11-08T14:08:05+00:00\",\"dateModified\":\"2025-11-08T14:08:05+00:00\",\"mainEntityOfPage\":{\"@id\":\"https:\/\/www.svalbard.fr\/actualites\/scouts-norvegiens-comparaison-avec-le-mouvement-norvegien-speider\/\"},\"wordCount\":1069,\"publisher\":{\"@id\":\"https:\/\/www.svalbard.fr\/actualites\/#organization\"},\"keywords\":[\"avec\",\"comparaison\",\"mouvement\",\"norv\u00e9gien\",\"norv\u00e9giens\",\"Scouts\",\"Speider\"],\"inLanguage\":\"fr-FR\"},{\"@type\":\"WebPage\",\"@id\":\"https:\/\/www.svalbard.fr\/actualites\/scouts-norvegiens-comparaison-avec-le-mouvement-norvegien-speider\/\",\"url\":\"https:\/\/www.svalbard.fr\/actualites\/scouts-norvegiens-comparaison-avec-le-mouvement-norvegien-speider\/\",\"name\":\"Scouts norv\u00e9giens\u00a0: comparaison avec le mouvement norv\u00e9gien \\\"Speider\\\"\",\"isPartOf\":{\"@id\":\"https:\/\/www.svalbard.fr\/actualites\/#website\"},\"datePublished\":\"2025-11-08T14:08:05+00:00\",\"dateModified\":\"2025-11-08T14:08:05+00:00\",\"breadcrumb\":{\"@id\":\"https:\/\/www.svalbard.fr\/actualites\/scouts-norvegiens-comparaison-avec-le-mouvement-norvegien-speider\/#breadcrumb\"},\"inLanguage\":\"fr-FR\",\"potentialAction\":[{\"@type\":\"ReadAction\",\"target\":[\"https:\/\/www.svalbard.fr\/actualites\/scouts-norvegiens-comparaison-avec-le-mouvement-norvegien-speider\/\"]}]},{\"@type\":\"BreadcrumbList\",\"@id\":\"https:\/\/www.svalbard.fr\/actualites\/scouts-norvegiens-comparaison-avec-le-mouvement-norvegien-speider\/#breadcrumb\",\"itemListElement\":[{\"@type\":\"ListItem\",\"position\":1,\"name\":\"Accueil\",\"item\":\"https:\/\/www.svalbard.fr\/actualites\/\"},{\"@type\":\"ListItem\",\"position\":2,\"name\":\"Scouts norv\u00e9giens\u00a0: comparaison avec le mouvement norv\u00e9gien \u00ab\u00a0Speider\u00a0\u00bb\"}]},{\"@type\":\"WebSite\",\"@id\":\"https:\/\/www.svalbard.fr\/actualites\/#website\",\"url\":\"https:\/\/www.svalbard.fr\/actualites\/\",\"name\":\"www.Svalbard.fr\",\"description\":\"\",\"publisher\":{\"@id\":\"https:\/\/www.svalbard.fr\/actualites\/#organization\"},\"potentialAction\":[{\"@type\":\"SearchAction\",\"target\":{\"@type\":\"EntryPoint\",\"urlTemplate\":\"https:\/\/www.svalbard.fr\/actualites\/?s={search_term_string}\"},\"query-input\":\"required name=search_term_string\"}],\"inLanguage\":\"fr-FR\"},{\"@type\":\"Organization\",\"@id\":\"https:\/\/www.svalbard.fr\/actualites\/#organization\",\"name\":\"www.Svalbard.fr\",\"url\":\"https:\/\/www.svalbard.fr\/actualites\/\",\"logo\":{\"@type\":\"ImageObject\",\"inLanguage\":\"fr-FR\",\"@id\":\"https:\/\/www.svalbard.fr\/actualites\/#\/schema\/logo\/image\/\",\"url\":\"https:\/\/www.svalbard.fr\/actualites\/wp-content\/uploads\/2023\/09\/head-nom.jpg\",\"contentUrl\":\"https:\/\/www.svalbard.fr\/actualites\/wp-content\/uploads\/2023\/09\/head-nom.jpg\",\"width\":264,\"height\":35,\"caption\":\"www.Svalbard.fr\"},\"image\":{\"@id\":\"https:\/\/www.svalbard.fr\/actualites\/#\/schema\/logo\/image\/\"}},{\"@type\":\"Person\",\"@id\":\"https:\/\/www.svalbard.fr\/actualites\/#\/schema\/person\/a2f937d5712222366738fae98755c600\",\"name\":\"Hilmar\",\"image\":{\"@type\":\"ImageObject\",\"inLanguage\":\"fr-FR\",\"@id\":\"https:\/\/www.svalbard.fr\/actualites\/#\/schema\/person\/image\/\",\"url\":\"https:\/\/secure.gravatar.com\/avatar\/4daa437093476dbc32da415c112b6512?s=96&d=mm&r=g\",\"contentUrl\":\"https:\/\/secure.gravatar.com\/avatar\/4daa437093476dbc32da415c112b6512?s=96&d=mm&r=g\",\"caption\":\"Hilmar\"},\"description\":\"Hilmar est un passionn\u00e9 des r\u00e9gions polaires, sp\u00e9cialis\u00e9 dans la r\u00e9daction d'articles sur le Spitzberg et autres destinations arctiques. Il apporte son expertise et sa passion pour l'Arctique au sein de l'\u00e9quipe de r\u00e9daction de Svalbard depuis de nombreuses ann\u00e9es.\",\"sameAs\":[\"https:\/\/www.svalbard.fr\/\"]}]}<\/script>\n<!-- \/ Yoast SEO plugin. -->","yoast_head_json":{"title":"Scouts norv\u00e9giens\u00a0: comparaison avec le mouvement norv\u00e9gien \"Speider\"","robots":{"index":"index","follow":"follow","max-snippet":"max-snippet:-1","max-image-preview":"max-image-preview:large","max-video-preview":"max-video-preview:-1"},"canonical":"https:\/\/www.svalbard.fr\/actualites\/scouts-norvegiens-comparaison-avec-le-mouvement-norvegien-speider\/","og_locale":"fr_FR","og_type":"article","og_title":"Scouts norv\u00e9giens\u00a0: comparaison avec le mouvement norv\u00e9gien \"Speider\"","og_description":"En Norv\u00e8ge, le mot speider porte un sentiment de respect tranquille. Il fait r\u00e9f\u00e9rence aux membres du mouvement scout du pays, aux jeunes (et aux","og_url":"https:\/\/www.svalbard.fr\/actualites\/scouts-norvegiens-comparaison-avec-le-mouvement-norvegien-speider\/","og_site_name":"www.Svalbard.fr","article_published_time":"2025-11-08T14:08:05+00:00","og_image":[{"url":"https:\/\/www.svalbard.fr\/actualites\/wp-content\/uploads\/2025\/11\/Scouts-norvegiens-comparaison-avec-le-mouvement-norvegien-Speider.jpg"}],"author":"Hilmar","twitter_card":"summary_large_image","twitter_misc":{"\u00c9crit par":"Hilmar","Dur\u00e9e de lecture estim\u00e9e":"5 minutes"},"schema":{"@context":"https:\/\/schema.org","@graph":[{"@type":"Article","@id":"https:\/\/www.svalbard.fr\/actualites\/scouts-norvegiens-comparaison-avec-le-mouvement-norvegien-speider\/#article","isPartOf":{"@id":"https:\/\/www.svalbard.fr\/actualites\/scouts-norvegiens-comparaison-avec-le-mouvement-norvegien-speider\/"},"author":{"name":"Hilmar","@id":"https:\/\/www.svalbard.fr\/actualites\/#\/schema\/person\/a2f937d5712222366738fae98755c600"},"headline":"Scouts norv\u00e9giens\u00a0: comparaison avec le mouvement norv\u00e9gien \u00ab\u00a0Speider\u00a0\u00bb","datePublished":"2025-11-08T14:08:05+00:00","dateModified":"2025-11-08T14:08:05+00:00","mainEntityOfPage":{"@id":"https:\/\/www.svalbard.fr\/actualites\/scouts-norvegiens-comparaison-avec-le-mouvement-norvegien-speider\/"},"wordCount":1069,"publisher":{"@id":"https:\/\/www.svalbard.fr\/actualites\/#organization"},"keywords":["avec","comparaison","mouvement","norv\u00e9gien","norv\u00e9giens","Scouts","Speider"],"inLanguage":"fr-FR"},{"@type":"WebPage","@id":"https:\/\/www.svalbard.fr\/actualites\/scouts-norvegiens-comparaison-avec-le-mouvement-norvegien-speider\/","url":"https:\/\/www.svalbard.fr\/actualites\/scouts-norvegiens-comparaison-avec-le-mouvement-norvegien-speider\/","name":"Scouts norv\u00e9giens\u00a0: comparaison avec le mouvement norv\u00e9gien \"Speider\"","isPartOf":{"@id":"https:\/\/www.svalbard.fr\/actualites\/#website"},"datePublished":"2025-11-08T14:08:05+00:00","dateModified":"2025-11-08T14:08:05+00:00","breadcrumb":{"@id":"https:\/\/www.svalbard.fr\/actualites\/scouts-norvegiens-comparaison-avec-le-mouvement-norvegien-speider\/#breadcrumb"},"inLanguage":"fr-FR","potentialAction":[{"@type":"ReadAction","target":["https:\/\/www.svalbard.fr\/actualites\/scouts-norvegiens-comparaison-avec-le-mouvement-norvegien-speider\/"]}]},{"@type":"BreadcrumbList","@id":"https:\/\/www.svalbard.fr\/actualites\/scouts-norvegiens-comparaison-avec-le-mouvement-norvegien-speider\/#breadcrumb","itemListElement":[{"@type":"ListItem","position":1,"name":"Accueil","item":"https:\/\/www.svalbard.fr\/actualites\/"},{"@type":"ListItem","position":2,"name":"Scouts norv\u00e9giens\u00a0: comparaison avec le mouvement norv\u00e9gien \u00ab\u00a0Speider\u00a0\u00bb"}]},{"@type":"WebSite","@id":"https:\/\/www.svalbard.fr\/actualites\/#website","url":"https:\/\/www.svalbard.fr\/actualites\/","name":"www.Svalbard.fr","description":"","publisher":{"@id":"https:\/\/www.svalbard.fr\/actualites\/#organization"},"potentialAction":[{"@type":"SearchAction","target":{"@type":"EntryPoint","urlTemplate":"https:\/\/www.svalbard.fr\/actualites\/?s={search_term_string}"},"query-input":"required name=search_term_string"}],"inLanguage":"fr-FR"},{"@type":"Organization","@id":"https:\/\/www.svalbard.fr\/actualites\/#organization","name":"www.Svalbard.fr","url":"https:\/\/www.svalbard.fr\/actualites\/","logo":{"@type":"ImageObject","inLanguage":"fr-FR","@id":"https:\/\/www.svalbard.fr\/actualites\/#\/schema\/logo\/image\/","url":"https:\/\/www.svalbard.fr\/actualites\/wp-content\/uploads\/2023\/09\/head-nom.jpg","contentUrl":"https:\/\/www.svalbard.fr\/actualites\/wp-content\/uploads\/2023\/09\/head-nom.jpg","width":264,"height":35,"caption":"www.Svalbard.fr"},"image":{"@id":"https:\/\/www.svalbard.fr\/actualites\/#\/schema\/logo\/image\/"}},{"@type":"Person","@id":"https:\/\/www.svalbard.fr\/actualites\/#\/schema\/person\/a2f937d5712222366738fae98755c600","name":"Hilmar","image":{"@type":"ImageObject","inLanguage":"fr-FR","@id":"https:\/\/www.svalbard.fr\/actualites\/#\/schema\/person\/image\/","url":"https:\/\/secure.gravatar.com\/avatar\/4daa437093476dbc32da415c112b6512?s=96&d=mm&r=g","contentUrl":"https:\/\/secure.gravatar.com\/avatar\/4daa437093476dbc32da415c112b6512?s=96&d=mm&r=g","caption":"Hilmar"},"description":"Hilmar est un passionn\u00e9 des r\u00e9gions polaires, sp\u00e9cialis\u00e9 dans la r\u00e9daction d'articles sur le Spitzberg et autres destinations arctiques. Il apporte son expertise et sa passion pour l'Arctique au sein de l'\u00e9quipe de r\u00e9daction de Svalbard depuis de nombreuses ann\u00e9es.","sameAs":["https:\/\/www.svalbard.fr\/"]}]}},"_links":{"self":[{"href":"https:\/\/www.svalbard.fr\/actualites\/wp-json\/wp\/v2\/posts\/5065"}],"collection":[{"href":"https:\/\/www.svalbard.fr\/actualites\/wp-json\/wp\/v2\/posts"}],"about":[{"href":"https:\/\/www.svalbard.fr\/actualites\/wp-json\/wp\/v2\/types\/post"}],"author":[{"embeddable":true,"href":"https:\/\/www.svalbard.fr\/actualites\/wp-json\/wp\/v2\/users\/1"}],"replies":[{"embeddable":true,"href":"https:\/\/www.svalbard.fr\/actualites\/wp-json\/wp\/v2\/comments?post=5065"}],"version-history":[{"count":0,"href":"https:\/\/www.svalbard.fr\/actualites\/wp-json\/wp\/v2\/posts\/5065\/revisions"}],"wp:featuredmedia":[{"embeddable":true,"href":"https:\/\/www.svalbard.fr\/actualites\/wp-json\/wp\/v2\/media\/5066"}],"wp:attachment":[{"href":"https:\/\/www.svalbard.fr\/actualites\/wp-json\/wp\/v2\/media?parent=5065"}],"wp:term":[{"taxonomy":"category","embeddable":true,"href":"https:\/\/www.svalbard.fr\/actualites\/wp-json\/wp\/v2\/categories?post=5065"},{"taxonomy":"post_tag","embeddable":true,"href":"https:\/\/www.svalbard.fr\/actualites\/wp-json\/wp\/v2\/tags?post=5065"}],"curies":[{"name":"wp","href":"https:\/\/api.w.org\/{rel}","templated":true}]}}