{"id":5067,"date":"2025-11-08T16:00:55","date_gmt":"2025-11-08T15:00:55","guid":{"rendered":"https:\/\/www.svalbard.fr\/actualites\/la-magnifique-ile-figee-dans-le-temps-et-ornee-par-les-aurores-boreales-en-novembre\/"},"modified":"2025-11-08T16:00:57","modified_gmt":"2025-11-08T15:00:57","slug":"la-magnifique-ile-figee-dans-le-temps-et-ornee-par-les-aurores-boreales-en-novembre","status":"publish","type":"post","link":"https:\/\/www.svalbard.fr\/actualites\/la-magnifique-ile-figee-dans-le-temps-et-ornee-par-les-aurores-boreales-en-novembre\/","title":{"rendered":"La magnifique \u00eele fig\u00e9e dans le temps et orn\u00e9e par les aurores bor\u00e9ales en novembre"},"content":{"rendered":"<div>\n<p>Sur une magnifique \u00eele isol\u00e9e de seulement 305 habitants, les superbes aurores bor\u00e9ales dansent dans le ciel du d\u00e9but septembre \u00e0 la fin mars. L&#39;absence de pollution lumineuse signifie que vous pouvez le voir de n&#39;importe o\u00f9 sur l&#39;\u00eele norv\u00e9gienne, mais ce qui rend le mois de novembre si sp\u00e9cial, c&#39;est le d\u00e9but de la \u00ab nuit polaire \u00bb, lorsque les 305 habitants de Sommar\u00f8y perdent la lumi\u00e8re du jour.<\/p>\n<p>Le soleil ne se l\u00e8vera pas avant janvier, et m\u00eame si certains peuvent avoir du mal \u00e0 composer avec le manque de lumi\u00e8re naturelle, l&#39;obscurit\u00e9 totale constitue la toile de fond d&#39;un superbe spectacle de lumi\u00e8res bleues et vertes. De plus, selon le Sommaroy Artic Hotel Tromso, \u00ab aucun safari, randonn\u00e9e ou sommeil en plein air n&#39;est n\u00e9cessaire \u00bb car les aurores bor\u00e9ales sont \u00ab juste \u00e0 votre porte \u00bb.<\/p>\n<\/div>\n<div>\n<p>Les habitants profitent de la lumi\u00e8re du jour de mai \u00e0 juillet, lorsqu&#39;ils ont 69 jours de soleil de minuit, mais cet horaire d&#39;\u00e9clairage bizarre a conduit les habitants \u00e0 faire un mouvement pour abolir compl\u00e8tement le temps, car \u00ab\u00a0si vous voulez peindre votre maison \u00e0 2 heures du matin, c&#39;est OK. Si nous voulons nous baigner \u00e0 4 heures du matin, nous le ferons\u00a0\u00bb, selon Kjell Ove Hveding, qui \u00e9tait le leader de la campagne sur l&#39;\u00eele en 2019. <\/p>\n<p>Les insulaires ont demand\u00e9 que les heures d&#39;ouverture officielles soient abolies et que les gens soient autoris\u00e9s \u00e0 \u00ab faire ce que nous voulons, quand nous voulons \u00bb, faisant ainsi de Sommaroy le lieu o\u00f9 le temps n&#39;existe pas.<\/p>\n<p>Le mouvement s\u2019est av\u00e9r\u00e9 \u00eatre un coup de pub, et un succ\u00e8s incroyablement r\u00e9ussi, attirant l\u2019attention du monde entier, mais le point \u00e9tait toujours d\u2019actualit\u00e9. <\/p>\n<\/div>\n<div>\n<p>Les habitants sur la page de la campagne ont d\u00e9clar\u00e9 : \u00ab Ici, nous profitons de chaque minute du soleil de minuit, et oui, prendre un caf\u00e9 entre amis sur la plage \u00e0 2 heures du matin est une chose normale. \u00bb<\/p>\n<p>Les visiteurs se sont impliqu\u00e9s avec enthousiasme, certains attachant leur montre au pont en entrant sur l&#39;\u00eele pour profiter des activit\u00e9s hivernales comme le tra\u00eeneau \u00e0 chiens, les randonn\u00e9es en raquettes et la p\u00eache, qui repr\u00e9sente une partie importante de l&#39;\u00e9conomie, sans contrainte de temps.<\/p>\n<p>M\u00eame le trajet jusqu&#39;\u00e0 Sommaroy m\u00e9rite d&#39;\u00eatre mentionn\u00e9 ; un superbe voyage d&#39;une heure depuis la ville de Tromso \u00e0 travers les fjords et les montagnes du nord isol\u00e9 de la Norv\u00e8ge. Les vols directs de Londres \u00e0 Tromso prennent moins de quatre heures.<\/p>\n<\/div>\n","protected":false},"excerpt":{"rendered":"<p>Sur une magnifique \u00eele isol\u00e9e de seulement 305 habitants, les superbes aurores bor\u00e9ales dansent dans le ciel du d\u00e9but septembre \u00e0 la fin mars. L&#39;absence<\/p>\n","protected":false},"author":1,"featured_media":5068,"comment_status":"closed","ping_status":"","sticky":false,"template":"","format":"standard","meta":{"footnotes":""},"categories":[2277],"tags":[9,10,54,1441,68,3,345,5317,5315,167,361],"yoast_head":"<!-- This site is optimized with the Yoast SEO plugin v21.0 - https:\/\/yoast.com\/wordpress\/plugins\/seo\/ -->\n<title>La magnifique \u00eele fig\u00e9e dans le temps et orn\u00e9e par les aurores bor\u00e9ales en novembre<\/title>\n<meta name=\"robots\" content=\"index, follow, max-snippet:-1, max-image-preview:large, max-video-preview:-1\" \/>\n<link rel=\"canonical\" href=\"https:\/\/www.svalbard.fr\/actualites\/la-magnifique-ile-figee-dans-le-temps-et-ornee-par-les-aurores-boreales-en-novembre\/\" \/>\n<meta property=\"og:locale\" content=\"fr_FR\" \/>\n<meta property=\"og:type\" content=\"article\" \/>\n<meta property=\"og:title\" content=\"La magnifique \u00eele fig\u00e9e dans le temps et orn\u00e9e par les aurores bor\u00e9ales en novembre\" \/>\n<meta property=\"og:description\" content=\"Sur une magnifique \u00eele isol\u00e9e de seulement 305 habitants, les superbes aurores bor\u00e9ales dansent dans le ciel du d\u00e9but septembre \u00e0 la fin mars. L&#039;absence\" \/>\n<meta property=\"og:url\" content=\"https:\/\/www.svalbard.fr\/actualites\/la-magnifique-ile-figee-dans-le-temps-et-ornee-par-les-aurores-boreales-en-novembre\/\" \/>\n<meta property=\"og:site_name\" content=\"www.Svalbard.fr\" \/>\n<meta property=\"article:published_time\" content=\"2025-11-08T15:00:55+00:00\" \/>\n<meta property=\"article:modified_time\" content=\"2025-11-08T15:00:57+00:00\" \/>\n<meta property=\"og:image\" content=\"https:\/\/www.svalbard.fr\/actualites\/wp-content\/uploads\/2025\/11\/La-magnifique-ile-figee-dans-le-temps-et-ornee-par.jpg\" \/>\n\t<meta property=\"og:image:width\" content=\"1200\" \/>\n\t<meta property=\"og:image:height\" content=\"630\" \/>\n\t<meta property=\"og:image:type\" content=\"image\/jpeg\" \/>\n<meta name=\"author\" content=\"Hilmar\" \/>\n<meta name=\"twitter:card\" content=\"summary_large_image\" \/>\n<meta name=\"twitter:label1\" content=\"\u00c9crit par\" \/>\n\t<meta name=\"twitter:data1\" content=\"Hilmar\" \/>\n\t<meta name=\"twitter:label2\" content=\"Dur\u00e9e de lecture estim\u00e9e\" \/>\n\t<meta name=\"twitter:data2\" content=\"2 minutes\" \/>\n<script type=\"application\/ld+json\" class=\"yoast-schema-graph\">{\"@context\":\"https:\/\/schema.org\",\"@graph\":[{\"@type\":\"Article\",\"@id\":\"https:\/\/www.svalbard.fr\/actualites\/la-magnifique-ile-figee-dans-le-temps-et-ornee-par-les-aurores-boreales-en-novembre\/#article\",\"isPartOf\":{\"@id\":\"https:\/\/www.svalbard.fr\/actualites\/la-magnifique-ile-figee-dans-le-temps-et-ornee-par-les-aurores-boreales-en-novembre\/\"},\"author\":{\"name\":\"Hilmar\",\"@id\":\"https:\/\/www.svalbard.fr\/actualites\/#\/schema\/person\/a2f937d5712222366738fae98755c600\"},\"headline\":\"La magnifique \u00eele fig\u00e9e dans le temps et orn\u00e9e par les aurores bor\u00e9ales en novembre\",\"datePublished\":\"2025-11-08T15:00:55+00:00\",\"dateModified\":\"2025-11-08T15:00:57+00:00\",\"mainEntityOfPage\":{\"@id\":\"https:\/\/www.svalbard.fr\/actualites\/la-magnifique-ile-figee-dans-le-temps-et-ornee-par-les-aurores-boreales-en-novembre\/\"},\"wordCount\":453,\"publisher\":{\"@id\":\"https:\/\/www.svalbard.fr\/actualites\/#organization\"},\"keywords\":[\"aurores\",\"bor\u00e9ales\",\"dans\",\"fig\u00e9e\",\"\u00eele\",\"Les\",\"magnifique\",\"novembre\",\"orn\u00e9e\",\"par\",\"temps\"],\"inLanguage\":\"fr-FR\"},{\"@type\":\"WebPage\",\"@id\":\"https:\/\/www.svalbard.fr\/actualites\/la-magnifique-ile-figee-dans-le-temps-et-ornee-par-les-aurores-boreales-en-novembre\/\",\"url\":\"https:\/\/www.svalbard.fr\/actualites\/la-magnifique-ile-figee-dans-le-temps-et-ornee-par-les-aurores-boreales-en-novembre\/\",\"name\":\"La magnifique \u00eele fig\u00e9e dans le temps et orn\u00e9e par les aurores bor\u00e9ales en novembre\",\"isPartOf\":{\"@id\":\"https:\/\/www.svalbard.fr\/actualites\/#website\"},\"datePublished\":\"2025-11-08T15:00:55+00:00\",\"dateModified\":\"2025-11-08T15:00:57+00:00\",\"breadcrumb\":{\"@id\":\"https:\/\/www.svalbard.fr\/actualites\/la-magnifique-ile-figee-dans-le-temps-et-ornee-par-les-aurores-boreales-en-novembre\/#breadcrumb\"},\"inLanguage\":\"fr-FR\",\"potentialAction\":[{\"@type\":\"ReadAction\",\"target\":[\"https:\/\/www.svalbard.fr\/actualites\/la-magnifique-ile-figee-dans-le-temps-et-ornee-par-les-aurores-boreales-en-novembre\/\"]}]},{\"@type\":\"BreadcrumbList\",\"@id\":\"https:\/\/www.svalbard.fr\/actualites\/la-magnifique-ile-figee-dans-le-temps-et-ornee-par-les-aurores-boreales-en-novembre\/#breadcrumb\",\"itemListElement\":[{\"@type\":\"ListItem\",\"position\":1,\"name\":\"Accueil\",\"item\":\"https:\/\/www.svalbard.fr\/actualites\/\"},{\"@type\":\"ListItem\",\"position\":2,\"name\":\"La magnifique \u00eele fig\u00e9e dans le temps et orn\u00e9e par les aurores bor\u00e9ales en novembre\"}]},{\"@type\":\"WebSite\",\"@id\":\"https:\/\/www.svalbard.fr\/actualites\/#website\",\"url\":\"https:\/\/www.svalbard.fr\/actualites\/\",\"name\":\"www.Svalbard.fr\",\"description\":\"\",\"publisher\":{\"@id\":\"https:\/\/www.svalbard.fr\/actualites\/#organization\"},\"potentialAction\":[{\"@type\":\"SearchAction\",\"target\":{\"@type\":\"EntryPoint\",\"urlTemplate\":\"https:\/\/www.svalbard.fr\/actualites\/?s={search_term_string}\"},\"query-input\":\"required name=search_term_string\"}],\"inLanguage\":\"fr-FR\"},{\"@type\":\"Organization\",\"@id\":\"https:\/\/www.svalbard.fr\/actualites\/#organization\",\"name\":\"www.Svalbard.fr\",\"url\":\"https:\/\/www.svalbard.fr\/actualites\/\",\"logo\":{\"@type\":\"ImageObject\",\"inLanguage\":\"fr-FR\",\"@id\":\"https:\/\/www.svalbard.fr\/actualites\/#\/schema\/logo\/image\/\",\"url\":\"https:\/\/www.svalbard.fr\/actualites\/wp-content\/uploads\/2023\/09\/head-nom.jpg\",\"contentUrl\":\"https:\/\/www.svalbard.fr\/actualites\/wp-content\/uploads\/2023\/09\/head-nom.jpg\",\"width\":264,\"height\":35,\"caption\":\"www.Svalbard.fr\"},\"image\":{\"@id\":\"https:\/\/www.svalbard.fr\/actualites\/#\/schema\/logo\/image\/\"}},{\"@type\":\"Person\",\"@id\":\"https:\/\/www.svalbard.fr\/actualites\/#\/schema\/person\/a2f937d5712222366738fae98755c600\",\"name\":\"Hilmar\",\"image\":{\"@type\":\"ImageObject\",\"inLanguage\":\"fr-FR\",\"@id\":\"https:\/\/www.svalbard.fr\/actualites\/#\/schema\/person\/image\/\",\"url\":\"https:\/\/secure.gravatar.com\/avatar\/4daa437093476dbc32da415c112b6512?s=96&d=mm&r=g\",\"contentUrl\":\"https:\/\/secure.gravatar.com\/avatar\/4daa437093476dbc32da415c112b6512?s=96&d=mm&r=g\",\"caption\":\"Hilmar\"},\"description\":\"Hilmar est un passionn\u00e9 des r\u00e9gions polaires, sp\u00e9cialis\u00e9 dans la r\u00e9daction d'articles sur le Spitzberg et autres destinations arctiques. Il apporte son expertise et sa passion pour l'Arctique au sein de l'\u00e9quipe de r\u00e9daction de Svalbard depuis de nombreuses ann\u00e9es.\",\"sameAs\":[\"https:\/\/www.svalbard.fr\/\"]}]}<\/script>\n<!-- \/ Yoast SEO plugin. -->","yoast_head_json":{"title":"La magnifique \u00eele fig\u00e9e dans le temps et orn\u00e9e par les aurores bor\u00e9ales en novembre","robots":{"index":"index","follow":"follow","max-snippet":"max-snippet:-1","max-image-preview":"max-image-preview:large","max-video-preview":"max-video-preview:-1"},"canonical":"https:\/\/www.svalbard.fr\/actualites\/la-magnifique-ile-figee-dans-le-temps-et-ornee-par-les-aurores-boreales-en-novembre\/","og_locale":"fr_FR","og_type":"article","og_title":"La magnifique \u00eele fig\u00e9e dans le temps et orn\u00e9e par les aurores bor\u00e9ales en novembre","og_description":"Sur une magnifique \u00eele isol\u00e9e de seulement 305 habitants, les superbes aurores bor\u00e9ales dansent dans le ciel du d\u00e9but septembre \u00e0 la fin mars. L&#39;absence","og_url":"https:\/\/www.svalbard.fr\/actualites\/la-magnifique-ile-figee-dans-le-temps-et-ornee-par-les-aurores-boreales-en-novembre\/","og_site_name":"www.Svalbard.fr","article_published_time":"2025-11-08T15:00:55+00:00","article_modified_time":"2025-11-08T15:00:57+00:00","og_image":[{"width":1200,"height":630,"url":"https:\/\/www.svalbard.fr\/actualites\/wp-content\/uploads\/2025\/11\/La-magnifique-ile-figee-dans-le-temps-et-ornee-par.jpg","type":"image\/jpeg"}],"author":"Hilmar","twitter_card":"summary_large_image","twitter_misc":{"\u00c9crit par":"Hilmar","Dur\u00e9e de lecture estim\u00e9e":"2 minutes"},"schema":{"@context":"https:\/\/schema.org","@graph":[{"@type":"Article","@id":"https:\/\/www.svalbard.fr\/actualites\/la-magnifique-ile-figee-dans-le-temps-et-ornee-par-les-aurores-boreales-en-novembre\/#article","isPartOf":{"@id":"https:\/\/www.svalbard.fr\/actualites\/la-magnifique-ile-figee-dans-le-temps-et-ornee-par-les-aurores-boreales-en-novembre\/"},"author":{"name":"Hilmar","@id":"https:\/\/www.svalbard.fr\/actualites\/#\/schema\/person\/a2f937d5712222366738fae98755c600"},"headline":"La magnifique \u00eele fig\u00e9e dans le temps et orn\u00e9e par les aurores bor\u00e9ales en novembre","datePublished":"2025-11-08T15:00:55+00:00","dateModified":"2025-11-08T15:00:57+00:00","mainEntityOfPage":{"@id":"https:\/\/www.svalbard.fr\/actualites\/la-magnifique-ile-figee-dans-le-temps-et-ornee-par-les-aurores-boreales-en-novembre\/"},"wordCount":453,"publisher":{"@id":"https:\/\/www.svalbard.fr\/actualites\/#organization"},"keywords":["aurores","bor\u00e9ales","dans","fig\u00e9e","\u00eele","Les","magnifique","novembre","orn\u00e9e","par","temps"],"inLanguage":"fr-FR"},{"@type":"WebPage","@id":"https:\/\/www.svalbard.fr\/actualites\/la-magnifique-ile-figee-dans-le-temps-et-ornee-par-les-aurores-boreales-en-novembre\/","url":"https:\/\/www.svalbard.fr\/actualites\/la-magnifique-ile-figee-dans-le-temps-et-ornee-par-les-aurores-boreales-en-novembre\/","name":"La magnifique \u00eele fig\u00e9e dans le temps et orn\u00e9e par les aurores bor\u00e9ales en novembre","isPartOf":{"@id":"https:\/\/www.svalbard.fr\/actualites\/#website"},"datePublished":"2025-11-08T15:00:55+00:00","dateModified":"2025-11-08T15:00:57+00:00","breadcrumb":{"@id":"https:\/\/www.svalbard.fr\/actualites\/la-magnifique-ile-figee-dans-le-temps-et-ornee-par-les-aurores-boreales-en-novembre\/#breadcrumb"},"inLanguage":"fr-FR","potentialAction":[{"@type":"ReadAction","target":["https:\/\/www.svalbard.fr\/actualites\/la-magnifique-ile-figee-dans-le-temps-et-ornee-par-les-aurores-boreales-en-novembre\/"]}]},{"@type":"BreadcrumbList","@id":"https:\/\/www.svalbard.fr\/actualites\/la-magnifique-ile-figee-dans-le-temps-et-ornee-par-les-aurores-boreales-en-novembre\/#breadcrumb","itemListElement":[{"@type":"ListItem","position":1,"name":"Accueil","item":"https:\/\/www.svalbard.fr\/actualites\/"},{"@type":"ListItem","position":2,"name":"La magnifique \u00eele fig\u00e9e dans le temps et orn\u00e9e par les aurores bor\u00e9ales en novembre"}]},{"@type":"WebSite","@id":"https:\/\/www.svalbard.fr\/actualites\/#website","url":"https:\/\/www.svalbard.fr\/actualites\/","name":"www.Svalbard.fr","description":"","publisher":{"@id":"https:\/\/www.svalbard.fr\/actualites\/#organization"},"potentialAction":[{"@type":"SearchAction","target":{"@type":"EntryPoint","urlTemplate":"https:\/\/www.svalbard.fr\/actualites\/?s={search_term_string}"},"query-input":"required name=search_term_string"}],"inLanguage":"fr-FR"},{"@type":"Organization","@id":"https:\/\/www.svalbard.fr\/actualites\/#organization","name":"www.Svalbard.fr","url":"https:\/\/www.svalbard.fr\/actualites\/","logo":{"@type":"ImageObject","inLanguage":"fr-FR","@id":"https:\/\/www.svalbard.fr\/actualites\/#\/schema\/logo\/image\/","url":"https:\/\/www.svalbard.fr\/actualites\/wp-content\/uploads\/2023\/09\/head-nom.jpg","contentUrl":"https:\/\/www.svalbard.fr\/actualites\/wp-content\/uploads\/2023\/09\/head-nom.jpg","width":264,"height":35,"caption":"www.Svalbard.fr"},"image":{"@id":"https:\/\/www.svalbard.fr\/actualites\/#\/schema\/logo\/image\/"}},{"@type":"Person","@id":"https:\/\/www.svalbard.fr\/actualites\/#\/schema\/person\/a2f937d5712222366738fae98755c600","name":"Hilmar","image":{"@type":"ImageObject","inLanguage":"fr-FR","@id":"https:\/\/www.svalbard.fr\/actualites\/#\/schema\/person\/image\/","url":"https:\/\/secure.gravatar.com\/avatar\/4daa437093476dbc32da415c112b6512?s=96&d=mm&r=g","contentUrl":"https:\/\/secure.gravatar.com\/avatar\/4daa437093476dbc32da415c112b6512?s=96&d=mm&r=g","caption":"Hilmar"},"description":"Hilmar est un passionn\u00e9 des r\u00e9gions polaires, sp\u00e9cialis\u00e9 dans la r\u00e9daction d'articles sur le Spitzberg et autres destinations arctiques. Il apporte son expertise et sa passion pour l'Arctique au sein de l'\u00e9quipe de r\u00e9daction de Svalbard depuis de nombreuses ann\u00e9es.","sameAs":["https:\/\/www.svalbard.fr\/"]}]}},"_links":{"self":[{"href":"https:\/\/www.svalbard.fr\/actualites\/wp-json\/wp\/v2\/posts\/5067"}],"collection":[{"href":"https:\/\/www.svalbard.fr\/actualites\/wp-json\/wp\/v2\/posts"}],"about":[{"href":"https:\/\/www.svalbard.fr\/actualites\/wp-json\/wp\/v2\/types\/post"}],"author":[{"embeddable":true,"href":"https:\/\/www.svalbard.fr\/actualites\/wp-json\/wp\/v2\/users\/1"}],"replies":[{"embeddable":true,"href":"https:\/\/www.svalbard.fr\/actualites\/wp-json\/wp\/v2\/comments?post=5067"}],"version-history":[{"count":1,"href":"https:\/\/www.svalbard.fr\/actualites\/wp-json\/wp\/v2\/posts\/5067\/revisions"}],"predecessor-version":[{"id":5069,"href":"https:\/\/www.svalbard.fr\/actualites\/wp-json\/wp\/v2\/posts\/5067\/revisions\/5069"}],"wp:featuredmedia":[{"embeddable":true,"href":"https:\/\/www.svalbard.fr\/actualites\/wp-json\/wp\/v2\/media\/5068"}],"wp:attachment":[{"href":"https:\/\/www.svalbard.fr\/actualites\/wp-json\/wp\/v2\/media?parent=5067"}],"wp:term":[{"taxonomy":"category","embeddable":true,"href":"https:\/\/www.svalbard.fr\/actualites\/wp-json\/wp\/v2\/categories?post=5067"},{"taxonomy":"post_tag","embeddable":true,"href":"https:\/\/www.svalbard.fr\/actualites\/wp-json\/wp\/v2\/tags?post=5067"}],"curies":[{"name":"wp","href":"https:\/\/api.w.org\/{rel}","templated":true}]}}