{"id":5070,"date":"2025-11-11T09:27:09","date_gmt":"2025-11-11T08:27:09","guid":{"rendered":"https:\/\/www.svalbard.fr\/actualites\/austrian-airlines-va-lancer-une-liaison-directe-entre-bergen-et-vienne\/"},"modified":"2025-11-11T09:27:09","modified_gmt":"2025-11-11T08:27:09","slug":"austrian-airlines-va-lancer-une-liaison-directe-entre-bergen-et-vienne","status":"publish","type":"post","link":"https:\/\/www.svalbard.fr\/actualites\/austrian-airlines-va-lancer-une-liaison-directe-entre-bergen-et-vienne\/","title":{"rendered":"Austrian Airlines va lancer une liaison directe entre Bergen et Vienne"},"content":{"rendered":"<div itemprop=\"text\">\n\t\t\t<span id=\"dpsp-post-content-markup\" data-image-pin-it=\"false\"><\/span><\/p>\n<p class=\"intro\">Une nouvelle route internationale arrive vers l\u2019ouest de la Norv\u00e8ge. Voici ce que les touristes qui envisagent de visiter la Norv\u00e8ge ou les habitants de Bergen d\u00e9sireux d&#39;explorer l&#39;Europe centrale doivent savoir sur le nouveau service saisonnier.<\/p>\n<p>\u00c0 partir de juin 2026, Austrian Airlines introduira un vol direct entre Vienne et Bergen, facilitant ainsi les d\u00e9placements des voyageurs entre les fjords norv\u00e9giens et l&#39;une des grandes capitales culturelles d&#39;Europe centrale.<\/p>\n<figure class=\"wp-block-image size-large\"><img data-lazyloaded=\"1\" data-placeholder-resp=\"768x432\" fetchpriority=\"high\" decoding=\"async\" width=\"768\" height=\"432\" src=\"https:\/\/www.svalbard.fr\/actualites\/wp-content\/uploads\/2025\/11\/Austrian-Airlines-va-lancer-une-liaison-directe-entre-Bergen-et.jpg\" alt=\"Images de Bergen et de Vienne.\" class=\"wp-image-85066\"  data-><noscript><img fetchpriority=\"high\" decoding=\"async\" width=\"768\" height=\"432\" src=\"https:\/\/www.svalbard.fr\/actualites\/wp-content\/uploads\/2025\/11\/Austrian-Airlines-va-lancer-une-liaison-directe-entre-Bergen-et.jpg\" alt=\"Images de Bergen et de Vienne.\" class=\"wp-image-85066\"  ><\/noscript><\/figure>\n<p>Le service fonctionnera trois fois par semaine du 1er juin \u00e0 la mi-septembre 2026, des discussions \u00e9tant d\u00e9j\u00e0 en cours pour prolonger la saison \u00e0 partir de 2027.<\/p>\n<p>L&#39;itin\u00e9raire refl\u00e8te une augmentation notable de l&#39;int\u00e9r\u00eat autrichien pour la Norv\u00e8ge occidentale. Selon Fjord Norv\u00e8ge, les nuit\u00e9es des voyageurs autrichiens ont augment\u00e9 de 11 % en 2024, ce qui sugg\u00e8re un app\u00e9tit croissant pour les paysages de fjords, la randonn\u00e9e, les villes c\u00f4ti\u00e8res et les aventures en plein air.<\/p>\n<h2 class=\"wp-block-heading\">Avantages \u00e9galement pour les voyageurs en Norv\u00e8ge<\/h2>\n<p>Si la nouvelle route soutient le tourisme r\u00e9cepteur, elle ouvre \u00e9galement des options attrayantes aux voyageurs bas\u00e9s en Norv\u00e8ge. Vienne est une plaque tournante europ\u00e9enne importante avec d&#39;excellentes liaisons ferroviaires et a\u00e9riennes \u00e0 travers l&#39;Europe centrale et orientale.<\/p>\n<p>Des villes comme Budapest, Prague, Cracovie, Ljubljana et Zagreb deviennent plus facilement accessibles gr\u00e2ce \u00e0 une seule connexion simple.<\/p>\n<p>Vienne elle-m\u00eame offre une riche pause culturelle, de la grande architecture imp\u00e9riale \u00e0 la musique classique en passant par les caf\u00e9s, les mus\u00e9es d&#39;art et les sentiers p\u00e9destres le long du Danube.<\/p>\n<p>Pour les voyageurs de l\u2019ouest de la Norv\u00e8ge, disposer d\u2019une autre porte d\u2019entr\u00e9e internationale en dehors d\u2019Oslo ajoute \u00e9galement de la flexibilit\u00e9. Les r\u00e9sidents de Bergen, en particulier, b\u00e9n\u00e9ficieront d&#39;une nouvelle route vers l&#39;Europe qui leur \u00e9vitera d&#39;avoir recours \u00e0 une connexion domestique pr\u00e9alable.<\/p>\n<h2 class=\"wp-block-heading\">Une nouvelle fa\u00e7on d&#39;explorer davantage la Norv\u00e8ge<\/h2>\n<p>Du point de vue entrant, l\u2019itin\u00e9raire se connecte \u00e9galement parfaitement aux voyages int\u00e9rieurs. Bergen est une plaque tournante importante pour Wider\u00f8e, rendant les voyages vers les petites villes des fjords, les \u00eeles c\u00f4ti\u00e8res ou les a\u00e9roports du nord relativement simples.<\/p>\n<p>Les visiteurs pourraient, par exemple, prendre l&#39;avion jusqu&#39;\u00e0 Bergen, voyager vers le nord en bus, en ferry ou en bateau c\u00f4tier, puis rentrer chez eux via Troms\u00f8 ou Evenes en empruntant les routes existantes de l&#39;Autriche vers le nord de la Norv\u00e8ge.<\/p>\n<figure class=\"wp-block-image size-large\"><img loading=\"lazy\" data-lazyloaded=\"1\" data-placeholder-resp=\"768x576\" decoding=\"async\" width=\"768\" height=\"576\" src=\"https:\/\/www.svalbard.fr\/actualites\/wp-content\/uploads\/2025\/11\/Austrian-Airlines-va-lancer-une-liaison-directe-entre-Bergen-et.jpeg\" alt=\"Quartier de Bryggen \u00e0 Bergen, Norv\u00e8ge. Photo : David Nikel.\" class=\"wp-image-79527\"  data-><noscript><img loading=\"lazy\" decoding=\"async\" width=\"768\" height=\"576\" src=\"https:\/\/www.svalbard.fr\/actualites\/wp-content\/uploads\/2025\/11\/Austrian-Airlines-va-lancer-une-liaison-directe-entre-Bergen-et.jpeg\" alt=\"Quartier de Bryggen \u00e0 Bergen, Norv\u00e8ge. Photo : David Nikel.\" class=\"wp-image-79527\"  ><\/noscript><\/figure>\n<p>Cela \u00e9vite de revenir en arri\u00e8re et permet de d\u00e9couvrir plus facilement une plus grande partie du pays en un seul voyage.<\/p>\n<h2 class=\"wp-block-heading\">Une nouvelle connexion Star Alliance<\/h2>\n<p>Austrian Airlines fait partie du r\u00e9seau Star Alliance, aux c\u00f4t\u00e9s de compagnies a\u00e9riennes telles que Lufthansa, SWISS, United Airlines, Air Canada et ANA.<\/p>\n<p>Ceci est particuli\u00e8rement pertinent pour les voyageurs fr\u00e9quents en Norv\u00e8ge ou au-del\u00e0 qui collectent des miles via Miles &#038; More (Groupe Lufthansa), United MileagePlus, Air Canada Aeroplan ou d&#39;autres programmes Star Alliance.<\/p>\n<p>Les avantages du statut tels que l&#39;acc\u00e8s aux salons et les services prioritaires d\u00e9pendront du niveau d&#39;adh\u00e9sion du voyageur et du type de tarif.<\/p>\n<p>Les voyageurs qui voyagent habituellement avec SAS doivent noter que SAS et EuroBonus ont migr\u00e9 vers SkyTeam en 2024, les points EuroBonus ne peuvent donc pas \u00eatre gagn\u00e9s sur Austrian Airlines.<\/p>\n<p>Cependant, pour ceux qui utilisent d\u00e9j\u00e0 les programmes de fid\u00e9lit\u00e9 Star Alliance, Bergen-Vienne offrira une nouvelle option d&#39;itin\u00e9raire potentiellement pratique.<\/p>\n<h2 class=\"wp-block-heading\">Une partie d\u2019une tendance plus large<\/h2>\n<p>L&#39;ouest de la Norv\u00e8ge continue d&#39;\u00eatre l&#39;une des r\u00e9gions du pays les plus populaires aupr\u00e8s des visiteurs internationaux, surtout en \u00e9t\u00e9. Le paysage des fjords, la culture c\u00f4ti\u00e8re, les itin\u00e9raires de randonn\u00e9e spectaculaires et les villes bien desservies restent un attrait majeur.<\/p>\n<p>Les dirigeants du tourisme de la r\u00e9gion soulignent l\u2019importance d\u2019am\u00e9liorer les liaisons internationales directes pour \u00e9tendre les voyages au-del\u00e0 d\u2019Oslo et encourager des s\u00e9jours plus longs et plus durables.<\/p>\n<p>Les vols entre Bergen et Vienne sont pr\u00e9vus du 1er juin \u00e0 la mi-septembre 2026, avec trois d\u00e9parts par semaine. La vente des billets devrait ouvrir bien avant le lancement.<\/p>\n<p>Si la demande est forte, Austrian Airlines vise \u00e0 \u00e9tendre le service saisonnier plus tard dans l&#39;ann\u00e9e \u00e0 partir de 2027.<\/p>\n<\/p><\/div>\n","protected":false},"excerpt":{"rendered":"<p>Une nouvelle route internationale arrive vers l\u2019ouest de la Norv\u00e8ge. Voici ce que les touristes qui envisagent de visiter la Norv\u00e8ge ou les habitants de<\/p>\n","protected":false},"author":1,"featured_media":5071,"comment_status":"","ping_status":"","sticky":false,"template":"","format":"standard","meta":{"footnotes":""},"categories":[2277],"tags":[1114,5319,483,1088,201,1888,5321,18,5323],"yoast_head":"<!-- This site is optimized with the Yoast SEO plugin v21.0 - https:\/\/yoast.com\/wordpress\/plugins\/seo\/ -->\n<title>Austrian Airlines va lancer une liaison directe entre Bergen et Vienne<\/title>\n<meta name=\"robots\" content=\"index, follow, max-snippet:-1, max-image-preview:large, max-video-preview:-1\" \/>\n<link rel=\"canonical\" href=\"https:\/\/www.svalbard.fr\/actualites\/austrian-airlines-va-lancer-une-liaison-directe-entre-bergen-et-vienne\/\" \/>\n<meta property=\"og:locale\" content=\"fr_FR\" \/>\n<meta property=\"og:type\" content=\"article\" \/>\n<meta property=\"og:title\" content=\"Austrian Airlines va lancer une liaison directe entre Bergen et Vienne\" \/>\n<meta property=\"og:description\" content=\"Une nouvelle route internationale arrive vers l\u2019ouest de la Norv\u00e8ge. Voici ce que les touristes qui envisagent de visiter la Norv\u00e8ge ou les habitants de\" \/>\n<meta property=\"og:url\" content=\"https:\/\/www.svalbard.fr\/actualites\/austrian-airlines-va-lancer-une-liaison-directe-entre-bergen-et-vienne\/\" \/>\n<meta property=\"og:site_name\" content=\"www.Svalbard.fr\" \/>\n<meta property=\"article:published_time\" content=\"2025-11-11T08:27:09+00:00\" \/>\n<meta property=\"og:image\" content=\"https:\/\/www.svalbard.fr\/actualites\/wp-content\/uploads\/2025\/11\/Austrian-Airlines-va-lancer-une-liaison-directe-entre-Bergen-et.jpg\" \/>\n<meta name=\"author\" content=\"Hilmar\" \/>\n<meta name=\"twitter:card\" content=\"summary_large_image\" \/>\n<meta name=\"twitter:label1\" content=\"\u00c9crit par\" \/>\n\t<meta name=\"twitter:data1\" content=\"Hilmar\" \/>\n\t<meta name=\"twitter:label2\" content=\"Dur\u00e9e de lecture estim\u00e9e\" \/>\n\t<meta name=\"twitter:data2\" content=\"4 minutes\" \/>\n<script type=\"application\/ld+json\" class=\"yoast-schema-graph\">{\"@context\":\"https:\/\/schema.org\",\"@graph\":[{\"@type\":\"Article\",\"@id\":\"https:\/\/www.svalbard.fr\/actualites\/austrian-airlines-va-lancer-une-liaison-directe-entre-bergen-et-vienne\/#article\",\"isPartOf\":{\"@id\":\"https:\/\/www.svalbard.fr\/actualites\/austrian-airlines-va-lancer-une-liaison-directe-entre-bergen-et-vienne\/\"},\"author\":{\"name\":\"Hilmar\",\"@id\":\"https:\/\/www.svalbard.fr\/actualites\/#\/schema\/person\/a2f937d5712222366738fae98755c600\"},\"headline\":\"Austrian Airlines va lancer une liaison directe entre Bergen et Vienne\",\"datePublished\":\"2025-11-11T08:27:09+00:00\",\"dateModified\":\"2025-11-11T08:27:09+00:00\",\"mainEntityOfPage\":{\"@id\":\"https:\/\/www.svalbard.fr\/actualites\/austrian-airlines-va-lancer-une-liaison-directe-entre-bergen-et-vienne\/\"},\"wordCount\":760,\"publisher\":{\"@id\":\"https:\/\/www.svalbard.fr\/actualites\/#organization\"},\"keywords\":[\"Airlines\",\"Austrian\",\"Bergen\",\"directe\",\"entre\",\"lancer\",\"liaison\",\"Une\",\"Vienne\"],\"inLanguage\":\"fr-FR\"},{\"@type\":\"WebPage\",\"@id\":\"https:\/\/www.svalbard.fr\/actualites\/austrian-airlines-va-lancer-une-liaison-directe-entre-bergen-et-vienne\/\",\"url\":\"https:\/\/www.svalbard.fr\/actualites\/austrian-airlines-va-lancer-une-liaison-directe-entre-bergen-et-vienne\/\",\"name\":\"Austrian Airlines va lancer une liaison directe entre Bergen et Vienne\",\"isPartOf\":{\"@id\":\"https:\/\/www.svalbard.fr\/actualites\/#website\"},\"datePublished\":\"2025-11-11T08:27:09+00:00\",\"dateModified\":\"2025-11-11T08:27:09+00:00\",\"breadcrumb\":{\"@id\":\"https:\/\/www.svalbard.fr\/actualites\/austrian-airlines-va-lancer-une-liaison-directe-entre-bergen-et-vienne\/#breadcrumb\"},\"inLanguage\":\"fr-FR\",\"potentialAction\":[{\"@type\":\"ReadAction\",\"target\":[\"https:\/\/www.svalbard.fr\/actualites\/austrian-airlines-va-lancer-une-liaison-directe-entre-bergen-et-vienne\/\"]}]},{\"@type\":\"BreadcrumbList\",\"@id\":\"https:\/\/www.svalbard.fr\/actualites\/austrian-airlines-va-lancer-une-liaison-directe-entre-bergen-et-vienne\/#breadcrumb\",\"itemListElement\":[{\"@type\":\"ListItem\",\"position\":1,\"name\":\"Accueil\",\"item\":\"https:\/\/www.svalbard.fr\/actualites\/\"},{\"@type\":\"ListItem\",\"position\":2,\"name\":\"Austrian Airlines va lancer une liaison directe entre Bergen et Vienne\"}]},{\"@type\":\"WebSite\",\"@id\":\"https:\/\/www.svalbard.fr\/actualites\/#website\",\"url\":\"https:\/\/www.svalbard.fr\/actualites\/\",\"name\":\"www.Svalbard.fr\",\"description\":\"\",\"publisher\":{\"@id\":\"https:\/\/www.svalbard.fr\/actualites\/#organization\"},\"potentialAction\":[{\"@type\":\"SearchAction\",\"target\":{\"@type\":\"EntryPoint\",\"urlTemplate\":\"https:\/\/www.svalbard.fr\/actualites\/?s={search_term_string}\"},\"query-input\":\"required name=search_term_string\"}],\"inLanguage\":\"fr-FR\"},{\"@type\":\"Organization\",\"@id\":\"https:\/\/www.svalbard.fr\/actualites\/#organization\",\"name\":\"www.Svalbard.fr\",\"url\":\"https:\/\/www.svalbard.fr\/actualites\/\",\"logo\":{\"@type\":\"ImageObject\",\"inLanguage\":\"fr-FR\",\"@id\":\"https:\/\/www.svalbard.fr\/actualites\/#\/schema\/logo\/image\/\",\"url\":\"https:\/\/www.svalbard.fr\/actualites\/wp-content\/uploads\/2023\/09\/head-nom.jpg\",\"contentUrl\":\"https:\/\/www.svalbard.fr\/actualites\/wp-content\/uploads\/2023\/09\/head-nom.jpg\",\"width\":264,\"height\":35,\"caption\":\"www.Svalbard.fr\"},\"image\":{\"@id\":\"https:\/\/www.svalbard.fr\/actualites\/#\/schema\/logo\/image\/\"}},{\"@type\":\"Person\",\"@id\":\"https:\/\/www.svalbard.fr\/actualites\/#\/schema\/person\/a2f937d5712222366738fae98755c600\",\"name\":\"Hilmar\",\"image\":{\"@type\":\"ImageObject\",\"inLanguage\":\"fr-FR\",\"@id\":\"https:\/\/www.svalbard.fr\/actualites\/#\/schema\/person\/image\/\",\"url\":\"https:\/\/secure.gravatar.com\/avatar\/4daa437093476dbc32da415c112b6512?s=96&d=mm&r=g\",\"contentUrl\":\"https:\/\/secure.gravatar.com\/avatar\/4daa437093476dbc32da415c112b6512?s=96&d=mm&r=g\",\"caption\":\"Hilmar\"},\"description\":\"Hilmar est un passionn\u00e9 des r\u00e9gions polaires, sp\u00e9cialis\u00e9 dans la r\u00e9daction d'articles sur le Spitzberg et autres destinations arctiques. Il apporte son expertise et sa passion pour l'Arctique au sein de l'\u00e9quipe de r\u00e9daction de Svalbard depuis de nombreuses ann\u00e9es.\",\"sameAs\":[\"https:\/\/www.svalbard.fr\/\"]}]}<\/script>\n<!-- \/ Yoast SEO plugin. -->","yoast_head_json":{"title":"Austrian Airlines va lancer une liaison directe entre Bergen et Vienne","robots":{"index":"index","follow":"follow","max-snippet":"max-snippet:-1","max-image-preview":"max-image-preview:large","max-video-preview":"max-video-preview:-1"},"canonical":"https:\/\/www.svalbard.fr\/actualites\/austrian-airlines-va-lancer-une-liaison-directe-entre-bergen-et-vienne\/","og_locale":"fr_FR","og_type":"article","og_title":"Austrian Airlines va lancer une liaison directe entre Bergen et Vienne","og_description":"Une nouvelle route internationale arrive vers l\u2019ouest de la Norv\u00e8ge. Voici ce que les touristes qui envisagent de visiter la Norv\u00e8ge ou les habitants de","og_url":"https:\/\/www.svalbard.fr\/actualites\/austrian-airlines-va-lancer-une-liaison-directe-entre-bergen-et-vienne\/","og_site_name":"www.Svalbard.fr","article_published_time":"2025-11-11T08:27:09+00:00","og_image":[{"url":"https:\/\/www.svalbard.fr\/actualites\/wp-content\/uploads\/2025\/11\/Austrian-Airlines-va-lancer-une-liaison-directe-entre-Bergen-et.jpg"}],"author":"Hilmar","twitter_card":"summary_large_image","twitter_misc":{"\u00c9crit par":"Hilmar","Dur\u00e9e de lecture estim\u00e9e":"4 minutes"},"schema":{"@context":"https:\/\/schema.org","@graph":[{"@type":"Article","@id":"https:\/\/www.svalbard.fr\/actualites\/austrian-airlines-va-lancer-une-liaison-directe-entre-bergen-et-vienne\/#article","isPartOf":{"@id":"https:\/\/www.svalbard.fr\/actualites\/austrian-airlines-va-lancer-une-liaison-directe-entre-bergen-et-vienne\/"},"author":{"name":"Hilmar","@id":"https:\/\/www.svalbard.fr\/actualites\/#\/schema\/person\/a2f937d5712222366738fae98755c600"},"headline":"Austrian Airlines va lancer une liaison directe entre Bergen et Vienne","datePublished":"2025-11-11T08:27:09+00:00","dateModified":"2025-11-11T08:27:09+00:00","mainEntityOfPage":{"@id":"https:\/\/www.svalbard.fr\/actualites\/austrian-airlines-va-lancer-une-liaison-directe-entre-bergen-et-vienne\/"},"wordCount":760,"publisher":{"@id":"https:\/\/www.svalbard.fr\/actualites\/#organization"},"keywords":["Airlines","Austrian","Bergen","directe","entre","lancer","liaison","Une","Vienne"],"inLanguage":"fr-FR"},{"@type":"WebPage","@id":"https:\/\/www.svalbard.fr\/actualites\/austrian-airlines-va-lancer-une-liaison-directe-entre-bergen-et-vienne\/","url":"https:\/\/www.svalbard.fr\/actualites\/austrian-airlines-va-lancer-une-liaison-directe-entre-bergen-et-vienne\/","name":"Austrian Airlines va lancer une liaison directe entre Bergen et Vienne","isPartOf":{"@id":"https:\/\/www.svalbard.fr\/actualites\/#website"},"datePublished":"2025-11-11T08:27:09+00:00","dateModified":"2025-11-11T08:27:09+00:00","breadcrumb":{"@id":"https:\/\/www.svalbard.fr\/actualites\/austrian-airlines-va-lancer-une-liaison-directe-entre-bergen-et-vienne\/#breadcrumb"},"inLanguage":"fr-FR","potentialAction":[{"@type":"ReadAction","target":["https:\/\/www.svalbard.fr\/actualites\/austrian-airlines-va-lancer-une-liaison-directe-entre-bergen-et-vienne\/"]}]},{"@type":"BreadcrumbList","@id":"https:\/\/www.svalbard.fr\/actualites\/austrian-airlines-va-lancer-une-liaison-directe-entre-bergen-et-vienne\/#breadcrumb","itemListElement":[{"@type":"ListItem","position":1,"name":"Accueil","item":"https:\/\/www.svalbard.fr\/actualites\/"},{"@type":"ListItem","position":2,"name":"Austrian Airlines va lancer une liaison directe entre Bergen et Vienne"}]},{"@type":"WebSite","@id":"https:\/\/www.svalbard.fr\/actualites\/#website","url":"https:\/\/www.svalbard.fr\/actualites\/","name":"www.Svalbard.fr","description":"","publisher":{"@id":"https:\/\/www.svalbard.fr\/actualites\/#organization"},"potentialAction":[{"@type":"SearchAction","target":{"@type":"EntryPoint","urlTemplate":"https:\/\/www.svalbard.fr\/actualites\/?s={search_term_string}"},"query-input":"required name=search_term_string"}],"inLanguage":"fr-FR"},{"@type":"Organization","@id":"https:\/\/www.svalbard.fr\/actualites\/#organization","name":"www.Svalbard.fr","url":"https:\/\/www.svalbard.fr\/actualites\/","logo":{"@type":"ImageObject","inLanguage":"fr-FR","@id":"https:\/\/www.svalbard.fr\/actualites\/#\/schema\/logo\/image\/","url":"https:\/\/www.svalbard.fr\/actualites\/wp-content\/uploads\/2023\/09\/head-nom.jpg","contentUrl":"https:\/\/www.svalbard.fr\/actualites\/wp-content\/uploads\/2023\/09\/head-nom.jpg","width":264,"height":35,"caption":"www.Svalbard.fr"},"image":{"@id":"https:\/\/www.svalbard.fr\/actualites\/#\/schema\/logo\/image\/"}},{"@type":"Person","@id":"https:\/\/www.svalbard.fr\/actualites\/#\/schema\/person\/a2f937d5712222366738fae98755c600","name":"Hilmar","image":{"@type":"ImageObject","inLanguage":"fr-FR","@id":"https:\/\/www.svalbard.fr\/actualites\/#\/schema\/person\/image\/","url":"https:\/\/secure.gravatar.com\/avatar\/4daa437093476dbc32da415c112b6512?s=96&d=mm&r=g","contentUrl":"https:\/\/secure.gravatar.com\/avatar\/4daa437093476dbc32da415c112b6512?s=96&d=mm&r=g","caption":"Hilmar"},"description":"Hilmar est un passionn\u00e9 des r\u00e9gions polaires, sp\u00e9cialis\u00e9 dans la r\u00e9daction d'articles sur le Spitzberg et autres destinations arctiques. Il apporte son expertise et sa passion pour l'Arctique au sein de l'\u00e9quipe de r\u00e9daction de Svalbard depuis de nombreuses ann\u00e9es.","sameAs":["https:\/\/www.svalbard.fr\/"]}]}},"_links":{"self":[{"href":"https:\/\/www.svalbard.fr\/actualites\/wp-json\/wp\/v2\/posts\/5070"}],"collection":[{"href":"https:\/\/www.svalbard.fr\/actualites\/wp-json\/wp\/v2\/posts"}],"about":[{"href":"https:\/\/www.svalbard.fr\/actualites\/wp-json\/wp\/v2\/types\/post"}],"author":[{"embeddable":true,"href":"https:\/\/www.svalbard.fr\/actualites\/wp-json\/wp\/v2\/users\/1"}],"replies":[{"embeddable":true,"href":"https:\/\/www.svalbard.fr\/actualites\/wp-json\/wp\/v2\/comments?post=5070"}],"version-history":[{"count":0,"href":"https:\/\/www.svalbard.fr\/actualites\/wp-json\/wp\/v2\/posts\/5070\/revisions"}],"wp:featuredmedia":[{"embeddable":true,"href":"https:\/\/www.svalbard.fr\/actualites\/wp-json\/wp\/v2\/media\/5071"}],"wp:attachment":[{"href":"https:\/\/www.svalbard.fr\/actualites\/wp-json\/wp\/v2\/media?parent=5070"}],"wp:term":[{"taxonomy":"category","embeddable":true,"href":"https:\/\/www.svalbard.fr\/actualites\/wp-json\/wp\/v2\/categories?post=5070"},{"taxonomy":"post_tag","embeddable":true,"href":"https:\/\/www.svalbard.fr\/actualites\/wp-json\/wp\/v2\/tags?post=5070"}],"curies":[{"name":"wp","href":"https:\/\/api.w.org\/{rel}","templated":true}]}}