{"id":5085,"date":"2025-11-19T16:58:04","date_gmt":"2025-11-19T15:58:04","guid":{"rendered":"https:\/\/www.svalbard.fr\/actualites\/le-realisateur-de-troll-de-netflix-leve-le-voile-sur-linspiration-de-la-vraie-vie-avant-troll-2\/"},"modified":"2025-11-19T16:58:08","modified_gmt":"2025-11-19T15:58:08","slug":"le-realisateur-de-troll-de-netflix-leve-le-voile-sur-linspiration-de-la-vraie-vie-avant-troll-2","status":"publish","type":"post","link":"https:\/\/www.svalbard.fr\/actualites\/le-realisateur-de-troll-de-netflix-leve-le-voile-sur-linspiration-de-la-vraie-vie-avant-troll-2\/","title":{"rendered":"Le r\u00e9alisateur de Troll de Netflix l\u00e8ve le voile sur l&#39;inspiration de la \u00ab vraie vie \u00bb avant Troll 2"},"content":{"rendered":"<div>\n<p>Le r\u00e9alisateur derri\u00e8re Troll 2 a r\u00e9v\u00e9l\u00e9 comment une s\u00e9quence cruciale de Mega Troll a \u00e9t\u00e9 tir\u00e9e de la r\u00e9alit\u00e9.<\/p>\n<p>Cela fait trois ans que le blockbuster norv\u00e9gien Troll est arriv\u00e9 sur les \u00e9crans, apr\u00e8s Nora (interpr\u00e9t\u00e9 par Ine Marie Wilmann), Andreas (Kim Falk) et Kris (Mads Sjogard Pettersen) alors qu&#39;ils tentaient d&#39;emp\u00eacher un troll des montagnes fra\u00eechement r\u00e9veill\u00e9 de semer la destruction.<\/p>\n<p>Le r\u00e9alisateur Roar Uthaug est de retour avec Troll 2 sur Netflix, o\u00f9 une autre b\u00eate colossale, surnomm\u00e9e le \u00ab\u00a0Mega Troll\u00a0\u00bb dans les images promotionnelles, menace de semer le chaos dans une communaut\u00e9 norv\u00e9gienne.<\/p>\n<p>Lors d&#39;une discussion avec le cin\u00e9aste de Frankenstein Guillermo Del Toro pour Netflix, les deux r\u00e9alisateurs ont explor\u00e9 les monstres pr\u00e9sents dans leurs productions, discutant de leurs origines et de leur \u00e9volution.<\/p>\n<p>Uthaug a r\u00e9v\u00e9l\u00e9 qu&#39;une sc\u00e8ne particuli\u00e8re de Troll 2 s&#39;inspirait directement du travail de l&#39;artiste norv\u00e9gien du 19e si\u00e8cle Theodor Kittelsen.<\/p>\n<\/div>\n<div>\n<p>\u00ab\u00a0Nous avons un artiste norv\u00e9gien appel\u00e9 Kittelsen\u00a0\u00bb, a expliqu\u00e9 Uthaug.<\/p>\n<p>\u00ab\u00a0Il avait fait un dessin intitul\u00e9 Le Troll sur Karl Johan, la rue principale d&#39;Oslo, et il y a un troll qui s&#39;y prom\u00e8ne au d\u00e9but des ann\u00e9es 1900.<\/p>\n<p>\u00ab\u00a0Et je me suis demand\u00e9 : \u00ab\u00a0Que se passerait-il si un troll marchait dans cette rue aujourd&#39;hui ? Et comment le gouvernement, l&#39;arm\u00e9e et tout le monde r\u00e9agiraient-ils \u00e0 cela ?\u00a0\u00bb<\/p>\n<p>\u00ab\u00a0C&#39;est donc vraiment le dessin de Kittelsen qui est \u00e0 l&#39;origine de l&#39;id\u00e9e.\u00a0\u00bb<\/p>\n<\/div>\n<div>\n<p>Del Toro a ensuite observ\u00e9 que les deux cin\u00e9astes poss\u00e8dent une \u00ab identit\u00e9 indubitable \u00bb dans leur travail cin\u00e9matographique, faisant r\u00e9f\u00e9rence respectivement \u00e0 leurs origines mexicaine et norv\u00e9gienne.<\/p>\n<p>Uthaug est du m\u00eame avis : \u00ab\u00a0Je pense que c&#39;est ce que j&#39;ai essay\u00e9 de faire avec les films Troll.<\/p>\n<p>\u00ab\u00a0Une sorte de m\u00e9lange du genre am\u00e9ricain et, comme vous dites, du flow, mais en le rendant tr\u00e8s norv\u00e9gien.<\/p>\n<p>\u00ab\u00a0Le folklore, le d\u00e9cor et les personnages.<\/p>\n<p>\u00ab\u00a0En Norv\u00e8ge, nous grandissons avec ce folklore et ces contes de f\u00e9es. Tout comme les berceuses que nous chantons \u00e0 nos enfants parlent des trolls. C&#39;est donc une tr\u00e8s grande partie de notre culture.\u00a0\u00bb<\/p>\n<p><em><strong>Troll 2 sera pr\u00e9sent\u00e9 le lundi 1er d\u00e9cembre sur Netflix. <\/strong><\/em><\/p>\n<\/div>\n","protected":false},"excerpt":{"rendered":"<p>Le r\u00e9alisateur derri\u00e8re Troll 2 a r\u00e9v\u00e9l\u00e9 comment une s\u00e9quence cruciale de Mega Troll a \u00e9t\u00e9 tir\u00e9e de la r\u00e9alit\u00e9. Cela fait trois ans que<\/p>\n","protected":false},"author":1,"featured_media":5086,"comment_status":"closed","ping_status":"","sticky":false,"template":"","format":"standard","meta":{"footnotes":""},"categories":[2277],"tags":[684,5351,1918,1882,5347,28,4797,177,5349,5353],"yoast_head":"<!-- This site is optimized with the Yoast SEO plugin v21.0 - https:\/\/yoast.com\/wordpress\/plugins\/seo\/ -->\n<title>Le r\u00e9alisateur de Troll de Netflix l\u00e8ve le voile sur l&#039;inspiration de la \u00ab vraie vie \u00bb avant Troll 2<\/title>\n<meta name=\"robots\" content=\"index, follow, max-snippet:-1, max-image-preview:large, max-video-preview:-1\" \/>\n<link rel=\"canonical\" href=\"https:\/\/www.svalbard.fr\/actualites\/le-realisateur-de-troll-de-netflix-leve-le-voile-sur-linspiration-de-la-vraie-vie-avant-troll-2\/\" \/>\n<meta property=\"og:locale\" content=\"fr_FR\" \/>\n<meta property=\"og:type\" content=\"article\" \/>\n<meta property=\"og:title\" content=\"Le r\u00e9alisateur de Troll de Netflix l\u00e8ve le voile sur l&#039;inspiration de la \u00ab vraie vie \u00bb avant Troll 2\" \/>\n<meta property=\"og:description\" content=\"Le r\u00e9alisateur derri\u00e8re Troll 2 a r\u00e9v\u00e9l\u00e9 comment une s\u00e9quence cruciale de Mega Troll a \u00e9t\u00e9 tir\u00e9e de la r\u00e9alit\u00e9. Cela fait trois ans que\" \/>\n<meta property=\"og:url\" content=\"https:\/\/www.svalbard.fr\/actualites\/le-realisateur-de-troll-de-netflix-leve-le-voile-sur-linspiration-de-la-vraie-vie-avant-troll-2\/\" \/>\n<meta property=\"og:site_name\" content=\"www.Svalbard.fr\" \/>\n<meta property=\"article:published_time\" content=\"2025-11-19T15:58:04+00:00\" \/>\n<meta property=\"article:modified_time\" content=\"2025-11-19T15:58:08+00:00\" \/>\n<meta property=\"og:image\" content=\"https:\/\/www.svalbard.fr\/actualites\/wp-content\/uploads\/2025\/11\/Le-realisateur-de-Troll-de-Netflix-leve-le-voile-sur.jpg\" \/>\n\t<meta property=\"og:image:width\" content=\"1200\" \/>\n\t<meta property=\"og:image:height\" content=\"630\" \/>\n\t<meta property=\"og:image:type\" content=\"image\/jpeg\" \/>\n<meta name=\"author\" content=\"Hilmar\" \/>\n<meta name=\"twitter:card\" content=\"summary_large_image\" \/>\n<meta name=\"twitter:label1\" content=\"\u00c9crit par\" \/>\n\t<meta name=\"twitter:data1\" content=\"Hilmar\" \/>\n\t<meta name=\"twitter:label2\" content=\"Dur\u00e9e de lecture estim\u00e9e\" \/>\n\t<meta name=\"twitter:data2\" content=\"2 minutes\" \/>\n<script type=\"application\/ld+json\" class=\"yoast-schema-graph\">{\"@context\":\"https:\/\/schema.org\",\"@graph\":[{\"@type\":\"Article\",\"@id\":\"https:\/\/www.svalbard.fr\/actualites\/le-realisateur-de-troll-de-netflix-leve-le-voile-sur-linspiration-de-la-vraie-vie-avant-troll-2\/#article\",\"isPartOf\":{\"@id\":\"https:\/\/www.svalbard.fr\/actualites\/le-realisateur-de-troll-de-netflix-leve-le-voile-sur-linspiration-de-la-vraie-vie-avant-troll-2\/\"},\"author\":{\"name\":\"Hilmar\",\"@id\":\"https:\/\/www.svalbard.fr\/actualites\/#\/schema\/person\/a2f937d5712222366738fae98755c600\"},\"headline\":\"Le r\u00e9alisateur de Troll de Netflix l\u00e8ve le voile sur l&#39;inspiration de la \u00ab vraie vie \u00bb avant Troll 2\",\"datePublished\":\"2025-11-19T15:58:04+00:00\",\"dateModified\":\"2025-11-19T15:58:08+00:00\",\"mainEntityOfPage\":{\"@id\":\"https:\/\/www.svalbard.fr\/actualites\/le-realisateur-de-troll-de-netflix-leve-le-voile-sur-linspiration-de-la-vraie-vie-avant-troll-2\/\"},\"wordCount\":422,\"publisher\":{\"@id\":\"https:\/\/www.svalbard.fr\/actualites\/#organization\"},\"keywords\":[\"avant\",\"l39inspiration\",\"l\u00e8ve\",\"Netflix\",\"r\u00e9alisateur\",\"sur\",\"troll\",\"vie\",\"voile\",\"vraie\"],\"inLanguage\":\"fr-FR\"},{\"@type\":\"WebPage\",\"@id\":\"https:\/\/www.svalbard.fr\/actualites\/le-realisateur-de-troll-de-netflix-leve-le-voile-sur-linspiration-de-la-vraie-vie-avant-troll-2\/\",\"url\":\"https:\/\/www.svalbard.fr\/actualites\/le-realisateur-de-troll-de-netflix-leve-le-voile-sur-linspiration-de-la-vraie-vie-avant-troll-2\/\",\"name\":\"Le r\u00e9alisateur de Troll de Netflix l\u00e8ve le voile sur l&#39;inspiration de la \u00ab vraie vie \u00bb avant Troll 2\",\"isPartOf\":{\"@id\":\"https:\/\/www.svalbard.fr\/actualites\/#website\"},\"datePublished\":\"2025-11-19T15:58:04+00:00\",\"dateModified\":\"2025-11-19T15:58:08+00:00\",\"breadcrumb\":{\"@id\":\"https:\/\/www.svalbard.fr\/actualites\/le-realisateur-de-troll-de-netflix-leve-le-voile-sur-linspiration-de-la-vraie-vie-avant-troll-2\/#breadcrumb\"},\"inLanguage\":\"fr-FR\",\"potentialAction\":[{\"@type\":\"ReadAction\",\"target\":[\"https:\/\/www.svalbard.fr\/actualites\/le-realisateur-de-troll-de-netflix-leve-le-voile-sur-linspiration-de-la-vraie-vie-avant-troll-2\/\"]}]},{\"@type\":\"BreadcrumbList\",\"@id\":\"https:\/\/www.svalbard.fr\/actualites\/le-realisateur-de-troll-de-netflix-leve-le-voile-sur-linspiration-de-la-vraie-vie-avant-troll-2\/#breadcrumb\",\"itemListElement\":[{\"@type\":\"ListItem\",\"position\":1,\"name\":\"Accueil\",\"item\":\"https:\/\/www.svalbard.fr\/actualites\/\"},{\"@type\":\"ListItem\",\"position\":2,\"name\":\"Le r\u00e9alisateur de Troll de Netflix l\u00e8ve le voile sur l&#39;inspiration de la \u00ab vraie vie \u00bb avant Troll 2\"}]},{\"@type\":\"WebSite\",\"@id\":\"https:\/\/www.svalbard.fr\/actualites\/#website\",\"url\":\"https:\/\/www.svalbard.fr\/actualites\/\",\"name\":\"www.Svalbard.fr\",\"description\":\"\",\"publisher\":{\"@id\":\"https:\/\/www.svalbard.fr\/actualites\/#organization\"},\"potentialAction\":[{\"@type\":\"SearchAction\",\"target\":{\"@type\":\"EntryPoint\",\"urlTemplate\":\"https:\/\/www.svalbard.fr\/actualites\/?s={search_term_string}\"},\"query-input\":\"required name=search_term_string\"}],\"inLanguage\":\"fr-FR\"},{\"@type\":\"Organization\",\"@id\":\"https:\/\/www.svalbard.fr\/actualites\/#organization\",\"name\":\"www.Svalbard.fr\",\"url\":\"https:\/\/www.svalbard.fr\/actualites\/\",\"logo\":{\"@type\":\"ImageObject\",\"inLanguage\":\"fr-FR\",\"@id\":\"https:\/\/www.svalbard.fr\/actualites\/#\/schema\/logo\/image\/\",\"url\":\"https:\/\/www.svalbard.fr\/actualites\/wp-content\/uploads\/2023\/09\/head-nom.jpg\",\"contentUrl\":\"https:\/\/www.svalbard.fr\/actualites\/wp-content\/uploads\/2023\/09\/head-nom.jpg\",\"width\":264,\"height\":35,\"caption\":\"www.Svalbard.fr\"},\"image\":{\"@id\":\"https:\/\/www.svalbard.fr\/actualites\/#\/schema\/logo\/image\/\"}},{\"@type\":\"Person\",\"@id\":\"https:\/\/www.svalbard.fr\/actualites\/#\/schema\/person\/a2f937d5712222366738fae98755c600\",\"name\":\"Hilmar\",\"image\":{\"@type\":\"ImageObject\",\"inLanguage\":\"fr-FR\",\"@id\":\"https:\/\/www.svalbard.fr\/actualites\/#\/schema\/person\/image\/\",\"url\":\"https:\/\/secure.gravatar.com\/avatar\/4daa437093476dbc32da415c112b6512?s=96&d=mm&r=g\",\"contentUrl\":\"https:\/\/secure.gravatar.com\/avatar\/4daa437093476dbc32da415c112b6512?s=96&d=mm&r=g\",\"caption\":\"Hilmar\"},\"description\":\"Hilmar est un passionn\u00e9 des r\u00e9gions polaires, sp\u00e9cialis\u00e9 dans la r\u00e9daction d'articles sur le Spitzberg et autres destinations arctiques. Il apporte son expertise et sa passion pour l'Arctique au sein de l'\u00e9quipe de r\u00e9daction de Svalbard depuis de nombreuses ann\u00e9es.\",\"sameAs\":[\"https:\/\/www.svalbard.fr\/\"]}]}<\/script>\n<!-- \/ Yoast SEO plugin. -->","yoast_head_json":{"title":"Le r\u00e9alisateur de Troll de Netflix l\u00e8ve le voile sur l&#39;inspiration de la \u00ab vraie vie \u00bb avant Troll 2","robots":{"index":"index","follow":"follow","max-snippet":"max-snippet:-1","max-image-preview":"max-image-preview:large","max-video-preview":"max-video-preview:-1"},"canonical":"https:\/\/www.svalbard.fr\/actualites\/le-realisateur-de-troll-de-netflix-leve-le-voile-sur-linspiration-de-la-vraie-vie-avant-troll-2\/","og_locale":"fr_FR","og_type":"article","og_title":"Le r\u00e9alisateur de Troll de Netflix l\u00e8ve le voile sur l&#39;inspiration de la \u00ab vraie vie \u00bb avant Troll 2","og_description":"Le r\u00e9alisateur derri\u00e8re Troll 2 a r\u00e9v\u00e9l\u00e9 comment une s\u00e9quence cruciale de Mega Troll a \u00e9t\u00e9 tir\u00e9e de la r\u00e9alit\u00e9. Cela fait trois ans que","og_url":"https:\/\/www.svalbard.fr\/actualites\/le-realisateur-de-troll-de-netflix-leve-le-voile-sur-linspiration-de-la-vraie-vie-avant-troll-2\/","og_site_name":"www.Svalbard.fr","article_published_time":"2025-11-19T15:58:04+00:00","article_modified_time":"2025-11-19T15:58:08+00:00","og_image":[{"width":1200,"height":630,"url":"https:\/\/www.svalbard.fr\/actualites\/wp-content\/uploads\/2025\/11\/Le-realisateur-de-Troll-de-Netflix-leve-le-voile-sur.jpg","type":"image\/jpeg"}],"author":"Hilmar","twitter_card":"summary_large_image","twitter_misc":{"\u00c9crit par":"Hilmar","Dur\u00e9e de lecture estim\u00e9e":"2 minutes"},"schema":{"@context":"https:\/\/schema.org","@graph":[{"@type":"Article","@id":"https:\/\/www.svalbard.fr\/actualites\/le-realisateur-de-troll-de-netflix-leve-le-voile-sur-linspiration-de-la-vraie-vie-avant-troll-2\/#article","isPartOf":{"@id":"https:\/\/www.svalbard.fr\/actualites\/le-realisateur-de-troll-de-netflix-leve-le-voile-sur-linspiration-de-la-vraie-vie-avant-troll-2\/"},"author":{"name":"Hilmar","@id":"https:\/\/www.svalbard.fr\/actualites\/#\/schema\/person\/a2f937d5712222366738fae98755c600"},"headline":"Le r\u00e9alisateur de Troll de Netflix l\u00e8ve le voile sur l&#39;inspiration de la \u00ab vraie vie \u00bb avant Troll 2","datePublished":"2025-11-19T15:58:04+00:00","dateModified":"2025-11-19T15:58:08+00:00","mainEntityOfPage":{"@id":"https:\/\/www.svalbard.fr\/actualites\/le-realisateur-de-troll-de-netflix-leve-le-voile-sur-linspiration-de-la-vraie-vie-avant-troll-2\/"},"wordCount":422,"publisher":{"@id":"https:\/\/www.svalbard.fr\/actualites\/#organization"},"keywords":["avant","l39inspiration","l\u00e8ve","Netflix","r\u00e9alisateur","sur","troll","vie","voile","vraie"],"inLanguage":"fr-FR"},{"@type":"WebPage","@id":"https:\/\/www.svalbard.fr\/actualites\/le-realisateur-de-troll-de-netflix-leve-le-voile-sur-linspiration-de-la-vraie-vie-avant-troll-2\/","url":"https:\/\/www.svalbard.fr\/actualites\/le-realisateur-de-troll-de-netflix-leve-le-voile-sur-linspiration-de-la-vraie-vie-avant-troll-2\/","name":"Le r\u00e9alisateur de Troll de Netflix l\u00e8ve le voile sur l&#39;inspiration de la \u00ab vraie vie \u00bb avant Troll 2","isPartOf":{"@id":"https:\/\/www.svalbard.fr\/actualites\/#website"},"datePublished":"2025-11-19T15:58:04+00:00","dateModified":"2025-11-19T15:58:08+00:00","breadcrumb":{"@id":"https:\/\/www.svalbard.fr\/actualites\/le-realisateur-de-troll-de-netflix-leve-le-voile-sur-linspiration-de-la-vraie-vie-avant-troll-2\/#breadcrumb"},"inLanguage":"fr-FR","potentialAction":[{"@type":"ReadAction","target":["https:\/\/www.svalbard.fr\/actualites\/le-realisateur-de-troll-de-netflix-leve-le-voile-sur-linspiration-de-la-vraie-vie-avant-troll-2\/"]}]},{"@type":"BreadcrumbList","@id":"https:\/\/www.svalbard.fr\/actualites\/le-realisateur-de-troll-de-netflix-leve-le-voile-sur-linspiration-de-la-vraie-vie-avant-troll-2\/#breadcrumb","itemListElement":[{"@type":"ListItem","position":1,"name":"Accueil","item":"https:\/\/www.svalbard.fr\/actualites\/"},{"@type":"ListItem","position":2,"name":"Le r\u00e9alisateur de Troll de Netflix l\u00e8ve le voile sur l&#39;inspiration de la \u00ab vraie vie \u00bb avant Troll 2"}]},{"@type":"WebSite","@id":"https:\/\/www.svalbard.fr\/actualites\/#website","url":"https:\/\/www.svalbard.fr\/actualites\/","name":"www.Svalbard.fr","description":"","publisher":{"@id":"https:\/\/www.svalbard.fr\/actualites\/#organization"},"potentialAction":[{"@type":"SearchAction","target":{"@type":"EntryPoint","urlTemplate":"https:\/\/www.svalbard.fr\/actualites\/?s={search_term_string}"},"query-input":"required name=search_term_string"}],"inLanguage":"fr-FR"},{"@type":"Organization","@id":"https:\/\/www.svalbard.fr\/actualites\/#organization","name":"www.Svalbard.fr","url":"https:\/\/www.svalbard.fr\/actualites\/","logo":{"@type":"ImageObject","inLanguage":"fr-FR","@id":"https:\/\/www.svalbard.fr\/actualites\/#\/schema\/logo\/image\/","url":"https:\/\/www.svalbard.fr\/actualites\/wp-content\/uploads\/2023\/09\/head-nom.jpg","contentUrl":"https:\/\/www.svalbard.fr\/actualites\/wp-content\/uploads\/2023\/09\/head-nom.jpg","width":264,"height":35,"caption":"www.Svalbard.fr"},"image":{"@id":"https:\/\/www.svalbard.fr\/actualites\/#\/schema\/logo\/image\/"}},{"@type":"Person","@id":"https:\/\/www.svalbard.fr\/actualites\/#\/schema\/person\/a2f937d5712222366738fae98755c600","name":"Hilmar","image":{"@type":"ImageObject","inLanguage":"fr-FR","@id":"https:\/\/www.svalbard.fr\/actualites\/#\/schema\/person\/image\/","url":"https:\/\/secure.gravatar.com\/avatar\/4daa437093476dbc32da415c112b6512?s=96&d=mm&r=g","contentUrl":"https:\/\/secure.gravatar.com\/avatar\/4daa437093476dbc32da415c112b6512?s=96&d=mm&r=g","caption":"Hilmar"},"description":"Hilmar est un passionn\u00e9 des r\u00e9gions polaires, sp\u00e9cialis\u00e9 dans la r\u00e9daction d'articles sur le Spitzberg et autres destinations arctiques. Il apporte son expertise et sa passion pour l'Arctique au sein de l'\u00e9quipe de r\u00e9daction de Svalbard depuis de nombreuses ann\u00e9es.","sameAs":["https:\/\/www.svalbard.fr\/"]}]}},"_links":{"self":[{"href":"https:\/\/www.svalbard.fr\/actualites\/wp-json\/wp\/v2\/posts\/5085"}],"collection":[{"href":"https:\/\/www.svalbard.fr\/actualites\/wp-json\/wp\/v2\/posts"}],"about":[{"href":"https:\/\/www.svalbard.fr\/actualites\/wp-json\/wp\/v2\/types\/post"}],"author":[{"embeddable":true,"href":"https:\/\/www.svalbard.fr\/actualites\/wp-json\/wp\/v2\/users\/1"}],"replies":[{"embeddable":true,"href":"https:\/\/www.svalbard.fr\/actualites\/wp-json\/wp\/v2\/comments?post=5085"}],"version-history":[{"count":1,"href":"https:\/\/www.svalbard.fr\/actualites\/wp-json\/wp\/v2\/posts\/5085\/revisions"}],"predecessor-version":[{"id":5087,"href":"https:\/\/www.svalbard.fr\/actualites\/wp-json\/wp\/v2\/posts\/5085\/revisions\/5087"}],"wp:featuredmedia":[{"embeddable":true,"href":"https:\/\/www.svalbard.fr\/actualites\/wp-json\/wp\/v2\/media\/5086"}],"wp:attachment":[{"href":"https:\/\/www.svalbard.fr\/actualites\/wp-json\/wp\/v2\/media?parent=5085"}],"wp:term":[{"taxonomy":"category","embeddable":true,"href":"https:\/\/www.svalbard.fr\/actualites\/wp-json\/wp\/v2\/categories?post=5085"},{"taxonomy":"post_tag","embeddable":true,"href":"https:\/\/www.svalbard.fr\/actualites\/wp-json\/wp\/v2\/tags?post=5085"}],"curies":[{"name":"wp","href":"https:\/\/api.w.org\/{rel}","templated":true}]}}