{"id":5093,"date":"2025-11-23T14:11:10","date_gmt":"2025-11-23T13:11:10","guid":{"rendered":"https:\/\/www.svalbard.fr\/actualites\/torghatten-la-montagne-emblematique-de-norvege-avec-un-trou\/"},"modified":"2025-11-23T14:11:10","modified_gmt":"2025-11-23T13:11:10","slug":"torghatten-la-montagne-emblematique-de-norvege-avec-un-trou","status":"publish","type":"post","link":"https:\/\/www.svalbard.fr\/actualites\/torghatten-la-montagne-emblematique-de-norvege-avec-un-trou\/","title":{"rendered":"Torghatten\u00a0: la montagne embl\u00e9matique de Norv\u00e8ge avec un trou"},"content":{"rendered":"<div itemprop=\"text\">\n\t\t\t<span id=\"dpsp-post-content-markup\" data-image-pin-it=\"false\"><\/span><\/p>\n<p class=\"intro\">Montagne impressionnante perc\u00e9e d&#39;un trou en son centre, Torghatten est l&#39;un des monuments les plus m\u00e9morables de la c\u00f4te norv\u00e9gienne du Helgeland.<\/p>\n<p>Passer devant Torghatten ne perd jamais sa magie. J&#39;ai vu la montagne \u00e0 chaque saison, mais lors de mon dernier voyage vers le nord \u00e0 bord du Balmoral de Fred Olsen, elle \u00e9tait plus belle que jamais.<\/p>\n<figure class=\"wp-block-image size-large\"><img data-lazyloaded=\"1\" data-placeholder-resp=\"768x432\" fetchpriority=\"high\" decoding=\"async\" width=\"768\" height=\"432\" src=\"https:\/\/www.svalbard.fr\/actualites\/wp-content\/uploads\/2025\/11\/Torghatten-la-montagne-emblematique-de-Norvege-avec-un-trou.jpg\" alt=\"Une vue de Torghatten en novembre. Photo : David Nikel.\" class=\"wp-image-85085\"  data-><noscript><img fetchpriority=\"high\" decoding=\"async\" width=\"768\" height=\"432\" src=\"https:\/\/www.svalbard.fr\/actualites\/wp-content\/uploads\/2025\/11\/Torghatten-la-montagne-emblematique-de-Norvege-avec-un-trou.jpg\" alt=\"Une vue de Torghatten en novembre. Photo : David Nikel.\" class=\"wp-image-85085\"  ><\/noscript><\/figure>\n<p>C&#39;\u00e9tait un apr\u00e8s-midi de novembre clair et frais, l&#39;air \u00e9tait suffisamment froid pour piquer et une nouvelle couche de neige recouvrait la montagne comme du sucre glace.<\/p>\n<p>C&#39;est dans des moments comme celui-ci que j&#39;aime voyager le long du passage int\u00e9rieur de la Norv\u00e8ge \u00e0 bord de petits navires. Les grands navires doivent prendre la mer sur de longues distances, mais les navires comme le Balmoral peuvent suivre la route abrit\u00e9e entre les \u00eeles, o\u00f9 le paysage est sans fin.<\/p>\n<p>La c\u00f4te du Helgeland regorge de sites m\u00e9morables, mais deux en particulier se d\u00e9marquent toujours. La cha\u00eene de montagnes des Sept S\u0153urs cr\u00e9e l&#39;un des plus beaux panoramas de la c\u00f4te norv\u00e9gienne.<\/p>\n<p>Torghatten, avec son trou central caract\u00e9ristique, constitue un contrepoint parfait. Ensemble, ils forment l\u2019une des s\u00e9quences de croisi\u00e8res panoramiques les plus spectaculaires du pays.<\/p>\n<h2 class=\"wp-block-heading\">Pr\u00e9sentation de Torghatten<\/h2>\n<p>Torghatten est une montagne de granit situ\u00e9e sur la c\u00f4te du Helgeland qui attire imm\u00e9diatement le regard. La montagne s&#39;\u00e9l\u00e8ve brusquement au-dessus d&#39;\u00eeles autrement basses et sa forme arrondie la fait ressembler presque \u00e0 un chapeau g\u00e9ant.<\/p>\n<p>Ce qui le rend vraiment remarquable, c&#39;est l&#39;\u00e9norme trou qui traverse directement le centre de la montagne. C\u2019est un spectacle qui semble presque trop parfait pour \u00eatre naturel et qui est visible \u00e0 plusieurs kilom\u00e8tres en mer.<\/p>\n<p>Bien que le trou semble petit vu de l\u2019eau, son \u00e9chelle ne devient claire qu\u2019une fois \u00e0 terre. Il s&#39;\u00e9tend sur plus de cent m\u00e8tres de haut et pr\u00e8s de deux cents m\u00e8tres de long, ce qui permet de traverser l&#39;ouverture jusqu&#39;au bout et d&#39;admirer le paysage de l&#39;autre c\u00f4t\u00e9.<\/p>\n<h2 class=\"wp-block-heading\">Une montagne form\u00e9e par les forces de la p\u00e9riode glaciaire<\/h2>\n<p>La forme particuli\u00e8re de Torghatten a \u00e9t\u00e9 cr\u00e9\u00e9e au cours de la derni\u00e8re p\u00e9riode glaciaire, il y a environ dix mille ans. La montagne est constitu\u00e9e de granit dur qui a mieux r\u00e9sist\u00e9 \u00e0 l\u2019\u00e9rosion que les roches environnantes.<\/p>\n<figure class=\"wp-block-image size-large\"><img loading=\"lazy\" data-lazyloaded=\"1\" data-placeholder-resp=\"768x768\" decoding=\"async\" width=\"768\" height=\"768\" src=\"https:\/\/www.svalbard.fr\/actualites\/wp-content\/uploads\/2025\/11\/1763903470_757_Torghatten-la-montagne-emblematique-de-Norvege-avec-un-trou.jpg\" alt=\"Voir la navigation au-del\u00e0 de Torghatten. Photo : David Nikel.\" class=\"wp-image-85086\"  data-><noscript><img loading=\"lazy\" decoding=\"async\" width=\"768\" height=\"768\" src=\"https:\/\/www.svalbard.fr\/actualites\/wp-content\/uploads\/2025\/11\/1763903470_757_Torghatten-la-montagne-emblematique-de-Norvege-avec-un-trou.jpg\" alt=\"Voir la navigation au-del\u00e0 de Torghatten. Photo : David Nikel.\" class=\"wp-image-85086\"  ><\/noscript><\/figure>\n<p>Au fur et \u00e0 mesure que la calotte glaciaire se d\u00e9pla\u00e7ait \u00e0 travers la r\u00e9gion, elle exploitait les faiblesses naturelles de la pierre, creusant lentement le tunnel. Le r\u00e9sultat est l\u2019une des caract\u00e9ristiques g\u00e9ologiques les plus photog\u00e9niques de la c\u00f4te norv\u00e9gienne.<\/p>\n<h2 class=\"wp-block-heading\">Torghatten dans la l\u00e9gende et le folklore<\/h2>\n<p>Aucun monument inhabituel en Norv\u00e8ge n&#39;est complet sans une bonne histoire et Torghatten ne fait pas exception. Dans le folklore du Helgeland, la montagne et son trou sont li\u00e9s \u00e0 l&#39;histoire d&#39;Hestmannen, le cavalier g\u00e9ant, et de Lekam\u00f8ya, une jeune fille.<\/p>\n<p>Selon l&#39;histoire, le g\u00e9ant l&#39;a poursuivie \u00e0 travers la c\u00f4te dans un acc\u00e8s d&#39;affection sans retour. Alors que l&#39;aube approchait et qu&#39;il r\u00e9alisait qu&#39;il ne l&#39;attraperait pas, il tira une fl\u00e8che avec col\u00e8re.<\/p>\n<p>Le roi troll de S\u00f8mna jeta son chapeau pour la prot\u00e9ger, la fl\u00e8che transper\u00e7a le chapeau et le lever du soleil les transforma tous en pierre. Le chapeau est devenu Torghatten et la jeune fille et ses s\u0153urs sont devenues la cha\u00eene de montagnes des Sept S\u0153urs.<\/p>\n<p>La l\u00e9gende n&#39;a aucun fondement g\u00e9ologique mais elle ajoute de la couleur et de l&#39;imagination \u00e0 ce qui est d\u00e9j\u00e0 un monument naturel remarquable.<\/p>\n<h2 class=\"wp-block-heading\">Randonn\u00e9e jusqu&#39;au trou<\/h2>\n<p>Depuis l&#39;eau, il est difficile de croire que l&#39;on puisse marcher jusqu&#39;au trou, mais la randonn\u00e9e est \u00e0 la fois g\u00e9rable et enrichissante.<\/p>\n<p>Un chemin balis\u00e9 du c\u00f4t\u00e9 est m\u00e8ne aux marches de pierre jusqu&#39;\u00e0 l&#39;ouverture et la plupart des gens terminent l&#39;ascension en vingt \u00e0 trente minutes environ. Le sol peut \u00eatre in\u00e9gal, il est donc recommand\u00e9 de porter de bonnes chaussures.<\/p>\n<p>Une fois \u00e0 l\u2019int\u00e9rieur du trou, la vue est superbe. Un c\u00f4t\u00e9 donne sur la mer et les \u00eeles tandis que l&#39;autre s&#39;ouvre sur la c\u00f4te du Helgeland. L&#39;\u00e9chelle de l&#39;espace est incroyable et se tenir \u00e0 l&#39;int\u00e9rieur de l&#39;ouverture offre une id\u00e9e tangible de la puissance des forces de la p\u00e9riode glaciaire.<\/p>\n<p>Quelques signatures royales sont grav\u00e9es dans la roche autour des entr\u00e9es, dont celles du roi Oscar II, du roi Olav cinqui\u00e8me et du roi Harald cinqui\u00e8me, ce qui ajoute une petite curiosit\u00e9 historique \u00e0 la visite.<\/p>\n<p>Les randonneurs plus ambitieux peuvent gravir le sommet de la montagne, mais il s&#39;agit d&#39;un itin\u00e9raire exigeant qui ne devrait \u00eatre tent\u00e9 que par des marcheurs exp\u00e9riment\u00e9s.<\/p>\n<h2 class=\"wp-block-heading\">Un chapitre tragique dans l&#39;histoire de Torghatten<\/h2>\n<p>Torghatten est \u00e9galement connu pour l&#39;un des moments les plus sombres de l&#39;histoire de l&#39;aviation norv\u00e9gienne. Le 6 mai 1988, le vol Wider\u00f8e 710 s&#39;est \u00e9cras\u00e9 \u00e0 flanc de montagne alors qu&#39;il tentait d&#39;atterrir \u00e0 Br\u00f8nn\u00f8ysund dans un \u00e9pais brouillard. Les trente-six personnes \u00e0 bord sont mortes.<\/p>\n<p>Un m\u00e9morial se dresse d\u00e9sormais sur le site et de nombreux visiteurs prennent un moment de calme pour r\u00e9fl\u00e9chir \u00e0 la trag\u00e9die lorsqu&#39;ils explorent la r\u00e9gion.<\/p>\n<h2 class=\"wp-block-heading\">Comment visiter<\/h2>\n<p>Br\u00f8nn\u00f8ysund est la porte d&#39;entr\u00e9e de Torghatten. Elle se situe \u00e0 une quinzaine de kilom\u00e8tres de la montagne et est bien reli\u00e9e par voie a\u00e9rienne, routi\u00e8re et maritime. Des vols sont assur\u00e9s vers Bod\u00f8 et Trondheim, et Hurtigruten et Havila desservent Br\u00f8nn\u00f8ysund lors de leurs voyages c\u00f4tiers.<\/p>\n<p>Au printemps et en \u00e9t\u00e9, certaines travers\u00e9es vers le sud proposent des randonn\u00e9es guid\u00e9es jusqu&#39;au trou. Les voyageurs ind\u00e9pendants peuvent rejoindre le d\u00e9but du sentier en voiture, en taxi ou \u00e0 v\u00e9lo.<\/p>\n<p>La randonn\u00e9e est courte mais les vues sont exceptionnelles, faisant de Torghatten l&#39;une des \u00e9tapes les plus m\u00e9morables de la c\u00f4te du Helgeland.<\/p>\n<\/p><\/div>\n","protected":false},"excerpt":{"rendered":"<p>Montagne impressionnante perc\u00e9e d&#39;un trou en son centre, Torghatten est l&#39;un des monuments les plus m\u00e9morables de la c\u00f4te norv\u00e9gienne du Helgeland. Passer devant Torghatten<\/p>\n","protected":false},"author":1,"featured_media":5094,"comment_status":"","ping_status":"","sticky":false,"template":"","format":"standard","meta":{"footnotes":""},"categories":[2277],"tags":[66,2206,495,6,5377,5379],"yoast_head":"<!-- This site is optimized with the Yoast SEO plugin v21.0 - https:\/\/yoast.com\/wordpress\/plugins\/seo\/ -->\n<title>Torghatten\u00a0: la montagne embl\u00e9matique de Norv\u00e8ge avec un trou<\/title>\n<meta name=\"robots\" content=\"index, follow, max-snippet:-1, max-image-preview:large, max-video-preview:-1\" \/>\n<link rel=\"canonical\" href=\"https:\/\/www.svalbard.fr\/actualites\/torghatten-la-montagne-emblematique-de-norvege-avec-un-trou\/\" \/>\n<meta property=\"og:locale\" content=\"fr_FR\" \/>\n<meta property=\"og:type\" content=\"article\" \/>\n<meta property=\"og:title\" content=\"Torghatten\u00a0: la montagne embl\u00e9matique de Norv\u00e8ge avec un trou\" \/>\n<meta property=\"og:description\" content=\"Montagne impressionnante perc\u00e9e d&#039;un trou en son centre, Torghatten est l&#039;un des monuments les plus m\u00e9morables de la c\u00f4te norv\u00e9gienne du Helgeland. Passer devant Torghatten\" \/>\n<meta property=\"og:url\" content=\"https:\/\/www.svalbard.fr\/actualites\/torghatten-la-montagne-emblematique-de-norvege-avec-un-trou\/\" \/>\n<meta property=\"og:site_name\" content=\"www.Svalbard.fr\" \/>\n<meta property=\"article:published_time\" content=\"2025-11-23T13:11:10+00:00\" \/>\n<meta property=\"og:image\" content=\"https:\/\/www.svalbard.fr\/actualites\/wp-content\/uploads\/2025\/11\/Torghatten-la-montagne-emblematique-de-Norvege-avec-un-trou.jpg\" \/>\n<meta name=\"author\" content=\"Hilmar\" \/>\n<meta name=\"twitter:card\" content=\"summary_large_image\" \/>\n<meta name=\"twitter:label1\" content=\"\u00c9crit par\" \/>\n\t<meta name=\"twitter:data1\" content=\"Hilmar\" \/>\n\t<meta name=\"twitter:label2\" content=\"Dur\u00e9e de lecture estim\u00e9e\" \/>\n\t<meta name=\"twitter:data2\" content=\"5 minutes\" \/>\n<script type=\"application\/ld+json\" class=\"yoast-schema-graph\">{\"@context\":\"https:\/\/schema.org\",\"@graph\":[{\"@type\":\"Article\",\"@id\":\"https:\/\/www.svalbard.fr\/actualites\/torghatten-la-montagne-emblematique-de-norvege-avec-un-trou\/#article\",\"isPartOf\":{\"@id\":\"https:\/\/www.svalbard.fr\/actualites\/torghatten-la-montagne-emblematique-de-norvege-avec-un-trou\/\"},\"author\":{\"name\":\"Hilmar\",\"@id\":\"https:\/\/www.svalbard.fr\/actualites\/#\/schema\/person\/a2f937d5712222366738fae98755c600\"},\"headline\":\"Torghatten\u00a0: la montagne embl\u00e9matique de Norv\u00e8ge avec un trou\",\"datePublished\":\"2025-11-23T13:11:10+00:00\",\"dateModified\":\"2025-11-23T13:11:10+00:00\",\"mainEntityOfPage\":{\"@id\":\"https:\/\/www.svalbard.fr\/actualites\/torghatten-la-montagne-emblematique-de-norvege-avec-un-trou\/\"},\"wordCount\":1093,\"publisher\":{\"@id\":\"https:\/\/www.svalbard.fr\/actualites\/#organization\"},\"keywords\":[\"avec\",\"embl\u00e9matique\",\"montagne\",\"Norv\u00e8ge\",\"Torghatten\",\"trou\"],\"inLanguage\":\"fr-FR\"},{\"@type\":\"WebPage\",\"@id\":\"https:\/\/www.svalbard.fr\/actualites\/torghatten-la-montagne-emblematique-de-norvege-avec-un-trou\/\",\"url\":\"https:\/\/www.svalbard.fr\/actualites\/torghatten-la-montagne-emblematique-de-norvege-avec-un-trou\/\",\"name\":\"Torghatten\u00a0: la montagne embl\u00e9matique de Norv\u00e8ge avec un trou\",\"isPartOf\":{\"@id\":\"https:\/\/www.svalbard.fr\/actualites\/#website\"},\"datePublished\":\"2025-11-23T13:11:10+00:00\",\"dateModified\":\"2025-11-23T13:11:10+00:00\",\"breadcrumb\":{\"@id\":\"https:\/\/www.svalbard.fr\/actualites\/torghatten-la-montagne-emblematique-de-norvege-avec-un-trou\/#breadcrumb\"},\"inLanguage\":\"fr-FR\",\"potentialAction\":[{\"@type\":\"ReadAction\",\"target\":[\"https:\/\/www.svalbard.fr\/actualites\/torghatten-la-montagne-emblematique-de-norvege-avec-un-trou\/\"]}]},{\"@type\":\"BreadcrumbList\",\"@id\":\"https:\/\/www.svalbard.fr\/actualites\/torghatten-la-montagne-emblematique-de-norvege-avec-un-trou\/#breadcrumb\",\"itemListElement\":[{\"@type\":\"ListItem\",\"position\":1,\"name\":\"Accueil\",\"item\":\"https:\/\/www.svalbard.fr\/actualites\/\"},{\"@type\":\"ListItem\",\"position\":2,\"name\":\"Torghatten\u00a0: la montagne embl\u00e9matique de Norv\u00e8ge avec un trou\"}]},{\"@type\":\"WebSite\",\"@id\":\"https:\/\/www.svalbard.fr\/actualites\/#website\",\"url\":\"https:\/\/www.svalbard.fr\/actualites\/\",\"name\":\"www.Svalbard.fr\",\"description\":\"\",\"publisher\":{\"@id\":\"https:\/\/www.svalbard.fr\/actualites\/#organization\"},\"potentialAction\":[{\"@type\":\"SearchAction\",\"target\":{\"@type\":\"EntryPoint\",\"urlTemplate\":\"https:\/\/www.svalbard.fr\/actualites\/?s={search_term_string}\"},\"query-input\":\"required name=search_term_string\"}],\"inLanguage\":\"fr-FR\"},{\"@type\":\"Organization\",\"@id\":\"https:\/\/www.svalbard.fr\/actualites\/#organization\",\"name\":\"www.Svalbard.fr\",\"url\":\"https:\/\/www.svalbard.fr\/actualites\/\",\"logo\":{\"@type\":\"ImageObject\",\"inLanguage\":\"fr-FR\",\"@id\":\"https:\/\/www.svalbard.fr\/actualites\/#\/schema\/logo\/image\/\",\"url\":\"https:\/\/www.svalbard.fr\/actualites\/wp-content\/uploads\/2023\/09\/head-nom.jpg\",\"contentUrl\":\"https:\/\/www.svalbard.fr\/actualites\/wp-content\/uploads\/2023\/09\/head-nom.jpg\",\"width\":264,\"height\":35,\"caption\":\"www.Svalbard.fr\"},\"image\":{\"@id\":\"https:\/\/www.svalbard.fr\/actualites\/#\/schema\/logo\/image\/\"}},{\"@type\":\"Person\",\"@id\":\"https:\/\/www.svalbard.fr\/actualites\/#\/schema\/person\/a2f937d5712222366738fae98755c600\",\"name\":\"Hilmar\",\"image\":{\"@type\":\"ImageObject\",\"inLanguage\":\"fr-FR\",\"@id\":\"https:\/\/www.svalbard.fr\/actualites\/#\/schema\/person\/image\/\",\"url\":\"https:\/\/secure.gravatar.com\/avatar\/4daa437093476dbc32da415c112b6512?s=96&d=mm&r=g\",\"contentUrl\":\"https:\/\/secure.gravatar.com\/avatar\/4daa437093476dbc32da415c112b6512?s=96&d=mm&r=g\",\"caption\":\"Hilmar\"},\"description\":\"Hilmar est un passionn\u00e9 des r\u00e9gions polaires, sp\u00e9cialis\u00e9 dans la r\u00e9daction d'articles sur le Spitzberg et autres destinations arctiques. Il apporte son expertise et sa passion pour l'Arctique au sein de l'\u00e9quipe de r\u00e9daction de Svalbard depuis de nombreuses ann\u00e9es.\",\"sameAs\":[\"https:\/\/www.svalbard.fr\/\"]}]}<\/script>\n<!-- \/ Yoast SEO plugin. -->","yoast_head_json":{"title":"Torghatten\u00a0: la montagne embl\u00e9matique de Norv\u00e8ge avec un trou","robots":{"index":"index","follow":"follow","max-snippet":"max-snippet:-1","max-image-preview":"max-image-preview:large","max-video-preview":"max-video-preview:-1"},"canonical":"https:\/\/www.svalbard.fr\/actualites\/torghatten-la-montagne-emblematique-de-norvege-avec-un-trou\/","og_locale":"fr_FR","og_type":"article","og_title":"Torghatten\u00a0: la montagne embl\u00e9matique de Norv\u00e8ge avec un trou","og_description":"Montagne impressionnante perc\u00e9e d&#39;un trou en son centre, Torghatten est l&#39;un des monuments les plus m\u00e9morables de la c\u00f4te norv\u00e9gienne du Helgeland. Passer devant Torghatten","og_url":"https:\/\/www.svalbard.fr\/actualites\/torghatten-la-montagne-emblematique-de-norvege-avec-un-trou\/","og_site_name":"www.Svalbard.fr","article_published_time":"2025-11-23T13:11:10+00:00","og_image":[{"url":"https:\/\/www.svalbard.fr\/actualites\/wp-content\/uploads\/2025\/11\/Torghatten-la-montagne-emblematique-de-Norvege-avec-un-trou.jpg"}],"author":"Hilmar","twitter_card":"summary_large_image","twitter_misc":{"\u00c9crit par":"Hilmar","Dur\u00e9e de lecture estim\u00e9e":"5 minutes"},"schema":{"@context":"https:\/\/schema.org","@graph":[{"@type":"Article","@id":"https:\/\/www.svalbard.fr\/actualites\/torghatten-la-montagne-emblematique-de-norvege-avec-un-trou\/#article","isPartOf":{"@id":"https:\/\/www.svalbard.fr\/actualites\/torghatten-la-montagne-emblematique-de-norvege-avec-un-trou\/"},"author":{"name":"Hilmar","@id":"https:\/\/www.svalbard.fr\/actualites\/#\/schema\/person\/a2f937d5712222366738fae98755c600"},"headline":"Torghatten\u00a0: la montagne embl\u00e9matique de Norv\u00e8ge avec un trou","datePublished":"2025-11-23T13:11:10+00:00","dateModified":"2025-11-23T13:11:10+00:00","mainEntityOfPage":{"@id":"https:\/\/www.svalbard.fr\/actualites\/torghatten-la-montagne-emblematique-de-norvege-avec-un-trou\/"},"wordCount":1093,"publisher":{"@id":"https:\/\/www.svalbard.fr\/actualites\/#organization"},"keywords":["avec","embl\u00e9matique","montagne","Norv\u00e8ge","Torghatten","trou"],"inLanguage":"fr-FR"},{"@type":"WebPage","@id":"https:\/\/www.svalbard.fr\/actualites\/torghatten-la-montagne-emblematique-de-norvege-avec-un-trou\/","url":"https:\/\/www.svalbard.fr\/actualites\/torghatten-la-montagne-emblematique-de-norvege-avec-un-trou\/","name":"Torghatten\u00a0: la montagne embl\u00e9matique de Norv\u00e8ge avec un trou","isPartOf":{"@id":"https:\/\/www.svalbard.fr\/actualites\/#website"},"datePublished":"2025-11-23T13:11:10+00:00","dateModified":"2025-11-23T13:11:10+00:00","breadcrumb":{"@id":"https:\/\/www.svalbard.fr\/actualites\/torghatten-la-montagne-emblematique-de-norvege-avec-un-trou\/#breadcrumb"},"inLanguage":"fr-FR","potentialAction":[{"@type":"ReadAction","target":["https:\/\/www.svalbard.fr\/actualites\/torghatten-la-montagne-emblematique-de-norvege-avec-un-trou\/"]}]},{"@type":"BreadcrumbList","@id":"https:\/\/www.svalbard.fr\/actualites\/torghatten-la-montagne-emblematique-de-norvege-avec-un-trou\/#breadcrumb","itemListElement":[{"@type":"ListItem","position":1,"name":"Accueil","item":"https:\/\/www.svalbard.fr\/actualites\/"},{"@type":"ListItem","position":2,"name":"Torghatten\u00a0: la montagne embl\u00e9matique de Norv\u00e8ge avec un trou"}]},{"@type":"WebSite","@id":"https:\/\/www.svalbard.fr\/actualites\/#website","url":"https:\/\/www.svalbard.fr\/actualites\/","name":"www.Svalbard.fr","description":"","publisher":{"@id":"https:\/\/www.svalbard.fr\/actualites\/#organization"},"potentialAction":[{"@type":"SearchAction","target":{"@type":"EntryPoint","urlTemplate":"https:\/\/www.svalbard.fr\/actualites\/?s={search_term_string}"},"query-input":"required name=search_term_string"}],"inLanguage":"fr-FR"},{"@type":"Organization","@id":"https:\/\/www.svalbard.fr\/actualites\/#organization","name":"www.Svalbard.fr","url":"https:\/\/www.svalbard.fr\/actualites\/","logo":{"@type":"ImageObject","inLanguage":"fr-FR","@id":"https:\/\/www.svalbard.fr\/actualites\/#\/schema\/logo\/image\/","url":"https:\/\/www.svalbard.fr\/actualites\/wp-content\/uploads\/2023\/09\/head-nom.jpg","contentUrl":"https:\/\/www.svalbard.fr\/actualites\/wp-content\/uploads\/2023\/09\/head-nom.jpg","width":264,"height":35,"caption":"www.Svalbard.fr"},"image":{"@id":"https:\/\/www.svalbard.fr\/actualites\/#\/schema\/logo\/image\/"}},{"@type":"Person","@id":"https:\/\/www.svalbard.fr\/actualites\/#\/schema\/person\/a2f937d5712222366738fae98755c600","name":"Hilmar","image":{"@type":"ImageObject","inLanguage":"fr-FR","@id":"https:\/\/www.svalbard.fr\/actualites\/#\/schema\/person\/image\/","url":"https:\/\/secure.gravatar.com\/avatar\/4daa437093476dbc32da415c112b6512?s=96&d=mm&r=g","contentUrl":"https:\/\/secure.gravatar.com\/avatar\/4daa437093476dbc32da415c112b6512?s=96&d=mm&r=g","caption":"Hilmar"},"description":"Hilmar est un passionn\u00e9 des r\u00e9gions polaires, sp\u00e9cialis\u00e9 dans la r\u00e9daction d'articles sur le Spitzberg et autres destinations arctiques. Il apporte son expertise et sa passion pour l'Arctique au sein de l'\u00e9quipe de r\u00e9daction de Svalbard depuis de nombreuses ann\u00e9es.","sameAs":["https:\/\/www.svalbard.fr\/"]}]}},"_links":{"self":[{"href":"https:\/\/www.svalbard.fr\/actualites\/wp-json\/wp\/v2\/posts\/5093"}],"collection":[{"href":"https:\/\/www.svalbard.fr\/actualites\/wp-json\/wp\/v2\/posts"}],"about":[{"href":"https:\/\/www.svalbard.fr\/actualites\/wp-json\/wp\/v2\/types\/post"}],"author":[{"embeddable":true,"href":"https:\/\/www.svalbard.fr\/actualites\/wp-json\/wp\/v2\/users\/1"}],"replies":[{"embeddable":true,"href":"https:\/\/www.svalbard.fr\/actualites\/wp-json\/wp\/v2\/comments?post=5093"}],"version-history":[{"count":0,"href":"https:\/\/www.svalbard.fr\/actualites\/wp-json\/wp\/v2\/posts\/5093\/revisions"}],"wp:featuredmedia":[{"embeddable":true,"href":"https:\/\/www.svalbard.fr\/actualites\/wp-json\/wp\/v2\/media\/5094"}],"wp:attachment":[{"href":"https:\/\/www.svalbard.fr\/actualites\/wp-json\/wp\/v2\/media?parent=5093"}],"wp:term":[{"taxonomy":"category","embeddable":true,"href":"https:\/\/www.svalbard.fr\/actualites\/wp-json\/wp\/v2\/categories?post=5093"},{"taxonomy":"post_tag","embeddable":true,"href":"https:\/\/www.svalbard.fr\/actualites\/wp-json\/wp\/v2\/tags?post=5093"}],"curies":[{"name":"wp","href":"https:\/\/api.w.org\/{rel}","templated":true}]}}