{"id":5096,"date":"2025-11-28T22:56:25","date_gmt":"2025-11-28T21:56:25","guid":{"rendered":"https:\/\/www.svalbard.fr\/actualites\/lesa-et-la-norvege-prevoient-un-nouveau-centre-spatial-arctique-a-tromso\/"},"modified":"2025-11-28T22:56:25","modified_gmt":"2025-11-28T21:56:25","slug":"lesa-et-la-norvege-prevoient-un-nouveau-centre-spatial-arctique-a-tromso","status":"publish","type":"post","link":"https:\/\/www.svalbard.fr\/actualites\/lesa-et-la-norvege-prevoient-un-nouveau-centre-spatial-arctique-a-tromso\/","title":{"rendered":"L&#39;ESA et la Norv\u00e8ge pr\u00e9voient un nouveau centre spatial arctique \u00e0 Troms\u00f8"},"content":{"rendered":"<div itemprop=\"text\">\n\t\t\t<span id=\"dpsp-post-content-markup\" data-image-pin-it=\"false\"><\/span><\/p>\n<p class=\"intro\">L&#39;Agence spatiale europ\u00e9enne (ESA) et la Norv\u00e8ge ont sign\u00e9 une lettre d&#39;intention pour explorer la cr\u00e9ation d&#39;un centre spatial arctique de l&#39;ESA \u00e0 Troms\u00f8, renfor\u00e7ant ainsi la pr\u00e9sence scientifique et strat\u00e9gique de l&#39;Europe dans le Grand Nord.<\/p>\n<p>L&#39;accord a \u00e9t\u00e9 annonc\u00e9 lors de la conf\u00e9rence minist\u00e9rielle de l&#39;ESA le 27 novembre.<\/p>\n<figure class=\"wp-block-image size-large\"><img data-lazyloaded=\"1\" data-placeholder-resp=\"768x432\" fetchpriority=\"high\" decoding=\"async\" width=\"768\" height=\"432\" src=\"https:\/\/www.svalbard.fr\/actualites\/wp-content\/uploads\/2025\/11\/L39ESA-et-la-Norvege-prevoient-un-nouveau-centre-spatial-arctique.jpg\" alt=\"La Terre vue de l&#39;Espace.\" class=\"wp-image-85093\"  data-><noscript><img fetchpriority=\"high\" decoding=\"async\" width=\"768\" height=\"432\" src=\"https:\/\/www.svalbard.fr\/actualites\/wp-content\/uploads\/2025\/11\/L39ESA-et-la-Norvege-prevoient-un-nouveau-centre-spatial-arctique.jpg\" alt=\"La Terre vue de l&#39;Espace.\" class=\"wp-image-85093\"  ><\/noscript><\/figure>\n<p>Un groupe de travail conjoint va maintenant passer les deux prochaines ann\u00e9es \u00e0 d\u00e9finir l&#39;objectif et le mod\u00e8le de gouvernance du centre, dans le but d&#39;ouvrir officiellement l&#39;\u00e9tablissement en 2027.<\/p>\n<h2 class=\"wp-block-heading\">Comprendre l&#39;Arctique depuis l&#39;espace<\/h2>\n<p>Le centre propos\u00e9 sera sp\u00e9cialis\u00e9 dans <strong>Observation de la Terre, navigation et t\u00e9l\u00e9communications<\/strong>avec un fort accent sur la surveillance environnementale et le d\u00e9veloppement durable dans la r\u00e9gion arctique.<\/p>\n<p>Le directeur g\u00e9n\u00e9ral de l&#39;ESA, Josef Aschbacher, a d\u00e9crit l&#39;Arctique comme \u00ab au centre de l&#39;avenir de notre plan\u00e8te \u00bb, soulignant \u00e0 quel point l&#39;\u00e9volution rapide des conditions dans la r\u00e9gion influence le climat, l&#39;\u00e9conomie et la s\u00e9curit\u00e9 mondiales.<\/p>\n<p>Les donn\u00e9es spatiales jouent d\u00e9j\u00e0 un r\u00f4le crucial dans le suivi de la perte de glace, la surveillance des voies de navigation et la r\u00e9ponse aux urgences, et le nouveau centre devrait \u00e9tendre ce travail.<\/p>\n<p>Christian Hauglie-Hanssen, directeur g\u00e9n\u00e9ral de l&#39;Agence spatiale norv\u00e9gienne (NOSA), a d\u00e9clar\u00e9 que l&#39;ambition est de coordonner les besoins scientifiques et de s\u00e9curit\u00e9 de l&#39;Arctique en utilisant l&#39;ensemble des capacit\u00e9s spatiales de l&#39;ESA.<\/p>\n<h2 class=\"wp-block-heading\">Pourquoi la Norv\u00e8ge ?<\/h2>\n<p>La situation g\u00e9ographique de la Norv\u00e8ge lui donne une place au premier rang dans l&#39;Arctique, et le pays a pass\u00e9 des d\u00e9cennies \u00e0 d\u00e9velopper ses infrastructures au sol, ses r\u00e9seaux d&#39;observation et son expertise en mati\u00e8re de satellites.<\/p>\n<p>Troms\u00f8, en particulier, abrite d\u00e9j\u00e0 l&#39;Agence spatiale norv\u00e9gienne, Kongsberg Satellite Services, l&#39;Universit\u00e9 arctique de Norv\u00e8ge et un large \u00e9ventail d&#39;instituts de recherche sur le climat et les p\u00f4les.<\/p>\n<p>L&#39;ajout d&#39;un centre de l&#39;ESA renforcerait la position de la ville comme l&#39;un des principaux p\u00f4les scientifiques europ\u00e9ens dans les r\u00e9gions froides.<\/p>\n<p>La ministre du Commerce et de l&#39;Industrie, Cecilie Myrseth, a qualifi\u00e9 cette annonce de victoire \u00e0 la fois pour la Norv\u00e8ge et pour l&#39;Europe : \u00ab L&#39;Arctique est le lieu o\u00f9 se jouent les grandes questions g\u00e9opolitiques \u00bb, a-t-elle d\u00e9clar\u00e9, ajoutant que la situation polaire et l&#39;exp\u00e9rience de la Norv\u00e8ge offrent des avantages naturels pour la collaboration europ\u00e9enne.<\/p>\n<h2 class=\"wp-block-heading\">La question And\u00f8ya<\/h2>\n<p>Le nouvel accord intervient \u00e9galement apr\u00e8s des n\u00e9gociations tendues lors de la conf\u00e9rence minist\u00e9rielle de l&#39;ESA, au cours de laquelle la Norv\u00e8ge a fait pression pour une plus grande reconnaissance du port spatial d&#39;And\u00f8ya dans le paysage europ\u00e9en des lanceurs.<\/p>\n<p>Situ\u00e9 dans le Nordland, And\u00f8ya est le site de lancement le plus septentrional d&#39;Europe et l&#39;un des rares sites capables d&#39;envoyer des fus\u00e9es sur des orbites polaires et h\u00e9liosynchrones, les m\u00eames trajectoires \u00e0 forte inclinaison privil\u00e9gi\u00e9es pour les satellites d&#39;observation de la Terre.<\/p>\n<p>Ces orbites ne peuvent \u00eatre atteintes en toute s\u00e9curit\u00e9 qu\u2019\u00e0 partir de sites de lancement situ\u00e9s \u00e0 haute latitude, ce qui conf\u00e8re \u00e0 And\u00f8ya une valeur strat\u00e9gique pour l\u2019autonomie europ\u00e9enne dans l\u2019espace.<\/p>\n<p>Plus t\u00f4t cette ann\u00e9e, le port spatial a r\u00e9alis\u00e9 le premier lancement depuis sa nouvelle plate-forme orbitale, marquant une \u00e9tape majeure non seulement pour la Norv\u00e8ge mais aussi pour le secteur europ\u00e9en des petits satellites.<\/p>\n<p>Myrseth a soulign\u00e9 qu&#39;And\u00f8ya compl\u00e8te les lancements depuis Kourou en Guyane fran\u00e7aise plut\u00f4t que de les concurrencer, et a exhort\u00e9 les membres de l&#39;ESA \u00e0 \u00e9viter les politiques qui d\u00e9savantagent les capacit\u00e9s de lancement europ\u00e9ennes ind\u00e9pendantes.<\/p>\n<h2 class=\"wp-block-heading\">Port spatial d&#39;And\u00f8ya<\/h2>\n<p>Si vous n&#39;avez jamais explor\u00e9 And\u00f8ya, la politique ne raconte qu&#39;une partie de l&#39;histoire. Cette \u00eele situ\u00e9e \u00e0 la limite nord de Vester\u00e5len est devenue l&#39;un des carrefours les plus fascinants de Norv\u00e8ge entre la nature, la science et la technologie spatiale.<\/p>\n<p>La gamme originale de fus\u00e9es-sondes d&#39;And\u00f8ya fonctionne depuis les ann\u00e9es 1960, soutenant la recherche atmosph\u00e9rique, les \u00e9tudes sur les aurores bor\u00e9ales et les exp\u00e9riences en microgravit\u00e9. L&#39;ajout d&#39;un site de lancement orbital, le premier en Europe continentale, positionne l&#39;\u00eele au c\u0153ur du march\u00e9 europ\u00e9en en pleine croissance des lanceurs.<\/p>\n<p>Le port spatial comprend un hall d&#39;int\u00e9gration de pointe, des installations de contr\u00f4le de mission et une zone de s\u00e9curit\u00e9 d\u00e9di\u00e9e qui s&#39;\u00e9tend dans la mer environnante. Son emplacement \u00e9loign\u00e9, ses fen\u00eatres m\u00e9t\u00e9orologiques favorables et son espace a\u00e9rien presque vide le rendent id\u00e9al pour les lancements fr\u00e9quents de petits satellites.<\/p>\n<h2 class=\"wp-block-heading\">Andenes : la ville aux confins de la Norv\u00e8ge<\/h2>\n<p>La ville voisine d&#39;Andenes est une porte d&#39;entr\u00e9e \u00e0 la fois vers le port spatial et vers l&#39;un des paysages naturels les plus spectaculaires de Norv\u00e8ge.<\/p>\n<p>Connue pour son phare, son littoral accident\u00e9 et ses exp\u00e9riences avec la faune, la ville est particuli\u00e8rement c\u00e9l\u00e8bre pour l&#39;observation des baleines, ses eaux profondes attirant les cachalots, les orques et les globic\u00e9phales.<\/p>\n<p>La communaut\u00e9 a adopt\u00e9 sa double identit\u00e9 de ville de p\u00eacheurs et de centre de recherche de haute technologie. Les visiteurs peuvent combiner une ascension de phare ou une excursion d&#39;observation des baleines avec une visite au centre d&#39;\u00e9ducation spatiale d&#39;And\u00f8ya, o\u00f9 des expositions interactives expliquent le r\u00f4le de la Norv\u00e8ge dans les sciences spatiales.<\/p>\n<\/p><\/div>\n","protected":false},"excerpt":{"rendered":"<p>L&#39;Agence spatiale europ\u00e9enne (ESA) et la Norv\u00e8ge ont sign\u00e9 une lettre d&#39;intention pour explorer la cr\u00e9ation d&#39;un centre spatial arctique de l&#39;ESA \u00e0 Troms\u00f8, renfor\u00e7ant<\/p>\n","protected":false},"author":1,"featured_media":5097,"comment_status":"","ping_status":"","sticky":false,"template":"","format":"standard","meta":{"footnotes":""},"categories":[2277],"tags":[30,4897,5381,6,500,5113,5383,594],"yoast_head":"<!-- This site is optimized with the Yoast SEO plugin v21.0 - https:\/\/yoast.com\/wordpress\/plugins\/seo\/ -->\n<title>L&#039;ESA et la Norv\u00e8ge pr\u00e9voient un nouveau centre spatial arctique \u00e0 Troms\u00f8<\/title>\n<meta name=\"robots\" content=\"index, follow, max-snippet:-1, max-image-preview:large, max-video-preview:-1\" \/>\n<link rel=\"canonical\" href=\"https:\/\/www.svalbard.fr\/actualites\/lesa-et-la-norvege-prevoient-un-nouveau-centre-spatial-arctique-a-tromso\/\" \/>\n<meta property=\"og:locale\" content=\"fr_FR\" \/>\n<meta property=\"og:type\" content=\"article\" \/>\n<meta property=\"og:title\" content=\"L&#039;ESA et la Norv\u00e8ge pr\u00e9voient un nouveau centre spatial arctique \u00e0 Troms\u00f8\" \/>\n<meta property=\"og:description\" content=\"L&#039;Agence spatiale europ\u00e9enne (ESA) et la Norv\u00e8ge ont sign\u00e9 une lettre d&#039;intention pour explorer la cr\u00e9ation d&#039;un centre spatial arctique de l&#039;ESA \u00e0 Troms\u00f8, renfor\u00e7ant\" \/>\n<meta property=\"og:url\" content=\"https:\/\/www.svalbard.fr\/actualites\/lesa-et-la-norvege-prevoient-un-nouveau-centre-spatial-arctique-a-tromso\/\" \/>\n<meta property=\"og:site_name\" content=\"www.Svalbard.fr\" \/>\n<meta property=\"article:published_time\" content=\"2025-11-28T21:56:25+00:00\" \/>\n<meta property=\"og:image\" content=\"https:\/\/www.svalbard.fr\/actualites\/wp-content\/uploads\/2025\/11\/L39ESA-et-la-Norvege-prevoient-un-nouveau-centre-spatial-arctique.jpg\" \/>\n<meta name=\"author\" content=\"Hilmar\" \/>\n<meta name=\"twitter:card\" content=\"summary_large_image\" \/>\n<meta name=\"twitter:label1\" content=\"\u00c9crit par\" \/>\n\t<meta name=\"twitter:data1\" content=\"Hilmar\" \/>\n\t<meta name=\"twitter:label2\" content=\"Dur\u00e9e de lecture estim\u00e9e\" \/>\n\t<meta name=\"twitter:data2\" content=\"5 minutes\" \/>\n<script type=\"application\/ld+json\" class=\"yoast-schema-graph\">{\"@context\":\"https:\/\/schema.org\",\"@graph\":[{\"@type\":\"Article\",\"@id\":\"https:\/\/www.svalbard.fr\/actualites\/lesa-et-la-norvege-prevoient-un-nouveau-centre-spatial-arctique-a-tromso\/#article\",\"isPartOf\":{\"@id\":\"https:\/\/www.svalbard.fr\/actualites\/lesa-et-la-norvege-prevoient-un-nouveau-centre-spatial-arctique-a-tromso\/\"},\"author\":{\"name\":\"Hilmar\",\"@id\":\"https:\/\/www.svalbard.fr\/actualites\/#\/schema\/person\/a2f937d5712222366738fae98755c600\"},\"headline\":\"L&#39;ESA et la Norv\u00e8ge pr\u00e9voient un nouveau centre spatial arctique \u00e0 Troms\u00f8\",\"datePublished\":\"2025-11-28T21:56:25+00:00\",\"dateModified\":\"2025-11-28T21:56:25+00:00\",\"mainEntityOfPage\":{\"@id\":\"https:\/\/www.svalbard.fr\/actualites\/lesa-et-la-norvege-prevoient-un-nouveau-centre-spatial-arctique-a-tromso\/\"},\"wordCount\":1002,\"publisher\":{\"@id\":\"https:\/\/www.svalbard.fr\/actualites\/#organization\"},\"keywords\":[\"arctique\",\"centre\",\"L39ESA\",\"Norv\u00e8ge\",\"nouveau\",\"pr\u00e9voient\",\"spatial\",\"Troms\u00f8\"],\"inLanguage\":\"fr-FR\"},{\"@type\":\"WebPage\",\"@id\":\"https:\/\/www.svalbard.fr\/actualites\/lesa-et-la-norvege-prevoient-un-nouveau-centre-spatial-arctique-a-tromso\/\",\"url\":\"https:\/\/www.svalbard.fr\/actualites\/lesa-et-la-norvege-prevoient-un-nouveau-centre-spatial-arctique-a-tromso\/\",\"name\":\"L&#39;ESA et la Norv\u00e8ge pr\u00e9voient un nouveau centre spatial arctique \u00e0 Troms\u00f8\",\"isPartOf\":{\"@id\":\"https:\/\/www.svalbard.fr\/actualites\/#website\"},\"datePublished\":\"2025-11-28T21:56:25+00:00\",\"dateModified\":\"2025-11-28T21:56:25+00:00\",\"breadcrumb\":{\"@id\":\"https:\/\/www.svalbard.fr\/actualites\/lesa-et-la-norvege-prevoient-un-nouveau-centre-spatial-arctique-a-tromso\/#breadcrumb\"},\"inLanguage\":\"fr-FR\",\"potentialAction\":[{\"@type\":\"ReadAction\",\"target\":[\"https:\/\/www.svalbard.fr\/actualites\/lesa-et-la-norvege-prevoient-un-nouveau-centre-spatial-arctique-a-tromso\/\"]}]},{\"@type\":\"BreadcrumbList\",\"@id\":\"https:\/\/www.svalbard.fr\/actualites\/lesa-et-la-norvege-prevoient-un-nouveau-centre-spatial-arctique-a-tromso\/#breadcrumb\",\"itemListElement\":[{\"@type\":\"ListItem\",\"position\":1,\"name\":\"Accueil\",\"item\":\"https:\/\/www.svalbard.fr\/actualites\/\"},{\"@type\":\"ListItem\",\"position\":2,\"name\":\"L&#39;ESA et la Norv\u00e8ge pr\u00e9voient un nouveau centre spatial arctique \u00e0 Troms\u00f8\"}]},{\"@type\":\"WebSite\",\"@id\":\"https:\/\/www.svalbard.fr\/actualites\/#website\",\"url\":\"https:\/\/www.svalbard.fr\/actualites\/\",\"name\":\"www.Svalbard.fr\",\"description\":\"\",\"publisher\":{\"@id\":\"https:\/\/www.svalbard.fr\/actualites\/#organization\"},\"potentialAction\":[{\"@type\":\"SearchAction\",\"target\":{\"@type\":\"EntryPoint\",\"urlTemplate\":\"https:\/\/www.svalbard.fr\/actualites\/?s={search_term_string}\"},\"query-input\":\"required name=search_term_string\"}],\"inLanguage\":\"fr-FR\"},{\"@type\":\"Organization\",\"@id\":\"https:\/\/www.svalbard.fr\/actualites\/#organization\",\"name\":\"www.Svalbard.fr\",\"url\":\"https:\/\/www.svalbard.fr\/actualites\/\",\"logo\":{\"@type\":\"ImageObject\",\"inLanguage\":\"fr-FR\",\"@id\":\"https:\/\/www.svalbard.fr\/actualites\/#\/schema\/logo\/image\/\",\"url\":\"https:\/\/www.svalbard.fr\/actualites\/wp-content\/uploads\/2023\/09\/head-nom.jpg\",\"contentUrl\":\"https:\/\/www.svalbard.fr\/actualites\/wp-content\/uploads\/2023\/09\/head-nom.jpg\",\"width\":264,\"height\":35,\"caption\":\"www.Svalbard.fr\"},\"image\":{\"@id\":\"https:\/\/www.svalbard.fr\/actualites\/#\/schema\/logo\/image\/\"}},{\"@type\":\"Person\",\"@id\":\"https:\/\/www.svalbard.fr\/actualites\/#\/schema\/person\/a2f937d5712222366738fae98755c600\",\"name\":\"Hilmar\",\"image\":{\"@type\":\"ImageObject\",\"inLanguage\":\"fr-FR\",\"@id\":\"https:\/\/www.svalbard.fr\/actualites\/#\/schema\/person\/image\/\",\"url\":\"https:\/\/secure.gravatar.com\/avatar\/4daa437093476dbc32da415c112b6512?s=96&d=mm&r=g\",\"contentUrl\":\"https:\/\/secure.gravatar.com\/avatar\/4daa437093476dbc32da415c112b6512?s=96&d=mm&r=g\",\"caption\":\"Hilmar\"},\"description\":\"Hilmar est un passionn\u00e9 des r\u00e9gions polaires, sp\u00e9cialis\u00e9 dans la r\u00e9daction d'articles sur le Spitzberg et autres destinations arctiques. Il apporte son expertise et sa passion pour l'Arctique au sein de l'\u00e9quipe de r\u00e9daction de Svalbard depuis de nombreuses ann\u00e9es.\",\"sameAs\":[\"https:\/\/www.svalbard.fr\/\"]}]}<\/script>\n<!-- \/ Yoast SEO plugin. -->","yoast_head_json":{"title":"L&#39;ESA et la Norv\u00e8ge pr\u00e9voient un nouveau centre spatial arctique \u00e0 Troms\u00f8","robots":{"index":"index","follow":"follow","max-snippet":"max-snippet:-1","max-image-preview":"max-image-preview:large","max-video-preview":"max-video-preview:-1"},"canonical":"https:\/\/www.svalbard.fr\/actualites\/lesa-et-la-norvege-prevoient-un-nouveau-centre-spatial-arctique-a-tromso\/","og_locale":"fr_FR","og_type":"article","og_title":"L&#39;ESA et la Norv\u00e8ge pr\u00e9voient un nouveau centre spatial arctique \u00e0 Troms\u00f8","og_description":"L&#39;Agence spatiale europ\u00e9enne (ESA) et la Norv\u00e8ge ont sign\u00e9 une lettre d&#39;intention pour explorer la cr\u00e9ation d&#39;un centre spatial arctique de l&#39;ESA \u00e0 Troms\u00f8, renfor\u00e7ant","og_url":"https:\/\/www.svalbard.fr\/actualites\/lesa-et-la-norvege-prevoient-un-nouveau-centre-spatial-arctique-a-tromso\/","og_site_name":"www.Svalbard.fr","article_published_time":"2025-11-28T21:56:25+00:00","og_image":[{"url":"https:\/\/www.svalbard.fr\/actualites\/wp-content\/uploads\/2025\/11\/L39ESA-et-la-Norvege-prevoient-un-nouveau-centre-spatial-arctique.jpg"}],"author":"Hilmar","twitter_card":"summary_large_image","twitter_misc":{"\u00c9crit par":"Hilmar","Dur\u00e9e de lecture estim\u00e9e":"5 minutes"},"schema":{"@context":"https:\/\/schema.org","@graph":[{"@type":"Article","@id":"https:\/\/www.svalbard.fr\/actualites\/lesa-et-la-norvege-prevoient-un-nouveau-centre-spatial-arctique-a-tromso\/#article","isPartOf":{"@id":"https:\/\/www.svalbard.fr\/actualites\/lesa-et-la-norvege-prevoient-un-nouveau-centre-spatial-arctique-a-tromso\/"},"author":{"name":"Hilmar","@id":"https:\/\/www.svalbard.fr\/actualites\/#\/schema\/person\/a2f937d5712222366738fae98755c600"},"headline":"L&#39;ESA et la Norv\u00e8ge pr\u00e9voient un nouveau centre spatial arctique \u00e0 Troms\u00f8","datePublished":"2025-11-28T21:56:25+00:00","dateModified":"2025-11-28T21:56:25+00:00","mainEntityOfPage":{"@id":"https:\/\/www.svalbard.fr\/actualites\/lesa-et-la-norvege-prevoient-un-nouveau-centre-spatial-arctique-a-tromso\/"},"wordCount":1002,"publisher":{"@id":"https:\/\/www.svalbard.fr\/actualites\/#organization"},"keywords":["arctique","centre","L39ESA","Norv\u00e8ge","nouveau","pr\u00e9voient","spatial","Troms\u00f8"],"inLanguage":"fr-FR"},{"@type":"WebPage","@id":"https:\/\/www.svalbard.fr\/actualites\/lesa-et-la-norvege-prevoient-un-nouveau-centre-spatial-arctique-a-tromso\/","url":"https:\/\/www.svalbard.fr\/actualites\/lesa-et-la-norvege-prevoient-un-nouveau-centre-spatial-arctique-a-tromso\/","name":"L&#39;ESA et la Norv\u00e8ge pr\u00e9voient un nouveau centre spatial arctique \u00e0 Troms\u00f8","isPartOf":{"@id":"https:\/\/www.svalbard.fr\/actualites\/#website"},"datePublished":"2025-11-28T21:56:25+00:00","dateModified":"2025-11-28T21:56:25+00:00","breadcrumb":{"@id":"https:\/\/www.svalbard.fr\/actualites\/lesa-et-la-norvege-prevoient-un-nouveau-centre-spatial-arctique-a-tromso\/#breadcrumb"},"inLanguage":"fr-FR","potentialAction":[{"@type":"ReadAction","target":["https:\/\/www.svalbard.fr\/actualites\/lesa-et-la-norvege-prevoient-un-nouveau-centre-spatial-arctique-a-tromso\/"]}]},{"@type":"BreadcrumbList","@id":"https:\/\/www.svalbard.fr\/actualites\/lesa-et-la-norvege-prevoient-un-nouveau-centre-spatial-arctique-a-tromso\/#breadcrumb","itemListElement":[{"@type":"ListItem","position":1,"name":"Accueil","item":"https:\/\/www.svalbard.fr\/actualites\/"},{"@type":"ListItem","position":2,"name":"L&#39;ESA et la Norv\u00e8ge pr\u00e9voient un nouveau centre spatial arctique \u00e0 Troms\u00f8"}]},{"@type":"WebSite","@id":"https:\/\/www.svalbard.fr\/actualites\/#website","url":"https:\/\/www.svalbard.fr\/actualites\/","name":"www.Svalbard.fr","description":"","publisher":{"@id":"https:\/\/www.svalbard.fr\/actualites\/#organization"},"potentialAction":[{"@type":"SearchAction","target":{"@type":"EntryPoint","urlTemplate":"https:\/\/www.svalbard.fr\/actualites\/?s={search_term_string}"},"query-input":"required name=search_term_string"}],"inLanguage":"fr-FR"},{"@type":"Organization","@id":"https:\/\/www.svalbard.fr\/actualites\/#organization","name":"www.Svalbard.fr","url":"https:\/\/www.svalbard.fr\/actualites\/","logo":{"@type":"ImageObject","inLanguage":"fr-FR","@id":"https:\/\/www.svalbard.fr\/actualites\/#\/schema\/logo\/image\/","url":"https:\/\/www.svalbard.fr\/actualites\/wp-content\/uploads\/2023\/09\/head-nom.jpg","contentUrl":"https:\/\/www.svalbard.fr\/actualites\/wp-content\/uploads\/2023\/09\/head-nom.jpg","width":264,"height":35,"caption":"www.Svalbard.fr"},"image":{"@id":"https:\/\/www.svalbard.fr\/actualites\/#\/schema\/logo\/image\/"}},{"@type":"Person","@id":"https:\/\/www.svalbard.fr\/actualites\/#\/schema\/person\/a2f937d5712222366738fae98755c600","name":"Hilmar","image":{"@type":"ImageObject","inLanguage":"fr-FR","@id":"https:\/\/www.svalbard.fr\/actualites\/#\/schema\/person\/image\/","url":"https:\/\/secure.gravatar.com\/avatar\/4daa437093476dbc32da415c112b6512?s=96&d=mm&r=g","contentUrl":"https:\/\/secure.gravatar.com\/avatar\/4daa437093476dbc32da415c112b6512?s=96&d=mm&r=g","caption":"Hilmar"},"description":"Hilmar est un passionn\u00e9 des r\u00e9gions polaires, sp\u00e9cialis\u00e9 dans la r\u00e9daction d'articles sur le Spitzberg et autres destinations arctiques. Il apporte son expertise et sa passion pour l'Arctique au sein de l'\u00e9quipe de r\u00e9daction de Svalbard depuis de nombreuses ann\u00e9es.","sameAs":["https:\/\/www.svalbard.fr\/"]}]}},"_links":{"self":[{"href":"https:\/\/www.svalbard.fr\/actualites\/wp-json\/wp\/v2\/posts\/5096"}],"collection":[{"href":"https:\/\/www.svalbard.fr\/actualites\/wp-json\/wp\/v2\/posts"}],"about":[{"href":"https:\/\/www.svalbard.fr\/actualites\/wp-json\/wp\/v2\/types\/post"}],"author":[{"embeddable":true,"href":"https:\/\/www.svalbard.fr\/actualites\/wp-json\/wp\/v2\/users\/1"}],"replies":[{"embeddable":true,"href":"https:\/\/www.svalbard.fr\/actualites\/wp-json\/wp\/v2\/comments?post=5096"}],"version-history":[{"count":0,"href":"https:\/\/www.svalbard.fr\/actualites\/wp-json\/wp\/v2\/posts\/5096\/revisions"}],"wp:featuredmedia":[{"embeddable":true,"href":"https:\/\/www.svalbard.fr\/actualites\/wp-json\/wp\/v2\/media\/5097"}],"wp:attachment":[{"href":"https:\/\/www.svalbard.fr\/actualites\/wp-json\/wp\/v2\/media?parent=5096"}],"wp:term":[{"taxonomy":"category","embeddable":true,"href":"https:\/\/www.svalbard.fr\/actualites\/wp-json\/wp\/v2\/categories?post=5096"},{"taxonomy":"post_tag","embeddable":true,"href":"https:\/\/www.svalbard.fr\/actualites\/wp-json\/wp\/v2\/tags?post=5096"}],"curies":[{"name":"wp","href":"https:\/\/api.w.org\/{rel}","templated":true}]}}