{"id":5111,"date":"2025-12-04T10:56:54","date_gmt":"2025-12-04T09:56:54","guid":{"rendered":"https:\/\/www.svalbard.fr\/actualites\/la-norvege-et-le-royaume-uni-signent-un-nouvel-accord-de-defense-historique\/"},"modified":"2025-12-04T10:56:54","modified_gmt":"2025-12-04T09:56:54","slug":"la-norvege-et-le-royaume-uni-signent-un-nouvel-accord-de-defense-historique","status":"publish","type":"post","link":"https:\/\/www.svalbard.fr\/actualites\/la-norvege-et-le-royaume-uni-signent-un-nouvel-accord-de-defense-historique\/","title":{"rendered":"La Norv\u00e8ge et le Royaume-Uni signent un nouvel accord de d\u00e9fense historique"},"content":{"rendered":"<div itemprop=\"text\">\n\t\t\t<span id=\"dpsp-post-content-markup\" data-image-pin-it=\"false\"><\/span><\/p>\n<p class=\"intro\">Les deux alli\u00e9s de longue date sont pr\u00eats \u00e0 renforcer leur coop\u00e9ration militaire, des fonds marins \u00e0 l\u2019espace, en mettant particuli\u00e8rement l\u2019accent sur la s\u00e9curit\u00e9 de l\u2019Atlantique Nord et de l\u2019Arctique.<\/p>\n<p>La Norv\u00e8ge et le Royaume-Uni ont conclu l\u2019accord de d\u00e9fense le plus complet des temps modernes.<\/p>\n<figure class=\"wp-block-image size-large\"><img data-lazyloaded=\"1\" data-placeholder-resp=\"768x512\" fetchpriority=\"high\" decoding=\"async\" width=\"768\" height=\"512\" src=\"https:\/\/www.svalbard.fr\/actualites\/wp-content\/uploads\/2025\/12\/La-Norvege-et-le-Royaume-Uni-signent-un-nouvel-accord-de.jpg\" alt=\"Forteresse d&#39;Akershus \u00e0 Oslo, Norv\u00e8ge.\" class=\"wp-image-85117\"  data-><noscript><img fetchpriority=\"high\" decoding=\"async\" width=\"768\" height=\"512\" src=\"https:\/\/www.svalbard.fr\/actualites\/wp-content\/uploads\/2025\/12\/La-Norvege-et-le-Royaume-Uni-signent-un-nouvel-accord-de.jpg\" alt=\"Forteresse d&#39;Akershus \u00e0 Oslo, Norv\u00e8ge.\" class=\"wp-image-85117\"  ><\/noscript><\/figure>\n<p>Sign\u00e9 aujourd&#39;hui \u00e0 Londres, l&#39;accord officialise une int\u00e9gration militaire nettement plus \u00e9troite entre les deux pays \u00e0 un moment de tension g\u00e9opolitique accrue en Europe du Nord.<\/p>\n<p>Selon le gouvernement norv\u00e9gien, les forces britanniques joueront un r\u00f4le accru dans la d\u00e9fense de la Norv\u00e8ge, notamment en \u00e9tant plus fr\u00e9quentes sur le terrain et en approfondissant leur coop\u00e9ration maritime.<\/p>\n<p>L&#39;accord couvre tout, des futures fr\u00e9gates et op\u00e9rations anti-sous-marines \u00e0 la technologie des drones et au renforcement rapide en cas de crise ou de conflit.<\/p>\n<p>Le Premier ministre Jonas Gahr St\u00f8re a d\u00e9clar\u00e9 que le nouveau partenariat renforce le flanc nord de l&#39;OTAN \u00e0 un moment crucial. \u00ab\u00a0Cela apportera une s\u00e9curit\u00e9 accrue \u00e0 la Norv\u00e8ge, au Royaume-Uni et \u00e0 nos alli\u00e9s dans un monde instable\u00a0\u00bb, a-t-il d\u00e9clar\u00e9.<\/p>\n<h2 class=\"wp-block-heading\">Un nom ancr\u00e9 dans l\u2019histoire de la guerre<\/h2>\n<p>L&#39;accord porte le nom <strong>Maison Luna<\/strong> aux Shetland, base importante du \u00ab Shetland Bus \u00bb pendant la Seconde Guerre mondiale.<\/p>\n<p>Les combattants de la r\u00e9sistance norv\u00e9gienne et le Special Operations Executive britannique ont utilis\u00e9 ce domaine isol\u00e9 comme point de d\u00e9part pour des missions clandestines \u00e0 travers la mer du Nord, \u00e9tablissant ainsi un lien symbolique entre la coop\u00e9ration pass\u00e9e et pr\u00e9sente.<\/p>\n<p>Depuis ses fen\u00eatres, les \u00e9quipages observaient autrefois les bateaux de p\u00eache qui transportaient des agents, des fournitures et des r\u00e9fugi\u00e9s entre la Norv\u00e8ge occup\u00e9e et le Royaume-Uni.<\/p>\n<figure class=\"wp-block-image size-large\"><img loading=\"lazy\" data-lazyloaded=\"1\" data-placeholder-resp=\"768x512\" decoding=\"async\" width=\"768\" height=\"512\" src=\"https:\/\/www.svalbard.fr\/actualites\/wp-content\/uploads\/2025\/12\/1764842214_428_La-Norvege-et-le-Royaume-Uni-signent-un-nouvel-accord-de.jpg\" alt=\"Paysage c\u00f4tier des Shetland.\" class=\"wp-image-85116\"  data-><noscript><img loading=\"lazy\" decoding=\"async\" width=\"768\" height=\"512\" src=\"https:\/\/www.svalbard.fr\/actualites\/wp-content\/uploads\/2025\/12\/1764842214_428_La-Norvege-et-le-Royaume-Uni-signent-un-nouvel-accord-de.jpg\" alt=\"Paysage c\u00f4tier des Shetland.\" class=\"wp-image-85116\"  ><\/noscript><\/figure>\n<p>Le gouvernement affirme que l&#39;h\u00e9ritage de cet effort de guerre partag\u00e9 constitue le fondement du partenariat renouvel\u00e9 d&#39;aujourd&#39;hui.<\/p>\n<h2 class=\"wp-block-heading\">Renforcer la d\u00e9fense De la mer du Nord au Grand Nord<\/h2>\n<p>Le ministre de la D\u00e9fense Tore O. Sandvik, qui a sign\u00e9 l\u2019accord aux c\u00f4t\u00e9s de son homologue britannique John Healey, a soulign\u00e9 que la coop\u00e9ration s\u2019\u00e9tendrait d\u00e9sormais \u00e0 \u00ab tous les domaines de la d\u00e9fense, des fonds marins \u00e0 l\u2019espace \u00bb.<\/p>\n<p>Les \u00e9l\u00e9ments cl\u00e9s de l\u2019accord comprennent\u00a0:<\/p>\n<p><strong>Pr\u00e9sence militaire britannique accrue en Norv\u00e8ge.<\/strong> Les Royal Marines s&#39;entra\u00eeneront et op\u00e9reront plus fr\u00e9quemment sur le sol norv\u00e9gien, renfor\u00e7ant ainsi la posture de d\u00e9fense du nord de la Norv\u00e8ge.<\/p>\n<p><strong>Pr\u00e9-positionnement potentiel de mat\u00e9riel britannique.<\/strong> Les deux pays \u00e9valueront si le mat\u00e9riel militaire et les munitions britanniques doivent \u00eatre stock\u00e9s en Norv\u00e8ge.<\/p>\n<p><strong>Infrastructure partag\u00e9e pour les d\u00e9ploiements de troupes britanniques.<\/strong> Les deux parties envisageront de cr\u00e9er des installations capables de recevoir rapidement des renforts britanniques en cas de crise.<\/p>\n<p><strong>D\u00e9veloppement conjoint de drones avanc\u00e9s et de syst\u00e8mes autonomes.<\/strong> Ceux-ci seront con\u00e7us pour patrouiller les zones maritimes du nord aux c\u00f4t\u00e9s des navires et des avions.<\/p>\n<p><strong>Nouveaux drones de surveillance \u00e0 faible co\u00fbt pour l\u2019Atlantique Nord et l\u2019Arctique.<\/strong> Tirant les le\u00e7ons des op\u00e9rations de soutien en Ukraine, les partenaires visent \u00e0 \u00e9tendre les capacit\u00e9s de surveillance \u00e0 longue port\u00e9e \u00e0 un prix abordable.<\/p>\n<p><strong>Coop\u00e9ration plus \u00e9troite en mati\u00e8re de guerre anti-sous-marine.<\/strong> Les deux pays ont l\u2019intention de se procurer \u00e0 l\u2019avenir des fr\u00e9gates aussi techniquement identiques que possible, permettant aux marines d\u2019op\u00e9rer ensemble de mani\u00e8re presque transparente.<\/p>\n<p>Sandvik a not\u00e9 que l&#39;activit\u00e9 des forces russes dans l&#39;Atlantique Nord et dans la mer de Barents a augment\u00e9 ces derni\u00e8res ann\u00e9es. \u00ab Nous savons que la Russie dispose de capacit\u00e9s qui pourraient constituer une menace strat\u00e9gique pour les infrastructures sous-marines occidentales \u00bb, a-t-il d\u00e9clar\u00e9. Le renforcement de la surveillance norv\u00e9gienne-britannique vise \u00e0 contrer ce risque.<\/p>\n<h2 class=\"wp-block-heading\">Une coop\u00e9ration d\u00e9j\u00e0 en cours en mer<\/h2>\n<p>L\u2019accord s\u2019appuie sur une vaste collaboration pratique d\u00e9j\u00e0 en place. Au cours de l&#39;exercice de huit mois <em>Op\u00e9ration Highmast<\/em>un h\u00e9licopt\u00e8re naval britannique a \u00e9t\u00e9 pleinement int\u00e9gr\u00e9 aux op\u00e9rations \u00e0 bord de la fr\u00e9gate norv\u00e9gienne KNM Roald Amundsen. C&#39;est une premi\u00e8re pour les deux marines.<\/p>\n<p>Les \u00e9quipages norv\u00e9giens et britanniques se sont entra\u00een\u00e9s c\u00f4te \u00e0 c\u00f4te pendant des mois, naviguant jusqu&#39;au Japon et en mer de Chine m\u00e9ridionale sous la direction du HMS britannique. <em>prince de Galles<\/em>qui est d\u00e9sormais sous le commandement de l&#39;OTAN.<\/p>\n<p>Sur le pont d&#39;h\u00e9licopt\u00e8re de la fr\u00e9gate, un lieutenant norv\u00e9gien a d\u00e9crit l&#39;exp\u00e9rience v\u00e9cue avec NRK comme \u00ab un excellent processus d&#39;apprentissage pour les deux parties \u00bb, tandis que l&#39;exercice a d\u00e9montr\u00e9 \u00e0 quel point les op\u00e9rations conjointes peuvent fonctionner sans probl\u00e8me dans la pratique.<\/p>\n<h2 class=\"wp-block-heading\">St\u00f8re rencontre Starmer alors que les liens en mati\u00e8re de d\u00e9fense se renforcent<\/h2>\n<p>Tandis que les ministres de la D\u00e9fense signaient l&#39;accord \u00e0 Londres, St\u00f8re rencontrait son homologue britannique, le Premier ministre Keir Starmer.<\/p>\n<p>Les dirigeants ont ensuite visit\u00e9 la base de la Royal Air Force \u00e0 Lossiemouth, en \u00c9cosse, o\u00f9 des pilotes norv\u00e9giens s&#39;entra\u00eenent actuellement sur l&#39;avion de surveillance maritime Pos\u00e9idon P-8, utilis\u00e9 par les deux pays pour surveiller la mer du Nord et l&#39;Atlantique Nord.<\/p>\n<p>La visite comprenait un exercice conjoint ax\u00e9 sur la surveillance de la mer du Nord, montrant comment le partenariat renforc\u00e9 fonctionne au quotidien.<\/p>\n<h2 class=\"wp-block-heading\">Une nouvelle \u00e8re pour la s\u00e9curit\u00e9 nordique-britannique<\/h2>\n<p>L\u2019accord de Lunna House repr\u00e9sente une avanc\u00e9e significative dans les liens de d\u00e9fense entre les pays nordiques et britanniques, donnant aux deux pays une capacit\u00e9 plus claire \u00e0 r\u00e9pondre conjointement aux d\u00e9veloppements dans l\u2019Arctique et l\u2019Atlantique Nord.<\/p>\n<p>Comme l\u2019a soulign\u00e9 Sandvik, l\u2019ambition \u00e0 long terme est de construire une flotte combin\u00e9e de fr\u00e9gates norv\u00e9giennes et britanniques capables de fonctionner \u00ab de mani\u00e8re totalement transparente \u00bb, partageant des navires, des \u00e9quipages et des technologies tout en s\u2019entra\u00eenant plus fr\u00e9quemment dans les eaux partag\u00e9es du nord.<\/p>\n<p>Pour la Norv\u00e8ge, l\u2019accord marque \u00e0 la fois un approfondissement d\u2019une relation de confiance et un renforcement strat\u00e9gique de la s\u00e9curit\u00e9 nationale dans une \u00e9poque plus impr\u00e9visible.<\/p>\n<\/p><\/div>\n","protected":false},"excerpt":{"rendered":"<p>Les deux alli\u00e9s de longue date sont pr\u00eats \u00e0 renforcer leur coop\u00e9ration militaire, des fonds marins \u00e0 l\u2019espace, en mettant particuli\u00e8rement l\u2019accent sur la s\u00e9curit\u00e9<\/p>\n","protected":false},"author":1,"featured_media":5112,"comment_status":"","ping_status":"","sticky":false,"template":"","format":"standard","meta":{"footnotes":""},"categories":[2277],"tags":[525,1082,637,6,630,182,5411],"yoast_head":"<!-- This site is optimized with the Yoast SEO plugin v21.0 - https:\/\/yoast.com\/wordpress\/plugins\/seo\/ -->\n<title>La Norv\u00e8ge et le Royaume-Uni signent un nouvel accord de d\u00e9fense historique<\/title>\n<meta name=\"robots\" content=\"index, follow, max-snippet:-1, max-image-preview:large, max-video-preview:-1\" \/>\n<link rel=\"canonical\" href=\"https:\/\/www.svalbard.fr\/actualites\/la-norvege-et-le-royaume-uni-signent-un-nouvel-accord-de-defense-historique\/\" \/>\n<meta property=\"og:locale\" content=\"fr_FR\" \/>\n<meta property=\"og:type\" content=\"article\" \/>\n<meta property=\"og:title\" content=\"La Norv\u00e8ge et le Royaume-Uni signent un nouvel accord de d\u00e9fense historique\" \/>\n<meta property=\"og:description\" content=\"Les deux alli\u00e9s de longue date sont pr\u00eats \u00e0 renforcer leur coop\u00e9ration militaire, des fonds marins \u00e0 l\u2019espace, en mettant particuli\u00e8rement l\u2019accent sur la s\u00e9curit\u00e9\" \/>\n<meta property=\"og:url\" content=\"https:\/\/www.svalbard.fr\/actualites\/la-norvege-et-le-royaume-uni-signent-un-nouvel-accord-de-defense-historique\/\" \/>\n<meta property=\"og:site_name\" content=\"www.Svalbard.fr\" \/>\n<meta property=\"article:published_time\" content=\"2025-12-04T09:56:54+00:00\" \/>\n<meta property=\"og:image\" content=\"https:\/\/www.svalbard.fr\/actualites\/wp-content\/uploads\/2025\/12\/La-Norvege-et-le-Royaume-Uni-signent-un-nouvel-accord-de.jpg\" \/>\n<meta name=\"author\" content=\"Hilmar\" \/>\n<meta name=\"twitter:card\" content=\"summary_large_image\" \/>\n<meta name=\"twitter:label1\" content=\"\u00c9crit par\" \/>\n\t<meta name=\"twitter:data1\" content=\"Hilmar\" \/>\n\t<meta name=\"twitter:label2\" content=\"Dur\u00e9e de lecture estim\u00e9e\" \/>\n\t<meta name=\"twitter:data2\" content=\"5 minutes\" \/>\n<script type=\"application\/ld+json\" class=\"yoast-schema-graph\">{\"@context\":\"https:\/\/schema.org\",\"@graph\":[{\"@type\":\"Article\",\"@id\":\"https:\/\/www.svalbard.fr\/actualites\/la-norvege-et-le-royaume-uni-signent-un-nouvel-accord-de-defense-historique\/#article\",\"isPartOf\":{\"@id\":\"https:\/\/www.svalbard.fr\/actualites\/la-norvege-et-le-royaume-uni-signent-un-nouvel-accord-de-defense-historique\/\"},\"author\":{\"name\":\"Hilmar\",\"@id\":\"https:\/\/www.svalbard.fr\/actualites\/#\/schema\/person\/a2f937d5712222366738fae98755c600\"},\"headline\":\"La Norv\u00e8ge et le Royaume-Uni signent un nouvel accord de d\u00e9fense historique\",\"datePublished\":\"2025-12-04T09:56:54+00:00\",\"dateModified\":\"2025-12-04T09:56:54+00:00\",\"mainEntityOfPage\":{\"@id\":\"https:\/\/www.svalbard.fr\/actualites\/la-norvege-et-le-royaume-uni-signent-un-nouvel-accord-de-defense-historique\/\"},\"wordCount\":1093,\"publisher\":{\"@id\":\"https:\/\/www.svalbard.fr\/actualites\/#organization\"},\"keywords\":[\"accord\",\"d\u00e9fense\",\"historique\",\"Norv\u00e8ge\",\"Nouvel\",\"RoyaumeUni\",\"signent\"],\"inLanguage\":\"fr-FR\"},{\"@type\":\"WebPage\",\"@id\":\"https:\/\/www.svalbard.fr\/actualites\/la-norvege-et-le-royaume-uni-signent-un-nouvel-accord-de-defense-historique\/\",\"url\":\"https:\/\/www.svalbard.fr\/actualites\/la-norvege-et-le-royaume-uni-signent-un-nouvel-accord-de-defense-historique\/\",\"name\":\"La Norv\u00e8ge et le Royaume-Uni signent un nouvel accord de d\u00e9fense historique\",\"isPartOf\":{\"@id\":\"https:\/\/www.svalbard.fr\/actualites\/#website\"},\"datePublished\":\"2025-12-04T09:56:54+00:00\",\"dateModified\":\"2025-12-04T09:56:54+00:00\",\"breadcrumb\":{\"@id\":\"https:\/\/www.svalbard.fr\/actualites\/la-norvege-et-le-royaume-uni-signent-un-nouvel-accord-de-defense-historique\/#breadcrumb\"},\"inLanguage\":\"fr-FR\",\"potentialAction\":[{\"@type\":\"ReadAction\",\"target\":[\"https:\/\/www.svalbard.fr\/actualites\/la-norvege-et-le-royaume-uni-signent-un-nouvel-accord-de-defense-historique\/\"]}]},{\"@type\":\"BreadcrumbList\",\"@id\":\"https:\/\/www.svalbard.fr\/actualites\/la-norvege-et-le-royaume-uni-signent-un-nouvel-accord-de-defense-historique\/#breadcrumb\",\"itemListElement\":[{\"@type\":\"ListItem\",\"position\":1,\"name\":\"Accueil\",\"item\":\"https:\/\/www.svalbard.fr\/actualites\/\"},{\"@type\":\"ListItem\",\"position\":2,\"name\":\"La Norv\u00e8ge et le Royaume-Uni signent un nouvel accord de d\u00e9fense historique\"}]},{\"@type\":\"WebSite\",\"@id\":\"https:\/\/www.svalbard.fr\/actualites\/#website\",\"url\":\"https:\/\/www.svalbard.fr\/actualites\/\",\"name\":\"www.Svalbard.fr\",\"description\":\"\",\"publisher\":{\"@id\":\"https:\/\/www.svalbard.fr\/actualites\/#organization\"},\"potentialAction\":[{\"@type\":\"SearchAction\",\"target\":{\"@type\":\"EntryPoint\",\"urlTemplate\":\"https:\/\/www.svalbard.fr\/actualites\/?s={search_term_string}\"},\"query-input\":\"required name=search_term_string\"}],\"inLanguage\":\"fr-FR\"},{\"@type\":\"Organization\",\"@id\":\"https:\/\/www.svalbard.fr\/actualites\/#organization\",\"name\":\"www.Svalbard.fr\",\"url\":\"https:\/\/www.svalbard.fr\/actualites\/\",\"logo\":{\"@type\":\"ImageObject\",\"inLanguage\":\"fr-FR\",\"@id\":\"https:\/\/www.svalbard.fr\/actualites\/#\/schema\/logo\/image\/\",\"url\":\"https:\/\/www.svalbard.fr\/actualites\/wp-content\/uploads\/2023\/09\/head-nom.jpg\",\"contentUrl\":\"https:\/\/www.svalbard.fr\/actualites\/wp-content\/uploads\/2023\/09\/head-nom.jpg\",\"width\":264,\"height\":35,\"caption\":\"www.Svalbard.fr\"},\"image\":{\"@id\":\"https:\/\/www.svalbard.fr\/actualites\/#\/schema\/logo\/image\/\"}},{\"@type\":\"Person\",\"@id\":\"https:\/\/www.svalbard.fr\/actualites\/#\/schema\/person\/a2f937d5712222366738fae98755c600\",\"name\":\"Hilmar\",\"image\":{\"@type\":\"ImageObject\",\"inLanguage\":\"fr-FR\",\"@id\":\"https:\/\/www.svalbard.fr\/actualites\/#\/schema\/person\/image\/\",\"url\":\"https:\/\/secure.gravatar.com\/avatar\/4daa437093476dbc32da415c112b6512?s=96&d=mm&r=g\",\"contentUrl\":\"https:\/\/secure.gravatar.com\/avatar\/4daa437093476dbc32da415c112b6512?s=96&d=mm&r=g\",\"caption\":\"Hilmar\"},\"description\":\"Hilmar est un passionn\u00e9 des r\u00e9gions polaires, sp\u00e9cialis\u00e9 dans la r\u00e9daction d'articles sur le Spitzberg et autres destinations arctiques. Il apporte son expertise et sa passion pour l'Arctique au sein de l'\u00e9quipe de r\u00e9daction de Svalbard depuis de nombreuses ann\u00e9es.\",\"sameAs\":[\"https:\/\/www.svalbard.fr\/\"]}]}<\/script>\n<!-- \/ Yoast SEO plugin. -->","yoast_head_json":{"title":"La Norv\u00e8ge et le Royaume-Uni signent un nouvel accord de d\u00e9fense historique","robots":{"index":"index","follow":"follow","max-snippet":"max-snippet:-1","max-image-preview":"max-image-preview:large","max-video-preview":"max-video-preview:-1"},"canonical":"https:\/\/www.svalbard.fr\/actualites\/la-norvege-et-le-royaume-uni-signent-un-nouvel-accord-de-defense-historique\/","og_locale":"fr_FR","og_type":"article","og_title":"La Norv\u00e8ge et le Royaume-Uni signent un nouvel accord de d\u00e9fense historique","og_description":"Les deux alli\u00e9s de longue date sont pr\u00eats \u00e0 renforcer leur coop\u00e9ration militaire, des fonds marins \u00e0 l\u2019espace, en mettant particuli\u00e8rement l\u2019accent sur la s\u00e9curit\u00e9","og_url":"https:\/\/www.svalbard.fr\/actualites\/la-norvege-et-le-royaume-uni-signent-un-nouvel-accord-de-defense-historique\/","og_site_name":"www.Svalbard.fr","article_published_time":"2025-12-04T09:56:54+00:00","og_image":[{"url":"https:\/\/www.svalbard.fr\/actualites\/wp-content\/uploads\/2025\/12\/La-Norvege-et-le-Royaume-Uni-signent-un-nouvel-accord-de.jpg"}],"author":"Hilmar","twitter_card":"summary_large_image","twitter_misc":{"\u00c9crit par":"Hilmar","Dur\u00e9e de lecture estim\u00e9e":"5 minutes"},"schema":{"@context":"https:\/\/schema.org","@graph":[{"@type":"Article","@id":"https:\/\/www.svalbard.fr\/actualites\/la-norvege-et-le-royaume-uni-signent-un-nouvel-accord-de-defense-historique\/#article","isPartOf":{"@id":"https:\/\/www.svalbard.fr\/actualites\/la-norvege-et-le-royaume-uni-signent-un-nouvel-accord-de-defense-historique\/"},"author":{"name":"Hilmar","@id":"https:\/\/www.svalbard.fr\/actualites\/#\/schema\/person\/a2f937d5712222366738fae98755c600"},"headline":"La Norv\u00e8ge et le Royaume-Uni signent un nouvel accord de d\u00e9fense historique","datePublished":"2025-12-04T09:56:54+00:00","dateModified":"2025-12-04T09:56:54+00:00","mainEntityOfPage":{"@id":"https:\/\/www.svalbard.fr\/actualites\/la-norvege-et-le-royaume-uni-signent-un-nouvel-accord-de-defense-historique\/"},"wordCount":1093,"publisher":{"@id":"https:\/\/www.svalbard.fr\/actualites\/#organization"},"keywords":["accord","d\u00e9fense","historique","Norv\u00e8ge","Nouvel","RoyaumeUni","signent"],"inLanguage":"fr-FR"},{"@type":"WebPage","@id":"https:\/\/www.svalbard.fr\/actualites\/la-norvege-et-le-royaume-uni-signent-un-nouvel-accord-de-defense-historique\/","url":"https:\/\/www.svalbard.fr\/actualites\/la-norvege-et-le-royaume-uni-signent-un-nouvel-accord-de-defense-historique\/","name":"La Norv\u00e8ge et le Royaume-Uni signent un nouvel accord de d\u00e9fense historique","isPartOf":{"@id":"https:\/\/www.svalbard.fr\/actualites\/#website"},"datePublished":"2025-12-04T09:56:54+00:00","dateModified":"2025-12-04T09:56:54+00:00","breadcrumb":{"@id":"https:\/\/www.svalbard.fr\/actualites\/la-norvege-et-le-royaume-uni-signent-un-nouvel-accord-de-defense-historique\/#breadcrumb"},"inLanguage":"fr-FR","potentialAction":[{"@type":"ReadAction","target":["https:\/\/www.svalbard.fr\/actualites\/la-norvege-et-le-royaume-uni-signent-un-nouvel-accord-de-defense-historique\/"]}]},{"@type":"BreadcrumbList","@id":"https:\/\/www.svalbard.fr\/actualites\/la-norvege-et-le-royaume-uni-signent-un-nouvel-accord-de-defense-historique\/#breadcrumb","itemListElement":[{"@type":"ListItem","position":1,"name":"Accueil","item":"https:\/\/www.svalbard.fr\/actualites\/"},{"@type":"ListItem","position":2,"name":"La Norv\u00e8ge et le Royaume-Uni signent un nouvel accord de d\u00e9fense historique"}]},{"@type":"WebSite","@id":"https:\/\/www.svalbard.fr\/actualites\/#website","url":"https:\/\/www.svalbard.fr\/actualites\/","name":"www.Svalbard.fr","description":"","publisher":{"@id":"https:\/\/www.svalbard.fr\/actualites\/#organization"},"potentialAction":[{"@type":"SearchAction","target":{"@type":"EntryPoint","urlTemplate":"https:\/\/www.svalbard.fr\/actualites\/?s={search_term_string}"},"query-input":"required name=search_term_string"}],"inLanguage":"fr-FR"},{"@type":"Organization","@id":"https:\/\/www.svalbard.fr\/actualites\/#organization","name":"www.Svalbard.fr","url":"https:\/\/www.svalbard.fr\/actualites\/","logo":{"@type":"ImageObject","inLanguage":"fr-FR","@id":"https:\/\/www.svalbard.fr\/actualites\/#\/schema\/logo\/image\/","url":"https:\/\/www.svalbard.fr\/actualites\/wp-content\/uploads\/2023\/09\/head-nom.jpg","contentUrl":"https:\/\/www.svalbard.fr\/actualites\/wp-content\/uploads\/2023\/09\/head-nom.jpg","width":264,"height":35,"caption":"www.Svalbard.fr"},"image":{"@id":"https:\/\/www.svalbard.fr\/actualites\/#\/schema\/logo\/image\/"}},{"@type":"Person","@id":"https:\/\/www.svalbard.fr\/actualites\/#\/schema\/person\/a2f937d5712222366738fae98755c600","name":"Hilmar","image":{"@type":"ImageObject","inLanguage":"fr-FR","@id":"https:\/\/www.svalbard.fr\/actualites\/#\/schema\/person\/image\/","url":"https:\/\/secure.gravatar.com\/avatar\/4daa437093476dbc32da415c112b6512?s=96&d=mm&r=g","contentUrl":"https:\/\/secure.gravatar.com\/avatar\/4daa437093476dbc32da415c112b6512?s=96&d=mm&r=g","caption":"Hilmar"},"description":"Hilmar est un passionn\u00e9 des r\u00e9gions polaires, sp\u00e9cialis\u00e9 dans la r\u00e9daction d'articles sur le Spitzberg et autres destinations arctiques. Il apporte son expertise et sa passion pour l'Arctique au sein de l'\u00e9quipe de r\u00e9daction de Svalbard depuis de nombreuses ann\u00e9es.","sameAs":["https:\/\/www.svalbard.fr\/"]}]}},"_links":{"self":[{"href":"https:\/\/www.svalbard.fr\/actualites\/wp-json\/wp\/v2\/posts\/5111"}],"collection":[{"href":"https:\/\/www.svalbard.fr\/actualites\/wp-json\/wp\/v2\/posts"}],"about":[{"href":"https:\/\/www.svalbard.fr\/actualites\/wp-json\/wp\/v2\/types\/post"}],"author":[{"embeddable":true,"href":"https:\/\/www.svalbard.fr\/actualites\/wp-json\/wp\/v2\/users\/1"}],"replies":[{"embeddable":true,"href":"https:\/\/www.svalbard.fr\/actualites\/wp-json\/wp\/v2\/comments?post=5111"}],"version-history":[{"count":0,"href":"https:\/\/www.svalbard.fr\/actualites\/wp-json\/wp\/v2\/posts\/5111\/revisions"}],"wp:featuredmedia":[{"embeddable":true,"href":"https:\/\/www.svalbard.fr\/actualites\/wp-json\/wp\/v2\/media\/5112"}],"wp:attachment":[{"href":"https:\/\/www.svalbard.fr\/actualites\/wp-json\/wp\/v2\/media?parent=5111"}],"wp:term":[{"taxonomy":"category","embeddable":true,"href":"https:\/\/www.svalbard.fr\/actualites\/wp-json\/wp\/v2\/categories?post=5111"},{"taxonomy":"post_tag","embeddable":true,"href":"https:\/\/www.svalbard.fr\/actualites\/wp-json\/wp\/v2\/tags?post=5111"}],"curies":[{"name":"wp","href":"https:\/\/api.w.org\/{rel}","templated":true}]}}