{"id":5118,"date":"2025-12-07T09:56:12","date_gmt":"2025-12-07T08:56:12","guid":{"rendered":"https:\/\/www.svalbard.fr\/actualites\/la-jolie-ile-europeenne-sans-touristes-une-destination-unique\/"},"modified":"2025-12-07T09:56:15","modified_gmt":"2025-12-07T08:56:15","slug":"la-jolie-ile-europeenne-sans-touristes-une-destination-unique","status":"publish","type":"post","link":"https:\/\/www.svalbard.fr\/actualites\/la-jolie-ile-europeenne-sans-touristes-une-destination-unique\/","title":{"rendered":"La jolie \u00eele europ\u00e9enne sans touristes, une destination \u00ab unique \u00bb"},"content":{"rendered":"<div>\n<p>Vous n\u2019avez peut-\u00eatre jamais entendu parler de cette \u00eele auparavant, mais elle devrait figurer sur votre liste.<\/p>\n<p>En hiver, elle est toujours aussi charmante et vous ne voudrez pas manquer l&#39;occasion de visiter cette magnifique partie de l&#39;Europe.<\/p>\n<p>Le Svalbard, en Norv\u00e8ge, n&#39;attire pas beaucoup de touristes, mais ceux qui le visitent sont s\u00e9duits par sa beaut\u00e9.<\/p>\n<p>Sur Tripadvisor, une personne qui a visit\u00e9 a \u00e9crit : \u00ab Une fois dans sa vie ; une vraie beaut\u00e9. \u00bb<\/p>\n<p>Un autre a d\u00e9clar\u00e9 : \u00ab\u00a0Vous n&#39;en croirez pas vos yeux lorsque vous verrez 4 glaciers se rassembler dans un fjord sous le soleil nocturne d&#39;\u00e9t\u00e9. Voir cette vue sous cette lumi\u00e8re particuli\u00e8re est un privil\u00e8ge.\u00a0\u00bb<\/p>\n<\/div>\n<div>\n<p>Pendant la nuit polaire, les mois d&#39;obscurit\u00e9 d&#39;octobre \u00e0 janvier, les aurores bor\u00e9ales dominent le ciel de jour comme de nuit, explique Visit Svalbard.<\/p>\n<p>Le Svalbard offre une opportunit\u00e9 insolite de visiter une destination unique.<\/p>\n<p>Sur l&#39;\u00eele, vous pouvez vous attendre \u00e0 de vastes paysages ouverts, \u00e0 une v\u00e9g\u00e9tation clairsem\u00e9e et \u00e0 des glaciers sans fin. C&#39;est un endroit peu peupl\u00e9, vous n&#39;y trouverez donc pas de foules de touristes et de gens.<\/p>\n<p>Visit Svalbard affirme que les r\u00e9sidents adorent vivre l\u00e0-bas et ne peuvent imaginer vivre ailleurs.<\/p>\n<p>L&#39;\u00eele est connue pour \u00eatre isol\u00e9e, ce qui rend ses paysages, en grande partie intacts, encore plus fascinants \u00e0 voir.<\/p>\n<p>Pour ceux qui se sentent aventureux, il existe toute une gamme d&#39;exp\u00e9riences que vous pouvez vivre, du tra\u00eeneau \u00e0 chiens \u00e0 l&#39;utilisation d&#39;une motoneige.<\/p>\n<\/div>\n<div>\n<p>Ou, si ce n&#39;est pas votre genre de chose, vous pouvez visiter une grotte de glace ou faire une excursion en bateau.<\/p>\n<p>Lisa Dj\u00f8nne, une habitante, d\u00e9clare\u00a0: \u00ab\u00a0Les exp\u00e9riences bas\u00e9es sur la nature ici me coupent souvent le souffle. J&#39;ai \u00e9t\u00e9 \u00e9mue jusqu&#39;aux larmes aussi. C&#39;est tellement brut et majestueux ici.<\/p>\n<p>\u00ab\u00a0N&#39;oubliez pas que lorsque vous sortez des colonies, il est recommand\u00e9 d&#39;\u00eatre accompagn\u00e9 par un guide exp\u00e9riment\u00e9 qui vous prot\u00e9gera des ours polaires. N&#39;oubliez pas de prendre un thermos de caf\u00e9. C&#39;est alors beaucoup plus confortable.\u00a0\u00bb<\/p>\n<p>Si vous recherchez une nouvelle exp\u00e9rience, cette \u00eele ne vous d\u00e9cevra pas. <\/p>\n<\/div>\n","protected":false},"excerpt":{"rendered":"<p>Vous n\u2019avez peut-\u00eatre jamais entendu parler de cette \u00eele auparavant, mais elle devrait figurer sur votre liste. En hiver, elle est toujours aussi charmante et<\/p>\n","protected":false},"author":1,"featured_media":5119,"comment_status":"closed","ping_status":"","sticky":false,"template":"","format":"standard","meta":{"footnotes":""},"categories":[2277],"tags":[414,735,68,946,43,78,18,5423],"yoast_head":"<!-- This site is optimized with the Yoast SEO plugin v21.0 - https:\/\/yoast.com\/wordpress\/plugins\/seo\/ -->\n<title>La jolie \u00eele europ\u00e9enne sans touristes, une destination \u00ab unique \u00bb<\/title>\n<meta name=\"robots\" content=\"index, follow, max-snippet:-1, max-image-preview:large, max-video-preview:-1\" \/>\n<link rel=\"canonical\" href=\"https:\/\/www.svalbard.fr\/actualites\/la-jolie-ile-europeenne-sans-touristes-une-destination-unique\/\" \/>\n<meta property=\"og:locale\" content=\"fr_FR\" \/>\n<meta property=\"og:type\" content=\"article\" \/>\n<meta property=\"og:title\" content=\"La jolie \u00eele europ\u00e9enne sans touristes, une destination \u00ab unique \u00bb\" \/>\n<meta property=\"og:description\" content=\"Vous n\u2019avez peut-\u00eatre jamais entendu parler de cette \u00eele auparavant, mais elle devrait figurer sur votre liste. En hiver, elle est toujours aussi charmante et\" \/>\n<meta property=\"og:url\" content=\"https:\/\/www.svalbard.fr\/actualites\/la-jolie-ile-europeenne-sans-touristes-une-destination-unique\/\" \/>\n<meta property=\"og:site_name\" content=\"www.Svalbard.fr\" \/>\n<meta property=\"article:published_time\" content=\"2025-12-07T08:56:12+00:00\" \/>\n<meta property=\"article:modified_time\" content=\"2025-12-07T08:56:15+00:00\" \/>\n<meta property=\"og:image\" content=\"https:\/\/www.svalbard.fr\/actualites\/wp-content\/uploads\/2025\/12\/La-jolie-ile-europeenne-sans-touristes-une-destination-unique.jpg\" \/>\n\t<meta property=\"og:image:width\" content=\"1200\" \/>\n\t<meta property=\"og:image:height\" content=\"630\" \/>\n\t<meta property=\"og:image:type\" content=\"image\/jpeg\" \/>\n<meta name=\"author\" content=\"Hilmar\" \/>\n<meta name=\"twitter:card\" content=\"summary_large_image\" \/>\n<meta name=\"twitter:label1\" content=\"\u00c9crit par\" \/>\n\t<meta name=\"twitter:data1\" content=\"Hilmar\" \/>\n\t<meta name=\"twitter:label2\" content=\"Dur\u00e9e de lecture estim\u00e9e\" \/>\n\t<meta name=\"twitter:data2\" content=\"2 minutes\" \/>\n<script type=\"application\/ld+json\" class=\"yoast-schema-graph\">{\"@context\":\"https:\/\/schema.org\",\"@graph\":[{\"@type\":\"Article\",\"@id\":\"https:\/\/www.svalbard.fr\/actualites\/la-jolie-ile-europeenne-sans-touristes-une-destination-unique\/#article\",\"isPartOf\":{\"@id\":\"https:\/\/www.svalbard.fr\/actualites\/la-jolie-ile-europeenne-sans-touristes-une-destination-unique\/\"},\"author\":{\"name\":\"Hilmar\",\"@id\":\"https:\/\/www.svalbard.fr\/actualites\/#\/schema\/person\/a2f937d5712222366738fae98755c600\"},\"headline\":\"La jolie \u00eele europ\u00e9enne sans touristes, une destination \u00ab unique \u00bb\",\"datePublished\":\"2025-12-07T08:56:12+00:00\",\"dateModified\":\"2025-12-07T08:56:15+00:00\",\"mainEntityOfPage\":{\"@id\":\"https:\/\/www.svalbard.fr\/actualites\/la-jolie-ile-europeenne-sans-touristes-une-destination-unique\/\"},\"wordCount\":389,\"publisher\":{\"@id\":\"https:\/\/www.svalbard.fr\/actualites\/#organization\"},\"keywords\":[\"destination\",\"europ\u00e9enne\",\"\u00eele\",\"jolie\",\"sans\",\"touristes\",\"Une\",\"unique\"],\"inLanguage\":\"fr-FR\"},{\"@type\":\"WebPage\",\"@id\":\"https:\/\/www.svalbard.fr\/actualites\/la-jolie-ile-europeenne-sans-touristes-une-destination-unique\/\",\"url\":\"https:\/\/www.svalbard.fr\/actualites\/la-jolie-ile-europeenne-sans-touristes-une-destination-unique\/\",\"name\":\"La jolie \u00eele europ\u00e9enne sans touristes, une destination \u00ab unique \u00bb\",\"isPartOf\":{\"@id\":\"https:\/\/www.svalbard.fr\/actualites\/#website\"},\"datePublished\":\"2025-12-07T08:56:12+00:00\",\"dateModified\":\"2025-12-07T08:56:15+00:00\",\"breadcrumb\":{\"@id\":\"https:\/\/www.svalbard.fr\/actualites\/la-jolie-ile-europeenne-sans-touristes-une-destination-unique\/#breadcrumb\"},\"inLanguage\":\"fr-FR\",\"potentialAction\":[{\"@type\":\"ReadAction\",\"target\":[\"https:\/\/www.svalbard.fr\/actualites\/la-jolie-ile-europeenne-sans-touristes-une-destination-unique\/\"]}]},{\"@type\":\"BreadcrumbList\",\"@id\":\"https:\/\/www.svalbard.fr\/actualites\/la-jolie-ile-europeenne-sans-touristes-une-destination-unique\/#breadcrumb\",\"itemListElement\":[{\"@type\":\"ListItem\",\"position\":1,\"name\":\"Accueil\",\"item\":\"https:\/\/www.svalbard.fr\/actualites\/\"},{\"@type\":\"ListItem\",\"position\":2,\"name\":\"La jolie \u00eele europ\u00e9enne sans touristes, une destination \u00ab unique \u00bb\"}]},{\"@type\":\"WebSite\",\"@id\":\"https:\/\/www.svalbard.fr\/actualites\/#website\",\"url\":\"https:\/\/www.svalbard.fr\/actualites\/\",\"name\":\"www.Svalbard.fr\",\"description\":\"\",\"publisher\":{\"@id\":\"https:\/\/www.svalbard.fr\/actualites\/#organization\"},\"potentialAction\":[{\"@type\":\"SearchAction\",\"target\":{\"@type\":\"EntryPoint\",\"urlTemplate\":\"https:\/\/www.svalbard.fr\/actualites\/?s={search_term_string}\"},\"query-input\":\"required name=search_term_string\"}],\"inLanguage\":\"fr-FR\"},{\"@type\":\"Organization\",\"@id\":\"https:\/\/www.svalbard.fr\/actualites\/#organization\",\"name\":\"www.Svalbard.fr\",\"url\":\"https:\/\/www.svalbard.fr\/actualites\/\",\"logo\":{\"@type\":\"ImageObject\",\"inLanguage\":\"fr-FR\",\"@id\":\"https:\/\/www.svalbard.fr\/actualites\/#\/schema\/logo\/image\/\",\"url\":\"https:\/\/www.svalbard.fr\/actualites\/wp-content\/uploads\/2023\/09\/head-nom.jpg\",\"contentUrl\":\"https:\/\/www.svalbard.fr\/actualites\/wp-content\/uploads\/2023\/09\/head-nom.jpg\",\"width\":264,\"height\":35,\"caption\":\"www.Svalbard.fr\"},\"image\":{\"@id\":\"https:\/\/www.svalbard.fr\/actualites\/#\/schema\/logo\/image\/\"}},{\"@type\":\"Person\",\"@id\":\"https:\/\/www.svalbard.fr\/actualites\/#\/schema\/person\/a2f937d5712222366738fae98755c600\",\"name\":\"Hilmar\",\"image\":{\"@type\":\"ImageObject\",\"inLanguage\":\"fr-FR\",\"@id\":\"https:\/\/www.svalbard.fr\/actualites\/#\/schema\/person\/image\/\",\"url\":\"https:\/\/secure.gravatar.com\/avatar\/4daa437093476dbc32da415c112b6512?s=96&d=mm&r=g\",\"contentUrl\":\"https:\/\/secure.gravatar.com\/avatar\/4daa437093476dbc32da415c112b6512?s=96&d=mm&r=g\",\"caption\":\"Hilmar\"},\"description\":\"Hilmar est un passionn\u00e9 des r\u00e9gions polaires, sp\u00e9cialis\u00e9 dans la r\u00e9daction d'articles sur le Spitzberg et autres destinations arctiques. Il apporte son expertise et sa passion pour l'Arctique au sein de l'\u00e9quipe de r\u00e9daction de Svalbard depuis de nombreuses ann\u00e9es.\",\"sameAs\":[\"https:\/\/www.svalbard.fr\/\"]}]}<\/script>\n<!-- \/ Yoast SEO plugin. -->","yoast_head_json":{"title":"La jolie \u00eele europ\u00e9enne sans touristes, une destination \u00ab unique \u00bb","robots":{"index":"index","follow":"follow","max-snippet":"max-snippet:-1","max-image-preview":"max-image-preview:large","max-video-preview":"max-video-preview:-1"},"canonical":"https:\/\/www.svalbard.fr\/actualites\/la-jolie-ile-europeenne-sans-touristes-une-destination-unique\/","og_locale":"fr_FR","og_type":"article","og_title":"La jolie \u00eele europ\u00e9enne sans touristes, une destination \u00ab unique \u00bb","og_description":"Vous n\u2019avez peut-\u00eatre jamais entendu parler de cette \u00eele auparavant, mais elle devrait figurer sur votre liste. En hiver, elle est toujours aussi charmante et","og_url":"https:\/\/www.svalbard.fr\/actualites\/la-jolie-ile-europeenne-sans-touristes-une-destination-unique\/","og_site_name":"www.Svalbard.fr","article_published_time":"2025-12-07T08:56:12+00:00","article_modified_time":"2025-12-07T08:56:15+00:00","og_image":[{"width":1200,"height":630,"url":"https:\/\/www.svalbard.fr\/actualites\/wp-content\/uploads\/2025\/12\/La-jolie-ile-europeenne-sans-touristes-une-destination-unique.jpg","type":"image\/jpeg"}],"author":"Hilmar","twitter_card":"summary_large_image","twitter_misc":{"\u00c9crit par":"Hilmar","Dur\u00e9e de lecture estim\u00e9e":"2 minutes"},"schema":{"@context":"https:\/\/schema.org","@graph":[{"@type":"Article","@id":"https:\/\/www.svalbard.fr\/actualites\/la-jolie-ile-europeenne-sans-touristes-une-destination-unique\/#article","isPartOf":{"@id":"https:\/\/www.svalbard.fr\/actualites\/la-jolie-ile-europeenne-sans-touristes-une-destination-unique\/"},"author":{"name":"Hilmar","@id":"https:\/\/www.svalbard.fr\/actualites\/#\/schema\/person\/a2f937d5712222366738fae98755c600"},"headline":"La jolie \u00eele europ\u00e9enne sans touristes, une destination \u00ab unique \u00bb","datePublished":"2025-12-07T08:56:12+00:00","dateModified":"2025-12-07T08:56:15+00:00","mainEntityOfPage":{"@id":"https:\/\/www.svalbard.fr\/actualites\/la-jolie-ile-europeenne-sans-touristes-une-destination-unique\/"},"wordCount":389,"publisher":{"@id":"https:\/\/www.svalbard.fr\/actualites\/#organization"},"keywords":["destination","europ\u00e9enne","\u00eele","jolie","sans","touristes","Une","unique"],"inLanguage":"fr-FR"},{"@type":"WebPage","@id":"https:\/\/www.svalbard.fr\/actualites\/la-jolie-ile-europeenne-sans-touristes-une-destination-unique\/","url":"https:\/\/www.svalbard.fr\/actualites\/la-jolie-ile-europeenne-sans-touristes-une-destination-unique\/","name":"La jolie \u00eele europ\u00e9enne sans touristes, une destination \u00ab unique \u00bb","isPartOf":{"@id":"https:\/\/www.svalbard.fr\/actualites\/#website"},"datePublished":"2025-12-07T08:56:12+00:00","dateModified":"2025-12-07T08:56:15+00:00","breadcrumb":{"@id":"https:\/\/www.svalbard.fr\/actualites\/la-jolie-ile-europeenne-sans-touristes-une-destination-unique\/#breadcrumb"},"inLanguage":"fr-FR","potentialAction":[{"@type":"ReadAction","target":["https:\/\/www.svalbard.fr\/actualites\/la-jolie-ile-europeenne-sans-touristes-une-destination-unique\/"]}]},{"@type":"BreadcrumbList","@id":"https:\/\/www.svalbard.fr\/actualites\/la-jolie-ile-europeenne-sans-touristes-une-destination-unique\/#breadcrumb","itemListElement":[{"@type":"ListItem","position":1,"name":"Accueil","item":"https:\/\/www.svalbard.fr\/actualites\/"},{"@type":"ListItem","position":2,"name":"La jolie \u00eele europ\u00e9enne sans touristes, une destination \u00ab unique \u00bb"}]},{"@type":"WebSite","@id":"https:\/\/www.svalbard.fr\/actualites\/#website","url":"https:\/\/www.svalbard.fr\/actualites\/","name":"www.Svalbard.fr","description":"","publisher":{"@id":"https:\/\/www.svalbard.fr\/actualites\/#organization"},"potentialAction":[{"@type":"SearchAction","target":{"@type":"EntryPoint","urlTemplate":"https:\/\/www.svalbard.fr\/actualites\/?s={search_term_string}"},"query-input":"required name=search_term_string"}],"inLanguage":"fr-FR"},{"@type":"Organization","@id":"https:\/\/www.svalbard.fr\/actualites\/#organization","name":"www.Svalbard.fr","url":"https:\/\/www.svalbard.fr\/actualites\/","logo":{"@type":"ImageObject","inLanguage":"fr-FR","@id":"https:\/\/www.svalbard.fr\/actualites\/#\/schema\/logo\/image\/","url":"https:\/\/www.svalbard.fr\/actualites\/wp-content\/uploads\/2023\/09\/head-nom.jpg","contentUrl":"https:\/\/www.svalbard.fr\/actualites\/wp-content\/uploads\/2023\/09\/head-nom.jpg","width":264,"height":35,"caption":"www.Svalbard.fr"},"image":{"@id":"https:\/\/www.svalbard.fr\/actualites\/#\/schema\/logo\/image\/"}},{"@type":"Person","@id":"https:\/\/www.svalbard.fr\/actualites\/#\/schema\/person\/a2f937d5712222366738fae98755c600","name":"Hilmar","image":{"@type":"ImageObject","inLanguage":"fr-FR","@id":"https:\/\/www.svalbard.fr\/actualites\/#\/schema\/person\/image\/","url":"https:\/\/secure.gravatar.com\/avatar\/4daa437093476dbc32da415c112b6512?s=96&d=mm&r=g","contentUrl":"https:\/\/secure.gravatar.com\/avatar\/4daa437093476dbc32da415c112b6512?s=96&d=mm&r=g","caption":"Hilmar"},"description":"Hilmar est un passionn\u00e9 des r\u00e9gions polaires, sp\u00e9cialis\u00e9 dans la r\u00e9daction d'articles sur le Spitzberg et autres destinations arctiques. Il apporte son expertise et sa passion pour l'Arctique au sein de l'\u00e9quipe de r\u00e9daction de Svalbard depuis de nombreuses ann\u00e9es.","sameAs":["https:\/\/www.svalbard.fr\/"]}]}},"_links":{"self":[{"href":"https:\/\/www.svalbard.fr\/actualites\/wp-json\/wp\/v2\/posts\/5118"}],"collection":[{"href":"https:\/\/www.svalbard.fr\/actualites\/wp-json\/wp\/v2\/posts"}],"about":[{"href":"https:\/\/www.svalbard.fr\/actualites\/wp-json\/wp\/v2\/types\/post"}],"author":[{"embeddable":true,"href":"https:\/\/www.svalbard.fr\/actualites\/wp-json\/wp\/v2\/users\/1"}],"replies":[{"embeddable":true,"href":"https:\/\/www.svalbard.fr\/actualites\/wp-json\/wp\/v2\/comments?post=5118"}],"version-history":[{"count":1,"href":"https:\/\/www.svalbard.fr\/actualites\/wp-json\/wp\/v2\/posts\/5118\/revisions"}],"predecessor-version":[{"id":5120,"href":"https:\/\/www.svalbard.fr\/actualites\/wp-json\/wp\/v2\/posts\/5118\/revisions\/5120"}],"wp:featuredmedia":[{"embeddable":true,"href":"https:\/\/www.svalbard.fr\/actualites\/wp-json\/wp\/v2\/media\/5119"}],"wp:attachment":[{"href":"https:\/\/www.svalbard.fr\/actualites\/wp-json\/wp\/v2\/media?parent=5118"}],"wp:term":[{"taxonomy":"category","embeddable":true,"href":"https:\/\/www.svalbard.fr\/actualites\/wp-json\/wp\/v2\/categories?post=5118"},{"taxonomy":"post_tag","embeddable":true,"href":"https:\/\/www.svalbard.fr\/actualites\/wp-json\/wp\/v2\/tags?post=5118"}],"curies":[{"name":"wp","href":"https:\/\/api.w.org\/{rel}","templated":true}]}}