{"id":5123,"date":"2025-12-08T12:58:49","date_gmt":"2025-12-08T11:58:49","guid":{"rendered":"https:\/\/www.svalbard.fr\/actualites\/tir-a-oslo-en-direct-un-homme-arme-ouvre-le-feu-alors-que-la-police-envahit-un-centre-commercial-tres-frequente\/"},"modified":"2025-12-08T12:58:52","modified_gmt":"2025-12-08T11:58:52","slug":"tir-a-oslo-en-direct-un-homme-arme-ouvre-le-feu-alors-que-la-police-envahit-un-centre-commercial-tres-frequente","status":"publish","type":"post","link":"https:\/\/www.svalbard.fr\/actualites\/tir-a-oslo-en-direct-un-homme-arme-ouvre-le-feu-alors-que-la-police-envahit-un-centre-commercial-tres-frequente\/","title":{"rendered":"Tir \u00e0 Oslo EN DIRECT\u00a0: un homme arm\u00e9 ouvre le feu alors que la police envahit un centre commercial tr\u00e8s fr\u00e9quent\u00e9"},"content":{"rendered":"<div>\n<p>Plusieurs personnes auraient \u00e9t\u00e9 bless\u00e9es apr\u00e8s qu&#39;un homme arm\u00e9 a ouvert le feu sur un centre commercial \u00e0 Oslo, en Norv\u00e8ge. Selon la police norv\u00e9gienne, personne n&#39;a \u00e9t\u00e9 bless\u00e9 et la zone est d\u00e9sormais s\u00fbre. Le suspect a \u00e9t\u00e9 plac\u00e9 en garde \u00e0 vue par la police et le personnel soignant sur place. Pour l\u2019heure, il semble qu\u2019un seul auteur soit impliqu\u00e9.<\/p>\n<p>Cela survient quelques mois apr\u00e8s qu&#39;un homme a \u00e9t\u00e9 bless\u00e9 par balle au centre Tveita, l&#39;un des plus grands magasins de la capitale norv\u00e9gienne. Deux hommes ont \u00e9t\u00e9 arr\u00eat\u00e9s et inculp\u00e9s apr\u00e8s qu&#39;un homme ait \u00e9t\u00e9 hospitalis\u00e9 suite \u00e0 des coups de feu \u00e0 la suite d&#39;une dispute en juillet.<\/p>\n<p><strong>CECI EST UNE DERNI\u00c8RE NOUVELLE ET EST EN COURS DE MISE \u00c0 JOUR&#8230;.<\/strong><\/p>\n<\/div>\n","protected":false},"excerpt":{"rendered":"<p>Plusieurs personnes auraient \u00e9t\u00e9 bless\u00e9es apr\u00e8s qu&#39;un homme arm\u00e9 a ouvert le feu sur un centre commercial \u00e0 Oslo, en Norv\u00e8ge. Selon la police norv\u00e9gienne,<\/p>\n","protected":false},"author":1,"featured_media":5124,"comment_status":"closed","ping_status":"","sticky":false,"template":"","format":"standard","meta":{"footnotes":""},"categories":[2277],"tags":[24,384,4897,950,5401,5433,602,1294,119,261,877,2230,5431,822],"yoast_head":"<!-- This site is optimized with the Yoast SEO plugin v21.0 - https:\/\/yoast.com\/wordpress\/plugins\/seo\/ -->\n<title>Tir \u00e0 Oslo EN DIRECT\u00a0: un homme arm\u00e9 ouvre le feu alors que la police envahit un centre commercial tr\u00e8s fr\u00e9quent\u00e9<\/title>\n<meta name=\"robots\" content=\"index, follow, max-snippet:-1, max-image-preview:large, max-video-preview:-1\" \/>\n<link rel=\"canonical\" href=\"https:\/\/www.svalbard.fr\/actualites\/tir-a-oslo-en-direct-un-homme-arme-ouvre-le-feu-alors-que-la-police-envahit-un-centre-commercial-tres-frequente\/\" \/>\n<meta property=\"og:locale\" content=\"fr_FR\" \/>\n<meta property=\"og:type\" content=\"article\" \/>\n<meta property=\"og:title\" content=\"Tir \u00e0 Oslo EN DIRECT\u00a0: un homme arm\u00e9 ouvre le feu alors que la police envahit un centre commercial tr\u00e8s fr\u00e9quent\u00e9\" \/>\n<meta property=\"og:description\" content=\"Plusieurs personnes auraient \u00e9t\u00e9 bless\u00e9es apr\u00e8s qu&#039;un homme arm\u00e9 a ouvert le feu sur un centre commercial \u00e0 Oslo, en Norv\u00e8ge. Selon la police norv\u00e9gienne,\" \/>\n<meta property=\"og:url\" content=\"https:\/\/www.svalbard.fr\/actualites\/tir-a-oslo-en-direct-un-homme-arme-ouvre-le-feu-alors-que-la-police-envahit-un-centre-commercial-tres-frequente\/\" \/>\n<meta property=\"og:site_name\" content=\"www.Svalbard.fr\" \/>\n<meta property=\"article:published_time\" content=\"2025-12-08T11:58:49+00:00\" \/>\n<meta property=\"article:modified_time\" content=\"2025-12-08T11:58:52+00:00\" \/>\n<meta property=\"og:image\" content=\"https:\/\/www.svalbard.fr\/actualites\/wp-content\/uploads\/2025\/12\/Tir-a-Oslo-EN-DIRECT-un-homme-arme-ouvre-le.jpg\" \/>\n\t<meta property=\"og:image:width\" content=\"1200\" \/>\n\t<meta property=\"og:image:height\" content=\"630\" \/>\n\t<meta property=\"og:image:type\" content=\"image\/jpeg\" \/>\n<meta name=\"author\" content=\"Hilmar\" \/>\n<meta name=\"twitter:card\" content=\"summary_large_image\" \/>\n<meta name=\"twitter:label1\" content=\"\u00c9crit par\" \/>\n\t<meta name=\"twitter:data1\" content=\"Hilmar\" \/>\n\t<meta name=\"twitter:label2\" content=\"Dur\u00e9e de lecture estim\u00e9e\" \/>\n\t<meta name=\"twitter:data2\" content=\"1 minute\" \/>\n<script type=\"application\/ld+json\" class=\"yoast-schema-graph\">{\"@context\":\"https:\/\/schema.org\",\"@graph\":[{\"@type\":\"Article\",\"@id\":\"https:\/\/www.svalbard.fr\/actualites\/tir-a-oslo-en-direct-un-homme-arme-ouvre-le-feu-alors-que-la-police-envahit-un-centre-commercial-tres-frequente\/#article\",\"isPartOf\":{\"@id\":\"https:\/\/www.svalbard.fr\/actualites\/tir-a-oslo-en-direct-un-homme-arme-ouvre-le-feu-alors-que-la-police-envahit-un-centre-commercial-tres-frequente\/\"},\"author\":{\"name\":\"Hilmar\",\"@id\":\"https:\/\/www.svalbard.fr\/actualites\/#\/schema\/person\/a2f937d5712222366738fae98755c600\"},\"headline\":\"Tir \u00e0 Oslo EN DIRECT\u00a0: un homme arm\u00e9 ouvre le feu alors que la police envahit un centre commercial tr\u00e8s fr\u00e9quent\u00e9\",\"datePublished\":\"2025-12-08T11:58:49+00:00\",\"dateModified\":\"2025-12-08T11:58:52+00:00\",\"mainEntityOfPage\":{\"@id\":\"https:\/\/www.svalbard.fr\/actualites\/tir-a-oslo-en-direct-un-homme-arme-ouvre-le-feu-alors-que-la-police-envahit-un-centre-commercial-tres-frequente\/\"},\"wordCount\":163,\"publisher\":{\"@id\":\"https:\/\/www.svalbard.fr\/actualites\/#organization\"},\"keywords\":[\"alors\",\"arme\",\"centre\",\"commercial\",\"DIRECT\",\"envahit\",\"feu\",\"fr\u00e9quent\u00e9\",\"homme\",\"Oslo\",\"ouvre\",\"police\",\"Tir\",\"tr\u00e8s\"],\"inLanguage\":\"fr-FR\"},{\"@type\":\"WebPage\",\"@id\":\"https:\/\/www.svalbard.fr\/actualites\/tir-a-oslo-en-direct-un-homme-arme-ouvre-le-feu-alors-que-la-police-envahit-un-centre-commercial-tres-frequente\/\",\"url\":\"https:\/\/www.svalbard.fr\/actualites\/tir-a-oslo-en-direct-un-homme-arme-ouvre-le-feu-alors-que-la-police-envahit-un-centre-commercial-tres-frequente\/\",\"name\":\"Tir \u00e0 Oslo EN DIRECT\u00a0: un homme arm\u00e9 ouvre le feu alors que la police envahit un centre commercial tr\u00e8s fr\u00e9quent\u00e9\",\"isPartOf\":{\"@id\":\"https:\/\/www.svalbard.fr\/actualites\/#website\"},\"datePublished\":\"2025-12-08T11:58:49+00:00\",\"dateModified\":\"2025-12-08T11:58:52+00:00\",\"breadcrumb\":{\"@id\":\"https:\/\/www.svalbard.fr\/actualites\/tir-a-oslo-en-direct-un-homme-arme-ouvre-le-feu-alors-que-la-police-envahit-un-centre-commercial-tres-frequente\/#breadcrumb\"},\"inLanguage\":\"fr-FR\",\"potentialAction\":[{\"@type\":\"ReadAction\",\"target\":[\"https:\/\/www.svalbard.fr\/actualites\/tir-a-oslo-en-direct-un-homme-arme-ouvre-le-feu-alors-que-la-police-envahit-un-centre-commercial-tres-frequente\/\"]}]},{\"@type\":\"BreadcrumbList\",\"@id\":\"https:\/\/www.svalbard.fr\/actualites\/tir-a-oslo-en-direct-un-homme-arme-ouvre-le-feu-alors-que-la-police-envahit-un-centre-commercial-tres-frequente\/#breadcrumb\",\"itemListElement\":[{\"@type\":\"ListItem\",\"position\":1,\"name\":\"Accueil\",\"item\":\"https:\/\/www.svalbard.fr\/actualites\/\"},{\"@type\":\"ListItem\",\"position\":2,\"name\":\"Tir \u00e0 Oslo EN DIRECT\u00a0: un homme arm\u00e9 ouvre le feu alors que la police envahit un centre commercial tr\u00e8s fr\u00e9quent\u00e9\"}]},{\"@type\":\"WebSite\",\"@id\":\"https:\/\/www.svalbard.fr\/actualites\/#website\",\"url\":\"https:\/\/www.svalbard.fr\/actualites\/\",\"name\":\"www.Svalbard.fr\",\"description\":\"\",\"publisher\":{\"@id\":\"https:\/\/www.svalbard.fr\/actualites\/#organization\"},\"potentialAction\":[{\"@type\":\"SearchAction\",\"target\":{\"@type\":\"EntryPoint\",\"urlTemplate\":\"https:\/\/www.svalbard.fr\/actualites\/?s={search_term_string}\"},\"query-input\":\"required name=search_term_string\"}],\"inLanguage\":\"fr-FR\"},{\"@type\":\"Organization\",\"@id\":\"https:\/\/www.svalbard.fr\/actualites\/#organization\",\"name\":\"www.Svalbard.fr\",\"url\":\"https:\/\/www.svalbard.fr\/actualites\/\",\"logo\":{\"@type\":\"ImageObject\",\"inLanguage\":\"fr-FR\",\"@id\":\"https:\/\/www.svalbard.fr\/actualites\/#\/schema\/logo\/image\/\",\"url\":\"https:\/\/www.svalbard.fr\/actualites\/wp-content\/uploads\/2023\/09\/head-nom.jpg\",\"contentUrl\":\"https:\/\/www.svalbard.fr\/actualites\/wp-content\/uploads\/2023\/09\/head-nom.jpg\",\"width\":264,\"height\":35,\"caption\":\"www.Svalbard.fr\"},\"image\":{\"@id\":\"https:\/\/www.svalbard.fr\/actualites\/#\/schema\/logo\/image\/\"}},{\"@type\":\"Person\",\"@id\":\"https:\/\/www.svalbard.fr\/actualites\/#\/schema\/person\/a2f937d5712222366738fae98755c600\",\"name\":\"Hilmar\",\"image\":{\"@type\":\"ImageObject\",\"inLanguage\":\"fr-FR\",\"@id\":\"https:\/\/www.svalbard.fr\/actualites\/#\/schema\/person\/image\/\",\"url\":\"https:\/\/secure.gravatar.com\/avatar\/4daa437093476dbc32da415c112b6512?s=96&d=mm&r=g\",\"contentUrl\":\"https:\/\/secure.gravatar.com\/avatar\/4daa437093476dbc32da415c112b6512?s=96&d=mm&r=g\",\"caption\":\"Hilmar\"},\"description\":\"Hilmar est un passionn\u00e9 des r\u00e9gions polaires, sp\u00e9cialis\u00e9 dans la r\u00e9daction d'articles sur le Spitzberg et autres destinations arctiques. Il apporte son expertise et sa passion pour l'Arctique au sein de l'\u00e9quipe de r\u00e9daction de Svalbard depuis de nombreuses ann\u00e9es.\",\"sameAs\":[\"https:\/\/www.svalbard.fr\/\"]}]}<\/script>\n<!-- \/ Yoast SEO plugin. -->","yoast_head_json":{"title":"Tir \u00e0 Oslo EN DIRECT\u00a0: un homme arm\u00e9 ouvre le feu alors que la police envahit un centre commercial tr\u00e8s fr\u00e9quent\u00e9","robots":{"index":"index","follow":"follow","max-snippet":"max-snippet:-1","max-image-preview":"max-image-preview:large","max-video-preview":"max-video-preview:-1"},"canonical":"https:\/\/www.svalbard.fr\/actualites\/tir-a-oslo-en-direct-un-homme-arme-ouvre-le-feu-alors-que-la-police-envahit-un-centre-commercial-tres-frequente\/","og_locale":"fr_FR","og_type":"article","og_title":"Tir \u00e0 Oslo EN DIRECT\u00a0: un homme arm\u00e9 ouvre le feu alors que la police envahit un centre commercial tr\u00e8s fr\u00e9quent\u00e9","og_description":"Plusieurs personnes auraient \u00e9t\u00e9 bless\u00e9es apr\u00e8s qu&#39;un homme arm\u00e9 a ouvert le feu sur un centre commercial \u00e0 Oslo, en Norv\u00e8ge. Selon la police norv\u00e9gienne,","og_url":"https:\/\/www.svalbard.fr\/actualites\/tir-a-oslo-en-direct-un-homme-arme-ouvre-le-feu-alors-que-la-police-envahit-un-centre-commercial-tres-frequente\/","og_site_name":"www.Svalbard.fr","article_published_time":"2025-12-08T11:58:49+00:00","article_modified_time":"2025-12-08T11:58:52+00:00","og_image":[{"width":1200,"height":630,"url":"https:\/\/www.svalbard.fr\/actualites\/wp-content\/uploads\/2025\/12\/Tir-a-Oslo-EN-DIRECT-un-homme-arme-ouvre-le.jpg","type":"image\/jpeg"}],"author":"Hilmar","twitter_card":"summary_large_image","twitter_misc":{"\u00c9crit par":"Hilmar","Dur\u00e9e de lecture estim\u00e9e":"1 minute"},"schema":{"@context":"https:\/\/schema.org","@graph":[{"@type":"Article","@id":"https:\/\/www.svalbard.fr\/actualites\/tir-a-oslo-en-direct-un-homme-arme-ouvre-le-feu-alors-que-la-police-envahit-un-centre-commercial-tres-frequente\/#article","isPartOf":{"@id":"https:\/\/www.svalbard.fr\/actualites\/tir-a-oslo-en-direct-un-homme-arme-ouvre-le-feu-alors-que-la-police-envahit-un-centre-commercial-tres-frequente\/"},"author":{"name":"Hilmar","@id":"https:\/\/www.svalbard.fr\/actualites\/#\/schema\/person\/a2f937d5712222366738fae98755c600"},"headline":"Tir \u00e0 Oslo EN DIRECT\u00a0: un homme arm\u00e9 ouvre le feu alors que la police envahit un centre commercial tr\u00e8s fr\u00e9quent\u00e9","datePublished":"2025-12-08T11:58:49+00:00","dateModified":"2025-12-08T11:58:52+00:00","mainEntityOfPage":{"@id":"https:\/\/www.svalbard.fr\/actualites\/tir-a-oslo-en-direct-un-homme-arme-ouvre-le-feu-alors-que-la-police-envahit-un-centre-commercial-tres-frequente\/"},"wordCount":163,"publisher":{"@id":"https:\/\/www.svalbard.fr\/actualites\/#organization"},"keywords":["alors","arme","centre","commercial","DIRECT","envahit","feu","fr\u00e9quent\u00e9","homme","Oslo","ouvre","police","Tir","tr\u00e8s"],"inLanguage":"fr-FR"},{"@type":"WebPage","@id":"https:\/\/www.svalbard.fr\/actualites\/tir-a-oslo-en-direct-un-homme-arme-ouvre-le-feu-alors-que-la-police-envahit-un-centre-commercial-tres-frequente\/","url":"https:\/\/www.svalbard.fr\/actualites\/tir-a-oslo-en-direct-un-homme-arme-ouvre-le-feu-alors-que-la-police-envahit-un-centre-commercial-tres-frequente\/","name":"Tir \u00e0 Oslo EN DIRECT\u00a0: un homme arm\u00e9 ouvre le feu alors que la police envahit un centre commercial tr\u00e8s fr\u00e9quent\u00e9","isPartOf":{"@id":"https:\/\/www.svalbard.fr\/actualites\/#website"},"datePublished":"2025-12-08T11:58:49+00:00","dateModified":"2025-12-08T11:58:52+00:00","breadcrumb":{"@id":"https:\/\/www.svalbard.fr\/actualites\/tir-a-oslo-en-direct-un-homme-arme-ouvre-le-feu-alors-que-la-police-envahit-un-centre-commercial-tres-frequente\/#breadcrumb"},"inLanguage":"fr-FR","potentialAction":[{"@type":"ReadAction","target":["https:\/\/www.svalbard.fr\/actualites\/tir-a-oslo-en-direct-un-homme-arme-ouvre-le-feu-alors-que-la-police-envahit-un-centre-commercial-tres-frequente\/"]}]},{"@type":"BreadcrumbList","@id":"https:\/\/www.svalbard.fr\/actualites\/tir-a-oslo-en-direct-un-homme-arme-ouvre-le-feu-alors-que-la-police-envahit-un-centre-commercial-tres-frequente\/#breadcrumb","itemListElement":[{"@type":"ListItem","position":1,"name":"Accueil","item":"https:\/\/www.svalbard.fr\/actualites\/"},{"@type":"ListItem","position":2,"name":"Tir \u00e0 Oslo EN DIRECT\u00a0: un homme arm\u00e9 ouvre le feu alors que la police envahit un centre commercial tr\u00e8s fr\u00e9quent\u00e9"}]},{"@type":"WebSite","@id":"https:\/\/www.svalbard.fr\/actualites\/#website","url":"https:\/\/www.svalbard.fr\/actualites\/","name":"www.Svalbard.fr","description":"","publisher":{"@id":"https:\/\/www.svalbard.fr\/actualites\/#organization"},"potentialAction":[{"@type":"SearchAction","target":{"@type":"EntryPoint","urlTemplate":"https:\/\/www.svalbard.fr\/actualites\/?s={search_term_string}"},"query-input":"required name=search_term_string"}],"inLanguage":"fr-FR"},{"@type":"Organization","@id":"https:\/\/www.svalbard.fr\/actualites\/#organization","name":"www.Svalbard.fr","url":"https:\/\/www.svalbard.fr\/actualites\/","logo":{"@type":"ImageObject","inLanguage":"fr-FR","@id":"https:\/\/www.svalbard.fr\/actualites\/#\/schema\/logo\/image\/","url":"https:\/\/www.svalbard.fr\/actualites\/wp-content\/uploads\/2023\/09\/head-nom.jpg","contentUrl":"https:\/\/www.svalbard.fr\/actualites\/wp-content\/uploads\/2023\/09\/head-nom.jpg","width":264,"height":35,"caption":"www.Svalbard.fr"},"image":{"@id":"https:\/\/www.svalbard.fr\/actualites\/#\/schema\/logo\/image\/"}},{"@type":"Person","@id":"https:\/\/www.svalbard.fr\/actualites\/#\/schema\/person\/a2f937d5712222366738fae98755c600","name":"Hilmar","image":{"@type":"ImageObject","inLanguage":"fr-FR","@id":"https:\/\/www.svalbard.fr\/actualites\/#\/schema\/person\/image\/","url":"https:\/\/secure.gravatar.com\/avatar\/4daa437093476dbc32da415c112b6512?s=96&d=mm&r=g","contentUrl":"https:\/\/secure.gravatar.com\/avatar\/4daa437093476dbc32da415c112b6512?s=96&d=mm&r=g","caption":"Hilmar"},"description":"Hilmar est un passionn\u00e9 des r\u00e9gions polaires, sp\u00e9cialis\u00e9 dans la r\u00e9daction d'articles sur le Spitzberg et autres destinations arctiques. Il apporte son expertise et sa passion pour l'Arctique au sein de l'\u00e9quipe de r\u00e9daction de Svalbard depuis de nombreuses ann\u00e9es.","sameAs":["https:\/\/www.svalbard.fr\/"]}]}},"_links":{"self":[{"href":"https:\/\/www.svalbard.fr\/actualites\/wp-json\/wp\/v2\/posts\/5123"}],"collection":[{"href":"https:\/\/www.svalbard.fr\/actualites\/wp-json\/wp\/v2\/posts"}],"about":[{"href":"https:\/\/www.svalbard.fr\/actualites\/wp-json\/wp\/v2\/types\/post"}],"author":[{"embeddable":true,"href":"https:\/\/www.svalbard.fr\/actualites\/wp-json\/wp\/v2\/users\/1"}],"replies":[{"embeddable":true,"href":"https:\/\/www.svalbard.fr\/actualites\/wp-json\/wp\/v2\/comments?post=5123"}],"version-history":[{"count":1,"href":"https:\/\/www.svalbard.fr\/actualites\/wp-json\/wp\/v2\/posts\/5123\/revisions"}],"predecessor-version":[{"id":5125,"href":"https:\/\/www.svalbard.fr\/actualites\/wp-json\/wp\/v2\/posts\/5123\/revisions\/5125"}],"wp:featuredmedia":[{"embeddable":true,"href":"https:\/\/www.svalbard.fr\/actualites\/wp-json\/wp\/v2\/media\/5124"}],"wp:attachment":[{"href":"https:\/\/www.svalbard.fr\/actualites\/wp-json\/wp\/v2\/media?parent=5123"}],"wp:term":[{"taxonomy":"category","embeddable":true,"href":"https:\/\/www.svalbard.fr\/actualites\/wp-json\/wp\/v2\/categories?post=5123"},{"taxonomy":"post_tag","embeddable":true,"href":"https:\/\/www.svalbard.fr\/actualites\/wp-json\/wp\/v2\/tags?post=5123"}],"curies":[{"name":"wp","href":"https:\/\/api.w.org\/{rel}","templated":true}]}}