{"id":5128,"date":"2025-12-11T07:56:54","date_gmt":"2025-12-11T06:56:54","guid":{"rendered":"https:\/\/www.svalbard.fr\/actualites\/moins-de-travailleurs-etrangers-veulent-venir-en-norvege\/"},"modified":"2025-12-11T07:56:54","modified_gmt":"2025-12-11T06:56:54","slug":"moins-de-travailleurs-etrangers-veulent-venir-en-norvege","status":"publish","type":"post","link":"https:\/\/www.svalbard.fr\/actualites\/moins-de-travailleurs-etrangers-veulent-venir-en-norvege\/","title":{"rendered":"Moins de travailleurs \u00e9trangers veulent venir en Norv\u00e8ge"},"content":{"rendered":"<div itemprop=\"text\">\n\t\t\t<span id=\"dpsp-post-content-markup\" data-image-pin-it=\"false\"><\/span><\/p>\n<p class=\"intro\">De nouvelles recherches montrent que beaucoup moins de personnes \u00e9trang\u00e8res choisissent de travailler en Norv\u00e8ge, marquant un changement majeur dans une tendance qui a fa\u00e7onn\u00e9 le march\u00e9 du travail au cours des deux derni\u00e8res d\u00e9cennies.<\/p>\n<p>Pendant des ann\u00e9es, la Norv\u00e8ge a largement d\u00e9pendu des travailleurs d\u2019Europe centrale et orientale, notamment de Pologne. Aujourd\u2019hui, ce flux a consid\u00e9rablement ralenti.<\/p>\n<figure class=\"wp-block-image size-large\"><img data-lazyloaded=\"1\" data-placeholder-resp=\"768x432\" fetchpriority=\"high\" decoding=\"async\" width=\"768\" height=\"432\" src=\"https:\/\/www.svalbard.fr\/actualites\/wp-content\/uploads\/2025\/12\/Moins-de-travailleurs-etrangers-veulent-venir-en-Norvege.jpg\" alt=\"Embarquement \u00e0 bord d&#39;un avion SAS. Photo : David Nikel.\" class=\"wp-image-85182\"  data-><noscript><img fetchpriority=\"high\" decoding=\"async\" width=\"768\" height=\"432\" src=\"https:\/\/www.svalbard.fr\/actualites\/wp-content\/uploads\/2025\/12\/Moins-de-travailleurs-etrangers-veulent-venir-en-Norvege.jpg\" alt=\"Embarquement \u00e0 bord d&#39;un avion SAS. Photo : David Nikel.\" class=\"wp-image-85182\"  ><\/noscript><\/figure>\n<p>Selon les chiffres pr\u00e9sent\u00e9s lors d&#39;un r\u00e9cent s\u00e9minaire du Fafo, le nombre de travailleurs migrants arriv\u00e9s l&#39;ann\u00e9e derni\u00e8re n&#39;\u00e9tait que d&#39;un tiers par rapport \u00e0 il y a dix ans.<\/p>\n<p>Fafo est une fondation de recherche ind\u00e9pendante en sciences sociales qui d\u00e9veloppe des connaissances sur les conditions de participation \u00e0 la vie professionnelle, la vie organisationnelle, la soci\u00e9t\u00e9 et la politique, les liens entre politique et conditions de vie, ainsi que les questions de d\u00e9mocratie, de d\u00e9veloppement et de cr\u00e9ation de valeur.<\/p>\n<h2 class=\"wp-block-heading\">La Pologne a chang\u00e9, la Norv\u00e8ge aussi<\/h2>\n<p>Les Polonais constituent toujours le plus grand groupe d&#39;immigr\u00e9s en Norv\u00e8ge, avec environ 217 000 travailleurs migrants d&#39;Europe centrale et orientale qui vivent actuellement ici. Pourtant, nombreux sont ceux qui rentrent chez eux.<\/p>\n<p>Le d\u00e9veloppement \u00e9conomique rapide de la Pologne en est une des principales raisons. Le pays a tripl\u00e9 son PIB par habitant en 30 ans, le ch\u00f4mage est tomb\u00e9 \u00e0 3 pour cent et son pouvoir d&#39;achat se rapproche de celui du Japon.<\/p>\n<p>\u00ab Le march\u00e9 boursier polonais a connu une forte hausse et l&#39;optimisme grandit quant \u00e0 sa capacit\u00e9 \u00e0 devenir l&#39;une des \u00e9conomies les plus robustes et dynamiques de l&#39;Union europ\u00e9enne \u00bb, indique cet article de Deutsche Welle.<\/p>\n<p>En termes simples, d\u00e9m\u00e9nager en Norv\u00e8ge n\u2019offre plus le m\u00eame avantage financier.<\/p>\n<p>Dans le m\u00eame temps, la couronne norv\u00e9gienne s\u2019est consid\u00e9rablement affaiblie. Au cours de la derni\u00e8re d\u00e9cennie, il a perdu plus de 40 pour cent de sa valeur par rapport au zloty polonais, ce qui fait que les salaires en Norv\u00e8ge ont moins de valeur lorsqu&#39;ils sont renvoy\u00e9s chez eux ou \u00e9pargn\u00e9s.<\/p>\n<h2 class=\"wp-block-heading\">Les plus instruits partent en premier<\/h2>\n<p>Une nouvelle \u00e9tude d&#39;OsloMet portant sur 300 000 travailleurs migrants a r\u00e9v\u00e9l\u00e9 que ceux qui ont les niveaux d&#39;\u00e9ducation les plus \u00e9lev\u00e9s sont les plus susceptibles de quitter \u00e0 nouveau la Norv\u00e8ge.<\/p>\n<p>Les chercheurs sugg\u00e8rent que les travailleurs qualifi\u00e9s ont d\u00e9sormais des opportunit\u00e9s int\u00e9ressantes ailleurs en Europe, o\u00f9 les salaires peuvent \u00eatre comp\u00e9titifs et o\u00f9 le soutien \u00e0 l&#39;int\u00e9gration est souvent plus fort.<\/p>\n<h2 class=\"wp-block-heading\">Les lacunes d&#39;int\u00e9gration ont jou\u00e9 un r\u00f4le<\/h2>\n<p>Pendant 20 ans, la politique norv\u00e9gienne a suppos\u00e9 que \u00ab le travail \u00e9quivaut \u00e0 l\u2019int\u00e9gration \u00bb. Les travailleurs migrants de l\u2019UE \u00e9taient cens\u00e9s se d\u00e9brouiller seuls, sans programme d\u2019introduction ni droit \u00e0 des cours de norv\u00e9gien gratuits.<\/p>\n<p>Les chercheurs du Fafo affirment d\u00e9sormais que cette approche s\u2019est retourn\u00e9e contre eux. De nombreux migrants travaillant dans des secteurs physiquement exigeants et \u00e0 bas salaires d\u00e9clarent se sentir comme des \u00ab citoyens de seconde zone \u00bb, participant \u00e0 la soci\u00e9t\u00e9 mais jamais pleinement int\u00e9gr\u00e9s. Ces exp\u00e9riences peuvent encourager les gens \u00e0 construire un avenir ailleurs.<\/p>\n<h2 class=\"wp-block-heading\">Une concurrence pour le travail \u00e0 l\u2019\u00e9chelle europ\u00e9enne<\/h2>\n<p>Le changement de la Norv\u00e8ge ne se produit pas de mani\u00e8re isol\u00e9e. Presque tous les pays d\u2019Europe sont confront\u00e9s \u00e0 une p\u00e9nurie de main-d\u2019\u0153uvre. Selon des enqu\u00eates europ\u00e9ennes, 99 pour cent des entreprises d\u00e9clarent avoir des difficult\u00e9s \u00e0 recruter les comp\u00e9tences ad\u00e9quates.<\/p>\n<p>La Pologne, autrefois une source importante de main-d\u2019\u0153uvre, est elle-m\u00eame devenue un pays de destination. Cela soul\u00e8ve une question difficile pour la Norv\u00e8ge : lorsque la construction reprendra, lorsque l\u2019industrie se d\u00e9veloppera et lorsque la population vieillissante augmentera la demande de travailleurs de la sant\u00e9 et des soins, d\u2019o\u00f9 viendra la main-d\u2019\u0153uvre ?<\/p>\n<h2 class=\"wp-block-heading\">L\u2019immigration a fortement chut\u00e9 en 2024<\/h2>\n<p>Le tableau plus large de la migration ajoute du contexte. Selon Statistique Norv\u00e8ge, l\u2019immigration a chut\u00e9 de 30 % en 2024.<\/p>\n<p>Moins d\u2019Ukrainiens sont arriv\u00e9s qu\u2019au cours des deux ann\u00e9es pr\u00e9c\u00e9dentes, m\u00eame si les r\u00e9fugi\u00e9s repr\u00e9sentent toujours une part historique de l\u2019immigration totale. Les Ukrainiens constituent d\u00e9sormais le deuxi\u00e8me groupe d\u2019immigr\u00e9s en Norv\u00e8ge, apr\u00e8s les Polonais.<\/p>\n<p>L&#39;immigration professionnelle et familiale a \u00e9galement diminu\u00e9, et SSB note que certains migrants de l&#39;EEE pourraient ne pas \u00eatre pleinement enregistr\u00e9s, ce qui ajoute \u00e0 l&#39;incertitude des chiffres.<\/p>\n<h2 class=\"wp-block-heading\">Que se passe-t-il ensuite ?<\/h2>\n<p>La Norv\u00e8ge entre dans une nouvelle phase o\u00f9 la migration de main-d\u2019\u0153uvre ne peut plus \u00eatre consid\u00e9r\u00e9e comme acquise. Les changements \u00e9conomiques en Europe, une couronne plus faible et des lacunes dans la politique d&#39;int\u00e9gration signifient que moins de personnes choisissent la Norv\u00e8ge comme lieu de construction de leur vie.<\/p>\n<p>Les chercheurs pr\u00e9viennent que si la Norv\u00e8ge souhaite que les gens viennent et restent, il sera plus important que jamais d\u2019am\u00e9liorer l\u2019int\u00e9gration et les conditions de travail.<\/p>\n<\/p><\/div>\n","protected":false},"excerpt":{"rendered":"<p>De nouvelles recherches montrent que beaucoup moins de personnes \u00e9trang\u00e8res choisissent de travailler en Norv\u00e8ge, marquant un changement majeur dans une tendance qui a fa\u00e7onn\u00e9<\/p>\n","protected":false},"author":1,"featured_media":5129,"comment_status":"","ping_status":"","sticky":false,"template":"","format":"standard","meta":{"footnotes":""},"categories":[2277],"tags":[566,703,6,5437,2059,5439],"yoast_head":"<!-- This site is optimized with the Yoast SEO plugin v21.0 - https:\/\/yoast.com\/wordpress\/plugins\/seo\/ -->\n<title>Moins de travailleurs \u00e9trangers veulent venir en Norv\u00e8ge<\/title>\n<meta name=\"robots\" content=\"index, follow, max-snippet:-1, max-image-preview:large, max-video-preview:-1\" \/>\n<link rel=\"canonical\" href=\"https:\/\/www.svalbard.fr\/actualites\/moins-de-travailleurs-etrangers-veulent-venir-en-norvege\/\" \/>\n<meta property=\"og:locale\" content=\"fr_FR\" \/>\n<meta property=\"og:type\" content=\"article\" \/>\n<meta property=\"og:title\" content=\"Moins de travailleurs \u00e9trangers veulent venir en Norv\u00e8ge\" \/>\n<meta property=\"og:description\" content=\"De nouvelles recherches montrent que beaucoup moins de personnes \u00e9trang\u00e8res choisissent de travailler en Norv\u00e8ge, marquant un changement majeur dans une tendance qui a fa\u00e7onn\u00e9\" \/>\n<meta property=\"og:url\" content=\"https:\/\/www.svalbard.fr\/actualites\/moins-de-travailleurs-etrangers-veulent-venir-en-norvege\/\" \/>\n<meta property=\"og:site_name\" content=\"www.Svalbard.fr\" \/>\n<meta property=\"article:published_time\" content=\"2025-12-11T06:56:54+00:00\" \/>\n<meta property=\"og:image\" content=\"https:\/\/www.svalbard.fr\/actualites\/wp-content\/uploads\/2025\/12\/Moins-de-travailleurs-etrangers-veulent-venir-en-Norvege.jpg\" \/>\n<meta name=\"author\" content=\"Hilmar\" \/>\n<meta name=\"twitter:card\" content=\"summary_large_image\" \/>\n<meta name=\"twitter:label1\" content=\"\u00c9crit par\" \/>\n\t<meta name=\"twitter:data1\" content=\"Hilmar\" \/>\n\t<meta name=\"twitter:label2\" content=\"Dur\u00e9e de lecture estim\u00e9e\" \/>\n\t<meta name=\"twitter:data2\" content=\"4 minutes\" \/>\n<script type=\"application\/ld+json\" class=\"yoast-schema-graph\">{\"@context\":\"https:\/\/schema.org\",\"@graph\":[{\"@type\":\"Article\",\"@id\":\"https:\/\/www.svalbard.fr\/actualites\/moins-de-travailleurs-etrangers-veulent-venir-en-norvege\/#article\",\"isPartOf\":{\"@id\":\"https:\/\/www.svalbard.fr\/actualites\/moins-de-travailleurs-etrangers-veulent-venir-en-norvege\/\"},\"author\":{\"name\":\"Hilmar\",\"@id\":\"https:\/\/www.svalbard.fr\/actualites\/#\/schema\/person\/a2f937d5712222366738fae98755c600\"},\"headline\":\"Moins de travailleurs \u00e9trangers veulent venir en Norv\u00e8ge\",\"datePublished\":\"2025-12-11T06:56:54+00:00\",\"dateModified\":\"2025-12-11T06:56:54+00:00\",\"mainEntityOfPage\":{\"@id\":\"https:\/\/www.svalbard.fr\/actualites\/moins-de-travailleurs-etrangers-veulent-venir-en-norvege\/\"},\"wordCount\":885,\"publisher\":{\"@id\":\"https:\/\/www.svalbard.fr\/actualites\/#organization\"},\"keywords\":[\"\u00e9trangers\",\"moins\",\"Norv\u00e8ge\",\"travailleurs\",\"venir\",\"veulent\"],\"inLanguage\":\"fr-FR\"},{\"@type\":\"WebPage\",\"@id\":\"https:\/\/www.svalbard.fr\/actualites\/moins-de-travailleurs-etrangers-veulent-venir-en-norvege\/\",\"url\":\"https:\/\/www.svalbard.fr\/actualites\/moins-de-travailleurs-etrangers-veulent-venir-en-norvege\/\",\"name\":\"Moins de travailleurs \u00e9trangers veulent venir en Norv\u00e8ge\",\"isPartOf\":{\"@id\":\"https:\/\/www.svalbard.fr\/actualites\/#website\"},\"datePublished\":\"2025-12-11T06:56:54+00:00\",\"dateModified\":\"2025-12-11T06:56:54+00:00\",\"breadcrumb\":{\"@id\":\"https:\/\/www.svalbard.fr\/actualites\/moins-de-travailleurs-etrangers-veulent-venir-en-norvege\/#breadcrumb\"},\"inLanguage\":\"fr-FR\",\"potentialAction\":[{\"@type\":\"ReadAction\",\"target\":[\"https:\/\/www.svalbard.fr\/actualites\/moins-de-travailleurs-etrangers-veulent-venir-en-norvege\/\"]}]},{\"@type\":\"BreadcrumbList\",\"@id\":\"https:\/\/www.svalbard.fr\/actualites\/moins-de-travailleurs-etrangers-veulent-venir-en-norvege\/#breadcrumb\",\"itemListElement\":[{\"@type\":\"ListItem\",\"position\":1,\"name\":\"Accueil\",\"item\":\"https:\/\/www.svalbard.fr\/actualites\/\"},{\"@type\":\"ListItem\",\"position\":2,\"name\":\"Moins de travailleurs \u00e9trangers veulent venir en Norv\u00e8ge\"}]},{\"@type\":\"WebSite\",\"@id\":\"https:\/\/www.svalbard.fr\/actualites\/#website\",\"url\":\"https:\/\/www.svalbard.fr\/actualites\/\",\"name\":\"www.Svalbard.fr\",\"description\":\"\",\"publisher\":{\"@id\":\"https:\/\/www.svalbard.fr\/actualites\/#organization\"},\"potentialAction\":[{\"@type\":\"SearchAction\",\"target\":{\"@type\":\"EntryPoint\",\"urlTemplate\":\"https:\/\/www.svalbard.fr\/actualites\/?s={search_term_string}\"},\"query-input\":\"required name=search_term_string\"}],\"inLanguage\":\"fr-FR\"},{\"@type\":\"Organization\",\"@id\":\"https:\/\/www.svalbard.fr\/actualites\/#organization\",\"name\":\"www.Svalbard.fr\",\"url\":\"https:\/\/www.svalbard.fr\/actualites\/\",\"logo\":{\"@type\":\"ImageObject\",\"inLanguage\":\"fr-FR\",\"@id\":\"https:\/\/www.svalbard.fr\/actualites\/#\/schema\/logo\/image\/\",\"url\":\"https:\/\/www.svalbard.fr\/actualites\/wp-content\/uploads\/2023\/09\/head-nom.jpg\",\"contentUrl\":\"https:\/\/www.svalbard.fr\/actualites\/wp-content\/uploads\/2023\/09\/head-nom.jpg\",\"width\":264,\"height\":35,\"caption\":\"www.Svalbard.fr\"},\"image\":{\"@id\":\"https:\/\/www.svalbard.fr\/actualites\/#\/schema\/logo\/image\/\"}},{\"@type\":\"Person\",\"@id\":\"https:\/\/www.svalbard.fr\/actualites\/#\/schema\/person\/a2f937d5712222366738fae98755c600\",\"name\":\"Hilmar\",\"image\":{\"@type\":\"ImageObject\",\"inLanguage\":\"fr-FR\",\"@id\":\"https:\/\/www.svalbard.fr\/actualites\/#\/schema\/person\/image\/\",\"url\":\"https:\/\/secure.gravatar.com\/avatar\/4daa437093476dbc32da415c112b6512?s=96&d=mm&r=g\",\"contentUrl\":\"https:\/\/secure.gravatar.com\/avatar\/4daa437093476dbc32da415c112b6512?s=96&d=mm&r=g\",\"caption\":\"Hilmar\"},\"description\":\"Hilmar est un passionn\u00e9 des r\u00e9gions polaires, sp\u00e9cialis\u00e9 dans la r\u00e9daction d'articles sur le Spitzberg et autres destinations arctiques. Il apporte son expertise et sa passion pour l'Arctique au sein de l'\u00e9quipe de r\u00e9daction de Svalbard depuis de nombreuses ann\u00e9es.\",\"sameAs\":[\"https:\/\/www.svalbard.fr\/\"]}]}<\/script>\n<!-- \/ Yoast SEO plugin. -->","yoast_head_json":{"title":"Moins de travailleurs \u00e9trangers veulent venir en Norv\u00e8ge","robots":{"index":"index","follow":"follow","max-snippet":"max-snippet:-1","max-image-preview":"max-image-preview:large","max-video-preview":"max-video-preview:-1"},"canonical":"https:\/\/www.svalbard.fr\/actualites\/moins-de-travailleurs-etrangers-veulent-venir-en-norvege\/","og_locale":"fr_FR","og_type":"article","og_title":"Moins de travailleurs \u00e9trangers veulent venir en Norv\u00e8ge","og_description":"De nouvelles recherches montrent que beaucoup moins de personnes \u00e9trang\u00e8res choisissent de travailler en Norv\u00e8ge, marquant un changement majeur dans une tendance qui a fa\u00e7onn\u00e9","og_url":"https:\/\/www.svalbard.fr\/actualites\/moins-de-travailleurs-etrangers-veulent-venir-en-norvege\/","og_site_name":"www.Svalbard.fr","article_published_time":"2025-12-11T06:56:54+00:00","og_image":[{"url":"https:\/\/www.svalbard.fr\/actualites\/wp-content\/uploads\/2025\/12\/Moins-de-travailleurs-etrangers-veulent-venir-en-Norvege.jpg"}],"author":"Hilmar","twitter_card":"summary_large_image","twitter_misc":{"\u00c9crit par":"Hilmar","Dur\u00e9e de lecture estim\u00e9e":"4 minutes"},"schema":{"@context":"https:\/\/schema.org","@graph":[{"@type":"Article","@id":"https:\/\/www.svalbard.fr\/actualites\/moins-de-travailleurs-etrangers-veulent-venir-en-norvege\/#article","isPartOf":{"@id":"https:\/\/www.svalbard.fr\/actualites\/moins-de-travailleurs-etrangers-veulent-venir-en-norvege\/"},"author":{"name":"Hilmar","@id":"https:\/\/www.svalbard.fr\/actualites\/#\/schema\/person\/a2f937d5712222366738fae98755c600"},"headline":"Moins de travailleurs \u00e9trangers veulent venir en Norv\u00e8ge","datePublished":"2025-12-11T06:56:54+00:00","dateModified":"2025-12-11T06:56:54+00:00","mainEntityOfPage":{"@id":"https:\/\/www.svalbard.fr\/actualites\/moins-de-travailleurs-etrangers-veulent-venir-en-norvege\/"},"wordCount":885,"publisher":{"@id":"https:\/\/www.svalbard.fr\/actualites\/#organization"},"keywords":["\u00e9trangers","moins","Norv\u00e8ge","travailleurs","venir","veulent"],"inLanguage":"fr-FR"},{"@type":"WebPage","@id":"https:\/\/www.svalbard.fr\/actualites\/moins-de-travailleurs-etrangers-veulent-venir-en-norvege\/","url":"https:\/\/www.svalbard.fr\/actualites\/moins-de-travailleurs-etrangers-veulent-venir-en-norvege\/","name":"Moins de travailleurs \u00e9trangers veulent venir en Norv\u00e8ge","isPartOf":{"@id":"https:\/\/www.svalbard.fr\/actualites\/#website"},"datePublished":"2025-12-11T06:56:54+00:00","dateModified":"2025-12-11T06:56:54+00:00","breadcrumb":{"@id":"https:\/\/www.svalbard.fr\/actualites\/moins-de-travailleurs-etrangers-veulent-venir-en-norvege\/#breadcrumb"},"inLanguage":"fr-FR","potentialAction":[{"@type":"ReadAction","target":["https:\/\/www.svalbard.fr\/actualites\/moins-de-travailleurs-etrangers-veulent-venir-en-norvege\/"]}]},{"@type":"BreadcrumbList","@id":"https:\/\/www.svalbard.fr\/actualites\/moins-de-travailleurs-etrangers-veulent-venir-en-norvege\/#breadcrumb","itemListElement":[{"@type":"ListItem","position":1,"name":"Accueil","item":"https:\/\/www.svalbard.fr\/actualites\/"},{"@type":"ListItem","position":2,"name":"Moins de travailleurs \u00e9trangers veulent venir en Norv\u00e8ge"}]},{"@type":"WebSite","@id":"https:\/\/www.svalbard.fr\/actualites\/#website","url":"https:\/\/www.svalbard.fr\/actualites\/","name":"www.Svalbard.fr","description":"","publisher":{"@id":"https:\/\/www.svalbard.fr\/actualites\/#organization"},"potentialAction":[{"@type":"SearchAction","target":{"@type":"EntryPoint","urlTemplate":"https:\/\/www.svalbard.fr\/actualites\/?s={search_term_string}"},"query-input":"required name=search_term_string"}],"inLanguage":"fr-FR"},{"@type":"Organization","@id":"https:\/\/www.svalbard.fr\/actualites\/#organization","name":"www.Svalbard.fr","url":"https:\/\/www.svalbard.fr\/actualites\/","logo":{"@type":"ImageObject","inLanguage":"fr-FR","@id":"https:\/\/www.svalbard.fr\/actualites\/#\/schema\/logo\/image\/","url":"https:\/\/www.svalbard.fr\/actualites\/wp-content\/uploads\/2023\/09\/head-nom.jpg","contentUrl":"https:\/\/www.svalbard.fr\/actualites\/wp-content\/uploads\/2023\/09\/head-nom.jpg","width":264,"height":35,"caption":"www.Svalbard.fr"},"image":{"@id":"https:\/\/www.svalbard.fr\/actualites\/#\/schema\/logo\/image\/"}},{"@type":"Person","@id":"https:\/\/www.svalbard.fr\/actualites\/#\/schema\/person\/a2f937d5712222366738fae98755c600","name":"Hilmar","image":{"@type":"ImageObject","inLanguage":"fr-FR","@id":"https:\/\/www.svalbard.fr\/actualites\/#\/schema\/person\/image\/","url":"https:\/\/secure.gravatar.com\/avatar\/4daa437093476dbc32da415c112b6512?s=96&d=mm&r=g","contentUrl":"https:\/\/secure.gravatar.com\/avatar\/4daa437093476dbc32da415c112b6512?s=96&d=mm&r=g","caption":"Hilmar"},"description":"Hilmar est un passionn\u00e9 des r\u00e9gions polaires, sp\u00e9cialis\u00e9 dans la r\u00e9daction d'articles sur le Spitzberg et autres destinations arctiques. Il apporte son expertise et sa passion pour l'Arctique au sein de l'\u00e9quipe de r\u00e9daction de Svalbard depuis de nombreuses ann\u00e9es.","sameAs":["https:\/\/www.svalbard.fr\/"]}]}},"_links":{"self":[{"href":"https:\/\/www.svalbard.fr\/actualites\/wp-json\/wp\/v2\/posts\/5128"}],"collection":[{"href":"https:\/\/www.svalbard.fr\/actualites\/wp-json\/wp\/v2\/posts"}],"about":[{"href":"https:\/\/www.svalbard.fr\/actualites\/wp-json\/wp\/v2\/types\/post"}],"author":[{"embeddable":true,"href":"https:\/\/www.svalbard.fr\/actualites\/wp-json\/wp\/v2\/users\/1"}],"replies":[{"embeddable":true,"href":"https:\/\/www.svalbard.fr\/actualites\/wp-json\/wp\/v2\/comments?post=5128"}],"version-history":[{"count":0,"href":"https:\/\/www.svalbard.fr\/actualites\/wp-json\/wp\/v2\/posts\/5128\/revisions"}],"wp:featuredmedia":[{"embeddable":true,"href":"https:\/\/www.svalbard.fr\/actualites\/wp-json\/wp\/v2\/media\/5129"}],"wp:attachment":[{"href":"https:\/\/www.svalbard.fr\/actualites\/wp-json\/wp\/v2\/media?parent=5128"}],"wp:term":[{"taxonomy":"category","embeddable":true,"href":"https:\/\/www.svalbard.fr\/actualites\/wp-json\/wp\/v2\/categories?post=5128"},{"taxonomy":"post_tag","embeddable":true,"href":"https:\/\/www.svalbard.fr\/actualites\/wp-json\/wp\/v2\/tags?post=5128"}],"curies":[{"name":"wp","href":"https:\/\/api.w.org\/{rel}","templated":true}]}}