{"id":5132,"date":"2025-12-15T13:57:12","date_gmt":"2025-12-15T12:57:12","guid":{"rendered":"https:\/\/www.svalbard.fr\/actualites\/le-flying-ferry-revient-dans-le-fjord-de-trondheim-apres-55-ans\/"},"modified":"2025-12-15T13:57:12","modified_gmt":"2025-12-15T12:57:12","slug":"le-flying-ferry-revient-dans-le-fjord-de-trondheim-apres-55-ans","status":"publish","type":"post","link":"https:\/\/www.svalbard.fr\/actualites\/le-flying-ferry-revient-dans-le-fjord-de-trondheim-apres-55-ans\/","title":{"rendered":"Le \u00ab Flying Ferry \u00bb revient dans le fjord de Trondheim apr\u00e8s 55 ans"},"content":{"rendered":"<div itemprop=\"text\">\n\t\t\t<span id=\"dpsp-post-content-markup\" data-image-pin-it=\"false\"><\/span><\/p>\n<p class=\"intro\">Un ferry hydropt\u00e8re \u00e9lectrique capable de r\u00e9duire les temps de trajet de plusieurs heures a commenc\u00e9 une op\u00e9ration d&#39;essai \u00e0 travers le Trondheimsfjord, relan\u00e7ant une route de passagers perdue depuis longtemps et r\u00e9introduisant des \u00ab ferries volants \u00bb sur les voies navigables de la ville.<\/p>\n<p>\u00c0 partir de la mi-d\u00e9cembre, le Candela P-12, le premier ferry \u00e0 passagers hydropt\u00e8re \u00e9lectrique au monde, fonctionnera entre Frosta Brygge et Trondheim dans le cadre du projet Frostab\u00e5ten. L\u2019essai se poursuivra jusqu\u2019en janvier et d\u2019autres tests sont pr\u00e9vus jusqu\u2019en 2026.<\/p>\n<figure class=\"wp-block-image size-large\"><img data-lazyloaded=\"1\" data-placeholder-resp=\"768x432\" fetchpriority=\"high\" decoding=\"async\" width=\"768\" height=\"432\" src=\"https:\/\/www.svalbard.fr\/actualites\/wp-content\/uploads\/2025\/12\/Le-Flying-Ferry-revient-dans-le-fjord-de.jpg\" alt=\"Candela P-12. Photo : Cand\u00e9la.\" class=\"wp-image-85199\"  data-><noscript><img fetchpriority=\"high\" decoding=\"async\" width=\"768\" height=\"432\" src=\"https:\/\/www.svalbard.fr\/actualites\/wp-content\/uploads\/2025\/12\/Le-Flying-Ferry-revient-dans-le-fjord-de.jpg\" alt=\"Candela P-12. Photo : Cand\u00e9la.\" class=\"wp-image-85199\"  ><\/noscript><\/figure>\n<p>L&#39;itin\u00e9raire relie Frosta \u00e0 Trondheim par voie fluviale pour la premi\u00e8re fois depuis 1970. Aujourd&#39;hui, les habitants de la communaut\u00e9 baln\u00e9aire en pleine croissance doivent compter sur le transport routier, faisant face \u00e0 des trajets allant jusqu&#39;\u00e0 90 minutes dans chaque sens.<\/p>\n<p>En traversant directement le fjord, un tel service r\u00e9duirait le temps de trajet \u00e0 environ 30 minutes, ce qui permettrait aux navetteurs d&#39;\u00e9conomiser pr\u00e8s de deux heures par jour.<\/p>\n<h2 class=\"wp-block-heading\">Une version moderne d&#39;une route historique<\/h2>\n<p>Les ferries rapides ne sont pas nouveaux \u00e0 Trondheim. L&#39;itin\u00e9raire a \u00e9t\u00e9 exploit\u00e9 pour la derni\u00e8re fois en 1970 \u00e0 l&#39;aide d&#39;un hydropt\u00e8re PT-20 \u00e0 moteur diesel, qui offrait des travers\u00e9es rapides mais s&#39;est av\u00e9r\u00e9 trop co\u00fbteux \u00e0 exploiter. Les co\u00fbts \u00e9lev\u00e9s du carburant ont finalement rendu le service non viable, en particulier \u00e0 mesure que l&#39;infrastructure routi\u00e8re s&#39;am\u00e9liorait.<\/p>\n<p class=\"wp-embed-aspect-16-9 wp-has-aspect-ratio\">Le Candela P-12 vise \u00e0 r\u00e9soudre le m\u00eame probl\u00e8me avec une technologie tr\u00e8s diff\u00e9rente. \u00c0 l\u2019aide d\u2019hydropt\u00e8res contr\u00f4l\u00e9s par ordinateur, le navire \u00e9l\u00e8ve sa coque hors de l\u2019eau une fois en route, r\u00e9duisant ainsi consid\u00e9rablement la tra\u00een\u00e9e.<\/p>\n<p><iframe loading=\"lazy\" title=\"Candela P-12 taking off | 100% electric hydrofoiling passenger vessel\" width=\"1200\" height=\"675\" src=\"https:\/\/www.youtube.com\/embed\/XSkjdfaHxhw?feature=oembed\" frameborder=\"0\" allow=\"accelerometer; autoplay; clipboard-write; encrypted-media; gyroscope; picture-in-picture; web-share\" referrerpolicy=\"strict-origin-when-cross-origin\" allowfullscreen><\/iframe><\/p>\n<p class=\"wp-embed-aspect-16-9 wp-has-aspect-ratio\">Selon Candela, cela r\u00e9duit la consommation d&#39;\u00e9nergie d&#39;environ 80 pour cent par rapport aux ferries rapides conventionnels.<\/p>\n<p>\u00ab Nous ramenons des hydravions \u00e0 Trondheim, mais cette fois ils sont \u00e9lectriques, silencieux et bien plus efficaces \u00bb, explique Alexander Sifvert, responsable des op\u00e9rations europ\u00e9ennes de Candela.<\/p>\n<h2 class=\"wp-block-heading\">Plus rapide, plus silencieux et moins cher \u00e0 utiliser<\/h2>\n<p>Le P-12 navigue \u00e0 une vitesse de 25 n\u0153uds et dispose d&#39;une autonomie enti\u00e8rement \u00e9lectrique de 40 milles marins, ce qui en fait le navire \u00e0 passagers \u00e9lectrique le plus rapide et le plus long actuellement en service.<\/p>\n<p>Contrairement aux ferries rapides \u00e9lectriques traditionnels, qui n\u00e9cessitent souvent une infrastructure de recharge importante et co\u00fbteuse, le P-12 peut \u00eatre recharg\u00e9 \u00e0 l\u2019aide d\u2019un chargeur CC relativement simple, similaire \u00e0 ceux utilis\u00e9s pour les voitures \u00e9lectriques.<\/p>\n<p>Cela est particuli\u00e8rement important en Norv\u00e8ge, o\u00f9 l\u2019\u00e9lectrification des routes maritimes \u00e0 grande vitesse s\u2019est av\u00e9r\u00e9e difficile malgr\u00e9 un fort soutien politique en faveur des fjords z\u00e9ro \u00e9mission.<\/p>\n<figure class=\"wp-block-image size-large\"><img loading=\"lazy\" data-lazyloaded=\"1\" data-placeholder-resp=\"768x432\" decoding=\"async\" width=\"768\" height=\"432\" src=\"https:\/\/www.svalbard.fr\/actualites\/wp-content\/uploads\/2025\/12\/1765803432_24_Le-Flying-Ferry-revient-dans-le-fjord-de.jpg\" alt=\"Candela P12 en test. Photo : Cand\u00e9la.\" class=\"wp-image-85200\"  data-><noscript><img loading=\"lazy\" decoding=\"async\" width=\"768\" height=\"432\" src=\"https:\/\/www.svalbard.fr\/actualites\/wp-content\/uploads\/2025\/12\/1765803432_24_Le-Flying-Ferry-revient-dans-le-fjord-de.jpg\" alt=\"Candela P12 en test. Photo : Cand\u00e9la.\" class=\"wp-image-85200\"  ><\/noscript><\/figure>\n<p>Les conceptions de coque conventionnelles consomment de grandes quantit\u00e9s d\u2019\u00e9nergie \u00e0 grande vitesse, ce qui limite la port\u00e9e et augmente les co\u00fbts. En r\u00e9duisant la tra\u00een\u00e9e, les hydropt\u00e8res permettent de contourner ce goulot d&#39;\u00e9tranglement.<\/p>\n<p>Les co\u00fbts de l&#39;\u00e9lectricit\u00e9 sont \u00e9galement faibles dans la r\u00e9gion de Trondheim, o\u00f9 l&#39;hydro\u00e9lectricit\u00e9 domine le mix \u00e9nerg\u00e9tique. Ensemble, ces facteurs rapprochent les co\u00fbts d\u2019exploitation de ceux des transports publics terrestres tels que les bus.<\/p>\n<h2 class=\"wp-block-heading\">Tester l\u2019avenir du transport dans les fjords<\/h2>\n<p>Le projet Frostab\u00e5ten est une collaboration entre le promoteur immobilier Frosta Brygge, NTNU, le port de Trondheim, l&#39;Ocean Autonomy Cluster et les autorit\u00e9s r\u00e9gionales et municipales. Le Shore Control Lab de NTNU sera \u00e9galement impliqu\u00e9, soutenant la recherche sur les op\u00e9rations et les applications futures.<\/p>\n<p>Alors que les premiers tests commencent \u00e0 la mi-d\u00e9cembre, les tests approfondis devraient se poursuivre jusqu&#39;en janvier 2026. L&#39;objectif est d&#39;\u00e9valuer non seulement la technologie elle-m\u00eame, mais aussi la mani\u00e8re dont les ferries \u00e9lectriques \u00e0 hydropt\u00e8res pourraient s&#39;int\u00e9grer dans le r\u00e9seau de transport plus large de la Norv\u00e8ge.<\/p>\n<\/p><\/div>\n","protected":false},"excerpt":{"rendered":"<p>Un ferry hydropt\u00e8re \u00e9lectrique capable de r\u00e9duire les temps de trajet de plusieurs heures a commenc\u00e9 une op\u00e9ration d&#39;essai \u00e0 travers le Trondheimsfjord, relan\u00e7ant une<\/p>\n","protected":false},"author":1,"featured_media":5133,"comment_status":"","ping_status":"","sticky":false,"template":"","format":"standard","meta":{"footnotes":""},"categories":[2277],"tags":[141,73,54,1010,1020,5443,5335,614],"yoast_head":"<!-- This site is optimized with the Yoast SEO plugin v21.0 - https:\/\/yoast.com\/wordpress\/plugins\/seo\/ -->\n<title>Le \u00ab Flying Ferry \u00bb revient dans le fjord de Trondheim apr\u00e8s 55 ans<\/title>\n<meta name=\"robots\" content=\"index, follow, max-snippet:-1, max-image-preview:large, max-video-preview:-1\" \/>\n<link rel=\"canonical\" href=\"https:\/\/www.svalbard.fr\/actualites\/le-flying-ferry-revient-dans-le-fjord-de-trondheim-apres-55-ans\/\" \/>\n<meta property=\"og:locale\" content=\"fr_FR\" \/>\n<meta property=\"og:type\" content=\"article\" \/>\n<meta property=\"og:title\" content=\"Le \u00ab Flying Ferry \u00bb revient dans le fjord de Trondheim apr\u00e8s 55 ans\" \/>\n<meta property=\"og:description\" content=\"Un ferry hydropt\u00e8re \u00e9lectrique capable de r\u00e9duire les temps de trajet de plusieurs heures a commenc\u00e9 une op\u00e9ration d&#039;essai \u00e0 travers le Trondheimsfjord, relan\u00e7ant une\" \/>\n<meta property=\"og:url\" content=\"https:\/\/www.svalbard.fr\/actualites\/le-flying-ferry-revient-dans-le-fjord-de-trondheim-apres-55-ans\/\" \/>\n<meta property=\"og:site_name\" content=\"www.Svalbard.fr\" \/>\n<meta property=\"article:published_time\" content=\"2025-12-15T12:57:12+00:00\" \/>\n<meta property=\"og:image\" content=\"https:\/\/www.svalbard.fr\/actualites\/wp-content\/uploads\/2025\/12\/Le-Flying-Ferry-revient-dans-le-fjord-de.jpg\" \/>\n<meta name=\"author\" content=\"Hilmar\" \/>\n<meta name=\"twitter:card\" content=\"summary_large_image\" \/>\n<meta name=\"twitter:label1\" content=\"\u00c9crit par\" \/>\n\t<meta name=\"twitter:data1\" content=\"Hilmar\" \/>\n\t<meta name=\"twitter:label2\" content=\"Dur\u00e9e de lecture estim\u00e9e\" \/>\n\t<meta name=\"twitter:data2\" content=\"3 minutes\" \/>\n<script type=\"application\/ld+json\" class=\"yoast-schema-graph\">{\"@context\":\"https:\/\/schema.org\",\"@graph\":[{\"@type\":\"Article\",\"@id\":\"https:\/\/www.svalbard.fr\/actualites\/le-flying-ferry-revient-dans-le-fjord-de-trondheim-apres-55-ans\/#article\",\"isPartOf\":{\"@id\":\"https:\/\/www.svalbard.fr\/actualites\/le-flying-ferry-revient-dans-le-fjord-de-trondheim-apres-55-ans\/\"},\"author\":{\"name\":\"Hilmar\",\"@id\":\"https:\/\/www.svalbard.fr\/actualites\/#\/schema\/person\/a2f937d5712222366738fae98755c600\"},\"headline\":\"Le \u00ab Flying Ferry \u00bb revient dans le fjord de Trondheim apr\u00e8s 55 ans\",\"datePublished\":\"2025-12-15T12:57:12+00:00\",\"dateModified\":\"2025-12-15T12:57:12+00:00\",\"mainEntityOfPage\":{\"@id\":\"https:\/\/www.svalbard.fr\/actualites\/le-flying-ferry-revient-dans-le-fjord-de-trondheim-apres-55-ans\/\"},\"wordCount\":678,\"publisher\":{\"@id\":\"https:\/\/www.svalbard.fr\/actualites\/#organization\"},\"keywords\":[\"ans\",\"apr\u00e8s\",\"dans\",\"ferry\",\"fjord\",\"Flying\",\"revient\",\"Trondheim\"],\"inLanguage\":\"fr-FR\"},{\"@type\":\"WebPage\",\"@id\":\"https:\/\/www.svalbard.fr\/actualites\/le-flying-ferry-revient-dans-le-fjord-de-trondheim-apres-55-ans\/\",\"url\":\"https:\/\/www.svalbard.fr\/actualites\/le-flying-ferry-revient-dans-le-fjord-de-trondheim-apres-55-ans\/\",\"name\":\"Le \u00ab Flying Ferry \u00bb revient dans le fjord de Trondheim apr\u00e8s 55 ans\",\"isPartOf\":{\"@id\":\"https:\/\/www.svalbard.fr\/actualites\/#website\"},\"datePublished\":\"2025-12-15T12:57:12+00:00\",\"dateModified\":\"2025-12-15T12:57:12+00:00\",\"breadcrumb\":{\"@id\":\"https:\/\/www.svalbard.fr\/actualites\/le-flying-ferry-revient-dans-le-fjord-de-trondheim-apres-55-ans\/#breadcrumb\"},\"inLanguage\":\"fr-FR\",\"potentialAction\":[{\"@type\":\"ReadAction\",\"target\":[\"https:\/\/www.svalbard.fr\/actualites\/le-flying-ferry-revient-dans-le-fjord-de-trondheim-apres-55-ans\/\"]}]},{\"@type\":\"BreadcrumbList\",\"@id\":\"https:\/\/www.svalbard.fr\/actualites\/le-flying-ferry-revient-dans-le-fjord-de-trondheim-apres-55-ans\/#breadcrumb\",\"itemListElement\":[{\"@type\":\"ListItem\",\"position\":1,\"name\":\"Accueil\",\"item\":\"https:\/\/www.svalbard.fr\/actualites\/\"},{\"@type\":\"ListItem\",\"position\":2,\"name\":\"Le \u00ab Flying Ferry \u00bb revient dans le fjord de Trondheim apr\u00e8s 55 ans\"}]},{\"@type\":\"WebSite\",\"@id\":\"https:\/\/www.svalbard.fr\/actualites\/#website\",\"url\":\"https:\/\/www.svalbard.fr\/actualites\/\",\"name\":\"www.Svalbard.fr\",\"description\":\"\",\"publisher\":{\"@id\":\"https:\/\/www.svalbard.fr\/actualites\/#organization\"},\"potentialAction\":[{\"@type\":\"SearchAction\",\"target\":{\"@type\":\"EntryPoint\",\"urlTemplate\":\"https:\/\/www.svalbard.fr\/actualites\/?s={search_term_string}\"},\"query-input\":\"required name=search_term_string\"}],\"inLanguage\":\"fr-FR\"},{\"@type\":\"Organization\",\"@id\":\"https:\/\/www.svalbard.fr\/actualites\/#organization\",\"name\":\"www.Svalbard.fr\",\"url\":\"https:\/\/www.svalbard.fr\/actualites\/\",\"logo\":{\"@type\":\"ImageObject\",\"inLanguage\":\"fr-FR\",\"@id\":\"https:\/\/www.svalbard.fr\/actualites\/#\/schema\/logo\/image\/\",\"url\":\"https:\/\/www.svalbard.fr\/actualites\/wp-content\/uploads\/2023\/09\/head-nom.jpg\",\"contentUrl\":\"https:\/\/www.svalbard.fr\/actualites\/wp-content\/uploads\/2023\/09\/head-nom.jpg\",\"width\":264,\"height\":35,\"caption\":\"www.Svalbard.fr\"},\"image\":{\"@id\":\"https:\/\/www.svalbard.fr\/actualites\/#\/schema\/logo\/image\/\"}},{\"@type\":\"Person\",\"@id\":\"https:\/\/www.svalbard.fr\/actualites\/#\/schema\/person\/a2f937d5712222366738fae98755c600\",\"name\":\"Hilmar\",\"image\":{\"@type\":\"ImageObject\",\"inLanguage\":\"fr-FR\",\"@id\":\"https:\/\/www.svalbard.fr\/actualites\/#\/schema\/person\/image\/\",\"url\":\"https:\/\/secure.gravatar.com\/avatar\/4daa437093476dbc32da415c112b6512?s=96&d=mm&r=g\",\"contentUrl\":\"https:\/\/secure.gravatar.com\/avatar\/4daa437093476dbc32da415c112b6512?s=96&d=mm&r=g\",\"caption\":\"Hilmar\"},\"description\":\"Hilmar est un passionn\u00e9 des r\u00e9gions polaires, sp\u00e9cialis\u00e9 dans la r\u00e9daction d'articles sur le Spitzberg et autres destinations arctiques. Il apporte son expertise et sa passion pour l'Arctique au sein de l'\u00e9quipe de r\u00e9daction de Svalbard depuis de nombreuses ann\u00e9es.\",\"sameAs\":[\"https:\/\/www.svalbard.fr\/\"]}]}<\/script>\n<!-- \/ Yoast SEO plugin. -->","yoast_head_json":{"title":"Le \u00ab Flying Ferry \u00bb revient dans le fjord de Trondheim apr\u00e8s 55 ans","robots":{"index":"index","follow":"follow","max-snippet":"max-snippet:-1","max-image-preview":"max-image-preview:large","max-video-preview":"max-video-preview:-1"},"canonical":"https:\/\/www.svalbard.fr\/actualites\/le-flying-ferry-revient-dans-le-fjord-de-trondheim-apres-55-ans\/","og_locale":"fr_FR","og_type":"article","og_title":"Le \u00ab Flying Ferry \u00bb revient dans le fjord de Trondheim apr\u00e8s 55 ans","og_description":"Un ferry hydropt\u00e8re \u00e9lectrique capable de r\u00e9duire les temps de trajet de plusieurs heures a commenc\u00e9 une op\u00e9ration d&#39;essai \u00e0 travers le Trondheimsfjord, relan\u00e7ant une","og_url":"https:\/\/www.svalbard.fr\/actualites\/le-flying-ferry-revient-dans-le-fjord-de-trondheim-apres-55-ans\/","og_site_name":"www.Svalbard.fr","article_published_time":"2025-12-15T12:57:12+00:00","og_image":[{"url":"https:\/\/www.svalbard.fr\/actualites\/wp-content\/uploads\/2025\/12\/Le-Flying-Ferry-revient-dans-le-fjord-de.jpg"}],"author":"Hilmar","twitter_card":"summary_large_image","twitter_misc":{"\u00c9crit par":"Hilmar","Dur\u00e9e de lecture estim\u00e9e":"3 minutes"},"schema":{"@context":"https:\/\/schema.org","@graph":[{"@type":"Article","@id":"https:\/\/www.svalbard.fr\/actualites\/le-flying-ferry-revient-dans-le-fjord-de-trondheim-apres-55-ans\/#article","isPartOf":{"@id":"https:\/\/www.svalbard.fr\/actualites\/le-flying-ferry-revient-dans-le-fjord-de-trondheim-apres-55-ans\/"},"author":{"name":"Hilmar","@id":"https:\/\/www.svalbard.fr\/actualites\/#\/schema\/person\/a2f937d5712222366738fae98755c600"},"headline":"Le \u00ab Flying Ferry \u00bb revient dans le fjord de Trondheim apr\u00e8s 55 ans","datePublished":"2025-12-15T12:57:12+00:00","dateModified":"2025-12-15T12:57:12+00:00","mainEntityOfPage":{"@id":"https:\/\/www.svalbard.fr\/actualites\/le-flying-ferry-revient-dans-le-fjord-de-trondheim-apres-55-ans\/"},"wordCount":678,"publisher":{"@id":"https:\/\/www.svalbard.fr\/actualites\/#organization"},"keywords":["ans","apr\u00e8s","dans","ferry","fjord","Flying","revient","Trondheim"],"inLanguage":"fr-FR"},{"@type":"WebPage","@id":"https:\/\/www.svalbard.fr\/actualites\/le-flying-ferry-revient-dans-le-fjord-de-trondheim-apres-55-ans\/","url":"https:\/\/www.svalbard.fr\/actualites\/le-flying-ferry-revient-dans-le-fjord-de-trondheim-apres-55-ans\/","name":"Le \u00ab Flying Ferry \u00bb revient dans le fjord de Trondheim apr\u00e8s 55 ans","isPartOf":{"@id":"https:\/\/www.svalbard.fr\/actualites\/#website"},"datePublished":"2025-12-15T12:57:12+00:00","dateModified":"2025-12-15T12:57:12+00:00","breadcrumb":{"@id":"https:\/\/www.svalbard.fr\/actualites\/le-flying-ferry-revient-dans-le-fjord-de-trondheim-apres-55-ans\/#breadcrumb"},"inLanguage":"fr-FR","potentialAction":[{"@type":"ReadAction","target":["https:\/\/www.svalbard.fr\/actualites\/le-flying-ferry-revient-dans-le-fjord-de-trondheim-apres-55-ans\/"]}]},{"@type":"BreadcrumbList","@id":"https:\/\/www.svalbard.fr\/actualites\/le-flying-ferry-revient-dans-le-fjord-de-trondheim-apres-55-ans\/#breadcrumb","itemListElement":[{"@type":"ListItem","position":1,"name":"Accueil","item":"https:\/\/www.svalbard.fr\/actualites\/"},{"@type":"ListItem","position":2,"name":"Le \u00ab Flying Ferry \u00bb revient dans le fjord de Trondheim apr\u00e8s 55 ans"}]},{"@type":"WebSite","@id":"https:\/\/www.svalbard.fr\/actualites\/#website","url":"https:\/\/www.svalbard.fr\/actualites\/","name":"www.Svalbard.fr","description":"","publisher":{"@id":"https:\/\/www.svalbard.fr\/actualites\/#organization"},"potentialAction":[{"@type":"SearchAction","target":{"@type":"EntryPoint","urlTemplate":"https:\/\/www.svalbard.fr\/actualites\/?s={search_term_string}"},"query-input":"required name=search_term_string"}],"inLanguage":"fr-FR"},{"@type":"Organization","@id":"https:\/\/www.svalbard.fr\/actualites\/#organization","name":"www.Svalbard.fr","url":"https:\/\/www.svalbard.fr\/actualites\/","logo":{"@type":"ImageObject","inLanguage":"fr-FR","@id":"https:\/\/www.svalbard.fr\/actualites\/#\/schema\/logo\/image\/","url":"https:\/\/www.svalbard.fr\/actualites\/wp-content\/uploads\/2023\/09\/head-nom.jpg","contentUrl":"https:\/\/www.svalbard.fr\/actualites\/wp-content\/uploads\/2023\/09\/head-nom.jpg","width":264,"height":35,"caption":"www.Svalbard.fr"},"image":{"@id":"https:\/\/www.svalbard.fr\/actualites\/#\/schema\/logo\/image\/"}},{"@type":"Person","@id":"https:\/\/www.svalbard.fr\/actualites\/#\/schema\/person\/a2f937d5712222366738fae98755c600","name":"Hilmar","image":{"@type":"ImageObject","inLanguage":"fr-FR","@id":"https:\/\/www.svalbard.fr\/actualites\/#\/schema\/person\/image\/","url":"https:\/\/secure.gravatar.com\/avatar\/4daa437093476dbc32da415c112b6512?s=96&d=mm&r=g","contentUrl":"https:\/\/secure.gravatar.com\/avatar\/4daa437093476dbc32da415c112b6512?s=96&d=mm&r=g","caption":"Hilmar"},"description":"Hilmar est un passionn\u00e9 des r\u00e9gions polaires, sp\u00e9cialis\u00e9 dans la r\u00e9daction d'articles sur le Spitzberg et autres destinations arctiques. Il apporte son expertise et sa passion pour l'Arctique au sein de l'\u00e9quipe de r\u00e9daction de Svalbard depuis de nombreuses ann\u00e9es.","sameAs":["https:\/\/www.svalbard.fr\/"]}]}},"_links":{"self":[{"href":"https:\/\/www.svalbard.fr\/actualites\/wp-json\/wp\/v2\/posts\/5132"}],"collection":[{"href":"https:\/\/www.svalbard.fr\/actualites\/wp-json\/wp\/v2\/posts"}],"about":[{"href":"https:\/\/www.svalbard.fr\/actualites\/wp-json\/wp\/v2\/types\/post"}],"author":[{"embeddable":true,"href":"https:\/\/www.svalbard.fr\/actualites\/wp-json\/wp\/v2\/users\/1"}],"replies":[{"embeddable":true,"href":"https:\/\/www.svalbard.fr\/actualites\/wp-json\/wp\/v2\/comments?post=5132"}],"version-history":[{"count":0,"href":"https:\/\/www.svalbard.fr\/actualites\/wp-json\/wp\/v2\/posts\/5132\/revisions"}],"wp:featuredmedia":[{"embeddable":true,"href":"https:\/\/www.svalbard.fr\/actualites\/wp-json\/wp\/v2\/media\/5133"}],"wp:attachment":[{"href":"https:\/\/www.svalbard.fr\/actualites\/wp-json\/wp\/v2\/media?parent=5132"}],"wp:term":[{"taxonomy":"category","embeddable":true,"href":"https:\/\/www.svalbard.fr\/actualites\/wp-json\/wp\/v2\/categories?post=5132"},{"taxonomy":"post_tag","embeddable":true,"href":"https:\/\/www.svalbard.fr\/actualites\/wp-json\/wp\/v2\/tags?post=5132"}],"curies":[{"name":"wp","href":"https:\/\/api.w.org\/{rel}","templated":true}]}}