{"id":5137,"date":"2025-12-17T12:57:38","date_gmt":"2025-12-17T11:57:38","guid":{"rendered":"https:\/\/www.svalbard.fr\/actualites\/netflix-devoile-un-premier-apercu-du-thriller-de-tueur-en-serie-du-plus-grand-conteur-policier\/"},"modified":"2025-12-17T12:57:41","modified_gmt":"2025-12-17T11:57:41","slug":"netflix-devoile-un-premier-apercu-du-thriller-de-tueur-en-serie-du-plus-grand-conteur-policier","status":"publish","type":"post","link":"https:\/\/www.svalbard.fr\/actualites\/netflix-devoile-un-premier-apercu-du-thriller-de-tueur-en-serie-du-plus-grand-conteur-policier\/","title":{"rendered":"Netflix d\u00e9voile un premier aper\u00e7u du thriller de tueur en s\u00e9rie du \u00ab plus grand conteur policier \u00bb"},"content":{"rendered":"<div>\n<p>Netflix a d\u00e9voil\u00e9 un premier aper\u00e7u intrigant d&#39;un prochain drame policier qui sera disponible sur le service de streaming en mars prochain.<\/p>\n<p>Bas\u00e9 sur le travail de l&#39;un des auteurs policiers les plus l\u00e9gendaires au monde, le thriller de tueur en s\u00e9rie en neuf \u00e9pisodes donnera vie \u00e0 un d\u00e9tective embl\u00e9matique comme jamais auparavant.<\/p>\n<p>Detective Hole de Jo Nesb\u00f8 met en vedette Tobias Santelmann dans le r\u00f4le de l&#39;enqu\u00eateur titulaire qui d\u00e9couvre un crime effrayant au c\u0153ur d&#39;Oslo.<\/p>\n<p>Aujourd&#39;hui (mercredi 17 d\u00e9cembre), Netflix a publi\u00e9 la premi\u00e8re image de Santelmann dans le r\u00f4le de Hole avant la premi\u00e8re du drame le 26 mars.<\/p>\n<p>L&#39;enqu\u00eateur est montr\u00e9 en train de regarder par-dessus un ordinateur portable dans un appartement miteux, ses lumi\u00e8res tamis\u00e9es et une table basse parsem\u00e9e de bouteilles de bi\u00e8re et de whisky. Joel Kinnaman de Peacemaker dans le r\u00f4le de Tom Waaler et Pia Tjelta (Made in Oslo) dans le r\u00f4le de Rakel Fauke rejoignent Santelmann dans le casting.<\/p>\n<\/div>\n<div>\n<p>Le casting de soutien comprend \u00e9galement Peter Stormare, Jesper Christensen, Maja Christiansen, Ravdeep Singh Bajwa et Anders Danielsen Lie.<\/p>\n<p>Le sc\u00e9nario officiel du drame se lit comme suit\u00a0: \u00ab\u00a0Entrez dans les rues sombres d&#39;Oslo, o\u00f9 rien n&#39;est comme il semble et o\u00f9 chaque indice vous entra\u00eene plus profond\u00e9ment dans le c\u0153ur sombre de la ville.<\/p>\n<p>\u00ab Detective Hole de Jo Nesb\u00f8 (titre norv\u00e9gien : Jo Nesb\u00f8s Harry Hole) donne vie au l\u00e9gendaire anti-h\u00e9ros norv\u00e9gien Harry Hole dans un myst\u00e8re de tueur en s\u00e9rie captivant de neuf \u00e9pisodes. \u00bb<\/p>\n<p>L&#39;auteur Nesb\u00f8 a d\u00e9clar\u00e9 dans un communiqu\u00e9 : \u00ab\u00a0Enfin, nous pouvons r\u00e9v\u00e9ler la date de la premi\u00e8re et partager ce premier aper\u00e7u de Tobias Santelmann dans le r\u00f4le de Harry Hole. Voir Tobias donner vie \u00e0 Harry a \u00e9t\u00e9 vraiment excitant et marque un nouveau chapitre pour le personnage.<\/p>\n<\/div>\n<div>\n<p>\u00ab\u00a0J&#39;ai h\u00e2te de partager son point de vue sur Harry avec le public et de les voir nous rejoindre pour un voyage vraiment sombre et tordu.\u00a0\u00bb<\/p>\n<p>Netflix a ensuite d\u00e9crit la s\u00e9rie comme \u00ab\u00a0une histoire d&#39;obsession, de trahison et de lignes floues entre justice et vengeance. Alors que Harry Hole affronte son ennemi Tom Waaler, le public sera entra\u00een\u00e9 dans un jeu du chat et de la souris o\u00f9 les enjeux ne pourraient pas \u00eatre plus \u00e9lev\u00e9s. \u00ab\u00a0<\/p>\n<p>Ils ont \u00e9galement conseill\u00e9 aux abonn\u00e9s de rester \u00e0 l\u2019\u00e9coute pour plus de d\u00e9tails sur la s\u00e9rie \u00e0 venir tr\u00e8s prochainement.<\/p>\n<p>Un synopsis plus complet de la saga polici\u00e8re se lit comme suit\u00a0: \u00ab\u00a0Cr\u00e9\u00e9 par l&#39;un des plus grands conteurs de la fiction polici\u00e8re, Detective Hole de Jo Nesb\u00f8 est un thriller policier en s\u00e9rie dirig\u00e9 par le c\u00e9l\u00e8bre anti-h\u00e9ros Harry Hole. Sous la surface, cette s\u00e9rie est un drame nuanc\u00e9 sur deux policiers &#8211; et de suppos\u00e9s coll\u00e8gues &#8211; op\u00e9rant des c\u00f4t\u00e9s oppos\u00e9s de la loi.<\/p>\n<\/div>\n<div>\n<p>\u00ab\u00a0Tout au long de la saison, Harry affronte son adversaire de longue date et le d\u00e9tective corrompu Tom Waaler. Harry est un d\u00e9tective d&#39;homicide brillant mais tourment\u00e9 qui lutte avec ses d\u00e9mons. Alors que les deux naviguent dans les lignes \u00e9thiques floues du syst\u00e8me de justice p\u00e9nale, Harry doit faire tout ce qu&#39;il peut pour attraper un tueur en s\u00e9rie et traduire Waaler en justice avant qu&#39;il ne soit trop tard. \u00ab\u00a0<\/p>\n<p>Le thriller policier figurera sans aucun doute en t\u00eate des listes de surveillance des lecteurs de Nesb\u00f8 et sera un \u00e9v\u00e9nement incontournable pour les fans de drame policier.<\/p>\n<p>Harry Hole a d\u00e9j\u00e0 \u00e9t\u00e9 incarn\u00e9 par la star hollywoodienne Michael Fassbender dans le thriller de 2017 The Snowman, bien que le film ait malheureusement \u00e9t\u00e9 critiqu\u00e9 par les critiques \u00e0 l&#39;\u00e9poque.<\/p>\n<p><strong>Detective Hole de Jo Nesb\u00f8 sera pr\u00e9sent\u00e9 en premi\u00e8re le 26 mars sur Netflix.<\/strong><\/p>\n<\/div>\n","protected":false},"excerpt":{"rendered":"<p>Netflix a d\u00e9voil\u00e9 un premier aper\u00e7u intrigant d&#39;un prochain drame policier qui sera disponible sur le service de streaming en mars prochain. Bas\u00e9 sur le<\/p>\n","protected":false},"author":1,"featured_media":5138,"comment_status":"closed","ping_status":"","sticky":false,"template":"","format":"standard","meta":{"footnotes":""},"categories":[2277],"tags":[5449,5455,5447,600,1882,5457,831,1944,5451,5453],"yoast_head":"<!-- This site is optimized with the Yoast SEO plugin v21.0 - https:\/\/yoast.com\/wordpress\/plugins\/seo\/ -->\n<title>Netflix d\u00e9voile un premier aper\u00e7u du thriller de tueur en s\u00e9rie du \u00ab plus grand conteur policier \u00bb<\/title>\n<meta name=\"robots\" content=\"index, follow, max-snippet:-1, max-image-preview:large, max-video-preview:-1\" \/>\n<link rel=\"canonical\" href=\"https:\/\/www.svalbard.fr\/actualites\/netflix-devoile-un-premier-apercu-du-thriller-de-tueur-en-serie-du-plus-grand-conteur-policier\/\" \/>\n<meta property=\"og:locale\" content=\"fr_FR\" \/>\n<meta property=\"og:type\" content=\"article\" \/>\n<meta property=\"og:title\" content=\"Netflix d\u00e9voile un premier aper\u00e7u du thriller de tueur en s\u00e9rie du \u00ab plus grand conteur policier \u00bb\" \/>\n<meta property=\"og:description\" content=\"Netflix a d\u00e9voil\u00e9 un premier aper\u00e7u intrigant d&#039;un prochain drame policier qui sera disponible sur le service de streaming en mars prochain. Bas\u00e9 sur le\" \/>\n<meta property=\"og:url\" content=\"https:\/\/www.svalbard.fr\/actualites\/netflix-devoile-un-premier-apercu-du-thriller-de-tueur-en-serie-du-plus-grand-conteur-policier\/\" \/>\n<meta property=\"og:site_name\" content=\"www.Svalbard.fr\" \/>\n<meta property=\"article:published_time\" content=\"2025-12-17T11:57:38+00:00\" \/>\n<meta property=\"article:modified_time\" content=\"2025-12-17T11:57:41+00:00\" \/>\n<meta property=\"og:image\" content=\"https:\/\/www.svalbard.fr\/actualites\/wp-content\/uploads\/2025\/12\/Netflix-devoile-un-premier-apercu-du-thriller-de-tueur-en.jpg\" \/>\n\t<meta property=\"og:image:width\" content=\"1200\" \/>\n\t<meta property=\"og:image:height\" content=\"630\" \/>\n\t<meta property=\"og:image:type\" content=\"image\/jpeg\" \/>\n<meta name=\"author\" content=\"Hilmar\" \/>\n<meta name=\"twitter:card\" content=\"summary_large_image\" \/>\n<meta name=\"twitter:label1\" content=\"\u00c9crit par\" \/>\n\t<meta name=\"twitter:data1\" content=\"Hilmar\" \/>\n\t<meta name=\"twitter:label2\" content=\"Dur\u00e9e de lecture estim\u00e9e\" \/>\n\t<meta name=\"twitter:data2\" content=\"3 minutes\" \/>\n<script type=\"application\/ld+json\" class=\"yoast-schema-graph\">{\"@context\":\"https:\/\/schema.org\",\"@graph\":[{\"@type\":\"Article\",\"@id\":\"https:\/\/www.svalbard.fr\/actualites\/netflix-devoile-un-premier-apercu-du-thriller-de-tueur-en-serie-du-plus-grand-conteur-policier\/#article\",\"isPartOf\":{\"@id\":\"https:\/\/www.svalbard.fr\/actualites\/netflix-devoile-un-premier-apercu-du-thriller-de-tueur-en-serie-du-plus-grand-conteur-policier\/\"},\"author\":{\"name\":\"Hilmar\",\"@id\":\"https:\/\/www.svalbard.fr\/actualites\/#\/schema\/person\/a2f937d5712222366738fae98755c600\"},\"headline\":\"Netflix d\u00e9voile un premier aper\u00e7u du thriller de tueur en s\u00e9rie du \u00ab plus grand conteur policier \u00bb\",\"datePublished\":\"2025-12-17T11:57:38+00:00\",\"dateModified\":\"2025-12-17T11:57:41+00:00\",\"mainEntityOfPage\":{\"@id\":\"https:\/\/www.svalbard.fr\/actualites\/netflix-devoile-un-premier-apercu-du-thriller-de-tueur-en-serie-du-plus-grand-conteur-policier\/\"},\"wordCount\":700,\"publisher\":{\"@id\":\"https:\/\/www.svalbard.fr\/actualites\/#organization\"},\"keywords\":[\"aper\u00e7u\",\"conteur\",\"d\u00e9voile\",\"grand\",\"Netflix\",\"policier\",\"Premier\",\"s\u00e9rie\",\"thriller\",\"tueur\"],\"inLanguage\":\"fr-FR\"},{\"@type\":\"WebPage\",\"@id\":\"https:\/\/www.svalbard.fr\/actualites\/netflix-devoile-un-premier-apercu-du-thriller-de-tueur-en-serie-du-plus-grand-conteur-policier\/\",\"url\":\"https:\/\/www.svalbard.fr\/actualites\/netflix-devoile-un-premier-apercu-du-thriller-de-tueur-en-serie-du-plus-grand-conteur-policier\/\",\"name\":\"Netflix d\u00e9voile un premier aper\u00e7u du thriller de tueur en s\u00e9rie du \u00ab plus grand conteur policier \u00bb\",\"isPartOf\":{\"@id\":\"https:\/\/www.svalbard.fr\/actualites\/#website\"},\"datePublished\":\"2025-12-17T11:57:38+00:00\",\"dateModified\":\"2025-12-17T11:57:41+00:00\",\"breadcrumb\":{\"@id\":\"https:\/\/www.svalbard.fr\/actualites\/netflix-devoile-un-premier-apercu-du-thriller-de-tueur-en-serie-du-plus-grand-conteur-policier\/#breadcrumb\"},\"inLanguage\":\"fr-FR\",\"potentialAction\":[{\"@type\":\"ReadAction\",\"target\":[\"https:\/\/www.svalbard.fr\/actualites\/netflix-devoile-un-premier-apercu-du-thriller-de-tueur-en-serie-du-plus-grand-conteur-policier\/\"]}]},{\"@type\":\"BreadcrumbList\",\"@id\":\"https:\/\/www.svalbard.fr\/actualites\/netflix-devoile-un-premier-apercu-du-thriller-de-tueur-en-serie-du-plus-grand-conteur-policier\/#breadcrumb\",\"itemListElement\":[{\"@type\":\"ListItem\",\"position\":1,\"name\":\"Accueil\",\"item\":\"https:\/\/www.svalbard.fr\/actualites\/\"},{\"@type\":\"ListItem\",\"position\":2,\"name\":\"Netflix d\u00e9voile un premier aper\u00e7u du thriller de tueur en s\u00e9rie du \u00ab plus grand conteur policier \u00bb\"}]},{\"@type\":\"WebSite\",\"@id\":\"https:\/\/www.svalbard.fr\/actualites\/#website\",\"url\":\"https:\/\/www.svalbard.fr\/actualites\/\",\"name\":\"www.Svalbard.fr\",\"description\":\"\",\"publisher\":{\"@id\":\"https:\/\/www.svalbard.fr\/actualites\/#organization\"},\"potentialAction\":[{\"@type\":\"SearchAction\",\"target\":{\"@type\":\"EntryPoint\",\"urlTemplate\":\"https:\/\/www.svalbard.fr\/actualites\/?s={search_term_string}\"},\"query-input\":\"required name=search_term_string\"}],\"inLanguage\":\"fr-FR\"},{\"@type\":\"Organization\",\"@id\":\"https:\/\/www.svalbard.fr\/actualites\/#organization\",\"name\":\"www.Svalbard.fr\",\"url\":\"https:\/\/www.svalbard.fr\/actualites\/\",\"logo\":{\"@type\":\"ImageObject\",\"inLanguage\":\"fr-FR\",\"@id\":\"https:\/\/www.svalbard.fr\/actualites\/#\/schema\/logo\/image\/\",\"url\":\"https:\/\/www.svalbard.fr\/actualites\/wp-content\/uploads\/2023\/09\/head-nom.jpg\",\"contentUrl\":\"https:\/\/www.svalbard.fr\/actualites\/wp-content\/uploads\/2023\/09\/head-nom.jpg\",\"width\":264,\"height\":35,\"caption\":\"www.Svalbard.fr\"},\"image\":{\"@id\":\"https:\/\/www.svalbard.fr\/actualites\/#\/schema\/logo\/image\/\"}},{\"@type\":\"Person\",\"@id\":\"https:\/\/www.svalbard.fr\/actualites\/#\/schema\/person\/a2f937d5712222366738fae98755c600\",\"name\":\"Hilmar\",\"image\":{\"@type\":\"ImageObject\",\"inLanguage\":\"fr-FR\",\"@id\":\"https:\/\/www.svalbard.fr\/actualites\/#\/schema\/person\/image\/\",\"url\":\"https:\/\/secure.gravatar.com\/avatar\/4daa437093476dbc32da415c112b6512?s=96&d=mm&r=g\",\"contentUrl\":\"https:\/\/secure.gravatar.com\/avatar\/4daa437093476dbc32da415c112b6512?s=96&d=mm&r=g\",\"caption\":\"Hilmar\"},\"description\":\"Hilmar est un passionn\u00e9 des r\u00e9gions polaires, sp\u00e9cialis\u00e9 dans la r\u00e9daction d'articles sur le Spitzberg et autres destinations arctiques. Il apporte son expertise et sa passion pour l'Arctique au sein de l'\u00e9quipe de r\u00e9daction de Svalbard depuis de nombreuses ann\u00e9es.\",\"sameAs\":[\"https:\/\/www.svalbard.fr\/\"]}]}<\/script>\n<!-- \/ Yoast SEO plugin. -->","yoast_head_json":{"title":"Netflix d\u00e9voile un premier aper\u00e7u du thriller de tueur en s\u00e9rie du \u00ab plus grand conteur policier \u00bb","robots":{"index":"index","follow":"follow","max-snippet":"max-snippet:-1","max-image-preview":"max-image-preview:large","max-video-preview":"max-video-preview:-1"},"canonical":"https:\/\/www.svalbard.fr\/actualites\/netflix-devoile-un-premier-apercu-du-thriller-de-tueur-en-serie-du-plus-grand-conteur-policier\/","og_locale":"fr_FR","og_type":"article","og_title":"Netflix d\u00e9voile un premier aper\u00e7u du thriller de tueur en s\u00e9rie du \u00ab plus grand conteur policier \u00bb","og_description":"Netflix a d\u00e9voil\u00e9 un premier aper\u00e7u intrigant d&#39;un prochain drame policier qui sera disponible sur le service de streaming en mars prochain. Bas\u00e9 sur le","og_url":"https:\/\/www.svalbard.fr\/actualites\/netflix-devoile-un-premier-apercu-du-thriller-de-tueur-en-serie-du-plus-grand-conteur-policier\/","og_site_name":"www.Svalbard.fr","article_published_time":"2025-12-17T11:57:38+00:00","article_modified_time":"2025-12-17T11:57:41+00:00","og_image":[{"width":1200,"height":630,"url":"https:\/\/www.svalbard.fr\/actualites\/wp-content\/uploads\/2025\/12\/Netflix-devoile-un-premier-apercu-du-thriller-de-tueur-en.jpg","type":"image\/jpeg"}],"author":"Hilmar","twitter_card":"summary_large_image","twitter_misc":{"\u00c9crit par":"Hilmar","Dur\u00e9e de lecture estim\u00e9e":"3 minutes"},"schema":{"@context":"https:\/\/schema.org","@graph":[{"@type":"Article","@id":"https:\/\/www.svalbard.fr\/actualites\/netflix-devoile-un-premier-apercu-du-thriller-de-tueur-en-serie-du-plus-grand-conteur-policier\/#article","isPartOf":{"@id":"https:\/\/www.svalbard.fr\/actualites\/netflix-devoile-un-premier-apercu-du-thriller-de-tueur-en-serie-du-plus-grand-conteur-policier\/"},"author":{"name":"Hilmar","@id":"https:\/\/www.svalbard.fr\/actualites\/#\/schema\/person\/a2f937d5712222366738fae98755c600"},"headline":"Netflix d\u00e9voile un premier aper\u00e7u du thriller de tueur en s\u00e9rie du \u00ab plus grand conteur policier \u00bb","datePublished":"2025-12-17T11:57:38+00:00","dateModified":"2025-12-17T11:57:41+00:00","mainEntityOfPage":{"@id":"https:\/\/www.svalbard.fr\/actualites\/netflix-devoile-un-premier-apercu-du-thriller-de-tueur-en-serie-du-plus-grand-conteur-policier\/"},"wordCount":700,"publisher":{"@id":"https:\/\/www.svalbard.fr\/actualites\/#organization"},"keywords":["aper\u00e7u","conteur","d\u00e9voile","grand","Netflix","policier","Premier","s\u00e9rie","thriller","tueur"],"inLanguage":"fr-FR"},{"@type":"WebPage","@id":"https:\/\/www.svalbard.fr\/actualites\/netflix-devoile-un-premier-apercu-du-thriller-de-tueur-en-serie-du-plus-grand-conteur-policier\/","url":"https:\/\/www.svalbard.fr\/actualites\/netflix-devoile-un-premier-apercu-du-thriller-de-tueur-en-serie-du-plus-grand-conteur-policier\/","name":"Netflix d\u00e9voile un premier aper\u00e7u du thriller de tueur en s\u00e9rie du \u00ab plus grand conteur policier \u00bb","isPartOf":{"@id":"https:\/\/www.svalbard.fr\/actualites\/#website"},"datePublished":"2025-12-17T11:57:38+00:00","dateModified":"2025-12-17T11:57:41+00:00","breadcrumb":{"@id":"https:\/\/www.svalbard.fr\/actualites\/netflix-devoile-un-premier-apercu-du-thriller-de-tueur-en-serie-du-plus-grand-conteur-policier\/#breadcrumb"},"inLanguage":"fr-FR","potentialAction":[{"@type":"ReadAction","target":["https:\/\/www.svalbard.fr\/actualites\/netflix-devoile-un-premier-apercu-du-thriller-de-tueur-en-serie-du-plus-grand-conteur-policier\/"]}]},{"@type":"BreadcrumbList","@id":"https:\/\/www.svalbard.fr\/actualites\/netflix-devoile-un-premier-apercu-du-thriller-de-tueur-en-serie-du-plus-grand-conteur-policier\/#breadcrumb","itemListElement":[{"@type":"ListItem","position":1,"name":"Accueil","item":"https:\/\/www.svalbard.fr\/actualites\/"},{"@type":"ListItem","position":2,"name":"Netflix d\u00e9voile un premier aper\u00e7u du thriller de tueur en s\u00e9rie du \u00ab plus grand conteur policier \u00bb"}]},{"@type":"WebSite","@id":"https:\/\/www.svalbard.fr\/actualites\/#website","url":"https:\/\/www.svalbard.fr\/actualites\/","name":"www.Svalbard.fr","description":"","publisher":{"@id":"https:\/\/www.svalbard.fr\/actualites\/#organization"},"potentialAction":[{"@type":"SearchAction","target":{"@type":"EntryPoint","urlTemplate":"https:\/\/www.svalbard.fr\/actualites\/?s={search_term_string}"},"query-input":"required name=search_term_string"}],"inLanguage":"fr-FR"},{"@type":"Organization","@id":"https:\/\/www.svalbard.fr\/actualites\/#organization","name":"www.Svalbard.fr","url":"https:\/\/www.svalbard.fr\/actualites\/","logo":{"@type":"ImageObject","inLanguage":"fr-FR","@id":"https:\/\/www.svalbard.fr\/actualites\/#\/schema\/logo\/image\/","url":"https:\/\/www.svalbard.fr\/actualites\/wp-content\/uploads\/2023\/09\/head-nom.jpg","contentUrl":"https:\/\/www.svalbard.fr\/actualites\/wp-content\/uploads\/2023\/09\/head-nom.jpg","width":264,"height":35,"caption":"www.Svalbard.fr"},"image":{"@id":"https:\/\/www.svalbard.fr\/actualites\/#\/schema\/logo\/image\/"}},{"@type":"Person","@id":"https:\/\/www.svalbard.fr\/actualites\/#\/schema\/person\/a2f937d5712222366738fae98755c600","name":"Hilmar","image":{"@type":"ImageObject","inLanguage":"fr-FR","@id":"https:\/\/www.svalbard.fr\/actualites\/#\/schema\/person\/image\/","url":"https:\/\/secure.gravatar.com\/avatar\/4daa437093476dbc32da415c112b6512?s=96&d=mm&r=g","contentUrl":"https:\/\/secure.gravatar.com\/avatar\/4daa437093476dbc32da415c112b6512?s=96&d=mm&r=g","caption":"Hilmar"},"description":"Hilmar est un passionn\u00e9 des r\u00e9gions polaires, sp\u00e9cialis\u00e9 dans la r\u00e9daction d'articles sur le Spitzberg et autres destinations arctiques. Il apporte son expertise et sa passion pour l'Arctique au sein de l'\u00e9quipe de r\u00e9daction de Svalbard depuis de nombreuses ann\u00e9es.","sameAs":["https:\/\/www.svalbard.fr\/"]}]}},"_links":{"self":[{"href":"https:\/\/www.svalbard.fr\/actualites\/wp-json\/wp\/v2\/posts\/5137"}],"collection":[{"href":"https:\/\/www.svalbard.fr\/actualites\/wp-json\/wp\/v2\/posts"}],"about":[{"href":"https:\/\/www.svalbard.fr\/actualites\/wp-json\/wp\/v2\/types\/post"}],"author":[{"embeddable":true,"href":"https:\/\/www.svalbard.fr\/actualites\/wp-json\/wp\/v2\/users\/1"}],"replies":[{"embeddable":true,"href":"https:\/\/www.svalbard.fr\/actualites\/wp-json\/wp\/v2\/comments?post=5137"}],"version-history":[{"count":1,"href":"https:\/\/www.svalbard.fr\/actualites\/wp-json\/wp\/v2\/posts\/5137\/revisions"}],"predecessor-version":[{"id":5139,"href":"https:\/\/www.svalbard.fr\/actualites\/wp-json\/wp\/v2\/posts\/5137\/revisions\/5139"}],"wp:featuredmedia":[{"embeddable":true,"href":"https:\/\/www.svalbard.fr\/actualites\/wp-json\/wp\/v2\/media\/5138"}],"wp:attachment":[{"href":"https:\/\/www.svalbard.fr\/actualites\/wp-json\/wp\/v2\/media?parent=5137"}],"wp:term":[{"taxonomy":"category","embeddable":true,"href":"https:\/\/www.svalbard.fr\/actualites\/wp-json\/wp\/v2\/categories?post=5137"},{"taxonomy":"post_tag","embeddable":true,"href":"https:\/\/www.svalbard.fr\/actualites\/wp-json\/wp\/v2\/tags?post=5137"}],"curies":[{"name":"wp","href":"https:\/\/api.w.org\/{rel}","templated":true}]}}