{"id":5143,"date":"2025-12-18T13:56:04","date_gmt":"2025-12-18T12:56:04","guid":{"rendered":"https:\/\/www.svalbard.fr\/actualites\/comment-le-marche-norvegien-de-lelectricite-va-evoluer-dici-2050\/"},"modified":"2025-12-18T13:56:04","modified_gmt":"2025-12-18T12:56:04","slug":"comment-le-marche-norvegien-de-lelectricite-va-evoluer-dici-2050","status":"publish","type":"post","link":"https:\/\/www.svalbard.fr\/actualites\/comment-le-marche-norvegien-de-lelectricite-va-evoluer-dici-2050\/","title":{"rendered":"Comment le march\u00e9 norv\u00e9gien de l\u2019\u00e9lectricit\u00e9 va \u00e9voluer d\u2019ici 2050"},"content":{"rendered":"<div itemprop=\"text\">\n\t\t\t<span id=\"dpsp-post-content-markup\" data-image-pin-it=\"false\"><\/span><\/p>\n<p class=\"intro\">Le r\u00e9gulateur norv\u00e9gien de l&#39;\u00e9nergie, NVE, a publi\u00e9 une analyse \u00e0 long terme de la mani\u00e8re dont les march\u00e9s norv\u00e9giens et europ\u00e9ens de l&#39;\u00e9lectricit\u00e9 pourraient se d\u00e9velopper dans les ann\u00e9es \u00e0 venir.<\/p>\n<p>L\u2019analyse \u00e9tend l\u2019horizon temporel des rapports pr\u00e9c\u00e9dents jusqu\u2019en 2050, offrant une image actualis\u00e9e de la fa\u00e7on dont la demande, les prix et la production pourraient \u00e9voluer au cours des d\u00e9cennies \u00e0 venir.<\/p>\n<figure class=\"wp-block-image size-large\"><img data-lazyloaded=\"1\" data-placeholder-resp=\"768x432\" fetchpriority=\"high\" decoding=\"async\" width=\"768\" height=\"432\" src=\"https:\/\/www.svalbard.fr\/actualites\/wp-content\/uploads\/2025\/12\/Comment-le-marche-norvegien-de-lelectricite-va-evoluer-dici-2050.jpg\" alt=\"\u00c9oliennes dans le nord de la Norv\u00e8ge.\" class=\"wp-image-85154\"  data-><noscript><img fetchpriority=\"high\" decoding=\"async\" width=\"768\" height=\"432\" src=\"https:\/\/www.svalbard.fr\/actualites\/wp-content\/uploads\/2025\/12\/Comment-le-marche-norvegien-de-lelectricite-va-evoluer-dici-2050.jpg\" alt=\"\u00c9oliennes dans le nord de la Norv\u00e8ge.\" class=\"wp-image-85154\"  ><\/noscript><\/figure>\n<p>Le rapport s&#39;appuie sur le pr\u00e9c\u00e9dent <em>Analyse du march\u00e9 de l\u2019\u00e9lectricit\u00e9 \u00e0 long terme 2023<\/em> (LA23). Les \u00e9volutions jusqu\u2019en 2040 restent inchang\u00e9es, mais NVE a ajout\u00e9 dix ann\u00e9es suppl\u00e9mentaires pour \u00e9valuer les tendances attendues \u00e0 mesure que l\u2019Europe et la Norv\u00e8ge s\u2019engagent plus profond\u00e9ment dans la transition verte.<\/p>\n<h2 class=\"wp-block-heading\">Un monde fa\u00e7onn\u00e9 par la crise et les probl\u00e8mes de s\u00e9curit\u00e9<\/h2>\n<p>Les derni\u00e8res ann\u00e9es ont \u00e9t\u00e9 marqu\u00e9es par l\u2019instabilit\u00e9 : la pand\u00e9mie mondiale, la guerre russe en Ukraine et la reprise du conflit au Moyen-Orient. Ces \u00e9v\u00e9nements ont remodel\u00e9 la politique \u00e9nerg\u00e9tique europ\u00e9enne, pla\u00e7ant les consid\u00e9rations de s\u00e9curit\u00e9 au c\u0153ur du processus d\u00e9cisionnel.<\/p>\n<p>Bien que l\u2019on ne sache pas exactement comment les troubles mondiaux affecteront les futurs syst\u00e8mes \u00e9nerg\u00e9tiques, une tendance est indubitable\u00a0: <strong>une alimentation \u00e9lectrique s\u00e9curis\u00e9e devient de plus en plus importante<\/strong>.<\/p>\n<p>L\u2019UE continue de poursuivre ses objectifs \u00e9nerg\u00e9tiques et climatiques, mais la mani\u00e8re dont Bruxelles \u00e9quilibrera la politique climatique, la s\u00e9curit\u00e9 \u00e9nerg\u00e9tique et la comp\u00e9titivit\u00e9 industrielle dans les d\u00e9cennies \u00e0 venir reste incertaine.<\/p>\n<h2 class=\"wp-block-heading\">La transition climatique, l\u2019industrie et la s\u00e9curit\u00e9 sont les moteurs du changement<\/h2>\n<p>L&#39;analyse de NVE met en \u00e9vidence trois forces qui fa\u00e7onneront le syst\u00e8me \u00e9lectrique d&#39;ici 2050\u00a0: la transition climatique, le nouveau d\u00e9veloppement industriel et la g\u00e9opolitique.<\/p>\n<p>Les efforts visant \u00e0 r\u00e9duire les \u00e9missions dans l\u2019industrie, les b\u00e2timents et les transports devraient accro\u00eetre la demande d\u2019\u00e9lectricit\u00e9 dans toute l\u2019Europe et dans la r\u00e9gion nordique. Les secteurs en croissance tels que la production de batteries, les centres de donn\u00e9es et l\u2019hydrog\u00e8ne vert stimuleront \u00e9galement la consommation.<\/p>\n<p>Pour r\u00e9pondre \u00e0 cette demande croissante, l\u2019Europe s\u2019appuiera fortement sur les \u00e9nergies renouvelables. D\u2019ici 2050, les projets NVE dont l\u2019\u00e9nergie solaire et \u00e9olienne repr\u00e9senteront environ <strong>65% de toute l\u2019\u00e9lectricit\u00e9 produite en Europe<\/strong>contre 58 % en 2040.<\/p>\n<p>Une part plus \u00e9lev\u00e9e des \u00e9nergies renouvelables entra\u00eene une baisse des prix moyens de l\u2019\u00e9lectricit\u00e9 \u00e0 long terme, une tendance attendue tant en Norv\u00e8ge que dans le reste de la r\u00e9gion nordique.<\/p>\n<figure class=\"wp-block-image size-full\"><img loading=\"lazy\" data-lazyloaded=\"1\" data-placeholder-resp=\"1080x1440\" decoding=\"async\" width=\"1080\" height=\"1440\" src=\"https:\/\/www.svalbard.fr\/actualites\/wp-content\/uploads\/2025\/07\/1753423663_752_Un-jour-a-Skjolden-a-la-fin-du-plus-long.jpg\" alt=\"Cascade d&#39;\u00c5safossen \u00e0 Skjolden. Photo : David Nikel.\" class=\"wp-image-84492\"  data-><noscript><img loading=\"lazy\" decoding=\"async\" width=\"1080\" height=\"1440\" src=\"https:\/\/www.svalbard.fr\/actualites\/wp-content\/uploads\/2025\/07\/1753423663_752_Un-jour-a-Skjolden-a-la-fin-du-plus-long.jpg\" alt=\"Cascade d&#39;\u00c5safossen \u00e0 Skjolden. Photo : David Nikel.\" class=\"wp-image-84492\"  ><\/noscript><\/figure>\n<p>Les pr\u00e9occupations en mati\u00e8re de s\u00e9curit\u00e9 jouent \u00e9galement un r\u00f4le cl\u00e9. Apr\u00e8s des ann\u00e9es de bouleversements, les pays europ\u00e9ens mettent \u00e0 nouveau l\u2019accent sur un approvisionnement \u00e9nerg\u00e9tique stable, acc\u00e9l\u00e8rent le d\u00e9veloppement des \u00e9nergies renouvelables et revisitent des technologies autrefois mises de c\u00f4t\u00e9, notamment l\u2019\u00e9nergie nucl\u00e9aire.<\/p>\n<h2 class=\"wp-block-heading\">La flexibilit\u00e9 devient la nouvelle \u00e9pine dorsale du syst\u00e8me<\/h2>\n<p>\u00c0 mesure que la majeure partie du syst\u00e8me \u00e9lectrique est aliment\u00e9e par des sources renouvelables variables, la flexibilit\u00e9 devient essentielle. NVE s\u2019attend \u00e0 ce qu\u2019une grande partie de cette flexibilit\u00e9 vienne du c\u00f4t\u00e9 de la consommation.<\/p>\n<p>Dans les p\u00e9riodes de forte production renouvelable, comme pendant les heures ensoleill\u00e9es ou venteuses, les consommateurs flexibles peuvent jouer un r\u00f4le d\u00e9cisif dans la fixation des prix de l\u2019\u00e9lectricit\u00e9. Un exemple majeur est la production d\u2019hydrog\u00e8ne. Les installations d\u2019hydrog\u00e8ne peuvent ajuster leur consommation en fonction du prix, contribuant ainsi \u00e0 stabiliser l\u2019ensemble du syst\u00e8me.<\/p>\n<p>Cela signifie que le co\u00fbt des \u00e9lectrolyseurs et le futur prix de march\u00e9 de l\u2019hydrog\u00e8ne auront une influence significative sur les prix de l\u2019\u00e9lectricit\u00e9.<\/p>\n<p>Si l\u2019hydrog\u00e8ne ne parvient pas \u00e0 \u00e9voluer comme pr\u00e9vu en raison de co\u00fbts \u00e9lev\u00e9s ou de la lenteur du d\u00e9veloppement des infrastructures, d\u2019autres technologies z\u00e9ro \u00e9mission, notamment l\u2019\u00e9nergie nucl\u00e9aire, pourraient jouer un r\u00f4le plus important.<\/p>\n<h2 class=\"wp-block-heading\">La flexibilit\u00e9 de l\u2019hydro\u00e9lectricit\u00e9 est toujours importante<\/h2>\n<p>Les r\u00e9servoirs hydro\u00e9lectriques de la Norv\u00e8ge restent sa plus grande force. Le stockage int\u00e9gr\u00e9 de l\u2019hydro\u00e9lectricit\u00e9 offre une flexibilit\u00e9 que peu d\u2019autres pays peuvent \u00e9galer.<\/p>\n<p>\u00c0 court et moyen terme, l\u2019am\u00e9lioration de la capacit\u00e9 des centrales hydro\u00e9lectriques existantes peut contribuer \u00e0 stabiliser le syst\u00e8me. Les changements de comportement des consommateurs, comme le d\u00e9placement de la consommation d\u2019\u00e9lectricit\u00e9 hors des heures de pointe, peuvent \u00e9galement affecter les niveaux globaux des prix.<\/p>\n<h2 class=\"wp-block-heading\">Incertitude autour de la croissance future de la consommation<\/h2>\n<p>Il est notoirement difficile d\u2019estimer la demande d\u2019\u00e9lectricit\u00e9 jusqu\u2019en 2050. De nombreuses initiatives politiques pourraient faire augmenter la demande, notamment des strat\u00e9gies nationales pour la fabrication de batteries, la production d\u2019hydrog\u00e8ne et les centres de donn\u00e9es.<\/p>\n<p>La concurrence internationale ajoute une autre couche. Les \u00c9tats-Unis et l\u2019Union europ\u00e9enne offrent tous deux d\u2019importantes subventions pour attirer les industries des technologies propres.<\/p>\n<p>Si la consommation \u00e9lectrique norv\u00e9gienne augmente plus rapidement que la production, la Norv\u00e8ge pourrait devenir d\u00e9pendante des importations pendant les p\u00e9riodes o\u00f9 l\u2019\u00e9lectricit\u00e9 est rare dans les pays voisins.<\/p>\n<figure class=\"wp-block-image size-full\"><img loading=\"lazy\" data-lazyloaded=\"1\" data-placeholder-resp=\"820x491\" decoding=\"async\" width=\"820\" height=\"491\" src=\"https:\/\/www.svalbard.fr\/actualites\/wp-content\/uploads\/2025\/12\/1766062564_314_Comment-le-marche-norvegien-de-lelectricite-va-evoluer-dici-2050.jpg\" alt=\"Recherche sur les \u00e9oliennes offshore en Norv\u00e8ge\" class=\"wp-image-45026\"  data-><noscript><img loading=\"lazy\" decoding=\"async\" width=\"820\" height=\"491\" src=\"https:\/\/www.svalbard.fr\/actualites\/wp-content\/uploads\/2025\/12\/1766062564_314_Comment-le-marche-norvegien-de-lelectricite-va-evoluer-dici-2050.jpg\" alt=\"Recherche sur les \u00e9oliennes offshore en Norv\u00e8ge\" class=\"wp-image-45026\"  ><\/noscript><\/figure>\n<p>Cela pousserait les prix de l\u2019\u00e9lectricit\u00e9 norv\u00e9gienne \u00e0 la hausse et ralentirait potentiellement la demande des consommateurs et de l\u2019industrie.<\/p>\n<h2 class=\"wp-block-heading\">\u00c9olien offshore : des ambitions \u00e9lev\u00e9es, une situation \u00e9conomique difficile<\/h2>\n<p>Tous les pays nordiques consid\u00e8rent l\u2019\u00e9nergie \u00e9olienne offshore comme une solution \u00e0 long terme \u00e0 la demande croissante d\u2019\u00e9lectricit\u00e9. Mais l\u2019\u00e9olien offshore est devenu plus cher ces derni\u00e8res ann\u00e9es, et les estimations de co\u00fbts actuelles sont plus \u00e9lev\u00e9es que pr\u00e9vu.<\/p>\n<p>Pour la Norv\u00e8ge, la rentabilit\u00e9 pourrait \u00eatre un d\u00e9fi. La plupart des zones \u00e9oliennes offshore d\u00e9sign\u00e9es se trouvent loin des terres et en eaux profondes, ce qui rend la technologie \u00e9olienne flottante essentielle et co\u00fbteuse.<\/p>\n<p>D\u2019autres pays, dot\u00e9s d\u2019eaux moins profondes et d\u2019un acc\u00e8s plus facile, pourraient \u00eatre en mesure de construire des \u00e9oliennes offshore \u00e0 moindre co\u00fbt.<\/p>\n<p>La mod\u00e9lisation de NVE sugg\u00e8re que le d\u00e9veloppement \u00e9olien offshore \u00e0 grande \u00e9chelle en Norv\u00e8ge aurait du mal \u00e0 \u00eatre commercialement viable sans un soutien public important, \u00e0 moins que la demande d&#39;\u00e9lectricit\u00e9 n&#39;augmente de mani\u00e8re spectaculaire.<\/p>\n<p>Si les pays voisins r\u00e9ussissent \u00e0 construire des \u00e9oliennes offshore moins ch\u00e8res, cela pourrait faire baisser les prix de l\u2019\u00e9lectricit\u00e9 dans la r\u00e9gion nordique, augmentant ainsi les besoins en subventions pour les projets norv\u00e9giens.<\/p>\n<p>Pour que la Norv\u00e8ge puisse construire une \u00e9olienne offshore rentable, le pays aurait besoin soit (a) de prix nationaux de l\u2019\u00e9lectricit\u00e9 nettement plus \u00e9lev\u00e9s que dans les r\u00e9gions environnantes, soit (b) d\u2019une baisse importante du co\u00fbt de la technologie \u00e9olienne offshore flottante.<\/p>\n<h2 class=\"wp-block-heading\">Baisse des prix de l\u2019\u00e9lectricit\u00e9 d\u2019ici 2050<\/h2>\n<p>Le sc\u00e9nario de r\u00e9f\u00e9rence de NVE projette que\u00a0:<\/p>\n<ul class=\"wp-block-list\">\n<li>La Norv\u00e8ge aura un <strong>exc\u00e9dent \u00e9lectrique d\u2019environ 8 TWh en 2050<\/strong><\/li>\n<li>La r\u00e9gion nordique dans son ensemble aura un exc\u00e9dent de <strong>pr\u00e8s de 60 TWh<\/strong><\/li>\n<li>Les prix moyens de l\u2019\u00e9lectricit\u00e9 en Norv\u00e8ge chuteront de <strong>49 \u00f8re\/kWh en 2040<\/strong> \u00e0 <strong>42 \u00f8re\/kWh en 2050<\/strong> (en couronnes 2022)<\/li>\n<\/ul>\n<p>La tendance est similaire dans toute l\u2019Europe : davantage d\u2019\u00e9nergies renouvelables entra\u00eenent une baisse des prix moyens \u00e0 long terme.<\/p>\n<h2 class=\"wp-block-heading\">Ce que tout cela signifie<\/h2>\n<p>L&#39;avenir du march\u00e9 norv\u00e9gien de l&#39;\u00e9lectricit\u00e9 est fa\u00e7onn\u00e9 par des forces qui d\u00e9passent largement ses fronti\u00e8res. La politique climatique, l\u2019expansion industrielle, la s\u00e9curit\u00e9 \u00e9nerg\u00e9tique et l\u2019instabilit\u00e9 mondiale entra\u00eenent le syst\u00e8me dans de nouvelles directions.<\/p>\n<p>L&#39;hydro\u00e9lectricit\u00e9 continuera de donner un avantage \u00e0 la Norv\u00e8ge, mais la croissance de la consommation, de l&#39;hydrog\u00e8ne aux centres de donn\u00e9es, pourrait remodeler le r\u00f4le du pays dans le syst\u00e8me \u00e9lectrique nordique plus large.<\/p>\n<p>Selon NVE, les prochaines d\u00e9cennies devraient \u00eatre marqu\u00e9es par une baisse des prix moyens de l\u2019\u00e9lectricit\u00e9, une part plus \u00e9lev\u00e9e des \u00e9nergies renouvelables et un syst\u00e8me \u00e9lectrique beaucoup plus complexe o\u00f9 la flexibilit\u00e9, les co\u00fbts technologiques et la dynamique transfrontali\u00e8re comptent plus que jamais.<\/p>\n<\/p><\/div>\n","protected":false},"excerpt":{"rendered":"<p>Le r\u00e9gulateur norv\u00e9gien de l&#39;\u00e9nergie, NVE, a publi\u00e9 une analyse \u00e0 long terme de la mani\u00e8re dont les march\u00e9s norv\u00e9giens et europ\u00e9ens de l&#39;\u00e9lectricit\u00e9 pourraient<\/p>\n","protected":false},"author":1,"featured_media":5144,"comment_status":"","ping_status":"","sticky":false,"template":"","format":"standard","meta":{"footnotes":""},"categories":[2277],"tags":[323,5467,222,5465,1061,184],"yoast_head":"<!-- This site is optimized with the Yoast SEO plugin v21.0 - https:\/\/yoast.com\/wordpress\/plugins\/seo\/ -->\n<title>Comment le march\u00e9 norv\u00e9gien de l\u2019\u00e9lectricit\u00e9 va \u00e9voluer d\u2019ici 2050<\/title>\n<meta name=\"robots\" content=\"index, follow, max-snippet:-1, max-image-preview:large, max-video-preview:-1\" \/>\n<link rel=\"canonical\" href=\"https:\/\/www.svalbard.fr\/actualites\/comment-le-marche-norvegien-de-lelectricite-va-evoluer-dici-2050\/\" \/>\n<meta property=\"og:locale\" content=\"fr_FR\" \/>\n<meta property=\"og:type\" content=\"article\" \/>\n<meta property=\"og:title\" content=\"Comment le march\u00e9 norv\u00e9gien de l\u2019\u00e9lectricit\u00e9 va \u00e9voluer d\u2019ici 2050\" \/>\n<meta property=\"og:description\" content=\"Le r\u00e9gulateur norv\u00e9gien de l&#039;\u00e9nergie, NVE, a publi\u00e9 une analyse \u00e0 long terme de la mani\u00e8re dont les march\u00e9s norv\u00e9giens et europ\u00e9ens de l&#039;\u00e9lectricit\u00e9 pourraient\" \/>\n<meta property=\"og:url\" content=\"https:\/\/www.svalbard.fr\/actualites\/comment-le-marche-norvegien-de-lelectricite-va-evoluer-dici-2050\/\" \/>\n<meta property=\"og:site_name\" content=\"www.Svalbard.fr\" \/>\n<meta property=\"article:published_time\" content=\"2025-12-18T12:56:04+00:00\" \/>\n<meta property=\"og:image\" content=\"https:\/\/www.svalbard.fr\/actualites\/wp-content\/uploads\/2025\/12\/Comment-le-marche-norvegien-de-lelectricite-va-evoluer-dici-2050.jpg\" \/>\n<meta name=\"author\" content=\"Hilmar\" \/>\n<meta name=\"twitter:card\" content=\"summary_large_image\" \/>\n<meta name=\"twitter:label1\" content=\"\u00c9crit par\" \/>\n\t<meta name=\"twitter:data1\" content=\"Hilmar\" \/>\n\t<meta name=\"twitter:label2\" content=\"Dur\u00e9e de lecture estim\u00e9e\" \/>\n\t<meta name=\"twitter:data2\" content=\"7 minutes\" \/>\n<script type=\"application\/ld+json\" class=\"yoast-schema-graph\">{\"@context\":\"https:\/\/schema.org\",\"@graph\":[{\"@type\":\"Article\",\"@id\":\"https:\/\/www.svalbard.fr\/actualites\/comment-le-marche-norvegien-de-lelectricite-va-evoluer-dici-2050\/#article\",\"isPartOf\":{\"@id\":\"https:\/\/www.svalbard.fr\/actualites\/comment-le-marche-norvegien-de-lelectricite-va-evoluer-dici-2050\/\"},\"author\":{\"name\":\"Hilmar\",\"@id\":\"https:\/\/www.svalbard.fr\/actualites\/#\/schema\/person\/a2f937d5712222366738fae98755c600\"},\"headline\":\"Comment le march\u00e9 norv\u00e9gien de l\u2019\u00e9lectricit\u00e9 va \u00e9voluer d\u2019ici 2050\",\"datePublished\":\"2025-12-18T12:56:04+00:00\",\"dateModified\":\"2025-12-18T12:56:04+00:00\",\"mainEntityOfPage\":{\"@id\":\"https:\/\/www.svalbard.fr\/actualites\/comment-le-marche-norvegien-de-lelectricite-va-evoluer-dici-2050\/\"},\"wordCount\":1412,\"publisher\":{\"@id\":\"https:\/\/www.svalbard.fr\/actualites\/#organization\"},\"keywords\":[\"comment\",\"dici\",\"\u00e9voluer\",\"l\u00e9lectricit\u00e9\",\"march\u00e9\",\"norv\u00e9gien\"],\"inLanguage\":\"fr-FR\"},{\"@type\":\"WebPage\",\"@id\":\"https:\/\/www.svalbard.fr\/actualites\/comment-le-marche-norvegien-de-lelectricite-va-evoluer-dici-2050\/\",\"url\":\"https:\/\/www.svalbard.fr\/actualites\/comment-le-marche-norvegien-de-lelectricite-va-evoluer-dici-2050\/\",\"name\":\"Comment le march\u00e9 norv\u00e9gien de l\u2019\u00e9lectricit\u00e9 va \u00e9voluer d\u2019ici 2050\",\"isPartOf\":{\"@id\":\"https:\/\/www.svalbard.fr\/actualites\/#website\"},\"datePublished\":\"2025-12-18T12:56:04+00:00\",\"dateModified\":\"2025-12-18T12:56:04+00:00\",\"breadcrumb\":{\"@id\":\"https:\/\/www.svalbard.fr\/actualites\/comment-le-marche-norvegien-de-lelectricite-va-evoluer-dici-2050\/#breadcrumb\"},\"inLanguage\":\"fr-FR\",\"potentialAction\":[{\"@type\":\"ReadAction\",\"target\":[\"https:\/\/www.svalbard.fr\/actualites\/comment-le-marche-norvegien-de-lelectricite-va-evoluer-dici-2050\/\"]}]},{\"@type\":\"BreadcrumbList\",\"@id\":\"https:\/\/www.svalbard.fr\/actualites\/comment-le-marche-norvegien-de-lelectricite-va-evoluer-dici-2050\/#breadcrumb\",\"itemListElement\":[{\"@type\":\"ListItem\",\"position\":1,\"name\":\"Accueil\",\"item\":\"https:\/\/www.svalbard.fr\/actualites\/\"},{\"@type\":\"ListItem\",\"position\":2,\"name\":\"Comment le march\u00e9 norv\u00e9gien de l\u2019\u00e9lectricit\u00e9 va \u00e9voluer d\u2019ici 2050\"}]},{\"@type\":\"WebSite\",\"@id\":\"https:\/\/www.svalbard.fr\/actualites\/#website\",\"url\":\"https:\/\/www.svalbard.fr\/actualites\/\",\"name\":\"www.Svalbard.fr\",\"description\":\"\",\"publisher\":{\"@id\":\"https:\/\/www.svalbard.fr\/actualites\/#organization\"},\"potentialAction\":[{\"@type\":\"SearchAction\",\"target\":{\"@type\":\"EntryPoint\",\"urlTemplate\":\"https:\/\/www.svalbard.fr\/actualites\/?s={search_term_string}\"},\"query-input\":\"required name=search_term_string\"}],\"inLanguage\":\"fr-FR\"},{\"@type\":\"Organization\",\"@id\":\"https:\/\/www.svalbard.fr\/actualites\/#organization\",\"name\":\"www.Svalbard.fr\",\"url\":\"https:\/\/www.svalbard.fr\/actualites\/\",\"logo\":{\"@type\":\"ImageObject\",\"inLanguage\":\"fr-FR\",\"@id\":\"https:\/\/www.svalbard.fr\/actualites\/#\/schema\/logo\/image\/\",\"url\":\"https:\/\/www.svalbard.fr\/actualites\/wp-content\/uploads\/2023\/09\/head-nom.jpg\",\"contentUrl\":\"https:\/\/www.svalbard.fr\/actualites\/wp-content\/uploads\/2023\/09\/head-nom.jpg\",\"width\":264,\"height\":35,\"caption\":\"www.Svalbard.fr\"},\"image\":{\"@id\":\"https:\/\/www.svalbard.fr\/actualites\/#\/schema\/logo\/image\/\"}},{\"@type\":\"Person\",\"@id\":\"https:\/\/www.svalbard.fr\/actualites\/#\/schema\/person\/a2f937d5712222366738fae98755c600\",\"name\":\"Hilmar\",\"image\":{\"@type\":\"ImageObject\",\"inLanguage\":\"fr-FR\",\"@id\":\"https:\/\/www.svalbard.fr\/actualites\/#\/schema\/person\/image\/\",\"url\":\"https:\/\/secure.gravatar.com\/avatar\/4daa437093476dbc32da415c112b6512?s=96&d=mm&r=g\",\"contentUrl\":\"https:\/\/secure.gravatar.com\/avatar\/4daa437093476dbc32da415c112b6512?s=96&d=mm&r=g\",\"caption\":\"Hilmar\"},\"description\":\"Hilmar est un passionn\u00e9 des r\u00e9gions polaires, sp\u00e9cialis\u00e9 dans la r\u00e9daction d'articles sur le Spitzberg et autres destinations arctiques. Il apporte son expertise et sa passion pour l'Arctique au sein de l'\u00e9quipe de r\u00e9daction de Svalbard depuis de nombreuses ann\u00e9es.\",\"sameAs\":[\"https:\/\/www.svalbard.fr\/\"]}]}<\/script>\n<!-- \/ Yoast SEO plugin. -->","yoast_head_json":{"title":"Comment le march\u00e9 norv\u00e9gien de l\u2019\u00e9lectricit\u00e9 va \u00e9voluer d\u2019ici 2050","robots":{"index":"index","follow":"follow","max-snippet":"max-snippet:-1","max-image-preview":"max-image-preview:large","max-video-preview":"max-video-preview:-1"},"canonical":"https:\/\/www.svalbard.fr\/actualites\/comment-le-marche-norvegien-de-lelectricite-va-evoluer-dici-2050\/","og_locale":"fr_FR","og_type":"article","og_title":"Comment le march\u00e9 norv\u00e9gien de l\u2019\u00e9lectricit\u00e9 va \u00e9voluer d\u2019ici 2050","og_description":"Le r\u00e9gulateur norv\u00e9gien de l&#39;\u00e9nergie, NVE, a publi\u00e9 une analyse \u00e0 long terme de la mani\u00e8re dont les march\u00e9s norv\u00e9giens et europ\u00e9ens de l&#39;\u00e9lectricit\u00e9 pourraient","og_url":"https:\/\/www.svalbard.fr\/actualites\/comment-le-marche-norvegien-de-lelectricite-va-evoluer-dici-2050\/","og_site_name":"www.Svalbard.fr","article_published_time":"2025-12-18T12:56:04+00:00","og_image":[{"url":"https:\/\/www.svalbard.fr\/actualites\/wp-content\/uploads\/2025\/12\/Comment-le-marche-norvegien-de-lelectricite-va-evoluer-dici-2050.jpg"}],"author":"Hilmar","twitter_card":"summary_large_image","twitter_misc":{"\u00c9crit par":"Hilmar","Dur\u00e9e de lecture estim\u00e9e":"7 minutes"},"schema":{"@context":"https:\/\/schema.org","@graph":[{"@type":"Article","@id":"https:\/\/www.svalbard.fr\/actualites\/comment-le-marche-norvegien-de-lelectricite-va-evoluer-dici-2050\/#article","isPartOf":{"@id":"https:\/\/www.svalbard.fr\/actualites\/comment-le-marche-norvegien-de-lelectricite-va-evoluer-dici-2050\/"},"author":{"name":"Hilmar","@id":"https:\/\/www.svalbard.fr\/actualites\/#\/schema\/person\/a2f937d5712222366738fae98755c600"},"headline":"Comment le march\u00e9 norv\u00e9gien de l\u2019\u00e9lectricit\u00e9 va \u00e9voluer d\u2019ici 2050","datePublished":"2025-12-18T12:56:04+00:00","dateModified":"2025-12-18T12:56:04+00:00","mainEntityOfPage":{"@id":"https:\/\/www.svalbard.fr\/actualites\/comment-le-marche-norvegien-de-lelectricite-va-evoluer-dici-2050\/"},"wordCount":1412,"publisher":{"@id":"https:\/\/www.svalbard.fr\/actualites\/#organization"},"keywords":["comment","dici","\u00e9voluer","l\u00e9lectricit\u00e9","march\u00e9","norv\u00e9gien"],"inLanguage":"fr-FR"},{"@type":"WebPage","@id":"https:\/\/www.svalbard.fr\/actualites\/comment-le-marche-norvegien-de-lelectricite-va-evoluer-dici-2050\/","url":"https:\/\/www.svalbard.fr\/actualites\/comment-le-marche-norvegien-de-lelectricite-va-evoluer-dici-2050\/","name":"Comment le march\u00e9 norv\u00e9gien de l\u2019\u00e9lectricit\u00e9 va \u00e9voluer d\u2019ici 2050","isPartOf":{"@id":"https:\/\/www.svalbard.fr\/actualites\/#website"},"datePublished":"2025-12-18T12:56:04+00:00","dateModified":"2025-12-18T12:56:04+00:00","breadcrumb":{"@id":"https:\/\/www.svalbard.fr\/actualites\/comment-le-marche-norvegien-de-lelectricite-va-evoluer-dici-2050\/#breadcrumb"},"inLanguage":"fr-FR","potentialAction":[{"@type":"ReadAction","target":["https:\/\/www.svalbard.fr\/actualites\/comment-le-marche-norvegien-de-lelectricite-va-evoluer-dici-2050\/"]}]},{"@type":"BreadcrumbList","@id":"https:\/\/www.svalbard.fr\/actualites\/comment-le-marche-norvegien-de-lelectricite-va-evoluer-dici-2050\/#breadcrumb","itemListElement":[{"@type":"ListItem","position":1,"name":"Accueil","item":"https:\/\/www.svalbard.fr\/actualites\/"},{"@type":"ListItem","position":2,"name":"Comment le march\u00e9 norv\u00e9gien de l\u2019\u00e9lectricit\u00e9 va \u00e9voluer d\u2019ici 2050"}]},{"@type":"WebSite","@id":"https:\/\/www.svalbard.fr\/actualites\/#website","url":"https:\/\/www.svalbard.fr\/actualites\/","name":"www.Svalbard.fr","description":"","publisher":{"@id":"https:\/\/www.svalbard.fr\/actualites\/#organization"},"potentialAction":[{"@type":"SearchAction","target":{"@type":"EntryPoint","urlTemplate":"https:\/\/www.svalbard.fr\/actualites\/?s={search_term_string}"},"query-input":"required name=search_term_string"}],"inLanguage":"fr-FR"},{"@type":"Organization","@id":"https:\/\/www.svalbard.fr\/actualites\/#organization","name":"www.Svalbard.fr","url":"https:\/\/www.svalbard.fr\/actualites\/","logo":{"@type":"ImageObject","inLanguage":"fr-FR","@id":"https:\/\/www.svalbard.fr\/actualites\/#\/schema\/logo\/image\/","url":"https:\/\/www.svalbard.fr\/actualites\/wp-content\/uploads\/2023\/09\/head-nom.jpg","contentUrl":"https:\/\/www.svalbard.fr\/actualites\/wp-content\/uploads\/2023\/09\/head-nom.jpg","width":264,"height":35,"caption":"www.Svalbard.fr"},"image":{"@id":"https:\/\/www.svalbard.fr\/actualites\/#\/schema\/logo\/image\/"}},{"@type":"Person","@id":"https:\/\/www.svalbard.fr\/actualites\/#\/schema\/person\/a2f937d5712222366738fae98755c600","name":"Hilmar","image":{"@type":"ImageObject","inLanguage":"fr-FR","@id":"https:\/\/www.svalbard.fr\/actualites\/#\/schema\/person\/image\/","url":"https:\/\/secure.gravatar.com\/avatar\/4daa437093476dbc32da415c112b6512?s=96&d=mm&r=g","contentUrl":"https:\/\/secure.gravatar.com\/avatar\/4daa437093476dbc32da415c112b6512?s=96&d=mm&r=g","caption":"Hilmar"},"description":"Hilmar est un passionn\u00e9 des r\u00e9gions polaires, sp\u00e9cialis\u00e9 dans la r\u00e9daction d'articles sur le Spitzberg et autres destinations arctiques. Il apporte son expertise et sa passion pour l'Arctique au sein de l'\u00e9quipe de r\u00e9daction de Svalbard depuis de nombreuses ann\u00e9es.","sameAs":["https:\/\/www.svalbard.fr\/"]}]}},"_links":{"self":[{"href":"https:\/\/www.svalbard.fr\/actualites\/wp-json\/wp\/v2\/posts\/5143"}],"collection":[{"href":"https:\/\/www.svalbard.fr\/actualites\/wp-json\/wp\/v2\/posts"}],"about":[{"href":"https:\/\/www.svalbard.fr\/actualites\/wp-json\/wp\/v2\/types\/post"}],"author":[{"embeddable":true,"href":"https:\/\/www.svalbard.fr\/actualites\/wp-json\/wp\/v2\/users\/1"}],"replies":[{"embeddable":true,"href":"https:\/\/www.svalbard.fr\/actualites\/wp-json\/wp\/v2\/comments?post=5143"}],"version-history":[{"count":0,"href":"https:\/\/www.svalbard.fr\/actualites\/wp-json\/wp\/v2\/posts\/5143\/revisions"}],"wp:featuredmedia":[{"embeddable":true,"href":"https:\/\/www.svalbard.fr\/actualites\/wp-json\/wp\/v2\/media\/5144"}],"wp:attachment":[{"href":"https:\/\/www.svalbard.fr\/actualites\/wp-json\/wp\/v2\/media?parent=5143"}],"wp:term":[{"taxonomy":"category","embeddable":true,"href":"https:\/\/www.svalbard.fr\/actualites\/wp-json\/wp\/v2\/categories?post=5143"},{"taxonomy":"post_tag","embeddable":true,"href":"https:\/\/www.svalbard.fr\/actualites\/wp-json\/wp\/v2\/tags?post=5143"}],"curies":[{"name":"wp","href":"https:\/\/api.w.org\/{rel}","templated":true}]}}