{"id":5145,"date":"2025-12-19T15:56:08","date_gmt":"2025-12-19T14:56:08","guid":{"rendered":"https:\/\/www.svalbard.fr\/actualites\/le-palais-publie-une-mise-a-jour-inquietante-sur-la-sante-alors-que-le-royal-a-besoin-dune-greffe-dorgane-majeure\/"},"modified":"2025-12-19T15:56:11","modified_gmt":"2025-12-19T14:56:11","slug":"le-palais-publie-une-mise-a-jour-inquietante-sur-la-sante-alors-que-le-royal-a-besoin-dune-greffe-dorgane-majeure","status":"publish","type":"post","link":"https:\/\/www.svalbard.fr\/actualites\/le-palais-publie-une-mise-a-jour-inquietante-sur-la-sante-alors-que-le-royal-a-besoin-dune-greffe-dorgane-majeure\/","title":{"rendered":"Le palais publie une mise \u00e0 jour inqui\u00e9tante sur la sant\u00e9 alors que le royal a besoin d&#39;une greffe d&#39;organe majeure"},"content":{"rendered":"<div>\n<p>La princesse h\u00e9riti\u00e8re de Norv\u00e8ge a besoin d&#39;une greffe de poumon suite \u00e0 une d\u00e9t\u00e9rioration de son \u00e9tat de sant\u00e9 ces derniers mois, a annonc\u00e9 le palais. Mette-Marit, 52 ans, est mari\u00e9e \u00e0 l&#39;h\u00e9ritier norv\u00e9gien du tr\u00f4ne et a re\u00e7u un diagnostic de fibrose pulmonaire en 2018, une maladie chronique qui provoque des cicatrices dans les poumons et entra\u00eene une diminution de la consommation d&#39;oxyg\u00e8ne.<\/p>\n<p>Depuis, elle a r\u00e9duit ses fonctions royales et a pris un mois de cong\u00e9 en octobre pour suivre une r\u00e9\u00e9ducation pulmonaire. Cependant, des tests r\u00e9cents indiquent une \u00e9volution n\u00e9gative de son \u00e9tat de sant\u00e9 et elle devra donc subir une transplantation pulmonaire, a indiqu\u00e9 la maison royale.<\/p>\n<p>Le Palais a d\u00e9clar\u00e9 dans un communiqu\u00e9 : \u00ab\u00a0Au cours de l&#39;automne, un certain nombre de tests ont \u00e9t\u00e9 effectu\u00e9s qui montrent une nette d\u00e9t\u00e9rioration de l&#39;\u00e9tat de sant\u00e9 de la princesse h\u00e9riti\u00e8re. Les m\u00e9decins de l&#39;h\u00f4pital universitaire Rikshospitalet ont donc entam\u00e9 le processus d&#39;\u00e9valuation en vue d&#39;une \u00e9ventuelle transplantation pulmonaire.\u00a0\u00bb<\/p>\n<\/div>\n<div>\n<p>Are Martin Holm, professeur et chef du d\u00e9partement de m\u00e9decine respiratoire \u00e0 l&#39;h\u00f4pital universitaire Rikshospitalet, a d\u00e9clar\u00e9 : \u00ab\u00a0Nous arrivons au point o\u00f9 une transplantation pulmonaire sera n\u00e9cessaire et nous entreprenons les pr\u00e9paratifs n\u00e9cessaires pour garantir que cela sera possible le moment venu. \u00c0 l&#39;heure actuelle, aucune d\u00e9cision n&#39;a \u00e9t\u00e9 prise quant au moment o\u00f9 la princesse h\u00e9riti\u00e8re sera plac\u00e9e sur la liste d&#39;attente pour une transplantation pulmonaire.\u00a0\u00bb<\/p>\n<p>Le Dr Holm est sp\u00e9cialiste en m\u00e9decine interne et en maladies pulmonaires.<\/p>\n<p>La Princesse est d\u00e9termin\u00e9e \u00e0 continuer d&#39;exercer ses fonctions mais le Palais a indiqu\u00e9 que ses engagements seront modifi\u00e9s en fonction de son \u00e9tat de sant\u00e9. <\/p>\n<\/div>\n","protected":false},"excerpt":{"rendered":"<p>La princesse h\u00e9riti\u00e8re de Norv\u00e8ge a besoin d&#39;une greffe de poumon suite \u00e0 une d\u00e9t\u00e9rioration de son \u00e9tat de sant\u00e9 ces derniers mois, a annonc\u00e9<\/p>\n","protected":false},"author":1,"featured_media":5146,"comment_status":"closed","ping_status":"","sticky":false,"template":"","format":"standard","meta":{"footnotes":""},"categories":[2277],"tags":[24,1378,5475,1496,5473,5471,632,1908,688,5469,958,1580,957,28,18],"yoast_head":"<!-- This site is optimized with the Yoast SEO plugin v21.0 - https:\/\/yoast.com\/wordpress\/plugins\/seo\/ -->\n<title>Le palais publie une mise \u00e0 jour inqui\u00e9tante sur la sant\u00e9 alors que le royal a besoin d&#039;une greffe d&#039;organe majeure<\/title>\n<meta name=\"robots\" content=\"index, follow, max-snippet:-1, max-image-preview:large, max-video-preview:-1\" \/>\n<link rel=\"canonical\" href=\"https:\/\/www.svalbard.fr\/actualites\/le-palais-publie-une-mise-a-jour-inquietante-sur-la-sante-alors-que-le-royal-a-besoin-dune-greffe-dorgane-majeure\/\" \/>\n<meta property=\"og:locale\" content=\"fr_FR\" \/>\n<meta property=\"og:type\" content=\"article\" \/>\n<meta property=\"og:title\" content=\"Le palais publie une mise \u00e0 jour inqui\u00e9tante sur la sant\u00e9 alors que le royal a besoin d&#039;une greffe d&#039;organe majeure\" \/>\n<meta property=\"og:description\" content=\"La princesse h\u00e9riti\u00e8re de Norv\u00e8ge a besoin d&#039;une greffe de poumon suite \u00e0 une d\u00e9t\u00e9rioration de son \u00e9tat de sant\u00e9 ces derniers mois, a annonc\u00e9\" \/>\n<meta property=\"og:url\" content=\"https:\/\/www.svalbard.fr\/actualites\/le-palais-publie-une-mise-a-jour-inquietante-sur-la-sante-alors-que-le-royal-a-besoin-dune-greffe-dorgane-majeure\/\" \/>\n<meta property=\"og:site_name\" content=\"www.Svalbard.fr\" \/>\n<meta property=\"article:published_time\" content=\"2025-12-19T14:56:08+00:00\" \/>\n<meta property=\"article:modified_time\" content=\"2025-12-19T14:56:11+00:00\" \/>\n<meta property=\"og:image\" content=\"https:\/\/www.svalbard.fr\/actualites\/wp-content\/uploads\/2025\/12\/Le-palais-publie-une-mise-a-jour-inquietante-sur-la.jpg\" \/>\n\t<meta property=\"og:image:width\" content=\"1200\" \/>\n\t<meta property=\"og:image:height\" content=\"630\" \/>\n\t<meta property=\"og:image:type\" content=\"image\/jpeg\" \/>\n<meta name=\"author\" content=\"Hilmar\" \/>\n<meta name=\"twitter:card\" content=\"summary_large_image\" \/>\n<meta name=\"twitter:label1\" content=\"\u00c9crit par\" \/>\n\t<meta name=\"twitter:data1\" content=\"Hilmar\" \/>\n\t<meta name=\"twitter:label2\" content=\"Dur\u00e9e de lecture estim\u00e9e\" \/>\n\t<meta name=\"twitter:data2\" content=\"2 minutes\" \/>\n<script type=\"application\/ld+json\" class=\"yoast-schema-graph\">{\"@context\":\"https:\/\/schema.org\",\"@graph\":[{\"@type\":\"Article\",\"@id\":\"https:\/\/www.svalbard.fr\/actualites\/le-palais-publie-une-mise-a-jour-inquietante-sur-la-sante-alors-que-le-royal-a-besoin-dune-greffe-dorgane-majeure\/#article\",\"isPartOf\":{\"@id\":\"https:\/\/www.svalbard.fr\/actualites\/le-palais-publie-une-mise-a-jour-inquietante-sur-la-sante-alors-que-le-royal-a-besoin-dune-greffe-dorgane-majeure\/\"},\"author\":{\"name\":\"Hilmar\",\"@id\":\"https:\/\/www.svalbard.fr\/actualites\/#\/schema\/person\/a2f937d5712222366738fae98755c600\"},\"headline\":\"Le palais publie une mise \u00e0 jour inqui\u00e9tante sur la sant\u00e9 alors que le royal a besoin d&#39;une greffe d&#39;organe majeure\",\"datePublished\":\"2025-12-19T14:56:08+00:00\",\"dateModified\":\"2025-12-19T14:56:11+00:00\",\"mainEntityOfPage\":{\"@id\":\"https:\/\/www.svalbard.fr\/actualites\/le-palais-publie-une-mise-a-jour-inquietante-sur-la-sante-alors-que-le-royal-a-besoin-dune-greffe-dorgane-majeure\/\"},\"wordCount\":336,\"publisher\":{\"@id\":\"https:\/\/www.svalbard.fr\/actualites\/#organization\"},\"keywords\":[\"alors\",\"besoin\",\"d39organe\",\"d39une\",\"greffe\",\"inqui\u00e9tante\",\"jour\",\"majeure\",\"mise\",\"palais\",\"publi\u00e9\",\"royal\",\"sant\u00e9\",\"sur\",\"Une\"],\"inLanguage\":\"fr-FR\"},{\"@type\":\"WebPage\",\"@id\":\"https:\/\/www.svalbard.fr\/actualites\/le-palais-publie-une-mise-a-jour-inquietante-sur-la-sante-alors-que-le-royal-a-besoin-dune-greffe-dorgane-majeure\/\",\"url\":\"https:\/\/www.svalbard.fr\/actualites\/le-palais-publie-une-mise-a-jour-inquietante-sur-la-sante-alors-que-le-royal-a-besoin-dune-greffe-dorgane-majeure\/\",\"name\":\"Le palais publie une mise \u00e0 jour inqui\u00e9tante sur la sant\u00e9 alors que le royal a besoin d&#39;une greffe d&#39;organe majeure\",\"isPartOf\":{\"@id\":\"https:\/\/www.svalbard.fr\/actualites\/#website\"},\"datePublished\":\"2025-12-19T14:56:08+00:00\",\"dateModified\":\"2025-12-19T14:56:11+00:00\",\"breadcrumb\":{\"@id\":\"https:\/\/www.svalbard.fr\/actualites\/le-palais-publie-une-mise-a-jour-inquietante-sur-la-sante-alors-que-le-royal-a-besoin-dune-greffe-dorgane-majeure\/#breadcrumb\"},\"inLanguage\":\"fr-FR\",\"potentialAction\":[{\"@type\":\"ReadAction\",\"target\":[\"https:\/\/www.svalbard.fr\/actualites\/le-palais-publie-une-mise-a-jour-inquietante-sur-la-sante-alors-que-le-royal-a-besoin-dune-greffe-dorgane-majeure\/\"]}]},{\"@type\":\"BreadcrumbList\",\"@id\":\"https:\/\/www.svalbard.fr\/actualites\/le-palais-publie-une-mise-a-jour-inquietante-sur-la-sante-alors-que-le-royal-a-besoin-dune-greffe-dorgane-majeure\/#breadcrumb\",\"itemListElement\":[{\"@type\":\"ListItem\",\"position\":1,\"name\":\"Accueil\",\"item\":\"https:\/\/www.svalbard.fr\/actualites\/\"},{\"@type\":\"ListItem\",\"position\":2,\"name\":\"Le palais publie une mise \u00e0 jour inqui\u00e9tante sur la sant\u00e9 alors que le royal a besoin d&#39;une greffe d&#39;organe majeure\"}]},{\"@type\":\"WebSite\",\"@id\":\"https:\/\/www.svalbard.fr\/actualites\/#website\",\"url\":\"https:\/\/www.svalbard.fr\/actualites\/\",\"name\":\"www.Svalbard.fr\",\"description\":\"\",\"publisher\":{\"@id\":\"https:\/\/www.svalbard.fr\/actualites\/#organization\"},\"potentialAction\":[{\"@type\":\"SearchAction\",\"target\":{\"@type\":\"EntryPoint\",\"urlTemplate\":\"https:\/\/www.svalbard.fr\/actualites\/?s={search_term_string}\"},\"query-input\":\"required name=search_term_string\"}],\"inLanguage\":\"fr-FR\"},{\"@type\":\"Organization\",\"@id\":\"https:\/\/www.svalbard.fr\/actualites\/#organization\",\"name\":\"www.Svalbard.fr\",\"url\":\"https:\/\/www.svalbard.fr\/actualites\/\",\"logo\":{\"@type\":\"ImageObject\",\"inLanguage\":\"fr-FR\",\"@id\":\"https:\/\/www.svalbard.fr\/actualites\/#\/schema\/logo\/image\/\",\"url\":\"https:\/\/www.svalbard.fr\/actualites\/wp-content\/uploads\/2023\/09\/head-nom.jpg\",\"contentUrl\":\"https:\/\/www.svalbard.fr\/actualites\/wp-content\/uploads\/2023\/09\/head-nom.jpg\",\"width\":264,\"height\":35,\"caption\":\"www.Svalbard.fr\"},\"image\":{\"@id\":\"https:\/\/www.svalbard.fr\/actualites\/#\/schema\/logo\/image\/\"}},{\"@type\":\"Person\",\"@id\":\"https:\/\/www.svalbard.fr\/actualites\/#\/schema\/person\/a2f937d5712222366738fae98755c600\",\"name\":\"Hilmar\",\"image\":{\"@type\":\"ImageObject\",\"inLanguage\":\"fr-FR\",\"@id\":\"https:\/\/www.svalbard.fr\/actualites\/#\/schema\/person\/image\/\",\"url\":\"https:\/\/secure.gravatar.com\/avatar\/4daa437093476dbc32da415c112b6512?s=96&d=mm&r=g\",\"contentUrl\":\"https:\/\/secure.gravatar.com\/avatar\/4daa437093476dbc32da415c112b6512?s=96&d=mm&r=g\",\"caption\":\"Hilmar\"},\"description\":\"Hilmar est un passionn\u00e9 des r\u00e9gions polaires, sp\u00e9cialis\u00e9 dans la r\u00e9daction d'articles sur le Spitzberg et autres destinations arctiques. Il apporte son expertise et sa passion pour l'Arctique au sein de l'\u00e9quipe de r\u00e9daction de Svalbard depuis de nombreuses ann\u00e9es.\",\"sameAs\":[\"https:\/\/www.svalbard.fr\/\"]}]}<\/script>\n<!-- \/ Yoast SEO plugin. -->","yoast_head_json":{"title":"Le palais publie une mise \u00e0 jour inqui\u00e9tante sur la sant\u00e9 alors que le royal a besoin d&#39;une greffe d&#39;organe majeure","robots":{"index":"index","follow":"follow","max-snippet":"max-snippet:-1","max-image-preview":"max-image-preview:large","max-video-preview":"max-video-preview:-1"},"canonical":"https:\/\/www.svalbard.fr\/actualites\/le-palais-publie-une-mise-a-jour-inquietante-sur-la-sante-alors-que-le-royal-a-besoin-dune-greffe-dorgane-majeure\/","og_locale":"fr_FR","og_type":"article","og_title":"Le palais publie une mise \u00e0 jour inqui\u00e9tante sur la sant\u00e9 alors que le royal a besoin d&#39;une greffe d&#39;organe majeure","og_description":"La princesse h\u00e9riti\u00e8re de Norv\u00e8ge a besoin d&#39;une greffe de poumon suite \u00e0 une d\u00e9t\u00e9rioration de son \u00e9tat de sant\u00e9 ces derniers mois, a annonc\u00e9","og_url":"https:\/\/www.svalbard.fr\/actualites\/le-palais-publie-une-mise-a-jour-inquietante-sur-la-sante-alors-que-le-royal-a-besoin-dune-greffe-dorgane-majeure\/","og_site_name":"www.Svalbard.fr","article_published_time":"2025-12-19T14:56:08+00:00","article_modified_time":"2025-12-19T14:56:11+00:00","og_image":[{"width":1200,"height":630,"url":"https:\/\/www.svalbard.fr\/actualites\/wp-content\/uploads\/2025\/12\/Le-palais-publie-une-mise-a-jour-inquietante-sur-la.jpg","type":"image\/jpeg"}],"author":"Hilmar","twitter_card":"summary_large_image","twitter_misc":{"\u00c9crit par":"Hilmar","Dur\u00e9e de lecture estim\u00e9e":"2 minutes"},"schema":{"@context":"https:\/\/schema.org","@graph":[{"@type":"Article","@id":"https:\/\/www.svalbard.fr\/actualites\/le-palais-publie-une-mise-a-jour-inquietante-sur-la-sante-alors-que-le-royal-a-besoin-dune-greffe-dorgane-majeure\/#article","isPartOf":{"@id":"https:\/\/www.svalbard.fr\/actualites\/le-palais-publie-une-mise-a-jour-inquietante-sur-la-sante-alors-que-le-royal-a-besoin-dune-greffe-dorgane-majeure\/"},"author":{"name":"Hilmar","@id":"https:\/\/www.svalbard.fr\/actualites\/#\/schema\/person\/a2f937d5712222366738fae98755c600"},"headline":"Le palais publie une mise \u00e0 jour inqui\u00e9tante sur la sant\u00e9 alors que le royal a besoin d&#39;une greffe d&#39;organe majeure","datePublished":"2025-12-19T14:56:08+00:00","dateModified":"2025-12-19T14:56:11+00:00","mainEntityOfPage":{"@id":"https:\/\/www.svalbard.fr\/actualites\/le-palais-publie-une-mise-a-jour-inquietante-sur-la-sante-alors-que-le-royal-a-besoin-dune-greffe-dorgane-majeure\/"},"wordCount":336,"publisher":{"@id":"https:\/\/www.svalbard.fr\/actualites\/#organization"},"keywords":["alors","besoin","d39organe","d39une","greffe","inqui\u00e9tante","jour","majeure","mise","palais","publi\u00e9","royal","sant\u00e9","sur","Une"],"inLanguage":"fr-FR"},{"@type":"WebPage","@id":"https:\/\/www.svalbard.fr\/actualites\/le-palais-publie-une-mise-a-jour-inquietante-sur-la-sante-alors-que-le-royal-a-besoin-dune-greffe-dorgane-majeure\/","url":"https:\/\/www.svalbard.fr\/actualites\/le-palais-publie-une-mise-a-jour-inquietante-sur-la-sante-alors-que-le-royal-a-besoin-dune-greffe-dorgane-majeure\/","name":"Le palais publie une mise \u00e0 jour inqui\u00e9tante sur la sant\u00e9 alors que le royal a besoin d&#39;une greffe d&#39;organe majeure","isPartOf":{"@id":"https:\/\/www.svalbard.fr\/actualites\/#website"},"datePublished":"2025-12-19T14:56:08+00:00","dateModified":"2025-12-19T14:56:11+00:00","breadcrumb":{"@id":"https:\/\/www.svalbard.fr\/actualites\/le-palais-publie-une-mise-a-jour-inquietante-sur-la-sante-alors-que-le-royal-a-besoin-dune-greffe-dorgane-majeure\/#breadcrumb"},"inLanguage":"fr-FR","potentialAction":[{"@type":"ReadAction","target":["https:\/\/www.svalbard.fr\/actualites\/le-palais-publie-une-mise-a-jour-inquietante-sur-la-sante-alors-que-le-royal-a-besoin-dune-greffe-dorgane-majeure\/"]}]},{"@type":"BreadcrumbList","@id":"https:\/\/www.svalbard.fr\/actualites\/le-palais-publie-une-mise-a-jour-inquietante-sur-la-sante-alors-que-le-royal-a-besoin-dune-greffe-dorgane-majeure\/#breadcrumb","itemListElement":[{"@type":"ListItem","position":1,"name":"Accueil","item":"https:\/\/www.svalbard.fr\/actualites\/"},{"@type":"ListItem","position":2,"name":"Le palais publie une mise \u00e0 jour inqui\u00e9tante sur la sant\u00e9 alors que le royal a besoin d&#39;une greffe d&#39;organe majeure"}]},{"@type":"WebSite","@id":"https:\/\/www.svalbard.fr\/actualites\/#website","url":"https:\/\/www.svalbard.fr\/actualites\/","name":"www.Svalbard.fr","description":"","publisher":{"@id":"https:\/\/www.svalbard.fr\/actualites\/#organization"},"potentialAction":[{"@type":"SearchAction","target":{"@type":"EntryPoint","urlTemplate":"https:\/\/www.svalbard.fr\/actualites\/?s={search_term_string}"},"query-input":"required name=search_term_string"}],"inLanguage":"fr-FR"},{"@type":"Organization","@id":"https:\/\/www.svalbard.fr\/actualites\/#organization","name":"www.Svalbard.fr","url":"https:\/\/www.svalbard.fr\/actualites\/","logo":{"@type":"ImageObject","inLanguage":"fr-FR","@id":"https:\/\/www.svalbard.fr\/actualites\/#\/schema\/logo\/image\/","url":"https:\/\/www.svalbard.fr\/actualites\/wp-content\/uploads\/2023\/09\/head-nom.jpg","contentUrl":"https:\/\/www.svalbard.fr\/actualites\/wp-content\/uploads\/2023\/09\/head-nom.jpg","width":264,"height":35,"caption":"www.Svalbard.fr"},"image":{"@id":"https:\/\/www.svalbard.fr\/actualites\/#\/schema\/logo\/image\/"}},{"@type":"Person","@id":"https:\/\/www.svalbard.fr\/actualites\/#\/schema\/person\/a2f937d5712222366738fae98755c600","name":"Hilmar","image":{"@type":"ImageObject","inLanguage":"fr-FR","@id":"https:\/\/www.svalbard.fr\/actualites\/#\/schema\/person\/image\/","url":"https:\/\/secure.gravatar.com\/avatar\/4daa437093476dbc32da415c112b6512?s=96&d=mm&r=g","contentUrl":"https:\/\/secure.gravatar.com\/avatar\/4daa437093476dbc32da415c112b6512?s=96&d=mm&r=g","caption":"Hilmar"},"description":"Hilmar est un passionn\u00e9 des r\u00e9gions polaires, sp\u00e9cialis\u00e9 dans la r\u00e9daction d'articles sur le Spitzberg et autres destinations arctiques. Il apporte son expertise et sa passion pour l'Arctique au sein de l'\u00e9quipe de r\u00e9daction de Svalbard depuis de nombreuses ann\u00e9es.","sameAs":["https:\/\/www.svalbard.fr\/"]}]}},"_links":{"self":[{"href":"https:\/\/www.svalbard.fr\/actualites\/wp-json\/wp\/v2\/posts\/5145"}],"collection":[{"href":"https:\/\/www.svalbard.fr\/actualites\/wp-json\/wp\/v2\/posts"}],"about":[{"href":"https:\/\/www.svalbard.fr\/actualites\/wp-json\/wp\/v2\/types\/post"}],"author":[{"embeddable":true,"href":"https:\/\/www.svalbard.fr\/actualites\/wp-json\/wp\/v2\/users\/1"}],"replies":[{"embeddable":true,"href":"https:\/\/www.svalbard.fr\/actualites\/wp-json\/wp\/v2\/comments?post=5145"}],"version-history":[{"count":1,"href":"https:\/\/www.svalbard.fr\/actualites\/wp-json\/wp\/v2\/posts\/5145\/revisions"}],"predecessor-version":[{"id":5147,"href":"https:\/\/www.svalbard.fr\/actualites\/wp-json\/wp\/v2\/posts\/5145\/revisions\/5147"}],"wp:featuredmedia":[{"embeddable":true,"href":"https:\/\/www.svalbard.fr\/actualites\/wp-json\/wp\/v2\/media\/5146"}],"wp:attachment":[{"href":"https:\/\/www.svalbard.fr\/actualites\/wp-json\/wp\/v2\/media?parent=5145"}],"wp:term":[{"taxonomy":"category","embeddable":true,"href":"https:\/\/www.svalbard.fr\/actualites\/wp-json\/wp\/v2\/categories?post=5145"},{"taxonomy":"post_tag","embeddable":true,"href":"https:\/\/www.svalbard.fr\/actualites\/wp-json\/wp\/v2\/tags?post=5145"}],"curies":[{"name":"wp","href":"https:\/\/api.w.org\/{rel}","templated":true}]}}