{"id":5149,"date":"2025-12-22T10:56:19","date_gmt":"2025-12-22T09:56:19","guid":{"rendered":"https:\/\/www.svalbard.fr\/actualites\/10-faits-sur-lhistoire-et-la-culture-sami\/"},"modified":"2025-12-22T10:56:19","modified_gmt":"2025-12-22T09:56:19","slug":"10-faits-sur-lhistoire-et-la-culture-sami","status":"publish","type":"post","link":"https:\/\/www.svalbard.fr\/actualites\/10-faits-sur-lhistoire-et-la-culture-sami\/","title":{"rendered":"10 faits sur l&#39;histoire et la culture sami"},"content":{"rendered":"<div itemprop=\"text\">\n\t\t\t<span id=\"dpsp-post-content-markup\" data-image-pin-it=\"false\"><\/span><\/p>\n<p class=\"intro\">Des traditions anciennes \u00e0 l\u2019influence politique moderne, la culture s\u00e2me joue un r\u00f4le central dans le nord de la Norv\u00e8ge. Voici ce que vous devez savoir sur l&#39;histoire, l&#39;identit\u00e9 et la r\u00e9silience du peuple sami.<\/p>\n<p>Le peuple sami est la population autochtone du nord de la Scandinavie, avec une patrie (connue sous le nom de S\u00e1pmi) qui s&#39;\u00e9tend sur le nord de la Norv\u00e8ge, la Su\u00e8de, la Finlande et la p\u00e9ninsule russe de Kola.<\/p>\n<figure class=\"wp-block-image size-large\"><img data-lazyloaded=\"1\" data-placeholder-resp=\"768x432\" fetchpriority=\"high\" decoding=\"async\" width=\"768\" height=\"432\" src=\"https:\/\/www.svalbard.fr\/actualites\/wp-content\/uploads\/2025\/12\/10-faits-sur-l39histoire-et-la-culture-sami.jpg\" alt=\"Rencontre avec un Sami au village Maze Sami. Photo : David Nikel.\" class=\"wp-image-85159\"  data-><noscript><img fetchpriority=\"high\" decoding=\"async\" width=\"768\" height=\"432\" src=\"https:\/\/www.svalbard.fr\/actualites\/wp-content\/uploads\/2025\/12\/10-faits-sur-l39histoire-et-la-culture-sami.jpg\" alt=\"Rencontre avec un Sami au village Maze Sami. Photo : David Nikel.\" class=\"wp-image-85159\"  ><\/noscript><\/figure>\n<p>La Norv\u00e8ge abrite aujourd&#39;hui la plus grande population s\u00e2me, et des \u00e9l\u00e9ments de l&#39;h\u00e9ritage s\u00e2me sont visibles dans tout le nord, depuis les panneaux routiers bilingues de Troms et du Finnmark jusqu&#39;aux districts d&#39;\u00e9levage de rennes entourant Kautokeino et Karasjok.<\/p>\n<p>Lors d&#39;une r\u00e9cente visite dans le vaste comt\u00e9 du Finnmark, j&#39;ai rendu visite \u00e0 une famille s\u00e2me pour en apprendre davantage sur l&#39;histoire et la culture. J&#39;ai r\u00e9alis\u00e9 une vid\u00e9o sur cette visite, que si vous \u00eates int\u00e9ress\u00e9, vous pouvez regarder sur la cha\u00eene YouTube de Life in Norwegian.<\/p>\n<p>Que vous voyagiez dans l&#39;Arctique ou que vous soyez simplement curieux de conna\u00eetre la vie dans le nord de la Norv\u00e8ge, comprendre l&#39;histoire des Samis ajoute une \u00e9norme profondeur \u00e0 votre exp\u00e9rience. Voici dix faits qui aident \u00e0 expliquer l\u2019histoire, la culture et les r\u00e9alit\u00e9s de la vie moderne des Samis.<\/p>\n<h2 class=\"wp-block-heading\"><strong>1. Les S\u00e2mes vivent dans le nord de la Scandinavie depuis des milliers d&#39;ann\u00e9es<\/strong><\/h2>\n<p>Des preuves arch\u00e9ologiques montrent que des communaut\u00e9s s\u00e2mes vivent dans le nord de la Scandinavie depuis plusieurs mill\u00e9naires, bien avant la formation des \u00c9tats modernes de Norv\u00e8ge, de Su\u00e8de et de Finlande.<\/p>\n<p>Les d\u00e9couvertes d\u2019outils, de sites de peuplement et d\u2019anciennes routes de migration t\u00e9moignent d\u2019un lien profond et continu avec la terre. Cette longue histoire est l&#39;une des raisons pour lesquelles les Samis sont reconnus comme <strong>Les peuples autochtones d&#39;Europe<\/strong>.<\/p>\n<p>S\u00e1pmi, leur patrie, n&#39;est pas d\u00e9finie par des fronti\u00e8res politiques mais par le paysage, la langue, la tradition et la continuit\u00e9 culturelle. C&#39;est une identit\u00e9 fa\u00e7onn\u00e9e par les montagnes, les c\u00f4tes, les migrations des rennes et les rythmes de l&#39;environnement arctique.<\/p>\n<h2 class=\"wp-block-heading\">2. L\u2019\u00e9levage de rennes est important, mais tous les Samis ne sont pas des \u00e9leveurs<\/h2>\n<p>L&#39;\u00e9levage de rennes est l&#39;un des aspects les plus reconnaissables de la culture sami, mais il ne concerne qu&#39;un <strong>minorit\u00e9<\/strong> du Sami aujourd&#39;hui. Historiquement, de nombreux S\u00e2mes \u00e9taient des p\u00eacheurs c\u00f4tiers, des agriculteurs de l&#39;int\u00e9rieur, des artisans, des commer\u00e7ants ou un m\u00e9lange de tout cela.<\/p>\n<figure class=\"wp-block-image size-large\"><img loading=\"lazy\" data-lazyloaded=\"1\" data-placeholder-resp=\"768x432\" decoding=\"async\" width=\"768\" height=\"432\" src=\"https:\/\/www.svalbard.fr\/actualites\/wp-content\/uploads\/2025\/12\/1766397378_227_10-faits-sur-l39histoire-et-la-culture-sami.jpg\" alt=\"Renne au village Maze Sami. Photo : David Nikel.\" class=\"wp-image-85160\"  data-><noscript><img loading=\"lazy\" decoding=\"async\" width=\"768\" height=\"432\" src=\"https:\/\/www.svalbard.fr\/actualites\/wp-content\/uploads\/2025\/12\/1766397378_227_10-faits-sur-l39histoire-et-la-culture-sami.jpg\" alt=\"Renne au village Maze Sami. Photo : David Nikel.\" class=\"wp-image-85160\"  ><\/noscript><\/figure>\n<p>Il existe plusieurs identit\u00e9s s\u00e2mes distinctes, notamment les S\u00e2mes des montagnes, les S\u00e2mes des for\u00eats et les S\u00e2mes des c\u00f4tes, chacune avec sa propre histoire et sa propre relation avec la terre.<\/p>\n<h2 class=\"wp-block-heading\"><strong>3. L\u2019\u00e9levage de rennes b\u00e9n\u00e9ficie d\u2019une protection juridique sp\u00e9ciale<\/strong><\/h2>\n<p>Dans une grande partie du nord de la Norv\u00e8ge, le droit de pratiquer l&#39;\u00e9levage de rennes est r\u00e9serv\u00e9 aux S\u00e2mes appartenant \u00e0 un \u00e9levage d\u00e9sign\u00e9. <em>siidas<\/em> (unit\u00e9s familiales ou communautaires). Ce droit est prot\u00e9g\u00e9 par la loi norv\u00e9gienne et refl\u00e8te la profonde importance culturelle, \u00e9conomique et historique de l&#39;\u00e9levage du renne.<\/p>\n<p>Les \u00e9leveurs suivent les routes de migration traditionnelles fa\u00e7onn\u00e9es par les saisons et, m\u00eame si leur travail implique d\u00e9sormais <strong>drones, motoneiges et colliers GPS<\/strong>les principes sont ancr\u00e9s dans des connaissances transmises de g\u00e9n\u00e9ration en g\u00e9n\u00e9ration.<\/p>\n<h2 class=\"wp-block-heading\"><strong>4. Les langues s\u00e2mes sont diverses et distinctes du norv\u00e9gien<\/strong><\/h2>\n<p>Il n\u2019existe pas une seule langue s\u00e2me. En Norv\u00e8ge, trois langues s\u00e2mes sont activement utilis\u00e9es aujourd&#39;hui\u00a0:<\/p>\n<ul class=\"wp-block-list\">\n<li>S\u00e2me du Nord<\/li>\n<li>S\u00e2me de Lule<\/li>\n<li>S\u00e2me du sud<\/li>\n<\/ul>\n<p>Ces langues appartiennent \u00e0 la famille finno-ougrienne (li\u00e9e au finnois et \u00e0 l&#39;estonien) plut\u00f4t qu&#39;\u00e0 la famille germanique qui comprend le norv\u00e9gien. Chaque langue a sa propre grammaire, ses sons, sa litt\u00e9rature et ses dialectes.<\/p>\n<p>Les panneaux routiers bilingues dans les municipalit\u00e9s du nord soulignent l&#39;engagement de garder les langues s\u00e2mes visibles et vivantes.<\/p>\n<h2 class=\"wp-block-heading\">5. Le Parlement s\u00e2me donne aux S\u00e2mes une voix politique<\/h2>\n<p>Le Parlement s\u00e2me norv\u00e9gien (S\u00e1mediggi) a \u00e9t\u00e9 cr\u00e9\u00e9 en 1989, r\u00e9sultat direct de la mobilisation politique croissante des S\u00e2mes et de la reconnaissance plus large des droits des S\u00e2mes \u00e0 la suite du conflit d&#39;Alta. Bas\u00e9 \u00e0 Karasjok, le parlement est un organe d\u00e9mocratiquement \u00e9lu qui repr\u00e9sente les int\u00e9r\u00eats des Samis au niveau national.<\/p>\n<p>Contrairement \u00e0 un parlement l\u00e9gislatif \u00e0 part enti\u00e8re, le S\u00e1mediggi ne vote pas de lois. Au lieu de cela, il fonctionne comme une autorit\u00e9 consultative et consultative, garantissant que les perspectives des Samis sont prises en compte dans la politique et la prise de d\u00e9cision de l&#39;\u00c9tat.<\/p>\n<p>Il est essentiel que le gouvernement norv\u00e9gien soit tenu de consulter le Parlement s\u00e2me sur les questions susceptibles d&#39;affecter le peuple s\u00e2me, en particulier dans les domaines li\u00e9s \u00e0 la terre, aux ressources, \u00e0 la culture et \u00e0 la langue.<\/p>\n<figure class=\"wp-block-image size-full\"><img loading=\"lazy\" data-lazyloaded=\"1\" data-placeholder-resp=\"780x616\" decoding=\"async\" width=\"780\" height=\"616\" src=\"https:\/\/www.svalbard.fr\/actualites\/wp-content\/uploads\/2025\/12\/1766397379_122_10-faits-sur-l39histoire-et-la-culture-sami.jpg\" alt=\"Le Parlement sami norv\u00e9gien \u00e0 Karasjok, Finnmark.\" class=\"wp-image-24217\"  data-><noscript><img loading=\"lazy\" decoding=\"async\" width=\"780\" height=\"616\" src=\"https:\/\/www.svalbard.fr\/actualites\/wp-content\/uploads\/2025\/12\/1766397379_122_10-faits-sur-l39histoire-et-la-culture-sami.jpg\" alt=\"Le Parlement sami norv\u00e9gien \u00e0 Karasjok, Finnmark.\" class=\"wp-image-24217\"  ><\/noscript><\/figure>\n<p>Les \u00e9lections au Parlement sami ont lieu tous les quatre ans. Toute personne en Norv\u00e8ge qui s&#39;identifie comme S\u00e2me et r\u00e9pond \u00e0 certains crit\u00e8res, comme avoir un grand-parent parlant le S\u00e2me, peut s&#39;inscrire sur les listes \u00e9lectorales.<\/p>\n<p>La Norv\u00e8ge n&#39;est pas seule dans ce syst\u00e8me. Les parlements s\u00e2mes fonctionnent \u00e9galement en Su\u00e8de et en Finlande, et les trois collaborent sur les questions transfrontali\u00e8res par le biais d&#39;un organe commun connu sous le nom de Conseil parlementaire s\u00e2me. Cette coop\u00e9ration refl\u00e8te la r\u00e9alit\u00e9 selon laquelle S\u00e1pmi s&#39;\u00e9tend au-del\u00e0 des fronti\u00e8res nationales.<\/p>\n<h2 class=\"wp-block-heading\"><strong>6. Les politiques d&#39;assimilation de la Norv\u00e8ge ont laiss\u00e9 une marque durable<\/strong><\/h2>\n<p>Du milieu des ann\u00e9es 1800 jusqu\u2019au d\u00e9but du XXe si\u00e8cle, le gouvernement norv\u00e9gien a men\u00e9 une vaste campagne de \u00ab<strong>Norv\u00e9gisation<\/strong>.\u00bb Ces politiques visaient \u00e0 assimiler les Samis et d&#39;autres minorit\u00e9s dans la culture majoritaire norv\u00e9gienne.<\/p>\n<p>Les enseignants ont \u00e9t\u00e9 encourag\u00e9s, et parfois oblig\u00e9s, \u00e0 supprimer les langues s\u00e2mes en classe. Au fil du temps, le message \u00e9tait clair : parler le s\u00e2me \u00e9tait d\u00e9courag\u00e9, voire carr\u00e9ment interdit.<\/p>\n<p>Les r\u00e8gles de propri\u00e9t\u00e9 fonci\u00e8re ont \u00e9galement renforc\u00e9 cette tendance. Dans certaines r\u00e9gions, les personnes souhaitant acheter ou conserver des terres ont \u00e9t\u00e9 contraintes de prendre des noms norv\u00e9giens et de d\u00e9montrer leur ma\u00eetrise de la langue norv\u00e9gienne.<\/p>\n<p>Ces mesures ont contribu\u00e9 \u00e0 cr\u00e9er un climat social plus large dans lequel l&#39;identit\u00e9 s\u00e2me \u00e9tait consid\u00e9r\u00e9e comme quelque chose \u00e0 cacher et non \u00e0 c\u00e9l\u00e9brer.<\/p>\n<p>En cons\u00e9quence, de nombreuses familles s\u00e2mes ont pris la douloureuse d\u00e9cision d\u2019arr\u00eater de parler s\u00e2me \u00e0 la maison pour prot\u00e9ger leurs enfants de la discrimination ou pour les aider \u00e0 \u00ab s\u2019int\u00e9grer \u00bb. Cela a cr\u00e9\u00e9 une rupture g\u00e9n\u00e9rationnelle dans la langue et la culture qui est encore en train d\u2019\u00eatre r\u00e9par\u00e9e aujourd\u2019hui.<\/p>\n<p>Les efforts de revitalisation modernes, depuis l\u2019\u00e9ducation bilingue jusqu\u2019aux festivals culturels, font partie d\u2019une tentative plus large visant \u00e0 panser les blessures laiss\u00e9es par un si\u00e8cle d\u2019assimilation.<\/p>\n<h2 class=\"wp-block-heading\"><strong>7. Le conflit d&#39;Alta a contribu\u00e9 \u00e0 transformer les droits des S\u00e2mes<\/strong><\/h2>\n<p>Le mouvement de protestation autour du <strong>Projet hydro\u00e9lectrique de la rivi\u00e8re Alta \u2013 Kautokeino<\/strong> la fin des ann\u00e9es 1970 et le d\u00e9but des ann\u00e9es 1980 est devenu l\u2019un des tournants les plus importants de l\u2019histoire politique des Samis.<\/p>\n<p>Le projet du gouvernement norv\u00e9gien de construire un grand barrage dans l&#39;Alta Canyon mena\u00e7ait les p\u00e2turages samis, les communaut\u00e9s locales et les moyens de subsistance traditionnels. Cela symbolisait \u00e9galement des frustrations plus profondes face \u00e0 une longue histoire de d\u00e9cisions prises sans la participation des S\u00e2mes.<\/p>\n<p>Ce qui a commenc\u00e9 comme un conflit local est rapidement devenu un probl\u00e8me national et international. Des militants, \u00e9cologistes et sympathisants s\u00e2mes ont organis\u00e9 des marches, des campagnes de d\u00e9sob\u00e9issance civile et des gr\u00e8ves de la faim \u00e0 Oslo.<\/p>\n<p>Les images de la police \u00e9vacuant les manifestants du chantier de construction ont fait la une des journaux et suscit\u00e9 un d\u00e9bat bien au-del\u00e0 du nord de la Norv\u00e8ge. M\u00eame si le barrage a finalement \u00e9t\u00e9 construit, l\u2019impact politique a \u00e9t\u00e9 profond.<\/p>\n<p>Le conflit d&#39;Alta a forc\u00e9 le gouvernement norv\u00e9gien \u00e0 reconna\u00eetre que les droits des S\u00e2mes avaient besoin d&#39;une protection plus forte, ce qui a abouti \u00e0 la cr\u00e9ation du Comit\u00e9 des droits des S\u00e2mes, puis du Parlement s\u00e2me en 1989.<\/p>\n<h2 class=\"wp-block-heading\">8. L&#39;artisanat \u00ab\u00a0Duodji\u00a0\u00bb est riche de sens<\/h2>\n<p><em>Duodji<\/em>la tradition artisanale traditionnelle s\u00e2me, couvre tout, du travail du cuir et des textiles aux tasses, couteaux, bijoux et outils pratiques du quotidien en bois sculpt\u00e9.<\/p>\n<figure class=\"wp-block-image size-large\"><img loading=\"lazy\" data-lazyloaded=\"1\" data-placeholder-resp=\"768x432\" decoding=\"async\" width=\"768\" height=\"432\" src=\"https:\/\/www.svalbard.fr\/actualites\/wp-content\/uploads\/2025\/12\/1766397379_820_10-faits-sur-l39histoire-et-la-culture-sami.jpg\" alt=\"Ext\u00e9rieur du magasin Sami \u00e0 Troms\u00f8, Norv\u00e8ge.\" class=\"wp-image-85220\"  data-><noscript><img loading=\"lazy\" decoding=\"async\" width=\"768\" height=\"432\" src=\"https:\/\/www.svalbard.fr\/actualites\/wp-content\/uploads\/2025\/12\/1766397379_820_10-faits-sur-l39histoire-et-la-culture-sami.jpg\" alt=\"Ext\u00e9rieur du magasin Sami \u00e0 Troms\u00f8, Norv\u00e8ge.\" class=\"wp-image-85220\"  ><\/noscript><\/figure>\n<p>Ces objets portent plusieurs significations, refl\u00e9tant les styles r\u00e9gionaux, les traditions familiales et la relation des Samis avec les mat\u00e9riaux naturels tels que le bois de renne, le bouleau et le cuir.<\/p>\n<p><em>Duodji<\/em> a toujours m\u00eal\u00e9 fonctionnalit\u00e9 et beaut\u00e9, avec des designs fa\u00e7onn\u00e9s par la vie dans l&#39;Arctique.<\/p>\n<p>Aujourd&#39;hui, de nombreux artisans s\u00e2mes perp\u00e9tuent leur m\u00e9tier en utilisant des techniques ancestrales tout en exp\u00e9rimentant de nouveaux mat\u00e9riaux et une esth\u00e9tique moderne, garantissant ainsi que le duodji reste une expression culturelle vivante et \u00e9volutive.<\/p>\n<h2 class=\"wp-block-heading\"><strong>9. Le G\u00e1kti est un v\u00eatement culturel vivant<\/strong><\/h2>\n<p>La tenue traditionnelle sami, connue sous le nom de <em>gakti<\/em>varie en couleur et en design d&#39;une r\u00e9gion \u00e0 l&#39;autre. Les d\u00e9tails peuvent indiquer l&#39;origine d&#39;une personne et, dans certains cas, ses affiliations familiales ou des occasions sp\u00e9ciales.<\/p>\n<p>Le <em>gakti<\/em> est port\u00e9 lors de festivals culturels, de mariages, de bapt\u00eames, de fun\u00e9railles et d&#39;\u00e9v\u00e9nements politiques. C&#39;est un symbole d&#39;identit\u00e9 et de fiert\u00e9, pas un costume.<\/p>\n<h2 class=\"wp-block-heading\">10. La culture s\u00e2me conna\u00eet un renouveau discret<\/h2>\n<p>La culture sami est loin d\u2019\u00eatre fig\u00e9e dans le temps. Dans tout le nord de la Norv\u00e8ge, vous trouverez un m\u00e9lange dynamique de tradition et d&#39;innovation, des musiciens s\u00e2mes contemporains et un int\u00e9r\u00eat renouvel\u00e9 pour le joik \u00e0 un corpus croissant de films, de litt\u00e9rature et de t\u00e9l\u00e9vision s\u00e2mes.<\/p>\n<p>Les festivals tels que Riddu Ri\u0111\u0111u et les march\u00e9s d&#39;hiver de Kautokeino et Karasjok restent des pierres angulaires de la culture, tandis que les jeunes g\u00e9n\u00e9rations se r\u00e9approprient de plus en plus leurs langues et leur identit\u00e9.<\/p>\n<p>La culture s\u00e2me a \u00e9galement occup\u00e9 le devant de la sc\u00e8ne lors de Bod\u00f8 2024, lorsque la capitale europ\u00e9enne de la culture a pr\u00e9sent\u00e9 l&#39;art et les r\u00e9cits s\u00e2mes au public international. Malgr\u00e9 les d\u00e9fis permanents, la culture s\u00e2me continue d&#39;\u00e9voluer, de s&#39;adapter et de s&#39;\u00e9panouir.<\/p>\n<\/p><\/div>\n","protected":false},"excerpt":{"rendered":"<p>Des traditions anciennes \u00e0 l\u2019influence politique moderne, la culture s\u00e2me joue un r\u00f4le central dans le nord de la Norv\u00e8ge. Voici ce que vous devez<\/p>\n","protected":false},"author":1,"featured_media":5150,"comment_status":"","ping_status":"","sticky":false,"template":"","format":"standard","meta":{"footnotes":""},"categories":[2277],"tags":[772,505,1203,773,28],"yoast_head":"<!-- This site is optimized with the Yoast SEO plugin v21.0 - https:\/\/yoast.com\/wordpress\/plugins\/seo\/ -->\n<title>10 faits sur l&#039;histoire et la culture sami<\/title>\n<meta name=\"robots\" content=\"index, follow, max-snippet:-1, max-image-preview:large, max-video-preview:-1\" \/>\n<link rel=\"canonical\" href=\"https:\/\/www.svalbard.fr\/actualites\/10-faits-sur-lhistoire-et-la-culture-sami\/\" \/>\n<meta property=\"og:locale\" content=\"fr_FR\" \/>\n<meta property=\"og:type\" content=\"article\" \/>\n<meta property=\"og:title\" content=\"10 faits sur l&#039;histoire et la culture sami\" \/>\n<meta property=\"og:description\" content=\"Des traditions anciennes \u00e0 l\u2019influence politique moderne, la culture s\u00e2me joue un r\u00f4le central dans le nord de la Norv\u00e8ge. Voici ce que vous devez\" \/>\n<meta property=\"og:url\" content=\"https:\/\/www.svalbard.fr\/actualites\/10-faits-sur-lhistoire-et-la-culture-sami\/\" \/>\n<meta property=\"og:site_name\" content=\"www.Svalbard.fr\" \/>\n<meta property=\"article:published_time\" content=\"2025-12-22T09:56:19+00:00\" \/>\n<meta property=\"og:image\" content=\"https:\/\/www.svalbard.fr\/actualites\/wp-content\/uploads\/2025\/12\/10-faits-sur-l39histoire-et-la-culture-sami.jpg\" \/>\n<meta name=\"author\" content=\"Hilmar\" \/>\n<meta name=\"twitter:card\" content=\"summary_large_image\" \/>\n<meta name=\"twitter:label1\" content=\"\u00c9crit par\" \/>\n\t<meta name=\"twitter:data1\" content=\"Hilmar\" \/>\n\t<meta name=\"twitter:label2\" content=\"Dur\u00e9e de lecture estim\u00e9e\" \/>\n\t<meta name=\"twitter:data2\" content=\"9 minutes\" \/>\n<script type=\"application\/ld+json\" class=\"yoast-schema-graph\">{\"@context\":\"https:\/\/schema.org\",\"@graph\":[{\"@type\":\"Article\",\"@id\":\"https:\/\/www.svalbard.fr\/actualites\/10-faits-sur-lhistoire-et-la-culture-sami\/#article\",\"isPartOf\":{\"@id\":\"https:\/\/www.svalbard.fr\/actualites\/10-faits-sur-lhistoire-et-la-culture-sami\/\"},\"author\":{\"name\":\"Hilmar\",\"@id\":\"https:\/\/www.svalbard.fr\/actualites\/#\/schema\/person\/a2f937d5712222366738fae98755c600\"},\"headline\":\"10 faits sur l&#39;histoire et la culture sami\",\"datePublished\":\"2025-12-22T09:56:19+00:00\",\"dateModified\":\"2025-12-22T09:56:19+00:00\",\"mainEntityOfPage\":{\"@id\":\"https:\/\/www.svalbard.fr\/actualites\/10-faits-sur-lhistoire-et-la-culture-sami\/\"},\"wordCount\":1902,\"publisher\":{\"@id\":\"https:\/\/www.svalbard.fr\/actualites\/#organization\"},\"keywords\":[\"culture\",\"faits\",\"l39histoire\",\"sami\",\"sur\"],\"inLanguage\":\"fr-FR\"},{\"@type\":\"WebPage\",\"@id\":\"https:\/\/www.svalbard.fr\/actualites\/10-faits-sur-lhistoire-et-la-culture-sami\/\",\"url\":\"https:\/\/www.svalbard.fr\/actualites\/10-faits-sur-lhistoire-et-la-culture-sami\/\",\"name\":\"10 faits sur l&#39;histoire et la culture sami\",\"isPartOf\":{\"@id\":\"https:\/\/www.svalbard.fr\/actualites\/#website\"},\"datePublished\":\"2025-12-22T09:56:19+00:00\",\"dateModified\":\"2025-12-22T09:56:19+00:00\",\"breadcrumb\":{\"@id\":\"https:\/\/www.svalbard.fr\/actualites\/10-faits-sur-lhistoire-et-la-culture-sami\/#breadcrumb\"},\"inLanguage\":\"fr-FR\",\"potentialAction\":[{\"@type\":\"ReadAction\",\"target\":[\"https:\/\/www.svalbard.fr\/actualites\/10-faits-sur-lhistoire-et-la-culture-sami\/\"]}]},{\"@type\":\"BreadcrumbList\",\"@id\":\"https:\/\/www.svalbard.fr\/actualites\/10-faits-sur-lhistoire-et-la-culture-sami\/#breadcrumb\",\"itemListElement\":[{\"@type\":\"ListItem\",\"position\":1,\"name\":\"Accueil\",\"item\":\"https:\/\/www.svalbard.fr\/actualites\/\"},{\"@type\":\"ListItem\",\"position\":2,\"name\":\"10 faits sur l&#39;histoire et la culture sami\"}]},{\"@type\":\"WebSite\",\"@id\":\"https:\/\/www.svalbard.fr\/actualites\/#website\",\"url\":\"https:\/\/www.svalbard.fr\/actualites\/\",\"name\":\"www.Svalbard.fr\",\"description\":\"\",\"publisher\":{\"@id\":\"https:\/\/www.svalbard.fr\/actualites\/#organization\"},\"potentialAction\":[{\"@type\":\"SearchAction\",\"target\":{\"@type\":\"EntryPoint\",\"urlTemplate\":\"https:\/\/www.svalbard.fr\/actualites\/?s={search_term_string}\"},\"query-input\":\"required name=search_term_string\"}],\"inLanguage\":\"fr-FR\"},{\"@type\":\"Organization\",\"@id\":\"https:\/\/www.svalbard.fr\/actualites\/#organization\",\"name\":\"www.Svalbard.fr\",\"url\":\"https:\/\/www.svalbard.fr\/actualites\/\",\"logo\":{\"@type\":\"ImageObject\",\"inLanguage\":\"fr-FR\",\"@id\":\"https:\/\/www.svalbard.fr\/actualites\/#\/schema\/logo\/image\/\",\"url\":\"https:\/\/www.svalbard.fr\/actualites\/wp-content\/uploads\/2023\/09\/head-nom.jpg\",\"contentUrl\":\"https:\/\/www.svalbard.fr\/actualites\/wp-content\/uploads\/2023\/09\/head-nom.jpg\",\"width\":264,\"height\":35,\"caption\":\"www.Svalbard.fr\"},\"image\":{\"@id\":\"https:\/\/www.svalbard.fr\/actualites\/#\/schema\/logo\/image\/\"}},{\"@type\":\"Person\",\"@id\":\"https:\/\/www.svalbard.fr\/actualites\/#\/schema\/person\/a2f937d5712222366738fae98755c600\",\"name\":\"Hilmar\",\"image\":{\"@type\":\"ImageObject\",\"inLanguage\":\"fr-FR\",\"@id\":\"https:\/\/www.svalbard.fr\/actualites\/#\/schema\/person\/image\/\",\"url\":\"https:\/\/secure.gravatar.com\/avatar\/4daa437093476dbc32da415c112b6512?s=96&d=mm&r=g\",\"contentUrl\":\"https:\/\/secure.gravatar.com\/avatar\/4daa437093476dbc32da415c112b6512?s=96&d=mm&r=g\",\"caption\":\"Hilmar\"},\"description\":\"Hilmar est un passionn\u00e9 des r\u00e9gions polaires, sp\u00e9cialis\u00e9 dans la r\u00e9daction d'articles sur le Spitzberg et autres destinations arctiques. Il apporte son expertise et sa passion pour l'Arctique au sein de l'\u00e9quipe de r\u00e9daction de Svalbard depuis de nombreuses ann\u00e9es.\",\"sameAs\":[\"https:\/\/www.svalbard.fr\/\"]}]}<\/script>\n<!-- \/ Yoast SEO plugin. -->","yoast_head_json":{"title":"10 faits sur l&#39;histoire et la culture sami","robots":{"index":"index","follow":"follow","max-snippet":"max-snippet:-1","max-image-preview":"max-image-preview:large","max-video-preview":"max-video-preview:-1"},"canonical":"https:\/\/www.svalbard.fr\/actualites\/10-faits-sur-lhistoire-et-la-culture-sami\/","og_locale":"fr_FR","og_type":"article","og_title":"10 faits sur l&#39;histoire et la culture sami","og_description":"Des traditions anciennes \u00e0 l\u2019influence politique moderne, la culture s\u00e2me joue un r\u00f4le central dans le nord de la Norv\u00e8ge. Voici ce que vous devez","og_url":"https:\/\/www.svalbard.fr\/actualites\/10-faits-sur-lhistoire-et-la-culture-sami\/","og_site_name":"www.Svalbard.fr","article_published_time":"2025-12-22T09:56:19+00:00","og_image":[{"url":"https:\/\/www.svalbard.fr\/actualites\/wp-content\/uploads\/2025\/12\/10-faits-sur-l39histoire-et-la-culture-sami.jpg"}],"author":"Hilmar","twitter_card":"summary_large_image","twitter_misc":{"\u00c9crit par":"Hilmar","Dur\u00e9e de lecture estim\u00e9e":"9 minutes"},"schema":{"@context":"https:\/\/schema.org","@graph":[{"@type":"Article","@id":"https:\/\/www.svalbard.fr\/actualites\/10-faits-sur-lhistoire-et-la-culture-sami\/#article","isPartOf":{"@id":"https:\/\/www.svalbard.fr\/actualites\/10-faits-sur-lhistoire-et-la-culture-sami\/"},"author":{"name":"Hilmar","@id":"https:\/\/www.svalbard.fr\/actualites\/#\/schema\/person\/a2f937d5712222366738fae98755c600"},"headline":"10 faits sur l&#39;histoire et la culture sami","datePublished":"2025-12-22T09:56:19+00:00","dateModified":"2025-12-22T09:56:19+00:00","mainEntityOfPage":{"@id":"https:\/\/www.svalbard.fr\/actualites\/10-faits-sur-lhistoire-et-la-culture-sami\/"},"wordCount":1902,"publisher":{"@id":"https:\/\/www.svalbard.fr\/actualites\/#organization"},"keywords":["culture","faits","l39histoire","sami","sur"],"inLanguage":"fr-FR"},{"@type":"WebPage","@id":"https:\/\/www.svalbard.fr\/actualites\/10-faits-sur-lhistoire-et-la-culture-sami\/","url":"https:\/\/www.svalbard.fr\/actualites\/10-faits-sur-lhistoire-et-la-culture-sami\/","name":"10 faits sur l&#39;histoire et la culture sami","isPartOf":{"@id":"https:\/\/www.svalbard.fr\/actualites\/#website"},"datePublished":"2025-12-22T09:56:19+00:00","dateModified":"2025-12-22T09:56:19+00:00","breadcrumb":{"@id":"https:\/\/www.svalbard.fr\/actualites\/10-faits-sur-lhistoire-et-la-culture-sami\/#breadcrumb"},"inLanguage":"fr-FR","potentialAction":[{"@type":"ReadAction","target":["https:\/\/www.svalbard.fr\/actualites\/10-faits-sur-lhistoire-et-la-culture-sami\/"]}]},{"@type":"BreadcrumbList","@id":"https:\/\/www.svalbard.fr\/actualites\/10-faits-sur-lhistoire-et-la-culture-sami\/#breadcrumb","itemListElement":[{"@type":"ListItem","position":1,"name":"Accueil","item":"https:\/\/www.svalbard.fr\/actualites\/"},{"@type":"ListItem","position":2,"name":"10 faits sur l&#39;histoire et la culture sami"}]},{"@type":"WebSite","@id":"https:\/\/www.svalbard.fr\/actualites\/#website","url":"https:\/\/www.svalbard.fr\/actualites\/","name":"www.Svalbard.fr","description":"","publisher":{"@id":"https:\/\/www.svalbard.fr\/actualites\/#organization"},"potentialAction":[{"@type":"SearchAction","target":{"@type":"EntryPoint","urlTemplate":"https:\/\/www.svalbard.fr\/actualites\/?s={search_term_string}"},"query-input":"required name=search_term_string"}],"inLanguage":"fr-FR"},{"@type":"Organization","@id":"https:\/\/www.svalbard.fr\/actualites\/#organization","name":"www.Svalbard.fr","url":"https:\/\/www.svalbard.fr\/actualites\/","logo":{"@type":"ImageObject","inLanguage":"fr-FR","@id":"https:\/\/www.svalbard.fr\/actualites\/#\/schema\/logo\/image\/","url":"https:\/\/www.svalbard.fr\/actualites\/wp-content\/uploads\/2023\/09\/head-nom.jpg","contentUrl":"https:\/\/www.svalbard.fr\/actualites\/wp-content\/uploads\/2023\/09\/head-nom.jpg","width":264,"height":35,"caption":"www.Svalbard.fr"},"image":{"@id":"https:\/\/www.svalbard.fr\/actualites\/#\/schema\/logo\/image\/"}},{"@type":"Person","@id":"https:\/\/www.svalbard.fr\/actualites\/#\/schema\/person\/a2f937d5712222366738fae98755c600","name":"Hilmar","image":{"@type":"ImageObject","inLanguage":"fr-FR","@id":"https:\/\/www.svalbard.fr\/actualites\/#\/schema\/person\/image\/","url":"https:\/\/secure.gravatar.com\/avatar\/4daa437093476dbc32da415c112b6512?s=96&d=mm&r=g","contentUrl":"https:\/\/secure.gravatar.com\/avatar\/4daa437093476dbc32da415c112b6512?s=96&d=mm&r=g","caption":"Hilmar"},"description":"Hilmar est un passionn\u00e9 des r\u00e9gions polaires, sp\u00e9cialis\u00e9 dans la r\u00e9daction d'articles sur le Spitzberg et autres destinations arctiques. Il apporte son expertise et sa passion pour l'Arctique au sein de l'\u00e9quipe de r\u00e9daction de Svalbard depuis de nombreuses ann\u00e9es.","sameAs":["https:\/\/www.svalbard.fr\/"]}]}},"_links":{"self":[{"href":"https:\/\/www.svalbard.fr\/actualites\/wp-json\/wp\/v2\/posts\/5149"}],"collection":[{"href":"https:\/\/www.svalbard.fr\/actualites\/wp-json\/wp\/v2\/posts"}],"about":[{"href":"https:\/\/www.svalbard.fr\/actualites\/wp-json\/wp\/v2\/types\/post"}],"author":[{"embeddable":true,"href":"https:\/\/www.svalbard.fr\/actualites\/wp-json\/wp\/v2\/users\/1"}],"replies":[{"embeddable":true,"href":"https:\/\/www.svalbard.fr\/actualites\/wp-json\/wp\/v2\/comments?post=5149"}],"version-history":[{"count":0,"href":"https:\/\/www.svalbard.fr\/actualites\/wp-json\/wp\/v2\/posts\/5149\/revisions"}],"wp:featuredmedia":[{"embeddable":true,"href":"https:\/\/www.svalbard.fr\/actualites\/wp-json\/wp\/v2\/media\/5150"}],"wp:attachment":[{"href":"https:\/\/www.svalbard.fr\/actualites\/wp-json\/wp\/v2\/media?parent=5149"}],"wp:term":[{"taxonomy":"category","embeddable":true,"href":"https:\/\/www.svalbard.fr\/actualites\/wp-json\/wp\/v2\/categories?post=5149"},{"taxonomy":"post_tag","embeddable":true,"href":"https:\/\/www.svalbard.fr\/actualites\/wp-json\/wp\/v2\/tags?post=5149"}],"curies":[{"name":"wp","href":"https:\/\/api.w.org\/{rel}","templated":true}]}}